{"id":27666,"date":"2025-03-13T08:42:35","date_gmt":"2025-03-13T07:42:35","guid":{"rendered":"https:\/\/radioleinewelle.de\/?p=27666"},"modified":"2025-03-13T08:42:37","modified_gmt":"2025-03-13T07:42:37","slug":"unfall-mit-fahrerflucht-bei-meensen","status":"publish","type":"post","link":"https:\/\/radioleinewelle.de\/index.php\/2025\/03\/13\/unfall-mit-fahrerflucht-bei-meensen\/","title":{"rendered":"Unfall mit Fahrerflucht bei Meensen"},"content":{"rendered":"\n<p>Auf der K206 zwischen den Ortschaften Hedem\u00fcnden und Meensen im Landkreis G\u00f6ttingen soll ein unbekannter Fahrer eines wei\u00dfen SUV im Kurvenbereich das Rechtsfahrgebot missachtet und dabei einen entgegen kommenden Mercedes Benz Vito zum Ausweichen gezwungen haben. Dessen Fahrer verletzte sich beim Aufprall in den Stra\u00dfengraben leicht.<\/p>\n\n\n\n<p>Der Unfall ereignete sich am vergangenen Mittwoch den 05.03.2025 um 17.25 Uhr. Der bislang unbekannte wei\u00dfe SUV befuhr die K206 von Hedem\u00fcnden kommend in Richtung Meensen im Kurvenbereich vollst\u00e4ndig auf der Gegenfahrbahn. In diesem Moment begegnete ihm der 18-J\u00e4hrige Fahrer eines Mercedes Vito aus dem Landkreis Witzenhausen, der die K206 von Meensen in Richtung Hedem\u00fcnden befuhr. Um eine Kollision zu verhindern, wich er dem SUV geistesgegenw\u00e4rtig nach rechts aus und verlor dabei die Kontrolle \u00fcber seinen Vito. Dabei schlug er im angrenzenden Stra\u00dfengraben ein und verletzte sich leicht.<\/p>\n\n\n\n<p>Der Fahrer des SUV setzte seine Fahrt unterdessen unvermindert fort, ohne sich um den Verunfallten zu k\u00fcmmern. Nachfolgende Verkehrsteilnehmer wurden auf den Unfallwagen aufmerksam und verst\u00e4ndigten Rettungsdienst und Polizei.<\/p>\n\n\n\n<p>Zeugen fiel der wei\u00dfe SUV wenig sp\u00e4ter in der Ortschaft Meensen auf. Dessen Fahrer wurde auf ca. 50 Jahre gesch\u00e4tzt und hatte graue Haare. Zu seinem Fahrzeug liegen aktuell keine weiteren Informationen vor. Am Mercedes entstand ersten Sch\u00e4tzungen zur Folge ein Schaden von 10.000 Euro. Der 18-J\u00e4hrige Vito-Fahrer begab sich nach der Unfallaufnahme selbst\u00e4ndig in \u00e4rztliche Behandlung.<\/p>\n\n\n\n<p>Zeugen des Vorfalls oder sonstige sachdienliche Hinweise zur Herkunft oder dem Verbleib des wei\u00dfen SUV, nimmt die Polizei in Hann. M\u00fcnden unter Telefon 05541\/9510 entgegen.<\/p>\n","protected":false},"excerpt":{"rendered":"<p>Auf der K206 zwischen den Ortschaften Hedem\u00fcnden und Meensen im Landkreis G\u00f6ttingen soll ein unbekannter Fahrer eines wei\u00dfen SUV im Kurvenbereich das Rechtsfahrgebot missachtet und dabei einen entgegen kommenden Mercedes Benz Vito zum Ausweichen gezwungen haben. Dessen Fahrer verletzte sich beim Aufprall in den Stra\u00dfengraben leicht. Der Unfall ereignete sich am vergangenen Mittwoch den 05.03.2025 [&hellip;]<\/p>\n","protected":false},"author":1,"featured_media":25808,"comment_status":"open","ping_status":"open","sticky":false,"template":"","format":"standard","meta":{"saved_in_kubio":false,"footnotes":""},"categories":[24],"tags":[],"class_list":["post-27666","post","type-post","status-publish","format-standard","has-post-thumbnail","hentry","category-news"],"yoast_head":"<!-- This site is optimized with the Yoast SEO plugin v27.4 - https:\/\/yoast.com\/product\/yoast-seo-wordpress\/ -->\n<title>Unfall mit Fahrerflucht bei Meensen - Radio Leinewelle<\/title>\n<meta name=\"robots\" content=\"index, follow, max-snippet:-1, max-image-preview:large, max-video-preview:-1\" \/>\n<link rel=\"canonical\" href=\"https:\/\/radioleinewelle.de\/index.php\/2025\/03\/13\/unfall-mit-fahrerflucht-bei-meensen\/\" \/>\n<meta property=\"og:locale\" content=\"de_DE\" \/>\n<meta property=\"og:type\" content=\"article\" \/>\n<meta property=\"og:title\" content=\"Unfall mit Fahrerflucht bei Meensen - Radio Leinewelle\" \/>\n<meta property=\"og:description\" content=\"Auf der K206 zwischen den Ortschaften Hedem\u00fcnden und Meensen im Landkreis G\u00f6ttingen soll ein unbekannter Fahrer eines wei\u00dfen SUV im Kurvenbereich das Rechtsfahrgebot missachtet und dabei einen entgegen kommenden Mercedes Benz Vito zum Ausweichen gezwungen haben. Dessen Fahrer verletzte sich beim Aufprall in den Stra\u00dfengraben leicht. Der Unfall ereignete sich am vergangenen Mittwoch den 05.03.2025 [&hellip;]\" \/>\n<meta property=\"og:url\" content=\"https:\/\/radioleinewelle.de\/index.php\/2025\/03\/13\/unfall-mit-fahrerflucht-bei-meensen\/\" \/>\n<meta property=\"og:site_name\" content=\"Radio Leinewelle\" \/>\n<meta property=\"article:publisher\" content=\"https:\/\/www.facebook.com\/radioleinewelle\" \/>\n<meta property=\"article:author\" content=\"https:\/\/www.facebook.com\/radioleinewelle\" \/>\n<meta property=\"article:published_time\" content=\"2025-03-13T07:42:35+00:00\" \/>\n<meta property=\"article:modified_time\" content=\"2025-03-13T07:42:37+00:00\" \/>\n<meta property=\"og:image\" content=\"https:\/\/radioleinewelle.de\/wp-content\/uploads\/2024\/07\/police-974410_1280.jpg\" \/>\n\t<meta property=\"og:image:width\" content=\"1280\" \/>\n\t<meta property=\"og:image:height\" content=\"853\" \/>\n\t<meta property=\"og:image:type\" content=\"image\/jpeg\" \/>\n<meta name=\"author\" content=\"Leinewelle\" \/>\n<meta name=\"twitter:card\" content=\"summary_large_image\" \/>\n<meta name=\"twitter:creator\" content=\"@https:\/\/twitter.com\/RLeinewelle?ref_src=twsrcgoogletwcampserptwgrauthor\" \/>\n<meta name=\"twitter:site\" content=\"@RLeinewelle\" \/>\n<meta name=\"twitter:label1\" content=\"Verfasst von\" \/>\n\t<meta name=\"twitter:data1\" content=\"Leinewelle\" \/>\n\t<meta name=\"twitter:label2\" content=\"Gesch\u00e4tzte Lesezeit\" \/>\n\t<meta name=\"twitter:data2\" content=\"2\u00a0Minuten\" \/>\n<script type=\"application\/ld+json\" class=\"yoast-schema-graph\">{\"@context\":\"https:\\\/\\\/schema.org\",\"@graph\":[{\"@type\":\"Article\",\"@id\":\"https:\\\/\\\/radioleinewelle.de\\\/index.php\\\/2025\\\/03\\\/13\\\/unfall-mit-fahrerflucht-bei-meensen\\\/#article\",\"isPartOf\":{\"@id\":\"https:\\\/\\\/radioleinewelle.de\\\/index.php\\\/2025\\\/03\\\/13\\\/unfall-mit-fahrerflucht-bei-meensen\\\/\"},\"author\":{\"name\":\"Leinewelle\",\"@id\":\"https:\\\/\\\/radioleinewelle.de\\\/#\\\/schema\\\/person\\\/45606f348637df637192dc1b68399a63\"},\"headline\":\"Unfall mit Fahrerflucht bei Meensen\",\"datePublished\":\"2025-03-13T07:42:35+00:00\",\"dateModified\":\"2025-03-13T07:42:37+00:00\",\"mainEntityOfPage\":{\"@id\":\"https:\\\/\\\/radioleinewelle.de\\\/index.php\\\/2025\\\/03\\\/13\\\/unfall-mit-fahrerflucht-bei-meensen\\\/\"},\"wordCount\":266,\"commentCount\":0,\"publisher\":{\"@id\":\"https:\\\/\\\/radioleinewelle.de\\\/#organization\"},\"image\":{\"@id\":\"https:\\\/\\\/radioleinewelle.de\\\/index.php\\\/2025\\\/03\\\/13\\\/unfall-mit-fahrerflucht-bei-meensen\\\/#primaryimage\"},\"thumbnailUrl\":\"https:\\\/\\\/radioleinewelle.de\\\/wp-content\\\/uploads\\\/2024\\\/07\\\/police-974410_1280.jpg\",\"articleSection\":[\"Aktuelle Nachrichten\"],\"inLanguage\":\"de\",\"potentialAction\":[{\"@type\":\"CommentAction\",\"name\":\"Comment\",\"target\":[\"https:\\\/\\\/radioleinewelle.de\\\/index.php\\\/2025\\\/03\\\/13\\\/unfall-mit-fahrerflucht-bei-meensen\\\/#respond\"]}]},{\"@type\":\"WebPage\",\"@id\":\"https:\\\/\\\/radioleinewelle.de\\\/index.php\\\/2025\\\/03\\\/13\\\/unfall-mit-fahrerflucht-bei-meensen\\\/\",\"url\":\"https:\\\/\\\/radioleinewelle.de\\\/index.php\\\/2025\\\/03\\\/13\\\/unfall-mit-fahrerflucht-bei-meensen\\\/\",\"name\":\"Unfall mit Fahrerflucht bei Meensen - Radio Leinewelle\",\"isPartOf\":{\"@id\":\"https:\\\/\\\/radioleinewelle.de\\\/#website\"},\"primaryImageOfPage\":{\"@id\":\"https:\\\/\\\/radioleinewelle.de\\\/index.php\\\/2025\\\/03\\\/13\\\/unfall-mit-fahrerflucht-bei-meensen\\\/#primaryimage\"},\"image\":{\"@id\":\"https:\\\/\\\/radioleinewelle.de\\\/index.php\\\/2025\\\/03\\\/13\\\/unfall-mit-fahrerflucht-bei-meensen\\\/#primaryimage\"},\"thumbnailUrl\":\"https:\\\/\\\/radioleinewelle.de\\\/wp-content\\\/uploads\\\/2024\\\/07\\\/police-974410_1280.jpg\",\"datePublished\":\"2025-03-13T07:42:35+00:00\",\"dateModified\":\"2025-03-13T07:42:37+00:00\",\"breadcrumb\":{\"@id\":\"https:\\\/\\\/radioleinewelle.de\\\/index.php\\\/2025\\\/03\\\/13\\\/unfall-mit-fahrerflucht-bei-meensen\\\/#breadcrumb\"},\"inLanguage\":\"de\",\"potentialAction\":[{\"@type\":\"ReadAction\",\"target\":[\"https:\\\/\\\/radioleinewelle.de\\\/index.php\\\/2025\\\/03\\\/13\\\/unfall-mit-fahrerflucht-bei-meensen\\\/\"]}]},{\"@type\":\"ImageObject\",\"inLanguage\":\"de\",\"@id\":\"https:\\\/\\\/radioleinewelle.de\\\/index.php\\\/2025\\\/03\\\/13\\\/unfall-mit-fahrerflucht-bei-meensen\\\/#primaryimage\",\"url\":\"https:\\\/\\\/radioleinewelle.de\\\/wp-content\\\/uploads\\\/2024\\\/07\\\/police-974410_1280.jpg\",\"contentUrl\":\"https:\\\/\\\/radioleinewelle.de\\\/wp-content\\\/uploads\\\/2024\\\/07\\\/police-974410_1280.jpg\",\"width\":1280,\"height\":853},{\"@type\":\"BreadcrumbList\",\"@id\":\"https:\\\/\\\/radioleinewelle.de\\\/index.php\\\/2025\\\/03\\\/13\\\/unfall-mit-fahrerflucht-bei-meensen\\\/#breadcrumb\",\"itemListElement\":[{\"@type\":\"ListItem\",\"position\":1,\"name\":\"Startseite\",\"item\":\"https:\\\/\\\/radioleinewelle.de\\\/\"},{\"@type\":\"ListItem\",\"position\":2,\"name\":\"Unfall mit Fahrerflucht bei Meensen\"}]},{\"@type\":\"WebSite\",\"@id\":\"https:\\\/\\\/radioleinewelle.de\\\/#website\",\"url\":\"https:\\\/\\\/radioleinewelle.de\\\/\",\"name\":\"Radio Leinewelle\",\"description\":\"\",\"publisher\":{\"@id\":\"https:\\\/\\\/radioleinewelle.de\\\/#organization\"},\"potentialAction\":[{\"@type\":\"SearchAction\",\"target\":{\"@type\":\"EntryPoint\",\"urlTemplate\":\"https:\\\/\\\/radioleinewelle.de\\\/?s={search_term_string}\"},\"query-input\":{\"@type\":\"PropertyValueSpecification\",\"valueRequired\":true,\"valueName\":\"search_term_string\"}}],\"inLanguage\":\"de\"},{\"@type\":\"Organization\",\"@id\":\"https:\\\/\\\/radioleinewelle.de\\\/#organization\",\"name\":\"Radio Leinewelle\",\"alternateName\":\"Mein Radio f\u00fcr S\u00fcdniedersachsen\",\"url\":\"https:\\\/\\\/radioleinewelle.de\\\/\",\"logo\":{\"@type\":\"ImageObject\",\"inLanguage\":\"de\",\"@id\":\"https:\\\/\\\/radioleinewelle.de\\\/#\\\/schema\\\/logo\\\/image\\\/\",\"url\":\"https:\\\/\\\/radioleinewelle.de\\\/wp-content\\\/uploads\\\/2023\\\/11\\\/cropped-Leinewelle_Logo_weiss.png\",\"contentUrl\":\"https:\\\/\\\/radioleinewelle.de\\\/wp-content\\\/uploads\\\/2023\\\/11\\\/cropped-Leinewelle_Logo_weiss.png\",\"width\":854,\"height\":260,\"caption\":\"Radio Leinewelle\"},\"image\":{\"@id\":\"https:\\\/\\\/radioleinewelle.de\\\/#\\\/schema\\\/logo\\\/image\\\/\"},\"sameAs\":[\"https:\\\/\\\/www.facebook.com\\\/radioleinewelle\",\"https:\\\/\\\/x.com\\\/RLeinewelle\",\"https:\\\/\\\/www.instagram.com\\\/radioleinewelle\\\/?hl=de\"]},{\"@type\":\"Person\",\"@id\":\"https:\\\/\\\/radioleinewelle.de\\\/#\\\/schema\\\/person\\\/45606f348637df637192dc1b68399a63\",\"name\":\"Leinewelle\",\"image\":{\"@type\":\"ImageObject\",\"inLanguage\":\"de\",\"@id\":\"https:\\\/\\\/secure.gravatar.com\\\/avatar\\\/05c9a17bc973052ee5d91549bd32fb4dd0dc85b7b85ae94b2e2b4943476bbea5?s=96&d=blank&r=g\",\"url\":\"https:\\\/\\\/secure.gravatar.com\\\/avatar\\\/05c9a17bc973052ee5d91549bd32fb4dd0dc85b7b85ae94b2e2b4943476bbea5?s=96&d=blank&r=g\",\"contentUrl\":\"https:\\\/\\\/secure.gravatar.com\\\/avatar\\\/05c9a17bc973052ee5d91549bd32fb4dd0dc85b7b85ae94b2e2b4943476bbea5?s=96&d=blank&r=g\",\"caption\":\"Leinewelle\"},\"sameAs\":[\"http:\\\/\\\/localhost\\\/radio%20leinewelle\\\/wordpress\",\"https:\\\/\\\/www.facebook.com\\\/radioleinewelle\",\"https:\\\/\\\/www.instagram.com\\\/radioleinewelle\",\"https:\\\/\\\/x.com\\\/https:\\\/\\\/twitter.com\\\/RLeinewelle?ref_src=twsrcgoogletwcampserptwgrauthor\",\"https:\\\/\\\/soundcloud.com\\\/foerderverein-lokalradio?utm_source=clipboard&utm_medium=text&utm_campaign=social_sharing\"],\"url\":\"https:\\\/\\\/radioleinewelle.de\\\/index.php\\\/author\\\/leinewelle\\\/\"}]}<\/script>\n<!-- \/ Yoast SEO plugin. -->","yoast_head_json":{"title":"Unfall mit Fahrerflucht bei Meensen - Radio Leinewelle","robots":{"index":"index","follow":"follow","max-snippet":"max-snippet:-1","max-image-preview":"max-image-preview:large","max-video-preview":"max-video-preview:-1"},"canonical":"https:\/\/radioleinewelle.de\/index.php\/2025\/03\/13\/unfall-mit-fahrerflucht-bei-meensen\/","og_locale":"de_DE","og_type":"article","og_title":"Unfall mit Fahrerflucht bei Meensen - Radio Leinewelle","og_description":"Auf der K206 zwischen den Ortschaften Hedem\u00fcnden und Meensen im Landkreis G\u00f6ttingen soll ein unbekannter Fahrer eines wei\u00dfen SUV im Kurvenbereich das Rechtsfahrgebot missachtet und dabei einen entgegen kommenden Mercedes Benz Vito zum Ausweichen gezwungen haben. Dessen Fahrer verletzte sich beim Aufprall in den Stra\u00dfengraben leicht. Der Unfall ereignete sich am vergangenen Mittwoch den 05.03.2025 [&hellip;]","og_url":"https:\/\/radioleinewelle.de\/index.php\/2025\/03\/13\/unfall-mit-fahrerflucht-bei-meensen\/","og_site_name":"Radio Leinewelle","article_publisher":"https:\/\/www.facebook.com\/radioleinewelle","article_author":"https:\/\/www.facebook.com\/radioleinewelle","article_published_time":"2025-03-13T07:42:35+00:00","article_modified_time":"2025-03-13T07:42:37+00:00","og_image":[{"width":1280,"height":853,"url":"https:\/\/radioleinewelle.de\/wp-content\/uploads\/2024\/07\/police-974410_1280.jpg","type":"image\/jpeg"}],"author":"Leinewelle","twitter_card":"summary_large_image","twitter_creator":"@https:\/\/twitter.com\/RLeinewelle?ref_src=twsrcgoogletwcampserptwgrauthor","twitter_site":"@RLeinewelle","twitter_misc":{"Verfasst von":"Leinewelle","Gesch\u00e4tzte Lesezeit":"2\u00a0Minuten"},"schema":{"@context":"https:\/\/schema.org","@graph":[{"@type":"Article","@id":"https:\/\/radioleinewelle.de\/index.php\/2025\/03\/13\/unfall-mit-fahrerflucht-bei-meensen\/#article","isPartOf":{"@id":"https:\/\/radioleinewelle.de\/index.php\/2025\/03\/13\/unfall-mit-fahrerflucht-bei-meensen\/"},"author":{"name":"Leinewelle","@id":"https:\/\/radioleinewelle.de\/#\/schema\/person\/45606f348637df637192dc1b68399a63"},"headline":"Unfall mit Fahrerflucht bei Meensen","datePublished":"2025-03-13T07:42:35+00:00","dateModified":"2025-03-13T07:42:37+00:00","mainEntityOfPage":{"@id":"https:\/\/radioleinewelle.de\/index.php\/2025\/03\/13\/unfall-mit-fahrerflucht-bei-meensen\/"},"wordCount":266,"commentCount":0,"publisher":{"@id":"https:\/\/radioleinewelle.de\/#organization"},"image":{"@id":"https:\/\/radioleinewelle.de\/index.php\/2025\/03\/13\/unfall-mit-fahrerflucht-bei-meensen\/#primaryimage"},"thumbnailUrl":"https:\/\/radioleinewelle.de\/wp-content\/uploads\/2024\/07\/police-974410_1280.jpg","articleSection":["Aktuelle Nachrichten"],"inLanguage":"de","potentialAction":[{"@type":"CommentAction","name":"Comment","target":["https:\/\/radioleinewelle.de\/index.php\/2025\/03\/13\/unfall-mit-fahrerflucht-bei-meensen\/#respond"]}]},{"@type":"WebPage","@id":"https:\/\/radioleinewelle.de\/index.php\/2025\/03\/13\/unfall-mit-fahrerflucht-bei-meensen\/","url":"https:\/\/radioleinewelle.de\/index.php\/2025\/03\/13\/unfall-mit-fahrerflucht-bei-meensen\/","name":"Unfall mit Fahrerflucht bei Meensen - Radio Leinewelle","isPartOf":{"@id":"https:\/\/radioleinewelle.de\/#website"},"primaryImageOfPage":{"@id":"https:\/\/radioleinewelle.de\/index.php\/2025\/03\/13\/unfall-mit-fahrerflucht-bei-meensen\/#primaryimage"},"image":{"@id":"https:\/\/radioleinewelle.de\/index.php\/2025\/03\/13\/unfall-mit-fahrerflucht-bei-meensen\/#primaryimage"},"thumbnailUrl":"https:\/\/radioleinewelle.de\/wp-content\/uploads\/2024\/07\/police-974410_1280.jpg","datePublished":"2025-03-13T07:42:35+00:00","dateModified":"2025-03-13T07:42:37+00:00","breadcrumb":{"@id":"https:\/\/radioleinewelle.de\/index.php\/2025\/03\/13\/unfall-mit-fahrerflucht-bei-meensen\/#breadcrumb"},"inLanguage":"de","potentialAction":[{"@type":"ReadAction","target":["https:\/\/radioleinewelle.de\/index.php\/2025\/03\/13\/unfall-mit-fahrerflucht-bei-meensen\/"]}]},{"@type":"ImageObject","inLanguage":"de","@id":"https:\/\/radioleinewelle.de\/index.php\/2025\/03\/13\/unfall-mit-fahrerflucht-bei-meensen\/#primaryimage","url":"https:\/\/radioleinewelle.de\/wp-content\/uploads\/2024\/07\/police-974410_1280.jpg","contentUrl":"https:\/\/radioleinewelle.de\/wp-content\/uploads\/2024\/07\/police-974410_1280.jpg","width":1280,"height":853},{"@type":"BreadcrumbList","@id":"https:\/\/radioleinewelle.de\/index.php\/2025\/03\/13\/unfall-mit-fahrerflucht-bei-meensen\/#breadcrumb","itemListElement":[{"@type":"ListItem","position":1,"name":"Startseite","item":"https:\/\/radioleinewelle.de\/"},{"@type":"ListItem","position":2,"name":"Unfall mit Fahrerflucht bei Meensen"}]},{"@type":"WebSite","@id":"https:\/\/radioleinewelle.de\/#website","url":"https:\/\/radioleinewelle.de\/","name":"Radio Leinewelle","description":"","publisher":{"@id":"https:\/\/radioleinewelle.de\/#organization"},"potentialAction":[{"@type":"SearchAction","target":{"@type":"EntryPoint","urlTemplate":"https:\/\/radioleinewelle.de\/?s={search_term_string}"},"query-input":{"@type":"PropertyValueSpecification","valueRequired":true,"valueName":"search_term_string"}}],"inLanguage":"de"},{"@type":"Organization","@id":"https:\/\/radioleinewelle.de\/#organization","name":"Radio Leinewelle","alternateName":"Mein Radio f\u00fcr S\u00fcdniedersachsen","url":"https:\/\/radioleinewelle.de\/","logo":{"@type":"ImageObject","inLanguage":"de","@id":"https:\/\/radioleinewelle.de\/#\/schema\/logo\/image\/","url":"https:\/\/radioleinewelle.de\/wp-content\/uploads\/2023\/11\/cropped-Leinewelle_Logo_weiss.png","contentUrl":"https:\/\/radioleinewelle.de\/wp-content\/uploads\/2023\/11\/cropped-Leinewelle_Logo_weiss.png","width":854,"height":260,"caption":"Radio Leinewelle"},"image":{"@id":"https:\/\/radioleinewelle.de\/#\/schema\/logo\/image\/"},"sameAs":["https:\/\/www.facebook.com\/radioleinewelle","https:\/\/x.com\/RLeinewelle","https:\/\/www.instagram.com\/radioleinewelle\/?hl=de"]},{"@type":"Person","@id":"https:\/\/radioleinewelle.de\/#\/schema\/person\/45606f348637df637192dc1b68399a63","name":"Leinewelle","image":{"@type":"ImageObject","inLanguage":"de","@id":"https:\/\/secure.gravatar.com\/avatar\/05c9a17bc973052ee5d91549bd32fb4dd0dc85b7b85ae94b2e2b4943476bbea5?s=96&d=blank&r=g","url":"https:\/\/secure.gravatar.com\/avatar\/05c9a17bc973052ee5d91549bd32fb4dd0dc85b7b85ae94b2e2b4943476bbea5?s=96&d=blank&r=g","contentUrl":"https:\/\/secure.gravatar.com\/avatar\/05c9a17bc973052ee5d91549bd32fb4dd0dc85b7b85ae94b2e2b4943476bbea5?s=96&d=blank&r=g","caption":"Leinewelle"},"sameAs":["http:\/\/localhost\/radio%20leinewelle\/wordpress","https:\/\/www.facebook.com\/radioleinewelle","https:\/\/www.instagram.com\/radioleinewelle","https:\/\/x.com\/https:\/\/twitter.com\/RLeinewelle?ref_src=twsrcgoogletwcampserptwgrauthor","https:\/\/soundcloud.com\/foerderverein-lokalradio?utm_source=clipboard&utm_medium=text&utm_campaign=social_sharing"],"url":"https:\/\/radioleinewelle.de\/index.php\/author\/leinewelle\/"}]}},"_links":{"self":[{"href":"https:\/\/radioleinewelle.de\/index.php\/wp-json\/wp\/v2\/posts\/27666","targetHints":{"allow":["GET"]}}],"collection":[{"href":"https:\/\/radioleinewelle.de\/index.php\/wp-json\/wp\/v2\/posts"}],"about":[{"href":"https:\/\/radioleinewelle.de\/index.php\/wp-json\/wp\/v2\/types\/post"}],"author":[{"embeddable":true,"href":"https:\/\/radioleinewelle.de\/index.php\/wp-json\/wp\/v2\/users\/1"}],"replies":[{"embeddable":true,"href":"https:\/\/radioleinewelle.de\/index.php\/wp-json\/wp\/v2\/comments?post=27666"}],"version-history":[{"count":2,"href":"https:\/\/radioleinewelle.de\/index.php\/wp-json\/wp\/v2\/posts\/27666\/revisions"}],"predecessor-version":[{"id":27668,"href":"https:\/\/radioleinewelle.de\/index.php\/wp-json\/wp\/v2\/posts\/27666\/revisions\/27668"}],"wp:featuredmedia":[{"embeddable":true,"href":"https:\/\/radioleinewelle.de\/index.php\/wp-json\/wp\/v2\/media\/25808"}],"wp:attachment":[{"href":"https:\/\/radioleinewelle.de\/index.php\/wp-json\/wp\/v2\/media?parent=27666"}],"wp:term":[{"taxonomy":"category","embeddable":true,"href":"https:\/\/radioleinewelle.de\/index.php\/wp-json\/wp\/v2\/categories?post=27666"},{"taxonomy":"post_tag","embeddable":true,"href":"https:\/\/radioleinewelle.de\/index.php\/wp-json\/wp\/v2\/tags?post=27666"}],"curies":[{"name":"wp","href":"https:\/\/api.w.org\/{rel}","templated":true}]}}