{"id":27669,"date":"2025-03-12T08:47:45","date_gmt":"2025-03-12T07:47:45","guid":{"rendered":"https:\/\/radioleinewelle.de\/?p=27669"},"modified":"2025-03-13T08:51:00","modified_gmt":"2025-03-13T07:51:00","slug":"wegen-warnstreik-keine-abfallanlieferung-in-deiderode-moeglich","status":"publish","type":"post","link":"https:\/\/radioleinewelle.de\/index.php\/2025\/03\/12\/wegen-warnstreik-keine-abfallanlieferung-in-deiderode-moeglich\/","title":{"rendered":"Wegen Warnstreik keine Abfallanlieferung in Deiderode m\u00f6glich"},"content":{"rendered":"\n<h1 class=\"wp-block-heading\"><\/h1>\n\n\n\n<p>Abfallanlieferungen zur Entsorgungsanlage und dem Recyclinghof Deiderode sind von Mittwoch bis Freitag, 12. bis 14.03.2025, nach derzeitigem Kenntnisstand nicht m\u00f6glich. Grund hierf\u00fcr ist ein Warnstreik.<\/p>\n\n\n\n<p>Die Entsorgungsanlagen in Breitenberg und Dransfeld bleiben nach aktueller Einsch\u00e4tzung ge\u00f6ffnet. Die Leerung der Komposttonnen ist damit gesichert. Dort sind auch Anlieferungen von Boden und Bauschutt sowie von Gr\u00fcnabf\u00e4llen m\u00f6glich. Es k\u00f6nnen Wartezeiten auftreten.<\/p>\n\n\n\n<p>Die Entsorgungsanlage Hattorf am Harz ist in diesem Zeitraum nach derzeitigem Kenntnisstand ge\u00f6ffnet. Damit ist auch dort die Anlieferung von Abf\u00e4llen m\u00f6glich. Auch hier k\u00f6nnen Wartezeiten auftreten.<\/p>\n\n\n\n<p><a href=\"https:\/\/www.landkreisgoettingen.de\/themen-leistungen\/abfall-entsorgung\/abfallwirtschaft\/recyclinghoefe-deponien-und-kompostanlagen\">Alle Entsorgungsanlagen<\/a>&nbsp;werden nach dem Warnstreik wieder zu den gewohnten \u00d6ffnungszeiten f\u00fcr Anlieferungen zur Verf\u00fcgung stehen.<\/p>\n\n\n\n<p><strong>Der Warnstreik kann insgesamt Auswirkungen auf die Leerung der Restabfallbeh\u00e4lter beziehungsweise die Abholung vom Sperrm\u00fcll haben.<\/strong> M\u00f6glicherweise bleiben einige Restabfallbeh\u00e4lter gef\u00fcllt stehen. Diese Beh\u00e4lter werden bei der n\u00e4chsten regul\u00e4ren Leerung wieder geleert. In diesen F\u00e4llen k\u00f6nnen handels\u00fcbliche S\u00e4cke mit den aufgelaufenen Abf\u00e4llen zur Abfuhr mit bereitgestellt werden. Sofern Sperrm\u00fcllabfuhrtermine nicht eingehalten werden, werden diese Abfuhren nachgeholt.<\/p>\n","protected":false},"excerpt":{"rendered":"<p>Abfallanlieferungen zur Entsorgungsanlage und dem Recyclinghof Deiderode sind von Mittwoch bis Freitag, 12. bis 14.03.2025, nach derzeitigem Kenntnisstand nicht m\u00f6glich. Grund hierf\u00fcr ist ein Warnstreik. Die Entsorgungsanlagen in Breitenberg und Dransfeld bleiben nach aktueller Einsch\u00e4tzung ge\u00f6ffnet. Die Leerung der Komposttonnen ist damit gesichert. Dort sind auch Anlieferungen von Boden und Bauschutt sowie von Gr\u00fcnabf\u00e4llen m\u00f6glich. [&hellip;]<\/p>\n","protected":false},"author":1,"featured_media":24526,"comment_status":"open","ping_status":"open","sticky":false,"template":"","format":"standard","meta":{"saved_in_kubio":false,"footnotes":""},"categories":[24],"tags":[],"class_list":["post-27669","post","type-post","status-publish","format-standard","has-post-thumbnail","hentry","category-news"],"yoast_head":"<!-- This site is optimized with the Yoast SEO plugin v27.4 - https:\/\/yoast.com\/product\/yoast-seo-wordpress\/ -->\n<title>Wegen Warnstreik keine Abfallanlieferung in Deiderode m\u00f6glich - Radio Leinewelle<\/title>\n<meta name=\"robots\" content=\"index, follow, max-snippet:-1, max-image-preview:large, max-video-preview:-1\" \/>\n<link rel=\"canonical\" href=\"https:\/\/radioleinewelle.de\/index.php\/2025\/03\/12\/wegen-warnstreik-keine-abfallanlieferung-in-deiderode-moeglich\/\" \/>\n<meta property=\"og:locale\" content=\"de_DE\" \/>\n<meta property=\"og:type\" content=\"article\" \/>\n<meta property=\"og:title\" content=\"Wegen Warnstreik keine Abfallanlieferung in Deiderode m\u00f6glich - Radio Leinewelle\" \/>\n<meta property=\"og:description\" content=\"Abfallanlieferungen zur Entsorgungsanlage und dem Recyclinghof Deiderode sind von Mittwoch bis Freitag, 12. bis 14.03.2025, nach derzeitigem Kenntnisstand nicht m\u00f6glich. Grund hierf\u00fcr ist ein Warnstreik. Die Entsorgungsanlagen in Breitenberg und Dransfeld bleiben nach aktueller Einsch\u00e4tzung ge\u00f6ffnet. Die Leerung der Komposttonnen ist damit gesichert. Dort sind auch Anlieferungen von Boden und Bauschutt sowie von Gr\u00fcnabf\u00e4llen m\u00f6glich. [&hellip;]\" \/>\n<meta property=\"og:url\" content=\"https:\/\/radioleinewelle.de\/index.php\/2025\/03\/12\/wegen-warnstreik-keine-abfallanlieferung-in-deiderode-moeglich\/\" \/>\n<meta property=\"og:site_name\" content=\"Radio Leinewelle\" \/>\n<meta property=\"article:publisher\" content=\"https:\/\/www.facebook.com\/radioleinewelle\" \/>\n<meta property=\"article:author\" content=\"https:\/\/www.facebook.com\/radioleinewelle\" \/>\n<meta property=\"article:published_time\" content=\"2025-03-12T07:47:45+00:00\" \/>\n<meta property=\"article:modified_time\" content=\"2025-03-13T07:51:00+00:00\" \/>\n<meta property=\"og:image\" content=\"https:\/\/radioleinewelle.de\/wp-content\/uploads\/2023\/11\/Warnstreik-Plakat-ue.jpg\" \/>\n\t<meta property=\"og:image:width\" content=\"1512\" \/>\n\t<meta property=\"og:image:height\" content=\"1545\" \/>\n\t<meta property=\"og:image:type\" content=\"image\/jpeg\" \/>\n<meta name=\"author\" content=\"Leinewelle\" \/>\n<meta name=\"twitter:card\" content=\"summary_large_image\" \/>\n<meta name=\"twitter:creator\" content=\"@https:\/\/twitter.com\/RLeinewelle?ref_src=twsrcgoogletwcampserptwgrauthor\" \/>\n<meta name=\"twitter:site\" content=\"@RLeinewelle\" \/>\n<meta name=\"twitter:label1\" content=\"Verfasst von\" \/>\n\t<meta name=\"twitter:data1\" content=\"Leinewelle\" \/>\n\t<meta name=\"twitter:label2\" content=\"Gesch\u00e4tzte Lesezeit\" \/>\n\t<meta name=\"twitter:data2\" content=\"2\u00a0Minuten\" \/>\n<script type=\"application\/ld+json\" class=\"yoast-schema-graph\">{\"@context\":\"https:\\\/\\\/schema.org\",\"@graph\":[{\"@type\":\"Article\",\"@id\":\"https:\\\/\\\/radioleinewelle.de\\\/index.php\\\/2025\\\/03\\\/12\\\/wegen-warnstreik-keine-abfallanlieferung-in-deiderode-moeglich\\\/#article\",\"isPartOf\":{\"@id\":\"https:\\\/\\\/radioleinewelle.de\\\/index.php\\\/2025\\\/03\\\/12\\\/wegen-warnstreik-keine-abfallanlieferung-in-deiderode-moeglich\\\/\"},\"author\":{\"name\":\"Leinewelle\",\"@id\":\"https:\\\/\\\/radioleinewelle.de\\\/#\\\/schema\\\/person\\\/45606f348637df637192dc1b68399a63\"},\"headline\":\"Wegen Warnstreik keine Abfallanlieferung in Deiderode m\u00f6glich\",\"datePublished\":\"2025-03-12T07:47:45+00:00\",\"dateModified\":\"2025-03-13T07:51:00+00:00\",\"mainEntityOfPage\":{\"@id\":\"https:\\\/\\\/radioleinewelle.de\\\/index.php\\\/2025\\\/03\\\/12\\\/wegen-warnstreik-keine-abfallanlieferung-in-deiderode-moeglich\\\/\"},\"wordCount\":193,\"commentCount\":0,\"publisher\":{\"@id\":\"https:\\\/\\\/radioleinewelle.de\\\/#organization\"},\"image\":{\"@id\":\"https:\\\/\\\/radioleinewelle.de\\\/index.php\\\/2025\\\/03\\\/12\\\/wegen-warnstreik-keine-abfallanlieferung-in-deiderode-moeglich\\\/#primaryimage\"},\"thumbnailUrl\":\"https:\\\/\\\/radioleinewelle.de\\\/wp-content\\\/uploads\\\/2023\\\/11\\\/Warnstreik-Plakat-ue.jpg\",\"articleSection\":[\"Aktuelle Nachrichten\"],\"inLanguage\":\"de\",\"potentialAction\":[{\"@type\":\"CommentAction\",\"name\":\"Comment\",\"target\":[\"https:\\\/\\\/radioleinewelle.de\\\/index.php\\\/2025\\\/03\\\/12\\\/wegen-warnstreik-keine-abfallanlieferung-in-deiderode-moeglich\\\/#respond\"]}]},{\"@type\":\"WebPage\",\"@id\":\"https:\\\/\\\/radioleinewelle.de\\\/index.php\\\/2025\\\/03\\\/12\\\/wegen-warnstreik-keine-abfallanlieferung-in-deiderode-moeglich\\\/\",\"url\":\"https:\\\/\\\/radioleinewelle.de\\\/index.php\\\/2025\\\/03\\\/12\\\/wegen-warnstreik-keine-abfallanlieferung-in-deiderode-moeglich\\\/\",\"name\":\"Wegen Warnstreik keine Abfallanlieferung in Deiderode m\u00f6glich - Radio Leinewelle\",\"isPartOf\":{\"@id\":\"https:\\\/\\\/radioleinewelle.de\\\/#website\"},\"primaryImageOfPage\":{\"@id\":\"https:\\\/\\\/radioleinewelle.de\\\/index.php\\\/2025\\\/03\\\/12\\\/wegen-warnstreik-keine-abfallanlieferung-in-deiderode-moeglich\\\/#primaryimage\"},\"image\":{\"@id\":\"https:\\\/\\\/radioleinewelle.de\\\/index.php\\\/2025\\\/03\\\/12\\\/wegen-warnstreik-keine-abfallanlieferung-in-deiderode-moeglich\\\/#primaryimage\"},\"thumbnailUrl\":\"https:\\\/\\\/radioleinewelle.de\\\/wp-content\\\/uploads\\\/2023\\\/11\\\/Warnstreik-Plakat-ue.jpg\",\"datePublished\":\"2025-03-12T07:47:45+00:00\",\"dateModified\":\"2025-03-13T07:51:00+00:00\",\"breadcrumb\":{\"@id\":\"https:\\\/\\\/radioleinewelle.de\\\/index.php\\\/2025\\\/03\\\/12\\\/wegen-warnstreik-keine-abfallanlieferung-in-deiderode-moeglich\\\/#breadcrumb\"},\"inLanguage\":\"de\",\"potentialAction\":[{\"@type\":\"ReadAction\",\"target\":[\"https:\\\/\\\/radioleinewelle.de\\\/index.php\\\/2025\\\/03\\\/12\\\/wegen-warnstreik-keine-abfallanlieferung-in-deiderode-moeglich\\\/\"]}]},{\"@type\":\"ImageObject\",\"inLanguage\":\"de\",\"@id\":\"https:\\\/\\\/radioleinewelle.de\\\/index.php\\\/2025\\\/03\\\/12\\\/wegen-warnstreik-keine-abfallanlieferung-in-deiderode-moeglich\\\/#primaryimage\",\"url\":\"https:\\\/\\\/radioleinewelle.de\\\/wp-content\\\/uploads\\\/2023\\\/11\\\/Warnstreik-Plakat-ue.jpg\",\"contentUrl\":\"https:\\\/\\\/radioleinewelle.de\\\/wp-content\\\/uploads\\\/2023\\\/11\\\/Warnstreik-Plakat-ue.jpg\",\"width\":1512,\"height\":1545},{\"@type\":\"BreadcrumbList\",\"@id\":\"https:\\\/\\\/radioleinewelle.de\\\/index.php\\\/2025\\\/03\\\/12\\\/wegen-warnstreik-keine-abfallanlieferung-in-deiderode-moeglich\\\/#breadcrumb\",\"itemListElement\":[{\"@type\":\"ListItem\",\"position\":1,\"name\":\"Startseite\",\"item\":\"https:\\\/\\\/radioleinewelle.de\\\/\"},{\"@type\":\"ListItem\",\"position\":2,\"name\":\"Wegen Warnstreik keine Abfallanlieferung in Deiderode m\u00f6glich\"}]},{\"@type\":\"WebSite\",\"@id\":\"https:\\\/\\\/radioleinewelle.de\\\/#website\",\"url\":\"https:\\\/\\\/radioleinewelle.de\\\/\",\"name\":\"Radio Leinewelle\",\"description\":\"\",\"publisher\":{\"@id\":\"https:\\\/\\\/radioleinewelle.de\\\/#organization\"},\"potentialAction\":[{\"@type\":\"SearchAction\",\"target\":{\"@type\":\"EntryPoint\",\"urlTemplate\":\"https:\\\/\\\/radioleinewelle.de\\\/?s={search_term_string}\"},\"query-input\":{\"@type\":\"PropertyValueSpecification\",\"valueRequired\":true,\"valueName\":\"search_term_string\"}}],\"inLanguage\":\"de\"},{\"@type\":\"Organization\",\"@id\":\"https:\\\/\\\/radioleinewelle.de\\\/#organization\",\"name\":\"Radio Leinewelle\",\"alternateName\":\"Mein Radio f\u00fcr S\u00fcdniedersachsen\",\"url\":\"https:\\\/\\\/radioleinewelle.de\\\/\",\"logo\":{\"@type\":\"ImageObject\",\"inLanguage\":\"de\",\"@id\":\"https:\\\/\\\/radioleinewelle.de\\\/#\\\/schema\\\/logo\\\/image\\\/\",\"url\":\"https:\\\/\\\/radioleinewelle.de\\\/wp-content\\\/uploads\\\/2023\\\/11\\\/cropped-Leinewelle_Logo_weiss.png\",\"contentUrl\":\"https:\\\/\\\/radioleinewelle.de\\\/wp-content\\\/uploads\\\/2023\\\/11\\\/cropped-Leinewelle_Logo_weiss.png\",\"width\":854,\"height\":260,\"caption\":\"Radio Leinewelle\"},\"image\":{\"@id\":\"https:\\\/\\\/radioleinewelle.de\\\/#\\\/schema\\\/logo\\\/image\\\/\"},\"sameAs\":[\"https:\\\/\\\/www.facebook.com\\\/radioleinewelle\",\"https:\\\/\\\/x.com\\\/RLeinewelle\",\"https:\\\/\\\/www.instagram.com\\\/radioleinewelle\\\/?hl=de\"]},{\"@type\":\"Person\",\"@id\":\"https:\\\/\\\/radioleinewelle.de\\\/#\\\/schema\\\/person\\\/45606f348637df637192dc1b68399a63\",\"name\":\"Leinewelle\",\"image\":{\"@type\":\"ImageObject\",\"inLanguage\":\"de\",\"@id\":\"https:\\\/\\\/secure.gravatar.com\\\/avatar\\\/05c9a17bc973052ee5d91549bd32fb4dd0dc85b7b85ae94b2e2b4943476bbea5?s=96&d=blank&r=g\",\"url\":\"https:\\\/\\\/secure.gravatar.com\\\/avatar\\\/05c9a17bc973052ee5d91549bd32fb4dd0dc85b7b85ae94b2e2b4943476bbea5?s=96&d=blank&r=g\",\"contentUrl\":\"https:\\\/\\\/secure.gravatar.com\\\/avatar\\\/05c9a17bc973052ee5d91549bd32fb4dd0dc85b7b85ae94b2e2b4943476bbea5?s=96&d=blank&r=g\",\"caption\":\"Leinewelle\"},\"sameAs\":[\"http:\\\/\\\/localhost\\\/radio%20leinewelle\\\/wordpress\",\"https:\\\/\\\/www.facebook.com\\\/radioleinewelle\",\"https:\\\/\\\/www.instagram.com\\\/radioleinewelle\",\"https:\\\/\\\/x.com\\\/https:\\\/\\\/twitter.com\\\/RLeinewelle?ref_src=twsrcgoogletwcampserptwgrauthor\",\"https:\\\/\\\/soundcloud.com\\\/foerderverein-lokalradio?utm_source=clipboard&utm_medium=text&utm_campaign=social_sharing\"],\"url\":\"https:\\\/\\\/radioleinewelle.de\\\/index.php\\\/author\\\/leinewelle\\\/\"}]}<\/script>\n<!-- \/ Yoast SEO plugin. -->","yoast_head_json":{"title":"Wegen Warnstreik keine Abfallanlieferung in Deiderode m\u00f6glich - Radio Leinewelle","robots":{"index":"index","follow":"follow","max-snippet":"max-snippet:-1","max-image-preview":"max-image-preview:large","max-video-preview":"max-video-preview:-1"},"canonical":"https:\/\/radioleinewelle.de\/index.php\/2025\/03\/12\/wegen-warnstreik-keine-abfallanlieferung-in-deiderode-moeglich\/","og_locale":"de_DE","og_type":"article","og_title":"Wegen Warnstreik keine Abfallanlieferung in Deiderode m\u00f6glich - Radio Leinewelle","og_description":"Abfallanlieferungen zur Entsorgungsanlage und dem Recyclinghof Deiderode sind von Mittwoch bis Freitag, 12. bis 14.03.2025, nach derzeitigem Kenntnisstand nicht m\u00f6glich. Grund hierf\u00fcr ist ein Warnstreik. Die Entsorgungsanlagen in Breitenberg und Dransfeld bleiben nach aktueller Einsch\u00e4tzung ge\u00f6ffnet. Die Leerung der Komposttonnen ist damit gesichert. Dort sind auch Anlieferungen von Boden und Bauschutt sowie von Gr\u00fcnabf\u00e4llen m\u00f6glich. [&hellip;]","og_url":"https:\/\/radioleinewelle.de\/index.php\/2025\/03\/12\/wegen-warnstreik-keine-abfallanlieferung-in-deiderode-moeglich\/","og_site_name":"Radio Leinewelle","article_publisher":"https:\/\/www.facebook.com\/radioleinewelle","article_author":"https:\/\/www.facebook.com\/radioleinewelle","article_published_time":"2025-03-12T07:47:45+00:00","article_modified_time":"2025-03-13T07:51:00+00:00","og_image":[{"width":1512,"height":1545,"url":"https:\/\/radioleinewelle.de\/wp-content\/uploads\/2023\/11\/Warnstreik-Plakat-ue.jpg","type":"image\/jpeg"}],"author":"Leinewelle","twitter_card":"summary_large_image","twitter_creator":"@https:\/\/twitter.com\/RLeinewelle?ref_src=twsrcgoogletwcampserptwgrauthor","twitter_site":"@RLeinewelle","twitter_misc":{"Verfasst von":"Leinewelle","Gesch\u00e4tzte Lesezeit":"2\u00a0Minuten"},"schema":{"@context":"https:\/\/schema.org","@graph":[{"@type":"Article","@id":"https:\/\/radioleinewelle.de\/index.php\/2025\/03\/12\/wegen-warnstreik-keine-abfallanlieferung-in-deiderode-moeglich\/#article","isPartOf":{"@id":"https:\/\/radioleinewelle.de\/index.php\/2025\/03\/12\/wegen-warnstreik-keine-abfallanlieferung-in-deiderode-moeglich\/"},"author":{"name":"Leinewelle","@id":"https:\/\/radioleinewelle.de\/#\/schema\/person\/45606f348637df637192dc1b68399a63"},"headline":"Wegen Warnstreik keine Abfallanlieferung in Deiderode m\u00f6glich","datePublished":"2025-03-12T07:47:45+00:00","dateModified":"2025-03-13T07:51:00+00:00","mainEntityOfPage":{"@id":"https:\/\/radioleinewelle.de\/index.php\/2025\/03\/12\/wegen-warnstreik-keine-abfallanlieferung-in-deiderode-moeglich\/"},"wordCount":193,"commentCount":0,"publisher":{"@id":"https:\/\/radioleinewelle.de\/#organization"},"image":{"@id":"https:\/\/radioleinewelle.de\/index.php\/2025\/03\/12\/wegen-warnstreik-keine-abfallanlieferung-in-deiderode-moeglich\/#primaryimage"},"thumbnailUrl":"https:\/\/radioleinewelle.de\/wp-content\/uploads\/2023\/11\/Warnstreik-Plakat-ue.jpg","articleSection":["Aktuelle Nachrichten"],"inLanguage":"de","potentialAction":[{"@type":"CommentAction","name":"Comment","target":["https:\/\/radioleinewelle.de\/index.php\/2025\/03\/12\/wegen-warnstreik-keine-abfallanlieferung-in-deiderode-moeglich\/#respond"]}]},{"@type":"WebPage","@id":"https:\/\/radioleinewelle.de\/index.php\/2025\/03\/12\/wegen-warnstreik-keine-abfallanlieferung-in-deiderode-moeglich\/","url":"https:\/\/radioleinewelle.de\/index.php\/2025\/03\/12\/wegen-warnstreik-keine-abfallanlieferung-in-deiderode-moeglich\/","name":"Wegen Warnstreik keine Abfallanlieferung in Deiderode m\u00f6glich - Radio Leinewelle","isPartOf":{"@id":"https:\/\/radioleinewelle.de\/#website"},"primaryImageOfPage":{"@id":"https:\/\/radioleinewelle.de\/index.php\/2025\/03\/12\/wegen-warnstreik-keine-abfallanlieferung-in-deiderode-moeglich\/#primaryimage"},"image":{"@id":"https:\/\/radioleinewelle.de\/index.php\/2025\/03\/12\/wegen-warnstreik-keine-abfallanlieferung-in-deiderode-moeglich\/#primaryimage"},"thumbnailUrl":"https:\/\/radioleinewelle.de\/wp-content\/uploads\/2023\/11\/Warnstreik-Plakat-ue.jpg","datePublished":"2025-03-12T07:47:45+00:00","dateModified":"2025-03-13T07:51:00+00:00","breadcrumb":{"@id":"https:\/\/radioleinewelle.de\/index.php\/2025\/03\/12\/wegen-warnstreik-keine-abfallanlieferung-in-deiderode-moeglich\/#breadcrumb"},"inLanguage":"de","potentialAction":[{"@type":"ReadAction","target":["https:\/\/radioleinewelle.de\/index.php\/2025\/03\/12\/wegen-warnstreik-keine-abfallanlieferung-in-deiderode-moeglich\/"]}]},{"@type":"ImageObject","inLanguage":"de","@id":"https:\/\/radioleinewelle.de\/index.php\/2025\/03\/12\/wegen-warnstreik-keine-abfallanlieferung-in-deiderode-moeglich\/#primaryimage","url":"https:\/\/radioleinewelle.de\/wp-content\/uploads\/2023\/11\/Warnstreik-Plakat-ue.jpg","contentUrl":"https:\/\/radioleinewelle.de\/wp-content\/uploads\/2023\/11\/Warnstreik-Plakat-ue.jpg","width":1512,"height":1545},{"@type":"BreadcrumbList","@id":"https:\/\/radioleinewelle.de\/index.php\/2025\/03\/12\/wegen-warnstreik-keine-abfallanlieferung-in-deiderode-moeglich\/#breadcrumb","itemListElement":[{"@type":"ListItem","position":1,"name":"Startseite","item":"https:\/\/radioleinewelle.de\/"},{"@type":"ListItem","position":2,"name":"Wegen Warnstreik keine Abfallanlieferung in Deiderode m\u00f6glich"}]},{"@type":"WebSite","@id":"https:\/\/radioleinewelle.de\/#website","url":"https:\/\/radioleinewelle.de\/","name":"Radio Leinewelle","description":"","publisher":{"@id":"https:\/\/radioleinewelle.de\/#organization"},"potentialAction":[{"@type":"SearchAction","target":{"@type":"EntryPoint","urlTemplate":"https:\/\/radioleinewelle.de\/?s={search_term_string}"},"query-input":{"@type":"PropertyValueSpecification","valueRequired":true,"valueName":"search_term_string"}}],"inLanguage":"de"},{"@type":"Organization","@id":"https:\/\/radioleinewelle.de\/#organization","name":"Radio Leinewelle","alternateName":"Mein Radio f\u00fcr S\u00fcdniedersachsen","url":"https:\/\/radioleinewelle.de\/","logo":{"@type":"ImageObject","inLanguage":"de","@id":"https:\/\/radioleinewelle.de\/#\/schema\/logo\/image\/","url":"https:\/\/radioleinewelle.de\/wp-content\/uploads\/2023\/11\/cropped-Leinewelle_Logo_weiss.png","contentUrl":"https:\/\/radioleinewelle.de\/wp-content\/uploads\/2023\/11\/cropped-Leinewelle_Logo_weiss.png","width":854,"height":260,"caption":"Radio Leinewelle"},"image":{"@id":"https:\/\/radioleinewelle.de\/#\/schema\/logo\/image\/"},"sameAs":["https:\/\/www.facebook.com\/radioleinewelle","https:\/\/x.com\/RLeinewelle","https:\/\/www.instagram.com\/radioleinewelle\/?hl=de"]},{"@type":"Person","@id":"https:\/\/radioleinewelle.de\/#\/schema\/person\/45606f348637df637192dc1b68399a63","name":"Leinewelle","image":{"@type":"ImageObject","inLanguage":"de","@id":"https:\/\/secure.gravatar.com\/avatar\/05c9a17bc973052ee5d91549bd32fb4dd0dc85b7b85ae94b2e2b4943476bbea5?s=96&d=blank&r=g","url":"https:\/\/secure.gravatar.com\/avatar\/05c9a17bc973052ee5d91549bd32fb4dd0dc85b7b85ae94b2e2b4943476bbea5?s=96&d=blank&r=g","contentUrl":"https:\/\/secure.gravatar.com\/avatar\/05c9a17bc973052ee5d91549bd32fb4dd0dc85b7b85ae94b2e2b4943476bbea5?s=96&d=blank&r=g","caption":"Leinewelle"},"sameAs":["http:\/\/localhost\/radio%20leinewelle\/wordpress","https:\/\/www.facebook.com\/radioleinewelle","https:\/\/www.instagram.com\/radioleinewelle","https:\/\/x.com\/https:\/\/twitter.com\/RLeinewelle?ref_src=twsrcgoogletwcampserptwgrauthor","https:\/\/soundcloud.com\/foerderverein-lokalradio?utm_source=clipboard&utm_medium=text&utm_campaign=social_sharing"],"url":"https:\/\/radioleinewelle.de\/index.php\/author\/leinewelle\/"}]}},"_links":{"self":[{"href":"https:\/\/radioleinewelle.de\/index.php\/wp-json\/wp\/v2\/posts\/27669","targetHints":{"allow":["GET"]}}],"collection":[{"href":"https:\/\/radioleinewelle.de\/index.php\/wp-json\/wp\/v2\/posts"}],"about":[{"href":"https:\/\/radioleinewelle.de\/index.php\/wp-json\/wp\/v2\/types\/post"}],"author":[{"embeddable":true,"href":"https:\/\/radioleinewelle.de\/index.php\/wp-json\/wp\/v2\/users\/1"}],"replies":[{"embeddable":true,"href":"https:\/\/radioleinewelle.de\/index.php\/wp-json\/wp\/v2\/comments?post=27669"}],"version-history":[{"count":1,"href":"https:\/\/radioleinewelle.de\/index.php\/wp-json\/wp\/v2\/posts\/27669\/revisions"}],"predecessor-version":[{"id":27670,"href":"https:\/\/radioleinewelle.de\/index.php\/wp-json\/wp\/v2\/posts\/27669\/revisions\/27670"}],"wp:featuredmedia":[{"embeddable":true,"href":"https:\/\/radioleinewelle.de\/index.php\/wp-json\/wp\/v2\/media\/24526"}],"wp:attachment":[{"href":"https:\/\/radioleinewelle.de\/index.php\/wp-json\/wp\/v2\/media?parent=27669"}],"wp:term":[{"taxonomy":"category","embeddable":true,"href":"https:\/\/radioleinewelle.de\/index.php\/wp-json\/wp\/v2\/categories?post=27669"},{"taxonomy":"post_tag","embeddable":true,"href":"https:\/\/radioleinewelle.de\/index.php\/wp-json\/wp\/v2\/tags?post=27669"}],"curies":[{"name":"wp","href":"https:\/\/api.w.org\/{rel}","templated":true}]}}