{"id":27715,"date":"2025-03-18T10:02:53","date_gmt":"2025-03-18T09:02:53","guid":{"rendered":"https:\/\/radioleinewelle.de\/?p=27715"},"modified":"2025-03-18T10:02:54","modified_gmt":"2025-03-18T09:02:54","slug":"goettingen-feierliche-eroeffnung-des-kinder-und-jugendhospiz-sternenlichter","status":"publish","type":"post","link":"https:\/\/radioleinewelle.de\/index.php\/2025\/03\/18\/goettingen-feierliche-eroeffnung-des-kinder-und-jugendhospiz-sternenlichter\/","title":{"rendered":"G\u00f6ttingen: Feierliche Er\u00f6ffnung des Kinder- und Jugendhospiz Sternenlichter"},"content":{"rendered":"\n<p>Seit Jahren haben zahlreiche Menschen diesem besonderen Tag entgegengefiebert, mit Hochdruck darauf hingearbeitet \u2013 und nun ist er da: Am vergangenen Freitag, den 14. M\u00e4rz 2025, wurde das Kinder- und Jugendhospiz Sternenlichter mit einer emotionalen Feier symbolisch er\u00f6ffnet. Aufgrund der zahlreichen G\u00e4ste fanden die Feierlichkeiten in der Stadthalle G\u00f6ttingen statt.<\/p>\n\n\n\n<p><strong>Drittes station\u00e4res Kinder- und Jugendhospiz in Niedersachsen<\/strong><br> Das Kinder- und Jugendhospiz Sternenlichter ist neben Syke und Wilhelmshafen die dritte station\u00e4re Einrichtung f\u00fcr Kinder und Jugendliche mit lebensverk\u00fcrzenden Erkrankungen und ihren Familien in ganz Niedersachsen.  Das neue Haus in G\u00f6ttingen stellt zw\u00f6lf Pl\u00e4tze f\u00fcr unheilbar kranke Kinder und Jugendliche zur Verf\u00fcgung. Ein Geb\u00e4udetrakt bietet Unterkunft f\u00fcr die Eltern und Geschwister.<\/p>\n\n\n\n\n\n<p><mark style=\"background-color:rgba(0, 0, 0, 0)\" class=\"has-inline-color has-kubio-color-2-color\"><em>Wir freuen uns sehr, dass unser Kinder- und Jugendhospiz nun ganz offiziell seine T\u00fcren \u00f6ffnen kann. Schon bald k\u00f6nnen wir die ersten Familien mit einem unheilbar und lebensverk\u00fcrzend erkrankten Kind bei uns in G\u00f6ttingen begr\u00fc\u00dfen und ihnen eine wertvolle St\u00fctze in ihrer unglaublich schwierigen Situation bieten. Nicht nur dem schwerstkranken Kind, sondern auch seinen Eltern und den gesunden Geschwistern bieten wir mit unserem multiprofessionellen Team ein umfangreiches Angebot, das die lebensverk\u00fcrzende Erkrankung und alle damit verbundenen Sorgen und \u00c4ngste einmal kurz in den Hintergrund treten l\u00e4sst. <\/em><\/mark><br><strong>Nicole Zimmer, Oberin der DRK-Schwesternschaft Georgia-Augusta e.V. und Gesch\u00e4ftsf\u00fchrerin des Kinder- und Jugendhospizes Sternenlichter<\/strong><\/p>\n\n\n\n\n\n<p><strong>Enorme Bauma\u00dfnahmen am Helvesanger<\/strong><br>Mit dem ersten Spatenstich Ende September 2023 begannen die enormen Bauma\u00dfnahmen, die sogar fr\u00fcher als geplant abgeschlossen werden konnten. \u201eSeit dem Kauf des Grundst\u00fcckes durch unsere Tochtergesellschaft Casa Gutingi GmbH &amp; Co. KG haben viele engagierte Menschen auf den heutigen Tag hingearbeitet. Die Planung und Verwirklichung des Kinder- und Jugendhospizes Sternenlichter stellte f\u00fcr die Casa Gutingi, als Bauherr, unter wirtschaftlich anspruchsvollen Rahmenbedingungen in denen viele Bauprojekte abgesagt oder verschoben wurden, Materialkosten stark anstiegen und die Finanzierungskosten aufgrund der Zinsentwicklung deutlich teurer wurden, eine gro\u00dfe Herausforderung dar. Dank der guten und partnerschaftlichen Zusammenarbeit aller am Bau Beteiligten, konnte der Projekt-Bauzeitenplan nicht nur eingehalten, sondern sogar unterschritten werden. Ebenfalls wurden die veranschlagten Baukosten eingehalten\u201c, freute sich Ines Dietze, Vorstandsvorsitzende der Sparkasse G\u00f6ttingen, im R\u00fcckblick auf die Bauphase.<\/p>\n\n\n\n<p><strong>Angebote f\u00fcr die gesamte Familie<\/strong><br>Kinder- und Jugendhospize begleiten Familien mit einem unheilbar und lebensverk\u00fcrzend erkrankten Kind ab der Diagnosestellung \u2013 nicht erst in der letzten Lebensphase, wie es in Hospizen f\u00fcr Erwachsene der Fall ist. Kinderhospizarbeit bezieht immer die gesamte Familie mit ein. So kann in einem Kinder- und Jugendhospiz nicht nur das schwerstkranke Kind \/ der schwerstkranke Jugendliche aufgenommen werden, sondern auch die Eltern (oder andere nahe Bezugspersonen) sowie die Geschwister. Die Familien k\u00f6nnen bis zu 28 Tage im Jahr ins Kinder- und Jugendhospiz kommen, um sich ein wenig zu erholen und neue Kraft zu sammeln. Voraussetzung ist die Diagnose der lebensverk\u00fcrzenden Erkrankung des Kindes. Viele Familien kommen somit \u00fcber Jahre hinweg immer wieder in ein Kinder- und Jugendhospiz, um sich von dem oft psychisch stark fordernden Alltag zu entlasten. Kommt das betroffene Kind \/ der betroffene Jugendliche in die letzte Lebensphase, ist der Aufenthalt nicht auf 28 Tage beschr\u00e4nkt. Einige, aber nicht alle Betroffenen versterben im Kinder- und Jugendhospiz. Im Anschluss steht die Trauerbegleitung der Familie im Zentrum der Arbeit.<br>Weiterf\u00fchrende Informationen: <a href=\"http:\/\/www.sternenlichter-goettingen.de\">www.sternenlichter-goettingen.de<\/a><\/p>\n\n\n\n\n\n<p>Am Sonntag den 16.03. gab es f\u00fcr die G\u00f6ttinger und G\u00f6ttingerinnen die M\u00f6glichkeit einen Blick in die R\u00e4umlichkeiten des Kinder- und Jugendhospiz Sternenlichter in Grone zu werfen. \u00dcber 450 Menschen nutzen die Gelegenheit und nahmen an den F\u00fchrungen teil. Ab dem 07.April geht das Hospiz in den Regelbetrieb und nimmt die ersten G\u00e4ste auf. Auch in Zukunft sind die Sternenlichter auf die Unterst\u00fctzung und Spendenbereitschaft der Bev\u00f6lkerung angewiesen. <\/p>\n\n\n\n<p><strong>Fotos:<\/strong> \u00a9Radio Leinewelle (je)<\/p>\n","protected":false},"excerpt":{"rendered":"<p>Seit Jahren haben zahlreiche Menschen diesem besonderen Tag entgegengefiebert, mit Hochdruck darauf hingearbeitet \u2013 und nun ist er da: Am vergangenen Freitag, den 14. M\u00e4rz 2025, wurde das Kinder- und Jugendhospiz Sternenlichter mit einer emotionalen Feier symbolisch er\u00f6ffnet. Aufgrund der zahlreichen G\u00e4ste fanden die Feierlichkeiten in der Stadthalle G\u00f6ttingen statt. Drittes station\u00e4res Kinder- und Jugendhospiz [&hellip;]<\/p>\n","protected":false},"author":1,"featured_media":27719,"comment_status":"open","ping_status":"open","sticky":false,"template":"","format":"standard","meta":{"saved_in_kubio":false,"footnotes":""},"categories":[1],"tags":[],"class_list":["post-27715","post","type-post","status-publish","format-standard","has-post-thumbnail","hentry","category-allgemein"],"yoast_head":"<!-- This site is optimized with the Yoast SEO plugin v27.4 - https:\/\/yoast.com\/product\/yoast-seo-wordpress\/ -->\n<title>G\u00f6ttingen: Feierliche Er\u00f6ffnung des Kinder- und Jugendhospiz Sternenlichter - Radio Leinewelle<\/title>\n<meta name=\"robots\" content=\"index, follow, max-snippet:-1, max-image-preview:large, max-video-preview:-1\" \/>\n<link rel=\"canonical\" href=\"https:\/\/radioleinewelle.de\/index.php\/2025\/03\/18\/goettingen-feierliche-eroeffnung-des-kinder-und-jugendhospiz-sternenlichter\/\" \/>\n<meta property=\"og:locale\" content=\"de_DE\" \/>\n<meta property=\"og:type\" content=\"article\" \/>\n<meta property=\"og:title\" content=\"G\u00f6ttingen: Feierliche Er\u00f6ffnung des Kinder- und Jugendhospiz Sternenlichter - Radio Leinewelle\" \/>\n<meta property=\"og:description\" content=\"Seit Jahren haben zahlreiche Menschen diesem besonderen Tag entgegengefiebert, mit Hochdruck darauf hingearbeitet \u2013 und nun ist er da: Am vergangenen Freitag, den 14. M\u00e4rz 2025, wurde das Kinder- und Jugendhospiz Sternenlichter mit einer emotionalen Feier symbolisch er\u00f6ffnet. Aufgrund der zahlreichen G\u00e4ste fanden die Feierlichkeiten in der Stadthalle G\u00f6ttingen statt. Drittes station\u00e4res Kinder- und Jugendhospiz [&hellip;]\" \/>\n<meta property=\"og:url\" content=\"https:\/\/radioleinewelle.de\/index.php\/2025\/03\/18\/goettingen-feierliche-eroeffnung-des-kinder-und-jugendhospiz-sternenlichter\/\" \/>\n<meta property=\"og:site_name\" content=\"Radio Leinewelle\" \/>\n<meta property=\"article:publisher\" content=\"https:\/\/www.facebook.com\/radioleinewelle\" \/>\n<meta property=\"article:author\" content=\"https:\/\/www.facebook.com\/radioleinewelle\" \/>\n<meta property=\"article:published_time\" content=\"2025-03-18T09:02:53+00:00\" \/>\n<meta property=\"article:modified_time\" content=\"2025-03-18T09:02:54+00:00\" \/>\n<meta property=\"og:image\" content=\"https:\/\/radioleinewelle.de\/wp-content\/uploads\/2025\/03\/Sternenlichter-4-Stadthalle.jpg\" \/>\n\t<meta property=\"og:image:width\" content=\"1600\" \/>\n\t<meta property=\"og:image:height\" content=\"1200\" \/>\n\t<meta property=\"og:image:type\" content=\"image\/jpeg\" \/>\n<meta name=\"author\" content=\"Leinewelle\" \/>\n<meta name=\"twitter:card\" content=\"summary_large_image\" \/>\n<meta name=\"twitter:creator\" content=\"@https:\/\/twitter.com\/RLeinewelle?ref_src=twsrcgoogletwcampserptwgrauthor\" \/>\n<meta name=\"twitter:site\" content=\"@RLeinewelle\" \/>\n<meta name=\"twitter:label1\" content=\"Verfasst von\" \/>\n\t<meta name=\"twitter:data1\" content=\"Leinewelle\" \/>\n\t<meta name=\"twitter:label2\" content=\"Gesch\u00e4tzte Lesezeit\" \/>\n\t<meta name=\"twitter:data2\" content=\"4\u00a0Minuten\" \/>\n<script type=\"application\/ld+json\" class=\"yoast-schema-graph\">{\"@context\":\"https:\\\/\\\/schema.org\",\"@graph\":[{\"@type\":\"Article\",\"@id\":\"https:\\\/\\\/radioleinewelle.de\\\/index.php\\\/2025\\\/03\\\/18\\\/goettingen-feierliche-eroeffnung-des-kinder-und-jugendhospiz-sternenlichter\\\/#article\",\"isPartOf\":{\"@id\":\"https:\\\/\\\/radioleinewelle.de\\\/index.php\\\/2025\\\/03\\\/18\\\/goettingen-feierliche-eroeffnung-des-kinder-und-jugendhospiz-sternenlichter\\\/\"},\"author\":{\"name\":\"Leinewelle\",\"@id\":\"https:\\\/\\\/radioleinewelle.de\\\/#\\\/schema\\\/person\\\/45606f348637df637192dc1b68399a63\"},\"headline\":\"G\u00f6ttingen: Feierliche Er\u00f6ffnung des Kinder- und Jugendhospiz Sternenlichter\",\"datePublished\":\"2025-03-18T09:02:53+00:00\",\"dateModified\":\"2025-03-18T09:02:54+00:00\",\"mainEntityOfPage\":{\"@id\":\"https:\\\/\\\/radioleinewelle.de\\\/index.php\\\/2025\\\/03\\\/18\\\/goettingen-feierliche-eroeffnung-des-kinder-und-jugendhospiz-sternenlichter\\\/\"},\"wordCount\":637,\"commentCount\":0,\"publisher\":{\"@id\":\"https:\\\/\\\/radioleinewelle.de\\\/#organization\"},\"image\":{\"@id\":\"https:\\\/\\\/radioleinewelle.de\\\/index.php\\\/2025\\\/03\\\/18\\\/goettingen-feierliche-eroeffnung-des-kinder-und-jugendhospiz-sternenlichter\\\/#primaryimage\"},\"thumbnailUrl\":\"https:\\\/\\\/radioleinewelle.de\\\/wp-content\\\/uploads\\\/2025\\\/03\\\/Sternenlichter-4-Stadthalle.jpg\",\"inLanguage\":\"de\",\"potentialAction\":[{\"@type\":\"CommentAction\",\"name\":\"Comment\",\"target\":[\"https:\\\/\\\/radioleinewelle.de\\\/index.php\\\/2025\\\/03\\\/18\\\/goettingen-feierliche-eroeffnung-des-kinder-und-jugendhospiz-sternenlichter\\\/#respond\"]}]},{\"@type\":\"WebPage\",\"@id\":\"https:\\\/\\\/radioleinewelle.de\\\/index.php\\\/2025\\\/03\\\/18\\\/goettingen-feierliche-eroeffnung-des-kinder-und-jugendhospiz-sternenlichter\\\/\",\"url\":\"https:\\\/\\\/radioleinewelle.de\\\/index.php\\\/2025\\\/03\\\/18\\\/goettingen-feierliche-eroeffnung-des-kinder-und-jugendhospiz-sternenlichter\\\/\",\"name\":\"G\u00f6ttingen: Feierliche Er\u00f6ffnung des Kinder- und Jugendhospiz Sternenlichter - Radio Leinewelle\",\"isPartOf\":{\"@id\":\"https:\\\/\\\/radioleinewelle.de\\\/#website\"},\"primaryImageOfPage\":{\"@id\":\"https:\\\/\\\/radioleinewelle.de\\\/index.php\\\/2025\\\/03\\\/18\\\/goettingen-feierliche-eroeffnung-des-kinder-und-jugendhospiz-sternenlichter\\\/#primaryimage\"},\"image\":{\"@id\":\"https:\\\/\\\/radioleinewelle.de\\\/index.php\\\/2025\\\/03\\\/18\\\/goettingen-feierliche-eroeffnung-des-kinder-und-jugendhospiz-sternenlichter\\\/#primaryimage\"},\"thumbnailUrl\":\"https:\\\/\\\/radioleinewelle.de\\\/wp-content\\\/uploads\\\/2025\\\/03\\\/Sternenlichter-4-Stadthalle.jpg\",\"datePublished\":\"2025-03-18T09:02:53+00:00\",\"dateModified\":\"2025-03-18T09:02:54+00:00\",\"breadcrumb\":{\"@id\":\"https:\\\/\\\/radioleinewelle.de\\\/index.php\\\/2025\\\/03\\\/18\\\/goettingen-feierliche-eroeffnung-des-kinder-und-jugendhospiz-sternenlichter\\\/#breadcrumb\"},\"inLanguage\":\"de\",\"potentialAction\":[{\"@type\":\"ReadAction\",\"target\":[\"https:\\\/\\\/radioleinewelle.de\\\/index.php\\\/2025\\\/03\\\/18\\\/goettingen-feierliche-eroeffnung-des-kinder-und-jugendhospiz-sternenlichter\\\/\"]}]},{\"@type\":\"ImageObject\",\"inLanguage\":\"de\",\"@id\":\"https:\\\/\\\/radioleinewelle.de\\\/index.php\\\/2025\\\/03\\\/18\\\/goettingen-feierliche-eroeffnung-des-kinder-und-jugendhospiz-sternenlichter\\\/#primaryimage\",\"url\":\"https:\\\/\\\/radioleinewelle.de\\\/wp-content\\\/uploads\\\/2025\\\/03\\\/Sternenlichter-4-Stadthalle.jpg\",\"contentUrl\":\"https:\\\/\\\/radioleinewelle.de\\\/wp-content\\\/uploads\\\/2025\\\/03\\\/Sternenlichter-4-Stadthalle.jpg\",\"width\":1600,\"height\":1200},{\"@type\":\"BreadcrumbList\",\"@id\":\"https:\\\/\\\/radioleinewelle.de\\\/index.php\\\/2025\\\/03\\\/18\\\/goettingen-feierliche-eroeffnung-des-kinder-und-jugendhospiz-sternenlichter\\\/#breadcrumb\",\"itemListElement\":[{\"@type\":\"ListItem\",\"position\":1,\"name\":\"Startseite\",\"item\":\"https:\\\/\\\/radioleinewelle.de\\\/\"},{\"@type\":\"ListItem\",\"position\":2,\"name\":\"G\u00f6ttingen: Feierliche Er\u00f6ffnung des Kinder- und Jugendhospiz Sternenlichter\"}]},{\"@type\":\"WebSite\",\"@id\":\"https:\\\/\\\/radioleinewelle.de\\\/#website\",\"url\":\"https:\\\/\\\/radioleinewelle.de\\\/\",\"name\":\"Radio Leinewelle\",\"description\":\"\",\"publisher\":{\"@id\":\"https:\\\/\\\/radioleinewelle.de\\\/#organization\"},\"potentialAction\":[{\"@type\":\"SearchAction\",\"target\":{\"@type\":\"EntryPoint\",\"urlTemplate\":\"https:\\\/\\\/radioleinewelle.de\\\/?s={search_term_string}\"},\"query-input\":{\"@type\":\"PropertyValueSpecification\",\"valueRequired\":true,\"valueName\":\"search_term_string\"}}],\"inLanguage\":\"de\"},{\"@type\":\"Organization\",\"@id\":\"https:\\\/\\\/radioleinewelle.de\\\/#organization\",\"name\":\"Radio Leinewelle\",\"alternateName\":\"Mein Radio f\u00fcr S\u00fcdniedersachsen\",\"url\":\"https:\\\/\\\/radioleinewelle.de\\\/\",\"logo\":{\"@type\":\"ImageObject\",\"inLanguage\":\"de\",\"@id\":\"https:\\\/\\\/radioleinewelle.de\\\/#\\\/schema\\\/logo\\\/image\\\/\",\"url\":\"https:\\\/\\\/radioleinewelle.de\\\/wp-content\\\/uploads\\\/2023\\\/11\\\/cropped-Leinewelle_Logo_weiss.png\",\"contentUrl\":\"https:\\\/\\\/radioleinewelle.de\\\/wp-content\\\/uploads\\\/2023\\\/11\\\/cropped-Leinewelle_Logo_weiss.png\",\"width\":854,\"height\":260,\"caption\":\"Radio Leinewelle\"},\"image\":{\"@id\":\"https:\\\/\\\/radioleinewelle.de\\\/#\\\/schema\\\/logo\\\/image\\\/\"},\"sameAs\":[\"https:\\\/\\\/www.facebook.com\\\/radioleinewelle\",\"https:\\\/\\\/x.com\\\/RLeinewelle\",\"https:\\\/\\\/www.instagram.com\\\/radioleinewelle\\\/?hl=de\"]},{\"@type\":\"Person\",\"@id\":\"https:\\\/\\\/radioleinewelle.de\\\/#\\\/schema\\\/person\\\/45606f348637df637192dc1b68399a63\",\"name\":\"Leinewelle\",\"image\":{\"@type\":\"ImageObject\",\"inLanguage\":\"de\",\"@id\":\"https:\\\/\\\/secure.gravatar.com\\\/avatar\\\/05c9a17bc973052ee5d91549bd32fb4dd0dc85b7b85ae94b2e2b4943476bbea5?s=96&d=blank&r=g\",\"url\":\"https:\\\/\\\/secure.gravatar.com\\\/avatar\\\/05c9a17bc973052ee5d91549bd32fb4dd0dc85b7b85ae94b2e2b4943476bbea5?s=96&d=blank&r=g\",\"contentUrl\":\"https:\\\/\\\/secure.gravatar.com\\\/avatar\\\/05c9a17bc973052ee5d91549bd32fb4dd0dc85b7b85ae94b2e2b4943476bbea5?s=96&d=blank&r=g\",\"caption\":\"Leinewelle\"},\"sameAs\":[\"http:\\\/\\\/localhost\\\/radio%20leinewelle\\\/wordpress\",\"https:\\\/\\\/www.facebook.com\\\/radioleinewelle\",\"https:\\\/\\\/www.instagram.com\\\/radioleinewelle\",\"https:\\\/\\\/x.com\\\/https:\\\/\\\/twitter.com\\\/RLeinewelle?ref_src=twsrcgoogletwcampserptwgrauthor\",\"https:\\\/\\\/soundcloud.com\\\/foerderverein-lokalradio?utm_source=clipboard&utm_medium=text&utm_campaign=social_sharing\"],\"url\":\"https:\\\/\\\/radioleinewelle.de\\\/index.php\\\/author\\\/leinewelle\\\/\"}]}<\/script>\n<!-- \/ Yoast SEO plugin. -->","yoast_head_json":{"title":"G\u00f6ttingen: Feierliche Er\u00f6ffnung des Kinder- und Jugendhospiz Sternenlichter - Radio Leinewelle","robots":{"index":"index","follow":"follow","max-snippet":"max-snippet:-1","max-image-preview":"max-image-preview:large","max-video-preview":"max-video-preview:-1"},"canonical":"https:\/\/radioleinewelle.de\/index.php\/2025\/03\/18\/goettingen-feierliche-eroeffnung-des-kinder-und-jugendhospiz-sternenlichter\/","og_locale":"de_DE","og_type":"article","og_title":"G\u00f6ttingen: Feierliche Er\u00f6ffnung des Kinder- und Jugendhospiz Sternenlichter - Radio Leinewelle","og_description":"Seit Jahren haben zahlreiche Menschen diesem besonderen Tag entgegengefiebert, mit Hochdruck darauf hingearbeitet \u2013 und nun ist er da: Am vergangenen Freitag, den 14. M\u00e4rz 2025, wurde das Kinder- und Jugendhospiz Sternenlichter mit einer emotionalen Feier symbolisch er\u00f6ffnet. Aufgrund der zahlreichen G\u00e4ste fanden die Feierlichkeiten in der Stadthalle G\u00f6ttingen statt. Drittes station\u00e4res Kinder- und Jugendhospiz [&hellip;]","og_url":"https:\/\/radioleinewelle.de\/index.php\/2025\/03\/18\/goettingen-feierliche-eroeffnung-des-kinder-und-jugendhospiz-sternenlichter\/","og_site_name":"Radio Leinewelle","article_publisher":"https:\/\/www.facebook.com\/radioleinewelle","article_author":"https:\/\/www.facebook.com\/radioleinewelle","article_published_time":"2025-03-18T09:02:53+00:00","article_modified_time":"2025-03-18T09:02:54+00:00","og_image":[{"width":1600,"height":1200,"url":"https:\/\/radioleinewelle.de\/wp-content\/uploads\/2025\/03\/Sternenlichter-4-Stadthalle.jpg","type":"image\/jpeg"}],"author":"Leinewelle","twitter_card":"summary_large_image","twitter_creator":"@https:\/\/twitter.com\/RLeinewelle?ref_src=twsrcgoogletwcampserptwgrauthor","twitter_site":"@RLeinewelle","twitter_misc":{"Verfasst von":"Leinewelle","Gesch\u00e4tzte Lesezeit":"4\u00a0Minuten"},"schema":{"@context":"https:\/\/schema.org","@graph":[{"@type":"Article","@id":"https:\/\/radioleinewelle.de\/index.php\/2025\/03\/18\/goettingen-feierliche-eroeffnung-des-kinder-und-jugendhospiz-sternenlichter\/#article","isPartOf":{"@id":"https:\/\/radioleinewelle.de\/index.php\/2025\/03\/18\/goettingen-feierliche-eroeffnung-des-kinder-und-jugendhospiz-sternenlichter\/"},"author":{"name":"Leinewelle","@id":"https:\/\/radioleinewelle.de\/#\/schema\/person\/45606f348637df637192dc1b68399a63"},"headline":"G\u00f6ttingen: Feierliche Er\u00f6ffnung des Kinder- und Jugendhospiz Sternenlichter","datePublished":"2025-03-18T09:02:53+00:00","dateModified":"2025-03-18T09:02:54+00:00","mainEntityOfPage":{"@id":"https:\/\/radioleinewelle.de\/index.php\/2025\/03\/18\/goettingen-feierliche-eroeffnung-des-kinder-und-jugendhospiz-sternenlichter\/"},"wordCount":637,"commentCount":0,"publisher":{"@id":"https:\/\/radioleinewelle.de\/#organization"},"image":{"@id":"https:\/\/radioleinewelle.de\/index.php\/2025\/03\/18\/goettingen-feierliche-eroeffnung-des-kinder-und-jugendhospiz-sternenlichter\/#primaryimage"},"thumbnailUrl":"https:\/\/radioleinewelle.de\/wp-content\/uploads\/2025\/03\/Sternenlichter-4-Stadthalle.jpg","inLanguage":"de","potentialAction":[{"@type":"CommentAction","name":"Comment","target":["https:\/\/radioleinewelle.de\/index.php\/2025\/03\/18\/goettingen-feierliche-eroeffnung-des-kinder-und-jugendhospiz-sternenlichter\/#respond"]}]},{"@type":"WebPage","@id":"https:\/\/radioleinewelle.de\/index.php\/2025\/03\/18\/goettingen-feierliche-eroeffnung-des-kinder-und-jugendhospiz-sternenlichter\/","url":"https:\/\/radioleinewelle.de\/index.php\/2025\/03\/18\/goettingen-feierliche-eroeffnung-des-kinder-und-jugendhospiz-sternenlichter\/","name":"G\u00f6ttingen: Feierliche Er\u00f6ffnung des Kinder- und Jugendhospiz Sternenlichter - Radio Leinewelle","isPartOf":{"@id":"https:\/\/radioleinewelle.de\/#website"},"primaryImageOfPage":{"@id":"https:\/\/radioleinewelle.de\/index.php\/2025\/03\/18\/goettingen-feierliche-eroeffnung-des-kinder-und-jugendhospiz-sternenlichter\/#primaryimage"},"image":{"@id":"https:\/\/radioleinewelle.de\/index.php\/2025\/03\/18\/goettingen-feierliche-eroeffnung-des-kinder-und-jugendhospiz-sternenlichter\/#primaryimage"},"thumbnailUrl":"https:\/\/radioleinewelle.de\/wp-content\/uploads\/2025\/03\/Sternenlichter-4-Stadthalle.jpg","datePublished":"2025-03-18T09:02:53+00:00","dateModified":"2025-03-18T09:02:54+00:00","breadcrumb":{"@id":"https:\/\/radioleinewelle.de\/index.php\/2025\/03\/18\/goettingen-feierliche-eroeffnung-des-kinder-und-jugendhospiz-sternenlichter\/#breadcrumb"},"inLanguage":"de","potentialAction":[{"@type":"ReadAction","target":["https:\/\/radioleinewelle.de\/index.php\/2025\/03\/18\/goettingen-feierliche-eroeffnung-des-kinder-und-jugendhospiz-sternenlichter\/"]}]},{"@type":"ImageObject","inLanguage":"de","@id":"https:\/\/radioleinewelle.de\/index.php\/2025\/03\/18\/goettingen-feierliche-eroeffnung-des-kinder-und-jugendhospiz-sternenlichter\/#primaryimage","url":"https:\/\/radioleinewelle.de\/wp-content\/uploads\/2025\/03\/Sternenlichter-4-Stadthalle.jpg","contentUrl":"https:\/\/radioleinewelle.de\/wp-content\/uploads\/2025\/03\/Sternenlichter-4-Stadthalle.jpg","width":1600,"height":1200},{"@type":"BreadcrumbList","@id":"https:\/\/radioleinewelle.de\/index.php\/2025\/03\/18\/goettingen-feierliche-eroeffnung-des-kinder-und-jugendhospiz-sternenlichter\/#breadcrumb","itemListElement":[{"@type":"ListItem","position":1,"name":"Startseite","item":"https:\/\/radioleinewelle.de\/"},{"@type":"ListItem","position":2,"name":"G\u00f6ttingen: Feierliche Er\u00f6ffnung des Kinder- und Jugendhospiz Sternenlichter"}]},{"@type":"WebSite","@id":"https:\/\/radioleinewelle.de\/#website","url":"https:\/\/radioleinewelle.de\/","name":"Radio Leinewelle","description":"","publisher":{"@id":"https:\/\/radioleinewelle.de\/#organization"},"potentialAction":[{"@type":"SearchAction","target":{"@type":"EntryPoint","urlTemplate":"https:\/\/radioleinewelle.de\/?s={search_term_string}"},"query-input":{"@type":"PropertyValueSpecification","valueRequired":true,"valueName":"search_term_string"}}],"inLanguage":"de"},{"@type":"Organization","@id":"https:\/\/radioleinewelle.de\/#organization","name":"Radio Leinewelle","alternateName":"Mein Radio f\u00fcr S\u00fcdniedersachsen","url":"https:\/\/radioleinewelle.de\/","logo":{"@type":"ImageObject","inLanguage":"de","@id":"https:\/\/radioleinewelle.de\/#\/schema\/logo\/image\/","url":"https:\/\/radioleinewelle.de\/wp-content\/uploads\/2023\/11\/cropped-Leinewelle_Logo_weiss.png","contentUrl":"https:\/\/radioleinewelle.de\/wp-content\/uploads\/2023\/11\/cropped-Leinewelle_Logo_weiss.png","width":854,"height":260,"caption":"Radio Leinewelle"},"image":{"@id":"https:\/\/radioleinewelle.de\/#\/schema\/logo\/image\/"},"sameAs":["https:\/\/www.facebook.com\/radioleinewelle","https:\/\/x.com\/RLeinewelle","https:\/\/www.instagram.com\/radioleinewelle\/?hl=de"]},{"@type":"Person","@id":"https:\/\/radioleinewelle.de\/#\/schema\/person\/45606f348637df637192dc1b68399a63","name":"Leinewelle","image":{"@type":"ImageObject","inLanguage":"de","@id":"https:\/\/secure.gravatar.com\/avatar\/05c9a17bc973052ee5d91549bd32fb4dd0dc85b7b85ae94b2e2b4943476bbea5?s=96&d=blank&r=g","url":"https:\/\/secure.gravatar.com\/avatar\/05c9a17bc973052ee5d91549bd32fb4dd0dc85b7b85ae94b2e2b4943476bbea5?s=96&d=blank&r=g","contentUrl":"https:\/\/secure.gravatar.com\/avatar\/05c9a17bc973052ee5d91549bd32fb4dd0dc85b7b85ae94b2e2b4943476bbea5?s=96&d=blank&r=g","caption":"Leinewelle"},"sameAs":["http:\/\/localhost\/radio%20leinewelle\/wordpress","https:\/\/www.facebook.com\/radioleinewelle","https:\/\/www.instagram.com\/radioleinewelle","https:\/\/x.com\/https:\/\/twitter.com\/RLeinewelle?ref_src=twsrcgoogletwcampserptwgrauthor","https:\/\/soundcloud.com\/foerderverein-lokalradio?utm_source=clipboard&utm_medium=text&utm_campaign=social_sharing"],"url":"https:\/\/radioleinewelle.de\/index.php\/author\/leinewelle\/"}]}},"_links":{"self":[{"href":"https:\/\/radioleinewelle.de\/index.php\/wp-json\/wp\/v2\/posts\/27715","targetHints":{"allow":["GET"]}}],"collection":[{"href":"https:\/\/radioleinewelle.de\/index.php\/wp-json\/wp\/v2\/posts"}],"about":[{"href":"https:\/\/radioleinewelle.de\/index.php\/wp-json\/wp\/v2\/types\/post"}],"author":[{"embeddable":true,"href":"https:\/\/radioleinewelle.de\/index.php\/wp-json\/wp\/v2\/users\/1"}],"replies":[{"embeddable":true,"href":"https:\/\/radioleinewelle.de\/index.php\/wp-json\/wp\/v2\/comments?post=27715"}],"version-history":[{"count":11,"href":"https:\/\/radioleinewelle.de\/index.php\/wp-json\/wp\/v2\/posts\/27715\/revisions"}],"predecessor-version":[{"id":27731,"href":"https:\/\/radioleinewelle.de\/index.php\/wp-json\/wp\/v2\/posts\/27715\/revisions\/27731"}],"wp:featuredmedia":[{"embeddable":true,"href":"https:\/\/radioleinewelle.de\/index.php\/wp-json\/wp\/v2\/media\/27719"}],"wp:attachment":[{"href":"https:\/\/radioleinewelle.de\/index.php\/wp-json\/wp\/v2\/media?parent=27715"}],"wp:term":[{"taxonomy":"category","embeddable":true,"href":"https:\/\/radioleinewelle.de\/index.php\/wp-json\/wp\/v2\/categories?post=27715"},{"taxonomy":"post_tag","embeddable":true,"href":"https:\/\/radioleinewelle.de\/index.php\/wp-json\/wp\/v2\/tags?post=27715"}],"curies":[{"name":"wp","href":"https:\/\/api.w.org\/{rel}","templated":true}]}}