{"id":27738,"date":"2025-03-20T09:00:05","date_gmt":"2025-03-20T08:00:05","guid":{"rendered":"https:\/\/radioleinewelle.de\/?p=27738"},"modified":"2025-03-21T09:01:16","modified_gmt":"2025-03-21T08:01:16","slug":"gefeierte-premiere-im-jungen-theater-stolz-und-vorurteiloder-so","status":"publish","type":"post","link":"https:\/\/radioleinewelle.de\/index.php\/2025\/03\/20\/gefeierte-premiere-im-jungen-theater-stolz-und-vorurteiloder-so\/","title":{"rendered":"Gefeierte Premiere im Jungen Theater -&#8222;Stolz und Vorurteil(oder so)&#8220;"},"content":{"rendered":"\n<p>Vergangenen Freitag feierte das Theaterst\u00fcck &#8222;Stolz und Vorurteil*(*oder so)&#8220; vor einem begeisterten Publikum im Jungen Theater Premiere. Die Kom\u00f6die von Isobel McArthur nach dem ber\u00fchmten Roman von Jane Austen ist ein St\u00fcck \u00fcber weibliche Selbsterm\u00e4chtigung, gesellschaftliche Beschr\u00e4nkungen und Abh\u00e4ngigkeiten. Hier zum Nachh\u00f6ren ein ausf\u00fchrlicher Bericht \u00fcber dieses absolut empfehlenswerte Theaterst\u00fcck.<\/p>\n\n\n\n<figure class=\"wp-block-audio\"><audio controls src=\"https:\/\/radioleinewelle.de\/wp-content\/uploads\/2025\/03\/Stolz-und-Vorurteil-Einzelversion.mp3\"><\/audio><\/figure>\n\n\n\n<p><strong>Weitere Vorstellungen und Infos <a href=\"http:\/\/www.junges-theater.de\">www.junges-theater.de<\/a><\/strong><\/p>\n\n\n\n<p><strong>Foto:<\/strong> Rebekka Bauer, Ronja Politz, Thyra Uhde, Malin Kraft, Agnes Giese (Fotografin: \u00a9Dorothea Heise)<\/p>\n","protected":false},"excerpt":{"rendered":"<p>Vergangenen Freitag feierte das Theaterst\u00fcck &#8222;Stolz und Vorurteil*(*oder so)&#8220; vor einem begeisterten Publikum im Jungen Theater Premiere. Die Kom\u00f6die von Isobel McArthur nach dem ber\u00fchmten Roman von Jane Austen ist ein St\u00fcck \u00fcber weibliche Selbsterm\u00e4chtigung, gesellschaftliche Beschr\u00e4nkungen und Abh\u00e4ngigkeiten. Hier zum Nachh\u00f6ren ein ausf\u00fchrlicher Bericht \u00fcber dieses absolut empfehlenswerte Theaterst\u00fcck. Weitere Vorstellungen und Infos www.junges-theater.de [&hellip;]<\/p>\n","protected":false},"author":1,"featured_media":27742,"comment_status":"open","ping_status":"open","sticky":false,"template":"","format":"standard","meta":{"saved_in_kubio":false,"footnotes":""},"categories":[45],"tags":[],"class_list":["post-27738","post","type-post","status-publish","format-standard","has-post-thumbnail","hentry","category-kultur"],"yoast_head":"<!-- This site is optimized with the Yoast SEO plugin v27.4 - https:\/\/yoast.com\/product\/yoast-seo-wordpress\/ -->\n<title>Gefeierte Premiere im Jungen Theater -&quot;Stolz und Vorurteil(oder so)&quot; - Radio Leinewelle<\/title>\n<meta name=\"robots\" content=\"index, follow, max-snippet:-1, max-image-preview:large, max-video-preview:-1\" \/>\n<link rel=\"canonical\" href=\"https:\/\/radioleinewelle.de\/index.php\/2025\/03\/20\/gefeierte-premiere-im-jungen-theater-stolz-und-vorurteiloder-so\/\" \/>\n<meta property=\"og:locale\" content=\"de_DE\" \/>\n<meta property=\"og:type\" content=\"article\" \/>\n<meta property=\"og:title\" content=\"Gefeierte Premiere im Jungen Theater -&quot;Stolz und Vorurteil(oder so)&quot; - Radio Leinewelle\" \/>\n<meta property=\"og:description\" content=\"Vergangenen Freitag feierte das Theaterst\u00fcck &#8222;Stolz und Vorurteil*(*oder so)&#8220; vor einem begeisterten Publikum im Jungen Theater Premiere. Die Kom\u00f6die von Isobel McArthur nach dem ber\u00fchmten Roman von Jane Austen ist ein St\u00fcck \u00fcber weibliche Selbsterm\u00e4chtigung, gesellschaftliche Beschr\u00e4nkungen und Abh\u00e4ngigkeiten. Hier zum Nachh\u00f6ren ein ausf\u00fchrlicher Bericht \u00fcber dieses absolut empfehlenswerte Theaterst\u00fcck. Weitere Vorstellungen und Infos www.junges-theater.de [&hellip;]\" \/>\n<meta property=\"og:url\" content=\"https:\/\/radioleinewelle.de\/index.php\/2025\/03\/20\/gefeierte-premiere-im-jungen-theater-stolz-und-vorurteiloder-so\/\" \/>\n<meta property=\"og:site_name\" content=\"Radio Leinewelle\" \/>\n<meta property=\"article:publisher\" content=\"https:\/\/www.facebook.com\/radioleinewelle\" \/>\n<meta property=\"article:author\" content=\"https:\/\/www.facebook.com\/radioleinewelle\" \/>\n<meta property=\"article:published_time\" content=\"2025-03-20T08:00:05+00:00\" \/>\n<meta property=\"article:modified_time\" content=\"2025-03-21T08:01:16+00:00\" \/>\n<meta property=\"og:image\" content=\"https:\/\/radioleinewelle.de\/wp-content\/uploads\/2025\/03\/Stolz-und-Vorurteil-1_Foto-DHeise.jpg\" \/>\n\t<meta property=\"og:image:width\" content=\"1772\" \/>\n\t<meta property=\"og:image:height\" content=\"1181\" \/>\n\t<meta property=\"og:image:type\" content=\"image\/jpeg\" \/>\n<meta name=\"author\" content=\"Leinewelle\" \/>\n<meta name=\"twitter:card\" content=\"summary_large_image\" \/>\n<meta name=\"twitter:creator\" content=\"@https:\/\/twitter.com\/RLeinewelle?ref_src=twsrcgoogletwcampserptwgrauthor\" \/>\n<meta name=\"twitter:site\" content=\"@RLeinewelle\" \/>\n<meta name=\"twitter:label1\" content=\"Verfasst von\" \/>\n\t<meta name=\"twitter:data1\" content=\"Leinewelle\" \/>\n\t<meta name=\"twitter:label2\" content=\"Gesch\u00e4tzte Lesezeit\" \/>\n\t<meta name=\"twitter:data2\" content=\"1\u00a0Minute\" \/>\n<script type=\"application\/ld+json\" class=\"yoast-schema-graph\">{\"@context\":\"https:\\\/\\\/schema.org\",\"@graph\":[{\"@type\":\"Article\",\"@id\":\"https:\\\/\\\/radioleinewelle.de\\\/index.php\\\/2025\\\/03\\\/20\\\/gefeierte-premiere-im-jungen-theater-stolz-und-vorurteiloder-so\\\/#article\",\"isPartOf\":{\"@id\":\"https:\\\/\\\/radioleinewelle.de\\\/index.php\\\/2025\\\/03\\\/20\\\/gefeierte-premiere-im-jungen-theater-stolz-und-vorurteiloder-so\\\/\"},\"author\":{\"name\":\"Leinewelle\",\"@id\":\"https:\\\/\\\/radioleinewelle.de\\\/#\\\/schema\\\/person\\\/45606f348637df637192dc1b68399a63\"},\"headline\":\"Gefeierte Premiere im Jungen Theater -&#8222;Stolz und Vorurteil(oder so)&#8220;\",\"datePublished\":\"2025-03-20T08:00:05+00:00\",\"dateModified\":\"2025-03-21T08:01:16+00:00\",\"mainEntityOfPage\":{\"@id\":\"https:\\\/\\\/radioleinewelle.de\\\/index.php\\\/2025\\\/03\\\/20\\\/gefeierte-premiere-im-jungen-theater-stolz-und-vorurteiloder-so\\\/\"},\"wordCount\":93,\"commentCount\":0,\"publisher\":{\"@id\":\"https:\\\/\\\/radioleinewelle.de\\\/#organization\"},\"image\":{\"@id\":\"https:\\\/\\\/radioleinewelle.de\\\/index.php\\\/2025\\\/03\\\/20\\\/gefeierte-premiere-im-jungen-theater-stolz-und-vorurteiloder-so\\\/#primaryimage\"},\"thumbnailUrl\":\"https:\\\/\\\/radioleinewelle.de\\\/wp-content\\\/uploads\\\/2025\\\/03\\\/Stolz-und-Vorurteil-1_Foto-DHeise.jpg\",\"articleSection\":[\"Kultur\"],\"inLanguage\":\"de\",\"potentialAction\":[{\"@type\":\"CommentAction\",\"name\":\"Comment\",\"target\":[\"https:\\\/\\\/radioleinewelle.de\\\/index.php\\\/2025\\\/03\\\/20\\\/gefeierte-premiere-im-jungen-theater-stolz-und-vorurteiloder-so\\\/#respond\"]}]},{\"@type\":\"WebPage\",\"@id\":\"https:\\\/\\\/radioleinewelle.de\\\/index.php\\\/2025\\\/03\\\/20\\\/gefeierte-premiere-im-jungen-theater-stolz-und-vorurteiloder-so\\\/\",\"url\":\"https:\\\/\\\/radioleinewelle.de\\\/index.php\\\/2025\\\/03\\\/20\\\/gefeierte-premiere-im-jungen-theater-stolz-und-vorurteiloder-so\\\/\",\"name\":\"Gefeierte Premiere im Jungen Theater -\\\"Stolz und Vorurteil(oder so)\\\" - Radio Leinewelle\",\"isPartOf\":{\"@id\":\"https:\\\/\\\/radioleinewelle.de\\\/#website\"},\"primaryImageOfPage\":{\"@id\":\"https:\\\/\\\/radioleinewelle.de\\\/index.php\\\/2025\\\/03\\\/20\\\/gefeierte-premiere-im-jungen-theater-stolz-und-vorurteiloder-so\\\/#primaryimage\"},\"image\":{\"@id\":\"https:\\\/\\\/radioleinewelle.de\\\/index.php\\\/2025\\\/03\\\/20\\\/gefeierte-premiere-im-jungen-theater-stolz-und-vorurteiloder-so\\\/#primaryimage\"},\"thumbnailUrl\":\"https:\\\/\\\/radioleinewelle.de\\\/wp-content\\\/uploads\\\/2025\\\/03\\\/Stolz-und-Vorurteil-1_Foto-DHeise.jpg\",\"datePublished\":\"2025-03-20T08:00:05+00:00\",\"dateModified\":\"2025-03-21T08:01:16+00:00\",\"breadcrumb\":{\"@id\":\"https:\\\/\\\/radioleinewelle.de\\\/index.php\\\/2025\\\/03\\\/20\\\/gefeierte-premiere-im-jungen-theater-stolz-und-vorurteiloder-so\\\/#breadcrumb\"},\"inLanguage\":\"de\",\"potentialAction\":[{\"@type\":\"ReadAction\",\"target\":[\"https:\\\/\\\/radioleinewelle.de\\\/index.php\\\/2025\\\/03\\\/20\\\/gefeierte-premiere-im-jungen-theater-stolz-und-vorurteiloder-so\\\/\"]}]},{\"@type\":\"ImageObject\",\"inLanguage\":\"de\",\"@id\":\"https:\\\/\\\/radioleinewelle.de\\\/index.php\\\/2025\\\/03\\\/20\\\/gefeierte-premiere-im-jungen-theater-stolz-und-vorurteiloder-so\\\/#primaryimage\",\"url\":\"https:\\\/\\\/radioleinewelle.de\\\/wp-content\\\/uploads\\\/2025\\\/03\\\/Stolz-und-Vorurteil-1_Foto-DHeise.jpg\",\"contentUrl\":\"https:\\\/\\\/radioleinewelle.de\\\/wp-content\\\/uploads\\\/2025\\\/03\\\/Stolz-und-Vorurteil-1_Foto-DHeise.jpg\",\"width\":1772,\"height\":1181,\"caption\":\"StolzUndVorurteil\u00a9DorotheaHeise\"},{\"@type\":\"BreadcrumbList\",\"@id\":\"https:\\\/\\\/radioleinewelle.de\\\/index.php\\\/2025\\\/03\\\/20\\\/gefeierte-premiere-im-jungen-theater-stolz-und-vorurteiloder-so\\\/#breadcrumb\",\"itemListElement\":[{\"@type\":\"ListItem\",\"position\":1,\"name\":\"Startseite\",\"item\":\"https:\\\/\\\/radioleinewelle.de\\\/\"},{\"@type\":\"ListItem\",\"position\":2,\"name\":\"Gefeierte Premiere im Jungen Theater -&#8222;Stolz und Vorurteil(oder so)&#8220;\"}]},{\"@type\":\"WebSite\",\"@id\":\"https:\\\/\\\/radioleinewelle.de\\\/#website\",\"url\":\"https:\\\/\\\/radioleinewelle.de\\\/\",\"name\":\"Radio Leinewelle\",\"description\":\"\",\"publisher\":{\"@id\":\"https:\\\/\\\/radioleinewelle.de\\\/#organization\"},\"potentialAction\":[{\"@type\":\"SearchAction\",\"target\":{\"@type\":\"EntryPoint\",\"urlTemplate\":\"https:\\\/\\\/radioleinewelle.de\\\/?s={search_term_string}\"},\"query-input\":{\"@type\":\"PropertyValueSpecification\",\"valueRequired\":true,\"valueName\":\"search_term_string\"}}],\"inLanguage\":\"de\"},{\"@type\":\"Organization\",\"@id\":\"https:\\\/\\\/radioleinewelle.de\\\/#organization\",\"name\":\"Radio Leinewelle\",\"alternateName\":\"Mein Radio f\u00fcr S\u00fcdniedersachsen\",\"url\":\"https:\\\/\\\/radioleinewelle.de\\\/\",\"logo\":{\"@type\":\"ImageObject\",\"inLanguage\":\"de\",\"@id\":\"https:\\\/\\\/radioleinewelle.de\\\/#\\\/schema\\\/logo\\\/image\\\/\",\"url\":\"https:\\\/\\\/radioleinewelle.de\\\/wp-content\\\/uploads\\\/2023\\\/11\\\/cropped-Leinewelle_Logo_weiss.png\",\"contentUrl\":\"https:\\\/\\\/radioleinewelle.de\\\/wp-content\\\/uploads\\\/2023\\\/11\\\/cropped-Leinewelle_Logo_weiss.png\",\"width\":854,\"height\":260,\"caption\":\"Radio Leinewelle\"},\"image\":{\"@id\":\"https:\\\/\\\/radioleinewelle.de\\\/#\\\/schema\\\/logo\\\/image\\\/\"},\"sameAs\":[\"https:\\\/\\\/www.facebook.com\\\/radioleinewelle\",\"https:\\\/\\\/x.com\\\/RLeinewelle\",\"https:\\\/\\\/www.instagram.com\\\/radioleinewelle\\\/?hl=de\"]},{\"@type\":\"Person\",\"@id\":\"https:\\\/\\\/radioleinewelle.de\\\/#\\\/schema\\\/person\\\/45606f348637df637192dc1b68399a63\",\"name\":\"Leinewelle\",\"image\":{\"@type\":\"ImageObject\",\"inLanguage\":\"de\",\"@id\":\"https:\\\/\\\/secure.gravatar.com\\\/avatar\\\/05c9a17bc973052ee5d91549bd32fb4dd0dc85b7b85ae94b2e2b4943476bbea5?s=96&d=blank&r=g\",\"url\":\"https:\\\/\\\/secure.gravatar.com\\\/avatar\\\/05c9a17bc973052ee5d91549bd32fb4dd0dc85b7b85ae94b2e2b4943476bbea5?s=96&d=blank&r=g\",\"contentUrl\":\"https:\\\/\\\/secure.gravatar.com\\\/avatar\\\/05c9a17bc973052ee5d91549bd32fb4dd0dc85b7b85ae94b2e2b4943476bbea5?s=96&d=blank&r=g\",\"caption\":\"Leinewelle\"},\"sameAs\":[\"http:\\\/\\\/localhost\\\/radio%20leinewelle\\\/wordpress\",\"https:\\\/\\\/www.facebook.com\\\/radioleinewelle\",\"https:\\\/\\\/www.instagram.com\\\/radioleinewelle\",\"https:\\\/\\\/x.com\\\/https:\\\/\\\/twitter.com\\\/RLeinewelle?ref_src=twsrcgoogletwcampserptwgrauthor\",\"https:\\\/\\\/soundcloud.com\\\/foerderverein-lokalradio?utm_source=clipboard&utm_medium=text&utm_campaign=social_sharing\"],\"url\":\"https:\\\/\\\/radioleinewelle.de\\\/index.php\\\/author\\\/leinewelle\\\/\"}]}<\/script>\n<!-- \/ Yoast SEO plugin. -->","yoast_head_json":{"title":"Gefeierte Premiere im Jungen Theater -\"Stolz und Vorurteil(oder so)\" - Radio Leinewelle","robots":{"index":"index","follow":"follow","max-snippet":"max-snippet:-1","max-image-preview":"max-image-preview:large","max-video-preview":"max-video-preview:-1"},"canonical":"https:\/\/radioleinewelle.de\/index.php\/2025\/03\/20\/gefeierte-premiere-im-jungen-theater-stolz-und-vorurteiloder-so\/","og_locale":"de_DE","og_type":"article","og_title":"Gefeierte Premiere im Jungen Theater -\"Stolz und Vorurteil(oder so)\" - Radio Leinewelle","og_description":"Vergangenen Freitag feierte das Theaterst\u00fcck &#8222;Stolz und Vorurteil*(*oder so)&#8220; vor einem begeisterten Publikum im Jungen Theater Premiere. Die Kom\u00f6die von Isobel McArthur nach dem ber\u00fchmten Roman von Jane Austen ist ein St\u00fcck \u00fcber weibliche Selbsterm\u00e4chtigung, gesellschaftliche Beschr\u00e4nkungen und Abh\u00e4ngigkeiten. Hier zum Nachh\u00f6ren ein ausf\u00fchrlicher Bericht \u00fcber dieses absolut empfehlenswerte Theaterst\u00fcck. Weitere Vorstellungen und Infos www.junges-theater.de [&hellip;]","og_url":"https:\/\/radioleinewelle.de\/index.php\/2025\/03\/20\/gefeierte-premiere-im-jungen-theater-stolz-und-vorurteiloder-so\/","og_site_name":"Radio Leinewelle","article_publisher":"https:\/\/www.facebook.com\/radioleinewelle","article_author":"https:\/\/www.facebook.com\/radioleinewelle","article_published_time":"2025-03-20T08:00:05+00:00","article_modified_time":"2025-03-21T08:01:16+00:00","og_image":[{"width":1772,"height":1181,"url":"https:\/\/radioleinewelle.de\/wp-content\/uploads\/2025\/03\/Stolz-und-Vorurteil-1_Foto-DHeise.jpg","type":"image\/jpeg"}],"author":"Leinewelle","twitter_card":"summary_large_image","twitter_creator":"@https:\/\/twitter.com\/RLeinewelle?ref_src=twsrcgoogletwcampserptwgrauthor","twitter_site":"@RLeinewelle","twitter_misc":{"Verfasst von":"Leinewelle","Gesch\u00e4tzte Lesezeit":"1\u00a0Minute"},"schema":{"@context":"https:\/\/schema.org","@graph":[{"@type":"Article","@id":"https:\/\/radioleinewelle.de\/index.php\/2025\/03\/20\/gefeierte-premiere-im-jungen-theater-stolz-und-vorurteiloder-so\/#article","isPartOf":{"@id":"https:\/\/radioleinewelle.de\/index.php\/2025\/03\/20\/gefeierte-premiere-im-jungen-theater-stolz-und-vorurteiloder-so\/"},"author":{"name":"Leinewelle","@id":"https:\/\/radioleinewelle.de\/#\/schema\/person\/45606f348637df637192dc1b68399a63"},"headline":"Gefeierte Premiere im Jungen Theater -&#8222;Stolz und Vorurteil(oder so)&#8220;","datePublished":"2025-03-20T08:00:05+00:00","dateModified":"2025-03-21T08:01:16+00:00","mainEntityOfPage":{"@id":"https:\/\/radioleinewelle.de\/index.php\/2025\/03\/20\/gefeierte-premiere-im-jungen-theater-stolz-und-vorurteiloder-so\/"},"wordCount":93,"commentCount":0,"publisher":{"@id":"https:\/\/radioleinewelle.de\/#organization"},"image":{"@id":"https:\/\/radioleinewelle.de\/index.php\/2025\/03\/20\/gefeierte-premiere-im-jungen-theater-stolz-und-vorurteiloder-so\/#primaryimage"},"thumbnailUrl":"https:\/\/radioleinewelle.de\/wp-content\/uploads\/2025\/03\/Stolz-und-Vorurteil-1_Foto-DHeise.jpg","articleSection":["Kultur"],"inLanguage":"de","potentialAction":[{"@type":"CommentAction","name":"Comment","target":["https:\/\/radioleinewelle.de\/index.php\/2025\/03\/20\/gefeierte-premiere-im-jungen-theater-stolz-und-vorurteiloder-so\/#respond"]}]},{"@type":"WebPage","@id":"https:\/\/radioleinewelle.de\/index.php\/2025\/03\/20\/gefeierte-premiere-im-jungen-theater-stolz-und-vorurteiloder-so\/","url":"https:\/\/radioleinewelle.de\/index.php\/2025\/03\/20\/gefeierte-premiere-im-jungen-theater-stolz-und-vorurteiloder-so\/","name":"Gefeierte Premiere im Jungen Theater -\"Stolz und Vorurteil(oder so)\" - Radio Leinewelle","isPartOf":{"@id":"https:\/\/radioleinewelle.de\/#website"},"primaryImageOfPage":{"@id":"https:\/\/radioleinewelle.de\/index.php\/2025\/03\/20\/gefeierte-premiere-im-jungen-theater-stolz-und-vorurteiloder-so\/#primaryimage"},"image":{"@id":"https:\/\/radioleinewelle.de\/index.php\/2025\/03\/20\/gefeierte-premiere-im-jungen-theater-stolz-und-vorurteiloder-so\/#primaryimage"},"thumbnailUrl":"https:\/\/radioleinewelle.de\/wp-content\/uploads\/2025\/03\/Stolz-und-Vorurteil-1_Foto-DHeise.jpg","datePublished":"2025-03-20T08:00:05+00:00","dateModified":"2025-03-21T08:01:16+00:00","breadcrumb":{"@id":"https:\/\/radioleinewelle.de\/index.php\/2025\/03\/20\/gefeierte-premiere-im-jungen-theater-stolz-und-vorurteiloder-so\/#breadcrumb"},"inLanguage":"de","potentialAction":[{"@type":"ReadAction","target":["https:\/\/radioleinewelle.de\/index.php\/2025\/03\/20\/gefeierte-premiere-im-jungen-theater-stolz-und-vorurteiloder-so\/"]}]},{"@type":"ImageObject","inLanguage":"de","@id":"https:\/\/radioleinewelle.de\/index.php\/2025\/03\/20\/gefeierte-premiere-im-jungen-theater-stolz-und-vorurteiloder-so\/#primaryimage","url":"https:\/\/radioleinewelle.de\/wp-content\/uploads\/2025\/03\/Stolz-und-Vorurteil-1_Foto-DHeise.jpg","contentUrl":"https:\/\/radioleinewelle.de\/wp-content\/uploads\/2025\/03\/Stolz-und-Vorurteil-1_Foto-DHeise.jpg","width":1772,"height":1181,"caption":"StolzUndVorurteil\u00a9DorotheaHeise"},{"@type":"BreadcrumbList","@id":"https:\/\/radioleinewelle.de\/index.php\/2025\/03\/20\/gefeierte-premiere-im-jungen-theater-stolz-und-vorurteiloder-so\/#breadcrumb","itemListElement":[{"@type":"ListItem","position":1,"name":"Startseite","item":"https:\/\/radioleinewelle.de\/"},{"@type":"ListItem","position":2,"name":"Gefeierte Premiere im Jungen Theater -&#8222;Stolz und Vorurteil(oder so)&#8220;"}]},{"@type":"WebSite","@id":"https:\/\/radioleinewelle.de\/#website","url":"https:\/\/radioleinewelle.de\/","name":"Radio Leinewelle","description":"","publisher":{"@id":"https:\/\/radioleinewelle.de\/#organization"},"potentialAction":[{"@type":"SearchAction","target":{"@type":"EntryPoint","urlTemplate":"https:\/\/radioleinewelle.de\/?s={search_term_string}"},"query-input":{"@type":"PropertyValueSpecification","valueRequired":true,"valueName":"search_term_string"}}],"inLanguage":"de"},{"@type":"Organization","@id":"https:\/\/radioleinewelle.de\/#organization","name":"Radio Leinewelle","alternateName":"Mein Radio f\u00fcr S\u00fcdniedersachsen","url":"https:\/\/radioleinewelle.de\/","logo":{"@type":"ImageObject","inLanguage":"de","@id":"https:\/\/radioleinewelle.de\/#\/schema\/logo\/image\/","url":"https:\/\/radioleinewelle.de\/wp-content\/uploads\/2023\/11\/cropped-Leinewelle_Logo_weiss.png","contentUrl":"https:\/\/radioleinewelle.de\/wp-content\/uploads\/2023\/11\/cropped-Leinewelle_Logo_weiss.png","width":854,"height":260,"caption":"Radio Leinewelle"},"image":{"@id":"https:\/\/radioleinewelle.de\/#\/schema\/logo\/image\/"},"sameAs":["https:\/\/www.facebook.com\/radioleinewelle","https:\/\/x.com\/RLeinewelle","https:\/\/www.instagram.com\/radioleinewelle\/?hl=de"]},{"@type":"Person","@id":"https:\/\/radioleinewelle.de\/#\/schema\/person\/45606f348637df637192dc1b68399a63","name":"Leinewelle","image":{"@type":"ImageObject","inLanguage":"de","@id":"https:\/\/secure.gravatar.com\/avatar\/05c9a17bc973052ee5d91549bd32fb4dd0dc85b7b85ae94b2e2b4943476bbea5?s=96&d=blank&r=g","url":"https:\/\/secure.gravatar.com\/avatar\/05c9a17bc973052ee5d91549bd32fb4dd0dc85b7b85ae94b2e2b4943476bbea5?s=96&d=blank&r=g","contentUrl":"https:\/\/secure.gravatar.com\/avatar\/05c9a17bc973052ee5d91549bd32fb4dd0dc85b7b85ae94b2e2b4943476bbea5?s=96&d=blank&r=g","caption":"Leinewelle"},"sameAs":["http:\/\/localhost\/radio%20leinewelle\/wordpress","https:\/\/www.facebook.com\/radioleinewelle","https:\/\/www.instagram.com\/radioleinewelle","https:\/\/x.com\/https:\/\/twitter.com\/RLeinewelle?ref_src=twsrcgoogletwcampserptwgrauthor","https:\/\/soundcloud.com\/foerderverein-lokalradio?utm_source=clipboard&utm_medium=text&utm_campaign=social_sharing"],"url":"https:\/\/radioleinewelle.de\/index.php\/author\/leinewelle\/"}]}},"_links":{"self":[{"href":"https:\/\/radioleinewelle.de\/index.php\/wp-json\/wp\/v2\/posts\/27738","targetHints":{"allow":["GET"]}}],"collection":[{"href":"https:\/\/radioleinewelle.de\/index.php\/wp-json\/wp\/v2\/posts"}],"about":[{"href":"https:\/\/radioleinewelle.de\/index.php\/wp-json\/wp\/v2\/types\/post"}],"author":[{"embeddable":true,"href":"https:\/\/radioleinewelle.de\/index.php\/wp-json\/wp\/v2\/users\/1"}],"replies":[{"embeddable":true,"href":"https:\/\/radioleinewelle.de\/index.php\/wp-json\/wp\/v2\/comments?post=27738"}],"version-history":[{"count":4,"href":"https:\/\/radioleinewelle.de\/index.php\/wp-json\/wp\/v2\/posts\/27738\/revisions"}],"predecessor-version":[{"id":27745,"href":"https:\/\/radioleinewelle.de\/index.php\/wp-json\/wp\/v2\/posts\/27738\/revisions\/27745"}],"wp:featuredmedia":[{"embeddable":true,"href":"https:\/\/radioleinewelle.de\/index.php\/wp-json\/wp\/v2\/media\/27742"}],"wp:attachment":[{"href":"https:\/\/radioleinewelle.de\/index.php\/wp-json\/wp\/v2\/media?parent=27738"}],"wp:term":[{"taxonomy":"category","embeddable":true,"href":"https:\/\/radioleinewelle.de\/index.php\/wp-json\/wp\/v2\/categories?post=27738"},{"taxonomy":"post_tag","embeddable":true,"href":"https:\/\/radioleinewelle.de\/index.php\/wp-json\/wp\/v2\/tags?post=27738"}],"curies":[{"name":"wp","href":"https:\/\/api.w.org\/{rel}","templated":true}]}}