{"id":27753,"date":"2025-03-28T15:58:31","date_gmt":"2025-03-28T14:58:31","guid":{"rendered":"https:\/\/radioleinewelle.de\/?p=27753"},"modified":"2025-04-09T11:07:33","modified_gmt":"2025-04-09T09:07:33","slug":"kunsthaus-goettingen-zeigt-juergen-teller-auschwitz-birkenau","status":"publish","type":"post","link":"https:\/\/radioleinewelle.de\/index.php\/2025\/03\/28\/kunsthaus-goettingen-zeigt-juergen-teller-auschwitz-birkenau\/","title":{"rendered":"Kunsthaus G\u00f6ttingen zeigt Juergen Teller &#8211; &#8222;Auschwitz Birkenau&#8220;"},"content":{"rendered":"\n<p>Das Kunsthaus G\u00f6ttingen meldet sich spektakul\u00e4r zur\u00fcck. Am Wochenende wird eine Ausstellung mit Fotoarbeiten des weltweit bekannten K\u00fcnstlers Juergen Teller im Kunsthaus G\u00f6ttingen er\u00f6ffnet. Pr\u00e4sentiert werden Fotografien von Teller aus der KZ Gedenkst\u00e4tte Auschwitz, sowie eine begleitende Kabinettausstellung von Christoph Heubner und Mich\u00e8le D\u00e9odat. Die Bilder sind nicht mit einem aufwendigen technischen Equipment entstanden, sondern mittels iPhone angefertigt worden. \u00dcber die Entstehung der Ausstellung haben wir im Vorfeld mit Gerhard Steidl, der den K\u00fcnstler in Auschwitz begleitet hat, gesprochen.<\/p>\n\n\n\n<figure class=\"wp-block-audio\"><audio controls src=\"https:\/\/radioleinewelle.de\/wp-content\/uploads\/2025\/03\/Gerhard-Steidl-Interview-bearbeitet.mp3\"><\/audio><\/figure>\n\n\n\n<p>Die Ausstellung wird heute Abend im Beisein des K\u00fcnstlers er\u00f6ffnet. Das Kunsthaus G\u00f6ttingen bietet zudem ein umfangreiches Begleitprogramm, das autobiographische Ann\u00e4herungen und eine Auseinandersetzung mit der Thematik erm\u00f6glicht.<\/p>\n\n\n\n<p><strong>Mehr unter:<\/strong> <a href=\"http:\/\/kunsthaus-goettingen.de\">kunsthaus-goettingen.de<\/a><\/p>\n\n\n\n<p><strong>Foto: <\/strong>OB Petra Broistedt, Gerhard Steidl und Johannes Peter Herberhold anl\u00e4\u00dflich der Pr\u00e4sentation des neues Konzepts f\u00fcr das Kunsthaus G\u00f6ttingen<br>\u00a9Radioleinewelle (ue)<\/p>\n","protected":false},"excerpt":{"rendered":"<p>Das Kunsthaus G\u00f6ttingen meldet sich spektakul\u00e4r zur\u00fcck. Am Wochenende wird eine Ausstellung mit Fotoarbeiten des weltweit bekannten K\u00fcnstlers Juergen Teller im Kunsthaus G\u00f6ttingen er\u00f6ffnet. Pr\u00e4sentiert werden Fotografien von Teller aus der KZ Gedenkst\u00e4tte Auschwitz, sowie eine begleitende Kabinettausstellung von Christoph Heubner und Mich\u00e8le D\u00e9odat. Die Bilder sind nicht mit einem aufwendigen technischen Equipment entstanden, sondern [&hellip;]<\/p>\n","protected":false},"author":1,"featured_media":27756,"comment_status":"open","ping_status":"open","sticky":false,"template":"","format":"standard","meta":{"saved_in_kubio":false,"footnotes":""},"categories":[2930,45],"tags":[],"class_list":["post-27753","post","type-post","status-publish","format-standard","has-post-thumbnail","hentry","category-ausstellungen","category-kultur"],"yoast_head":"<!-- This site is optimized with the Yoast SEO plugin v27.4 - https:\/\/yoast.com\/product\/yoast-seo-wordpress\/ -->\n<title>Kunsthaus G\u00f6ttingen zeigt Juergen Teller - &quot;Auschwitz Birkenau&quot; - Radio Leinewelle<\/title>\n<meta name=\"robots\" content=\"index, follow, max-snippet:-1, max-image-preview:large, max-video-preview:-1\" \/>\n<link rel=\"canonical\" href=\"https:\/\/radioleinewelle.de\/index.php\/2025\/03\/28\/kunsthaus-goettingen-zeigt-juergen-teller-auschwitz-birkenau\/\" \/>\n<meta property=\"og:locale\" content=\"de_DE\" \/>\n<meta property=\"og:type\" content=\"article\" \/>\n<meta property=\"og:title\" content=\"Kunsthaus G\u00f6ttingen zeigt Juergen Teller - &quot;Auschwitz Birkenau&quot; - Radio Leinewelle\" \/>\n<meta property=\"og:description\" content=\"Das Kunsthaus G\u00f6ttingen meldet sich spektakul\u00e4r zur\u00fcck. Am Wochenende wird eine Ausstellung mit Fotoarbeiten des weltweit bekannten K\u00fcnstlers Juergen Teller im Kunsthaus G\u00f6ttingen er\u00f6ffnet. Pr\u00e4sentiert werden Fotografien von Teller aus der KZ Gedenkst\u00e4tte Auschwitz, sowie eine begleitende Kabinettausstellung von Christoph Heubner und Mich\u00e8le D\u00e9odat. Die Bilder sind nicht mit einem aufwendigen technischen Equipment entstanden, sondern [&hellip;]\" \/>\n<meta property=\"og:url\" content=\"https:\/\/radioleinewelle.de\/index.php\/2025\/03\/28\/kunsthaus-goettingen-zeigt-juergen-teller-auschwitz-birkenau\/\" \/>\n<meta property=\"og:site_name\" content=\"Radio Leinewelle\" \/>\n<meta property=\"article:publisher\" content=\"https:\/\/www.facebook.com\/radioleinewelle\" \/>\n<meta property=\"article:author\" content=\"https:\/\/www.facebook.com\/radioleinewelle\" \/>\n<meta property=\"article:published_time\" content=\"2025-03-28T14:58:31+00:00\" \/>\n<meta property=\"article:modified_time\" content=\"2025-04-09T09:07:33+00:00\" \/>\n<meta property=\"og:image\" content=\"https:\/\/radioleinewelle.de\/wp-content\/uploads\/2025\/03\/Kunsthaus-Reloaded-2025-scaled.jpg\" \/>\n\t<meta property=\"og:image:width\" content=\"2560\" \/>\n\t<meta property=\"og:image:height\" content=\"1920\" \/>\n\t<meta property=\"og:image:type\" content=\"image\/jpeg\" \/>\n<meta name=\"author\" content=\"Leinewelle\" \/>\n<meta name=\"twitter:card\" content=\"summary_large_image\" \/>\n<meta name=\"twitter:creator\" content=\"@https:\/\/twitter.com\/RLeinewelle?ref_src=twsrcgoogletwcampserptwgrauthor\" \/>\n<meta name=\"twitter:site\" content=\"@RLeinewelle\" \/>\n<meta name=\"twitter:label1\" content=\"Verfasst von\" \/>\n\t<meta name=\"twitter:data1\" content=\"Leinewelle\" \/>\n\t<meta name=\"twitter:label2\" content=\"Gesch\u00e4tzte Lesezeit\" \/>\n\t<meta name=\"twitter:data2\" content=\"1\u00a0Minute\" \/>\n<script type=\"application\/ld+json\" class=\"yoast-schema-graph\">{\"@context\":\"https:\\\/\\\/schema.org\",\"@graph\":[{\"@type\":\"Article\",\"@id\":\"https:\\\/\\\/radioleinewelle.de\\\/index.php\\\/2025\\\/03\\\/28\\\/kunsthaus-goettingen-zeigt-juergen-teller-auschwitz-birkenau\\\/#article\",\"isPartOf\":{\"@id\":\"https:\\\/\\\/radioleinewelle.de\\\/index.php\\\/2025\\\/03\\\/28\\\/kunsthaus-goettingen-zeigt-juergen-teller-auschwitz-birkenau\\\/\"},\"author\":{\"name\":\"Leinewelle\",\"@id\":\"https:\\\/\\\/radioleinewelle.de\\\/#\\\/schema\\\/person\\\/45606f348637df637192dc1b68399a63\"},\"headline\":\"Kunsthaus G\u00f6ttingen zeigt Juergen Teller &#8211; &#8222;Auschwitz Birkenau&#8220;\",\"datePublished\":\"2025-03-28T14:58:31+00:00\",\"dateModified\":\"2025-04-09T09:07:33+00:00\",\"mainEntityOfPage\":{\"@id\":\"https:\\\/\\\/radioleinewelle.de\\\/index.php\\\/2025\\\/03\\\/28\\\/kunsthaus-goettingen-zeigt-juergen-teller-auschwitz-birkenau\\\/\"},\"wordCount\":162,\"commentCount\":0,\"publisher\":{\"@id\":\"https:\\\/\\\/radioleinewelle.de\\\/#organization\"},\"image\":{\"@id\":\"https:\\\/\\\/radioleinewelle.de\\\/index.php\\\/2025\\\/03\\\/28\\\/kunsthaus-goettingen-zeigt-juergen-teller-auschwitz-birkenau\\\/#primaryimage\"},\"thumbnailUrl\":\"https:\\\/\\\/radioleinewelle.de\\\/wp-content\\\/uploads\\\/2025\\\/03\\\/Kunsthaus-Reloaded-2025-scaled.jpg\",\"articleSection\":[\"Ausstellungen\",\"Kultur\"],\"inLanguage\":\"de\",\"potentialAction\":[{\"@type\":\"CommentAction\",\"name\":\"Comment\",\"target\":[\"https:\\\/\\\/radioleinewelle.de\\\/index.php\\\/2025\\\/03\\\/28\\\/kunsthaus-goettingen-zeigt-juergen-teller-auschwitz-birkenau\\\/#respond\"]}]},{\"@type\":\"WebPage\",\"@id\":\"https:\\\/\\\/radioleinewelle.de\\\/index.php\\\/2025\\\/03\\\/28\\\/kunsthaus-goettingen-zeigt-juergen-teller-auschwitz-birkenau\\\/\",\"url\":\"https:\\\/\\\/radioleinewelle.de\\\/index.php\\\/2025\\\/03\\\/28\\\/kunsthaus-goettingen-zeigt-juergen-teller-auschwitz-birkenau\\\/\",\"name\":\"Kunsthaus G\u00f6ttingen zeigt Juergen Teller - \\\"Auschwitz Birkenau\\\" - Radio Leinewelle\",\"isPartOf\":{\"@id\":\"https:\\\/\\\/radioleinewelle.de\\\/#website\"},\"primaryImageOfPage\":{\"@id\":\"https:\\\/\\\/radioleinewelle.de\\\/index.php\\\/2025\\\/03\\\/28\\\/kunsthaus-goettingen-zeigt-juergen-teller-auschwitz-birkenau\\\/#primaryimage\"},\"image\":{\"@id\":\"https:\\\/\\\/radioleinewelle.de\\\/index.php\\\/2025\\\/03\\\/28\\\/kunsthaus-goettingen-zeigt-juergen-teller-auschwitz-birkenau\\\/#primaryimage\"},\"thumbnailUrl\":\"https:\\\/\\\/radioleinewelle.de\\\/wp-content\\\/uploads\\\/2025\\\/03\\\/Kunsthaus-Reloaded-2025-scaled.jpg\",\"datePublished\":\"2025-03-28T14:58:31+00:00\",\"dateModified\":\"2025-04-09T09:07:33+00:00\",\"breadcrumb\":{\"@id\":\"https:\\\/\\\/radioleinewelle.de\\\/index.php\\\/2025\\\/03\\\/28\\\/kunsthaus-goettingen-zeigt-juergen-teller-auschwitz-birkenau\\\/#breadcrumb\"},\"inLanguage\":\"de\",\"potentialAction\":[{\"@type\":\"ReadAction\",\"target\":[\"https:\\\/\\\/radioleinewelle.de\\\/index.php\\\/2025\\\/03\\\/28\\\/kunsthaus-goettingen-zeigt-juergen-teller-auschwitz-birkenau\\\/\"]}]},{\"@type\":\"ImageObject\",\"inLanguage\":\"de\",\"@id\":\"https:\\\/\\\/radioleinewelle.de\\\/index.php\\\/2025\\\/03\\\/28\\\/kunsthaus-goettingen-zeigt-juergen-teller-auschwitz-birkenau\\\/#primaryimage\",\"url\":\"https:\\\/\\\/radioleinewelle.de\\\/wp-content\\\/uploads\\\/2025\\\/03\\\/Kunsthaus-Reloaded-2025-scaled.jpg\",\"contentUrl\":\"https:\\\/\\\/radioleinewelle.de\\\/wp-content\\\/uploads\\\/2025\\\/03\\\/Kunsthaus-Reloaded-2025-scaled.jpg\",\"width\":2560,\"height\":1920},{\"@type\":\"BreadcrumbList\",\"@id\":\"https:\\\/\\\/radioleinewelle.de\\\/index.php\\\/2025\\\/03\\\/28\\\/kunsthaus-goettingen-zeigt-juergen-teller-auschwitz-birkenau\\\/#breadcrumb\",\"itemListElement\":[{\"@type\":\"ListItem\",\"position\":1,\"name\":\"Startseite\",\"item\":\"https:\\\/\\\/radioleinewelle.de\\\/\"},{\"@type\":\"ListItem\",\"position\":2,\"name\":\"Kunsthaus G\u00f6ttingen zeigt Juergen Teller &#8211; &#8222;Auschwitz Birkenau&#8220;\"}]},{\"@type\":\"WebSite\",\"@id\":\"https:\\\/\\\/radioleinewelle.de\\\/#website\",\"url\":\"https:\\\/\\\/radioleinewelle.de\\\/\",\"name\":\"Radio Leinewelle\",\"description\":\"\",\"publisher\":{\"@id\":\"https:\\\/\\\/radioleinewelle.de\\\/#organization\"},\"potentialAction\":[{\"@type\":\"SearchAction\",\"target\":{\"@type\":\"EntryPoint\",\"urlTemplate\":\"https:\\\/\\\/radioleinewelle.de\\\/?s={search_term_string}\"},\"query-input\":{\"@type\":\"PropertyValueSpecification\",\"valueRequired\":true,\"valueName\":\"search_term_string\"}}],\"inLanguage\":\"de\"},{\"@type\":\"Organization\",\"@id\":\"https:\\\/\\\/radioleinewelle.de\\\/#organization\",\"name\":\"Radio Leinewelle\",\"alternateName\":\"Mein Radio f\u00fcr S\u00fcdniedersachsen\",\"url\":\"https:\\\/\\\/radioleinewelle.de\\\/\",\"logo\":{\"@type\":\"ImageObject\",\"inLanguage\":\"de\",\"@id\":\"https:\\\/\\\/radioleinewelle.de\\\/#\\\/schema\\\/logo\\\/image\\\/\",\"url\":\"https:\\\/\\\/radioleinewelle.de\\\/wp-content\\\/uploads\\\/2023\\\/11\\\/cropped-Leinewelle_Logo_weiss.png\",\"contentUrl\":\"https:\\\/\\\/radioleinewelle.de\\\/wp-content\\\/uploads\\\/2023\\\/11\\\/cropped-Leinewelle_Logo_weiss.png\",\"width\":854,\"height\":260,\"caption\":\"Radio Leinewelle\"},\"image\":{\"@id\":\"https:\\\/\\\/radioleinewelle.de\\\/#\\\/schema\\\/logo\\\/image\\\/\"},\"sameAs\":[\"https:\\\/\\\/www.facebook.com\\\/radioleinewelle\",\"https:\\\/\\\/x.com\\\/RLeinewelle\",\"https:\\\/\\\/www.instagram.com\\\/radioleinewelle\\\/?hl=de\"]},{\"@type\":\"Person\",\"@id\":\"https:\\\/\\\/radioleinewelle.de\\\/#\\\/schema\\\/person\\\/45606f348637df637192dc1b68399a63\",\"name\":\"Leinewelle\",\"image\":{\"@type\":\"ImageObject\",\"inLanguage\":\"de\",\"@id\":\"https:\\\/\\\/secure.gravatar.com\\\/avatar\\\/05c9a17bc973052ee5d91549bd32fb4dd0dc85b7b85ae94b2e2b4943476bbea5?s=96&d=blank&r=g\",\"url\":\"https:\\\/\\\/secure.gravatar.com\\\/avatar\\\/05c9a17bc973052ee5d91549bd32fb4dd0dc85b7b85ae94b2e2b4943476bbea5?s=96&d=blank&r=g\",\"contentUrl\":\"https:\\\/\\\/secure.gravatar.com\\\/avatar\\\/05c9a17bc973052ee5d91549bd32fb4dd0dc85b7b85ae94b2e2b4943476bbea5?s=96&d=blank&r=g\",\"caption\":\"Leinewelle\"},\"sameAs\":[\"http:\\\/\\\/localhost\\\/radio%20leinewelle\\\/wordpress\",\"https:\\\/\\\/www.facebook.com\\\/radioleinewelle\",\"https:\\\/\\\/www.instagram.com\\\/radioleinewelle\",\"https:\\\/\\\/x.com\\\/https:\\\/\\\/twitter.com\\\/RLeinewelle?ref_src=twsrcgoogletwcampserptwgrauthor\",\"https:\\\/\\\/soundcloud.com\\\/foerderverein-lokalradio?utm_source=clipboard&utm_medium=text&utm_campaign=social_sharing\"],\"url\":\"https:\\\/\\\/radioleinewelle.de\\\/index.php\\\/author\\\/leinewelle\\\/\"}]}<\/script>\n<!-- \/ Yoast SEO plugin. -->","yoast_head_json":{"title":"Kunsthaus G\u00f6ttingen zeigt Juergen Teller - \"Auschwitz Birkenau\" - Radio Leinewelle","robots":{"index":"index","follow":"follow","max-snippet":"max-snippet:-1","max-image-preview":"max-image-preview:large","max-video-preview":"max-video-preview:-1"},"canonical":"https:\/\/radioleinewelle.de\/index.php\/2025\/03\/28\/kunsthaus-goettingen-zeigt-juergen-teller-auschwitz-birkenau\/","og_locale":"de_DE","og_type":"article","og_title":"Kunsthaus G\u00f6ttingen zeigt Juergen Teller - \"Auschwitz Birkenau\" - Radio Leinewelle","og_description":"Das Kunsthaus G\u00f6ttingen meldet sich spektakul\u00e4r zur\u00fcck. Am Wochenende wird eine Ausstellung mit Fotoarbeiten des weltweit bekannten K\u00fcnstlers Juergen Teller im Kunsthaus G\u00f6ttingen er\u00f6ffnet. Pr\u00e4sentiert werden Fotografien von Teller aus der KZ Gedenkst\u00e4tte Auschwitz, sowie eine begleitende Kabinettausstellung von Christoph Heubner und Mich\u00e8le D\u00e9odat. Die Bilder sind nicht mit einem aufwendigen technischen Equipment entstanden, sondern [&hellip;]","og_url":"https:\/\/radioleinewelle.de\/index.php\/2025\/03\/28\/kunsthaus-goettingen-zeigt-juergen-teller-auschwitz-birkenau\/","og_site_name":"Radio Leinewelle","article_publisher":"https:\/\/www.facebook.com\/radioleinewelle","article_author":"https:\/\/www.facebook.com\/radioleinewelle","article_published_time":"2025-03-28T14:58:31+00:00","article_modified_time":"2025-04-09T09:07:33+00:00","og_image":[{"width":2560,"height":1920,"url":"https:\/\/radioleinewelle.de\/wp-content\/uploads\/2025\/03\/Kunsthaus-Reloaded-2025-scaled.jpg","type":"image\/jpeg"}],"author":"Leinewelle","twitter_card":"summary_large_image","twitter_creator":"@https:\/\/twitter.com\/RLeinewelle?ref_src=twsrcgoogletwcampserptwgrauthor","twitter_site":"@RLeinewelle","twitter_misc":{"Verfasst von":"Leinewelle","Gesch\u00e4tzte Lesezeit":"1\u00a0Minute"},"schema":{"@context":"https:\/\/schema.org","@graph":[{"@type":"Article","@id":"https:\/\/radioleinewelle.de\/index.php\/2025\/03\/28\/kunsthaus-goettingen-zeigt-juergen-teller-auschwitz-birkenau\/#article","isPartOf":{"@id":"https:\/\/radioleinewelle.de\/index.php\/2025\/03\/28\/kunsthaus-goettingen-zeigt-juergen-teller-auschwitz-birkenau\/"},"author":{"name":"Leinewelle","@id":"https:\/\/radioleinewelle.de\/#\/schema\/person\/45606f348637df637192dc1b68399a63"},"headline":"Kunsthaus G\u00f6ttingen zeigt Juergen Teller &#8211; &#8222;Auschwitz Birkenau&#8220;","datePublished":"2025-03-28T14:58:31+00:00","dateModified":"2025-04-09T09:07:33+00:00","mainEntityOfPage":{"@id":"https:\/\/radioleinewelle.de\/index.php\/2025\/03\/28\/kunsthaus-goettingen-zeigt-juergen-teller-auschwitz-birkenau\/"},"wordCount":162,"commentCount":0,"publisher":{"@id":"https:\/\/radioleinewelle.de\/#organization"},"image":{"@id":"https:\/\/radioleinewelle.de\/index.php\/2025\/03\/28\/kunsthaus-goettingen-zeigt-juergen-teller-auschwitz-birkenau\/#primaryimage"},"thumbnailUrl":"https:\/\/radioleinewelle.de\/wp-content\/uploads\/2025\/03\/Kunsthaus-Reloaded-2025-scaled.jpg","articleSection":["Ausstellungen","Kultur"],"inLanguage":"de","potentialAction":[{"@type":"CommentAction","name":"Comment","target":["https:\/\/radioleinewelle.de\/index.php\/2025\/03\/28\/kunsthaus-goettingen-zeigt-juergen-teller-auschwitz-birkenau\/#respond"]}]},{"@type":"WebPage","@id":"https:\/\/radioleinewelle.de\/index.php\/2025\/03\/28\/kunsthaus-goettingen-zeigt-juergen-teller-auschwitz-birkenau\/","url":"https:\/\/radioleinewelle.de\/index.php\/2025\/03\/28\/kunsthaus-goettingen-zeigt-juergen-teller-auschwitz-birkenau\/","name":"Kunsthaus G\u00f6ttingen zeigt Juergen Teller - \"Auschwitz Birkenau\" - Radio Leinewelle","isPartOf":{"@id":"https:\/\/radioleinewelle.de\/#website"},"primaryImageOfPage":{"@id":"https:\/\/radioleinewelle.de\/index.php\/2025\/03\/28\/kunsthaus-goettingen-zeigt-juergen-teller-auschwitz-birkenau\/#primaryimage"},"image":{"@id":"https:\/\/radioleinewelle.de\/index.php\/2025\/03\/28\/kunsthaus-goettingen-zeigt-juergen-teller-auschwitz-birkenau\/#primaryimage"},"thumbnailUrl":"https:\/\/radioleinewelle.de\/wp-content\/uploads\/2025\/03\/Kunsthaus-Reloaded-2025-scaled.jpg","datePublished":"2025-03-28T14:58:31+00:00","dateModified":"2025-04-09T09:07:33+00:00","breadcrumb":{"@id":"https:\/\/radioleinewelle.de\/index.php\/2025\/03\/28\/kunsthaus-goettingen-zeigt-juergen-teller-auschwitz-birkenau\/#breadcrumb"},"inLanguage":"de","potentialAction":[{"@type":"ReadAction","target":["https:\/\/radioleinewelle.de\/index.php\/2025\/03\/28\/kunsthaus-goettingen-zeigt-juergen-teller-auschwitz-birkenau\/"]}]},{"@type":"ImageObject","inLanguage":"de","@id":"https:\/\/radioleinewelle.de\/index.php\/2025\/03\/28\/kunsthaus-goettingen-zeigt-juergen-teller-auschwitz-birkenau\/#primaryimage","url":"https:\/\/radioleinewelle.de\/wp-content\/uploads\/2025\/03\/Kunsthaus-Reloaded-2025-scaled.jpg","contentUrl":"https:\/\/radioleinewelle.de\/wp-content\/uploads\/2025\/03\/Kunsthaus-Reloaded-2025-scaled.jpg","width":2560,"height":1920},{"@type":"BreadcrumbList","@id":"https:\/\/radioleinewelle.de\/index.php\/2025\/03\/28\/kunsthaus-goettingen-zeigt-juergen-teller-auschwitz-birkenau\/#breadcrumb","itemListElement":[{"@type":"ListItem","position":1,"name":"Startseite","item":"https:\/\/radioleinewelle.de\/"},{"@type":"ListItem","position":2,"name":"Kunsthaus G\u00f6ttingen zeigt Juergen Teller &#8211; &#8222;Auschwitz Birkenau&#8220;"}]},{"@type":"WebSite","@id":"https:\/\/radioleinewelle.de\/#website","url":"https:\/\/radioleinewelle.de\/","name":"Radio Leinewelle","description":"","publisher":{"@id":"https:\/\/radioleinewelle.de\/#organization"},"potentialAction":[{"@type":"SearchAction","target":{"@type":"EntryPoint","urlTemplate":"https:\/\/radioleinewelle.de\/?s={search_term_string}"},"query-input":{"@type":"PropertyValueSpecification","valueRequired":true,"valueName":"search_term_string"}}],"inLanguage":"de"},{"@type":"Organization","@id":"https:\/\/radioleinewelle.de\/#organization","name":"Radio Leinewelle","alternateName":"Mein Radio f\u00fcr S\u00fcdniedersachsen","url":"https:\/\/radioleinewelle.de\/","logo":{"@type":"ImageObject","inLanguage":"de","@id":"https:\/\/radioleinewelle.de\/#\/schema\/logo\/image\/","url":"https:\/\/radioleinewelle.de\/wp-content\/uploads\/2023\/11\/cropped-Leinewelle_Logo_weiss.png","contentUrl":"https:\/\/radioleinewelle.de\/wp-content\/uploads\/2023\/11\/cropped-Leinewelle_Logo_weiss.png","width":854,"height":260,"caption":"Radio Leinewelle"},"image":{"@id":"https:\/\/radioleinewelle.de\/#\/schema\/logo\/image\/"},"sameAs":["https:\/\/www.facebook.com\/radioleinewelle","https:\/\/x.com\/RLeinewelle","https:\/\/www.instagram.com\/radioleinewelle\/?hl=de"]},{"@type":"Person","@id":"https:\/\/radioleinewelle.de\/#\/schema\/person\/45606f348637df637192dc1b68399a63","name":"Leinewelle","image":{"@type":"ImageObject","inLanguage":"de","@id":"https:\/\/secure.gravatar.com\/avatar\/05c9a17bc973052ee5d91549bd32fb4dd0dc85b7b85ae94b2e2b4943476bbea5?s=96&d=blank&r=g","url":"https:\/\/secure.gravatar.com\/avatar\/05c9a17bc973052ee5d91549bd32fb4dd0dc85b7b85ae94b2e2b4943476bbea5?s=96&d=blank&r=g","contentUrl":"https:\/\/secure.gravatar.com\/avatar\/05c9a17bc973052ee5d91549bd32fb4dd0dc85b7b85ae94b2e2b4943476bbea5?s=96&d=blank&r=g","caption":"Leinewelle"},"sameAs":["http:\/\/localhost\/radio%20leinewelle\/wordpress","https:\/\/www.facebook.com\/radioleinewelle","https:\/\/www.instagram.com\/radioleinewelle","https:\/\/x.com\/https:\/\/twitter.com\/RLeinewelle?ref_src=twsrcgoogletwcampserptwgrauthor","https:\/\/soundcloud.com\/foerderverein-lokalradio?utm_source=clipboard&utm_medium=text&utm_campaign=social_sharing"],"url":"https:\/\/radioleinewelle.de\/index.php\/author\/leinewelle\/"}]}},"_links":{"self":[{"href":"https:\/\/radioleinewelle.de\/index.php\/wp-json\/wp\/v2\/posts\/27753","targetHints":{"allow":["GET"]}}],"collection":[{"href":"https:\/\/radioleinewelle.de\/index.php\/wp-json\/wp\/v2\/posts"}],"about":[{"href":"https:\/\/radioleinewelle.de\/index.php\/wp-json\/wp\/v2\/types\/post"}],"author":[{"embeddable":true,"href":"https:\/\/radioleinewelle.de\/index.php\/wp-json\/wp\/v2\/users\/1"}],"replies":[{"embeddable":true,"href":"https:\/\/radioleinewelle.de\/index.php\/wp-json\/wp\/v2\/comments?post=27753"}],"version-history":[{"count":8,"href":"https:\/\/radioleinewelle.de\/index.php\/wp-json\/wp\/v2\/posts\/27753\/revisions"}],"predecessor-version":[{"id":27832,"href":"https:\/\/radioleinewelle.de\/index.php\/wp-json\/wp\/v2\/posts\/27753\/revisions\/27832"}],"wp:featuredmedia":[{"embeddable":true,"href":"https:\/\/radioleinewelle.de\/index.php\/wp-json\/wp\/v2\/media\/27756"}],"wp:attachment":[{"href":"https:\/\/radioleinewelle.de\/index.php\/wp-json\/wp\/v2\/media?parent=27753"}],"wp:term":[{"taxonomy":"category","embeddable":true,"href":"https:\/\/radioleinewelle.de\/index.php\/wp-json\/wp\/v2\/categories?post=27753"},{"taxonomy":"post_tag","embeddable":true,"href":"https:\/\/radioleinewelle.de\/index.php\/wp-json\/wp\/v2\/tags?post=27753"}],"curies":[{"name":"wp","href":"https:\/\/api.w.org\/{rel}","templated":true}]}}