{"id":27815,"date":"2025-04-08T08:21:51","date_gmt":"2025-04-08T06:21:51","guid":{"rendered":"https:\/\/radioleinewelle.de\/?p=27815"},"modified":"2025-04-08T08:21:52","modified_gmt":"2025-04-08T06:21:52","slug":"mitarbeiterinnen-aus-dem-bereich-demokratiefoerderung-zu-gast-beim-bundespresseamt","status":"publish","type":"post","link":"https:\/\/radioleinewelle.de\/index.php\/2025\/04\/08\/mitarbeiterinnen-aus-dem-bereich-demokratiefoerderung-zu-gast-beim-bundespresseamt\/","title":{"rendered":"Mitarbeiter*innen aus dem Bereich Demokratief\u00f6rderung zu Gast beim Bundespresseamt"},"content":{"rendered":"\n<p>In Zeiten wo zivilgesellschaftlich-politisches Engagement in Zweifel gezogen wird,  sind positive Signale aus der Politik wichtig. <\/p>\n\n\n\n<p>Im Rahmen einer Bundespresseamtsfahrt luden jetzt Abgeordneten der Landesgruppen 25 Menschen aus ganz Niedersachsen und Bremen nach Berlin ein, die sich im Bereich der Demokratief\u00f6rderung engagieren oder in einer Gedenkst\u00e4tte arbeiten. Die Gelegenheit zum gegenseitigen Kennenlernen und Vernetzen wurde am Rande der Programmpunkte und beim gemeinsamen Essen gern wahrgenommen.\u00a0<\/p>\n\n\n\n<p>Bei einer F\u00fchrung durch einen Zeitzeugen in der Gedenkst\u00e4tte Berlin-Hohensch\u00f6nhausen bekamen die Teilnehmerinnen und Teilnehmer einen Eindruck von der emotionalen Betroffenheit der in jungen Jahren im Stasi-Gef\u00e4ngnis Verhafteten. Ebenso wurde deutlich, was es bedeutet, denunziert und unter schwierigsten Bedingungen verh\u00f6rt zu werden. Der abschlie\u00dfende Appell des Zeitzeugen an die Demokratie hallte bei den Teilnehmenden noch lange nach.<\/p>\n\n\n\n<p>Im Gespr\u00e4ch mit der SPD Abgeordneten Frauke Heiligenstadt zeigte sich, was f\u00fcr Expertise am Tisch sitzt. Neben aktuellen Themen ging es um die Gedenkst\u00e4ttenf\u00f6rderung und deren Finanzierung sowie um Nachwuchsprobleme im ehrenamtlichen Engagement.<\/p>\n\n\n\n<p><strong>Foto:<\/strong> BPA<\/p>\n","protected":false},"excerpt":{"rendered":"<p>In Zeiten wo zivilgesellschaftlich-politisches Engagement in Zweifel gezogen wird, sind positive Signale aus der Politik wichtig. Im Rahmen einer Bundespresseamtsfahrt luden jetzt Abgeordneten der Landesgruppen 25 Menschen aus ganz Niedersachsen und Bremen nach Berlin ein, die sich im Bereich der Demokratief\u00f6rderung engagieren oder in einer Gedenkst\u00e4tte arbeiten. Die Gelegenheit zum gegenseitigen Kennenlernen und Vernetzen wurde [&hellip;]<\/p>\n","protected":false},"author":1,"featured_media":27817,"comment_status":"open","ping_status":"open","sticky":false,"template":"","format":"standard","meta":{"saved_in_kubio":false,"footnotes":""},"categories":[1],"tags":[],"class_list":["post-27815","post","type-post","status-publish","format-standard","has-post-thumbnail","hentry","category-allgemein"],"yoast_head":"<!-- This site is optimized with the Yoast SEO plugin v27.5 - https:\/\/yoast.com\/product\/yoast-seo-wordpress\/ -->\n<title>Mitarbeiter*innen aus dem Bereich Demokratief\u00f6rderung zu Gast beim Bundespresseamt - Radio Leinewelle<\/title>\n<meta name=\"robots\" content=\"index, follow, max-snippet:-1, max-image-preview:large, max-video-preview:-1\" \/>\n<link rel=\"canonical\" href=\"https:\/\/radioleinewelle.de\/index.php\/2025\/04\/08\/mitarbeiterinnen-aus-dem-bereich-demokratiefoerderung-zu-gast-beim-bundespresseamt\/\" \/>\n<meta property=\"og:locale\" content=\"de_DE\" \/>\n<meta property=\"og:type\" content=\"article\" \/>\n<meta property=\"og:title\" content=\"Mitarbeiter*innen aus dem Bereich Demokratief\u00f6rderung zu Gast beim Bundespresseamt - Radio Leinewelle\" \/>\n<meta property=\"og:description\" content=\"In Zeiten wo zivilgesellschaftlich-politisches Engagement in Zweifel gezogen wird, sind positive Signale aus der Politik wichtig. Im Rahmen einer Bundespresseamtsfahrt luden jetzt Abgeordneten der Landesgruppen 25 Menschen aus ganz Niedersachsen und Bremen nach Berlin ein, die sich im Bereich der Demokratief\u00f6rderung engagieren oder in einer Gedenkst\u00e4tte arbeiten. Die Gelegenheit zum gegenseitigen Kennenlernen und Vernetzen wurde [&hellip;]\" \/>\n<meta property=\"og:url\" content=\"https:\/\/radioleinewelle.de\/index.php\/2025\/04\/08\/mitarbeiterinnen-aus-dem-bereich-demokratiefoerderung-zu-gast-beim-bundespresseamt\/\" \/>\n<meta property=\"og:site_name\" content=\"Radio Leinewelle\" \/>\n<meta property=\"article:publisher\" content=\"https:\/\/www.facebook.com\/radioleinewelle\" \/>\n<meta property=\"article:author\" content=\"https:\/\/www.facebook.com\/radioleinewelle\" \/>\n<meta property=\"article:published_time\" content=\"2025-04-08T06:21:51+00:00\" \/>\n<meta property=\"article:modified_time\" content=\"2025-04-08T06:21:52+00:00\" \/>\n<meta property=\"og:image\" content=\"https:\/\/radioleinewelle.de\/wp-content\/uploads\/2025\/04\/250407_FH_BPA-1024x768.png\" \/>\n\t<meta property=\"og:image:width\" content=\"1024\" \/>\n\t<meta property=\"og:image:height\" content=\"768\" \/>\n\t<meta property=\"og:image:type\" content=\"image\/png\" \/>\n<meta name=\"author\" content=\"Leinewelle\" \/>\n<meta name=\"twitter:card\" content=\"summary_large_image\" \/>\n<meta name=\"twitter:creator\" content=\"@https:\/\/twitter.com\/RLeinewelle?ref_src=twsrcgoogletwcampserptwgrauthor\" \/>\n<meta name=\"twitter:site\" content=\"@RLeinewelle\" \/>\n<meta name=\"twitter:label1\" content=\"Verfasst von\" \/>\n\t<meta name=\"twitter:data1\" content=\"Leinewelle\" \/>\n\t<meta name=\"twitter:label2\" content=\"Gesch\u00e4tzte Lesezeit\" \/>\n\t<meta name=\"twitter:data2\" content=\"2\u00a0Minuten\" \/>\n<script type=\"application\/ld+json\" class=\"yoast-schema-graph\">{\"@context\":\"https:\\\/\\\/schema.org\",\"@graph\":[{\"@type\":\"Article\",\"@id\":\"https:\\\/\\\/radioleinewelle.de\\\/index.php\\\/2025\\\/04\\\/08\\\/mitarbeiterinnen-aus-dem-bereich-demokratiefoerderung-zu-gast-beim-bundespresseamt\\\/#article\",\"isPartOf\":{\"@id\":\"https:\\\/\\\/radioleinewelle.de\\\/index.php\\\/2025\\\/04\\\/08\\\/mitarbeiterinnen-aus-dem-bereich-demokratiefoerderung-zu-gast-beim-bundespresseamt\\\/\"},\"author\":{\"name\":\"Leinewelle\",\"@id\":\"https:\\\/\\\/radioleinewelle.de\\\/#\\\/schema\\\/person\\\/45606f348637df637192dc1b68399a63\"},\"headline\":\"Mitarbeiter*innen aus dem Bereich Demokratief\u00f6rderung zu Gast beim Bundespresseamt\",\"datePublished\":\"2025-04-08T06:21:51+00:00\",\"dateModified\":\"2025-04-08T06:21:52+00:00\",\"mainEntityOfPage\":{\"@id\":\"https:\\\/\\\/radioleinewelle.de\\\/index.php\\\/2025\\\/04\\\/08\\\/mitarbeiterinnen-aus-dem-bereich-demokratiefoerderung-zu-gast-beim-bundespresseamt\\\/\"},\"wordCount\":179,\"commentCount\":0,\"publisher\":{\"@id\":\"https:\\\/\\\/radioleinewelle.de\\\/#organization\"},\"image\":{\"@id\":\"https:\\\/\\\/radioleinewelle.de\\\/index.php\\\/2025\\\/04\\\/08\\\/mitarbeiterinnen-aus-dem-bereich-demokratiefoerderung-zu-gast-beim-bundespresseamt\\\/#primaryimage\"},\"thumbnailUrl\":\"https:\\\/\\\/radioleinewelle.de\\\/wp-content\\\/uploads\\\/2025\\\/04\\\/250407_FH_BPA.png\",\"inLanguage\":\"de\",\"potentialAction\":[{\"@type\":\"CommentAction\",\"name\":\"Comment\",\"target\":[\"https:\\\/\\\/radioleinewelle.de\\\/index.php\\\/2025\\\/04\\\/08\\\/mitarbeiterinnen-aus-dem-bereich-demokratiefoerderung-zu-gast-beim-bundespresseamt\\\/#respond\"]}]},{\"@type\":\"WebPage\",\"@id\":\"https:\\\/\\\/radioleinewelle.de\\\/index.php\\\/2025\\\/04\\\/08\\\/mitarbeiterinnen-aus-dem-bereich-demokratiefoerderung-zu-gast-beim-bundespresseamt\\\/\",\"url\":\"https:\\\/\\\/radioleinewelle.de\\\/index.php\\\/2025\\\/04\\\/08\\\/mitarbeiterinnen-aus-dem-bereich-demokratiefoerderung-zu-gast-beim-bundespresseamt\\\/\",\"name\":\"Mitarbeiter*innen aus dem Bereich Demokratief\u00f6rderung zu Gast beim Bundespresseamt - Radio Leinewelle\",\"isPartOf\":{\"@id\":\"https:\\\/\\\/radioleinewelle.de\\\/#website\"},\"primaryImageOfPage\":{\"@id\":\"https:\\\/\\\/radioleinewelle.de\\\/index.php\\\/2025\\\/04\\\/08\\\/mitarbeiterinnen-aus-dem-bereich-demokratiefoerderung-zu-gast-beim-bundespresseamt\\\/#primaryimage\"},\"image\":{\"@id\":\"https:\\\/\\\/radioleinewelle.de\\\/index.php\\\/2025\\\/04\\\/08\\\/mitarbeiterinnen-aus-dem-bereich-demokratiefoerderung-zu-gast-beim-bundespresseamt\\\/#primaryimage\"},\"thumbnailUrl\":\"https:\\\/\\\/radioleinewelle.de\\\/wp-content\\\/uploads\\\/2025\\\/04\\\/250407_FH_BPA.png\",\"datePublished\":\"2025-04-08T06:21:51+00:00\",\"dateModified\":\"2025-04-08T06:21:52+00:00\",\"breadcrumb\":{\"@id\":\"https:\\\/\\\/radioleinewelle.de\\\/index.php\\\/2025\\\/04\\\/08\\\/mitarbeiterinnen-aus-dem-bereich-demokratiefoerderung-zu-gast-beim-bundespresseamt\\\/#breadcrumb\"},\"inLanguage\":\"de\",\"potentialAction\":[{\"@type\":\"ReadAction\",\"target\":[\"https:\\\/\\\/radioleinewelle.de\\\/index.php\\\/2025\\\/04\\\/08\\\/mitarbeiterinnen-aus-dem-bereich-demokratiefoerderung-zu-gast-beim-bundespresseamt\\\/\"]}]},{\"@type\":\"ImageObject\",\"inLanguage\":\"de\",\"@id\":\"https:\\\/\\\/radioleinewelle.de\\\/index.php\\\/2025\\\/04\\\/08\\\/mitarbeiterinnen-aus-dem-bereich-demokratiefoerderung-zu-gast-beim-bundespresseamt\\\/#primaryimage\",\"url\":\"https:\\\/\\\/radioleinewelle.de\\\/wp-content\\\/uploads\\\/2025\\\/04\\\/250407_FH_BPA.png\",\"contentUrl\":\"https:\\\/\\\/radioleinewelle.de\\\/wp-content\\\/uploads\\\/2025\\\/04\\\/250407_FH_BPA.png\",\"width\":1280,\"height\":960},{\"@type\":\"BreadcrumbList\",\"@id\":\"https:\\\/\\\/radioleinewelle.de\\\/index.php\\\/2025\\\/04\\\/08\\\/mitarbeiterinnen-aus-dem-bereich-demokratiefoerderung-zu-gast-beim-bundespresseamt\\\/#breadcrumb\",\"itemListElement\":[{\"@type\":\"ListItem\",\"position\":1,\"name\":\"Startseite\",\"item\":\"https:\\\/\\\/radioleinewelle.de\\\/\"},{\"@type\":\"ListItem\",\"position\":2,\"name\":\"Mitarbeiter*innen aus dem Bereich Demokratief\u00f6rderung zu Gast beim Bundespresseamt\"}]},{\"@type\":\"WebSite\",\"@id\":\"https:\\\/\\\/radioleinewelle.de\\\/#website\",\"url\":\"https:\\\/\\\/radioleinewelle.de\\\/\",\"name\":\"Radio Leinewelle\",\"description\":\"\",\"publisher\":{\"@id\":\"https:\\\/\\\/radioleinewelle.de\\\/#organization\"},\"potentialAction\":[{\"@type\":\"SearchAction\",\"target\":{\"@type\":\"EntryPoint\",\"urlTemplate\":\"https:\\\/\\\/radioleinewelle.de\\\/?s={search_term_string}\"},\"query-input\":{\"@type\":\"PropertyValueSpecification\",\"valueRequired\":true,\"valueName\":\"search_term_string\"}}],\"inLanguage\":\"de\"},{\"@type\":\"Organization\",\"@id\":\"https:\\\/\\\/radioleinewelle.de\\\/#organization\",\"name\":\"Radio Leinewelle\",\"alternateName\":\"Mein Radio f\u00fcr S\u00fcdniedersachsen\",\"url\":\"https:\\\/\\\/radioleinewelle.de\\\/\",\"logo\":{\"@type\":\"ImageObject\",\"inLanguage\":\"de\",\"@id\":\"https:\\\/\\\/radioleinewelle.de\\\/#\\\/schema\\\/logo\\\/image\\\/\",\"url\":\"https:\\\/\\\/radioleinewelle.de\\\/wp-content\\\/uploads\\\/2023\\\/11\\\/cropped-Leinewelle_Logo_weiss.png\",\"contentUrl\":\"https:\\\/\\\/radioleinewelle.de\\\/wp-content\\\/uploads\\\/2023\\\/11\\\/cropped-Leinewelle_Logo_weiss.png\",\"width\":854,\"height\":260,\"caption\":\"Radio Leinewelle\"},\"image\":{\"@id\":\"https:\\\/\\\/radioleinewelle.de\\\/#\\\/schema\\\/logo\\\/image\\\/\"},\"sameAs\":[\"https:\\\/\\\/www.facebook.com\\\/radioleinewelle\",\"https:\\\/\\\/x.com\\\/RLeinewelle\",\"https:\\\/\\\/www.instagram.com\\\/radioleinewelle\\\/?hl=de\"]},{\"@type\":\"Person\",\"@id\":\"https:\\\/\\\/radioleinewelle.de\\\/#\\\/schema\\\/person\\\/45606f348637df637192dc1b68399a63\",\"name\":\"Leinewelle\",\"image\":{\"@type\":\"ImageObject\",\"inLanguage\":\"de\",\"@id\":\"https:\\\/\\\/secure.gravatar.com\\\/avatar\\\/05c9a17bc973052ee5d91549bd32fb4dd0dc85b7b85ae94b2e2b4943476bbea5?s=96&d=blank&r=g\",\"url\":\"https:\\\/\\\/secure.gravatar.com\\\/avatar\\\/05c9a17bc973052ee5d91549bd32fb4dd0dc85b7b85ae94b2e2b4943476bbea5?s=96&d=blank&r=g\",\"contentUrl\":\"https:\\\/\\\/secure.gravatar.com\\\/avatar\\\/05c9a17bc973052ee5d91549bd32fb4dd0dc85b7b85ae94b2e2b4943476bbea5?s=96&d=blank&r=g\",\"caption\":\"Leinewelle\"},\"sameAs\":[\"http:\\\/\\\/localhost\\\/radio%20leinewelle\\\/wordpress\",\"https:\\\/\\\/www.facebook.com\\\/radioleinewelle\",\"https:\\\/\\\/www.instagram.com\\\/radioleinewelle\",\"https:\\\/\\\/x.com\\\/https:\\\/\\\/twitter.com\\\/RLeinewelle?ref_src=twsrcgoogletwcampserptwgrauthor\",\"https:\\\/\\\/soundcloud.com\\\/foerderverein-lokalradio?utm_source=clipboard&utm_medium=text&utm_campaign=social_sharing\"],\"url\":\"https:\\\/\\\/radioleinewelle.de\\\/index.php\\\/author\\\/leinewelle\\\/\"}]}<\/script>\n<!-- \/ Yoast SEO plugin. -->","yoast_head_json":{"title":"Mitarbeiter*innen aus dem Bereich Demokratief\u00f6rderung zu Gast beim Bundespresseamt - Radio Leinewelle","robots":{"index":"index","follow":"follow","max-snippet":"max-snippet:-1","max-image-preview":"max-image-preview:large","max-video-preview":"max-video-preview:-1"},"canonical":"https:\/\/radioleinewelle.de\/index.php\/2025\/04\/08\/mitarbeiterinnen-aus-dem-bereich-demokratiefoerderung-zu-gast-beim-bundespresseamt\/","og_locale":"de_DE","og_type":"article","og_title":"Mitarbeiter*innen aus dem Bereich Demokratief\u00f6rderung zu Gast beim Bundespresseamt - Radio Leinewelle","og_description":"In Zeiten wo zivilgesellschaftlich-politisches Engagement in Zweifel gezogen wird, sind positive Signale aus der Politik wichtig. Im Rahmen einer Bundespresseamtsfahrt luden jetzt Abgeordneten der Landesgruppen 25 Menschen aus ganz Niedersachsen und Bremen nach Berlin ein, die sich im Bereich der Demokratief\u00f6rderung engagieren oder in einer Gedenkst\u00e4tte arbeiten. Die Gelegenheit zum gegenseitigen Kennenlernen und Vernetzen wurde [&hellip;]","og_url":"https:\/\/radioleinewelle.de\/index.php\/2025\/04\/08\/mitarbeiterinnen-aus-dem-bereich-demokratiefoerderung-zu-gast-beim-bundespresseamt\/","og_site_name":"Radio Leinewelle","article_publisher":"https:\/\/www.facebook.com\/radioleinewelle","article_author":"https:\/\/www.facebook.com\/radioleinewelle","article_published_time":"2025-04-08T06:21:51+00:00","article_modified_time":"2025-04-08T06:21:52+00:00","og_image":[{"width":1024,"height":768,"url":"https:\/\/radioleinewelle.de\/wp-content\/uploads\/2025\/04\/250407_FH_BPA-1024x768.png","type":"image\/png"}],"author":"Leinewelle","twitter_card":"summary_large_image","twitter_creator":"@https:\/\/twitter.com\/RLeinewelle?ref_src=twsrcgoogletwcampserptwgrauthor","twitter_site":"@RLeinewelle","twitter_misc":{"Verfasst von":"Leinewelle","Gesch\u00e4tzte Lesezeit":"2\u00a0Minuten"},"schema":{"@context":"https:\/\/schema.org","@graph":[{"@type":"Article","@id":"https:\/\/radioleinewelle.de\/index.php\/2025\/04\/08\/mitarbeiterinnen-aus-dem-bereich-demokratiefoerderung-zu-gast-beim-bundespresseamt\/#article","isPartOf":{"@id":"https:\/\/radioleinewelle.de\/index.php\/2025\/04\/08\/mitarbeiterinnen-aus-dem-bereich-demokratiefoerderung-zu-gast-beim-bundespresseamt\/"},"author":{"name":"Leinewelle","@id":"https:\/\/radioleinewelle.de\/#\/schema\/person\/45606f348637df637192dc1b68399a63"},"headline":"Mitarbeiter*innen aus dem Bereich Demokratief\u00f6rderung zu Gast beim Bundespresseamt","datePublished":"2025-04-08T06:21:51+00:00","dateModified":"2025-04-08T06:21:52+00:00","mainEntityOfPage":{"@id":"https:\/\/radioleinewelle.de\/index.php\/2025\/04\/08\/mitarbeiterinnen-aus-dem-bereich-demokratiefoerderung-zu-gast-beim-bundespresseamt\/"},"wordCount":179,"commentCount":0,"publisher":{"@id":"https:\/\/radioleinewelle.de\/#organization"},"image":{"@id":"https:\/\/radioleinewelle.de\/index.php\/2025\/04\/08\/mitarbeiterinnen-aus-dem-bereich-demokratiefoerderung-zu-gast-beim-bundespresseamt\/#primaryimage"},"thumbnailUrl":"https:\/\/radioleinewelle.de\/wp-content\/uploads\/2025\/04\/250407_FH_BPA.png","inLanguage":"de","potentialAction":[{"@type":"CommentAction","name":"Comment","target":["https:\/\/radioleinewelle.de\/index.php\/2025\/04\/08\/mitarbeiterinnen-aus-dem-bereich-demokratiefoerderung-zu-gast-beim-bundespresseamt\/#respond"]}]},{"@type":"WebPage","@id":"https:\/\/radioleinewelle.de\/index.php\/2025\/04\/08\/mitarbeiterinnen-aus-dem-bereich-demokratiefoerderung-zu-gast-beim-bundespresseamt\/","url":"https:\/\/radioleinewelle.de\/index.php\/2025\/04\/08\/mitarbeiterinnen-aus-dem-bereich-demokratiefoerderung-zu-gast-beim-bundespresseamt\/","name":"Mitarbeiter*innen aus dem Bereich Demokratief\u00f6rderung zu Gast beim Bundespresseamt - Radio Leinewelle","isPartOf":{"@id":"https:\/\/radioleinewelle.de\/#website"},"primaryImageOfPage":{"@id":"https:\/\/radioleinewelle.de\/index.php\/2025\/04\/08\/mitarbeiterinnen-aus-dem-bereich-demokratiefoerderung-zu-gast-beim-bundespresseamt\/#primaryimage"},"image":{"@id":"https:\/\/radioleinewelle.de\/index.php\/2025\/04\/08\/mitarbeiterinnen-aus-dem-bereich-demokratiefoerderung-zu-gast-beim-bundespresseamt\/#primaryimage"},"thumbnailUrl":"https:\/\/radioleinewelle.de\/wp-content\/uploads\/2025\/04\/250407_FH_BPA.png","datePublished":"2025-04-08T06:21:51+00:00","dateModified":"2025-04-08T06:21:52+00:00","breadcrumb":{"@id":"https:\/\/radioleinewelle.de\/index.php\/2025\/04\/08\/mitarbeiterinnen-aus-dem-bereich-demokratiefoerderung-zu-gast-beim-bundespresseamt\/#breadcrumb"},"inLanguage":"de","potentialAction":[{"@type":"ReadAction","target":["https:\/\/radioleinewelle.de\/index.php\/2025\/04\/08\/mitarbeiterinnen-aus-dem-bereich-demokratiefoerderung-zu-gast-beim-bundespresseamt\/"]}]},{"@type":"ImageObject","inLanguage":"de","@id":"https:\/\/radioleinewelle.de\/index.php\/2025\/04\/08\/mitarbeiterinnen-aus-dem-bereich-demokratiefoerderung-zu-gast-beim-bundespresseamt\/#primaryimage","url":"https:\/\/radioleinewelle.de\/wp-content\/uploads\/2025\/04\/250407_FH_BPA.png","contentUrl":"https:\/\/radioleinewelle.de\/wp-content\/uploads\/2025\/04\/250407_FH_BPA.png","width":1280,"height":960},{"@type":"BreadcrumbList","@id":"https:\/\/radioleinewelle.de\/index.php\/2025\/04\/08\/mitarbeiterinnen-aus-dem-bereich-demokratiefoerderung-zu-gast-beim-bundespresseamt\/#breadcrumb","itemListElement":[{"@type":"ListItem","position":1,"name":"Startseite","item":"https:\/\/radioleinewelle.de\/"},{"@type":"ListItem","position":2,"name":"Mitarbeiter*innen aus dem Bereich Demokratief\u00f6rderung zu Gast beim Bundespresseamt"}]},{"@type":"WebSite","@id":"https:\/\/radioleinewelle.de\/#website","url":"https:\/\/radioleinewelle.de\/","name":"Radio Leinewelle","description":"","publisher":{"@id":"https:\/\/radioleinewelle.de\/#organization"},"potentialAction":[{"@type":"SearchAction","target":{"@type":"EntryPoint","urlTemplate":"https:\/\/radioleinewelle.de\/?s={search_term_string}"},"query-input":{"@type":"PropertyValueSpecification","valueRequired":true,"valueName":"search_term_string"}}],"inLanguage":"de"},{"@type":"Organization","@id":"https:\/\/radioleinewelle.de\/#organization","name":"Radio Leinewelle","alternateName":"Mein Radio f\u00fcr S\u00fcdniedersachsen","url":"https:\/\/radioleinewelle.de\/","logo":{"@type":"ImageObject","inLanguage":"de","@id":"https:\/\/radioleinewelle.de\/#\/schema\/logo\/image\/","url":"https:\/\/radioleinewelle.de\/wp-content\/uploads\/2023\/11\/cropped-Leinewelle_Logo_weiss.png","contentUrl":"https:\/\/radioleinewelle.de\/wp-content\/uploads\/2023\/11\/cropped-Leinewelle_Logo_weiss.png","width":854,"height":260,"caption":"Radio Leinewelle"},"image":{"@id":"https:\/\/radioleinewelle.de\/#\/schema\/logo\/image\/"},"sameAs":["https:\/\/www.facebook.com\/radioleinewelle","https:\/\/x.com\/RLeinewelle","https:\/\/www.instagram.com\/radioleinewelle\/?hl=de"]},{"@type":"Person","@id":"https:\/\/radioleinewelle.de\/#\/schema\/person\/45606f348637df637192dc1b68399a63","name":"Leinewelle","image":{"@type":"ImageObject","inLanguage":"de","@id":"https:\/\/secure.gravatar.com\/avatar\/05c9a17bc973052ee5d91549bd32fb4dd0dc85b7b85ae94b2e2b4943476bbea5?s=96&d=blank&r=g","url":"https:\/\/secure.gravatar.com\/avatar\/05c9a17bc973052ee5d91549bd32fb4dd0dc85b7b85ae94b2e2b4943476bbea5?s=96&d=blank&r=g","contentUrl":"https:\/\/secure.gravatar.com\/avatar\/05c9a17bc973052ee5d91549bd32fb4dd0dc85b7b85ae94b2e2b4943476bbea5?s=96&d=blank&r=g","caption":"Leinewelle"},"sameAs":["http:\/\/localhost\/radio%20leinewelle\/wordpress","https:\/\/www.facebook.com\/radioleinewelle","https:\/\/www.instagram.com\/radioleinewelle","https:\/\/x.com\/https:\/\/twitter.com\/RLeinewelle?ref_src=twsrcgoogletwcampserptwgrauthor","https:\/\/soundcloud.com\/foerderverein-lokalradio?utm_source=clipboard&utm_medium=text&utm_campaign=social_sharing"],"url":"https:\/\/radioleinewelle.de\/index.php\/author\/leinewelle\/"}]}},"_links":{"self":[{"href":"https:\/\/radioleinewelle.de\/index.php\/wp-json\/wp\/v2\/posts\/27815","targetHints":{"allow":["GET"]}}],"collection":[{"href":"https:\/\/radioleinewelle.de\/index.php\/wp-json\/wp\/v2\/posts"}],"about":[{"href":"https:\/\/radioleinewelle.de\/index.php\/wp-json\/wp\/v2\/types\/post"}],"author":[{"embeddable":true,"href":"https:\/\/radioleinewelle.de\/index.php\/wp-json\/wp\/v2\/users\/1"}],"replies":[{"embeddable":true,"href":"https:\/\/radioleinewelle.de\/index.php\/wp-json\/wp\/v2\/comments?post=27815"}],"version-history":[{"count":1,"href":"https:\/\/radioleinewelle.de\/index.php\/wp-json\/wp\/v2\/posts\/27815\/revisions"}],"predecessor-version":[{"id":27816,"href":"https:\/\/radioleinewelle.de\/index.php\/wp-json\/wp\/v2\/posts\/27815\/revisions\/27816"}],"wp:featuredmedia":[{"embeddable":true,"href":"https:\/\/radioleinewelle.de\/index.php\/wp-json\/wp\/v2\/media\/27817"}],"wp:attachment":[{"href":"https:\/\/radioleinewelle.de\/index.php\/wp-json\/wp\/v2\/media?parent=27815"}],"wp:term":[{"taxonomy":"category","embeddable":true,"href":"https:\/\/radioleinewelle.de\/index.php\/wp-json\/wp\/v2\/categories?post=27815"},{"taxonomy":"post_tag","embeddable":true,"href":"https:\/\/radioleinewelle.de\/index.php\/wp-json\/wp\/v2\/tags?post=27815"}],"curies":[{"name":"wp","href":"https:\/\/api.w.org\/{rel}","templated":true}]}}