{"id":2782,"date":"2020-11-06T05:30:40","date_gmt":"2020-11-06T04:30:40","guid":{"rendered":"https:\/\/radioleinewelle.de\/?p=2782"},"modified":"2020-11-06T05:30:40","modified_gmt":"2020-11-06T04:30:40","slug":"bessere-nachwuchsgewinnung-fuer-professuren","status":"publish","type":"post","link":"https:\/\/radioleinewelle.de\/index.php\/2020\/11\/06\/bessere-nachwuchsgewinnung-fuer-professuren\/","title":{"rendered":"Bessere Nachwuchsgewinnung f\u00fcr Professuren"},"content":{"rendered":"<div>ier Nieders\u00e4chsische Fachhochschulen haben sich erfolgreich um das Bund-L\u00e4nder-Programm zur F\u00f6rderung der Nachwuchsgewinnung im Bereich der Fachhochschulprofessorinnen und -professoren beworben. In der ersten Bewilligungsrunde werden damit voraussichtlich in den kommenden sechs Jahren bis zu 22,4 Millionen Euro aus diesem Programm nach Niedersachsen flie\u00dfen. \u201eDas ist ein gro\u00dfer Erfolg f\u00fcr den Wissenschafts- und Wirtschaftsstandort Niedersachsen\u201c, so Niedersachsens Wissenschaftsminister Bj\u00f6rn Th\u00fcmler. \u201eDas Programm wird unsere Hochschulen dabei unterst\u00fctzen, gezielt Nachwuchs f\u00fcr zu besetzende Professuren im Fachhochschulbereich zu qualifizieren oder zu gewinnen.\u201c\u00a0Die Hochschule Hildesheim\/Holzminden\/G\u00f6ttingen konnte mit ihrem Antrag ZukunftFHPROF \u00fcberzeugen. Die Hochschule Osnabr\u00fcck wird mit ihrem Projekt CarLa ebenso gef\u00f6rdert wie die Ostfalia mit dem Konzept PRoProf. Mit dem Projekt JADEPROF ist die Hochschule Wilhelmshaven\/Oldenburg\/Elsfleth dabei. Die Konzepte der einzelnen Hochschulen sind zugeschnitten auf die fachlichen Bedarfe der Hochschulen in den jeweiligen Regionen und Standorten. Die Hochschulen k\u00f6nnen damit fl\u00e4chendeckend ihr Profil als Arbeitgeber zukunftsweisend st\u00e4rken und das Berufsbild des Professors oder der Professorin an einer Fachhochschule sichtbar machen.<\/div>\n<div><\/div>\n<div>Die Projekte gehen im kommenden Jahr an den Start. Die Hochschulen Emden\/Leer und Hannover werden sich in der zweiten F\u00f6rderrunde des Programms, die ab 2022 vorgesehen ist, mit ihren Konzepten beteiligen.<\/div>\n<div>Die Laufzeit des Programms betr\u00e4gt mit beiden Bewilligungsrunden insgesamt acht Jahre. Das Programm zur Nachwuchsgewinnung im professoralen Bereich an Fachhochschulen wird auf der Basis einer Bund-L\u00e4nder-Vereinbarung zu 71% vom Bund und zu 29 % von den L\u00e4ndern finanziert.<\/div>\n<div><\/div>\n<div>Bild von <a href=\"https:\/\/pixabay.com\/de\/users\/alexas_fotos-686414\/?utm_source=link-attribution&amp;utm_medium=referral&amp;utm_campaign=image&amp;utm_content=2052868\">Alexas_Fotos<\/a> auf <a href=\"https:\/\/pixabay.com\/de\/?utm_source=link-attribution&amp;utm_medium=referral&amp;utm_campaign=image&amp;utm_content=2052868\">Pixabay<\/a><\/div>\n","protected":false},"excerpt":{"rendered":"<p>ier Nieders\u00e4chsische Fachhochschulen haben sich erfolgreich um das Bund-L\u00e4nder-Programm zur F\u00f6rderung der Nachwuchsgewinnung im Bereich der Fachhochschulprofessorinnen und -professoren beworben. In der ersten Bewilligungsrunde werden damit voraussichtlich in den kommenden sechs Jahren bis zu 22,4 Millionen Euro aus diesem Programm nach Niedersachsen flie\u00dfen. \u201eDas ist ein gro\u00dfer Erfolg f\u00fcr den Wissenschafts- und Wirtschaftsstandort Niedersachsen\u201c, so [&hellip;]<\/p>\n","protected":false},"author":1,"featured_media":2784,"comment_status":"closed","ping_status":"closed","sticky":false,"template":"","format":"standard","meta":{"saved_in_kubio":false,"footnotes":""},"categories":[35],"tags":[],"class_list":["post-2782","post","type-post","status-publish","format-standard","has-post-thumbnail","hentry","category-universitaet"],"yoast_head":"<!-- This site is optimized with the Yoast SEO plugin v27.5 - https:\/\/yoast.com\/product\/yoast-seo-wordpress\/ -->\n<title>Bessere Nachwuchsgewinnung f\u00fcr Professuren - Radio Leinewelle<\/title>\n<meta name=\"robots\" content=\"index, follow, max-snippet:-1, max-image-preview:large, max-video-preview:-1\" \/>\n<link rel=\"canonical\" href=\"https:\/\/radioleinewelle.de\/index.php\/2020\/11\/06\/bessere-nachwuchsgewinnung-fuer-professuren\/\" \/>\n<meta property=\"og:locale\" content=\"de_DE\" \/>\n<meta property=\"og:type\" content=\"article\" \/>\n<meta property=\"og:title\" content=\"Bessere Nachwuchsgewinnung f\u00fcr Professuren - Radio Leinewelle\" \/>\n<meta property=\"og:description\" content=\"ier Nieders\u00e4chsische Fachhochschulen haben sich erfolgreich um das Bund-L\u00e4nder-Programm zur F\u00f6rderung der Nachwuchsgewinnung im Bereich der Fachhochschulprofessorinnen und -professoren beworben. In der ersten Bewilligungsrunde werden damit voraussichtlich in den kommenden sechs Jahren bis zu 22,4 Millionen Euro aus diesem Programm nach Niedersachsen flie\u00dfen. \u201eDas ist ein gro\u00dfer Erfolg f\u00fcr den Wissenschafts- und Wirtschaftsstandort Niedersachsen\u201c, so [&hellip;]\" \/>\n<meta property=\"og:url\" content=\"https:\/\/radioleinewelle.de\/index.php\/2020\/11\/06\/bessere-nachwuchsgewinnung-fuer-professuren\/\" \/>\n<meta property=\"og:site_name\" content=\"Radio Leinewelle\" \/>\n<meta property=\"article:publisher\" content=\"https:\/\/www.facebook.com\/radioleinewelle\" \/>\n<meta property=\"article:author\" content=\"https:\/\/www.facebook.com\/radioleinewelle\" \/>\n<meta property=\"article:published_time\" content=\"2020-11-06T04:30:40+00:00\" \/>\n<meta property=\"og:image\" content=\"https:\/\/radioleinewelle.de\/wp-content\/uploads\/2020\/11\/student-2052868_640.jpg\" \/>\n\t<meta property=\"og:image:width\" content=\"640\" \/>\n\t<meta property=\"og:image:height\" content=\"421\" \/>\n\t<meta property=\"og:image:type\" content=\"image\/jpeg\" \/>\n<meta name=\"author\" content=\"Leinewelle\" \/>\n<meta name=\"twitter:card\" content=\"summary_large_image\" \/>\n<meta name=\"twitter:creator\" content=\"@https:\/\/twitter.com\/RLeinewelle?ref_src=twsrcgoogletwcampserptwgrauthor\" \/>\n<meta name=\"twitter:site\" content=\"@RLeinewelle\" \/>\n<meta name=\"twitter:label1\" content=\"Verfasst von\" \/>\n\t<meta name=\"twitter:data1\" content=\"Leinewelle\" \/>\n\t<meta name=\"twitter:label2\" content=\"Gesch\u00e4tzte Lesezeit\" \/>\n\t<meta name=\"twitter:data2\" content=\"1\u00a0Minute\" \/>\n<script type=\"application\/ld+json\" class=\"yoast-schema-graph\">{\"@context\":\"https:\\\/\\\/schema.org\",\"@graph\":[{\"@type\":\"Article\",\"@id\":\"https:\\\/\\\/radioleinewelle.de\\\/index.php\\\/2020\\\/11\\\/06\\\/bessere-nachwuchsgewinnung-fuer-professuren\\\/#article\",\"isPartOf\":{\"@id\":\"https:\\\/\\\/radioleinewelle.de\\\/index.php\\\/2020\\\/11\\\/06\\\/bessere-nachwuchsgewinnung-fuer-professuren\\\/\"},\"author\":{\"name\":\"Leinewelle\",\"@id\":\"https:\\\/\\\/radioleinewelle.de\\\/#\\\/schema\\\/person\\\/45606f348637df637192dc1b68399a63\"},\"headline\":\"Bessere Nachwuchsgewinnung f\u00fcr Professuren\",\"datePublished\":\"2020-11-06T04:30:40+00:00\",\"mainEntityOfPage\":{\"@id\":\"https:\\\/\\\/radioleinewelle.de\\\/index.php\\\/2020\\\/11\\\/06\\\/bessere-nachwuchsgewinnung-fuer-professuren\\\/\"},\"wordCount\":257,\"publisher\":{\"@id\":\"https:\\\/\\\/radioleinewelle.de\\\/#organization\"},\"image\":{\"@id\":\"https:\\\/\\\/radioleinewelle.de\\\/index.php\\\/2020\\\/11\\\/06\\\/bessere-nachwuchsgewinnung-fuer-professuren\\\/#primaryimage\"},\"thumbnailUrl\":\"https:\\\/\\\/radioleinewelle.de\\\/wp-content\\\/uploads\\\/2020\\\/11\\\/student-2052868_640.jpg\",\"articleSection\":[\"Universit\u00e4t\"],\"inLanguage\":\"de\"},{\"@type\":\"WebPage\",\"@id\":\"https:\\\/\\\/radioleinewelle.de\\\/index.php\\\/2020\\\/11\\\/06\\\/bessere-nachwuchsgewinnung-fuer-professuren\\\/\",\"url\":\"https:\\\/\\\/radioleinewelle.de\\\/index.php\\\/2020\\\/11\\\/06\\\/bessere-nachwuchsgewinnung-fuer-professuren\\\/\",\"name\":\"Bessere Nachwuchsgewinnung f\u00fcr Professuren - Radio Leinewelle\",\"isPartOf\":{\"@id\":\"https:\\\/\\\/radioleinewelle.de\\\/#website\"},\"primaryImageOfPage\":{\"@id\":\"https:\\\/\\\/radioleinewelle.de\\\/index.php\\\/2020\\\/11\\\/06\\\/bessere-nachwuchsgewinnung-fuer-professuren\\\/#primaryimage\"},\"image\":{\"@id\":\"https:\\\/\\\/radioleinewelle.de\\\/index.php\\\/2020\\\/11\\\/06\\\/bessere-nachwuchsgewinnung-fuer-professuren\\\/#primaryimage\"},\"thumbnailUrl\":\"https:\\\/\\\/radioleinewelle.de\\\/wp-content\\\/uploads\\\/2020\\\/11\\\/student-2052868_640.jpg\",\"datePublished\":\"2020-11-06T04:30:40+00:00\",\"breadcrumb\":{\"@id\":\"https:\\\/\\\/radioleinewelle.de\\\/index.php\\\/2020\\\/11\\\/06\\\/bessere-nachwuchsgewinnung-fuer-professuren\\\/#breadcrumb\"},\"inLanguage\":\"de\",\"potentialAction\":[{\"@type\":\"ReadAction\",\"target\":[\"https:\\\/\\\/radioleinewelle.de\\\/index.php\\\/2020\\\/11\\\/06\\\/bessere-nachwuchsgewinnung-fuer-professuren\\\/\"]}]},{\"@type\":\"ImageObject\",\"inLanguage\":\"de\",\"@id\":\"https:\\\/\\\/radioleinewelle.de\\\/index.php\\\/2020\\\/11\\\/06\\\/bessere-nachwuchsgewinnung-fuer-professuren\\\/#primaryimage\",\"url\":\"https:\\\/\\\/radioleinewelle.de\\\/wp-content\\\/uploads\\\/2020\\\/11\\\/student-2052868_640.jpg\",\"contentUrl\":\"https:\\\/\\\/radioleinewelle.de\\\/wp-content\\\/uploads\\\/2020\\\/11\\\/student-2052868_640.jpg\",\"width\":640,\"height\":421},{\"@type\":\"BreadcrumbList\",\"@id\":\"https:\\\/\\\/radioleinewelle.de\\\/index.php\\\/2020\\\/11\\\/06\\\/bessere-nachwuchsgewinnung-fuer-professuren\\\/#breadcrumb\",\"itemListElement\":[{\"@type\":\"ListItem\",\"position\":1,\"name\":\"Startseite\",\"item\":\"https:\\\/\\\/radioleinewelle.de\\\/\"},{\"@type\":\"ListItem\",\"position\":2,\"name\":\"Bessere Nachwuchsgewinnung f\u00fcr Professuren\"}]},{\"@type\":\"WebSite\",\"@id\":\"https:\\\/\\\/radioleinewelle.de\\\/#website\",\"url\":\"https:\\\/\\\/radioleinewelle.de\\\/\",\"name\":\"Radio Leinewelle\",\"description\":\"\",\"publisher\":{\"@id\":\"https:\\\/\\\/radioleinewelle.de\\\/#organization\"},\"potentialAction\":[{\"@type\":\"SearchAction\",\"target\":{\"@type\":\"EntryPoint\",\"urlTemplate\":\"https:\\\/\\\/radioleinewelle.de\\\/?s={search_term_string}\"},\"query-input\":{\"@type\":\"PropertyValueSpecification\",\"valueRequired\":true,\"valueName\":\"search_term_string\"}}],\"inLanguage\":\"de\"},{\"@type\":\"Organization\",\"@id\":\"https:\\\/\\\/radioleinewelle.de\\\/#organization\",\"name\":\"Radio Leinewelle\",\"alternateName\":\"Mein Radio f\u00fcr S\u00fcdniedersachsen\",\"url\":\"https:\\\/\\\/radioleinewelle.de\\\/\",\"logo\":{\"@type\":\"ImageObject\",\"inLanguage\":\"de\",\"@id\":\"https:\\\/\\\/radioleinewelle.de\\\/#\\\/schema\\\/logo\\\/image\\\/\",\"url\":\"https:\\\/\\\/radioleinewelle.de\\\/wp-content\\\/uploads\\\/2023\\\/11\\\/cropped-Leinewelle_Logo_weiss.png\",\"contentUrl\":\"https:\\\/\\\/radioleinewelle.de\\\/wp-content\\\/uploads\\\/2023\\\/11\\\/cropped-Leinewelle_Logo_weiss.png\",\"width\":854,\"height\":260,\"caption\":\"Radio Leinewelle\"},\"image\":{\"@id\":\"https:\\\/\\\/radioleinewelle.de\\\/#\\\/schema\\\/logo\\\/image\\\/\"},\"sameAs\":[\"https:\\\/\\\/www.facebook.com\\\/radioleinewelle\",\"https:\\\/\\\/x.com\\\/RLeinewelle\",\"https:\\\/\\\/www.instagram.com\\\/radioleinewelle\\\/?hl=de\"]},{\"@type\":\"Person\",\"@id\":\"https:\\\/\\\/radioleinewelle.de\\\/#\\\/schema\\\/person\\\/45606f348637df637192dc1b68399a63\",\"name\":\"Leinewelle\",\"image\":{\"@type\":\"ImageObject\",\"inLanguage\":\"de\",\"@id\":\"https:\\\/\\\/secure.gravatar.com\\\/avatar\\\/05c9a17bc973052ee5d91549bd32fb4dd0dc85b7b85ae94b2e2b4943476bbea5?s=96&d=blank&r=g\",\"url\":\"https:\\\/\\\/secure.gravatar.com\\\/avatar\\\/05c9a17bc973052ee5d91549bd32fb4dd0dc85b7b85ae94b2e2b4943476bbea5?s=96&d=blank&r=g\",\"contentUrl\":\"https:\\\/\\\/secure.gravatar.com\\\/avatar\\\/05c9a17bc973052ee5d91549bd32fb4dd0dc85b7b85ae94b2e2b4943476bbea5?s=96&d=blank&r=g\",\"caption\":\"Leinewelle\"},\"sameAs\":[\"http:\\\/\\\/localhost\\\/radio%20leinewelle\\\/wordpress\",\"https:\\\/\\\/www.facebook.com\\\/radioleinewelle\",\"https:\\\/\\\/www.instagram.com\\\/radioleinewelle\",\"https:\\\/\\\/x.com\\\/https:\\\/\\\/twitter.com\\\/RLeinewelle?ref_src=twsrcgoogletwcampserptwgrauthor\",\"https:\\\/\\\/soundcloud.com\\\/foerderverein-lokalradio?utm_source=clipboard&utm_medium=text&utm_campaign=social_sharing\"],\"url\":\"https:\\\/\\\/radioleinewelle.de\\\/index.php\\\/author\\\/leinewelle\\\/\"}]}<\/script>\n<!-- \/ Yoast SEO plugin. -->","yoast_head_json":{"title":"Bessere Nachwuchsgewinnung f\u00fcr Professuren - Radio Leinewelle","robots":{"index":"index","follow":"follow","max-snippet":"max-snippet:-1","max-image-preview":"max-image-preview:large","max-video-preview":"max-video-preview:-1"},"canonical":"https:\/\/radioleinewelle.de\/index.php\/2020\/11\/06\/bessere-nachwuchsgewinnung-fuer-professuren\/","og_locale":"de_DE","og_type":"article","og_title":"Bessere Nachwuchsgewinnung f\u00fcr Professuren - Radio Leinewelle","og_description":"ier Nieders\u00e4chsische Fachhochschulen haben sich erfolgreich um das Bund-L\u00e4nder-Programm zur F\u00f6rderung der Nachwuchsgewinnung im Bereich der Fachhochschulprofessorinnen und -professoren beworben. In der ersten Bewilligungsrunde werden damit voraussichtlich in den kommenden sechs Jahren bis zu 22,4 Millionen Euro aus diesem Programm nach Niedersachsen flie\u00dfen. \u201eDas ist ein gro\u00dfer Erfolg f\u00fcr den Wissenschafts- und Wirtschaftsstandort Niedersachsen\u201c, so [&hellip;]","og_url":"https:\/\/radioleinewelle.de\/index.php\/2020\/11\/06\/bessere-nachwuchsgewinnung-fuer-professuren\/","og_site_name":"Radio Leinewelle","article_publisher":"https:\/\/www.facebook.com\/radioleinewelle","article_author":"https:\/\/www.facebook.com\/radioleinewelle","article_published_time":"2020-11-06T04:30:40+00:00","og_image":[{"width":640,"height":421,"url":"https:\/\/radioleinewelle.de\/wp-content\/uploads\/2020\/11\/student-2052868_640.jpg","type":"image\/jpeg"}],"author":"Leinewelle","twitter_card":"summary_large_image","twitter_creator":"@https:\/\/twitter.com\/RLeinewelle?ref_src=twsrcgoogletwcampserptwgrauthor","twitter_site":"@RLeinewelle","twitter_misc":{"Verfasst von":"Leinewelle","Gesch\u00e4tzte Lesezeit":"1\u00a0Minute"},"schema":{"@context":"https:\/\/schema.org","@graph":[{"@type":"Article","@id":"https:\/\/radioleinewelle.de\/index.php\/2020\/11\/06\/bessere-nachwuchsgewinnung-fuer-professuren\/#article","isPartOf":{"@id":"https:\/\/radioleinewelle.de\/index.php\/2020\/11\/06\/bessere-nachwuchsgewinnung-fuer-professuren\/"},"author":{"name":"Leinewelle","@id":"https:\/\/radioleinewelle.de\/#\/schema\/person\/45606f348637df637192dc1b68399a63"},"headline":"Bessere Nachwuchsgewinnung f\u00fcr Professuren","datePublished":"2020-11-06T04:30:40+00:00","mainEntityOfPage":{"@id":"https:\/\/radioleinewelle.de\/index.php\/2020\/11\/06\/bessere-nachwuchsgewinnung-fuer-professuren\/"},"wordCount":257,"publisher":{"@id":"https:\/\/radioleinewelle.de\/#organization"},"image":{"@id":"https:\/\/radioleinewelle.de\/index.php\/2020\/11\/06\/bessere-nachwuchsgewinnung-fuer-professuren\/#primaryimage"},"thumbnailUrl":"https:\/\/radioleinewelle.de\/wp-content\/uploads\/2020\/11\/student-2052868_640.jpg","articleSection":["Universit\u00e4t"],"inLanguage":"de"},{"@type":"WebPage","@id":"https:\/\/radioleinewelle.de\/index.php\/2020\/11\/06\/bessere-nachwuchsgewinnung-fuer-professuren\/","url":"https:\/\/radioleinewelle.de\/index.php\/2020\/11\/06\/bessere-nachwuchsgewinnung-fuer-professuren\/","name":"Bessere Nachwuchsgewinnung f\u00fcr Professuren - Radio Leinewelle","isPartOf":{"@id":"https:\/\/radioleinewelle.de\/#website"},"primaryImageOfPage":{"@id":"https:\/\/radioleinewelle.de\/index.php\/2020\/11\/06\/bessere-nachwuchsgewinnung-fuer-professuren\/#primaryimage"},"image":{"@id":"https:\/\/radioleinewelle.de\/index.php\/2020\/11\/06\/bessere-nachwuchsgewinnung-fuer-professuren\/#primaryimage"},"thumbnailUrl":"https:\/\/radioleinewelle.de\/wp-content\/uploads\/2020\/11\/student-2052868_640.jpg","datePublished":"2020-11-06T04:30:40+00:00","breadcrumb":{"@id":"https:\/\/radioleinewelle.de\/index.php\/2020\/11\/06\/bessere-nachwuchsgewinnung-fuer-professuren\/#breadcrumb"},"inLanguage":"de","potentialAction":[{"@type":"ReadAction","target":["https:\/\/radioleinewelle.de\/index.php\/2020\/11\/06\/bessere-nachwuchsgewinnung-fuer-professuren\/"]}]},{"@type":"ImageObject","inLanguage":"de","@id":"https:\/\/radioleinewelle.de\/index.php\/2020\/11\/06\/bessere-nachwuchsgewinnung-fuer-professuren\/#primaryimage","url":"https:\/\/radioleinewelle.de\/wp-content\/uploads\/2020\/11\/student-2052868_640.jpg","contentUrl":"https:\/\/radioleinewelle.de\/wp-content\/uploads\/2020\/11\/student-2052868_640.jpg","width":640,"height":421},{"@type":"BreadcrumbList","@id":"https:\/\/radioleinewelle.de\/index.php\/2020\/11\/06\/bessere-nachwuchsgewinnung-fuer-professuren\/#breadcrumb","itemListElement":[{"@type":"ListItem","position":1,"name":"Startseite","item":"https:\/\/radioleinewelle.de\/"},{"@type":"ListItem","position":2,"name":"Bessere Nachwuchsgewinnung f\u00fcr Professuren"}]},{"@type":"WebSite","@id":"https:\/\/radioleinewelle.de\/#website","url":"https:\/\/radioleinewelle.de\/","name":"Radio Leinewelle","description":"","publisher":{"@id":"https:\/\/radioleinewelle.de\/#organization"},"potentialAction":[{"@type":"SearchAction","target":{"@type":"EntryPoint","urlTemplate":"https:\/\/radioleinewelle.de\/?s={search_term_string}"},"query-input":{"@type":"PropertyValueSpecification","valueRequired":true,"valueName":"search_term_string"}}],"inLanguage":"de"},{"@type":"Organization","@id":"https:\/\/radioleinewelle.de\/#organization","name":"Radio Leinewelle","alternateName":"Mein Radio f\u00fcr S\u00fcdniedersachsen","url":"https:\/\/radioleinewelle.de\/","logo":{"@type":"ImageObject","inLanguage":"de","@id":"https:\/\/radioleinewelle.de\/#\/schema\/logo\/image\/","url":"https:\/\/radioleinewelle.de\/wp-content\/uploads\/2023\/11\/cropped-Leinewelle_Logo_weiss.png","contentUrl":"https:\/\/radioleinewelle.de\/wp-content\/uploads\/2023\/11\/cropped-Leinewelle_Logo_weiss.png","width":854,"height":260,"caption":"Radio Leinewelle"},"image":{"@id":"https:\/\/radioleinewelle.de\/#\/schema\/logo\/image\/"},"sameAs":["https:\/\/www.facebook.com\/radioleinewelle","https:\/\/x.com\/RLeinewelle","https:\/\/www.instagram.com\/radioleinewelle\/?hl=de"]},{"@type":"Person","@id":"https:\/\/radioleinewelle.de\/#\/schema\/person\/45606f348637df637192dc1b68399a63","name":"Leinewelle","image":{"@type":"ImageObject","inLanguage":"de","@id":"https:\/\/secure.gravatar.com\/avatar\/05c9a17bc973052ee5d91549bd32fb4dd0dc85b7b85ae94b2e2b4943476bbea5?s=96&d=blank&r=g","url":"https:\/\/secure.gravatar.com\/avatar\/05c9a17bc973052ee5d91549bd32fb4dd0dc85b7b85ae94b2e2b4943476bbea5?s=96&d=blank&r=g","contentUrl":"https:\/\/secure.gravatar.com\/avatar\/05c9a17bc973052ee5d91549bd32fb4dd0dc85b7b85ae94b2e2b4943476bbea5?s=96&d=blank&r=g","caption":"Leinewelle"},"sameAs":["http:\/\/localhost\/radio%20leinewelle\/wordpress","https:\/\/www.facebook.com\/radioleinewelle","https:\/\/www.instagram.com\/radioleinewelle","https:\/\/x.com\/https:\/\/twitter.com\/RLeinewelle?ref_src=twsrcgoogletwcampserptwgrauthor","https:\/\/soundcloud.com\/foerderverein-lokalradio?utm_source=clipboard&utm_medium=text&utm_campaign=social_sharing"],"url":"https:\/\/radioleinewelle.de\/index.php\/author\/leinewelle\/"}]}},"_links":{"self":[{"href":"https:\/\/radioleinewelle.de\/index.php\/wp-json\/wp\/v2\/posts\/2782","targetHints":{"allow":["GET"]}}],"collection":[{"href":"https:\/\/radioleinewelle.de\/index.php\/wp-json\/wp\/v2\/posts"}],"about":[{"href":"https:\/\/radioleinewelle.de\/index.php\/wp-json\/wp\/v2\/types\/post"}],"author":[{"embeddable":true,"href":"https:\/\/radioleinewelle.de\/index.php\/wp-json\/wp\/v2\/users\/1"}],"replies":[{"embeddable":true,"href":"https:\/\/radioleinewelle.de\/index.php\/wp-json\/wp\/v2\/comments?post=2782"}],"version-history":[{"count":0,"href":"https:\/\/radioleinewelle.de\/index.php\/wp-json\/wp\/v2\/posts\/2782\/revisions"}],"wp:featuredmedia":[{"embeddable":true,"href":"https:\/\/radioleinewelle.de\/index.php\/wp-json\/wp\/v2\/media\/2784"}],"wp:attachment":[{"href":"https:\/\/radioleinewelle.de\/index.php\/wp-json\/wp\/v2\/media?parent=2782"}],"wp:term":[{"taxonomy":"category","embeddable":true,"href":"https:\/\/radioleinewelle.de\/index.php\/wp-json\/wp\/v2\/categories?post=2782"},{"taxonomy":"post_tag","embeddable":true,"href":"https:\/\/radioleinewelle.de\/index.php\/wp-json\/wp\/v2\/tags?post=2782"}],"curies":[{"name":"wp","href":"https:\/\/api.w.org\/{rel}","templated":true}]}}