{"id":27823,"date":"2025-04-15T10:34:26","date_gmt":"2025-04-15T08:34:26","guid":{"rendered":"https:\/\/radioleinewelle.de\/?p=27823"},"modified":"2025-04-15T10:34:27","modified_gmt":"2025-04-15T08:34:27","slug":"lumiere-und-ippnw-zeigen-historischen-dokumentarfilm-der-lange-atem","status":"publish","type":"post","link":"https:\/\/radioleinewelle.de\/index.php\/2025\/04\/15\/lumiere-und-ippnw-zeigen-historischen-dokumentarfilm-der-lange-atem\/","title":{"rendered":"Lumiere und IPPNW zeigen historischen Dokumentarfilm &#8222;Der Lange Atem&#8220;"},"content":{"rendered":"\n<p>Am 24.02.2025 j\u00e4hrte sich der Beginn des Ukraine-Krieges zum dritten Mal. Viel ist in dieser Zeit passiert\u2026 Zerst\u00f6rte St\u00e4dte, unz\u00e4hlige Tote, Leid und Hoffnungslosigkeit begleiten uns tagt\u00e4glich in den Nachrichten. Und zu oft stellt sich nur eine Frage: Warum? M\u00fcssten die grausamen Ereignisse der Vergangenheit nicht immer wieder deutlich gemacht haben, dass Krieg, Gewalt und Zerst\u00f6rung niemals zur Einigung f\u00fchren &#8211; im Gegenteil! Trotzdem erfolgen keine Friedensverhandlungen, das Wettr\u00fcsten beschleunigt sich und weltweit eskalieren die Konflikte. Ein Kreislauf, wie schon so oft erlebt in der Geschichte\u2026<\/p>\n\n\n\n<p class=\"has-text-align-center has-kubio-color-2-color has-very-light-gray-to-cyan-bluish-gray-gradient-background has-text-color has-background has-link-color wp-elements-49561d0d3f44e3147e02c5ed4374a558\"><strong>Die IPPNW \u2013 der Verein<\/strong>:<br>6.000 \u00c4rzt*innen, Medizinstudierende und Besch\u00e4ftigte aus dem Gesundheitswesen setzen sich ein: f\u00fcr eine Welt in Frieden und ohne atomare Bedrohung.F\u00fcr eine Medizin in sozialer Verantwortung. Kontakt der G\u00f6ttinger IPPNW-Regionalgruppe unter: <br><a href=\"mailto:ippnw-goettingen@tutamail.com\">ippnw-goettingen@tutamail.com<\/a><\/p>\n\n\n\n<p>Aus diesem Grund l\u00e4dt der IPPNW  am 17.04. ins Kino Lumi\u00e8re ein, um gemeinsam den Film \u201eDer lange Atem\u201c anzusehen. Dieser Film zeigt eindrucksvoll, wie 5 Jahre nach der bedingungslosen Kapitulation Nazi-Deutschlands in den 1950er Jahren die Wiederbewaffnung Westdeutschlands gegen den Willen der gro\u00dfen Mehrheit der Bev\u00f6lkerung durchgesetzt wurde. Im Anschluss besteht die M\u00f6glichkeit mit dem Filmemacher Christoph Boekel \u00fcber das Geschehene und seinen Film zu diskutieren. Es stellen sich viele spannende Fragen:<\/p>\n\n\n\n<p>Welche Methoden der gezielten Meinungsbeeinflussung lassen sich (damals und heute) bei der Aufr\u00fcstungsdebatte beobachten? <br>Wie ist das Auff\u00fchrungsverbot des Films \u201eDer lange Atem\u201c zur damaligen Zeit zu bewerten? Gibt es Vergleichbares in der Gegenwart?<br>Welche Gefahren birgt die Stationierung neuer US- Mittelstreckenraketen in Deutschland?<br>Warum werden vergangene Erfahrungen immer wieder aus dem Bewusstsein verbannt?<br><\/p>\n\n\n\n<p>Karten sind \u00fcber das Lumiere erh\u00e4ltlich (www.lumiere-melies.de; Eintrittspreis: 9 \u20ac; Studierende, Auszubildende, Sch\u00fcler*innen, Erwerbslose, Gildepass: 8 \u20ac; Sozialcard: 4 \u20ac)<\/p>\n\n\n\n<p><strong>Foto:<\/strong>  Ausschnitt Plakat \u00a9IPPNW<\/p>\n\n\n\n<p><\/p>\n","protected":false},"excerpt":{"rendered":"<p>Am 24.02.2025 j\u00e4hrte sich der Beginn des Ukraine-Krieges zum dritten Mal. Viel ist in dieser Zeit passiert\u2026 Zerst\u00f6rte St\u00e4dte, unz\u00e4hlige Tote, Leid und Hoffnungslosigkeit begleiten uns tagt\u00e4glich in den Nachrichten. Und zu oft stellt sich nur eine Frage: Warum? M\u00fcssten die grausamen Ereignisse der Vergangenheit nicht immer wieder deutlich gemacht haben, dass Krieg, Gewalt und [&hellip;]<\/p>\n","protected":false},"author":1,"featured_media":27826,"comment_status":"open","ping_status":"open","sticky":false,"template":"","format":"standard","meta":{"saved_in_kubio":false,"footnotes":""},"categories":[1],"tags":[],"class_list":["post-27823","post","type-post","status-publish","format-standard","has-post-thumbnail","hentry","category-allgemein"],"yoast_head":"<!-- This site is optimized with the Yoast SEO plugin v27.5 - https:\/\/yoast.com\/product\/yoast-seo-wordpress\/ -->\n<title>Lumiere und IPPNW zeigen historischen Dokumentarfilm &quot;Der Lange Atem&quot; - Radio Leinewelle<\/title>\n<meta name=\"robots\" content=\"index, follow, max-snippet:-1, max-image-preview:large, max-video-preview:-1\" \/>\n<link rel=\"canonical\" href=\"https:\/\/radioleinewelle.de\/index.php\/2025\/04\/15\/lumiere-und-ippnw-zeigen-historischen-dokumentarfilm-der-lange-atem\/\" \/>\n<meta property=\"og:locale\" content=\"de_DE\" \/>\n<meta property=\"og:type\" content=\"article\" \/>\n<meta property=\"og:title\" content=\"Lumiere und IPPNW zeigen historischen Dokumentarfilm &quot;Der Lange Atem&quot; - Radio Leinewelle\" \/>\n<meta property=\"og:description\" content=\"Am 24.02.2025 j\u00e4hrte sich der Beginn des Ukraine-Krieges zum dritten Mal. Viel ist in dieser Zeit passiert\u2026 Zerst\u00f6rte St\u00e4dte, unz\u00e4hlige Tote, Leid und Hoffnungslosigkeit begleiten uns tagt\u00e4glich in den Nachrichten. Und zu oft stellt sich nur eine Frage: Warum? M\u00fcssten die grausamen Ereignisse der Vergangenheit nicht immer wieder deutlich gemacht haben, dass Krieg, Gewalt und [&hellip;]\" \/>\n<meta property=\"og:url\" content=\"https:\/\/radioleinewelle.de\/index.php\/2025\/04\/15\/lumiere-und-ippnw-zeigen-historischen-dokumentarfilm-der-lange-atem\/\" \/>\n<meta property=\"og:site_name\" content=\"Radio Leinewelle\" \/>\n<meta property=\"article:publisher\" content=\"https:\/\/www.facebook.com\/radioleinewelle\" \/>\n<meta property=\"article:author\" content=\"https:\/\/www.facebook.com\/radioleinewelle\" \/>\n<meta property=\"article:published_time\" content=\"2025-04-15T08:34:26+00:00\" \/>\n<meta property=\"article:modified_time\" content=\"2025-04-15T08:34:27+00:00\" \/>\n<meta property=\"og:image\" content=\"https:\/\/radioleinewelle.de\/wp-content\/uploads\/2025\/04\/Der-lange-Atem-Plakat-e1744188367272.jpg\" \/>\n\t<meta property=\"og:image:width\" content=\"1241\" \/>\n\t<meta property=\"og:image:height\" content=\"1186\" \/>\n\t<meta property=\"og:image:type\" content=\"image\/jpeg\" \/>\n<meta name=\"author\" content=\"Leinewelle\" \/>\n<meta name=\"twitter:card\" content=\"summary_large_image\" \/>\n<meta name=\"twitter:creator\" content=\"@https:\/\/twitter.com\/RLeinewelle?ref_src=twsrcgoogletwcampserptwgrauthor\" \/>\n<meta name=\"twitter:site\" content=\"@RLeinewelle\" \/>\n<meta name=\"twitter:label1\" content=\"Verfasst von\" \/>\n\t<meta name=\"twitter:data1\" content=\"Leinewelle\" \/>\n\t<meta name=\"twitter:label2\" content=\"Gesch\u00e4tzte Lesezeit\" \/>\n\t<meta name=\"twitter:data2\" content=\"2\u00a0Minuten\" \/>\n<script type=\"application\/ld+json\" class=\"yoast-schema-graph\">{\"@context\":\"https:\\\/\\\/schema.org\",\"@graph\":[{\"@type\":\"Article\",\"@id\":\"https:\\\/\\\/radioleinewelle.de\\\/index.php\\\/2025\\\/04\\\/15\\\/lumiere-und-ippnw-zeigen-historischen-dokumentarfilm-der-lange-atem\\\/#article\",\"isPartOf\":{\"@id\":\"https:\\\/\\\/radioleinewelle.de\\\/index.php\\\/2025\\\/04\\\/15\\\/lumiere-und-ippnw-zeigen-historischen-dokumentarfilm-der-lange-atem\\\/\"},\"author\":{\"name\":\"Leinewelle\",\"@id\":\"https:\\\/\\\/radioleinewelle.de\\\/#\\\/schema\\\/person\\\/45606f348637df637192dc1b68399a63\"},\"headline\":\"Lumiere und IPPNW zeigen historischen Dokumentarfilm &#8222;Der Lange Atem&#8220;\",\"datePublished\":\"2025-04-15T08:34:26+00:00\",\"dateModified\":\"2025-04-15T08:34:27+00:00\",\"mainEntityOfPage\":{\"@id\":\"https:\\\/\\\/radioleinewelle.de\\\/index.php\\\/2025\\\/04\\\/15\\\/lumiere-und-ippnw-zeigen-historischen-dokumentarfilm-der-lange-atem\\\/\"},\"wordCount\":300,\"commentCount\":0,\"publisher\":{\"@id\":\"https:\\\/\\\/radioleinewelle.de\\\/#organization\"},\"image\":{\"@id\":\"https:\\\/\\\/radioleinewelle.de\\\/index.php\\\/2025\\\/04\\\/15\\\/lumiere-und-ippnw-zeigen-historischen-dokumentarfilm-der-lange-atem\\\/#primaryimage\"},\"thumbnailUrl\":\"https:\\\/\\\/radioleinewelle.de\\\/wp-content\\\/uploads\\\/2025\\\/04\\\/Der-lange-Atem-Plakat-e1744188367272.jpg\",\"inLanguage\":\"de\",\"potentialAction\":[{\"@type\":\"CommentAction\",\"name\":\"Comment\",\"target\":[\"https:\\\/\\\/radioleinewelle.de\\\/index.php\\\/2025\\\/04\\\/15\\\/lumiere-und-ippnw-zeigen-historischen-dokumentarfilm-der-lange-atem\\\/#respond\"]}]},{\"@type\":\"WebPage\",\"@id\":\"https:\\\/\\\/radioleinewelle.de\\\/index.php\\\/2025\\\/04\\\/15\\\/lumiere-und-ippnw-zeigen-historischen-dokumentarfilm-der-lange-atem\\\/\",\"url\":\"https:\\\/\\\/radioleinewelle.de\\\/index.php\\\/2025\\\/04\\\/15\\\/lumiere-und-ippnw-zeigen-historischen-dokumentarfilm-der-lange-atem\\\/\",\"name\":\"Lumiere und IPPNW zeigen historischen Dokumentarfilm \\\"Der Lange Atem\\\" - Radio Leinewelle\",\"isPartOf\":{\"@id\":\"https:\\\/\\\/radioleinewelle.de\\\/#website\"},\"primaryImageOfPage\":{\"@id\":\"https:\\\/\\\/radioleinewelle.de\\\/index.php\\\/2025\\\/04\\\/15\\\/lumiere-und-ippnw-zeigen-historischen-dokumentarfilm-der-lange-atem\\\/#primaryimage\"},\"image\":{\"@id\":\"https:\\\/\\\/radioleinewelle.de\\\/index.php\\\/2025\\\/04\\\/15\\\/lumiere-und-ippnw-zeigen-historischen-dokumentarfilm-der-lange-atem\\\/#primaryimage\"},\"thumbnailUrl\":\"https:\\\/\\\/radioleinewelle.de\\\/wp-content\\\/uploads\\\/2025\\\/04\\\/Der-lange-Atem-Plakat-e1744188367272.jpg\",\"datePublished\":\"2025-04-15T08:34:26+00:00\",\"dateModified\":\"2025-04-15T08:34:27+00:00\",\"breadcrumb\":{\"@id\":\"https:\\\/\\\/radioleinewelle.de\\\/index.php\\\/2025\\\/04\\\/15\\\/lumiere-und-ippnw-zeigen-historischen-dokumentarfilm-der-lange-atem\\\/#breadcrumb\"},\"inLanguage\":\"de\",\"potentialAction\":[{\"@type\":\"ReadAction\",\"target\":[\"https:\\\/\\\/radioleinewelle.de\\\/index.php\\\/2025\\\/04\\\/15\\\/lumiere-und-ippnw-zeigen-historischen-dokumentarfilm-der-lange-atem\\\/\"]}]},{\"@type\":\"ImageObject\",\"inLanguage\":\"de\",\"@id\":\"https:\\\/\\\/radioleinewelle.de\\\/index.php\\\/2025\\\/04\\\/15\\\/lumiere-und-ippnw-zeigen-historischen-dokumentarfilm-der-lange-atem\\\/#primaryimage\",\"url\":\"https:\\\/\\\/radioleinewelle.de\\\/wp-content\\\/uploads\\\/2025\\\/04\\\/Der-lange-Atem-Plakat-e1744188367272.jpg\",\"contentUrl\":\"https:\\\/\\\/radioleinewelle.de\\\/wp-content\\\/uploads\\\/2025\\\/04\\\/Der-lange-Atem-Plakat-e1744188367272.jpg\",\"width\":1241,\"height\":1186},{\"@type\":\"BreadcrumbList\",\"@id\":\"https:\\\/\\\/radioleinewelle.de\\\/index.php\\\/2025\\\/04\\\/15\\\/lumiere-und-ippnw-zeigen-historischen-dokumentarfilm-der-lange-atem\\\/#breadcrumb\",\"itemListElement\":[{\"@type\":\"ListItem\",\"position\":1,\"name\":\"Startseite\",\"item\":\"https:\\\/\\\/radioleinewelle.de\\\/\"},{\"@type\":\"ListItem\",\"position\":2,\"name\":\"Lumiere und IPPNW zeigen historischen Dokumentarfilm &#8222;Der Lange Atem&#8220;\"}]},{\"@type\":\"WebSite\",\"@id\":\"https:\\\/\\\/radioleinewelle.de\\\/#website\",\"url\":\"https:\\\/\\\/radioleinewelle.de\\\/\",\"name\":\"Radio Leinewelle\",\"description\":\"\",\"publisher\":{\"@id\":\"https:\\\/\\\/radioleinewelle.de\\\/#organization\"},\"potentialAction\":[{\"@type\":\"SearchAction\",\"target\":{\"@type\":\"EntryPoint\",\"urlTemplate\":\"https:\\\/\\\/radioleinewelle.de\\\/?s={search_term_string}\"},\"query-input\":{\"@type\":\"PropertyValueSpecification\",\"valueRequired\":true,\"valueName\":\"search_term_string\"}}],\"inLanguage\":\"de\"},{\"@type\":\"Organization\",\"@id\":\"https:\\\/\\\/radioleinewelle.de\\\/#organization\",\"name\":\"Radio Leinewelle\",\"alternateName\":\"Mein Radio f\u00fcr S\u00fcdniedersachsen\",\"url\":\"https:\\\/\\\/radioleinewelle.de\\\/\",\"logo\":{\"@type\":\"ImageObject\",\"inLanguage\":\"de\",\"@id\":\"https:\\\/\\\/radioleinewelle.de\\\/#\\\/schema\\\/logo\\\/image\\\/\",\"url\":\"https:\\\/\\\/radioleinewelle.de\\\/wp-content\\\/uploads\\\/2023\\\/11\\\/cropped-Leinewelle_Logo_weiss.png\",\"contentUrl\":\"https:\\\/\\\/radioleinewelle.de\\\/wp-content\\\/uploads\\\/2023\\\/11\\\/cropped-Leinewelle_Logo_weiss.png\",\"width\":854,\"height\":260,\"caption\":\"Radio Leinewelle\"},\"image\":{\"@id\":\"https:\\\/\\\/radioleinewelle.de\\\/#\\\/schema\\\/logo\\\/image\\\/\"},\"sameAs\":[\"https:\\\/\\\/www.facebook.com\\\/radioleinewelle\",\"https:\\\/\\\/x.com\\\/RLeinewelle\",\"https:\\\/\\\/www.instagram.com\\\/radioleinewelle\\\/?hl=de\"]},{\"@type\":\"Person\",\"@id\":\"https:\\\/\\\/radioleinewelle.de\\\/#\\\/schema\\\/person\\\/45606f348637df637192dc1b68399a63\",\"name\":\"Leinewelle\",\"image\":{\"@type\":\"ImageObject\",\"inLanguage\":\"de\",\"@id\":\"https:\\\/\\\/secure.gravatar.com\\\/avatar\\\/05c9a17bc973052ee5d91549bd32fb4dd0dc85b7b85ae94b2e2b4943476bbea5?s=96&d=blank&r=g\",\"url\":\"https:\\\/\\\/secure.gravatar.com\\\/avatar\\\/05c9a17bc973052ee5d91549bd32fb4dd0dc85b7b85ae94b2e2b4943476bbea5?s=96&d=blank&r=g\",\"contentUrl\":\"https:\\\/\\\/secure.gravatar.com\\\/avatar\\\/05c9a17bc973052ee5d91549bd32fb4dd0dc85b7b85ae94b2e2b4943476bbea5?s=96&d=blank&r=g\",\"caption\":\"Leinewelle\"},\"sameAs\":[\"http:\\\/\\\/localhost\\\/radio%20leinewelle\\\/wordpress\",\"https:\\\/\\\/www.facebook.com\\\/radioleinewelle\",\"https:\\\/\\\/www.instagram.com\\\/radioleinewelle\",\"https:\\\/\\\/x.com\\\/https:\\\/\\\/twitter.com\\\/RLeinewelle?ref_src=twsrcgoogletwcampserptwgrauthor\",\"https:\\\/\\\/soundcloud.com\\\/foerderverein-lokalradio?utm_source=clipboard&utm_medium=text&utm_campaign=social_sharing\"],\"url\":\"https:\\\/\\\/radioleinewelle.de\\\/index.php\\\/author\\\/leinewelle\\\/\"}]}<\/script>\n<!-- \/ Yoast SEO plugin. -->","yoast_head_json":{"title":"Lumiere und IPPNW zeigen historischen Dokumentarfilm \"Der Lange Atem\" - Radio Leinewelle","robots":{"index":"index","follow":"follow","max-snippet":"max-snippet:-1","max-image-preview":"max-image-preview:large","max-video-preview":"max-video-preview:-1"},"canonical":"https:\/\/radioleinewelle.de\/index.php\/2025\/04\/15\/lumiere-und-ippnw-zeigen-historischen-dokumentarfilm-der-lange-atem\/","og_locale":"de_DE","og_type":"article","og_title":"Lumiere und IPPNW zeigen historischen Dokumentarfilm \"Der Lange Atem\" - Radio Leinewelle","og_description":"Am 24.02.2025 j\u00e4hrte sich der Beginn des Ukraine-Krieges zum dritten Mal. Viel ist in dieser Zeit passiert\u2026 Zerst\u00f6rte St\u00e4dte, unz\u00e4hlige Tote, Leid und Hoffnungslosigkeit begleiten uns tagt\u00e4glich in den Nachrichten. Und zu oft stellt sich nur eine Frage: Warum? M\u00fcssten die grausamen Ereignisse der Vergangenheit nicht immer wieder deutlich gemacht haben, dass Krieg, Gewalt und [&hellip;]","og_url":"https:\/\/radioleinewelle.de\/index.php\/2025\/04\/15\/lumiere-und-ippnw-zeigen-historischen-dokumentarfilm-der-lange-atem\/","og_site_name":"Radio Leinewelle","article_publisher":"https:\/\/www.facebook.com\/radioleinewelle","article_author":"https:\/\/www.facebook.com\/radioleinewelle","article_published_time":"2025-04-15T08:34:26+00:00","article_modified_time":"2025-04-15T08:34:27+00:00","og_image":[{"width":1241,"height":1186,"url":"https:\/\/radioleinewelle.de\/wp-content\/uploads\/2025\/04\/Der-lange-Atem-Plakat-e1744188367272.jpg","type":"image\/jpeg"}],"author":"Leinewelle","twitter_card":"summary_large_image","twitter_creator":"@https:\/\/twitter.com\/RLeinewelle?ref_src=twsrcgoogletwcampserptwgrauthor","twitter_site":"@RLeinewelle","twitter_misc":{"Verfasst von":"Leinewelle","Gesch\u00e4tzte Lesezeit":"2\u00a0Minuten"},"schema":{"@context":"https:\/\/schema.org","@graph":[{"@type":"Article","@id":"https:\/\/radioleinewelle.de\/index.php\/2025\/04\/15\/lumiere-und-ippnw-zeigen-historischen-dokumentarfilm-der-lange-atem\/#article","isPartOf":{"@id":"https:\/\/radioleinewelle.de\/index.php\/2025\/04\/15\/lumiere-und-ippnw-zeigen-historischen-dokumentarfilm-der-lange-atem\/"},"author":{"name":"Leinewelle","@id":"https:\/\/radioleinewelle.de\/#\/schema\/person\/45606f348637df637192dc1b68399a63"},"headline":"Lumiere und IPPNW zeigen historischen Dokumentarfilm &#8222;Der Lange Atem&#8220;","datePublished":"2025-04-15T08:34:26+00:00","dateModified":"2025-04-15T08:34:27+00:00","mainEntityOfPage":{"@id":"https:\/\/radioleinewelle.de\/index.php\/2025\/04\/15\/lumiere-und-ippnw-zeigen-historischen-dokumentarfilm-der-lange-atem\/"},"wordCount":300,"commentCount":0,"publisher":{"@id":"https:\/\/radioleinewelle.de\/#organization"},"image":{"@id":"https:\/\/radioleinewelle.de\/index.php\/2025\/04\/15\/lumiere-und-ippnw-zeigen-historischen-dokumentarfilm-der-lange-atem\/#primaryimage"},"thumbnailUrl":"https:\/\/radioleinewelle.de\/wp-content\/uploads\/2025\/04\/Der-lange-Atem-Plakat-e1744188367272.jpg","inLanguage":"de","potentialAction":[{"@type":"CommentAction","name":"Comment","target":["https:\/\/radioleinewelle.de\/index.php\/2025\/04\/15\/lumiere-und-ippnw-zeigen-historischen-dokumentarfilm-der-lange-atem\/#respond"]}]},{"@type":"WebPage","@id":"https:\/\/radioleinewelle.de\/index.php\/2025\/04\/15\/lumiere-und-ippnw-zeigen-historischen-dokumentarfilm-der-lange-atem\/","url":"https:\/\/radioleinewelle.de\/index.php\/2025\/04\/15\/lumiere-und-ippnw-zeigen-historischen-dokumentarfilm-der-lange-atem\/","name":"Lumiere und IPPNW zeigen historischen Dokumentarfilm \"Der Lange Atem\" - Radio Leinewelle","isPartOf":{"@id":"https:\/\/radioleinewelle.de\/#website"},"primaryImageOfPage":{"@id":"https:\/\/radioleinewelle.de\/index.php\/2025\/04\/15\/lumiere-und-ippnw-zeigen-historischen-dokumentarfilm-der-lange-atem\/#primaryimage"},"image":{"@id":"https:\/\/radioleinewelle.de\/index.php\/2025\/04\/15\/lumiere-und-ippnw-zeigen-historischen-dokumentarfilm-der-lange-atem\/#primaryimage"},"thumbnailUrl":"https:\/\/radioleinewelle.de\/wp-content\/uploads\/2025\/04\/Der-lange-Atem-Plakat-e1744188367272.jpg","datePublished":"2025-04-15T08:34:26+00:00","dateModified":"2025-04-15T08:34:27+00:00","breadcrumb":{"@id":"https:\/\/radioleinewelle.de\/index.php\/2025\/04\/15\/lumiere-und-ippnw-zeigen-historischen-dokumentarfilm-der-lange-atem\/#breadcrumb"},"inLanguage":"de","potentialAction":[{"@type":"ReadAction","target":["https:\/\/radioleinewelle.de\/index.php\/2025\/04\/15\/lumiere-und-ippnw-zeigen-historischen-dokumentarfilm-der-lange-atem\/"]}]},{"@type":"ImageObject","inLanguage":"de","@id":"https:\/\/radioleinewelle.de\/index.php\/2025\/04\/15\/lumiere-und-ippnw-zeigen-historischen-dokumentarfilm-der-lange-atem\/#primaryimage","url":"https:\/\/radioleinewelle.de\/wp-content\/uploads\/2025\/04\/Der-lange-Atem-Plakat-e1744188367272.jpg","contentUrl":"https:\/\/radioleinewelle.de\/wp-content\/uploads\/2025\/04\/Der-lange-Atem-Plakat-e1744188367272.jpg","width":1241,"height":1186},{"@type":"BreadcrumbList","@id":"https:\/\/radioleinewelle.de\/index.php\/2025\/04\/15\/lumiere-und-ippnw-zeigen-historischen-dokumentarfilm-der-lange-atem\/#breadcrumb","itemListElement":[{"@type":"ListItem","position":1,"name":"Startseite","item":"https:\/\/radioleinewelle.de\/"},{"@type":"ListItem","position":2,"name":"Lumiere und IPPNW zeigen historischen Dokumentarfilm &#8222;Der Lange Atem&#8220;"}]},{"@type":"WebSite","@id":"https:\/\/radioleinewelle.de\/#website","url":"https:\/\/radioleinewelle.de\/","name":"Radio Leinewelle","description":"","publisher":{"@id":"https:\/\/radioleinewelle.de\/#organization"},"potentialAction":[{"@type":"SearchAction","target":{"@type":"EntryPoint","urlTemplate":"https:\/\/radioleinewelle.de\/?s={search_term_string}"},"query-input":{"@type":"PropertyValueSpecification","valueRequired":true,"valueName":"search_term_string"}}],"inLanguage":"de"},{"@type":"Organization","@id":"https:\/\/radioleinewelle.de\/#organization","name":"Radio Leinewelle","alternateName":"Mein Radio f\u00fcr S\u00fcdniedersachsen","url":"https:\/\/radioleinewelle.de\/","logo":{"@type":"ImageObject","inLanguage":"de","@id":"https:\/\/radioleinewelle.de\/#\/schema\/logo\/image\/","url":"https:\/\/radioleinewelle.de\/wp-content\/uploads\/2023\/11\/cropped-Leinewelle_Logo_weiss.png","contentUrl":"https:\/\/radioleinewelle.de\/wp-content\/uploads\/2023\/11\/cropped-Leinewelle_Logo_weiss.png","width":854,"height":260,"caption":"Radio Leinewelle"},"image":{"@id":"https:\/\/radioleinewelle.de\/#\/schema\/logo\/image\/"},"sameAs":["https:\/\/www.facebook.com\/radioleinewelle","https:\/\/x.com\/RLeinewelle","https:\/\/www.instagram.com\/radioleinewelle\/?hl=de"]},{"@type":"Person","@id":"https:\/\/radioleinewelle.de\/#\/schema\/person\/45606f348637df637192dc1b68399a63","name":"Leinewelle","image":{"@type":"ImageObject","inLanguage":"de","@id":"https:\/\/secure.gravatar.com\/avatar\/05c9a17bc973052ee5d91549bd32fb4dd0dc85b7b85ae94b2e2b4943476bbea5?s=96&d=blank&r=g","url":"https:\/\/secure.gravatar.com\/avatar\/05c9a17bc973052ee5d91549bd32fb4dd0dc85b7b85ae94b2e2b4943476bbea5?s=96&d=blank&r=g","contentUrl":"https:\/\/secure.gravatar.com\/avatar\/05c9a17bc973052ee5d91549bd32fb4dd0dc85b7b85ae94b2e2b4943476bbea5?s=96&d=blank&r=g","caption":"Leinewelle"},"sameAs":["http:\/\/localhost\/radio%20leinewelle\/wordpress","https:\/\/www.facebook.com\/radioleinewelle","https:\/\/www.instagram.com\/radioleinewelle","https:\/\/x.com\/https:\/\/twitter.com\/RLeinewelle?ref_src=twsrcgoogletwcampserptwgrauthor","https:\/\/soundcloud.com\/foerderverein-lokalradio?utm_source=clipboard&utm_medium=text&utm_campaign=social_sharing"],"url":"https:\/\/radioleinewelle.de\/index.php\/author\/leinewelle\/"}]}},"_links":{"self":[{"href":"https:\/\/radioleinewelle.de\/index.php\/wp-json\/wp\/v2\/posts\/27823","targetHints":{"allow":["GET"]}}],"collection":[{"href":"https:\/\/radioleinewelle.de\/index.php\/wp-json\/wp\/v2\/posts"}],"about":[{"href":"https:\/\/radioleinewelle.de\/index.php\/wp-json\/wp\/v2\/types\/post"}],"author":[{"embeddable":true,"href":"https:\/\/radioleinewelle.de\/index.php\/wp-json\/wp\/v2\/users\/1"}],"replies":[{"embeddable":true,"href":"https:\/\/radioleinewelle.de\/index.php\/wp-json\/wp\/v2\/comments?post=27823"}],"version-history":[{"count":4,"href":"https:\/\/radioleinewelle.de\/index.php\/wp-json\/wp\/v2\/posts\/27823\/revisions"}],"predecessor-version":[{"id":27842,"href":"https:\/\/radioleinewelle.de\/index.php\/wp-json\/wp\/v2\/posts\/27823\/revisions\/27842"}],"wp:featuredmedia":[{"embeddable":true,"href":"https:\/\/radioleinewelle.de\/index.php\/wp-json\/wp\/v2\/media\/27826"}],"wp:attachment":[{"href":"https:\/\/radioleinewelle.de\/index.php\/wp-json\/wp\/v2\/media?parent=27823"}],"wp:term":[{"taxonomy":"category","embeddable":true,"href":"https:\/\/radioleinewelle.de\/index.php\/wp-json\/wp\/v2\/categories?post=27823"},{"taxonomy":"post_tag","embeddable":true,"href":"https:\/\/radioleinewelle.de\/index.php\/wp-json\/wp\/v2\/tags?post=27823"}],"curies":[{"name":"wp","href":"https:\/\/api.w.org\/{rel}","templated":true}]}}