{"id":27843,"date":"2025-04-14T11:16:36","date_gmt":"2025-04-14T09:16:36","guid":{"rendered":"https:\/\/radioleinewelle.de\/?p=27843"},"modified":"2025-04-15T11:17:00","modified_gmt":"2025-04-15T09:17:00","slug":"mira-2-0-der-mitmachraum-direkt-am-nabel-das-programm-im-april","status":"publish","type":"post","link":"https:\/\/radioleinewelle.de\/index.php\/2025\/04\/14\/mira-2-0-der-mitmachraum-direkt-am-nabel-das-programm-im-april\/","title":{"rendered":"mira! 2.0 \u2013 der Mitmachraum direkt am Nabel &#8211; das Programm im April\u00a0"},"content":{"rendered":"\n<h2 class=\"wp-block-heading\"><\/h2>\n\n\n\n<p><strong>Schon zum zweiten Mal l\u00e4dt der Mitmachraum mira! in der Weender Str. 56 in G\u00f6ttingen zu vielf\u00e4ltigen, kostenlosen Veranstaltungen und Aktionen ein. Alles dreht sich um die 17 weltweiten Nachhaltigkeitsziele, die bis 2030 erreicht sein sollen. \u201eMira! belebt den Leerstand in der Innenstadt und ist ein Ort der Begegnung und Information\u201c, erz\u00e4hlt Anja Belz, Projektmitarbeiterin im Entwicklungspolitischen Informationszentrum G\u00f6ttingen (EPIZ).&nbsp;<\/strong><\/p>\n\n\n\n<p>G\u00f6ttingen. Was sind die 17 weltweiten Nachhaltigkeitsziele, auch SDGs genannt (abgek\u00fcrzt von Sustainable Development Goals)? Was kann jede*r beitragen, damit die Ziele erreicht werden? Und was bedeuten sie f\u00fcr unseren Alltag? Ausstellungen, Workshops und Aktionen beleuchten diese Fragen.&nbsp;<\/p>\n\n\n\n<p>Im April gibt die Ausstellung \u201e17 Ziele f\u00fcr ein gutes Leben \u2013 Ideen f\u00fcr eine weltweit nachhaltige Entwicklung\u201c einen \u00dcberblick und zeigt, was was die Weltgemeinschaft bis 2030 erreichen m\u00f6chte. 17 W\u00fcrfel beschreiben die 17 Ziele ganz konkret. Mit 17 Lernsnacks k\u00f6nnen sich Besucher*innen am 11. und 12. April noch weitergehender informieren. Die Klimawaage zeigt anschaulich, wie unser Handeln die Klimabilanz belastet und was wir tun k\u00f6nnen, um zu mehr Klimaschutz beizutragen.&nbsp;<\/p>\n\n\n\n<p>Vom 22. bis 26. April pr\u00e4sentiert das Team des Jugend-Umwelt-Medien-Projektes GreenCut-JUMP eine interaktive Ausstellung zur globalen Artenvielfalt. \u201e\u00dcber Film und lebende Insekten m\u00f6chten wir jungen Menschen die Bedeutung der globalen und lokalen Biodiversit\u00e4t n\u00e4herbringen. An den medialen Mitmachstationen k\u00f6nnen die Besucher*innen selber zu Botschafter*innen der biologischen Vielfalt und ihrer globalen Bedeutung werden\u201c, erkl\u00e4rt das Filmteam. Begleitet wird die Ausstellung durch zwei Vortragsveranstaltungen \u00fcber die Bedeutung und Vielfalt der globalen Insektenwelt. Den Klimawandel in Vietnam greift die multimediale Ausstellung \u201eKlimaTisch\u201c der gespa e.V. vom 28. bis 30. April auf. Und am 28. April geht es um 18 Uhr um die Frage, wie endlich ein Handeln m\u00f6glich wird. Welche inneren Ziele und Einstellungen sind notwendig, um Ver\u00e4nderungen wirklich einzuleiten?<\/p>\n\n\n\n<p>Der Mitmachraum&nbsp;<strong>mira! ist vom 05. April bis 28. Juni<\/strong>&nbsp;<strong>von montags bis freitags von 15 bis 18 Uhr und samstags von 11 bis 14 Uhr sowie zu Sonder\u00f6ffnungszeiten<\/strong>&nbsp;ge\u00f6ffnet. Besucher*innen k\u00f6nnen sich auf inspirierende Veranstaltungen und kreative Aktivit\u00e4ten rund um globale Gerechtigkeit und \u00f6kologische Nachhaltigkeit freuen. Ein spontaner Besuch beim Bummeln in der Innenstadt lohnt sich immer. Alle Events mit weiteren Informationen stehen auf der Website&nbsp;<a href=\"https:\/\/sustainable-jetzt.de\/mira.html\">https:\/\/sustainable-jetzt.de\/mira.html<\/a>&nbsp;und auf Instagram @epiz_goe.<\/p>\n\n\n\n<p>Der Mitmachraum mira! geh\u00f6rt zum Projekt \u201eSustainable jetzt!\u201c, das die 17 weltweiten Nachhaltigkeitsziele bekannter machen m\u00f6chte und vom Entwicklungspolitischen Informationszentrum (EPIZ) G\u00f6ttingen umgesetzt wird. Bereits im vergangenen Jahr begeisterten knapp 60 Veranstaltungen zwischen August und Oktober mehr als 2.000 Besucher*innen<em>.<\/em><\/p>\n\n\n\n<p>Das Projekt \u201eSustainable jetzt!\u201c wird gef\u00f6rdert von Engagement Global gGmbH mit Mitteln des BMZ, der Nieders\u00e4chsischen Bingo-Umweltstiftung und Brot f\u00fcr die Welt.<\/p>\n\n\n\n<p><strong>Foto: <\/strong>\u00a9Radio Leinewelle<\/p>\n","protected":false},"excerpt":{"rendered":"<p>Schon zum zweiten Mal l\u00e4dt der Mitmachraum mira! in der Weender Str. 56 in G\u00f6ttingen zu vielf\u00e4ltigen, kostenlosen Veranstaltungen und Aktionen ein. Alles dreht sich um die 17 weltweiten Nachhaltigkeitsziele, die bis 2030 erreicht sein sollen. \u201eMira! belebt den Leerstand in der Innenstadt und ist ein Ort der Begegnung und Information\u201c, erz\u00e4hlt Anja Belz, Projektmitarbeiterin [&hellip;]<\/p>\n","protected":false},"author":1,"featured_media":26907,"comment_status":"open","ping_status":"open","sticky":false,"template":"","format":"standard","meta":{"saved_in_kubio":false,"footnotes":""},"categories":[1],"tags":[],"class_list":["post-27843","post","type-post","status-publish","format-standard","has-post-thumbnail","hentry","category-allgemein"],"yoast_head":"<!-- This site is optimized with the Yoast SEO plugin v27.5 - https:\/\/yoast.com\/product\/yoast-seo-wordpress\/ -->\n<title>mira! 2.0 \u2013 der Mitmachraum direkt am Nabel - das Programm im April\u00a0 - Radio Leinewelle<\/title>\n<meta name=\"robots\" content=\"index, follow, max-snippet:-1, max-image-preview:large, max-video-preview:-1\" \/>\n<link rel=\"canonical\" href=\"https:\/\/radioleinewelle.de\/index.php\/2025\/04\/14\/mira-2-0-der-mitmachraum-direkt-am-nabel-das-programm-im-april\/\" \/>\n<meta property=\"og:locale\" content=\"de_DE\" \/>\n<meta property=\"og:type\" content=\"article\" \/>\n<meta property=\"og:title\" content=\"mira! 2.0 \u2013 der Mitmachraum direkt am Nabel - das Programm im April\u00a0 - Radio Leinewelle\" \/>\n<meta property=\"og:description\" content=\"Schon zum zweiten Mal l\u00e4dt der Mitmachraum mira! in der Weender Str. 56 in G\u00f6ttingen zu vielf\u00e4ltigen, kostenlosen Veranstaltungen und Aktionen ein. Alles dreht sich um die 17 weltweiten Nachhaltigkeitsziele, die bis 2030 erreicht sein sollen. \u201eMira! belebt den Leerstand in der Innenstadt und ist ein Ort der Begegnung und Information\u201c, erz\u00e4hlt Anja Belz, Projektmitarbeiterin [&hellip;]\" \/>\n<meta property=\"og:url\" content=\"https:\/\/radioleinewelle.de\/index.php\/2025\/04\/14\/mira-2-0-der-mitmachraum-direkt-am-nabel-das-programm-im-april\/\" \/>\n<meta property=\"og:site_name\" content=\"Radio Leinewelle\" \/>\n<meta property=\"article:publisher\" content=\"https:\/\/www.facebook.com\/radioleinewelle\" \/>\n<meta property=\"article:author\" content=\"https:\/\/www.facebook.com\/radioleinewelle\" \/>\n<meta property=\"article:published_time\" content=\"2025-04-14T09:16:36+00:00\" \/>\n<meta property=\"article:modified_time\" content=\"2025-04-15T09:17:00+00:00\" \/>\n<meta property=\"og:image\" content=\"https:\/\/radioleinewelle.de\/wp-content\/uploads\/2024\/12\/Mira-2024.jpg\" \/>\n\t<meta property=\"og:image:width\" content=\"1754\" \/>\n\t<meta property=\"og:image:height\" content=\"1310\" \/>\n\t<meta property=\"og:image:type\" content=\"image\/jpeg\" \/>\n<meta name=\"author\" content=\"Leinewelle\" \/>\n<meta name=\"twitter:card\" content=\"summary_large_image\" \/>\n<meta name=\"twitter:creator\" content=\"@https:\/\/twitter.com\/RLeinewelle?ref_src=twsrcgoogletwcampserptwgrauthor\" \/>\n<meta name=\"twitter:site\" content=\"@RLeinewelle\" \/>\n<meta name=\"twitter:label1\" content=\"Verfasst von\" \/>\n\t<meta name=\"twitter:data1\" content=\"Leinewelle\" \/>\n\t<meta name=\"twitter:label2\" content=\"Gesch\u00e4tzte Lesezeit\" \/>\n\t<meta name=\"twitter:data2\" content=\"3\u00a0Minuten\" \/>\n<script type=\"application\/ld+json\" class=\"yoast-schema-graph\">{\"@context\":\"https:\\\/\\\/schema.org\",\"@graph\":[{\"@type\":\"Article\",\"@id\":\"https:\\\/\\\/radioleinewelle.de\\\/index.php\\\/2025\\\/04\\\/14\\\/mira-2-0-der-mitmachraum-direkt-am-nabel-das-programm-im-april\\\/#article\",\"isPartOf\":{\"@id\":\"https:\\\/\\\/radioleinewelle.de\\\/index.php\\\/2025\\\/04\\\/14\\\/mira-2-0-der-mitmachraum-direkt-am-nabel-das-programm-im-april\\\/\"},\"author\":{\"name\":\"Leinewelle\",\"@id\":\"https:\\\/\\\/radioleinewelle.de\\\/#\\\/schema\\\/person\\\/45606f348637df637192dc1b68399a63\"},\"headline\":\"mira! 2.0 \u2013 der Mitmachraum direkt am Nabel &#8211; das Programm im April\u00a0\",\"datePublished\":\"2025-04-14T09:16:36+00:00\",\"dateModified\":\"2025-04-15T09:17:00+00:00\",\"mainEntityOfPage\":{\"@id\":\"https:\\\/\\\/radioleinewelle.de\\\/index.php\\\/2025\\\/04\\\/14\\\/mira-2-0-der-mitmachraum-direkt-am-nabel-das-programm-im-april\\\/\"},\"wordCount\":460,\"commentCount\":0,\"publisher\":{\"@id\":\"https:\\\/\\\/radioleinewelle.de\\\/#organization\"},\"image\":{\"@id\":\"https:\\\/\\\/radioleinewelle.de\\\/index.php\\\/2025\\\/04\\\/14\\\/mira-2-0-der-mitmachraum-direkt-am-nabel-das-programm-im-april\\\/#primaryimage\"},\"thumbnailUrl\":\"https:\\\/\\\/radioleinewelle.de\\\/wp-content\\\/uploads\\\/2024\\\/12\\\/Mira-2024.jpg\",\"inLanguage\":\"de\",\"potentialAction\":[{\"@type\":\"CommentAction\",\"name\":\"Comment\",\"target\":[\"https:\\\/\\\/radioleinewelle.de\\\/index.php\\\/2025\\\/04\\\/14\\\/mira-2-0-der-mitmachraum-direkt-am-nabel-das-programm-im-april\\\/#respond\"]}]},{\"@type\":\"WebPage\",\"@id\":\"https:\\\/\\\/radioleinewelle.de\\\/index.php\\\/2025\\\/04\\\/14\\\/mira-2-0-der-mitmachraum-direkt-am-nabel-das-programm-im-april\\\/\",\"url\":\"https:\\\/\\\/radioleinewelle.de\\\/index.php\\\/2025\\\/04\\\/14\\\/mira-2-0-der-mitmachraum-direkt-am-nabel-das-programm-im-april\\\/\",\"name\":\"mira! 2.0 \u2013 der Mitmachraum direkt am Nabel - das Programm im April\u00a0 - Radio Leinewelle\",\"isPartOf\":{\"@id\":\"https:\\\/\\\/radioleinewelle.de\\\/#website\"},\"primaryImageOfPage\":{\"@id\":\"https:\\\/\\\/radioleinewelle.de\\\/index.php\\\/2025\\\/04\\\/14\\\/mira-2-0-der-mitmachraum-direkt-am-nabel-das-programm-im-april\\\/#primaryimage\"},\"image\":{\"@id\":\"https:\\\/\\\/radioleinewelle.de\\\/index.php\\\/2025\\\/04\\\/14\\\/mira-2-0-der-mitmachraum-direkt-am-nabel-das-programm-im-april\\\/#primaryimage\"},\"thumbnailUrl\":\"https:\\\/\\\/radioleinewelle.de\\\/wp-content\\\/uploads\\\/2024\\\/12\\\/Mira-2024.jpg\",\"datePublished\":\"2025-04-14T09:16:36+00:00\",\"dateModified\":\"2025-04-15T09:17:00+00:00\",\"breadcrumb\":{\"@id\":\"https:\\\/\\\/radioleinewelle.de\\\/index.php\\\/2025\\\/04\\\/14\\\/mira-2-0-der-mitmachraum-direkt-am-nabel-das-programm-im-april\\\/#breadcrumb\"},\"inLanguage\":\"de\",\"potentialAction\":[{\"@type\":\"ReadAction\",\"target\":[\"https:\\\/\\\/radioleinewelle.de\\\/index.php\\\/2025\\\/04\\\/14\\\/mira-2-0-der-mitmachraum-direkt-am-nabel-das-programm-im-april\\\/\"]}]},{\"@type\":\"ImageObject\",\"inLanguage\":\"de\",\"@id\":\"https:\\\/\\\/radioleinewelle.de\\\/index.php\\\/2025\\\/04\\\/14\\\/mira-2-0-der-mitmachraum-direkt-am-nabel-das-programm-im-april\\\/#primaryimage\",\"url\":\"https:\\\/\\\/radioleinewelle.de\\\/wp-content\\\/uploads\\\/2024\\\/12\\\/Mira-2024.jpg\",\"contentUrl\":\"https:\\\/\\\/radioleinewelle.de\\\/wp-content\\\/uploads\\\/2024\\\/12\\\/Mira-2024.jpg\",\"width\":1754,\"height\":1310},{\"@type\":\"BreadcrumbList\",\"@id\":\"https:\\\/\\\/radioleinewelle.de\\\/index.php\\\/2025\\\/04\\\/14\\\/mira-2-0-der-mitmachraum-direkt-am-nabel-das-programm-im-april\\\/#breadcrumb\",\"itemListElement\":[{\"@type\":\"ListItem\",\"position\":1,\"name\":\"Startseite\",\"item\":\"https:\\\/\\\/radioleinewelle.de\\\/\"},{\"@type\":\"ListItem\",\"position\":2,\"name\":\"mira! 2.0 \u2013 der Mitmachraum direkt am Nabel &#8211; das Programm im April\u00a0\"}]},{\"@type\":\"WebSite\",\"@id\":\"https:\\\/\\\/radioleinewelle.de\\\/#website\",\"url\":\"https:\\\/\\\/radioleinewelle.de\\\/\",\"name\":\"Radio Leinewelle\",\"description\":\"\",\"publisher\":{\"@id\":\"https:\\\/\\\/radioleinewelle.de\\\/#organization\"},\"potentialAction\":[{\"@type\":\"SearchAction\",\"target\":{\"@type\":\"EntryPoint\",\"urlTemplate\":\"https:\\\/\\\/radioleinewelle.de\\\/?s={search_term_string}\"},\"query-input\":{\"@type\":\"PropertyValueSpecification\",\"valueRequired\":true,\"valueName\":\"search_term_string\"}}],\"inLanguage\":\"de\"},{\"@type\":\"Organization\",\"@id\":\"https:\\\/\\\/radioleinewelle.de\\\/#organization\",\"name\":\"Radio Leinewelle\",\"alternateName\":\"Mein Radio f\u00fcr S\u00fcdniedersachsen\",\"url\":\"https:\\\/\\\/radioleinewelle.de\\\/\",\"logo\":{\"@type\":\"ImageObject\",\"inLanguage\":\"de\",\"@id\":\"https:\\\/\\\/radioleinewelle.de\\\/#\\\/schema\\\/logo\\\/image\\\/\",\"url\":\"https:\\\/\\\/radioleinewelle.de\\\/wp-content\\\/uploads\\\/2023\\\/11\\\/cropped-Leinewelle_Logo_weiss.png\",\"contentUrl\":\"https:\\\/\\\/radioleinewelle.de\\\/wp-content\\\/uploads\\\/2023\\\/11\\\/cropped-Leinewelle_Logo_weiss.png\",\"width\":854,\"height\":260,\"caption\":\"Radio Leinewelle\"},\"image\":{\"@id\":\"https:\\\/\\\/radioleinewelle.de\\\/#\\\/schema\\\/logo\\\/image\\\/\"},\"sameAs\":[\"https:\\\/\\\/www.facebook.com\\\/radioleinewelle\",\"https:\\\/\\\/x.com\\\/RLeinewelle\",\"https:\\\/\\\/www.instagram.com\\\/radioleinewelle\\\/?hl=de\"]},{\"@type\":\"Person\",\"@id\":\"https:\\\/\\\/radioleinewelle.de\\\/#\\\/schema\\\/person\\\/45606f348637df637192dc1b68399a63\",\"name\":\"Leinewelle\",\"image\":{\"@type\":\"ImageObject\",\"inLanguage\":\"de\",\"@id\":\"https:\\\/\\\/secure.gravatar.com\\\/avatar\\\/05c9a17bc973052ee5d91549bd32fb4dd0dc85b7b85ae94b2e2b4943476bbea5?s=96&d=blank&r=g\",\"url\":\"https:\\\/\\\/secure.gravatar.com\\\/avatar\\\/05c9a17bc973052ee5d91549bd32fb4dd0dc85b7b85ae94b2e2b4943476bbea5?s=96&d=blank&r=g\",\"contentUrl\":\"https:\\\/\\\/secure.gravatar.com\\\/avatar\\\/05c9a17bc973052ee5d91549bd32fb4dd0dc85b7b85ae94b2e2b4943476bbea5?s=96&d=blank&r=g\",\"caption\":\"Leinewelle\"},\"sameAs\":[\"http:\\\/\\\/localhost\\\/radio%20leinewelle\\\/wordpress\",\"https:\\\/\\\/www.facebook.com\\\/radioleinewelle\",\"https:\\\/\\\/www.instagram.com\\\/radioleinewelle\",\"https:\\\/\\\/x.com\\\/https:\\\/\\\/twitter.com\\\/RLeinewelle?ref_src=twsrcgoogletwcampserptwgrauthor\",\"https:\\\/\\\/soundcloud.com\\\/foerderverein-lokalradio?utm_source=clipboard&utm_medium=text&utm_campaign=social_sharing\"],\"url\":\"https:\\\/\\\/radioleinewelle.de\\\/index.php\\\/author\\\/leinewelle\\\/\"}]}<\/script>\n<!-- \/ Yoast SEO plugin. -->","yoast_head_json":{"title":"mira! 2.0 \u2013 der Mitmachraum direkt am Nabel - das Programm im April\u00a0 - Radio Leinewelle","robots":{"index":"index","follow":"follow","max-snippet":"max-snippet:-1","max-image-preview":"max-image-preview:large","max-video-preview":"max-video-preview:-1"},"canonical":"https:\/\/radioleinewelle.de\/index.php\/2025\/04\/14\/mira-2-0-der-mitmachraum-direkt-am-nabel-das-programm-im-april\/","og_locale":"de_DE","og_type":"article","og_title":"mira! 2.0 \u2013 der Mitmachraum direkt am Nabel - das Programm im April\u00a0 - Radio Leinewelle","og_description":"Schon zum zweiten Mal l\u00e4dt der Mitmachraum mira! in der Weender Str. 56 in G\u00f6ttingen zu vielf\u00e4ltigen, kostenlosen Veranstaltungen und Aktionen ein. Alles dreht sich um die 17 weltweiten Nachhaltigkeitsziele, die bis 2030 erreicht sein sollen. \u201eMira! belebt den Leerstand in der Innenstadt und ist ein Ort der Begegnung und Information\u201c, erz\u00e4hlt Anja Belz, Projektmitarbeiterin [&hellip;]","og_url":"https:\/\/radioleinewelle.de\/index.php\/2025\/04\/14\/mira-2-0-der-mitmachraum-direkt-am-nabel-das-programm-im-april\/","og_site_name":"Radio Leinewelle","article_publisher":"https:\/\/www.facebook.com\/radioleinewelle","article_author":"https:\/\/www.facebook.com\/radioleinewelle","article_published_time":"2025-04-14T09:16:36+00:00","article_modified_time":"2025-04-15T09:17:00+00:00","og_image":[{"width":1754,"height":1310,"url":"https:\/\/radioleinewelle.de\/wp-content\/uploads\/2024\/12\/Mira-2024.jpg","type":"image\/jpeg"}],"author":"Leinewelle","twitter_card":"summary_large_image","twitter_creator":"@https:\/\/twitter.com\/RLeinewelle?ref_src=twsrcgoogletwcampserptwgrauthor","twitter_site":"@RLeinewelle","twitter_misc":{"Verfasst von":"Leinewelle","Gesch\u00e4tzte Lesezeit":"3\u00a0Minuten"},"schema":{"@context":"https:\/\/schema.org","@graph":[{"@type":"Article","@id":"https:\/\/radioleinewelle.de\/index.php\/2025\/04\/14\/mira-2-0-der-mitmachraum-direkt-am-nabel-das-programm-im-april\/#article","isPartOf":{"@id":"https:\/\/radioleinewelle.de\/index.php\/2025\/04\/14\/mira-2-0-der-mitmachraum-direkt-am-nabel-das-programm-im-april\/"},"author":{"name":"Leinewelle","@id":"https:\/\/radioleinewelle.de\/#\/schema\/person\/45606f348637df637192dc1b68399a63"},"headline":"mira! 2.0 \u2013 der Mitmachraum direkt am Nabel &#8211; das Programm im April\u00a0","datePublished":"2025-04-14T09:16:36+00:00","dateModified":"2025-04-15T09:17:00+00:00","mainEntityOfPage":{"@id":"https:\/\/radioleinewelle.de\/index.php\/2025\/04\/14\/mira-2-0-der-mitmachraum-direkt-am-nabel-das-programm-im-april\/"},"wordCount":460,"commentCount":0,"publisher":{"@id":"https:\/\/radioleinewelle.de\/#organization"},"image":{"@id":"https:\/\/radioleinewelle.de\/index.php\/2025\/04\/14\/mira-2-0-der-mitmachraum-direkt-am-nabel-das-programm-im-april\/#primaryimage"},"thumbnailUrl":"https:\/\/radioleinewelle.de\/wp-content\/uploads\/2024\/12\/Mira-2024.jpg","inLanguage":"de","potentialAction":[{"@type":"CommentAction","name":"Comment","target":["https:\/\/radioleinewelle.de\/index.php\/2025\/04\/14\/mira-2-0-der-mitmachraum-direkt-am-nabel-das-programm-im-april\/#respond"]}]},{"@type":"WebPage","@id":"https:\/\/radioleinewelle.de\/index.php\/2025\/04\/14\/mira-2-0-der-mitmachraum-direkt-am-nabel-das-programm-im-april\/","url":"https:\/\/radioleinewelle.de\/index.php\/2025\/04\/14\/mira-2-0-der-mitmachraum-direkt-am-nabel-das-programm-im-april\/","name":"mira! 2.0 \u2013 der Mitmachraum direkt am Nabel - das Programm im April\u00a0 - Radio Leinewelle","isPartOf":{"@id":"https:\/\/radioleinewelle.de\/#website"},"primaryImageOfPage":{"@id":"https:\/\/radioleinewelle.de\/index.php\/2025\/04\/14\/mira-2-0-der-mitmachraum-direkt-am-nabel-das-programm-im-april\/#primaryimage"},"image":{"@id":"https:\/\/radioleinewelle.de\/index.php\/2025\/04\/14\/mira-2-0-der-mitmachraum-direkt-am-nabel-das-programm-im-april\/#primaryimage"},"thumbnailUrl":"https:\/\/radioleinewelle.de\/wp-content\/uploads\/2024\/12\/Mira-2024.jpg","datePublished":"2025-04-14T09:16:36+00:00","dateModified":"2025-04-15T09:17:00+00:00","breadcrumb":{"@id":"https:\/\/radioleinewelle.de\/index.php\/2025\/04\/14\/mira-2-0-der-mitmachraum-direkt-am-nabel-das-programm-im-april\/#breadcrumb"},"inLanguage":"de","potentialAction":[{"@type":"ReadAction","target":["https:\/\/radioleinewelle.de\/index.php\/2025\/04\/14\/mira-2-0-der-mitmachraum-direkt-am-nabel-das-programm-im-april\/"]}]},{"@type":"ImageObject","inLanguage":"de","@id":"https:\/\/radioleinewelle.de\/index.php\/2025\/04\/14\/mira-2-0-der-mitmachraum-direkt-am-nabel-das-programm-im-april\/#primaryimage","url":"https:\/\/radioleinewelle.de\/wp-content\/uploads\/2024\/12\/Mira-2024.jpg","contentUrl":"https:\/\/radioleinewelle.de\/wp-content\/uploads\/2024\/12\/Mira-2024.jpg","width":1754,"height":1310},{"@type":"BreadcrumbList","@id":"https:\/\/radioleinewelle.de\/index.php\/2025\/04\/14\/mira-2-0-der-mitmachraum-direkt-am-nabel-das-programm-im-april\/#breadcrumb","itemListElement":[{"@type":"ListItem","position":1,"name":"Startseite","item":"https:\/\/radioleinewelle.de\/"},{"@type":"ListItem","position":2,"name":"mira! 2.0 \u2013 der Mitmachraum direkt am Nabel &#8211; das Programm im April\u00a0"}]},{"@type":"WebSite","@id":"https:\/\/radioleinewelle.de\/#website","url":"https:\/\/radioleinewelle.de\/","name":"Radio Leinewelle","description":"","publisher":{"@id":"https:\/\/radioleinewelle.de\/#organization"},"potentialAction":[{"@type":"SearchAction","target":{"@type":"EntryPoint","urlTemplate":"https:\/\/radioleinewelle.de\/?s={search_term_string}"},"query-input":{"@type":"PropertyValueSpecification","valueRequired":true,"valueName":"search_term_string"}}],"inLanguage":"de"},{"@type":"Organization","@id":"https:\/\/radioleinewelle.de\/#organization","name":"Radio Leinewelle","alternateName":"Mein Radio f\u00fcr S\u00fcdniedersachsen","url":"https:\/\/radioleinewelle.de\/","logo":{"@type":"ImageObject","inLanguage":"de","@id":"https:\/\/radioleinewelle.de\/#\/schema\/logo\/image\/","url":"https:\/\/radioleinewelle.de\/wp-content\/uploads\/2023\/11\/cropped-Leinewelle_Logo_weiss.png","contentUrl":"https:\/\/radioleinewelle.de\/wp-content\/uploads\/2023\/11\/cropped-Leinewelle_Logo_weiss.png","width":854,"height":260,"caption":"Radio Leinewelle"},"image":{"@id":"https:\/\/radioleinewelle.de\/#\/schema\/logo\/image\/"},"sameAs":["https:\/\/www.facebook.com\/radioleinewelle","https:\/\/x.com\/RLeinewelle","https:\/\/www.instagram.com\/radioleinewelle\/?hl=de"]},{"@type":"Person","@id":"https:\/\/radioleinewelle.de\/#\/schema\/person\/45606f348637df637192dc1b68399a63","name":"Leinewelle","image":{"@type":"ImageObject","inLanguage":"de","@id":"https:\/\/secure.gravatar.com\/avatar\/05c9a17bc973052ee5d91549bd32fb4dd0dc85b7b85ae94b2e2b4943476bbea5?s=96&d=blank&r=g","url":"https:\/\/secure.gravatar.com\/avatar\/05c9a17bc973052ee5d91549bd32fb4dd0dc85b7b85ae94b2e2b4943476bbea5?s=96&d=blank&r=g","contentUrl":"https:\/\/secure.gravatar.com\/avatar\/05c9a17bc973052ee5d91549bd32fb4dd0dc85b7b85ae94b2e2b4943476bbea5?s=96&d=blank&r=g","caption":"Leinewelle"},"sameAs":["http:\/\/localhost\/radio%20leinewelle\/wordpress","https:\/\/www.facebook.com\/radioleinewelle","https:\/\/www.instagram.com\/radioleinewelle","https:\/\/x.com\/https:\/\/twitter.com\/RLeinewelle?ref_src=twsrcgoogletwcampserptwgrauthor","https:\/\/soundcloud.com\/foerderverein-lokalradio?utm_source=clipboard&utm_medium=text&utm_campaign=social_sharing"],"url":"https:\/\/radioleinewelle.de\/index.php\/author\/leinewelle\/"}]}},"_links":{"self":[{"href":"https:\/\/radioleinewelle.de\/index.php\/wp-json\/wp\/v2\/posts\/27843","targetHints":{"allow":["GET"]}}],"collection":[{"href":"https:\/\/radioleinewelle.de\/index.php\/wp-json\/wp\/v2\/posts"}],"about":[{"href":"https:\/\/radioleinewelle.de\/index.php\/wp-json\/wp\/v2\/types\/post"}],"author":[{"embeddable":true,"href":"https:\/\/radioleinewelle.de\/index.php\/wp-json\/wp\/v2\/users\/1"}],"replies":[{"embeddable":true,"href":"https:\/\/radioleinewelle.de\/index.php\/wp-json\/wp\/v2\/comments?post=27843"}],"version-history":[{"count":2,"href":"https:\/\/radioleinewelle.de\/index.php\/wp-json\/wp\/v2\/posts\/27843\/revisions"}],"predecessor-version":[{"id":27845,"href":"https:\/\/radioleinewelle.de\/index.php\/wp-json\/wp\/v2\/posts\/27843\/revisions\/27845"}],"wp:featuredmedia":[{"embeddable":true,"href":"https:\/\/radioleinewelle.de\/index.php\/wp-json\/wp\/v2\/media\/26907"}],"wp:attachment":[{"href":"https:\/\/radioleinewelle.de\/index.php\/wp-json\/wp\/v2\/media?parent=27843"}],"wp:term":[{"taxonomy":"category","embeddable":true,"href":"https:\/\/radioleinewelle.de\/index.php\/wp-json\/wp\/v2\/categories?post=27843"},{"taxonomy":"post_tag","embeddable":true,"href":"https:\/\/radioleinewelle.de\/index.php\/wp-json\/wp\/v2\/tags?post=27843"}],"curies":[{"name":"wp","href":"https:\/\/api.w.org\/{rel}","templated":true}]}}