{"id":27847,"date":"2025-04-15T12:51:18","date_gmt":"2025-04-15T10:51:18","guid":{"rendered":"https:\/\/radioleinewelle.de\/?p=27847"},"modified":"2025-04-15T12:51:19","modified_gmt":"2025-04-15T10:51:19","slug":"ein-blick-in-die-zukunft-der-chirurgie-minister-olaf-lies-zu-besuch-an-der-umg","status":"publish","type":"post","link":"https:\/\/radioleinewelle.de\/index.php\/2025\/04\/15\/ein-blick-in-die-zukunft-der-chirurgie-minister-olaf-lies-zu-besuch-an-der-umg\/","title":{"rendered":"Ein Blick in die Zukunft der Chirurgie &#8211; Minister Olaf Lies zu Besuch an der UMG"},"content":{"rendered":"\n<p>Hoher Besuch am <strong>Center for Digital Surgery (CDS)<\/strong> der Universit\u00e4tsmedizin G\u00f6ttingen (UMG): Olaf Lies, Nieders\u00e4chsischer Minister f\u00fcr Wirtschaft, Verkehr, Bauen und Digitalisierung, besuchte am Montag, dieses neue, hoch innovative Zentrum an der UMG. Angesiedelt nicht am Zentralbau der UMG, sondern in der Daimlerstra\u00dfe, in unmittelbarer Nachbarschaft der HAWK, des Gesundheitscampus und der Otto Bock Niederlassung in G\u00f6ttingen.<\/p>\n\n\n\n<p>Der Rundgang im CDS zeigte, dass hier ein wichtiger Meilenstein entsteht um  die Digitalisierung und Robotik im nieders\u00e4chsischen Gesundheitswesen voranzutreiben und die Patient*innenversorgung durch den Einsatz moderner chirurgischer Technologien zu verbessern.&nbsp;Leiter des CDS ist seit  April 2024  Prof. Dr. Jannis Hagenah. Er folgte dem Ruf auf die eigens f\u00fcr das CDS neu geschaffene Professur f\u00fcr Digitale und Robotische Chirurgie und \u00fcbernahm die Leitung des Centers.<\/p>\n\n\n\n\n\n<p><strong><em><mark style=\"background-color:rgba(0, 0, 0, 0)\" class=\"has-inline-color has-kubio-color-2-color\">Das Center for Digital Surgery in G\u00f6ttingen setzt einen wichtigen Impuls f\u00fcr die Zukunft der Chirurgie in Niedersachsen. Der Besuch zeigt eindrucksvoll, wie innovativ die Digitalisierung und Robotik in der Chirurgie vorangetrieben werden<\/mark><\/em><\/strong>.<br><strong>Olaf Lies<\/strong><\/p>\n\n\n\n\n\n<p><strong>Wie kann eine moderne Chirugie im 21. Jahrhundert aussehen?<\/strong>  <br>Mittels hochmoderner Technologien wie Robotik, K\u00fcnstlicher Intelligenz und Virtual Reality wird nicht nur die Effizienz und Pr\u00e4zision in der Chirurgie erh\u00f6ht, sondern auch die Ausbildung des medizinischen Nachwuchses revolutioniert. Das Center &#8211; angesiedelt zwischen Grundlagenforschung und anwendungsorientierten Projekten &#8211; leistet einen bedeutenden Beitrag zur Verbesserung der medizinischen Versorgung in Niedersachsen mit modernsten Technologien. Zudem st\u00e4rkt es  gleichzeitig den Austausch zwischen Forschung, Medizin und Ingenieurwissenschaften.&nbsp;<\/p>\n\n\n\n\n\n<p>Zentrales Ziel ist die Unterst\u00fctzung, Entlastung  und bessere Ausbildung der \u00c4rzte auf dem Gebiet der Chirurgie. Ein Beispiel daf\u00fcr ist ein Robotersystem, das w\u00e4hrend Operationen Organe automatisiert in definierten Positionen h\u00e4lt. So muss bei einem chirurgischen Eingriff, wie beispielsweise an der Leber, das Organ entsprechend ausgerichtet werden, damit an der richtigen Stelle operiert werden kann. \u201eDiese vergleichsweise einfache, aber essenziell wichtige Aufgabe wird bisher von \u00c4rzt*innen \u00fcbernommen, die in dieser Zeit nicht aktiv bei der Operation unterst\u00fctzen k\u00f6nnen. Durch den Einsatz des Robotersystems gewinnen wir personelle Ressourcen und k\u00f6nnen dadurch Wartezeiten auf Operationen verk\u00fcrzen sowie mehr Zeit f\u00fcr den pers\u00f6nlichen Kontakt zwischen \u00c4rzt*innen und Patient*innen erm\u00f6glichen\u201c, betont Prof. Hagenah.&nbsp;<\/p>\n\n\n\n<p>Auch wurden Assistenzsysteme vorgestellt, die auf K\u00fcnstlicher Intelligenz (KI) basieren: Sie unterst\u00fctzen Chirurg*innen bei minimal-invasiven Eingriffen, indem sie Hinweise zur optimalen Kameraf\u00fchrung geben. Auf diese Weise erleichtert das Assistenzsystem einen komplexen chirurgischen Eingriff und unterst\u00fctzt den chirurgischen Nachwuchs in der Ausbildung.<\/p>\n\n\n\n<p>Weitere Informationen zum Center for Digital Surgery:<a href=\"https:\/\/chirurgie.umg.eu\/center-for-digital-surgery\/\">https:\/\/chirurgie.umg.eu\/center-for-digital-surgery\/<\/a><\/p>\n\n\n\n<p>Ausf\u00fchrliche Interviews zu diesem Theam gibt es in den n\u00e4chsten Tagen hier bei Radio <strong>Foto:<\/strong> \u00a9Radio Leinewelle (Jutta Engelmayer)<\/p>\n\n\n\n<p><\/p>\n","protected":false},"excerpt":{"rendered":"<p>Hoher Besuch am Center for Digital Surgery (CDS) der Universit\u00e4tsmedizin G\u00f6ttingen (UMG): Olaf Lies, Nieders\u00e4chsischer Minister f\u00fcr Wirtschaft, Verkehr, Bauen und Digitalisierung, besuchte am Montag, dieses neue, hoch innovative Zentrum an der UMG. Angesiedelt nicht am Zentralbau der UMG, sondern in der Daimlerstra\u00dfe, in unmittelbarer Nachbarschaft der HAWK, des Gesundheitscampus und der Otto Bock Niederlassung [&hellip;]<\/p>\n","protected":false},"author":1,"featured_media":27862,"comment_status":"open","ping_status":"open","sticky":false,"template":"","format":"standard","meta":{"saved_in_kubio":false,"footnotes":""},"categories":[1],"tags":[],"class_list":["post-27847","post","type-post","status-publish","format-standard","has-post-thumbnail","hentry","category-allgemein"],"yoast_head":"<!-- This site is optimized with the Yoast SEO plugin v27.4 - https:\/\/yoast.com\/product\/yoast-seo-wordpress\/ -->\n<title>Ein Blick in die Zukunft der Chirurgie - Minister Olaf Lies zu Besuch an der UMG - Radio Leinewelle<\/title>\n<meta name=\"robots\" content=\"index, follow, max-snippet:-1, max-image-preview:large, max-video-preview:-1\" \/>\n<link rel=\"canonical\" href=\"https:\/\/radioleinewelle.de\/index.php\/2025\/04\/15\/ein-blick-in-die-zukunft-der-chirurgie-minister-olaf-lies-zu-besuch-an-der-umg\/\" \/>\n<meta property=\"og:locale\" content=\"de_DE\" \/>\n<meta property=\"og:type\" content=\"article\" \/>\n<meta property=\"og:title\" content=\"Ein Blick in die Zukunft der Chirurgie - Minister Olaf Lies zu Besuch an der UMG - Radio Leinewelle\" \/>\n<meta property=\"og:description\" content=\"Hoher Besuch am Center for Digital Surgery (CDS) der Universit\u00e4tsmedizin G\u00f6ttingen (UMG): Olaf Lies, Nieders\u00e4chsischer Minister f\u00fcr Wirtschaft, Verkehr, Bauen und Digitalisierung, besuchte am Montag, dieses neue, hoch innovative Zentrum an der UMG. Angesiedelt nicht am Zentralbau der UMG, sondern in der Daimlerstra\u00dfe, in unmittelbarer Nachbarschaft der HAWK, des Gesundheitscampus und der Otto Bock Niederlassung [&hellip;]\" \/>\n<meta property=\"og:url\" content=\"https:\/\/radioleinewelle.de\/index.php\/2025\/04\/15\/ein-blick-in-die-zukunft-der-chirurgie-minister-olaf-lies-zu-besuch-an-der-umg\/\" \/>\n<meta property=\"og:site_name\" content=\"Radio Leinewelle\" \/>\n<meta property=\"article:publisher\" content=\"https:\/\/www.facebook.com\/radioleinewelle\" \/>\n<meta property=\"article:author\" content=\"https:\/\/www.facebook.com\/radioleinewelle\" \/>\n<meta property=\"article:published_time\" content=\"2025-04-15T10:51:18+00:00\" \/>\n<meta property=\"article:modified_time\" content=\"2025-04-15T10:51:19+00:00\" \/>\n<meta property=\"og:image\" content=\"https:\/\/radioleinewelle.de\/wp-content\/uploads\/2025\/04\/PHOTO-2025-04-15-12-19-24-e1744714071906.jpg\" \/>\n\t<meta property=\"og:image:width\" content=\"1163\" \/>\n\t<meta property=\"og:image:height\" content=\"1176\" \/>\n\t<meta property=\"og:image:type\" content=\"image\/jpeg\" \/>\n<meta name=\"author\" content=\"Leinewelle\" \/>\n<meta name=\"twitter:card\" content=\"summary_large_image\" \/>\n<meta name=\"twitter:creator\" content=\"@https:\/\/twitter.com\/RLeinewelle?ref_src=twsrcgoogletwcampserptwgrauthor\" \/>\n<meta name=\"twitter:site\" content=\"@RLeinewelle\" \/>\n<meta name=\"twitter:label1\" content=\"Verfasst von\" \/>\n\t<meta name=\"twitter:data1\" content=\"Leinewelle\" \/>\n\t<meta name=\"twitter:label2\" content=\"Gesch\u00e4tzte Lesezeit\" \/>\n\t<meta name=\"twitter:data2\" content=\"3\u00a0Minuten\" \/>\n<script type=\"application\/ld+json\" class=\"yoast-schema-graph\">{\"@context\":\"https:\\\/\\\/schema.org\",\"@graph\":[{\"@type\":\"Article\",\"@id\":\"https:\\\/\\\/radioleinewelle.de\\\/index.php\\\/2025\\\/04\\\/15\\\/ein-blick-in-die-zukunft-der-chirurgie-minister-olaf-lies-zu-besuch-an-der-umg\\\/#article\",\"isPartOf\":{\"@id\":\"https:\\\/\\\/radioleinewelle.de\\\/index.php\\\/2025\\\/04\\\/15\\\/ein-blick-in-die-zukunft-der-chirurgie-minister-olaf-lies-zu-besuch-an-der-umg\\\/\"},\"author\":{\"name\":\"Leinewelle\",\"@id\":\"https:\\\/\\\/radioleinewelle.de\\\/#\\\/schema\\\/person\\\/45606f348637df637192dc1b68399a63\"},\"headline\":\"Ein Blick in die Zukunft der Chirurgie &#8211; Minister Olaf Lies zu Besuch an der UMG\",\"datePublished\":\"2025-04-15T10:51:18+00:00\",\"dateModified\":\"2025-04-15T10:51:19+00:00\",\"mainEntityOfPage\":{\"@id\":\"https:\\\/\\\/radioleinewelle.de\\\/index.php\\\/2025\\\/04\\\/15\\\/ein-blick-in-die-zukunft-der-chirurgie-minister-olaf-lies-zu-besuch-an-der-umg\\\/\"},\"wordCount\":466,\"commentCount\":0,\"publisher\":{\"@id\":\"https:\\\/\\\/radioleinewelle.de\\\/#organization\"},\"image\":{\"@id\":\"https:\\\/\\\/radioleinewelle.de\\\/index.php\\\/2025\\\/04\\\/15\\\/ein-blick-in-die-zukunft-der-chirurgie-minister-olaf-lies-zu-besuch-an-der-umg\\\/#primaryimage\"},\"thumbnailUrl\":\"https:\\\/\\\/radioleinewelle.de\\\/wp-content\\\/uploads\\\/2025\\\/04\\\/PHOTO-2025-04-15-12-19-24-e1744714071906.jpg\",\"inLanguage\":\"de\",\"potentialAction\":[{\"@type\":\"CommentAction\",\"name\":\"Comment\",\"target\":[\"https:\\\/\\\/radioleinewelle.de\\\/index.php\\\/2025\\\/04\\\/15\\\/ein-blick-in-die-zukunft-der-chirurgie-minister-olaf-lies-zu-besuch-an-der-umg\\\/#respond\"]}]},{\"@type\":\"WebPage\",\"@id\":\"https:\\\/\\\/radioleinewelle.de\\\/index.php\\\/2025\\\/04\\\/15\\\/ein-blick-in-die-zukunft-der-chirurgie-minister-olaf-lies-zu-besuch-an-der-umg\\\/\",\"url\":\"https:\\\/\\\/radioleinewelle.de\\\/index.php\\\/2025\\\/04\\\/15\\\/ein-blick-in-die-zukunft-der-chirurgie-minister-olaf-lies-zu-besuch-an-der-umg\\\/\",\"name\":\"Ein Blick in die Zukunft der Chirurgie - Minister Olaf Lies zu Besuch an der UMG - Radio Leinewelle\",\"isPartOf\":{\"@id\":\"https:\\\/\\\/radioleinewelle.de\\\/#website\"},\"primaryImageOfPage\":{\"@id\":\"https:\\\/\\\/radioleinewelle.de\\\/index.php\\\/2025\\\/04\\\/15\\\/ein-blick-in-die-zukunft-der-chirurgie-minister-olaf-lies-zu-besuch-an-der-umg\\\/#primaryimage\"},\"image\":{\"@id\":\"https:\\\/\\\/radioleinewelle.de\\\/index.php\\\/2025\\\/04\\\/15\\\/ein-blick-in-die-zukunft-der-chirurgie-minister-olaf-lies-zu-besuch-an-der-umg\\\/#primaryimage\"},\"thumbnailUrl\":\"https:\\\/\\\/radioleinewelle.de\\\/wp-content\\\/uploads\\\/2025\\\/04\\\/PHOTO-2025-04-15-12-19-24-e1744714071906.jpg\",\"datePublished\":\"2025-04-15T10:51:18+00:00\",\"dateModified\":\"2025-04-15T10:51:19+00:00\",\"breadcrumb\":{\"@id\":\"https:\\\/\\\/radioleinewelle.de\\\/index.php\\\/2025\\\/04\\\/15\\\/ein-blick-in-die-zukunft-der-chirurgie-minister-olaf-lies-zu-besuch-an-der-umg\\\/#breadcrumb\"},\"inLanguage\":\"de\",\"potentialAction\":[{\"@type\":\"ReadAction\",\"target\":[\"https:\\\/\\\/radioleinewelle.de\\\/index.php\\\/2025\\\/04\\\/15\\\/ein-blick-in-die-zukunft-der-chirurgie-minister-olaf-lies-zu-besuch-an-der-umg\\\/\"]}]},{\"@type\":\"ImageObject\",\"inLanguage\":\"de\",\"@id\":\"https:\\\/\\\/radioleinewelle.de\\\/index.php\\\/2025\\\/04\\\/15\\\/ein-blick-in-die-zukunft-der-chirurgie-minister-olaf-lies-zu-besuch-an-der-umg\\\/#primaryimage\",\"url\":\"https:\\\/\\\/radioleinewelle.de\\\/wp-content\\\/uploads\\\/2025\\\/04\\\/PHOTO-2025-04-15-12-19-24-e1744714071906.jpg\",\"contentUrl\":\"https:\\\/\\\/radioleinewelle.de\\\/wp-content\\\/uploads\\\/2025\\\/04\\\/PHOTO-2025-04-15-12-19-24-e1744714071906.jpg\",\"width\":1163,\"height\":1176},{\"@type\":\"BreadcrumbList\",\"@id\":\"https:\\\/\\\/radioleinewelle.de\\\/index.php\\\/2025\\\/04\\\/15\\\/ein-blick-in-die-zukunft-der-chirurgie-minister-olaf-lies-zu-besuch-an-der-umg\\\/#breadcrumb\",\"itemListElement\":[{\"@type\":\"ListItem\",\"position\":1,\"name\":\"Startseite\",\"item\":\"https:\\\/\\\/radioleinewelle.de\\\/\"},{\"@type\":\"ListItem\",\"position\":2,\"name\":\"Ein Blick in die Zukunft der Chirurgie &#8211; Minister Olaf Lies zu Besuch an der UMG\"}]},{\"@type\":\"WebSite\",\"@id\":\"https:\\\/\\\/radioleinewelle.de\\\/#website\",\"url\":\"https:\\\/\\\/radioleinewelle.de\\\/\",\"name\":\"Radio Leinewelle\",\"description\":\"\",\"publisher\":{\"@id\":\"https:\\\/\\\/radioleinewelle.de\\\/#organization\"},\"potentialAction\":[{\"@type\":\"SearchAction\",\"target\":{\"@type\":\"EntryPoint\",\"urlTemplate\":\"https:\\\/\\\/radioleinewelle.de\\\/?s={search_term_string}\"},\"query-input\":{\"@type\":\"PropertyValueSpecification\",\"valueRequired\":true,\"valueName\":\"search_term_string\"}}],\"inLanguage\":\"de\"},{\"@type\":\"Organization\",\"@id\":\"https:\\\/\\\/radioleinewelle.de\\\/#organization\",\"name\":\"Radio Leinewelle\",\"alternateName\":\"Mein Radio f\u00fcr S\u00fcdniedersachsen\",\"url\":\"https:\\\/\\\/radioleinewelle.de\\\/\",\"logo\":{\"@type\":\"ImageObject\",\"inLanguage\":\"de\",\"@id\":\"https:\\\/\\\/radioleinewelle.de\\\/#\\\/schema\\\/logo\\\/image\\\/\",\"url\":\"https:\\\/\\\/radioleinewelle.de\\\/wp-content\\\/uploads\\\/2023\\\/11\\\/cropped-Leinewelle_Logo_weiss.png\",\"contentUrl\":\"https:\\\/\\\/radioleinewelle.de\\\/wp-content\\\/uploads\\\/2023\\\/11\\\/cropped-Leinewelle_Logo_weiss.png\",\"width\":854,\"height\":260,\"caption\":\"Radio Leinewelle\"},\"image\":{\"@id\":\"https:\\\/\\\/radioleinewelle.de\\\/#\\\/schema\\\/logo\\\/image\\\/\"},\"sameAs\":[\"https:\\\/\\\/www.facebook.com\\\/radioleinewelle\",\"https:\\\/\\\/x.com\\\/RLeinewelle\",\"https:\\\/\\\/www.instagram.com\\\/radioleinewelle\\\/?hl=de\"]},{\"@type\":\"Person\",\"@id\":\"https:\\\/\\\/radioleinewelle.de\\\/#\\\/schema\\\/person\\\/45606f348637df637192dc1b68399a63\",\"name\":\"Leinewelle\",\"image\":{\"@type\":\"ImageObject\",\"inLanguage\":\"de\",\"@id\":\"https:\\\/\\\/secure.gravatar.com\\\/avatar\\\/05c9a17bc973052ee5d91549bd32fb4dd0dc85b7b85ae94b2e2b4943476bbea5?s=96&d=blank&r=g\",\"url\":\"https:\\\/\\\/secure.gravatar.com\\\/avatar\\\/05c9a17bc973052ee5d91549bd32fb4dd0dc85b7b85ae94b2e2b4943476bbea5?s=96&d=blank&r=g\",\"contentUrl\":\"https:\\\/\\\/secure.gravatar.com\\\/avatar\\\/05c9a17bc973052ee5d91549bd32fb4dd0dc85b7b85ae94b2e2b4943476bbea5?s=96&d=blank&r=g\",\"caption\":\"Leinewelle\"},\"sameAs\":[\"http:\\\/\\\/localhost\\\/radio%20leinewelle\\\/wordpress\",\"https:\\\/\\\/www.facebook.com\\\/radioleinewelle\",\"https:\\\/\\\/www.instagram.com\\\/radioleinewelle\",\"https:\\\/\\\/x.com\\\/https:\\\/\\\/twitter.com\\\/RLeinewelle?ref_src=twsrcgoogletwcampserptwgrauthor\",\"https:\\\/\\\/soundcloud.com\\\/foerderverein-lokalradio?utm_source=clipboard&utm_medium=text&utm_campaign=social_sharing\"],\"url\":\"https:\\\/\\\/radioleinewelle.de\\\/index.php\\\/author\\\/leinewelle\\\/\"}]}<\/script>\n<!-- \/ Yoast SEO plugin. -->","yoast_head_json":{"title":"Ein Blick in die Zukunft der Chirurgie - Minister Olaf Lies zu Besuch an der UMG - Radio Leinewelle","robots":{"index":"index","follow":"follow","max-snippet":"max-snippet:-1","max-image-preview":"max-image-preview:large","max-video-preview":"max-video-preview:-1"},"canonical":"https:\/\/radioleinewelle.de\/index.php\/2025\/04\/15\/ein-blick-in-die-zukunft-der-chirurgie-minister-olaf-lies-zu-besuch-an-der-umg\/","og_locale":"de_DE","og_type":"article","og_title":"Ein Blick in die Zukunft der Chirurgie - Minister Olaf Lies zu Besuch an der UMG - Radio Leinewelle","og_description":"Hoher Besuch am Center for Digital Surgery (CDS) der Universit\u00e4tsmedizin G\u00f6ttingen (UMG): Olaf Lies, Nieders\u00e4chsischer Minister f\u00fcr Wirtschaft, Verkehr, Bauen und Digitalisierung, besuchte am Montag, dieses neue, hoch innovative Zentrum an der UMG. Angesiedelt nicht am Zentralbau der UMG, sondern in der Daimlerstra\u00dfe, in unmittelbarer Nachbarschaft der HAWK, des Gesundheitscampus und der Otto Bock Niederlassung [&hellip;]","og_url":"https:\/\/radioleinewelle.de\/index.php\/2025\/04\/15\/ein-blick-in-die-zukunft-der-chirurgie-minister-olaf-lies-zu-besuch-an-der-umg\/","og_site_name":"Radio Leinewelle","article_publisher":"https:\/\/www.facebook.com\/radioleinewelle","article_author":"https:\/\/www.facebook.com\/radioleinewelle","article_published_time":"2025-04-15T10:51:18+00:00","article_modified_time":"2025-04-15T10:51:19+00:00","og_image":[{"width":1163,"height":1176,"url":"https:\/\/radioleinewelle.de\/wp-content\/uploads\/2025\/04\/PHOTO-2025-04-15-12-19-24-e1744714071906.jpg","type":"image\/jpeg"}],"author":"Leinewelle","twitter_card":"summary_large_image","twitter_creator":"@https:\/\/twitter.com\/RLeinewelle?ref_src=twsrcgoogletwcampserptwgrauthor","twitter_site":"@RLeinewelle","twitter_misc":{"Verfasst von":"Leinewelle","Gesch\u00e4tzte Lesezeit":"3\u00a0Minuten"},"schema":{"@context":"https:\/\/schema.org","@graph":[{"@type":"Article","@id":"https:\/\/radioleinewelle.de\/index.php\/2025\/04\/15\/ein-blick-in-die-zukunft-der-chirurgie-minister-olaf-lies-zu-besuch-an-der-umg\/#article","isPartOf":{"@id":"https:\/\/radioleinewelle.de\/index.php\/2025\/04\/15\/ein-blick-in-die-zukunft-der-chirurgie-minister-olaf-lies-zu-besuch-an-der-umg\/"},"author":{"name":"Leinewelle","@id":"https:\/\/radioleinewelle.de\/#\/schema\/person\/45606f348637df637192dc1b68399a63"},"headline":"Ein Blick in die Zukunft der Chirurgie &#8211; Minister Olaf Lies zu Besuch an der UMG","datePublished":"2025-04-15T10:51:18+00:00","dateModified":"2025-04-15T10:51:19+00:00","mainEntityOfPage":{"@id":"https:\/\/radioleinewelle.de\/index.php\/2025\/04\/15\/ein-blick-in-die-zukunft-der-chirurgie-minister-olaf-lies-zu-besuch-an-der-umg\/"},"wordCount":466,"commentCount":0,"publisher":{"@id":"https:\/\/radioleinewelle.de\/#organization"},"image":{"@id":"https:\/\/radioleinewelle.de\/index.php\/2025\/04\/15\/ein-blick-in-die-zukunft-der-chirurgie-minister-olaf-lies-zu-besuch-an-der-umg\/#primaryimage"},"thumbnailUrl":"https:\/\/radioleinewelle.de\/wp-content\/uploads\/2025\/04\/PHOTO-2025-04-15-12-19-24-e1744714071906.jpg","inLanguage":"de","potentialAction":[{"@type":"CommentAction","name":"Comment","target":["https:\/\/radioleinewelle.de\/index.php\/2025\/04\/15\/ein-blick-in-die-zukunft-der-chirurgie-minister-olaf-lies-zu-besuch-an-der-umg\/#respond"]}]},{"@type":"WebPage","@id":"https:\/\/radioleinewelle.de\/index.php\/2025\/04\/15\/ein-blick-in-die-zukunft-der-chirurgie-minister-olaf-lies-zu-besuch-an-der-umg\/","url":"https:\/\/radioleinewelle.de\/index.php\/2025\/04\/15\/ein-blick-in-die-zukunft-der-chirurgie-minister-olaf-lies-zu-besuch-an-der-umg\/","name":"Ein Blick in die Zukunft der Chirurgie - Minister Olaf Lies zu Besuch an der UMG - Radio Leinewelle","isPartOf":{"@id":"https:\/\/radioleinewelle.de\/#website"},"primaryImageOfPage":{"@id":"https:\/\/radioleinewelle.de\/index.php\/2025\/04\/15\/ein-blick-in-die-zukunft-der-chirurgie-minister-olaf-lies-zu-besuch-an-der-umg\/#primaryimage"},"image":{"@id":"https:\/\/radioleinewelle.de\/index.php\/2025\/04\/15\/ein-blick-in-die-zukunft-der-chirurgie-minister-olaf-lies-zu-besuch-an-der-umg\/#primaryimage"},"thumbnailUrl":"https:\/\/radioleinewelle.de\/wp-content\/uploads\/2025\/04\/PHOTO-2025-04-15-12-19-24-e1744714071906.jpg","datePublished":"2025-04-15T10:51:18+00:00","dateModified":"2025-04-15T10:51:19+00:00","breadcrumb":{"@id":"https:\/\/radioleinewelle.de\/index.php\/2025\/04\/15\/ein-blick-in-die-zukunft-der-chirurgie-minister-olaf-lies-zu-besuch-an-der-umg\/#breadcrumb"},"inLanguage":"de","potentialAction":[{"@type":"ReadAction","target":["https:\/\/radioleinewelle.de\/index.php\/2025\/04\/15\/ein-blick-in-die-zukunft-der-chirurgie-minister-olaf-lies-zu-besuch-an-der-umg\/"]}]},{"@type":"ImageObject","inLanguage":"de","@id":"https:\/\/radioleinewelle.de\/index.php\/2025\/04\/15\/ein-blick-in-die-zukunft-der-chirurgie-minister-olaf-lies-zu-besuch-an-der-umg\/#primaryimage","url":"https:\/\/radioleinewelle.de\/wp-content\/uploads\/2025\/04\/PHOTO-2025-04-15-12-19-24-e1744714071906.jpg","contentUrl":"https:\/\/radioleinewelle.de\/wp-content\/uploads\/2025\/04\/PHOTO-2025-04-15-12-19-24-e1744714071906.jpg","width":1163,"height":1176},{"@type":"BreadcrumbList","@id":"https:\/\/radioleinewelle.de\/index.php\/2025\/04\/15\/ein-blick-in-die-zukunft-der-chirurgie-minister-olaf-lies-zu-besuch-an-der-umg\/#breadcrumb","itemListElement":[{"@type":"ListItem","position":1,"name":"Startseite","item":"https:\/\/radioleinewelle.de\/"},{"@type":"ListItem","position":2,"name":"Ein Blick in die Zukunft der Chirurgie &#8211; Minister Olaf Lies zu Besuch an der UMG"}]},{"@type":"WebSite","@id":"https:\/\/radioleinewelle.de\/#website","url":"https:\/\/radioleinewelle.de\/","name":"Radio Leinewelle","description":"","publisher":{"@id":"https:\/\/radioleinewelle.de\/#organization"},"potentialAction":[{"@type":"SearchAction","target":{"@type":"EntryPoint","urlTemplate":"https:\/\/radioleinewelle.de\/?s={search_term_string}"},"query-input":{"@type":"PropertyValueSpecification","valueRequired":true,"valueName":"search_term_string"}}],"inLanguage":"de"},{"@type":"Organization","@id":"https:\/\/radioleinewelle.de\/#organization","name":"Radio Leinewelle","alternateName":"Mein Radio f\u00fcr S\u00fcdniedersachsen","url":"https:\/\/radioleinewelle.de\/","logo":{"@type":"ImageObject","inLanguage":"de","@id":"https:\/\/radioleinewelle.de\/#\/schema\/logo\/image\/","url":"https:\/\/radioleinewelle.de\/wp-content\/uploads\/2023\/11\/cropped-Leinewelle_Logo_weiss.png","contentUrl":"https:\/\/radioleinewelle.de\/wp-content\/uploads\/2023\/11\/cropped-Leinewelle_Logo_weiss.png","width":854,"height":260,"caption":"Radio Leinewelle"},"image":{"@id":"https:\/\/radioleinewelle.de\/#\/schema\/logo\/image\/"},"sameAs":["https:\/\/www.facebook.com\/radioleinewelle","https:\/\/x.com\/RLeinewelle","https:\/\/www.instagram.com\/radioleinewelle\/?hl=de"]},{"@type":"Person","@id":"https:\/\/radioleinewelle.de\/#\/schema\/person\/45606f348637df637192dc1b68399a63","name":"Leinewelle","image":{"@type":"ImageObject","inLanguage":"de","@id":"https:\/\/secure.gravatar.com\/avatar\/05c9a17bc973052ee5d91549bd32fb4dd0dc85b7b85ae94b2e2b4943476bbea5?s=96&d=blank&r=g","url":"https:\/\/secure.gravatar.com\/avatar\/05c9a17bc973052ee5d91549bd32fb4dd0dc85b7b85ae94b2e2b4943476bbea5?s=96&d=blank&r=g","contentUrl":"https:\/\/secure.gravatar.com\/avatar\/05c9a17bc973052ee5d91549bd32fb4dd0dc85b7b85ae94b2e2b4943476bbea5?s=96&d=blank&r=g","caption":"Leinewelle"},"sameAs":["http:\/\/localhost\/radio%20leinewelle\/wordpress","https:\/\/www.facebook.com\/radioleinewelle","https:\/\/www.instagram.com\/radioleinewelle","https:\/\/x.com\/https:\/\/twitter.com\/RLeinewelle?ref_src=twsrcgoogletwcampserptwgrauthor","https:\/\/soundcloud.com\/foerderverein-lokalradio?utm_source=clipboard&utm_medium=text&utm_campaign=social_sharing"],"url":"https:\/\/radioleinewelle.de\/index.php\/author\/leinewelle\/"}]}},"_links":{"self":[{"href":"https:\/\/radioleinewelle.de\/index.php\/wp-json\/wp\/v2\/posts\/27847","targetHints":{"allow":["GET"]}}],"collection":[{"href":"https:\/\/radioleinewelle.de\/index.php\/wp-json\/wp\/v2\/posts"}],"about":[{"href":"https:\/\/radioleinewelle.de\/index.php\/wp-json\/wp\/v2\/types\/post"}],"author":[{"embeddable":true,"href":"https:\/\/radioleinewelle.de\/index.php\/wp-json\/wp\/v2\/users\/1"}],"replies":[{"embeddable":true,"href":"https:\/\/radioleinewelle.de\/index.php\/wp-json\/wp\/v2\/comments?post=27847"}],"version-history":[{"count":5,"href":"https:\/\/radioleinewelle.de\/index.php\/wp-json\/wp\/v2\/posts\/27847\/revisions"}],"predecessor-version":[{"id":27861,"href":"https:\/\/radioleinewelle.de\/index.php\/wp-json\/wp\/v2\/posts\/27847\/revisions\/27861"}],"wp:featuredmedia":[{"embeddable":true,"href":"https:\/\/radioleinewelle.de\/index.php\/wp-json\/wp\/v2\/media\/27862"}],"wp:attachment":[{"href":"https:\/\/radioleinewelle.de\/index.php\/wp-json\/wp\/v2\/media?parent=27847"}],"wp:term":[{"taxonomy":"category","embeddable":true,"href":"https:\/\/radioleinewelle.de\/index.php\/wp-json\/wp\/v2\/categories?post=27847"},{"taxonomy":"post_tag","embeddable":true,"href":"https:\/\/radioleinewelle.de\/index.php\/wp-json\/wp\/v2\/tags?post=27847"}],"curies":[{"name":"wp","href":"https:\/\/api.w.org\/{rel}","templated":true}]}}