{"id":27863,"date":"2025-04-18T11:48:13","date_gmt":"2025-04-18T09:48:13","guid":{"rendered":"https:\/\/radioleinewelle.de\/?p=27863"},"modified":"2025-04-18T11:48:14","modified_gmt":"2025-04-18T09:48:14","slug":"kundgebung-des-goettinger-friedensforums-am-ostersamstag","status":"publish","type":"post","link":"https:\/\/radioleinewelle.de\/index.php\/2025\/04\/18\/kundgebung-des-goettinger-friedensforums-am-ostersamstag\/","title":{"rendered":"Kundgebung des G\u00f6ttinger Friedensforums am Ostersamstag"},"content":{"rendered":"\n<p>Wie in jedem Jahr gibt es \u00fcber Ostern bundesweit Kundgebungen und Osterm\u00e4rsche von verschiedenen Friedensgruppen. Auch wenn die Beteiligung in den letzten Jahren nicht mehr so gro\u00df war wie zu Hochzeiten der Friedensbewegung, sind die Themen nicht minder aktuell. Traditionell findet in G\u00f6ttinger am Ostersamstag eine Kundgebung des G\u00f6ttinger Friedensforums statt.\u00a0Ein Schwerpunkt der Veranstaltung in diesem Jahr wird das Thema Kriegsdienstverweigerung sein. <br><strong>Franz Nadler von der Initiative\u00a0<em>Connection e.V.<\/em><\/strong><em>\u00a0<\/em>wird<em>\u00a0<\/em>in seinen Redebeitrag den Schwerpunkt legen auf Kriegsdienstverweigerung in aktuellen Kriegen, insbesondere der Ukraine und Russland. Weitere Beitr\u00e4ge wird es geben zur Hochr\u00fcstung in Deutschland und Europa, zur Situation in Israel und Pal\u00e4stina, zu den Atomwaffen, zur geplanten Wehrerfassung und zum 80sten Jahrestag der Befreiung am 8. Mai. Dazu hei\u00dft es in einer Erkl\u00e4rung des G\u00f6ttinger Friedensforums:<br><em>&#8222;80 Jahre nach Ende des Zweiten Weltkrieges scheint die\u00a0Erinnerung an Tod und Zerst\u00f6rung zu verblassen, das m\u00f6rderische Unheil des Krieges wird verdr\u00e4ngt. Die Welt r\u00fcstet auf, tausende Menschen sterben in Kriegen und die Gefahr eines Atomkrieges ist weiterhin nicht gebannt. Abschreckung durch St\u00e4rke und Milit\u00e4r ist aktuell die einzige L\u00f6sung, die die Regierenden kennen.\u00a0<br>Eine Hochr\u00fcstung der Bundeswehr durch Kriegskredite in Milliardenh\u00f6he und die Militarisierung der Gesellschaft mit dem Ziel, Deutschland \u201ekriegst\u00fcchtig\u201c zu machen, werden uns dem Frieden nicht n\u00e4herbringen.\u00a0Ob in der Ukraine, in Russland, in Gaza oder der Westbank Israels, im Sudan oder \u00c4thiopien: die Menschen, die in den Kriegen get\u00f6tet, verwundet oder vertrieben werden, sind nicht diejenigen, die sie verursachen und von ihnen profitieren.&#8220;<\/em><\/p>\n\n\n\n<p>Die Kundgebung findet am Ostersamstag, dem\u00a0<strong>19. April 2025, um 12.00 Uhr am \u201eNabel\u201c\u00a0<\/strong>(Weender Str.\/Theaterstr.) statt.<\/p>\n\n\n\n<p>Auch in vielen anderen St\u00e4dten gibt es Aktionen und Kundgebungen. Weitere Informationen und eine \u00dcbersicht findet sich unter  <a href=\"http:\/\/www.friedenskooperative.de\"><strong>www.friedenskooperative.de<\/strong><\/a><\/p>\n\n\n\n<p><strong>Foto:<\/strong> \u00a9Radio Leinewelle (je)<\/p>\n","protected":false},"excerpt":{"rendered":"<p>Wie in jedem Jahr gibt es \u00fcber Ostern bundesweit Kundgebungen und Osterm\u00e4rsche von verschiedenen Friedensgruppen. Auch wenn die Beteiligung in den letzten Jahren nicht mehr so gro\u00df war wie zu Hochzeiten der Friedensbewegung, sind die Themen nicht minder aktuell. Traditionell findet in G\u00f6ttinger am Ostersamstag eine Kundgebung des G\u00f6ttinger Friedensforums statt.\u00a0Ein Schwerpunkt der Veranstaltung in [&hellip;]<\/p>\n","protected":false},"author":1,"featured_media":25193,"comment_status":"open","ping_status":"open","sticky":false,"template":"","format":"standard","meta":{"saved_in_kubio":false,"footnotes":""},"categories":[1],"tags":[],"class_list":["post-27863","post","type-post","status-publish","format-standard","has-post-thumbnail","hentry","category-allgemein"],"yoast_head":"<!-- This site is optimized with the Yoast SEO plugin v27.5 - https:\/\/yoast.com\/product\/yoast-seo-wordpress\/ -->\n<title>Kundgebung des G\u00f6ttinger Friedensforums am Ostersamstag - Radio Leinewelle<\/title>\n<meta name=\"robots\" content=\"index, follow, max-snippet:-1, max-image-preview:large, max-video-preview:-1\" \/>\n<link rel=\"canonical\" href=\"https:\/\/radioleinewelle.de\/index.php\/2025\/04\/18\/kundgebung-des-goettinger-friedensforums-am-ostersamstag\/\" \/>\n<meta property=\"og:locale\" content=\"de_DE\" \/>\n<meta property=\"og:type\" content=\"article\" \/>\n<meta property=\"og:title\" content=\"Kundgebung des G\u00f6ttinger Friedensforums am Ostersamstag - Radio Leinewelle\" \/>\n<meta property=\"og:description\" content=\"Wie in jedem Jahr gibt es \u00fcber Ostern bundesweit Kundgebungen und Osterm\u00e4rsche von verschiedenen Friedensgruppen. Auch wenn die Beteiligung in den letzten Jahren nicht mehr so gro\u00df war wie zu Hochzeiten der Friedensbewegung, sind die Themen nicht minder aktuell. Traditionell findet in G\u00f6ttinger am Ostersamstag eine Kundgebung des G\u00f6ttinger Friedensforums statt.\u00a0Ein Schwerpunkt der Veranstaltung in [&hellip;]\" \/>\n<meta property=\"og:url\" content=\"https:\/\/radioleinewelle.de\/index.php\/2025\/04\/18\/kundgebung-des-goettinger-friedensforums-am-ostersamstag\/\" \/>\n<meta property=\"og:site_name\" content=\"Radio Leinewelle\" \/>\n<meta property=\"article:publisher\" content=\"https:\/\/www.facebook.com\/radioleinewelle\" \/>\n<meta property=\"article:author\" content=\"https:\/\/www.facebook.com\/radioleinewelle\" \/>\n<meta property=\"article:published_time\" content=\"2025-04-18T09:48:13+00:00\" \/>\n<meta property=\"article:modified_time\" content=\"2025-04-18T09:48:14+00:00\" \/>\n<meta property=\"og:image\" content=\"https:\/\/radioleinewelle.de\/wp-content\/uploads\/2024\/03\/Ostermarsch-2023-scaled-e1711531279312.jpg\" \/>\n\t<meta property=\"og:image:width\" content=\"1000\" \/>\n\t<meta property=\"og:image:height\" content=\"785\" \/>\n\t<meta property=\"og:image:type\" content=\"image\/jpeg\" \/>\n<meta name=\"author\" content=\"Leinewelle\" \/>\n<meta name=\"twitter:card\" content=\"summary_large_image\" \/>\n<meta name=\"twitter:creator\" content=\"@https:\/\/twitter.com\/RLeinewelle?ref_src=twsrcgoogletwcampserptwgrauthor\" \/>\n<meta name=\"twitter:site\" content=\"@RLeinewelle\" \/>\n<meta name=\"twitter:label1\" content=\"Verfasst von\" \/>\n\t<meta name=\"twitter:data1\" content=\"Leinewelle\" \/>\n\t<meta name=\"twitter:label2\" content=\"Gesch\u00e4tzte Lesezeit\" \/>\n\t<meta name=\"twitter:data2\" content=\"2\u00a0Minuten\" \/>\n<script type=\"application\/ld+json\" class=\"yoast-schema-graph\">{\"@context\":\"https:\\\/\\\/schema.org\",\"@graph\":[{\"@type\":\"Article\",\"@id\":\"https:\\\/\\\/radioleinewelle.de\\\/index.php\\\/2025\\\/04\\\/18\\\/kundgebung-des-goettinger-friedensforums-am-ostersamstag\\\/#article\",\"isPartOf\":{\"@id\":\"https:\\\/\\\/radioleinewelle.de\\\/index.php\\\/2025\\\/04\\\/18\\\/kundgebung-des-goettinger-friedensforums-am-ostersamstag\\\/\"},\"author\":{\"name\":\"Leinewelle\",\"@id\":\"https:\\\/\\\/radioleinewelle.de\\\/#\\\/schema\\\/person\\\/45606f348637df637192dc1b68399a63\"},\"headline\":\"Kundgebung des G\u00f6ttinger Friedensforums am Ostersamstag\",\"datePublished\":\"2025-04-18T09:48:13+00:00\",\"dateModified\":\"2025-04-18T09:48:14+00:00\",\"mainEntityOfPage\":{\"@id\":\"https:\\\/\\\/radioleinewelle.de\\\/index.php\\\/2025\\\/04\\\/18\\\/kundgebung-des-goettinger-friedensforums-am-ostersamstag\\\/\"},\"wordCount\":314,\"commentCount\":0,\"publisher\":{\"@id\":\"https:\\\/\\\/radioleinewelle.de\\\/#organization\"},\"image\":{\"@id\":\"https:\\\/\\\/radioleinewelle.de\\\/index.php\\\/2025\\\/04\\\/18\\\/kundgebung-des-goettinger-friedensforums-am-ostersamstag\\\/#primaryimage\"},\"thumbnailUrl\":\"https:\\\/\\\/radioleinewelle.de\\\/wp-content\\\/uploads\\\/2024\\\/03\\\/Ostermarsch-2023-scaled-e1711531279312.jpg\",\"inLanguage\":\"de\",\"potentialAction\":[{\"@type\":\"CommentAction\",\"name\":\"Comment\",\"target\":[\"https:\\\/\\\/radioleinewelle.de\\\/index.php\\\/2025\\\/04\\\/18\\\/kundgebung-des-goettinger-friedensforums-am-ostersamstag\\\/#respond\"]}]},{\"@type\":\"WebPage\",\"@id\":\"https:\\\/\\\/radioleinewelle.de\\\/index.php\\\/2025\\\/04\\\/18\\\/kundgebung-des-goettinger-friedensforums-am-ostersamstag\\\/\",\"url\":\"https:\\\/\\\/radioleinewelle.de\\\/index.php\\\/2025\\\/04\\\/18\\\/kundgebung-des-goettinger-friedensforums-am-ostersamstag\\\/\",\"name\":\"Kundgebung des G\u00f6ttinger Friedensforums am Ostersamstag - Radio Leinewelle\",\"isPartOf\":{\"@id\":\"https:\\\/\\\/radioleinewelle.de\\\/#website\"},\"primaryImageOfPage\":{\"@id\":\"https:\\\/\\\/radioleinewelle.de\\\/index.php\\\/2025\\\/04\\\/18\\\/kundgebung-des-goettinger-friedensforums-am-ostersamstag\\\/#primaryimage\"},\"image\":{\"@id\":\"https:\\\/\\\/radioleinewelle.de\\\/index.php\\\/2025\\\/04\\\/18\\\/kundgebung-des-goettinger-friedensforums-am-ostersamstag\\\/#primaryimage\"},\"thumbnailUrl\":\"https:\\\/\\\/radioleinewelle.de\\\/wp-content\\\/uploads\\\/2024\\\/03\\\/Ostermarsch-2023-scaled-e1711531279312.jpg\",\"datePublished\":\"2025-04-18T09:48:13+00:00\",\"dateModified\":\"2025-04-18T09:48:14+00:00\",\"breadcrumb\":{\"@id\":\"https:\\\/\\\/radioleinewelle.de\\\/index.php\\\/2025\\\/04\\\/18\\\/kundgebung-des-goettinger-friedensforums-am-ostersamstag\\\/#breadcrumb\"},\"inLanguage\":\"de\",\"potentialAction\":[{\"@type\":\"ReadAction\",\"target\":[\"https:\\\/\\\/radioleinewelle.de\\\/index.php\\\/2025\\\/04\\\/18\\\/kundgebung-des-goettinger-friedensforums-am-ostersamstag\\\/\"]}]},{\"@type\":\"ImageObject\",\"inLanguage\":\"de\",\"@id\":\"https:\\\/\\\/radioleinewelle.de\\\/index.php\\\/2025\\\/04\\\/18\\\/kundgebung-des-goettinger-friedensforums-am-ostersamstag\\\/#primaryimage\",\"url\":\"https:\\\/\\\/radioleinewelle.de\\\/wp-content\\\/uploads\\\/2024\\\/03\\\/Ostermarsch-2023-scaled-e1711531279312.jpg\",\"contentUrl\":\"https:\\\/\\\/radioleinewelle.de\\\/wp-content\\\/uploads\\\/2024\\\/03\\\/Ostermarsch-2023-scaled-e1711531279312.jpg\",\"width\":1000,\"height\":785},{\"@type\":\"BreadcrumbList\",\"@id\":\"https:\\\/\\\/radioleinewelle.de\\\/index.php\\\/2025\\\/04\\\/18\\\/kundgebung-des-goettinger-friedensforums-am-ostersamstag\\\/#breadcrumb\",\"itemListElement\":[{\"@type\":\"ListItem\",\"position\":1,\"name\":\"Startseite\",\"item\":\"https:\\\/\\\/radioleinewelle.de\\\/\"},{\"@type\":\"ListItem\",\"position\":2,\"name\":\"Kundgebung des G\u00f6ttinger Friedensforums am Ostersamstag\"}]},{\"@type\":\"WebSite\",\"@id\":\"https:\\\/\\\/radioleinewelle.de\\\/#website\",\"url\":\"https:\\\/\\\/radioleinewelle.de\\\/\",\"name\":\"Radio Leinewelle\",\"description\":\"\",\"publisher\":{\"@id\":\"https:\\\/\\\/radioleinewelle.de\\\/#organization\"},\"potentialAction\":[{\"@type\":\"SearchAction\",\"target\":{\"@type\":\"EntryPoint\",\"urlTemplate\":\"https:\\\/\\\/radioleinewelle.de\\\/?s={search_term_string}\"},\"query-input\":{\"@type\":\"PropertyValueSpecification\",\"valueRequired\":true,\"valueName\":\"search_term_string\"}}],\"inLanguage\":\"de\"},{\"@type\":\"Organization\",\"@id\":\"https:\\\/\\\/radioleinewelle.de\\\/#organization\",\"name\":\"Radio Leinewelle\",\"alternateName\":\"Mein Radio f\u00fcr S\u00fcdniedersachsen\",\"url\":\"https:\\\/\\\/radioleinewelle.de\\\/\",\"logo\":{\"@type\":\"ImageObject\",\"inLanguage\":\"de\",\"@id\":\"https:\\\/\\\/radioleinewelle.de\\\/#\\\/schema\\\/logo\\\/image\\\/\",\"url\":\"https:\\\/\\\/radioleinewelle.de\\\/wp-content\\\/uploads\\\/2023\\\/11\\\/cropped-Leinewelle_Logo_weiss.png\",\"contentUrl\":\"https:\\\/\\\/radioleinewelle.de\\\/wp-content\\\/uploads\\\/2023\\\/11\\\/cropped-Leinewelle_Logo_weiss.png\",\"width\":854,\"height\":260,\"caption\":\"Radio Leinewelle\"},\"image\":{\"@id\":\"https:\\\/\\\/radioleinewelle.de\\\/#\\\/schema\\\/logo\\\/image\\\/\"},\"sameAs\":[\"https:\\\/\\\/www.facebook.com\\\/radioleinewelle\",\"https:\\\/\\\/x.com\\\/RLeinewelle\",\"https:\\\/\\\/www.instagram.com\\\/radioleinewelle\\\/?hl=de\"]},{\"@type\":\"Person\",\"@id\":\"https:\\\/\\\/radioleinewelle.de\\\/#\\\/schema\\\/person\\\/45606f348637df637192dc1b68399a63\",\"name\":\"Leinewelle\",\"image\":{\"@type\":\"ImageObject\",\"inLanguage\":\"de\",\"@id\":\"https:\\\/\\\/secure.gravatar.com\\\/avatar\\\/05c9a17bc973052ee5d91549bd32fb4dd0dc85b7b85ae94b2e2b4943476bbea5?s=96&d=blank&r=g\",\"url\":\"https:\\\/\\\/secure.gravatar.com\\\/avatar\\\/05c9a17bc973052ee5d91549bd32fb4dd0dc85b7b85ae94b2e2b4943476bbea5?s=96&d=blank&r=g\",\"contentUrl\":\"https:\\\/\\\/secure.gravatar.com\\\/avatar\\\/05c9a17bc973052ee5d91549bd32fb4dd0dc85b7b85ae94b2e2b4943476bbea5?s=96&d=blank&r=g\",\"caption\":\"Leinewelle\"},\"sameAs\":[\"http:\\\/\\\/localhost\\\/radio%20leinewelle\\\/wordpress\",\"https:\\\/\\\/www.facebook.com\\\/radioleinewelle\",\"https:\\\/\\\/www.instagram.com\\\/radioleinewelle\",\"https:\\\/\\\/x.com\\\/https:\\\/\\\/twitter.com\\\/RLeinewelle?ref_src=twsrcgoogletwcampserptwgrauthor\",\"https:\\\/\\\/soundcloud.com\\\/foerderverein-lokalradio?utm_source=clipboard&utm_medium=text&utm_campaign=social_sharing\"],\"url\":\"https:\\\/\\\/radioleinewelle.de\\\/index.php\\\/author\\\/leinewelle\\\/\"}]}<\/script>\n<!-- \/ Yoast SEO plugin. -->","yoast_head_json":{"title":"Kundgebung des G\u00f6ttinger Friedensforums am Ostersamstag - Radio Leinewelle","robots":{"index":"index","follow":"follow","max-snippet":"max-snippet:-1","max-image-preview":"max-image-preview:large","max-video-preview":"max-video-preview:-1"},"canonical":"https:\/\/radioleinewelle.de\/index.php\/2025\/04\/18\/kundgebung-des-goettinger-friedensforums-am-ostersamstag\/","og_locale":"de_DE","og_type":"article","og_title":"Kundgebung des G\u00f6ttinger Friedensforums am Ostersamstag - Radio Leinewelle","og_description":"Wie in jedem Jahr gibt es \u00fcber Ostern bundesweit Kundgebungen und Osterm\u00e4rsche von verschiedenen Friedensgruppen. Auch wenn die Beteiligung in den letzten Jahren nicht mehr so gro\u00df war wie zu Hochzeiten der Friedensbewegung, sind die Themen nicht minder aktuell. Traditionell findet in G\u00f6ttinger am Ostersamstag eine Kundgebung des G\u00f6ttinger Friedensforums statt.\u00a0Ein Schwerpunkt der Veranstaltung in [&hellip;]","og_url":"https:\/\/radioleinewelle.de\/index.php\/2025\/04\/18\/kundgebung-des-goettinger-friedensforums-am-ostersamstag\/","og_site_name":"Radio Leinewelle","article_publisher":"https:\/\/www.facebook.com\/radioleinewelle","article_author":"https:\/\/www.facebook.com\/radioleinewelle","article_published_time":"2025-04-18T09:48:13+00:00","article_modified_time":"2025-04-18T09:48:14+00:00","og_image":[{"width":1000,"height":785,"url":"https:\/\/radioleinewelle.de\/wp-content\/uploads\/2024\/03\/Ostermarsch-2023-scaled-e1711531279312.jpg","type":"image\/jpeg"}],"author":"Leinewelle","twitter_card":"summary_large_image","twitter_creator":"@https:\/\/twitter.com\/RLeinewelle?ref_src=twsrcgoogletwcampserptwgrauthor","twitter_site":"@RLeinewelle","twitter_misc":{"Verfasst von":"Leinewelle","Gesch\u00e4tzte Lesezeit":"2\u00a0Minuten"},"schema":{"@context":"https:\/\/schema.org","@graph":[{"@type":"Article","@id":"https:\/\/radioleinewelle.de\/index.php\/2025\/04\/18\/kundgebung-des-goettinger-friedensforums-am-ostersamstag\/#article","isPartOf":{"@id":"https:\/\/radioleinewelle.de\/index.php\/2025\/04\/18\/kundgebung-des-goettinger-friedensforums-am-ostersamstag\/"},"author":{"name":"Leinewelle","@id":"https:\/\/radioleinewelle.de\/#\/schema\/person\/45606f348637df637192dc1b68399a63"},"headline":"Kundgebung des G\u00f6ttinger Friedensforums am Ostersamstag","datePublished":"2025-04-18T09:48:13+00:00","dateModified":"2025-04-18T09:48:14+00:00","mainEntityOfPage":{"@id":"https:\/\/radioleinewelle.de\/index.php\/2025\/04\/18\/kundgebung-des-goettinger-friedensforums-am-ostersamstag\/"},"wordCount":314,"commentCount":0,"publisher":{"@id":"https:\/\/radioleinewelle.de\/#organization"},"image":{"@id":"https:\/\/radioleinewelle.de\/index.php\/2025\/04\/18\/kundgebung-des-goettinger-friedensforums-am-ostersamstag\/#primaryimage"},"thumbnailUrl":"https:\/\/radioleinewelle.de\/wp-content\/uploads\/2024\/03\/Ostermarsch-2023-scaled-e1711531279312.jpg","inLanguage":"de","potentialAction":[{"@type":"CommentAction","name":"Comment","target":["https:\/\/radioleinewelle.de\/index.php\/2025\/04\/18\/kundgebung-des-goettinger-friedensforums-am-ostersamstag\/#respond"]}]},{"@type":"WebPage","@id":"https:\/\/radioleinewelle.de\/index.php\/2025\/04\/18\/kundgebung-des-goettinger-friedensforums-am-ostersamstag\/","url":"https:\/\/radioleinewelle.de\/index.php\/2025\/04\/18\/kundgebung-des-goettinger-friedensforums-am-ostersamstag\/","name":"Kundgebung des G\u00f6ttinger Friedensforums am Ostersamstag - Radio Leinewelle","isPartOf":{"@id":"https:\/\/radioleinewelle.de\/#website"},"primaryImageOfPage":{"@id":"https:\/\/radioleinewelle.de\/index.php\/2025\/04\/18\/kundgebung-des-goettinger-friedensforums-am-ostersamstag\/#primaryimage"},"image":{"@id":"https:\/\/radioleinewelle.de\/index.php\/2025\/04\/18\/kundgebung-des-goettinger-friedensforums-am-ostersamstag\/#primaryimage"},"thumbnailUrl":"https:\/\/radioleinewelle.de\/wp-content\/uploads\/2024\/03\/Ostermarsch-2023-scaled-e1711531279312.jpg","datePublished":"2025-04-18T09:48:13+00:00","dateModified":"2025-04-18T09:48:14+00:00","breadcrumb":{"@id":"https:\/\/radioleinewelle.de\/index.php\/2025\/04\/18\/kundgebung-des-goettinger-friedensforums-am-ostersamstag\/#breadcrumb"},"inLanguage":"de","potentialAction":[{"@type":"ReadAction","target":["https:\/\/radioleinewelle.de\/index.php\/2025\/04\/18\/kundgebung-des-goettinger-friedensforums-am-ostersamstag\/"]}]},{"@type":"ImageObject","inLanguage":"de","@id":"https:\/\/radioleinewelle.de\/index.php\/2025\/04\/18\/kundgebung-des-goettinger-friedensforums-am-ostersamstag\/#primaryimage","url":"https:\/\/radioleinewelle.de\/wp-content\/uploads\/2024\/03\/Ostermarsch-2023-scaled-e1711531279312.jpg","contentUrl":"https:\/\/radioleinewelle.de\/wp-content\/uploads\/2024\/03\/Ostermarsch-2023-scaled-e1711531279312.jpg","width":1000,"height":785},{"@type":"BreadcrumbList","@id":"https:\/\/radioleinewelle.de\/index.php\/2025\/04\/18\/kundgebung-des-goettinger-friedensforums-am-ostersamstag\/#breadcrumb","itemListElement":[{"@type":"ListItem","position":1,"name":"Startseite","item":"https:\/\/radioleinewelle.de\/"},{"@type":"ListItem","position":2,"name":"Kundgebung des G\u00f6ttinger Friedensforums am Ostersamstag"}]},{"@type":"WebSite","@id":"https:\/\/radioleinewelle.de\/#website","url":"https:\/\/radioleinewelle.de\/","name":"Radio Leinewelle","description":"","publisher":{"@id":"https:\/\/radioleinewelle.de\/#organization"},"potentialAction":[{"@type":"SearchAction","target":{"@type":"EntryPoint","urlTemplate":"https:\/\/radioleinewelle.de\/?s={search_term_string}"},"query-input":{"@type":"PropertyValueSpecification","valueRequired":true,"valueName":"search_term_string"}}],"inLanguage":"de"},{"@type":"Organization","@id":"https:\/\/radioleinewelle.de\/#organization","name":"Radio Leinewelle","alternateName":"Mein Radio f\u00fcr S\u00fcdniedersachsen","url":"https:\/\/radioleinewelle.de\/","logo":{"@type":"ImageObject","inLanguage":"de","@id":"https:\/\/radioleinewelle.de\/#\/schema\/logo\/image\/","url":"https:\/\/radioleinewelle.de\/wp-content\/uploads\/2023\/11\/cropped-Leinewelle_Logo_weiss.png","contentUrl":"https:\/\/radioleinewelle.de\/wp-content\/uploads\/2023\/11\/cropped-Leinewelle_Logo_weiss.png","width":854,"height":260,"caption":"Radio Leinewelle"},"image":{"@id":"https:\/\/radioleinewelle.de\/#\/schema\/logo\/image\/"},"sameAs":["https:\/\/www.facebook.com\/radioleinewelle","https:\/\/x.com\/RLeinewelle","https:\/\/www.instagram.com\/radioleinewelle\/?hl=de"]},{"@type":"Person","@id":"https:\/\/radioleinewelle.de\/#\/schema\/person\/45606f348637df637192dc1b68399a63","name":"Leinewelle","image":{"@type":"ImageObject","inLanguage":"de","@id":"https:\/\/secure.gravatar.com\/avatar\/05c9a17bc973052ee5d91549bd32fb4dd0dc85b7b85ae94b2e2b4943476bbea5?s=96&d=blank&r=g","url":"https:\/\/secure.gravatar.com\/avatar\/05c9a17bc973052ee5d91549bd32fb4dd0dc85b7b85ae94b2e2b4943476bbea5?s=96&d=blank&r=g","contentUrl":"https:\/\/secure.gravatar.com\/avatar\/05c9a17bc973052ee5d91549bd32fb4dd0dc85b7b85ae94b2e2b4943476bbea5?s=96&d=blank&r=g","caption":"Leinewelle"},"sameAs":["http:\/\/localhost\/radio%20leinewelle\/wordpress","https:\/\/www.facebook.com\/radioleinewelle","https:\/\/www.instagram.com\/radioleinewelle","https:\/\/x.com\/https:\/\/twitter.com\/RLeinewelle?ref_src=twsrcgoogletwcampserptwgrauthor","https:\/\/soundcloud.com\/foerderverein-lokalradio?utm_source=clipboard&utm_medium=text&utm_campaign=social_sharing"],"url":"https:\/\/radioleinewelle.de\/index.php\/author\/leinewelle\/"}]}},"_links":{"self":[{"href":"https:\/\/radioleinewelle.de\/index.php\/wp-json\/wp\/v2\/posts\/27863","targetHints":{"allow":["GET"]}}],"collection":[{"href":"https:\/\/radioleinewelle.de\/index.php\/wp-json\/wp\/v2\/posts"}],"about":[{"href":"https:\/\/radioleinewelle.de\/index.php\/wp-json\/wp\/v2\/types\/post"}],"author":[{"embeddable":true,"href":"https:\/\/radioleinewelle.de\/index.php\/wp-json\/wp\/v2\/users\/1"}],"replies":[{"embeddable":true,"href":"https:\/\/radioleinewelle.de\/index.php\/wp-json\/wp\/v2\/comments?post=27863"}],"version-history":[{"count":4,"href":"https:\/\/radioleinewelle.de\/index.php\/wp-json\/wp\/v2\/posts\/27863\/revisions"}],"predecessor-version":[{"id":27867,"href":"https:\/\/radioleinewelle.de\/index.php\/wp-json\/wp\/v2\/posts\/27863\/revisions\/27867"}],"wp:featuredmedia":[{"embeddable":true,"href":"https:\/\/radioleinewelle.de\/index.php\/wp-json\/wp\/v2\/media\/25193"}],"wp:attachment":[{"href":"https:\/\/radioleinewelle.de\/index.php\/wp-json\/wp\/v2\/media?parent=27863"}],"wp:term":[{"taxonomy":"category","embeddable":true,"href":"https:\/\/radioleinewelle.de\/index.php\/wp-json\/wp\/v2\/categories?post=27863"},{"taxonomy":"post_tag","embeddable":true,"href":"https:\/\/radioleinewelle.de\/index.php\/wp-json\/wp\/v2\/tags?post=27863"}],"curies":[{"name":"wp","href":"https:\/\/api.w.org\/{rel}","templated":true}]}}