{"id":27870,"date":"2025-04-22T21:05:09","date_gmt":"2025-04-22T19:05:09","guid":{"rendered":"https:\/\/radioleinewelle.de\/?p=27870"},"modified":"2025-04-22T21:05:10","modified_gmt":"2025-04-22T19:05:10","slug":"landkreis-goettingen-eingeschraenkte-erreichbarkeit-der-wohngeldstellen-goettingen-und-osterode-am-harz","status":"publish","type":"post","link":"https:\/\/radioleinewelle.de\/index.php\/2025\/04\/22\/landkreis-goettingen-eingeschraenkte-erreichbarkeit-der-wohngeldstellen-goettingen-und-osterode-am-harz\/","title":{"rendered":"Landkreis G\u00f6ttingen: Eingeschr\u00e4nkte Erreichbarkeit der Wohngeldstellen G\u00f6ttingen und Osterode am Harz"},"content":{"rendered":"\n<p>Wegen erh\u00f6hter Antragszahlen passt die Kreisverwaltung die \u00d6ffnungszeiten der Wohngeldstellen des Landkreises G\u00f6ttingen in G\u00f6ttingen und Osterode am Harz passen vor\u00fcbergehend an. Die Servicezeiten an Freitagen entfallen deshalb, montags und mittwochs bleibt es bei den bisherigen Servicezeiten von 09:00 bis 12:00 Uhr. Auch Donnerstag sind die Stellen wie bisher zwischen 13:30 bis 16:00 Uhr erreichbar. Die Regelung tritt am Freitag, 25.04.2025,&nbsp;in Kraft.<\/p>\n\n\n\n<p>Die Wohngeldstellen in\u00a0<a href=\"https:\/\/serviceportal.landkreis-goettingen.de\/dienstleistungen\/-\/egov-bis-detail\/einrichtung\/18434\/show\">G\u00f6ttingen<\/a>\u00a0und\u00a0<a href=\"https:\/\/serviceportal.landkreis-goettingen.de\/dienstleistungen\/-\/egov-bis-detail\/einrichtung\/18435\/show\">Osterode am Harz<\/a>\u00a0passen ihre Servicezeiten vor\u00fcbergehend an. Aufgrund der gestiegenen Zahl an Wohngeldantr\u00e4gen entfallen ab sofort die Servicezeiten f\u00fcr den Publikumsverkehr und die telefonische Erreichbarkeit freitags. So soll schergestellt werden, dass Antr\u00e4ge weiterhin z\u00fcgig bearbeitet und Leistungen rechtzeitig ausgezahlt werden.<\/p>\n\n\n\n<p><strong>Foto: <\/strong>Kreishaus G\u00f6ttingen \u00a9Radio Leinewelle<\/p>\n","protected":false},"excerpt":{"rendered":"<p>Wegen erh\u00f6hter Antragszahlen passt die Kreisverwaltung die \u00d6ffnungszeiten der Wohngeldstellen des Landkreises G\u00f6ttingen in G\u00f6ttingen und Osterode am Harz passen vor\u00fcbergehend an. Die Servicezeiten an Freitagen entfallen deshalb, montags und mittwochs bleibt es bei den bisherigen Servicezeiten von 09:00 bis 12:00 Uhr. Auch Donnerstag sind die Stellen wie bisher zwischen 13:30 bis 16:00 Uhr erreichbar. [&hellip;]<\/p>\n","protected":false},"author":1,"featured_media":25949,"comment_status":"open","ping_status":"open","sticky":false,"template":"","format":"standard","meta":{"saved_in_kubio":false,"footnotes":""},"categories":[1],"tags":[],"class_list":["post-27870","post","type-post","status-publish","format-standard","has-post-thumbnail","hentry","category-allgemein"],"yoast_head":"<!-- This site is optimized with the Yoast SEO plugin v27.5 - https:\/\/yoast.com\/product\/yoast-seo-wordpress\/ -->\n<title>Landkreis G\u00f6ttingen: Eingeschr\u00e4nkte Erreichbarkeit der Wohngeldstellen G\u00f6ttingen und Osterode am Harz - Radio Leinewelle<\/title>\n<meta name=\"robots\" content=\"index, follow, max-snippet:-1, max-image-preview:large, max-video-preview:-1\" \/>\n<link rel=\"canonical\" href=\"https:\/\/radioleinewelle.de\/index.php\/2025\/04\/22\/landkreis-goettingen-eingeschraenkte-erreichbarkeit-der-wohngeldstellen-goettingen-und-osterode-am-harz\/\" \/>\n<meta property=\"og:locale\" content=\"de_DE\" \/>\n<meta property=\"og:type\" content=\"article\" \/>\n<meta property=\"og:title\" content=\"Landkreis G\u00f6ttingen: Eingeschr\u00e4nkte Erreichbarkeit der Wohngeldstellen G\u00f6ttingen und Osterode am Harz - Radio Leinewelle\" \/>\n<meta property=\"og:description\" content=\"Wegen erh\u00f6hter Antragszahlen passt die Kreisverwaltung die \u00d6ffnungszeiten der Wohngeldstellen des Landkreises G\u00f6ttingen in G\u00f6ttingen und Osterode am Harz passen vor\u00fcbergehend an. Die Servicezeiten an Freitagen entfallen deshalb, montags und mittwochs bleibt es bei den bisherigen Servicezeiten von 09:00 bis 12:00 Uhr. Auch Donnerstag sind die Stellen wie bisher zwischen 13:30 bis 16:00 Uhr erreichbar. [&hellip;]\" \/>\n<meta property=\"og:url\" content=\"https:\/\/radioleinewelle.de\/index.php\/2025\/04\/22\/landkreis-goettingen-eingeschraenkte-erreichbarkeit-der-wohngeldstellen-goettingen-und-osterode-am-harz\/\" \/>\n<meta property=\"og:site_name\" content=\"Radio Leinewelle\" \/>\n<meta property=\"article:publisher\" content=\"https:\/\/www.facebook.com\/radioleinewelle\" \/>\n<meta property=\"article:author\" content=\"https:\/\/www.facebook.com\/radioleinewelle\" \/>\n<meta property=\"article:published_time\" content=\"2025-04-22T19:05:09+00:00\" \/>\n<meta property=\"article:modified_time\" content=\"2025-04-22T19:05:10+00:00\" \/>\n<meta property=\"og:image\" content=\"https:\/\/radioleinewelle.de\/wp-content\/uploads\/2024\/08\/Landkreis-Goettingen-e1723621166134.jpg\" \/>\n\t<meta property=\"og:image:width\" content=\"1575\" \/>\n\t<meta property=\"og:image:height\" content=\"1189\" \/>\n\t<meta property=\"og:image:type\" content=\"image\/jpeg\" \/>\n<meta name=\"author\" content=\"Leinewelle\" \/>\n<meta name=\"twitter:card\" content=\"summary_large_image\" \/>\n<meta name=\"twitter:creator\" content=\"@https:\/\/twitter.com\/RLeinewelle?ref_src=twsrcgoogletwcampserptwgrauthor\" \/>\n<meta name=\"twitter:site\" content=\"@RLeinewelle\" \/>\n<meta name=\"twitter:label1\" content=\"Verfasst von\" \/>\n\t<meta name=\"twitter:data1\" content=\"Leinewelle\" \/>\n\t<meta name=\"twitter:label2\" content=\"Gesch\u00e4tzte Lesezeit\" \/>\n\t<meta name=\"twitter:data2\" content=\"1\u00a0Minute\" \/>\n<script type=\"application\/ld+json\" class=\"yoast-schema-graph\">{\"@context\":\"https:\\\/\\\/schema.org\",\"@graph\":[{\"@type\":\"Article\",\"@id\":\"https:\\\/\\\/radioleinewelle.de\\\/index.php\\\/2025\\\/04\\\/22\\\/landkreis-goettingen-eingeschraenkte-erreichbarkeit-der-wohngeldstellen-goettingen-und-osterode-am-harz\\\/#article\",\"isPartOf\":{\"@id\":\"https:\\\/\\\/radioleinewelle.de\\\/index.php\\\/2025\\\/04\\\/22\\\/landkreis-goettingen-eingeschraenkte-erreichbarkeit-der-wohngeldstellen-goettingen-und-osterode-am-harz\\\/\"},\"author\":{\"name\":\"Leinewelle\",\"@id\":\"https:\\\/\\\/radioleinewelle.de\\\/#\\\/schema\\\/person\\\/45606f348637df637192dc1b68399a63\"},\"headline\":\"Landkreis G\u00f6ttingen: Eingeschr\u00e4nkte Erreichbarkeit der Wohngeldstellen G\u00f6ttingen und Osterode am Harz\",\"datePublished\":\"2025-04-22T19:05:09+00:00\",\"dateModified\":\"2025-04-22T19:05:10+00:00\",\"mainEntityOfPage\":{\"@id\":\"https:\\\/\\\/radioleinewelle.de\\\/index.php\\\/2025\\\/04\\\/22\\\/landkreis-goettingen-eingeschraenkte-erreichbarkeit-der-wohngeldstellen-goettingen-und-osterode-am-harz\\\/\"},\"wordCount\":135,\"commentCount\":0,\"publisher\":{\"@id\":\"https:\\\/\\\/radioleinewelle.de\\\/#organization\"},\"image\":{\"@id\":\"https:\\\/\\\/radioleinewelle.de\\\/index.php\\\/2025\\\/04\\\/22\\\/landkreis-goettingen-eingeschraenkte-erreichbarkeit-der-wohngeldstellen-goettingen-und-osterode-am-harz\\\/#primaryimage\"},\"thumbnailUrl\":\"https:\\\/\\\/radioleinewelle.de\\\/wp-content\\\/uploads\\\/2024\\\/08\\\/Landkreis-Goettingen-e1723621166134.jpg\",\"inLanguage\":\"de\",\"potentialAction\":[{\"@type\":\"CommentAction\",\"name\":\"Comment\",\"target\":[\"https:\\\/\\\/radioleinewelle.de\\\/index.php\\\/2025\\\/04\\\/22\\\/landkreis-goettingen-eingeschraenkte-erreichbarkeit-der-wohngeldstellen-goettingen-und-osterode-am-harz\\\/#respond\"]}]},{\"@type\":\"WebPage\",\"@id\":\"https:\\\/\\\/radioleinewelle.de\\\/index.php\\\/2025\\\/04\\\/22\\\/landkreis-goettingen-eingeschraenkte-erreichbarkeit-der-wohngeldstellen-goettingen-und-osterode-am-harz\\\/\",\"url\":\"https:\\\/\\\/radioleinewelle.de\\\/index.php\\\/2025\\\/04\\\/22\\\/landkreis-goettingen-eingeschraenkte-erreichbarkeit-der-wohngeldstellen-goettingen-und-osterode-am-harz\\\/\",\"name\":\"Landkreis G\u00f6ttingen: Eingeschr\u00e4nkte Erreichbarkeit der Wohngeldstellen G\u00f6ttingen und Osterode am Harz - Radio Leinewelle\",\"isPartOf\":{\"@id\":\"https:\\\/\\\/radioleinewelle.de\\\/#website\"},\"primaryImageOfPage\":{\"@id\":\"https:\\\/\\\/radioleinewelle.de\\\/index.php\\\/2025\\\/04\\\/22\\\/landkreis-goettingen-eingeschraenkte-erreichbarkeit-der-wohngeldstellen-goettingen-und-osterode-am-harz\\\/#primaryimage\"},\"image\":{\"@id\":\"https:\\\/\\\/radioleinewelle.de\\\/index.php\\\/2025\\\/04\\\/22\\\/landkreis-goettingen-eingeschraenkte-erreichbarkeit-der-wohngeldstellen-goettingen-und-osterode-am-harz\\\/#primaryimage\"},\"thumbnailUrl\":\"https:\\\/\\\/radioleinewelle.de\\\/wp-content\\\/uploads\\\/2024\\\/08\\\/Landkreis-Goettingen-e1723621166134.jpg\",\"datePublished\":\"2025-04-22T19:05:09+00:00\",\"dateModified\":\"2025-04-22T19:05:10+00:00\",\"breadcrumb\":{\"@id\":\"https:\\\/\\\/radioleinewelle.de\\\/index.php\\\/2025\\\/04\\\/22\\\/landkreis-goettingen-eingeschraenkte-erreichbarkeit-der-wohngeldstellen-goettingen-und-osterode-am-harz\\\/#breadcrumb\"},\"inLanguage\":\"de\",\"potentialAction\":[{\"@type\":\"ReadAction\",\"target\":[\"https:\\\/\\\/radioleinewelle.de\\\/index.php\\\/2025\\\/04\\\/22\\\/landkreis-goettingen-eingeschraenkte-erreichbarkeit-der-wohngeldstellen-goettingen-und-osterode-am-harz\\\/\"]}]},{\"@type\":\"ImageObject\",\"inLanguage\":\"de\",\"@id\":\"https:\\\/\\\/radioleinewelle.de\\\/index.php\\\/2025\\\/04\\\/22\\\/landkreis-goettingen-eingeschraenkte-erreichbarkeit-der-wohngeldstellen-goettingen-und-osterode-am-harz\\\/#primaryimage\",\"url\":\"https:\\\/\\\/radioleinewelle.de\\\/wp-content\\\/uploads\\\/2024\\\/08\\\/Landkreis-Goettingen-e1723621166134.jpg\",\"contentUrl\":\"https:\\\/\\\/radioleinewelle.de\\\/wp-content\\\/uploads\\\/2024\\\/08\\\/Landkreis-Goettingen-e1723621166134.jpg\",\"width\":1575,\"height\":1189},{\"@type\":\"BreadcrumbList\",\"@id\":\"https:\\\/\\\/radioleinewelle.de\\\/index.php\\\/2025\\\/04\\\/22\\\/landkreis-goettingen-eingeschraenkte-erreichbarkeit-der-wohngeldstellen-goettingen-und-osterode-am-harz\\\/#breadcrumb\",\"itemListElement\":[{\"@type\":\"ListItem\",\"position\":1,\"name\":\"Startseite\",\"item\":\"https:\\\/\\\/radioleinewelle.de\\\/\"},{\"@type\":\"ListItem\",\"position\":2,\"name\":\"Landkreis G\u00f6ttingen: Eingeschr\u00e4nkte Erreichbarkeit der Wohngeldstellen G\u00f6ttingen und Osterode am Harz\"}]},{\"@type\":\"WebSite\",\"@id\":\"https:\\\/\\\/radioleinewelle.de\\\/#website\",\"url\":\"https:\\\/\\\/radioleinewelle.de\\\/\",\"name\":\"Radio Leinewelle\",\"description\":\"\",\"publisher\":{\"@id\":\"https:\\\/\\\/radioleinewelle.de\\\/#organization\"},\"potentialAction\":[{\"@type\":\"SearchAction\",\"target\":{\"@type\":\"EntryPoint\",\"urlTemplate\":\"https:\\\/\\\/radioleinewelle.de\\\/?s={search_term_string}\"},\"query-input\":{\"@type\":\"PropertyValueSpecification\",\"valueRequired\":true,\"valueName\":\"search_term_string\"}}],\"inLanguage\":\"de\"},{\"@type\":\"Organization\",\"@id\":\"https:\\\/\\\/radioleinewelle.de\\\/#organization\",\"name\":\"Radio Leinewelle\",\"alternateName\":\"Mein Radio f\u00fcr S\u00fcdniedersachsen\",\"url\":\"https:\\\/\\\/radioleinewelle.de\\\/\",\"logo\":{\"@type\":\"ImageObject\",\"inLanguage\":\"de\",\"@id\":\"https:\\\/\\\/radioleinewelle.de\\\/#\\\/schema\\\/logo\\\/image\\\/\",\"url\":\"https:\\\/\\\/radioleinewelle.de\\\/wp-content\\\/uploads\\\/2023\\\/11\\\/cropped-Leinewelle_Logo_weiss.png\",\"contentUrl\":\"https:\\\/\\\/radioleinewelle.de\\\/wp-content\\\/uploads\\\/2023\\\/11\\\/cropped-Leinewelle_Logo_weiss.png\",\"width\":854,\"height\":260,\"caption\":\"Radio Leinewelle\"},\"image\":{\"@id\":\"https:\\\/\\\/radioleinewelle.de\\\/#\\\/schema\\\/logo\\\/image\\\/\"},\"sameAs\":[\"https:\\\/\\\/www.facebook.com\\\/radioleinewelle\",\"https:\\\/\\\/x.com\\\/RLeinewelle\",\"https:\\\/\\\/www.instagram.com\\\/radioleinewelle\\\/?hl=de\"]},{\"@type\":\"Person\",\"@id\":\"https:\\\/\\\/radioleinewelle.de\\\/#\\\/schema\\\/person\\\/45606f348637df637192dc1b68399a63\",\"name\":\"Leinewelle\",\"image\":{\"@type\":\"ImageObject\",\"inLanguage\":\"de\",\"@id\":\"https:\\\/\\\/secure.gravatar.com\\\/avatar\\\/05c9a17bc973052ee5d91549bd32fb4dd0dc85b7b85ae94b2e2b4943476bbea5?s=96&d=blank&r=g\",\"url\":\"https:\\\/\\\/secure.gravatar.com\\\/avatar\\\/05c9a17bc973052ee5d91549bd32fb4dd0dc85b7b85ae94b2e2b4943476bbea5?s=96&d=blank&r=g\",\"contentUrl\":\"https:\\\/\\\/secure.gravatar.com\\\/avatar\\\/05c9a17bc973052ee5d91549bd32fb4dd0dc85b7b85ae94b2e2b4943476bbea5?s=96&d=blank&r=g\",\"caption\":\"Leinewelle\"},\"sameAs\":[\"http:\\\/\\\/localhost\\\/radio%20leinewelle\\\/wordpress\",\"https:\\\/\\\/www.facebook.com\\\/radioleinewelle\",\"https:\\\/\\\/www.instagram.com\\\/radioleinewelle\",\"https:\\\/\\\/x.com\\\/https:\\\/\\\/twitter.com\\\/RLeinewelle?ref_src=twsrcgoogletwcampserptwgrauthor\",\"https:\\\/\\\/soundcloud.com\\\/foerderverein-lokalradio?utm_source=clipboard&utm_medium=text&utm_campaign=social_sharing\"],\"url\":\"https:\\\/\\\/radioleinewelle.de\\\/index.php\\\/author\\\/leinewelle\\\/\"}]}<\/script>\n<!-- \/ Yoast SEO plugin. -->","yoast_head_json":{"title":"Landkreis G\u00f6ttingen: Eingeschr\u00e4nkte Erreichbarkeit der Wohngeldstellen G\u00f6ttingen und Osterode am Harz - Radio Leinewelle","robots":{"index":"index","follow":"follow","max-snippet":"max-snippet:-1","max-image-preview":"max-image-preview:large","max-video-preview":"max-video-preview:-1"},"canonical":"https:\/\/radioleinewelle.de\/index.php\/2025\/04\/22\/landkreis-goettingen-eingeschraenkte-erreichbarkeit-der-wohngeldstellen-goettingen-und-osterode-am-harz\/","og_locale":"de_DE","og_type":"article","og_title":"Landkreis G\u00f6ttingen: Eingeschr\u00e4nkte Erreichbarkeit der Wohngeldstellen G\u00f6ttingen und Osterode am Harz - Radio Leinewelle","og_description":"Wegen erh\u00f6hter Antragszahlen passt die Kreisverwaltung die \u00d6ffnungszeiten der Wohngeldstellen des Landkreises G\u00f6ttingen in G\u00f6ttingen und Osterode am Harz passen vor\u00fcbergehend an. Die Servicezeiten an Freitagen entfallen deshalb, montags und mittwochs bleibt es bei den bisherigen Servicezeiten von 09:00 bis 12:00 Uhr. Auch Donnerstag sind die Stellen wie bisher zwischen 13:30 bis 16:00 Uhr erreichbar. [&hellip;]","og_url":"https:\/\/radioleinewelle.de\/index.php\/2025\/04\/22\/landkreis-goettingen-eingeschraenkte-erreichbarkeit-der-wohngeldstellen-goettingen-und-osterode-am-harz\/","og_site_name":"Radio Leinewelle","article_publisher":"https:\/\/www.facebook.com\/radioleinewelle","article_author":"https:\/\/www.facebook.com\/radioleinewelle","article_published_time":"2025-04-22T19:05:09+00:00","article_modified_time":"2025-04-22T19:05:10+00:00","og_image":[{"width":1575,"height":1189,"url":"https:\/\/radioleinewelle.de\/wp-content\/uploads\/2024\/08\/Landkreis-Goettingen-e1723621166134.jpg","type":"image\/jpeg"}],"author":"Leinewelle","twitter_card":"summary_large_image","twitter_creator":"@https:\/\/twitter.com\/RLeinewelle?ref_src=twsrcgoogletwcampserptwgrauthor","twitter_site":"@RLeinewelle","twitter_misc":{"Verfasst von":"Leinewelle","Gesch\u00e4tzte Lesezeit":"1\u00a0Minute"},"schema":{"@context":"https:\/\/schema.org","@graph":[{"@type":"Article","@id":"https:\/\/radioleinewelle.de\/index.php\/2025\/04\/22\/landkreis-goettingen-eingeschraenkte-erreichbarkeit-der-wohngeldstellen-goettingen-und-osterode-am-harz\/#article","isPartOf":{"@id":"https:\/\/radioleinewelle.de\/index.php\/2025\/04\/22\/landkreis-goettingen-eingeschraenkte-erreichbarkeit-der-wohngeldstellen-goettingen-und-osterode-am-harz\/"},"author":{"name":"Leinewelle","@id":"https:\/\/radioleinewelle.de\/#\/schema\/person\/45606f348637df637192dc1b68399a63"},"headline":"Landkreis G\u00f6ttingen: Eingeschr\u00e4nkte Erreichbarkeit der Wohngeldstellen G\u00f6ttingen und Osterode am Harz","datePublished":"2025-04-22T19:05:09+00:00","dateModified":"2025-04-22T19:05:10+00:00","mainEntityOfPage":{"@id":"https:\/\/radioleinewelle.de\/index.php\/2025\/04\/22\/landkreis-goettingen-eingeschraenkte-erreichbarkeit-der-wohngeldstellen-goettingen-und-osterode-am-harz\/"},"wordCount":135,"commentCount":0,"publisher":{"@id":"https:\/\/radioleinewelle.de\/#organization"},"image":{"@id":"https:\/\/radioleinewelle.de\/index.php\/2025\/04\/22\/landkreis-goettingen-eingeschraenkte-erreichbarkeit-der-wohngeldstellen-goettingen-und-osterode-am-harz\/#primaryimage"},"thumbnailUrl":"https:\/\/radioleinewelle.de\/wp-content\/uploads\/2024\/08\/Landkreis-Goettingen-e1723621166134.jpg","inLanguage":"de","potentialAction":[{"@type":"CommentAction","name":"Comment","target":["https:\/\/radioleinewelle.de\/index.php\/2025\/04\/22\/landkreis-goettingen-eingeschraenkte-erreichbarkeit-der-wohngeldstellen-goettingen-und-osterode-am-harz\/#respond"]}]},{"@type":"WebPage","@id":"https:\/\/radioleinewelle.de\/index.php\/2025\/04\/22\/landkreis-goettingen-eingeschraenkte-erreichbarkeit-der-wohngeldstellen-goettingen-und-osterode-am-harz\/","url":"https:\/\/radioleinewelle.de\/index.php\/2025\/04\/22\/landkreis-goettingen-eingeschraenkte-erreichbarkeit-der-wohngeldstellen-goettingen-und-osterode-am-harz\/","name":"Landkreis G\u00f6ttingen: Eingeschr\u00e4nkte Erreichbarkeit der Wohngeldstellen G\u00f6ttingen und Osterode am Harz - Radio Leinewelle","isPartOf":{"@id":"https:\/\/radioleinewelle.de\/#website"},"primaryImageOfPage":{"@id":"https:\/\/radioleinewelle.de\/index.php\/2025\/04\/22\/landkreis-goettingen-eingeschraenkte-erreichbarkeit-der-wohngeldstellen-goettingen-und-osterode-am-harz\/#primaryimage"},"image":{"@id":"https:\/\/radioleinewelle.de\/index.php\/2025\/04\/22\/landkreis-goettingen-eingeschraenkte-erreichbarkeit-der-wohngeldstellen-goettingen-und-osterode-am-harz\/#primaryimage"},"thumbnailUrl":"https:\/\/radioleinewelle.de\/wp-content\/uploads\/2024\/08\/Landkreis-Goettingen-e1723621166134.jpg","datePublished":"2025-04-22T19:05:09+00:00","dateModified":"2025-04-22T19:05:10+00:00","breadcrumb":{"@id":"https:\/\/radioleinewelle.de\/index.php\/2025\/04\/22\/landkreis-goettingen-eingeschraenkte-erreichbarkeit-der-wohngeldstellen-goettingen-und-osterode-am-harz\/#breadcrumb"},"inLanguage":"de","potentialAction":[{"@type":"ReadAction","target":["https:\/\/radioleinewelle.de\/index.php\/2025\/04\/22\/landkreis-goettingen-eingeschraenkte-erreichbarkeit-der-wohngeldstellen-goettingen-und-osterode-am-harz\/"]}]},{"@type":"ImageObject","inLanguage":"de","@id":"https:\/\/radioleinewelle.de\/index.php\/2025\/04\/22\/landkreis-goettingen-eingeschraenkte-erreichbarkeit-der-wohngeldstellen-goettingen-und-osterode-am-harz\/#primaryimage","url":"https:\/\/radioleinewelle.de\/wp-content\/uploads\/2024\/08\/Landkreis-Goettingen-e1723621166134.jpg","contentUrl":"https:\/\/radioleinewelle.de\/wp-content\/uploads\/2024\/08\/Landkreis-Goettingen-e1723621166134.jpg","width":1575,"height":1189},{"@type":"BreadcrumbList","@id":"https:\/\/radioleinewelle.de\/index.php\/2025\/04\/22\/landkreis-goettingen-eingeschraenkte-erreichbarkeit-der-wohngeldstellen-goettingen-und-osterode-am-harz\/#breadcrumb","itemListElement":[{"@type":"ListItem","position":1,"name":"Startseite","item":"https:\/\/radioleinewelle.de\/"},{"@type":"ListItem","position":2,"name":"Landkreis G\u00f6ttingen: Eingeschr\u00e4nkte Erreichbarkeit der Wohngeldstellen G\u00f6ttingen und Osterode am Harz"}]},{"@type":"WebSite","@id":"https:\/\/radioleinewelle.de\/#website","url":"https:\/\/radioleinewelle.de\/","name":"Radio Leinewelle","description":"","publisher":{"@id":"https:\/\/radioleinewelle.de\/#organization"},"potentialAction":[{"@type":"SearchAction","target":{"@type":"EntryPoint","urlTemplate":"https:\/\/radioleinewelle.de\/?s={search_term_string}"},"query-input":{"@type":"PropertyValueSpecification","valueRequired":true,"valueName":"search_term_string"}}],"inLanguage":"de"},{"@type":"Organization","@id":"https:\/\/radioleinewelle.de\/#organization","name":"Radio Leinewelle","alternateName":"Mein Radio f\u00fcr S\u00fcdniedersachsen","url":"https:\/\/radioleinewelle.de\/","logo":{"@type":"ImageObject","inLanguage":"de","@id":"https:\/\/radioleinewelle.de\/#\/schema\/logo\/image\/","url":"https:\/\/radioleinewelle.de\/wp-content\/uploads\/2023\/11\/cropped-Leinewelle_Logo_weiss.png","contentUrl":"https:\/\/radioleinewelle.de\/wp-content\/uploads\/2023\/11\/cropped-Leinewelle_Logo_weiss.png","width":854,"height":260,"caption":"Radio Leinewelle"},"image":{"@id":"https:\/\/radioleinewelle.de\/#\/schema\/logo\/image\/"},"sameAs":["https:\/\/www.facebook.com\/radioleinewelle","https:\/\/x.com\/RLeinewelle","https:\/\/www.instagram.com\/radioleinewelle\/?hl=de"]},{"@type":"Person","@id":"https:\/\/radioleinewelle.de\/#\/schema\/person\/45606f348637df637192dc1b68399a63","name":"Leinewelle","image":{"@type":"ImageObject","inLanguage":"de","@id":"https:\/\/secure.gravatar.com\/avatar\/05c9a17bc973052ee5d91549bd32fb4dd0dc85b7b85ae94b2e2b4943476bbea5?s=96&d=blank&r=g","url":"https:\/\/secure.gravatar.com\/avatar\/05c9a17bc973052ee5d91549bd32fb4dd0dc85b7b85ae94b2e2b4943476bbea5?s=96&d=blank&r=g","contentUrl":"https:\/\/secure.gravatar.com\/avatar\/05c9a17bc973052ee5d91549bd32fb4dd0dc85b7b85ae94b2e2b4943476bbea5?s=96&d=blank&r=g","caption":"Leinewelle"},"sameAs":["http:\/\/localhost\/radio%20leinewelle\/wordpress","https:\/\/www.facebook.com\/radioleinewelle","https:\/\/www.instagram.com\/radioleinewelle","https:\/\/x.com\/https:\/\/twitter.com\/RLeinewelle?ref_src=twsrcgoogletwcampserptwgrauthor","https:\/\/soundcloud.com\/foerderverein-lokalradio?utm_source=clipboard&utm_medium=text&utm_campaign=social_sharing"],"url":"https:\/\/radioleinewelle.de\/index.php\/author\/leinewelle\/"}]}},"_links":{"self":[{"href":"https:\/\/radioleinewelle.de\/index.php\/wp-json\/wp\/v2\/posts\/27870","targetHints":{"allow":["GET"]}}],"collection":[{"href":"https:\/\/radioleinewelle.de\/index.php\/wp-json\/wp\/v2\/posts"}],"about":[{"href":"https:\/\/radioleinewelle.de\/index.php\/wp-json\/wp\/v2\/types\/post"}],"author":[{"embeddable":true,"href":"https:\/\/radioleinewelle.de\/index.php\/wp-json\/wp\/v2\/users\/1"}],"replies":[{"embeddable":true,"href":"https:\/\/radioleinewelle.de\/index.php\/wp-json\/wp\/v2\/comments?post=27870"}],"version-history":[{"count":3,"href":"https:\/\/radioleinewelle.de\/index.php\/wp-json\/wp\/v2\/posts\/27870\/revisions"}],"predecessor-version":[{"id":27873,"href":"https:\/\/radioleinewelle.de\/index.php\/wp-json\/wp\/v2\/posts\/27870\/revisions\/27873"}],"wp:featuredmedia":[{"embeddable":true,"href":"https:\/\/radioleinewelle.de\/index.php\/wp-json\/wp\/v2\/media\/25949"}],"wp:attachment":[{"href":"https:\/\/radioleinewelle.de\/index.php\/wp-json\/wp\/v2\/media?parent=27870"}],"wp:term":[{"taxonomy":"category","embeddable":true,"href":"https:\/\/radioleinewelle.de\/index.php\/wp-json\/wp\/v2\/categories?post=27870"},{"taxonomy":"post_tag","embeddable":true,"href":"https:\/\/radioleinewelle.de\/index.php\/wp-json\/wp\/v2\/tags?post=27870"}],"curies":[{"name":"wp","href":"https:\/\/api.w.org\/{rel}","templated":true}]}}