{"id":27887,"date":"2025-04-24T18:12:30","date_gmt":"2025-04-24T16:12:30","guid":{"rendered":"https:\/\/radioleinewelle.de\/?p=27887"},"modified":"2025-04-30T11:20:09","modified_gmt":"2025-04-30T09:20:09","slug":"chalk-talk-im-forum-wissen-wohnungslosigkeit-in-goettingen","status":"publish","type":"post","link":"https:\/\/radioleinewelle.de\/index.php\/2025\/04\/24\/chalk-talk-im-forum-wissen-wohnungslosigkeit-in-goettingen\/","title":{"rendered":"Chalk Talk im Forum Wissen: Wohnungslosigkeit in G\u00f6ttingen"},"content":{"rendered":"\n<p>Der beliebte Chalk Talk im Forum Wissen geht weiter. Am 25.04. h\u00e4lt <strong>Prof. Dr Timo Weishaupt<\/strong>\u00a0(Professor f\u00fcr Soziologie mit dem Schwerpunkt Sozialpolitik) seinen Chalk Talk zum Thema:\u00a0<strong>Wohnungslosigkeit in G\u00f6ttingen \u2014 eine soziologische Perspektive<\/strong>.<\/p>\n\n\n\n<p>Bei den Chalk Talks geben Wissenschaftler*innen der Universit\u00e4t G\u00f6ttingen Einblicke in ihre Forschungsthemen und -projekte, direkt vom G\u00f6ttinger Campus. Dabei verzichten die Vortragenden auf moderne Technik und setzen auf Kreide und Tafel. Von Musik als Wissenspraktik, dem menschlichen Gehirn, Quantenph\u00e4nomenen und Herausforderungen durch k\u00fcnstliche Intelligenz \u2013 die  Reihe \u201eChalk Talks\u201c widmet sich aktuellen Forschungsthemen. Alle Interessierte sind willkommen!<\/p>\n\n\n\n<p>Immer\u00a0<strong>freitags vom 25. April 2025 bis 12. September 2025 ab 16.30 Uhr<\/strong>\u00a0im Forum Wissen. Kostenfrei und ohne Anmeldung.<\/p>\n","protected":false},"excerpt":{"rendered":"<p>Der beliebte Chalk Talk im Forum Wissen geht weiter. Am 25.04. h\u00e4lt Prof. Dr Timo Weishaupt\u00a0(Professor f\u00fcr Soziologie mit dem Schwerpunkt Sozialpolitik) seinen Chalk Talk zum Thema:\u00a0Wohnungslosigkeit in G\u00f6ttingen \u2014 eine soziologische Perspektive. Bei den Chalk Talks geben Wissenschaftler*innen der Universit\u00e4t G\u00f6ttingen Einblicke in ihre Forschungsthemen und -projekte, direkt vom G\u00f6ttinger Campus. Dabei verzichten die [&hellip;]<\/p>\n","protected":false},"author":1,"featured_media":3328,"comment_status":"open","ping_status":"open","sticky":false,"template":"","format":"standard","meta":{"saved_in_kubio":false,"footnotes":""},"categories":[35,41,44],"tags":[],"class_list":["post-27887","post","type-post","status-publish","format-standard","has-post-thumbnail","hentry","category-universitaet","category-veranstaltungen","category-wissenschaft"],"yoast_head":"<!-- This site is optimized with the Yoast SEO plugin v27.5 - https:\/\/yoast.com\/product\/yoast-seo-wordpress\/ -->\n<title>Chalk Talk im Forum Wissen: Wohnungslosigkeit in G\u00f6ttingen - Radio Leinewelle<\/title>\n<meta name=\"robots\" content=\"index, follow, max-snippet:-1, max-image-preview:large, max-video-preview:-1\" \/>\n<link rel=\"canonical\" href=\"https:\/\/radioleinewelle.de\/index.php\/2025\/04\/24\/chalk-talk-im-forum-wissen-wohnungslosigkeit-in-goettingen\/\" \/>\n<meta property=\"og:locale\" content=\"de_DE\" \/>\n<meta property=\"og:type\" content=\"article\" \/>\n<meta property=\"og:title\" content=\"Chalk Talk im Forum Wissen: Wohnungslosigkeit in G\u00f6ttingen - Radio Leinewelle\" \/>\n<meta property=\"og:description\" content=\"Der beliebte Chalk Talk im Forum Wissen geht weiter. Am 25.04. h\u00e4lt Prof. Dr Timo Weishaupt\u00a0(Professor f\u00fcr Soziologie mit dem Schwerpunkt Sozialpolitik) seinen Chalk Talk zum Thema:\u00a0Wohnungslosigkeit in G\u00f6ttingen \u2014 eine soziologische Perspektive. Bei den Chalk Talks geben Wissenschaftler*innen der Universit\u00e4t G\u00f6ttingen Einblicke in ihre Forschungsthemen und -projekte, direkt vom G\u00f6ttinger Campus. Dabei verzichten die [&hellip;]\" \/>\n<meta property=\"og:url\" content=\"https:\/\/radioleinewelle.de\/index.php\/2025\/04\/24\/chalk-talk-im-forum-wissen-wohnungslosigkeit-in-goettingen\/\" \/>\n<meta property=\"og:site_name\" content=\"Radio Leinewelle\" \/>\n<meta property=\"article:publisher\" content=\"https:\/\/www.facebook.com\/radioleinewelle\" \/>\n<meta property=\"article:author\" content=\"https:\/\/www.facebook.com\/radioleinewelle\" \/>\n<meta property=\"article:published_time\" content=\"2025-04-24T16:12:30+00:00\" \/>\n<meta property=\"article:modified_time\" content=\"2025-04-30T09:20:09+00:00\" \/>\n<meta property=\"og:image\" content=\"https:\/\/radioleinewelle.de\/wp-content\/uploads\/2020\/12\/Forum-Wissen-e1607118380715.jpg\" \/>\n\t<meta property=\"og:image:width\" content=\"600\" \/>\n\t<meta property=\"og:image:height\" content=\"414\" \/>\n\t<meta property=\"og:image:type\" content=\"image\/jpeg\" \/>\n<meta name=\"author\" content=\"Leinewelle\" \/>\n<meta name=\"twitter:card\" content=\"summary_large_image\" \/>\n<meta name=\"twitter:creator\" content=\"@https:\/\/twitter.com\/RLeinewelle?ref_src=twsrcgoogletwcampserptwgrauthor\" \/>\n<meta name=\"twitter:site\" content=\"@RLeinewelle\" \/>\n<meta name=\"twitter:label1\" content=\"Verfasst von\" \/>\n\t<meta name=\"twitter:data1\" content=\"Leinewelle\" \/>\n\t<meta name=\"twitter:label2\" content=\"Gesch\u00e4tzte Lesezeit\" \/>\n\t<meta name=\"twitter:data2\" content=\"1\u00a0Minute\" \/>\n<script type=\"application\/ld+json\" class=\"yoast-schema-graph\">{\"@context\":\"https:\\\/\\\/schema.org\",\"@graph\":[{\"@type\":\"Article\",\"@id\":\"https:\\\/\\\/radioleinewelle.de\\\/index.php\\\/2025\\\/04\\\/24\\\/chalk-talk-im-forum-wissen-wohnungslosigkeit-in-goettingen\\\/#article\",\"isPartOf\":{\"@id\":\"https:\\\/\\\/radioleinewelle.de\\\/index.php\\\/2025\\\/04\\\/24\\\/chalk-talk-im-forum-wissen-wohnungslosigkeit-in-goettingen\\\/\"},\"author\":{\"name\":\"Leinewelle\",\"@id\":\"https:\\\/\\\/radioleinewelle.de\\\/#\\\/schema\\\/person\\\/45606f348637df637192dc1b68399a63\"},\"headline\":\"Chalk Talk im Forum Wissen: Wohnungslosigkeit in G\u00f6ttingen\",\"datePublished\":\"2025-04-24T16:12:30+00:00\",\"dateModified\":\"2025-04-30T09:20:09+00:00\",\"mainEntityOfPage\":{\"@id\":\"https:\\\/\\\/radioleinewelle.de\\\/index.php\\\/2025\\\/04\\\/24\\\/chalk-talk-im-forum-wissen-wohnungslosigkeit-in-goettingen\\\/\"},\"wordCount\":123,\"commentCount\":0,\"publisher\":{\"@id\":\"https:\\\/\\\/radioleinewelle.de\\\/#organization\"},\"image\":{\"@id\":\"https:\\\/\\\/radioleinewelle.de\\\/index.php\\\/2025\\\/04\\\/24\\\/chalk-talk-im-forum-wissen-wohnungslosigkeit-in-goettingen\\\/#primaryimage\"},\"thumbnailUrl\":\"https:\\\/\\\/radioleinewelle.de\\\/wp-content\\\/uploads\\\/2020\\\/12\\\/Forum-Wissen-e1607118380715.jpg\",\"articleSection\":[\"Universit\u00e4t\",\"Veranstaltungen\",\"Wissenschaft\"],\"inLanguage\":\"de\",\"potentialAction\":[{\"@type\":\"CommentAction\",\"name\":\"Comment\",\"target\":[\"https:\\\/\\\/radioleinewelle.de\\\/index.php\\\/2025\\\/04\\\/24\\\/chalk-talk-im-forum-wissen-wohnungslosigkeit-in-goettingen\\\/#respond\"]}]},{\"@type\":\"WebPage\",\"@id\":\"https:\\\/\\\/radioleinewelle.de\\\/index.php\\\/2025\\\/04\\\/24\\\/chalk-talk-im-forum-wissen-wohnungslosigkeit-in-goettingen\\\/\",\"url\":\"https:\\\/\\\/radioleinewelle.de\\\/index.php\\\/2025\\\/04\\\/24\\\/chalk-talk-im-forum-wissen-wohnungslosigkeit-in-goettingen\\\/\",\"name\":\"Chalk Talk im Forum Wissen: Wohnungslosigkeit in G\u00f6ttingen - Radio Leinewelle\",\"isPartOf\":{\"@id\":\"https:\\\/\\\/radioleinewelle.de\\\/#website\"},\"primaryImageOfPage\":{\"@id\":\"https:\\\/\\\/radioleinewelle.de\\\/index.php\\\/2025\\\/04\\\/24\\\/chalk-talk-im-forum-wissen-wohnungslosigkeit-in-goettingen\\\/#primaryimage\"},\"image\":{\"@id\":\"https:\\\/\\\/radioleinewelle.de\\\/index.php\\\/2025\\\/04\\\/24\\\/chalk-talk-im-forum-wissen-wohnungslosigkeit-in-goettingen\\\/#primaryimage\"},\"thumbnailUrl\":\"https:\\\/\\\/radioleinewelle.de\\\/wp-content\\\/uploads\\\/2020\\\/12\\\/Forum-Wissen-e1607118380715.jpg\",\"datePublished\":\"2025-04-24T16:12:30+00:00\",\"dateModified\":\"2025-04-30T09:20:09+00:00\",\"breadcrumb\":{\"@id\":\"https:\\\/\\\/radioleinewelle.de\\\/index.php\\\/2025\\\/04\\\/24\\\/chalk-talk-im-forum-wissen-wohnungslosigkeit-in-goettingen\\\/#breadcrumb\"},\"inLanguage\":\"de\",\"potentialAction\":[{\"@type\":\"ReadAction\",\"target\":[\"https:\\\/\\\/radioleinewelle.de\\\/index.php\\\/2025\\\/04\\\/24\\\/chalk-talk-im-forum-wissen-wohnungslosigkeit-in-goettingen\\\/\"]}]},{\"@type\":\"ImageObject\",\"inLanguage\":\"de\",\"@id\":\"https:\\\/\\\/radioleinewelle.de\\\/index.php\\\/2025\\\/04\\\/24\\\/chalk-talk-im-forum-wissen-wohnungslosigkeit-in-goettingen\\\/#primaryimage\",\"url\":\"https:\\\/\\\/radioleinewelle.de\\\/wp-content\\\/uploads\\\/2020\\\/12\\\/Forum-Wissen-e1607118380715.jpg\",\"contentUrl\":\"https:\\\/\\\/radioleinewelle.de\\\/wp-content\\\/uploads\\\/2020\\\/12\\\/Forum-Wissen-e1607118380715.jpg\",\"width\":600,\"height\":414},{\"@type\":\"BreadcrumbList\",\"@id\":\"https:\\\/\\\/radioleinewelle.de\\\/index.php\\\/2025\\\/04\\\/24\\\/chalk-talk-im-forum-wissen-wohnungslosigkeit-in-goettingen\\\/#breadcrumb\",\"itemListElement\":[{\"@type\":\"ListItem\",\"position\":1,\"name\":\"Startseite\",\"item\":\"https:\\\/\\\/radioleinewelle.de\\\/\"},{\"@type\":\"ListItem\",\"position\":2,\"name\":\"Chalk Talk im Forum Wissen: Wohnungslosigkeit in G\u00f6ttingen\"}]},{\"@type\":\"WebSite\",\"@id\":\"https:\\\/\\\/radioleinewelle.de\\\/#website\",\"url\":\"https:\\\/\\\/radioleinewelle.de\\\/\",\"name\":\"Radio Leinewelle\",\"description\":\"\",\"publisher\":{\"@id\":\"https:\\\/\\\/radioleinewelle.de\\\/#organization\"},\"potentialAction\":[{\"@type\":\"SearchAction\",\"target\":{\"@type\":\"EntryPoint\",\"urlTemplate\":\"https:\\\/\\\/radioleinewelle.de\\\/?s={search_term_string}\"},\"query-input\":{\"@type\":\"PropertyValueSpecification\",\"valueRequired\":true,\"valueName\":\"search_term_string\"}}],\"inLanguage\":\"de\"},{\"@type\":\"Organization\",\"@id\":\"https:\\\/\\\/radioleinewelle.de\\\/#organization\",\"name\":\"Radio Leinewelle\",\"alternateName\":\"Mein Radio f\u00fcr S\u00fcdniedersachsen\",\"url\":\"https:\\\/\\\/radioleinewelle.de\\\/\",\"logo\":{\"@type\":\"ImageObject\",\"inLanguage\":\"de\",\"@id\":\"https:\\\/\\\/radioleinewelle.de\\\/#\\\/schema\\\/logo\\\/image\\\/\",\"url\":\"https:\\\/\\\/radioleinewelle.de\\\/wp-content\\\/uploads\\\/2023\\\/11\\\/cropped-Leinewelle_Logo_weiss.png\",\"contentUrl\":\"https:\\\/\\\/radioleinewelle.de\\\/wp-content\\\/uploads\\\/2023\\\/11\\\/cropped-Leinewelle_Logo_weiss.png\",\"width\":854,\"height\":260,\"caption\":\"Radio Leinewelle\"},\"image\":{\"@id\":\"https:\\\/\\\/radioleinewelle.de\\\/#\\\/schema\\\/logo\\\/image\\\/\"},\"sameAs\":[\"https:\\\/\\\/www.facebook.com\\\/radioleinewelle\",\"https:\\\/\\\/x.com\\\/RLeinewelle\",\"https:\\\/\\\/www.instagram.com\\\/radioleinewelle\\\/?hl=de\"]},{\"@type\":\"Person\",\"@id\":\"https:\\\/\\\/radioleinewelle.de\\\/#\\\/schema\\\/person\\\/45606f348637df637192dc1b68399a63\",\"name\":\"Leinewelle\",\"image\":{\"@type\":\"ImageObject\",\"inLanguage\":\"de\",\"@id\":\"https:\\\/\\\/secure.gravatar.com\\\/avatar\\\/05c9a17bc973052ee5d91549bd32fb4dd0dc85b7b85ae94b2e2b4943476bbea5?s=96&d=blank&r=g\",\"url\":\"https:\\\/\\\/secure.gravatar.com\\\/avatar\\\/05c9a17bc973052ee5d91549bd32fb4dd0dc85b7b85ae94b2e2b4943476bbea5?s=96&d=blank&r=g\",\"contentUrl\":\"https:\\\/\\\/secure.gravatar.com\\\/avatar\\\/05c9a17bc973052ee5d91549bd32fb4dd0dc85b7b85ae94b2e2b4943476bbea5?s=96&d=blank&r=g\",\"caption\":\"Leinewelle\"},\"sameAs\":[\"http:\\\/\\\/localhost\\\/radio%20leinewelle\\\/wordpress\",\"https:\\\/\\\/www.facebook.com\\\/radioleinewelle\",\"https:\\\/\\\/www.instagram.com\\\/radioleinewelle\",\"https:\\\/\\\/x.com\\\/https:\\\/\\\/twitter.com\\\/RLeinewelle?ref_src=twsrcgoogletwcampserptwgrauthor\",\"https:\\\/\\\/soundcloud.com\\\/foerderverein-lokalradio?utm_source=clipboard&utm_medium=text&utm_campaign=social_sharing\"],\"url\":\"https:\\\/\\\/radioleinewelle.de\\\/index.php\\\/author\\\/leinewelle\\\/\"}]}<\/script>\n<!-- \/ Yoast SEO plugin. -->","yoast_head_json":{"title":"Chalk Talk im Forum Wissen: Wohnungslosigkeit in G\u00f6ttingen - Radio Leinewelle","robots":{"index":"index","follow":"follow","max-snippet":"max-snippet:-1","max-image-preview":"max-image-preview:large","max-video-preview":"max-video-preview:-1"},"canonical":"https:\/\/radioleinewelle.de\/index.php\/2025\/04\/24\/chalk-talk-im-forum-wissen-wohnungslosigkeit-in-goettingen\/","og_locale":"de_DE","og_type":"article","og_title":"Chalk Talk im Forum Wissen: Wohnungslosigkeit in G\u00f6ttingen - Radio Leinewelle","og_description":"Der beliebte Chalk Talk im Forum Wissen geht weiter. Am 25.04. h\u00e4lt Prof. Dr Timo Weishaupt\u00a0(Professor f\u00fcr Soziologie mit dem Schwerpunkt Sozialpolitik) seinen Chalk Talk zum Thema:\u00a0Wohnungslosigkeit in G\u00f6ttingen \u2014 eine soziologische Perspektive. Bei den Chalk Talks geben Wissenschaftler*innen der Universit\u00e4t G\u00f6ttingen Einblicke in ihre Forschungsthemen und -projekte, direkt vom G\u00f6ttinger Campus. Dabei verzichten die [&hellip;]","og_url":"https:\/\/radioleinewelle.de\/index.php\/2025\/04\/24\/chalk-talk-im-forum-wissen-wohnungslosigkeit-in-goettingen\/","og_site_name":"Radio Leinewelle","article_publisher":"https:\/\/www.facebook.com\/radioleinewelle","article_author":"https:\/\/www.facebook.com\/radioleinewelle","article_published_time":"2025-04-24T16:12:30+00:00","article_modified_time":"2025-04-30T09:20:09+00:00","og_image":[{"width":600,"height":414,"url":"https:\/\/radioleinewelle.de\/wp-content\/uploads\/2020\/12\/Forum-Wissen-e1607118380715.jpg","type":"image\/jpeg"}],"author":"Leinewelle","twitter_card":"summary_large_image","twitter_creator":"@https:\/\/twitter.com\/RLeinewelle?ref_src=twsrcgoogletwcampserptwgrauthor","twitter_site":"@RLeinewelle","twitter_misc":{"Verfasst von":"Leinewelle","Gesch\u00e4tzte Lesezeit":"1\u00a0Minute"},"schema":{"@context":"https:\/\/schema.org","@graph":[{"@type":"Article","@id":"https:\/\/radioleinewelle.de\/index.php\/2025\/04\/24\/chalk-talk-im-forum-wissen-wohnungslosigkeit-in-goettingen\/#article","isPartOf":{"@id":"https:\/\/radioleinewelle.de\/index.php\/2025\/04\/24\/chalk-talk-im-forum-wissen-wohnungslosigkeit-in-goettingen\/"},"author":{"name":"Leinewelle","@id":"https:\/\/radioleinewelle.de\/#\/schema\/person\/45606f348637df637192dc1b68399a63"},"headline":"Chalk Talk im Forum Wissen: Wohnungslosigkeit in G\u00f6ttingen","datePublished":"2025-04-24T16:12:30+00:00","dateModified":"2025-04-30T09:20:09+00:00","mainEntityOfPage":{"@id":"https:\/\/radioleinewelle.de\/index.php\/2025\/04\/24\/chalk-talk-im-forum-wissen-wohnungslosigkeit-in-goettingen\/"},"wordCount":123,"commentCount":0,"publisher":{"@id":"https:\/\/radioleinewelle.de\/#organization"},"image":{"@id":"https:\/\/radioleinewelle.de\/index.php\/2025\/04\/24\/chalk-talk-im-forum-wissen-wohnungslosigkeit-in-goettingen\/#primaryimage"},"thumbnailUrl":"https:\/\/radioleinewelle.de\/wp-content\/uploads\/2020\/12\/Forum-Wissen-e1607118380715.jpg","articleSection":["Universit\u00e4t","Veranstaltungen","Wissenschaft"],"inLanguage":"de","potentialAction":[{"@type":"CommentAction","name":"Comment","target":["https:\/\/radioleinewelle.de\/index.php\/2025\/04\/24\/chalk-talk-im-forum-wissen-wohnungslosigkeit-in-goettingen\/#respond"]}]},{"@type":"WebPage","@id":"https:\/\/radioleinewelle.de\/index.php\/2025\/04\/24\/chalk-talk-im-forum-wissen-wohnungslosigkeit-in-goettingen\/","url":"https:\/\/radioleinewelle.de\/index.php\/2025\/04\/24\/chalk-talk-im-forum-wissen-wohnungslosigkeit-in-goettingen\/","name":"Chalk Talk im Forum Wissen: Wohnungslosigkeit in G\u00f6ttingen - Radio Leinewelle","isPartOf":{"@id":"https:\/\/radioleinewelle.de\/#website"},"primaryImageOfPage":{"@id":"https:\/\/radioleinewelle.de\/index.php\/2025\/04\/24\/chalk-talk-im-forum-wissen-wohnungslosigkeit-in-goettingen\/#primaryimage"},"image":{"@id":"https:\/\/radioleinewelle.de\/index.php\/2025\/04\/24\/chalk-talk-im-forum-wissen-wohnungslosigkeit-in-goettingen\/#primaryimage"},"thumbnailUrl":"https:\/\/radioleinewelle.de\/wp-content\/uploads\/2020\/12\/Forum-Wissen-e1607118380715.jpg","datePublished":"2025-04-24T16:12:30+00:00","dateModified":"2025-04-30T09:20:09+00:00","breadcrumb":{"@id":"https:\/\/radioleinewelle.de\/index.php\/2025\/04\/24\/chalk-talk-im-forum-wissen-wohnungslosigkeit-in-goettingen\/#breadcrumb"},"inLanguage":"de","potentialAction":[{"@type":"ReadAction","target":["https:\/\/radioleinewelle.de\/index.php\/2025\/04\/24\/chalk-talk-im-forum-wissen-wohnungslosigkeit-in-goettingen\/"]}]},{"@type":"ImageObject","inLanguage":"de","@id":"https:\/\/radioleinewelle.de\/index.php\/2025\/04\/24\/chalk-talk-im-forum-wissen-wohnungslosigkeit-in-goettingen\/#primaryimage","url":"https:\/\/radioleinewelle.de\/wp-content\/uploads\/2020\/12\/Forum-Wissen-e1607118380715.jpg","contentUrl":"https:\/\/radioleinewelle.de\/wp-content\/uploads\/2020\/12\/Forum-Wissen-e1607118380715.jpg","width":600,"height":414},{"@type":"BreadcrumbList","@id":"https:\/\/radioleinewelle.de\/index.php\/2025\/04\/24\/chalk-talk-im-forum-wissen-wohnungslosigkeit-in-goettingen\/#breadcrumb","itemListElement":[{"@type":"ListItem","position":1,"name":"Startseite","item":"https:\/\/radioleinewelle.de\/"},{"@type":"ListItem","position":2,"name":"Chalk Talk im Forum Wissen: Wohnungslosigkeit in G\u00f6ttingen"}]},{"@type":"WebSite","@id":"https:\/\/radioleinewelle.de\/#website","url":"https:\/\/radioleinewelle.de\/","name":"Radio Leinewelle","description":"","publisher":{"@id":"https:\/\/radioleinewelle.de\/#organization"},"potentialAction":[{"@type":"SearchAction","target":{"@type":"EntryPoint","urlTemplate":"https:\/\/radioleinewelle.de\/?s={search_term_string}"},"query-input":{"@type":"PropertyValueSpecification","valueRequired":true,"valueName":"search_term_string"}}],"inLanguage":"de"},{"@type":"Organization","@id":"https:\/\/radioleinewelle.de\/#organization","name":"Radio Leinewelle","alternateName":"Mein Radio f\u00fcr S\u00fcdniedersachsen","url":"https:\/\/radioleinewelle.de\/","logo":{"@type":"ImageObject","inLanguage":"de","@id":"https:\/\/radioleinewelle.de\/#\/schema\/logo\/image\/","url":"https:\/\/radioleinewelle.de\/wp-content\/uploads\/2023\/11\/cropped-Leinewelle_Logo_weiss.png","contentUrl":"https:\/\/radioleinewelle.de\/wp-content\/uploads\/2023\/11\/cropped-Leinewelle_Logo_weiss.png","width":854,"height":260,"caption":"Radio Leinewelle"},"image":{"@id":"https:\/\/radioleinewelle.de\/#\/schema\/logo\/image\/"},"sameAs":["https:\/\/www.facebook.com\/radioleinewelle","https:\/\/x.com\/RLeinewelle","https:\/\/www.instagram.com\/radioleinewelle\/?hl=de"]},{"@type":"Person","@id":"https:\/\/radioleinewelle.de\/#\/schema\/person\/45606f348637df637192dc1b68399a63","name":"Leinewelle","image":{"@type":"ImageObject","inLanguage":"de","@id":"https:\/\/secure.gravatar.com\/avatar\/05c9a17bc973052ee5d91549bd32fb4dd0dc85b7b85ae94b2e2b4943476bbea5?s=96&d=blank&r=g","url":"https:\/\/secure.gravatar.com\/avatar\/05c9a17bc973052ee5d91549bd32fb4dd0dc85b7b85ae94b2e2b4943476bbea5?s=96&d=blank&r=g","contentUrl":"https:\/\/secure.gravatar.com\/avatar\/05c9a17bc973052ee5d91549bd32fb4dd0dc85b7b85ae94b2e2b4943476bbea5?s=96&d=blank&r=g","caption":"Leinewelle"},"sameAs":["http:\/\/localhost\/radio%20leinewelle\/wordpress","https:\/\/www.facebook.com\/radioleinewelle","https:\/\/www.instagram.com\/radioleinewelle","https:\/\/x.com\/https:\/\/twitter.com\/RLeinewelle?ref_src=twsrcgoogletwcampserptwgrauthor","https:\/\/soundcloud.com\/foerderverein-lokalradio?utm_source=clipboard&utm_medium=text&utm_campaign=social_sharing"],"url":"https:\/\/radioleinewelle.de\/index.php\/author\/leinewelle\/"}]}},"_links":{"self":[{"href":"https:\/\/radioleinewelle.de\/index.php\/wp-json\/wp\/v2\/posts\/27887","targetHints":{"allow":["GET"]}}],"collection":[{"href":"https:\/\/radioleinewelle.de\/index.php\/wp-json\/wp\/v2\/posts"}],"about":[{"href":"https:\/\/radioleinewelle.de\/index.php\/wp-json\/wp\/v2\/types\/post"}],"author":[{"embeddable":true,"href":"https:\/\/radioleinewelle.de\/index.php\/wp-json\/wp\/v2\/users\/1"}],"replies":[{"embeddable":true,"href":"https:\/\/radioleinewelle.de\/index.php\/wp-json\/wp\/v2\/comments?post=27887"}],"version-history":[{"count":2,"href":"https:\/\/radioleinewelle.de\/index.php\/wp-json\/wp\/v2\/posts\/27887\/revisions"}],"predecessor-version":[{"id":27889,"href":"https:\/\/radioleinewelle.de\/index.php\/wp-json\/wp\/v2\/posts\/27887\/revisions\/27889"}],"wp:featuredmedia":[{"embeddable":true,"href":"https:\/\/radioleinewelle.de\/index.php\/wp-json\/wp\/v2\/media\/3328"}],"wp:attachment":[{"href":"https:\/\/radioleinewelle.de\/index.php\/wp-json\/wp\/v2\/media?parent=27887"}],"wp:term":[{"taxonomy":"category","embeddable":true,"href":"https:\/\/radioleinewelle.de\/index.php\/wp-json\/wp\/v2\/categories?post=27887"},{"taxonomy":"post_tag","embeddable":true,"href":"https:\/\/radioleinewelle.de\/index.php\/wp-json\/wp\/v2\/tags?post=27887"}],"curies":[{"name":"wp","href":"https:\/\/api.w.org\/{rel}","templated":true}]}}