{"id":2795,"date":"2020-11-07T05:00:27","date_gmt":"2020-11-07T04:00:27","guid":{"rendered":"https:\/\/radioleinewelle.de\/?p=2795"},"modified":"2020-11-07T05:00:27","modified_gmt":"2020-11-07T04:00:27","slug":"das-bundesministerium-fuer-bildung-und-forschung-laedt-am-8-november-zum-digitalen-tag-der-offenen-tuer-ein","status":"publish","type":"post","link":"https:\/\/radioleinewelle.de\/index.php\/2020\/11\/07\/das-bundesministerium-fuer-bildung-und-forschung-laedt-am-8-november-zum-digitalen-tag-der-offenen-tuer-ein\/","title":{"rendered":"Das Bundesministerium f\u00fcr Bildung und Forschung l\u00e4dt am 8. November zum digitalen Tag der offenen T\u00fcr ein"},"content":{"rendered":"<p>Der allj\u00e4hrliche Tag der offenen T\u00fcr der Bundesregierung findet in diesem Jahr pandemiebedingt erstmals rein digital statt. Am Sonntag gibt das Bundesministerium f\u00fcr Bildung und Forschung (BMBF) daher einen digitalen Einblick in seine Arbeit. Unter dem Motto &#8222;Hallo, Politik!&#8220; k\u00f6nnen B\u00fcrgerinnen und B\u00fcrger hinter die Kulissen der Regierungsarbeit blicken und live mit Anja Karliczek, Bundesministerin f\u00fcr Bildung und Forschung, diskutieren. Hierzu erkl\u00e4rt die Bundesministerin:<\/p>\n<p>&#8222;Der Tag der offenen T\u00fcr ist eine sehr gute Gelegenheit, um mehr \u00fcber den Arbeitsalltag der Bundesregierung zu erfahren. Dabei sch\u00e4tze ich zudem den pers\u00f6nlichen Austausch mit den B\u00fcrgerinnen und B\u00fcrgern. Leider verhindert die Corona-Pandemie in diesem Jahr den direkten Kontakt vor Ort. Doch gerade in der aktuellen Situation ist Austausch miteinander von besonderer Bedeutung. Es freut mich daher sehr, Sie in diesem Jahr zum digitalen Tag der offenen T\u00fcr im BMBF begr\u00fc\u00dfen zu d\u00fcrfen und Ihnen einen Einblick in unsere Arbeit zu geben.<\/p>\n<p>Ganz besonders freue ich mich auf die Diskussionsveranstaltung zum Wissenschaftsjahr 2020\/21. Mit Wissenschaftlerinnen und Wissenschaftlern werde ich dar\u00fcber sprechen, welchen wichtigen Beitrag Forschung leisten kann, um einer der gr\u00f6\u00dften Herausforderungen der Menschheit, dem Klimawandel, zu begegnen.&#8220;<\/p>\n<p><span class=\"b\">Hintergrund:\u00a0<\/span>Am 8. November k\u00f6nnen Interessierte auf <a class=\"uri-ext outbound event-trigger\" href=\"http:\/\/www.bmbf.de\/\" target=\"_blank\" data-category=\"story-outlink\" data-label=\"4756050\" data-action=\"click\" data-callback=\"link\" rel=\"noopener\">www.bmbf.de<\/a>, den Social Media-Kan\u00e4len des BMBF sowie allgemein auf <a class=\"uri-ext outbound event-trigger\" href=\"http:\/\/www.bundesregierung.de\/\" target=\"_blank\" data-category=\"story-outlink\" data-label=\"4756050\" data-action=\"click\" data-callback=\"link\" rel=\"noopener\">www.bundesregierung.de<\/a> verschiedene Online-Formate zum Tag der offenen T\u00fcr abrufen und aktiv daran teilnehmen. Bundesministerin Anja Karliczek wird einen Einblick in ihren Arbeitsalltag geben und im Kontext des Wissenschaftsjahrs 2020\/21 &#8211; Bio\u00f6konomie ab 15 Uhr mit Prof. Dr. Edzo Veldkamp, Leiter der Abteilung \u00d6kopedologie der Tropen und Subtropen an der Georg-August-Universit\u00e4t G\u00f6ttingen, Felix Finkbeiner, Gr\u00fcnder und Vorstand der Stiftung &#8222;Plant-for-the-Planet&#8220;, Prof. Dr.-Ing. Heiko Sieker, Honorarprofessor f\u00fcr Urbane Hydrologie an der TU Berlin und Verbundpartner im BMBF-Forschungsprojekt BlueGreenStreets, sowie Friederike L\u00e4gel, \u00d6kol\u00f6we Umweltverbund Leipzig, live zum Thema Bio\u00f6konomie diskutieren. Im Fokus wird die Frage stehen, wie biobasierte Innovationen dazu beitragen k\u00f6nnen, die Landwirtschaft nachhaltiger und die St\u00e4dte gr\u00fcner zu machen.<\/p>\n<p>Eine Teilnahme ist ohne Anmeldung m\u00f6glich unter:<\/p>\n<p><a class=\"uri-ext outbound event-trigger\" href=\"http:\/\/ots.de\/7BVkey\" target=\"_blank\" data-category=\"story-outlink\" data-label=\"4756050\" data-action=\"click\" data-callback=\"link\" rel=\"noopener\">http:\/\/ots.de\/7BVkey<\/a><br \/>\noder <a class=\"uri-ext outbound event-trigger\" href=\"http:\/\/www.bmbf.de\/livestream\" target=\"_blank\" data-category=\"story-outlink\" data-label=\"4756050\" data-action=\"click\" data-callback=\"link\" rel=\"noopener\">www.bmbf.de\/livestream<\/a>.<\/p>\n<p>Bild von <a href=\"https:\/\/pixabay.com\/de\/users\/fancycrave1-1115284\/?utm_source=link-attribution&amp;utm_medium=referral&amp;utm_campaign=image&amp;utm_content=820272\">fancycrave1<\/a> auf <a href=\"https:\/\/pixabay.com\/de\/?utm_source=link-attribution&amp;utm_medium=referral&amp;utm_campaign=image&amp;utm_content=820272\">Pixabay<\/a><\/p>\n","protected":false},"excerpt":{"rendered":"<p>Der allj\u00e4hrliche Tag der offenen T\u00fcr der Bundesregierung findet in diesem Jahr pandemiebedingt erstmals rein digital statt. Am Sonntag gibt das Bundesministerium f\u00fcr Bildung und Forschung (BMBF) daher einen digitalen Einblick in seine Arbeit. Unter dem Motto &#8222;Hallo, Politik!&#8220; k\u00f6nnen B\u00fcrgerinnen und B\u00fcrger hinter die Kulissen der Regierungsarbeit blicken und live mit Anja Karliczek, Bundesministerin [&hellip;]<\/p>\n","protected":false},"author":1,"featured_media":0,"comment_status":"closed","ping_status":"closed","sticky":false,"template":"","format":"standard","meta":{"saved_in_kubio":false,"footnotes":""},"categories":[44],"tags":[],"class_list":["post-2795","post","type-post","status-publish","format-standard","hentry","category-wissenschaft"],"yoast_head":"<!-- This site is optimized with the Yoast SEO plugin v27.5 - https:\/\/yoast.com\/product\/yoast-seo-wordpress\/ -->\n<title>Das Bundesministerium f\u00fcr Bildung und Forschung l\u00e4dt am 8. November zum digitalen Tag der offenen T\u00fcr ein - Radio Leinewelle<\/title>\n<meta name=\"robots\" content=\"index, follow, max-snippet:-1, max-image-preview:large, max-video-preview:-1\" \/>\n<link rel=\"canonical\" href=\"https:\/\/radioleinewelle.de\/index.php\/2020\/11\/07\/das-bundesministerium-fuer-bildung-und-forschung-laedt-am-8-november-zum-digitalen-tag-der-offenen-tuer-ein\/\" \/>\n<meta property=\"og:locale\" content=\"de_DE\" \/>\n<meta property=\"og:type\" content=\"article\" \/>\n<meta property=\"og:title\" content=\"Das Bundesministerium f\u00fcr Bildung und Forschung l\u00e4dt am 8. November zum digitalen Tag der offenen T\u00fcr ein - Radio Leinewelle\" \/>\n<meta property=\"og:description\" content=\"Der allj\u00e4hrliche Tag der offenen T\u00fcr der Bundesregierung findet in diesem Jahr pandemiebedingt erstmals rein digital statt. Am Sonntag gibt das Bundesministerium f\u00fcr Bildung und Forschung (BMBF) daher einen digitalen Einblick in seine Arbeit. Unter dem Motto &#8222;Hallo, Politik!&#8220; k\u00f6nnen B\u00fcrgerinnen und B\u00fcrger hinter die Kulissen der Regierungsarbeit blicken und live mit Anja Karliczek, Bundesministerin [&hellip;]\" \/>\n<meta property=\"og:url\" content=\"https:\/\/radioleinewelle.de\/index.php\/2020\/11\/07\/das-bundesministerium-fuer-bildung-und-forschung-laedt-am-8-november-zum-digitalen-tag-der-offenen-tuer-ein\/\" \/>\n<meta property=\"og:site_name\" content=\"Radio Leinewelle\" \/>\n<meta property=\"article:publisher\" content=\"https:\/\/www.facebook.com\/radioleinewelle\" \/>\n<meta property=\"article:author\" content=\"https:\/\/www.facebook.com\/radioleinewelle\" \/>\n<meta property=\"article:published_time\" content=\"2020-11-07T04:00:27+00:00\" \/>\n<meta name=\"author\" content=\"Leinewelle\" \/>\n<meta name=\"twitter:card\" content=\"summary_large_image\" \/>\n<meta name=\"twitter:creator\" content=\"@https:\/\/twitter.com\/RLeinewelle?ref_src=twsrcgoogletwcampserptwgrauthor\" \/>\n<meta name=\"twitter:site\" content=\"@RLeinewelle\" \/>\n<meta name=\"twitter:label1\" content=\"Verfasst von\" \/>\n\t<meta name=\"twitter:data1\" content=\"Leinewelle\" \/>\n\t<meta name=\"twitter:label2\" content=\"Gesch\u00e4tzte Lesezeit\" \/>\n\t<meta name=\"twitter:data2\" content=\"2\u00a0Minuten\" \/>\n<script type=\"application\/ld+json\" class=\"yoast-schema-graph\">{\"@context\":\"https:\\\/\\\/schema.org\",\"@graph\":[{\"@type\":\"Article\",\"@id\":\"https:\\\/\\\/radioleinewelle.de\\\/index.php\\\/2020\\\/11\\\/07\\\/das-bundesministerium-fuer-bildung-und-forschung-laedt-am-8-november-zum-digitalen-tag-der-offenen-tuer-ein\\\/#article\",\"isPartOf\":{\"@id\":\"https:\\\/\\\/radioleinewelle.de\\\/index.php\\\/2020\\\/11\\\/07\\\/das-bundesministerium-fuer-bildung-und-forschung-laedt-am-8-november-zum-digitalen-tag-der-offenen-tuer-ein\\\/\"},\"author\":{\"name\":\"Leinewelle\",\"@id\":\"https:\\\/\\\/radioleinewelle.de\\\/#\\\/schema\\\/person\\\/45606f348637df637192dc1b68399a63\"},\"headline\":\"Das Bundesministerium f\u00fcr Bildung und Forschung l\u00e4dt am 8. November zum digitalen Tag der offenen T\u00fcr ein\",\"datePublished\":\"2020-11-07T04:00:27+00:00\",\"mainEntityOfPage\":{\"@id\":\"https:\\\/\\\/radioleinewelle.de\\\/index.php\\\/2020\\\/11\\\/07\\\/das-bundesministerium-fuer-bildung-und-forschung-laedt-am-8-november-zum-digitalen-tag-der-offenen-tuer-ein\\\/\"},\"wordCount\":382,\"publisher\":{\"@id\":\"https:\\\/\\\/radioleinewelle.de\\\/#organization\"},\"articleSection\":[\"Wissenschaft\"],\"inLanguage\":\"de\"},{\"@type\":\"WebPage\",\"@id\":\"https:\\\/\\\/radioleinewelle.de\\\/index.php\\\/2020\\\/11\\\/07\\\/das-bundesministerium-fuer-bildung-und-forschung-laedt-am-8-november-zum-digitalen-tag-der-offenen-tuer-ein\\\/\",\"url\":\"https:\\\/\\\/radioleinewelle.de\\\/index.php\\\/2020\\\/11\\\/07\\\/das-bundesministerium-fuer-bildung-und-forschung-laedt-am-8-november-zum-digitalen-tag-der-offenen-tuer-ein\\\/\",\"name\":\"Das Bundesministerium f\u00fcr Bildung und Forschung l\u00e4dt am 8. November zum digitalen Tag der offenen T\u00fcr ein - Radio Leinewelle\",\"isPartOf\":{\"@id\":\"https:\\\/\\\/radioleinewelle.de\\\/#website\"},\"datePublished\":\"2020-11-07T04:00:27+00:00\",\"breadcrumb\":{\"@id\":\"https:\\\/\\\/radioleinewelle.de\\\/index.php\\\/2020\\\/11\\\/07\\\/das-bundesministerium-fuer-bildung-und-forschung-laedt-am-8-november-zum-digitalen-tag-der-offenen-tuer-ein\\\/#breadcrumb\"},\"inLanguage\":\"de\",\"potentialAction\":[{\"@type\":\"ReadAction\",\"target\":[\"https:\\\/\\\/radioleinewelle.de\\\/index.php\\\/2020\\\/11\\\/07\\\/das-bundesministerium-fuer-bildung-und-forschung-laedt-am-8-november-zum-digitalen-tag-der-offenen-tuer-ein\\\/\"]}]},{\"@type\":\"BreadcrumbList\",\"@id\":\"https:\\\/\\\/radioleinewelle.de\\\/index.php\\\/2020\\\/11\\\/07\\\/das-bundesministerium-fuer-bildung-und-forschung-laedt-am-8-november-zum-digitalen-tag-der-offenen-tuer-ein\\\/#breadcrumb\",\"itemListElement\":[{\"@type\":\"ListItem\",\"position\":1,\"name\":\"Startseite\",\"item\":\"https:\\\/\\\/radioleinewelle.de\\\/\"},{\"@type\":\"ListItem\",\"position\":2,\"name\":\"Das Bundesministerium f\u00fcr Bildung und Forschung l\u00e4dt am 8. November zum digitalen Tag der offenen T\u00fcr ein\"}]},{\"@type\":\"WebSite\",\"@id\":\"https:\\\/\\\/radioleinewelle.de\\\/#website\",\"url\":\"https:\\\/\\\/radioleinewelle.de\\\/\",\"name\":\"Radio Leinewelle\",\"description\":\"\",\"publisher\":{\"@id\":\"https:\\\/\\\/radioleinewelle.de\\\/#organization\"},\"potentialAction\":[{\"@type\":\"SearchAction\",\"target\":{\"@type\":\"EntryPoint\",\"urlTemplate\":\"https:\\\/\\\/radioleinewelle.de\\\/?s={search_term_string}\"},\"query-input\":{\"@type\":\"PropertyValueSpecification\",\"valueRequired\":true,\"valueName\":\"search_term_string\"}}],\"inLanguage\":\"de\"},{\"@type\":\"Organization\",\"@id\":\"https:\\\/\\\/radioleinewelle.de\\\/#organization\",\"name\":\"Radio Leinewelle\",\"alternateName\":\"Mein Radio f\u00fcr S\u00fcdniedersachsen\",\"url\":\"https:\\\/\\\/radioleinewelle.de\\\/\",\"logo\":{\"@type\":\"ImageObject\",\"inLanguage\":\"de\",\"@id\":\"https:\\\/\\\/radioleinewelle.de\\\/#\\\/schema\\\/logo\\\/image\\\/\",\"url\":\"https:\\\/\\\/radioleinewelle.de\\\/wp-content\\\/uploads\\\/2023\\\/11\\\/cropped-Leinewelle_Logo_weiss.png\",\"contentUrl\":\"https:\\\/\\\/radioleinewelle.de\\\/wp-content\\\/uploads\\\/2023\\\/11\\\/cropped-Leinewelle_Logo_weiss.png\",\"width\":854,\"height\":260,\"caption\":\"Radio Leinewelle\"},\"image\":{\"@id\":\"https:\\\/\\\/radioleinewelle.de\\\/#\\\/schema\\\/logo\\\/image\\\/\"},\"sameAs\":[\"https:\\\/\\\/www.facebook.com\\\/radioleinewelle\",\"https:\\\/\\\/x.com\\\/RLeinewelle\",\"https:\\\/\\\/www.instagram.com\\\/radioleinewelle\\\/?hl=de\"]},{\"@type\":\"Person\",\"@id\":\"https:\\\/\\\/radioleinewelle.de\\\/#\\\/schema\\\/person\\\/45606f348637df637192dc1b68399a63\",\"name\":\"Leinewelle\",\"image\":{\"@type\":\"ImageObject\",\"inLanguage\":\"de\",\"@id\":\"https:\\\/\\\/secure.gravatar.com\\\/avatar\\\/05c9a17bc973052ee5d91549bd32fb4dd0dc85b7b85ae94b2e2b4943476bbea5?s=96&d=blank&r=g\",\"url\":\"https:\\\/\\\/secure.gravatar.com\\\/avatar\\\/05c9a17bc973052ee5d91549bd32fb4dd0dc85b7b85ae94b2e2b4943476bbea5?s=96&d=blank&r=g\",\"contentUrl\":\"https:\\\/\\\/secure.gravatar.com\\\/avatar\\\/05c9a17bc973052ee5d91549bd32fb4dd0dc85b7b85ae94b2e2b4943476bbea5?s=96&d=blank&r=g\",\"caption\":\"Leinewelle\"},\"sameAs\":[\"http:\\\/\\\/localhost\\\/radio%20leinewelle\\\/wordpress\",\"https:\\\/\\\/www.facebook.com\\\/radioleinewelle\",\"https:\\\/\\\/www.instagram.com\\\/radioleinewelle\",\"https:\\\/\\\/x.com\\\/https:\\\/\\\/twitter.com\\\/RLeinewelle?ref_src=twsrcgoogletwcampserptwgrauthor\",\"https:\\\/\\\/soundcloud.com\\\/foerderverein-lokalradio?utm_source=clipboard&utm_medium=text&utm_campaign=social_sharing\"],\"url\":\"https:\\\/\\\/radioleinewelle.de\\\/index.php\\\/author\\\/leinewelle\\\/\"}]}<\/script>\n<!-- \/ Yoast SEO plugin. -->","yoast_head_json":{"title":"Das Bundesministerium f\u00fcr Bildung und Forschung l\u00e4dt am 8. November zum digitalen Tag der offenen T\u00fcr ein - Radio Leinewelle","robots":{"index":"index","follow":"follow","max-snippet":"max-snippet:-1","max-image-preview":"max-image-preview:large","max-video-preview":"max-video-preview:-1"},"canonical":"https:\/\/radioleinewelle.de\/index.php\/2020\/11\/07\/das-bundesministerium-fuer-bildung-und-forschung-laedt-am-8-november-zum-digitalen-tag-der-offenen-tuer-ein\/","og_locale":"de_DE","og_type":"article","og_title":"Das Bundesministerium f\u00fcr Bildung und Forschung l\u00e4dt am 8. November zum digitalen Tag der offenen T\u00fcr ein - Radio Leinewelle","og_description":"Der allj\u00e4hrliche Tag der offenen T\u00fcr der Bundesregierung findet in diesem Jahr pandemiebedingt erstmals rein digital statt. Am Sonntag gibt das Bundesministerium f\u00fcr Bildung und Forschung (BMBF) daher einen digitalen Einblick in seine Arbeit. Unter dem Motto &#8222;Hallo, Politik!&#8220; k\u00f6nnen B\u00fcrgerinnen und B\u00fcrger hinter die Kulissen der Regierungsarbeit blicken und live mit Anja Karliczek, Bundesministerin [&hellip;]","og_url":"https:\/\/radioleinewelle.de\/index.php\/2020\/11\/07\/das-bundesministerium-fuer-bildung-und-forschung-laedt-am-8-november-zum-digitalen-tag-der-offenen-tuer-ein\/","og_site_name":"Radio Leinewelle","article_publisher":"https:\/\/www.facebook.com\/radioleinewelle","article_author":"https:\/\/www.facebook.com\/radioleinewelle","article_published_time":"2020-11-07T04:00:27+00:00","author":"Leinewelle","twitter_card":"summary_large_image","twitter_creator":"@https:\/\/twitter.com\/RLeinewelle?ref_src=twsrcgoogletwcampserptwgrauthor","twitter_site":"@RLeinewelle","twitter_misc":{"Verfasst von":"Leinewelle","Gesch\u00e4tzte Lesezeit":"2\u00a0Minuten"},"schema":{"@context":"https:\/\/schema.org","@graph":[{"@type":"Article","@id":"https:\/\/radioleinewelle.de\/index.php\/2020\/11\/07\/das-bundesministerium-fuer-bildung-und-forschung-laedt-am-8-november-zum-digitalen-tag-der-offenen-tuer-ein\/#article","isPartOf":{"@id":"https:\/\/radioleinewelle.de\/index.php\/2020\/11\/07\/das-bundesministerium-fuer-bildung-und-forschung-laedt-am-8-november-zum-digitalen-tag-der-offenen-tuer-ein\/"},"author":{"name":"Leinewelle","@id":"https:\/\/radioleinewelle.de\/#\/schema\/person\/45606f348637df637192dc1b68399a63"},"headline":"Das Bundesministerium f\u00fcr Bildung und Forschung l\u00e4dt am 8. November zum digitalen Tag der offenen T\u00fcr ein","datePublished":"2020-11-07T04:00:27+00:00","mainEntityOfPage":{"@id":"https:\/\/radioleinewelle.de\/index.php\/2020\/11\/07\/das-bundesministerium-fuer-bildung-und-forschung-laedt-am-8-november-zum-digitalen-tag-der-offenen-tuer-ein\/"},"wordCount":382,"publisher":{"@id":"https:\/\/radioleinewelle.de\/#organization"},"articleSection":["Wissenschaft"],"inLanguage":"de"},{"@type":"WebPage","@id":"https:\/\/radioleinewelle.de\/index.php\/2020\/11\/07\/das-bundesministerium-fuer-bildung-und-forschung-laedt-am-8-november-zum-digitalen-tag-der-offenen-tuer-ein\/","url":"https:\/\/radioleinewelle.de\/index.php\/2020\/11\/07\/das-bundesministerium-fuer-bildung-und-forschung-laedt-am-8-november-zum-digitalen-tag-der-offenen-tuer-ein\/","name":"Das Bundesministerium f\u00fcr Bildung und Forschung l\u00e4dt am 8. November zum digitalen Tag der offenen T\u00fcr ein - Radio Leinewelle","isPartOf":{"@id":"https:\/\/radioleinewelle.de\/#website"},"datePublished":"2020-11-07T04:00:27+00:00","breadcrumb":{"@id":"https:\/\/radioleinewelle.de\/index.php\/2020\/11\/07\/das-bundesministerium-fuer-bildung-und-forschung-laedt-am-8-november-zum-digitalen-tag-der-offenen-tuer-ein\/#breadcrumb"},"inLanguage":"de","potentialAction":[{"@type":"ReadAction","target":["https:\/\/radioleinewelle.de\/index.php\/2020\/11\/07\/das-bundesministerium-fuer-bildung-und-forschung-laedt-am-8-november-zum-digitalen-tag-der-offenen-tuer-ein\/"]}]},{"@type":"BreadcrumbList","@id":"https:\/\/radioleinewelle.de\/index.php\/2020\/11\/07\/das-bundesministerium-fuer-bildung-und-forschung-laedt-am-8-november-zum-digitalen-tag-der-offenen-tuer-ein\/#breadcrumb","itemListElement":[{"@type":"ListItem","position":1,"name":"Startseite","item":"https:\/\/radioleinewelle.de\/"},{"@type":"ListItem","position":2,"name":"Das Bundesministerium f\u00fcr Bildung und Forschung l\u00e4dt am 8. November zum digitalen Tag der offenen T\u00fcr ein"}]},{"@type":"WebSite","@id":"https:\/\/radioleinewelle.de\/#website","url":"https:\/\/radioleinewelle.de\/","name":"Radio Leinewelle","description":"","publisher":{"@id":"https:\/\/radioleinewelle.de\/#organization"},"potentialAction":[{"@type":"SearchAction","target":{"@type":"EntryPoint","urlTemplate":"https:\/\/radioleinewelle.de\/?s={search_term_string}"},"query-input":{"@type":"PropertyValueSpecification","valueRequired":true,"valueName":"search_term_string"}}],"inLanguage":"de"},{"@type":"Organization","@id":"https:\/\/radioleinewelle.de\/#organization","name":"Radio Leinewelle","alternateName":"Mein Radio f\u00fcr S\u00fcdniedersachsen","url":"https:\/\/radioleinewelle.de\/","logo":{"@type":"ImageObject","inLanguage":"de","@id":"https:\/\/radioleinewelle.de\/#\/schema\/logo\/image\/","url":"https:\/\/radioleinewelle.de\/wp-content\/uploads\/2023\/11\/cropped-Leinewelle_Logo_weiss.png","contentUrl":"https:\/\/radioleinewelle.de\/wp-content\/uploads\/2023\/11\/cropped-Leinewelle_Logo_weiss.png","width":854,"height":260,"caption":"Radio Leinewelle"},"image":{"@id":"https:\/\/radioleinewelle.de\/#\/schema\/logo\/image\/"},"sameAs":["https:\/\/www.facebook.com\/radioleinewelle","https:\/\/x.com\/RLeinewelle","https:\/\/www.instagram.com\/radioleinewelle\/?hl=de"]},{"@type":"Person","@id":"https:\/\/radioleinewelle.de\/#\/schema\/person\/45606f348637df637192dc1b68399a63","name":"Leinewelle","image":{"@type":"ImageObject","inLanguage":"de","@id":"https:\/\/secure.gravatar.com\/avatar\/05c9a17bc973052ee5d91549bd32fb4dd0dc85b7b85ae94b2e2b4943476bbea5?s=96&d=blank&r=g","url":"https:\/\/secure.gravatar.com\/avatar\/05c9a17bc973052ee5d91549bd32fb4dd0dc85b7b85ae94b2e2b4943476bbea5?s=96&d=blank&r=g","contentUrl":"https:\/\/secure.gravatar.com\/avatar\/05c9a17bc973052ee5d91549bd32fb4dd0dc85b7b85ae94b2e2b4943476bbea5?s=96&d=blank&r=g","caption":"Leinewelle"},"sameAs":["http:\/\/localhost\/radio%20leinewelle\/wordpress","https:\/\/www.facebook.com\/radioleinewelle","https:\/\/www.instagram.com\/radioleinewelle","https:\/\/x.com\/https:\/\/twitter.com\/RLeinewelle?ref_src=twsrcgoogletwcampserptwgrauthor","https:\/\/soundcloud.com\/foerderverein-lokalradio?utm_source=clipboard&utm_medium=text&utm_campaign=social_sharing"],"url":"https:\/\/radioleinewelle.de\/index.php\/author\/leinewelle\/"}]}},"_links":{"self":[{"href":"https:\/\/radioleinewelle.de\/index.php\/wp-json\/wp\/v2\/posts\/2795","targetHints":{"allow":["GET"]}}],"collection":[{"href":"https:\/\/radioleinewelle.de\/index.php\/wp-json\/wp\/v2\/posts"}],"about":[{"href":"https:\/\/radioleinewelle.de\/index.php\/wp-json\/wp\/v2\/types\/post"}],"author":[{"embeddable":true,"href":"https:\/\/radioleinewelle.de\/index.php\/wp-json\/wp\/v2\/users\/1"}],"replies":[{"embeddable":true,"href":"https:\/\/radioleinewelle.de\/index.php\/wp-json\/wp\/v2\/comments?post=2795"}],"version-history":[{"count":0,"href":"https:\/\/radioleinewelle.de\/index.php\/wp-json\/wp\/v2\/posts\/2795\/revisions"}],"wp:attachment":[{"href":"https:\/\/radioleinewelle.de\/index.php\/wp-json\/wp\/v2\/media?parent=2795"}],"wp:term":[{"taxonomy":"category","embeddable":true,"href":"https:\/\/radioleinewelle.de\/index.php\/wp-json\/wp\/v2\/categories?post=2795"},{"taxonomy":"post_tag","embeddable":true,"href":"https:\/\/radioleinewelle.de\/index.php\/wp-json\/wp\/v2\/tags?post=2795"}],"curies":[{"name":"wp","href":"https:\/\/api.w.org\/{rel}","templated":true}]}}