{"id":27970,"date":"2025-05-07T12:41:29","date_gmt":"2025-05-07T10:41:29","guid":{"rendered":"https:\/\/radioleinewelle.de\/?p=27970"},"modified":"2025-05-07T12:41:30","modified_gmt":"2025-05-07T10:41:30","slug":"obstacle-city-run-goettingen-in-diesem-jahr-an-neuer-veranstaltungslocation","status":"publish","type":"post","link":"https:\/\/radioleinewelle.de\/index.php\/2025\/05\/07\/obstacle-city-run-goettingen-in-diesem-jahr-an-neuer-veranstaltungslocation\/","title":{"rendered":"Obstacle City Run G\u00f6ttingen in diesem Jahr an neuer Veranstaltungslocation"},"content":{"rendered":"\n<p>Der Obstacle City Run powered by Cube Store G\u00f6ttingen, ist ein Highlight im sportlichen Veranstaltungskalender der Region, mehr noch: er ist eine der gr\u00f6\u00dften Sportveranstaltungen im Jahr. <\/p>\n\n\n\n<p>Am 23.08.2025 wird der Lauf  erstmalig im und um das traditionsreiche Jahnstadion stattfinden. Der diesj\u00e4hrige Wechsel des beliebten Hindernislaufes vom bisherigen Gel\u00e4nde des Sportzentrums der Uni G\u00f6ttingen ist aufgrund von Bauarbeiten f\u00fcr den Neubau der Universit\u00e4tsmedizin G\u00f6ttingen (UMG) und umfangreicher Umbauarbeiten an den Au\u00dfenanlagen des Sportzentrums G\u00f6ttingen n\u00f6tig.<\/p>\n\n\n\n\n\n<p><strong><em><mark style=\"background-color:rgba(0, 0, 0, 0)\" class=\"has-inline-color has-kubio-color-2-color\">&#8222;Der Obstacle City Run hat \u00fcber Jahre hinweg Sportlerinnen und Sportler auf unserem Gel\u00e4nde begeistert. Wir wollen unser Gel\u00e4nde umgestalten und die r\u00e4umlichen Gegebenheiten der Anlage f\u00fcr ein Event dieser Gr\u00f6\u00dfe passt leider nicht mehr zu unserer ohnehin schon ausgedehnten Nutzung des Gel\u00e4ndes. Wir wissen aber, dass das fantastische Areal rund um das Jahnstadion ein idealer Standort ist&#8220;<\/mark><\/em><\/strong><br><strong>Arne G\u00f6ring<\/strong>, Leiter der Zentralen Einrichtung f\u00fcr Sport und Gesundheit der Universit\u00e4t G\u00f6ttingen<\/p>\n\n\n\n\n\n<p><strong>Neue Veranstaltungslocation \u2013 Start- \/Zielbereich im Jahnstadion am Kiesse<\/strong>e<br>Das Jahnstadion, betrieben von der G\u00f6ttinger Sport und Freizeit GmbH (G\u00f6SF), bietet perfekte Bedingungen f\u00fcr den Hindernislauf. Die umfangreiche Ausstattung und zentrale Lage bieten ideale Voraussetzungen f\u00fcr eine sportliche Gro\u00dfveranstaltung dieser Art. Insbesondere die N\u00e4he zum Kiessee k\u00f6nnte neue sportliche Herausforderungen bereithalten.<\/p>\n\n\n\n<p><strong>Anmeldezahlen auf neuem Rekordhoch<\/strong><br>Die Nachfrage nach den Startpl\u00e4tzen ist auch in diesem Jahr riesig: bis Mitte April haben sich bereits \u00fcber 3.500 Teilnehmende f\u00fcr den Obstacle City Run powered by Cube Store G\u00f6ttingen 2025 angemeldet, sodass bereits 70% des Teilnehmer-Limits erreicht ist.\u00a0<\/p>\n\n\n\n<p><em>\u201eMit \u00fcber 5.000 Aktiven erwarten wir ein ausverkauftes Event am 23. August. Es wird ein wunderbarer Sommertag und ein Sportfestival f\u00fcr die gesamte Familie, zu dem wir Aktive aus G\u00f6ttingen, S\u00fcdniedersachsen und ganz Deutschland begr\u00fc\u00dfen d\u00fcrfen.\u201c<\/em>, so Nicolas Karasch, Gesch\u00e4ftsf\u00fchrer des f\u00fcr die Organisation zust\u00e4ndigen Unternehmens &#8222;TeamEinsNull GmbH&#8220;.<br><br>Die\u00a0Anmeldungen f\u00fcr die drei unterschiedlichen Streckenl\u00e4ngen (3KM = 10 Hindernisse, 6KM 21 Hindernisse und 12KM = 31 Hindernisse) inkl. Teamrabatten ab 5 Personen sind unter\u00a0<a href=\"http:\/\/www.obstacle-city-run.de\/\">www.obstacle-city-run.de<\/a>\u00a0jederzeit m\u00f6glich, solange der Vorrat reicht.<\/p>\n\n\n\n<p class=\"has-small-font-size\"><strong>Foto:<\/strong> \u00a9Obstacle City Run<\/p>\n","protected":false},"excerpt":{"rendered":"<p>Der Obstacle City Run powered by Cube Store G\u00f6ttingen, ist ein Highlight im sportlichen Veranstaltungskalender der Region, mehr noch: er ist eine der gr\u00f6\u00dften Sportveranstaltungen im Jahr. Am 23.08.2025 wird der Lauf erstmalig im und um das traditionsreiche Jahnstadion stattfinden. Der diesj\u00e4hrige Wechsel des beliebten Hindernislaufes vom bisherigen Gel\u00e4nde des Sportzentrums der Uni G\u00f6ttingen ist [&hellip;]<\/p>\n","protected":false},"author":1,"featured_media":27973,"comment_status":"open","ping_status":"open","sticky":false,"template":"","format":"standard","meta":{"saved_in_kubio":false,"footnotes":""},"categories":[52,3881],"tags":[],"class_list":["post-27970","post","type-post","status-publish","format-standard","has-post-thumbnail","hentry","category-freizeit","category-sport-fitness"],"yoast_head":"<!-- This site is optimized with the Yoast SEO plugin v27.5 - https:\/\/yoast.com\/product\/yoast-seo-wordpress\/ -->\n<title>Obstacle City Run G\u00f6ttingen in diesem Jahr an neuer Veranstaltungslocation - Radio Leinewelle<\/title>\n<meta name=\"robots\" content=\"index, follow, max-snippet:-1, max-image-preview:large, max-video-preview:-1\" \/>\n<link rel=\"canonical\" href=\"https:\/\/radioleinewelle.de\/index.php\/2025\/05\/07\/obstacle-city-run-goettingen-in-diesem-jahr-an-neuer-veranstaltungslocation\/\" \/>\n<meta property=\"og:locale\" content=\"de_DE\" \/>\n<meta property=\"og:type\" content=\"article\" \/>\n<meta property=\"og:title\" content=\"Obstacle City Run G\u00f6ttingen in diesem Jahr an neuer Veranstaltungslocation - Radio Leinewelle\" \/>\n<meta property=\"og:description\" content=\"Der Obstacle City Run powered by Cube Store G\u00f6ttingen, ist ein Highlight im sportlichen Veranstaltungskalender der Region, mehr noch: er ist eine der gr\u00f6\u00dften Sportveranstaltungen im Jahr. Am 23.08.2025 wird der Lauf erstmalig im und um das traditionsreiche Jahnstadion stattfinden. Der diesj\u00e4hrige Wechsel des beliebten Hindernislaufes vom bisherigen Gel\u00e4nde des Sportzentrums der Uni G\u00f6ttingen ist [&hellip;]\" \/>\n<meta property=\"og:url\" content=\"https:\/\/radioleinewelle.de\/index.php\/2025\/05\/07\/obstacle-city-run-goettingen-in-diesem-jahr-an-neuer-veranstaltungslocation\/\" \/>\n<meta property=\"og:site_name\" content=\"Radio Leinewelle\" \/>\n<meta property=\"article:publisher\" content=\"https:\/\/www.facebook.com\/radioleinewelle\" \/>\n<meta property=\"article:author\" content=\"https:\/\/www.facebook.com\/radioleinewelle\" \/>\n<meta property=\"article:published_time\" content=\"2025-05-07T10:41:29+00:00\" \/>\n<meta property=\"article:modified_time\" content=\"2025-05-07T10:41:30+00:00\" \/>\n<meta property=\"og:image\" content=\"https:\/\/radioleinewelle.de\/wp-content\/uploads\/2025\/05\/Obstacle-City-Run_I.jpg\" \/>\n\t<meta property=\"og:image:width\" content=\"1200\" \/>\n\t<meta property=\"og:image:height\" content=\"800\" \/>\n\t<meta property=\"og:image:type\" content=\"image\/jpeg\" \/>\n<meta name=\"author\" content=\"Leinewelle\" \/>\n<meta name=\"twitter:card\" content=\"summary_large_image\" \/>\n<meta name=\"twitter:creator\" content=\"@https:\/\/twitter.com\/RLeinewelle?ref_src=twsrcgoogletwcampserptwgrauthor\" \/>\n<meta name=\"twitter:site\" content=\"@RLeinewelle\" \/>\n<meta name=\"twitter:label1\" content=\"Verfasst von\" \/>\n\t<meta name=\"twitter:data1\" content=\"Leinewelle\" \/>\n\t<meta name=\"twitter:label2\" content=\"Gesch\u00e4tzte Lesezeit\" \/>\n\t<meta name=\"twitter:data2\" content=\"3\u00a0Minuten\" \/>\n<script type=\"application\/ld+json\" class=\"yoast-schema-graph\">{\"@context\":\"https:\\\/\\\/schema.org\",\"@graph\":[{\"@type\":\"Article\",\"@id\":\"https:\\\/\\\/radioleinewelle.de\\\/index.php\\\/2025\\\/05\\\/07\\\/obstacle-city-run-goettingen-in-diesem-jahr-an-neuer-veranstaltungslocation\\\/#article\",\"isPartOf\":{\"@id\":\"https:\\\/\\\/radioleinewelle.de\\\/index.php\\\/2025\\\/05\\\/07\\\/obstacle-city-run-goettingen-in-diesem-jahr-an-neuer-veranstaltungslocation\\\/\"},\"author\":{\"name\":\"Leinewelle\",\"@id\":\"https:\\\/\\\/radioleinewelle.de\\\/#\\\/schema\\\/person\\\/45606f348637df637192dc1b68399a63\"},\"headline\":\"Obstacle City Run G\u00f6ttingen in diesem Jahr an neuer Veranstaltungslocation\",\"datePublished\":\"2025-05-07T10:41:29+00:00\",\"dateModified\":\"2025-05-07T10:41:30+00:00\",\"mainEntityOfPage\":{\"@id\":\"https:\\\/\\\/radioleinewelle.de\\\/index.php\\\/2025\\\/05\\\/07\\\/obstacle-city-run-goettingen-in-diesem-jahr-an-neuer-veranstaltungslocation\\\/\"},\"wordCount\":367,\"commentCount\":0,\"publisher\":{\"@id\":\"https:\\\/\\\/radioleinewelle.de\\\/#organization\"},\"image\":{\"@id\":\"https:\\\/\\\/radioleinewelle.de\\\/index.php\\\/2025\\\/05\\\/07\\\/obstacle-city-run-goettingen-in-diesem-jahr-an-neuer-veranstaltungslocation\\\/#primaryimage\"},\"thumbnailUrl\":\"https:\\\/\\\/radioleinewelle.de\\\/wp-content\\\/uploads\\\/2025\\\/05\\\/Obstacle-City-Run_I.jpg\",\"articleSection\":[\"Freizeit\",\"Sport &amp; Fitness\"],\"inLanguage\":\"de\",\"potentialAction\":[{\"@type\":\"CommentAction\",\"name\":\"Comment\",\"target\":[\"https:\\\/\\\/radioleinewelle.de\\\/index.php\\\/2025\\\/05\\\/07\\\/obstacle-city-run-goettingen-in-diesem-jahr-an-neuer-veranstaltungslocation\\\/#respond\"]}]},{\"@type\":\"WebPage\",\"@id\":\"https:\\\/\\\/radioleinewelle.de\\\/index.php\\\/2025\\\/05\\\/07\\\/obstacle-city-run-goettingen-in-diesem-jahr-an-neuer-veranstaltungslocation\\\/\",\"url\":\"https:\\\/\\\/radioleinewelle.de\\\/index.php\\\/2025\\\/05\\\/07\\\/obstacle-city-run-goettingen-in-diesem-jahr-an-neuer-veranstaltungslocation\\\/\",\"name\":\"Obstacle City Run G\u00f6ttingen in diesem Jahr an neuer Veranstaltungslocation - Radio Leinewelle\",\"isPartOf\":{\"@id\":\"https:\\\/\\\/radioleinewelle.de\\\/#website\"},\"primaryImageOfPage\":{\"@id\":\"https:\\\/\\\/radioleinewelle.de\\\/index.php\\\/2025\\\/05\\\/07\\\/obstacle-city-run-goettingen-in-diesem-jahr-an-neuer-veranstaltungslocation\\\/#primaryimage\"},\"image\":{\"@id\":\"https:\\\/\\\/radioleinewelle.de\\\/index.php\\\/2025\\\/05\\\/07\\\/obstacle-city-run-goettingen-in-diesem-jahr-an-neuer-veranstaltungslocation\\\/#primaryimage\"},\"thumbnailUrl\":\"https:\\\/\\\/radioleinewelle.de\\\/wp-content\\\/uploads\\\/2025\\\/05\\\/Obstacle-City-Run_I.jpg\",\"datePublished\":\"2025-05-07T10:41:29+00:00\",\"dateModified\":\"2025-05-07T10:41:30+00:00\",\"breadcrumb\":{\"@id\":\"https:\\\/\\\/radioleinewelle.de\\\/index.php\\\/2025\\\/05\\\/07\\\/obstacle-city-run-goettingen-in-diesem-jahr-an-neuer-veranstaltungslocation\\\/#breadcrumb\"},\"inLanguage\":\"de\",\"potentialAction\":[{\"@type\":\"ReadAction\",\"target\":[\"https:\\\/\\\/radioleinewelle.de\\\/index.php\\\/2025\\\/05\\\/07\\\/obstacle-city-run-goettingen-in-diesem-jahr-an-neuer-veranstaltungslocation\\\/\"]}]},{\"@type\":\"ImageObject\",\"inLanguage\":\"de\",\"@id\":\"https:\\\/\\\/radioleinewelle.de\\\/index.php\\\/2025\\\/05\\\/07\\\/obstacle-city-run-goettingen-in-diesem-jahr-an-neuer-veranstaltungslocation\\\/#primaryimage\",\"url\":\"https:\\\/\\\/radioleinewelle.de\\\/wp-content\\\/uploads\\\/2025\\\/05\\\/Obstacle-City-Run_I.jpg\",\"contentUrl\":\"https:\\\/\\\/radioleinewelle.de\\\/wp-content\\\/uploads\\\/2025\\\/05\\\/Obstacle-City-Run_I.jpg\",\"width\":1200,\"height\":800},{\"@type\":\"BreadcrumbList\",\"@id\":\"https:\\\/\\\/radioleinewelle.de\\\/index.php\\\/2025\\\/05\\\/07\\\/obstacle-city-run-goettingen-in-diesem-jahr-an-neuer-veranstaltungslocation\\\/#breadcrumb\",\"itemListElement\":[{\"@type\":\"ListItem\",\"position\":1,\"name\":\"Startseite\",\"item\":\"https:\\\/\\\/radioleinewelle.de\\\/\"},{\"@type\":\"ListItem\",\"position\":2,\"name\":\"Obstacle City Run G\u00f6ttingen in diesem Jahr an neuer Veranstaltungslocation\"}]},{\"@type\":\"WebSite\",\"@id\":\"https:\\\/\\\/radioleinewelle.de\\\/#website\",\"url\":\"https:\\\/\\\/radioleinewelle.de\\\/\",\"name\":\"Radio Leinewelle\",\"description\":\"\",\"publisher\":{\"@id\":\"https:\\\/\\\/radioleinewelle.de\\\/#organization\"},\"potentialAction\":[{\"@type\":\"SearchAction\",\"target\":{\"@type\":\"EntryPoint\",\"urlTemplate\":\"https:\\\/\\\/radioleinewelle.de\\\/?s={search_term_string}\"},\"query-input\":{\"@type\":\"PropertyValueSpecification\",\"valueRequired\":true,\"valueName\":\"search_term_string\"}}],\"inLanguage\":\"de\"},{\"@type\":\"Organization\",\"@id\":\"https:\\\/\\\/radioleinewelle.de\\\/#organization\",\"name\":\"Radio Leinewelle\",\"alternateName\":\"Mein Radio f\u00fcr S\u00fcdniedersachsen\",\"url\":\"https:\\\/\\\/radioleinewelle.de\\\/\",\"logo\":{\"@type\":\"ImageObject\",\"inLanguage\":\"de\",\"@id\":\"https:\\\/\\\/radioleinewelle.de\\\/#\\\/schema\\\/logo\\\/image\\\/\",\"url\":\"https:\\\/\\\/radioleinewelle.de\\\/wp-content\\\/uploads\\\/2023\\\/11\\\/cropped-Leinewelle_Logo_weiss.png\",\"contentUrl\":\"https:\\\/\\\/radioleinewelle.de\\\/wp-content\\\/uploads\\\/2023\\\/11\\\/cropped-Leinewelle_Logo_weiss.png\",\"width\":854,\"height\":260,\"caption\":\"Radio Leinewelle\"},\"image\":{\"@id\":\"https:\\\/\\\/radioleinewelle.de\\\/#\\\/schema\\\/logo\\\/image\\\/\"},\"sameAs\":[\"https:\\\/\\\/www.facebook.com\\\/radioleinewelle\",\"https:\\\/\\\/x.com\\\/RLeinewelle\",\"https:\\\/\\\/www.instagram.com\\\/radioleinewelle\\\/?hl=de\"]},{\"@type\":\"Person\",\"@id\":\"https:\\\/\\\/radioleinewelle.de\\\/#\\\/schema\\\/person\\\/45606f348637df637192dc1b68399a63\",\"name\":\"Leinewelle\",\"image\":{\"@type\":\"ImageObject\",\"inLanguage\":\"de\",\"@id\":\"https:\\\/\\\/secure.gravatar.com\\\/avatar\\\/05c9a17bc973052ee5d91549bd32fb4dd0dc85b7b85ae94b2e2b4943476bbea5?s=96&d=blank&r=g\",\"url\":\"https:\\\/\\\/secure.gravatar.com\\\/avatar\\\/05c9a17bc973052ee5d91549bd32fb4dd0dc85b7b85ae94b2e2b4943476bbea5?s=96&d=blank&r=g\",\"contentUrl\":\"https:\\\/\\\/secure.gravatar.com\\\/avatar\\\/05c9a17bc973052ee5d91549bd32fb4dd0dc85b7b85ae94b2e2b4943476bbea5?s=96&d=blank&r=g\",\"caption\":\"Leinewelle\"},\"sameAs\":[\"http:\\\/\\\/localhost\\\/radio%20leinewelle\\\/wordpress\",\"https:\\\/\\\/www.facebook.com\\\/radioleinewelle\",\"https:\\\/\\\/www.instagram.com\\\/radioleinewelle\",\"https:\\\/\\\/x.com\\\/https:\\\/\\\/twitter.com\\\/RLeinewelle?ref_src=twsrcgoogletwcampserptwgrauthor\",\"https:\\\/\\\/soundcloud.com\\\/foerderverein-lokalradio?utm_source=clipboard&utm_medium=text&utm_campaign=social_sharing\"],\"url\":\"https:\\\/\\\/radioleinewelle.de\\\/index.php\\\/author\\\/leinewelle\\\/\"}]}<\/script>\n<!-- \/ Yoast SEO plugin. -->","yoast_head_json":{"title":"Obstacle City Run G\u00f6ttingen in diesem Jahr an neuer Veranstaltungslocation - Radio Leinewelle","robots":{"index":"index","follow":"follow","max-snippet":"max-snippet:-1","max-image-preview":"max-image-preview:large","max-video-preview":"max-video-preview:-1"},"canonical":"https:\/\/radioleinewelle.de\/index.php\/2025\/05\/07\/obstacle-city-run-goettingen-in-diesem-jahr-an-neuer-veranstaltungslocation\/","og_locale":"de_DE","og_type":"article","og_title":"Obstacle City Run G\u00f6ttingen in diesem Jahr an neuer Veranstaltungslocation - Radio Leinewelle","og_description":"Der Obstacle City Run powered by Cube Store G\u00f6ttingen, ist ein Highlight im sportlichen Veranstaltungskalender der Region, mehr noch: er ist eine der gr\u00f6\u00dften Sportveranstaltungen im Jahr. Am 23.08.2025 wird der Lauf erstmalig im und um das traditionsreiche Jahnstadion stattfinden. Der diesj\u00e4hrige Wechsel des beliebten Hindernislaufes vom bisherigen Gel\u00e4nde des Sportzentrums der Uni G\u00f6ttingen ist [&hellip;]","og_url":"https:\/\/radioleinewelle.de\/index.php\/2025\/05\/07\/obstacle-city-run-goettingen-in-diesem-jahr-an-neuer-veranstaltungslocation\/","og_site_name":"Radio Leinewelle","article_publisher":"https:\/\/www.facebook.com\/radioleinewelle","article_author":"https:\/\/www.facebook.com\/radioleinewelle","article_published_time":"2025-05-07T10:41:29+00:00","article_modified_time":"2025-05-07T10:41:30+00:00","og_image":[{"width":1200,"height":800,"url":"https:\/\/radioleinewelle.de\/wp-content\/uploads\/2025\/05\/Obstacle-City-Run_I.jpg","type":"image\/jpeg"}],"author":"Leinewelle","twitter_card":"summary_large_image","twitter_creator":"@https:\/\/twitter.com\/RLeinewelle?ref_src=twsrcgoogletwcampserptwgrauthor","twitter_site":"@RLeinewelle","twitter_misc":{"Verfasst von":"Leinewelle","Gesch\u00e4tzte Lesezeit":"3\u00a0Minuten"},"schema":{"@context":"https:\/\/schema.org","@graph":[{"@type":"Article","@id":"https:\/\/radioleinewelle.de\/index.php\/2025\/05\/07\/obstacle-city-run-goettingen-in-diesem-jahr-an-neuer-veranstaltungslocation\/#article","isPartOf":{"@id":"https:\/\/radioleinewelle.de\/index.php\/2025\/05\/07\/obstacle-city-run-goettingen-in-diesem-jahr-an-neuer-veranstaltungslocation\/"},"author":{"name":"Leinewelle","@id":"https:\/\/radioleinewelle.de\/#\/schema\/person\/45606f348637df637192dc1b68399a63"},"headline":"Obstacle City Run G\u00f6ttingen in diesem Jahr an neuer Veranstaltungslocation","datePublished":"2025-05-07T10:41:29+00:00","dateModified":"2025-05-07T10:41:30+00:00","mainEntityOfPage":{"@id":"https:\/\/radioleinewelle.de\/index.php\/2025\/05\/07\/obstacle-city-run-goettingen-in-diesem-jahr-an-neuer-veranstaltungslocation\/"},"wordCount":367,"commentCount":0,"publisher":{"@id":"https:\/\/radioleinewelle.de\/#organization"},"image":{"@id":"https:\/\/radioleinewelle.de\/index.php\/2025\/05\/07\/obstacle-city-run-goettingen-in-diesem-jahr-an-neuer-veranstaltungslocation\/#primaryimage"},"thumbnailUrl":"https:\/\/radioleinewelle.de\/wp-content\/uploads\/2025\/05\/Obstacle-City-Run_I.jpg","articleSection":["Freizeit","Sport &amp; Fitness"],"inLanguage":"de","potentialAction":[{"@type":"CommentAction","name":"Comment","target":["https:\/\/radioleinewelle.de\/index.php\/2025\/05\/07\/obstacle-city-run-goettingen-in-diesem-jahr-an-neuer-veranstaltungslocation\/#respond"]}]},{"@type":"WebPage","@id":"https:\/\/radioleinewelle.de\/index.php\/2025\/05\/07\/obstacle-city-run-goettingen-in-diesem-jahr-an-neuer-veranstaltungslocation\/","url":"https:\/\/radioleinewelle.de\/index.php\/2025\/05\/07\/obstacle-city-run-goettingen-in-diesem-jahr-an-neuer-veranstaltungslocation\/","name":"Obstacle City Run G\u00f6ttingen in diesem Jahr an neuer Veranstaltungslocation - Radio Leinewelle","isPartOf":{"@id":"https:\/\/radioleinewelle.de\/#website"},"primaryImageOfPage":{"@id":"https:\/\/radioleinewelle.de\/index.php\/2025\/05\/07\/obstacle-city-run-goettingen-in-diesem-jahr-an-neuer-veranstaltungslocation\/#primaryimage"},"image":{"@id":"https:\/\/radioleinewelle.de\/index.php\/2025\/05\/07\/obstacle-city-run-goettingen-in-diesem-jahr-an-neuer-veranstaltungslocation\/#primaryimage"},"thumbnailUrl":"https:\/\/radioleinewelle.de\/wp-content\/uploads\/2025\/05\/Obstacle-City-Run_I.jpg","datePublished":"2025-05-07T10:41:29+00:00","dateModified":"2025-05-07T10:41:30+00:00","breadcrumb":{"@id":"https:\/\/radioleinewelle.de\/index.php\/2025\/05\/07\/obstacle-city-run-goettingen-in-diesem-jahr-an-neuer-veranstaltungslocation\/#breadcrumb"},"inLanguage":"de","potentialAction":[{"@type":"ReadAction","target":["https:\/\/radioleinewelle.de\/index.php\/2025\/05\/07\/obstacle-city-run-goettingen-in-diesem-jahr-an-neuer-veranstaltungslocation\/"]}]},{"@type":"ImageObject","inLanguage":"de","@id":"https:\/\/radioleinewelle.de\/index.php\/2025\/05\/07\/obstacle-city-run-goettingen-in-diesem-jahr-an-neuer-veranstaltungslocation\/#primaryimage","url":"https:\/\/radioleinewelle.de\/wp-content\/uploads\/2025\/05\/Obstacle-City-Run_I.jpg","contentUrl":"https:\/\/radioleinewelle.de\/wp-content\/uploads\/2025\/05\/Obstacle-City-Run_I.jpg","width":1200,"height":800},{"@type":"BreadcrumbList","@id":"https:\/\/radioleinewelle.de\/index.php\/2025\/05\/07\/obstacle-city-run-goettingen-in-diesem-jahr-an-neuer-veranstaltungslocation\/#breadcrumb","itemListElement":[{"@type":"ListItem","position":1,"name":"Startseite","item":"https:\/\/radioleinewelle.de\/"},{"@type":"ListItem","position":2,"name":"Obstacle City Run G\u00f6ttingen in diesem Jahr an neuer Veranstaltungslocation"}]},{"@type":"WebSite","@id":"https:\/\/radioleinewelle.de\/#website","url":"https:\/\/radioleinewelle.de\/","name":"Radio Leinewelle","description":"","publisher":{"@id":"https:\/\/radioleinewelle.de\/#organization"},"potentialAction":[{"@type":"SearchAction","target":{"@type":"EntryPoint","urlTemplate":"https:\/\/radioleinewelle.de\/?s={search_term_string}"},"query-input":{"@type":"PropertyValueSpecification","valueRequired":true,"valueName":"search_term_string"}}],"inLanguage":"de"},{"@type":"Organization","@id":"https:\/\/radioleinewelle.de\/#organization","name":"Radio Leinewelle","alternateName":"Mein Radio f\u00fcr S\u00fcdniedersachsen","url":"https:\/\/radioleinewelle.de\/","logo":{"@type":"ImageObject","inLanguage":"de","@id":"https:\/\/radioleinewelle.de\/#\/schema\/logo\/image\/","url":"https:\/\/radioleinewelle.de\/wp-content\/uploads\/2023\/11\/cropped-Leinewelle_Logo_weiss.png","contentUrl":"https:\/\/radioleinewelle.de\/wp-content\/uploads\/2023\/11\/cropped-Leinewelle_Logo_weiss.png","width":854,"height":260,"caption":"Radio Leinewelle"},"image":{"@id":"https:\/\/radioleinewelle.de\/#\/schema\/logo\/image\/"},"sameAs":["https:\/\/www.facebook.com\/radioleinewelle","https:\/\/x.com\/RLeinewelle","https:\/\/www.instagram.com\/radioleinewelle\/?hl=de"]},{"@type":"Person","@id":"https:\/\/radioleinewelle.de\/#\/schema\/person\/45606f348637df637192dc1b68399a63","name":"Leinewelle","image":{"@type":"ImageObject","inLanguage":"de","@id":"https:\/\/secure.gravatar.com\/avatar\/05c9a17bc973052ee5d91549bd32fb4dd0dc85b7b85ae94b2e2b4943476bbea5?s=96&d=blank&r=g","url":"https:\/\/secure.gravatar.com\/avatar\/05c9a17bc973052ee5d91549bd32fb4dd0dc85b7b85ae94b2e2b4943476bbea5?s=96&d=blank&r=g","contentUrl":"https:\/\/secure.gravatar.com\/avatar\/05c9a17bc973052ee5d91549bd32fb4dd0dc85b7b85ae94b2e2b4943476bbea5?s=96&d=blank&r=g","caption":"Leinewelle"},"sameAs":["http:\/\/localhost\/radio%20leinewelle\/wordpress","https:\/\/www.facebook.com\/radioleinewelle","https:\/\/www.instagram.com\/radioleinewelle","https:\/\/x.com\/https:\/\/twitter.com\/RLeinewelle?ref_src=twsrcgoogletwcampserptwgrauthor","https:\/\/soundcloud.com\/foerderverein-lokalradio?utm_source=clipboard&utm_medium=text&utm_campaign=social_sharing"],"url":"https:\/\/radioleinewelle.de\/index.php\/author\/leinewelle\/"}]}},"_links":{"self":[{"href":"https:\/\/radioleinewelle.de\/index.php\/wp-json\/wp\/v2\/posts\/27970","targetHints":{"allow":["GET"]}}],"collection":[{"href":"https:\/\/radioleinewelle.de\/index.php\/wp-json\/wp\/v2\/posts"}],"about":[{"href":"https:\/\/radioleinewelle.de\/index.php\/wp-json\/wp\/v2\/types\/post"}],"author":[{"embeddable":true,"href":"https:\/\/radioleinewelle.de\/index.php\/wp-json\/wp\/v2\/users\/1"}],"replies":[{"embeddable":true,"href":"https:\/\/radioleinewelle.de\/index.php\/wp-json\/wp\/v2\/comments?post=27970"}],"version-history":[{"count":5,"href":"https:\/\/radioleinewelle.de\/index.php\/wp-json\/wp\/v2\/posts\/27970\/revisions"}],"predecessor-version":[{"id":27976,"href":"https:\/\/radioleinewelle.de\/index.php\/wp-json\/wp\/v2\/posts\/27970\/revisions\/27976"}],"wp:featuredmedia":[{"embeddable":true,"href":"https:\/\/radioleinewelle.de\/index.php\/wp-json\/wp\/v2\/media\/27973"}],"wp:attachment":[{"href":"https:\/\/radioleinewelle.de\/index.php\/wp-json\/wp\/v2\/media?parent=27970"}],"wp:term":[{"taxonomy":"category","embeddable":true,"href":"https:\/\/radioleinewelle.de\/index.php\/wp-json\/wp\/v2\/categories?post=27970"},{"taxonomy":"post_tag","embeddable":true,"href":"https:\/\/radioleinewelle.de\/index.php\/wp-json\/wp\/v2\/tags?post=27970"}],"curies":[{"name":"wp","href":"https:\/\/api.w.org\/{rel}","templated":true}]}}