{"id":27977,"date":"2025-05-07T13:47:50","date_gmt":"2025-05-07T11:47:50","guid":{"rendered":"https:\/\/radioleinewelle.de\/?p=27977"},"modified":"2025-05-07T13:47:51","modified_gmt":"2025-05-07T11:47:51","slug":"appell-an-neue-bundesregierung-293-organisationen-fordern-eine-verantwortungsvolle-migrations-und-asylpolitik","status":"publish","type":"post","link":"https:\/\/radioleinewelle.de\/index.php\/2025\/05\/07\/appell-an-neue-bundesregierung-293-organisationen-fordern-eine-verantwortungsvolle-migrations-und-asylpolitik\/","title":{"rendered":"Appell an neue Bundesregierung: 293 Organisationen fordern eine verantwortungsvolle Migrations- und Asylpolitik"},"content":{"rendered":"\n<h2 class=\"wp-block-heading\"><\/h2>\n\n\n\n<p>Zum Amtsantritt der neuen Bundesregierung fordert ein breites zivilgesellschaftliches B\u00fcndnis eine verantwortungsvolle Migrations- und Asylpolitik und einen neuen Ton in der Debatte \u00fcber Zuwanderung.<\/p>\n\n\n\n<p><em>\u201eDer Wahlkampf war gepr\u00e4gt von einer aufgeheizten Stimmung, die sich vor allem gegen Gefl\u00fcchtete und Zugewanderte richtete. Das hat sich auch im Koalitionsvertrag niedergeschlagen\u201c, hei\u00dft es in dem gemeinsamen Appell. \u201eDamit muss endlich Schluss sein. Die Ausgrenzung einzelner Gruppen schadet dem gesellschaftlichen Zusammenhalt und n\u00fctzt nur den Feinden einer freiheitlichen Demokratie\u201c<\/em>, so die Unterzeichnenden.\u00a0<\/p>\n\n\n\n\n\n<p><mark style=\"background-color:rgba(0, 0, 0, 0)\" class=\"has-inline-color has-kubio-color-2-color\">\u201e<\/mark><strong><em><mark style=\"background-color:rgba(0, 0, 0, 0)\" class=\"has-inline-color has-kubio-color-2-color\">Das Grundrecht auf Asyl darf nicht angetastet werden, denn Menschen fliehen aus gr\u00f6\u00dfter Not, aufgrund von Kriegen oder nach Gewalterfahrungen zu uns. Besonders Angeh\u00f6rige verfolgter und bedrohter Minderheiten brauchen Schutz.&#8220;<\/mark><\/em> <\/strong><br><strong>Sarah Reinke<\/strong>, Leiterin der Menschenrechtsarbeit der mitunterzeichnenden Gesellschaft f\u00fcr bedrohte V\u00f6lker (GfbV).<\/p>\n\n\n\n\n\n<p>Das B\u00fcndnis kritisiert: <em>\u201eF\u00fcr die hohe Belastung von Kommunen und einzelnen Berufsgruppen im Zusammenhang mit Migration werden allein Gefl\u00fcchtete verantwortlich gemacht, anstatt die tats\u00e4chlichen sozialen, politischen und finanziellen Ursachen dieser Belastung anzugehen.\u201c<\/em> Es brauche jetzt vor allem gute Konzepte f\u00fcr eine funktionierende Asyl-, Aufnahme- und Integrationspolitik, die Offenheit und Vielfalt sch\u00fctzt und st\u00e4rkt. Hierzu z\u00e4hlen f\u00fcr die Unterzeichnenden::<\/p>\n\n\n\n<ul class=\"wp-block-list\">\n<li>der Schutz individueller Rechte, insbesondere des Rechts auf Asyl, und damit auch ein Absehen von Zur\u00fcckweisungen an der Grenze,<\/li>\n\n\n\n<li>der Erhalt legaler Zugangswege, wie Resettlement und Aufnahmeprogramme und insbesondere des Familiennachzugs,<\/li>\n\n\n\n<li>Ma\u00dfnahmen f\u00fcr eine erfolgreiche Integration aller, wie verl\u00e4ssliche und ausk\u00f6mmliche Investitionen in die Integrations- und Aufnahmestrukturen, bspw. die Entfristung des Chancen-Aufenthaltsrechts sowie ein Abbau der H\u00fcrden f\u00fcr die Arbeitsaufnahme Gefl\u00fcchteter.<\/li>\n<\/ul>\n\n\n\n<p>Der Appell f\u00fcr eine menschenrechtsbasierte und verantwortungsvolle Migrationspolitik wurde vom Deutschen Gewerkschaftsbund (DGB), von PRO ASYL und vom Parit\u00e4tischen Gesamtverband initiiert. Die Gesellschaft f\u00fcr bedrohte V\u00f6lker (GfbV) geh\u00f6rt zu den insgesamt 293 Organisationen und Verb\u00e4nden, die den Appell unterzeichnet haben.<\/p>\n\n\n\n<p>Hier der komplette Appell mit den Organisationen die unterzeichnet haben.<\/p>\n\n\n\n<div data-wp-interactive=\"core\/file\" class=\"wp-block-file\"><object data-wp-bind--hidden=\"!state.hasPdfPreview\" hidden class=\"wp-block-file__embed\" data=\"https:\/\/radioleinewelle.de\/wp-content\/uploads\/2025\/05\/Appell_an_neue_Bundesregierung_fuer_eine_verantwortungsvolle_Migrationspolitik.pdf\" type=\"application\/pdf\" style=\"width:100%;height:600px\" aria-label=\"Einbettung von Appell_an_neue_Bundesregierung_f\u00fcr_eine_verantwortungsvolle_Migrationspolitik.\"><\/object><a id=\"wp-block-file--media-8ff896f9-a141-4041-9b4a-bafbfa83c3f9\" href=\"https:\/\/radioleinewelle.de\/wp-content\/uploads\/2025\/05\/Appell_an_neue_Bundesregierung_fuer_eine_verantwortungsvolle_Migrationspolitik.pdf\">Appell_an_neue_Bundesregierung_f\u00fcr_eine_verantwortungsvolle_Migrationspolitik<\/a><a href=\"https:\/\/radioleinewelle.de\/wp-content\/uploads\/2025\/05\/Appell_an_neue_Bundesregierung_fuer_eine_verantwortungsvolle_Migrationspolitik.pdf\" class=\"wp-block-file__button wp-element-button\" download aria-describedby=\"wp-block-file--media-8ff896f9-a141-4041-9b4a-bafbfa83c3f9\">Herunterladen<\/a><\/div>\n\n\n\n<p><strong>Foto:<\/strong>  <a href=\"https:\/\/pixabay.com\/de\/users\/jdblack-7956575\/?utm_source=link-attribution&amp;utm_medium=referral&amp;utm_campaign=image&amp;utm_content=3290742\">Jim Black<\/a> auf <a href=\"https:\/\/pixabay.com\/de\/\/?utm_source=link-attribution&amp;utm_medium=referral&amp;utm_campaign=image&amp;utm_content=3290742\">Pixabay<\/a><\/p>\n","protected":false},"excerpt":{"rendered":"<p>Zum Amtsantritt der neuen Bundesregierung fordert ein breites zivilgesellschaftliches B\u00fcndnis eine verantwortungsvolle Migrations- und Asylpolitik und einen neuen Ton in der Debatte \u00fcber Zuwanderung. \u201eDer Wahlkampf war gepr\u00e4gt von einer aufgeheizten Stimmung, die sich vor allem gegen Gefl\u00fcchtete und Zugewanderte richtete. Das hat sich auch im Koalitionsvertrag niedergeschlagen\u201c, hei\u00dft es in dem gemeinsamen Appell. \u201eDamit [&hellip;]<\/p>\n","protected":false},"author":1,"featured_media":27981,"comment_status":"open","ping_status":"open","sticky":false,"template":"","format":"standard","meta":{"saved_in_kubio":false,"footnotes":""},"categories":[53,43],"tags":[],"class_list":["post-27977","post","type-post","status-publish","format-standard","has-post-thumbnail","hentry","category-gesellschaft","category-migration"],"yoast_head":"<!-- This site is optimized with the Yoast SEO plugin v27.5 - https:\/\/yoast.com\/product\/yoast-seo-wordpress\/ -->\n<title>Appell an neue Bundesregierung: 293 Organisationen fordern eine verantwortungsvolle Migrations- und Asylpolitik - Radio Leinewelle<\/title>\n<meta name=\"robots\" content=\"index, follow, max-snippet:-1, max-image-preview:large, max-video-preview:-1\" \/>\n<link rel=\"canonical\" href=\"https:\/\/radioleinewelle.de\/index.php\/2025\/05\/07\/appell-an-neue-bundesregierung-293-organisationen-fordern-eine-verantwortungsvolle-migrations-und-asylpolitik\/\" \/>\n<meta property=\"og:locale\" content=\"de_DE\" \/>\n<meta property=\"og:type\" content=\"article\" \/>\n<meta property=\"og:title\" content=\"Appell an neue Bundesregierung: 293 Organisationen fordern eine verantwortungsvolle Migrations- und Asylpolitik - Radio Leinewelle\" \/>\n<meta property=\"og:description\" content=\"Zum Amtsantritt der neuen Bundesregierung fordert ein breites zivilgesellschaftliches B\u00fcndnis eine verantwortungsvolle Migrations- und Asylpolitik und einen neuen Ton in der Debatte \u00fcber Zuwanderung. \u201eDer Wahlkampf war gepr\u00e4gt von einer aufgeheizten Stimmung, die sich vor allem gegen Gefl\u00fcchtete und Zugewanderte richtete. Das hat sich auch im Koalitionsvertrag niedergeschlagen\u201c, hei\u00dft es in dem gemeinsamen Appell. \u201eDamit [&hellip;]\" \/>\n<meta property=\"og:url\" content=\"https:\/\/radioleinewelle.de\/index.php\/2025\/05\/07\/appell-an-neue-bundesregierung-293-organisationen-fordern-eine-verantwortungsvolle-migrations-und-asylpolitik\/\" \/>\n<meta property=\"og:site_name\" content=\"Radio Leinewelle\" \/>\n<meta property=\"article:publisher\" content=\"https:\/\/www.facebook.com\/radioleinewelle\" \/>\n<meta property=\"article:author\" content=\"https:\/\/www.facebook.com\/radioleinewelle\" \/>\n<meta property=\"article:published_time\" content=\"2025-05-07T11:47:50+00:00\" \/>\n<meta property=\"article:modified_time\" content=\"2025-05-07T11:47:51+00:00\" \/>\n<meta property=\"og:image\" content=\"https:\/\/radioleinewelle.de\/wp-content\/uploads\/2025\/05\/life-jackets-3290742_1280.jpg\" \/>\n\t<meta property=\"og:image:width\" content=\"1280\" \/>\n\t<meta property=\"og:image:height\" content=\"921\" \/>\n\t<meta property=\"og:image:type\" content=\"image\/jpeg\" \/>\n<meta name=\"author\" content=\"Leinewelle\" \/>\n<meta name=\"twitter:card\" content=\"summary_large_image\" \/>\n<meta name=\"twitter:creator\" content=\"@https:\/\/twitter.com\/RLeinewelle?ref_src=twsrcgoogletwcampserptwgrauthor\" \/>\n<meta name=\"twitter:site\" content=\"@RLeinewelle\" \/>\n<meta name=\"twitter:label1\" content=\"Verfasst von\" \/>\n\t<meta name=\"twitter:data1\" content=\"Leinewelle\" \/>\n\t<meta name=\"twitter:label2\" content=\"Gesch\u00e4tzte Lesezeit\" \/>\n\t<meta name=\"twitter:data2\" content=\"2\u00a0Minuten\" \/>\n<script type=\"application\/ld+json\" class=\"yoast-schema-graph\">{\"@context\":\"https:\\\/\\\/schema.org\",\"@graph\":[{\"@type\":\"Article\",\"@id\":\"https:\\\/\\\/radioleinewelle.de\\\/index.php\\\/2025\\\/05\\\/07\\\/appell-an-neue-bundesregierung-293-organisationen-fordern-eine-verantwortungsvolle-migrations-und-asylpolitik\\\/#article\",\"isPartOf\":{\"@id\":\"https:\\\/\\\/radioleinewelle.de\\\/index.php\\\/2025\\\/05\\\/07\\\/appell-an-neue-bundesregierung-293-organisationen-fordern-eine-verantwortungsvolle-migrations-und-asylpolitik\\\/\"},\"author\":{\"name\":\"Leinewelle\",\"@id\":\"https:\\\/\\\/radioleinewelle.de\\\/#\\\/schema\\\/person\\\/45606f348637df637192dc1b68399a63\"},\"headline\":\"Appell an neue Bundesregierung: 293 Organisationen fordern eine verantwortungsvolle Migrations- und Asylpolitik\",\"datePublished\":\"2025-05-07T11:47:50+00:00\",\"dateModified\":\"2025-05-07T11:47:51+00:00\",\"mainEntityOfPage\":{\"@id\":\"https:\\\/\\\/radioleinewelle.de\\\/index.php\\\/2025\\\/05\\\/07\\\/appell-an-neue-bundesregierung-293-organisationen-fordern-eine-verantwortungsvolle-migrations-und-asylpolitik\\\/\"},\"wordCount\":346,\"commentCount\":0,\"publisher\":{\"@id\":\"https:\\\/\\\/radioleinewelle.de\\\/#organization\"},\"image\":{\"@id\":\"https:\\\/\\\/radioleinewelle.de\\\/index.php\\\/2025\\\/05\\\/07\\\/appell-an-neue-bundesregierung-293-organisationen-fordern-eine-verantwortungsvolle-migrations-und-asylpolitik\\\/#primaryimage\"},\"thumbnailUrl\":\"https:\\\/\\\/radioleinewelle.de\\\/wp-content\\\/uploads\\\/2025\\\/05\\\/life-jackets-3290742_1280.jpg\",\"articleSection\":[\"Gesellschaft\",\"Migration\"],\"inLanguage\":\"de\",\"potentialAction\":[{\"@type\":\"CommentAction\",\"name\":\"Comment\",\"target\":[\"https:\\\/\\\/radioleinewelle.de\\\/index.php\\\/2025\\\/05\\\/07\\\/appell-an-neue-bundesregierung-293-organisationen-fordern-eine-verantwortungsvolle-migrations-und-asylpolitik\\\/#respond\"]}]},{\"@type\":\"WebPage\",\"@id\":\"https:\\\/\\\/radioleinewelle.de\\\/index.php\\\/2025\\\/05\\\/07\\\/appell-an-neue-bundesregierung-293-organisationen-fordern-eine-verantwortungsvolle-migrations-und-asylpolitik\\\/\",\"url\":\"https:\\\/\\\/radioleinewelle.de\\\/index.php\\\/2025\\\/05\\\/07\\\/appell-an-neue-bundesregierung-293-organisationen-fordern-eine-verantwortungsvolle-migrations-und-asylpolitik\\\/\",\"name\":\"Appell an neue Bundesregierung: 293 Organisationen fordern eine verantwortungsvolle Migrations- und Asylpolitik - Radio Leinewelle\",\"isPartOf\":{\"@id\":\"https:\\\/\\\/radioleinewelle.de\\\/#website\"},\"primaryImageOfPage\":{\"@id\":\"https:\\\/\\\/radioleinewelle.de\\\/index.php\\\/2025\\\/05\\\/07\\\/appell-an-neue-bundesregierung-293-organisationen-fordern-eine-verantwortungsvolle-migrations-und-asylpolitik\\\/#primaryimage\"},\"image\":{\"@id\":\"https:\\\/\\\/radioleinewelle.de\\\/index.php\\\/2025\\\/05\\\/07\\\/appell-an-neue-bundesregierung-293-organisationen-fordern-eine-verantwortungsvolle-migrations-und-asylpolitik\\\/#primaryimage\"},\"thumbnailUrl\":\"https:\\\/\\\/radioleinewelle.de\\\/wp-content\\\/uploads\\\/2025\\\/05\\\/life-jackets-3290742_1280.jpg\",\"datePublished\":\"2025-05-07T11:47:50+00:00\",\"dateModified\":\"2025-05-07T11:47:51+00:00\",\"breadcrumb\":{\"@id\":\"https:\\\/\\\/radioleinewelle.de\\\/index.php\\\/2025\\\/05\\\/07\\\/appell-an-neue-bundesregierung-293-organisationen-fordern-eine-verantwortungsvolle-migrations-und-asylpolitik\\\/#breadcrumb\"},\"inLanguage\":\"de\",\"potentialAction\":[{\"@type\":\"ReadAction\",\"target\":[\"https:\\\/\\\/radioleinewelle.de\\\/index.php\\\/2025\\\/05\\\/07\\\/appell-an-neue-bundesregierung-293-organisationen-fordern-eine-verantwortungsvolle-migrations-und-asylpolitik\\\/\"]}]},{\"@type\":\"ImageObject\",\"inLanguage\":\"de\",\"@id\":\"https:\\\/\\\/radioleinewelle.de\\\/index.php\\\/2025\\\/05\\\/07\\\/appell-an-neue-bundesregierung-293-organisationen-fordern-eine-verantwortungsvolle-migrations-und-asylpolitik\\\/#primaryimage\",\"url\":\"https:\\\/\\\/radioleinewelle.de\\\/wp-content\\\/uploads\\\/2025\\\/05\\\/life-jackets-3290742_1280.jpg\",\"contentUrl\":\"https:\\\/\\\/radioleinewelle.de\\\/wp-content\\\/uploads\\\/2025\\\/05\\\/life-jackets-3290742_1280.jpg\",\"width\":1280,\"height\":921},{\"@type\":\"BreadcrumbList\",\"@id\":\"https:\\\/\\\/radioleinewelle.de\\\/index.php\\\/2025\\\/05\\\/07\\\/appell-an-neue-bundesregierung-293-organisationen-fordern-eine-verantwortungsvolle-migrations-und-asylpolitik\\\/#breadcrumb\",\"itemListElement\":[{\"@type\":\"ListItem\",\"position\":1,\"name\":\"Startseite\",\"item\":\"https:\\\/\\\/radioleinewelle.de\\\/\"},{\"@type\":\"ListItem\",\"position\":2,\"name\":\"Appell an neue Bundesregierung: 293 Organisationen fordern eine verantwortungsvolle Migrations- und Asylpolitik\"}]},{\"@type\":\"WebSite\",\"@id\":\"https:\\\/\\\/radioleinewelle.de\\\/#website\",\"url\":\"https:\\\/\\\/radioleinewelle.de\\\/\",\"name\":\"Radio Leinewelle\",\"description\":\"\",\"publisher\":{\"@id\":\"https:\\\/\\\/radioleinewelle.de\\\/#organization\"},\"potentialAction\":[{\"@type\":\"SearchAction\",\"target\":{\"@type\":\"EntryPoint\",\"urlTemplate\":\"https:\\\/\\\/radioleinewelle.de\\\/?s={search_term_string}\"},\"query-input\":{\"@type\":\"PropertyValueSpecification\",\"valueRequired\":true,\"valueName\":\"search_term_string\"}}],\"inLanguage\":\"de\"},{\"@type\":\"Organization\",\"@id\":\"https:\\\/\\\/radioleinewelle.de\\\/#organization\",\"name\":\"Radio Leinewelle\",\"alternateName\":\"Mein Radio f\u00fcr S\u00fcdniedersachsen\",\"url\":\"https:\\\/\\\/radioleinewelle.de\\\/\",\"logo\":{\"@type\":\"ImageObject\",\"inLanguage\":\"de\",\"@id\":\"https:\\\/\\\/radioleinewelle.de\\\/#\\\/schema\\\/logo\\\/image\\\/\",\"url\":\"https:\\\/\\\/radioleinewelle.de\\\/wp-content\\\/uploads\\\/2023\\\/11\\\/cropped-Leinewelle_Logo_weiss.png\",\"contentUrl\":\"https:\\\/\\\/radioleinewelle.de\\\/wp-content\\\/uploads\\\/2023\\\/11\\\/cropped-Leinewelle_Logo_weiss.png\",\"width\":854,\"height\":260,\"caption\":\"Radio Leinewelle\"},\"image\":{\"@id\":\"https:\\\/\\\/radioleinewelle.de\\\/#\\\/schema\\\/logo\\\/image\\\/\"},\"sameAs\":[\"https:\\\/\\\/www.facebook.com\\\/radioleinewelle\",\"https:\\\/\\\/x.com\\\/RLeinewelle\",\"https:\\\/\\\/www.instagram.com\\\/radioleinewelle\\\/?hl=de\"]},{\"@type\":\"Person\",\"@id\":\"https:\\\/\\\/radioleinewelle.de\\\/#\\\/schema\\\/person\\\/45606f348637df637192dc1b68399a63\",\"name\":\"Leinewelle\",\"image\":{\"@type\":\"ImageObject\",\"inLanguage\":\"de\",\"@id\":\"https:\\\/\\\/secure.gravatar.com\\\/avatar\\\/05c9a17bc973052ee5d91549bd32fb4dd0dc85b7b85ae94b2e2b4943476bbea5?s=96&d=blank&r=g\",\"url\":\"https:\\\/\\\/secure.gravatar.com\\\/avatar\\\/05c9a17bc973052ee5d91549bd32fb4dd0dc85b7b85ae94b2e2b4943476bbea5?s=96&d=blank&r=g\",\"contentUrl\":\"https:\\\/\\\/secure.gravatar.com\\\/avatar\\\/05c9a17bc973052ee5d91549bd32fb4dd0dc85b7b85ae94b2e2b4943476bbea5?s=96&d=blank&r=g\",\"caption\":\"Leinewelle\"},\"sameAs\":[\"http:\\\/\\\/localhost\\\/radio%20leinewelle\\\/wordpress\",\"https:\\\/\\\/www.facebook.com\\\/radioleinewelle\",\"https:\\\/\\\/www.instagram.com\\\/radioleinewelle\",\"https:\\\/\\\/x.com\\\/https:\\\/\\\/twitter.com\\\/RLeinewelle?ref_src=twsrcgoogletwcampserptwgrauthor\",\"https:\\\/\\\/soundcloud.com\\\/foerderverein-lokalradio?utm_source=clipboard&utm_medium=text&utm_campaign=social_sharing\"],\"url\":\"https:\\\/\\\/radioleinewelle.de\\\/index.php\\\/author\\\/leinewelle\\\/\"}]}<\/script>\n<!-- \/ Yoast SEO plugin. -->","yoast_head_json":{"title":"Appell an neue Bundesregierung: 293 Organisationen fordern eine verantwortungsvolle Migrations- und Asylpolitik - Radio Leinewelle","robots":{"index":"index","follow":"follow","max-snippet":"max-snippet:-1","max-image-preview":"max-image-preview:large","max-video-preview":"max-video-preview:-1"},"canonical":"https:\/\/radioleinewelle.de\/index.php\/2025\/05\/07\/appell-an-neue-bundesregierung-293-organisationen-fordern-eine-verantwortungsvolle-migrations-und-asylpolitik\/","og_locale":"de_DE","og_type":"article","og_title":"Appell an neue Bundesregierung: 293 Organisationen fordern eine verantwortungsvolle Migrations- und Asylpolitik - Radio Leinewelle","og_description":"Zum Amtsantritt der neuen Bundesregierung fordert ein breites zivilgesellschaftliches B\u00fcndnis eine verantwortungsvolle Migrations- und Asylpolitik und einen neuen Ton in der Debatte \u00fcber Zuwanderung. \u201eDer Wahlkampf war gepr\u00e4gt von einer aufgeheizten Stimmung, die sich vor allem gegen Gefl\u00fcchtete und Zugewanderte richtete. Das hat sich auch im Koalitionsvertrag niedergeschlagen\u201c, hei\u00dft es in dem gemeinsamen Appell. \u201eDamit [&hellip;]","og_url":"https:\/\/radioleinewelle.de\/index.php\/2025\/05\/07\/appell-an-neue-bundesregierung-293-organisationen-fordern-eine-verantwortungsvolle-migrations-und-asylpolitik\/","og_site_name":"Radio Leinewelle","article_publisher":"https:\/\/www.facebook.com\/radioleinewelle","article_author":"https:\/\/www.facebook.com\/radioleinewelle","article_published_time":"2025-05-07T11:47:50+00:00","article_modified_time":"2025-05-07T11:47:51+00:00","og_image":[{"width":1280,"height":921,"url":"https:\/\/radioleinewelle.de\/wp-content\/uploads\/2025\/05\/life-jackets-3290742_1280.jpg","type":"image\/jpeg"}],"author":"Leinewelle","twitter_card":"summary_large_image","twitter_creator":"@https:\/\/twitter.com\/RLeinewelle?ref_src=twsrcgoogletwcampserptwgrauthor","twitter_site":"@RLeinewelle","twitter_misc":{"Verfasst von":"Leinewelle","Gesch\u00e4tzte Lesezeit":"2\u00a0Minuten"},"schema":{"@context":"https:\/\/schema.org","@graph":[{"@type":"Article","@id":"https:\/\/radioleinewelle.de\/index.php\/2025\/05\/07\/appell-an-neue-bundesregierung-293-organisationen-fordern-eine-verantwortungsvolle-migrations-und-asylpolitik\/#article","isPartOf":{"@id":"https:\/\/radioleinewelle.de\/index.php\/2025\/05\/07\/appell-an-neue-bundesregierung-293-organisationen-fordern-eine-verantwortungsvolle-migrations-und-asylpolitik\/"},"author":{"name":"Leinewelle","@id":"https:\/\/radioleinewelle.de\/#\/schema\/person\/45606f348637df637192dc1b68399a63"},"headline":"Appell an neue Bundesregierung: 293 Organisationen fordern eine verantwortungsvolle Migrations- und Asylpolitik","datePublished":"2025-05-07T11:47:50+00:00","dateModified":"2025-05-07T11:47:51+00:00","mainEntityOfPage":{"@id":"https:\/\/radioleinewelle.de\/index.php\/2025\/05\/07\/appell-an-neue-bundesregierung-293-organisationen-fordern-eine-verantwortungsvolle-migrations-und-asylpolitik\/"},"wordCount":346,"commentCount":0,"publisher":{"@id":"https:\/\/radioleinewelle.de\/#organization"},"image":{"@id":"https:\/\/radioleinewelle.de\/index.php\/2025\/05\/07\/appell-an-neue-bundesregierung-293-organisationen-fordern-eine-verantwortungsvolle-migrations-und-asylpolitik\/#primaryimage"},"thumbnailUrl":"https:\/\/radioleinewelle.de\/wp-content\/uploads\/2025\/05\/life-jackets-3290742_1280.jpg","articleSection":["Gesellschaft","Migration"],"inLanguage":"de","potentialAction":[{"@type":"CommentAction","name":"Comment","target":["https:\/\/radioleinewelle.de\/index.php\/2025\/05\/07\/appell-an-neue-bundesregierung-293-organisationen-fordern-eine-verantwortungsvolle-migrations-und-asylpolitik\/#respond"]}]},{"@type":"WebPage","@id":"https:\/\/radioleinewelle.de\/index.php\/2025\/05\/07\/appell-an-neue-bundesregierung-293-organisationen-fordern-eine-verantwortungsvolle-migrations-und-asylpolitik\/","url":"https:\/\/radioleinewelle.de\/index.php\/2025\/05\/07\/appell-an-neue-bundesregierung-293-organisationen-fordern-eine-verantwortungsvolle-migrations-und-asylpolitik\/","name":"Appell an neue Bundesregierung: 293 Organisationen fordern eine verantwortungsvolle Migrations- und Asylpolitik - Radio Leinewelle","isPartOf":{"@id":"https:\/\/radioleinewelle.de\/#website"},"primaryImageOfPage":{"@id":"https:\/\/radioleinewelle.de\/index.php\/2025\/05\/07\/appell-an-neue-bundesregierung-293-organisationen-fordern-eine-verantwortungsvolle-migrations-und-asylpolitik\/#primaryimage"},"image":{"@id":"https:\/\/radioleinewelle.de\/index.php\/2025\/05\/07\/appell-an-neue-bundesregierung-293-organisationen-fordern-eine-verantwortungsvolle-migrations-und-asylpolitik\/#primaryimage"},"thumbnailUrl":"https:\/\/radioleinewelle.de\/wp-content\/uploads\/2025\/05\/life-jackets-3290742_1280.jpg","datePublished":"2025-05-07T11:47:50+00:00","dateModified":"2025-05-07T11:47:51+00:00","breadcrumb":{"@id":"https:\/\/radioleinewelle.de\/index.php\/2025\/05\/07\/appell-an-neue-bundesregierung-293-organisationen-fordern-eine-verantwortungsvolle-migrations-und-asylpolitik\/#breadcrumb"},"inLanguage":"de","potentialAction":[{"@type":"ReadAction","target":["https:\/\/radioleinewelle.de\/index.php\/2025\/05\/07\/appell-an-neue-bundesregierung-293-organisationen-fordern-eine-verantwortungsvolle-migrations-und-asylpolitik\/"]}]},{"@type":"ImageObject","inLanguage":"de","@id":"https:\/\/radioleinewelle.de\/index.php\/2025\/05\/07\/appell-an-neue-bundesregierung-293-organisationen-fordern-eine-verantwortungsvolle-migrations-und-asylpolitik\/#primaryimage","url":"https:\/\/radioleinewelle.de\/wp-content\/uploads\/2025\/05\/life-jackets-3290742_1280.jpg","contentUrl":"https:\/\/radioleinewelle.de\/wp-content\/uploads\/2025\/05\/life-jackets-3290742_1280.jpg","width":1280,"height":921},{"@type":"BreadcrumbList","@id":"https:\/\/radioleinewelle.de\/index.php\/2025\/05\/07\/appell-an-neue-bundesregierung-293-organisationen-fordern-eine-verantwortungsvolle-migrations-und-asylpolitik\/#breadcrumb","itemListElement":[{"@type":"ListItem","position":1,"name":"Startseite","item":"https:\/\/radioleinewelle.de\/"},{"@type":"ListItem","position":2,"name":"Appell an neue Bundesregierung: 293 Organisationen fordern eine verantwortungsvolle Migrations- und Asylpolitik"}]},{"@type":"WebSite","@id":"https:\/\/radioleinewelle.de\/#website","url":"https:\/\/radioleinewelle.de\/","name":"Radio Leinewelle","description":"","publisher":{"@id":"https:\/\/radioleinewelle.de\/#organization"},"potentialAction":[{"@type":"SearchAction","target":{"@type":"EntryPoint","urlTemplate":"https:\/\/radioleinewelle.de\/?s={search_term_string}"},"query-input":{"@type":"PropertyValueSpecification","valueRequired":true,"valueName":"search_term_string"}}],"inLanguage":"de"},{"@type":"Organization","@id":"https:\/\/radioleinewelle.de\/#organization","name":"Radio Leinewelle","alternateName":"Mein Radio f\u00fcr S\u00fcdniedersachsen","url":"https:\/\/radioleinewelle.de\/","logo":{"@type":"ImageObject","inLanguage":"de","@id":"https:\/\/radioleinewelle.de\/#\/schema\/logo\/image\/","url":"https:\/\/radioleinewelle.de\/wp-content\/uploads\/2023\/11\/cropped-Leinewelle_Logo_weiss.png","contentUrl":"https:\/\/radioleinewelle.de\/wp-content\/uploads\/2023\/11\/cropped-Leinewelle_Logo_weiss.png","width":854,"height":260,"caption":"Radio Leinewelle"},"image":{"@id":"https:\/\/radioleinewelle.de\/#\/schema\/logo\/image\/"},"sameAs":["https:\/\/www.facebook.com\/radioleinewelle","https:\/\/x.com\/RLeinewelle","https:\/\/www.instagram.com\/radioleinewelle\/?hl=de"]},{"@type":"Person","@id":"https:\/\/radioleinewelle.de\/#\/schema\/person\/45606f348637df637192dc1b68399a63","name":"Leinewelle","image":{"@type":"ImageObject","inLanguage":"de","@id":"https:\/\/secure.gravatar.com\/avatar\/05c9a17bc973052ee5d91549bd32fb4dd0dc85b7b85ae94b2e2b4943476bbea5?s=96&d=blank&r=g","url":"https:\/\/secure.gravatar.com\/avatar\/05c9a17bc973052ee5d91549bd32fb4dd0dc85b7b85ae94b2e2b4943476bbea5?s=96&d=blank&r=g","contentUrl":"https:\/\/secure.gravatar.com\/avatar\/05c9a17bc973052ee5d91549bd32fb4dd0dc85b7b85ae94b2e2b4943476bbea5?s=96&d=blank&r=g","caption":"Leinewelle"},"sameAs":["http:\/\/localhost\/radio%20leinewelle\/wordpress","https:\/\/www.facebook.com\/radioleinewelle","https:\/\/www.instagram.com\/radioleinewelle","https:\/\/x.com\/https:\/\/twitter.com\/RLeinewelle?ref_src=twsrcgoogletwcampserptwgrauthor","https:\/\/soundcloud.com\/foerderverein-lokalradio?utm_source=clipboard&utm_medium=text&utm_campaign=social_sharing"],"url":"https:\/\/radioleinewelle.de\/index.php\/author\/leinewelle\/"}]}},"_links":{"self":[{"href":"https:\/\/radioleinewelle.de\/index.php\/wp-json\/wp\/v2\/posts\/27977","targetHints":{"allow":["GET"]}}],"collection":[{"href":"https:\/\/radioleinewelle.de\/index.php\/wp-json\/wp\/v2\/posts"}],"about":[{"href":"https:\/\/radioleinewelle.de\/index.php\/wp-json\/wp\/v2\/types\/post"}],"author":[{"embeddable":true,"href":"https:\/\/radioleinewelle.de\/index.php\/wp-json\/wp\/v2\/users\/1"}],"replies":[{"embeddable":true,"href":"https:\/\/radioleinewelle.de\/index.php\/wp-json\/wp\/v2\/comments?post=27977"}],"version-history":[{"count":3,"href":"https:\/\/radioleinewelle.de\/index.php\/wp-json\/wp\/v2\/posts\/27977\/revisions"}],"predecessor-version":[{"id":27982,"href":"https:\/\/radioleinewelle.de\/index.php\/wp-json\/wp\/v2\/posts\/27977\/revisions\/27982"}],"wp:featuredmedia":[{"embeddable":true,"href":"https:\/\/radioleinewelle.de\/index.php\/wp-json\/wp\/v2\/media\/27981"}],"wp:attachment":[{"href":"https:\/\/radioleinewelle.de\/index.php\/wp-json\/wp\/v2\/media?parent=27977"}],"wp:term":[{"taxonomy":"category","embeddable":true,"href":"https:\/\/radioleinewelle.de\/index.php\/wp-json\/wp\/v2\/categories?post=27977"},{"taxonomy":"post_tag","embeddable":true,"href":"https:\/\/radioleinewelle.de\/index.php\/wp-json\/wp\/v2\/tags?post=27977"}],"curies":[{"name":"wp","href":"https:\/\/api.w.org\/{rel}","templated":true}]}}