{"id":2801,"date":"2020-11-07T05:22:19","date_gmt":"2020-11-07T04:22:19","guid":{"rendered":"https:\/\/radioleinewelle.de\/?p=2801"},"modified":"2020-11-07T05:22:19","modified_gmt":"2020-11-07T04:22:19","slug":"land-niedersachsen-praesentiert-sich-als-arbeitgeber-auf-der-online-messe-abi-zukunft-digital","status":"publish","type":"post","link":"https:\/\/radioleinewelle.de\/index.php\/2020\/11\/07\/land-niedersachsen-praesentiert-sich-als-arbeitgeber-auf-der-online-messe-abi-zukunft-digital\/","title":{"rendered":"Land Niedersachsen pr\u00e4sentiert sich als Arbeitgeber auf der Online-Messe \u201eABI Zukunft digital\u201c"},"content":{"rendered":"<p>Seit dem 4. und bis 9. November 2020 pr\u00e4sentiert sich das Land Niedersachsen als Arbeitgeber auf der Online-Messe \u201eABI Zukunft digital\u201c. Seit Ausbruch der Corona-Pandemie im Fr\u00fchjahr gab es keine Ausbildungs- und Jobmessen mehr als Pr\u00e4senz-Veranstaltungen. Viele Messen, die in diesem Jahr stattfinden sollten, wurden abgesagt oder verschoben. Das f\u00fchrt gerade bei angehenden Abiturienten oder jungen Frauen und M\u00e4nner, die ihr Studium bald abschlie\u00dfen werden, zu gro\u00dfen Einschr\u00e4nkung hinsichtlich der Zukunfts-Orientierung. Einige Veranstalter setzen vor diesem Hintergrund allerdings auf alternative Formate wie z.B. Online-Messen, um junge Menschen bei ihrer Suche nach Ausbildungsm\u00f6glichkeiten zu unterst\u00fctzen. Auch das Land Niedersachsen nutzt als Arbeitgeber diese M\u00f6glichkeit und pr\u00e4sentiert sich auf der \u201eABI Zukunft Osnabr\u00fcck\u201c mit einem virtuellen Messestand. Der Nieders\u00e4chsische Minister f\u00fcr Inneres und Sport, Boris Pistorius, sagt dazu: \u201eBesondere Umst\u00e4nde w\u00e4hrend der Corona-Pandemie erfordern auch in der Werbung des Nachwuchses neue Wege. Ich finde es gut und wichtig, dass wir als Land als gr\u00f6\u00dfter Arbeitgeber in Niedersachsen mit einem virtuellen Messestand auf der ABI Zukunft Osnabr\u00fcck vertreten sind und digital um Nachwuchs werben. Die jungen Frauen und M\u00e4nner, die sich jetzt um einen interessanten Job k\u00fcmmern m\u00fcssen, sind \u201adigital natives\u2018. F\u00fcr sie ist es v\u00f6llig normal, sich \u00fcber digitale Kan\u00e4le zu informieren, das merken wir an der gro\u00dfen Resonanz auf unsere digitalen Informationsangebote, das geh\u00f6rt f\u00fcr einen modernen Arbeitgeber wie das Land Niedersachsen im Jahr 2020 schlichtweg dazu.\u201c<\/p>\n<p>Im Rahmen der Messe k\u00f6nnen sich interessierte Besucherinnen und Besucher \u00fcber die vielf\u00e4ltigen M\u00f6glichkeiten an Ausbildungen, dualen Studieng\u00e4ngen oder Stipendienprogrammen &#8211; von der Verwaltungsfachangestellten \u00fcber den Pferdewirt bis zur Polizeivollzugsbeamtin &#8211; informieren. Am Freitag, dem 6. November und Samstag, dem 7. November ist dabei auch ein Chat mit den Mitarbeiterinnen und Mitarbeitern an unserem virtuellen Stand m\u00f6glich. Hier werden die Fragen zu den Ausbildungs-, Studien- und Stipendienangeboten direkt im Chat beantwortet. Den potenziellen Berufseinsteigerinnen und -einsteigern werden so ihre zuk\u00fcnftigen Perspektiven und m\u00f6gliche Karrieren im \u00f6ffentlichen Dienst anschaulich erkl\u00e4rt.<\/p>\n<p>Der Messestand kann bereits seit dem 4. November 2020 besucht werden. Die Registrierung ist kostenlos unter <a href=\"https:\/\/www.abi-zukunft.de\/\">https:\/\/www.abi-zukunft.de\/<\/a> m\u00f6glich.<\/p>\n","protected":false},"excerpt":{"rendered":"<p>Seit dem 4. und bis 9. November 2020 pr\u00e4sentiert sich das Land Niedersachsen als Arbeitgeber auf der Online-Messe \u201eABI Zukunft digital\u201c. Seit Ausbruch der Corona-Pandemie im Fr\u00fchjahr gab es keine Ausbildungs- und Jobmessen mehr als Pr\u00e4senz-Veranstaltungen. Viele Messen, die in diesem Jahr stattfinden sollten, wurden abgesagt oder verschoben. Das f\u00fchrt gerade bei angehenden Abiturienten oder [&hellip;]<\/p>\n","protected":false},"author":1,"featured_media":2809,"comment_status":"closed","ping_status":"closed","sticky":false,"template":"","format":"standard","meta":{"saved_in_kubio":false,"footnotes":""},"categories":[46],"tags":[],"class_list":["post-2801","post","type-post","status-publish","format-standard","has-post-thumbnail","hentry","category-beruf-karriere"],"yoast_head":"<!-- This site is optimized with the Yoast SEO plugin v27.5 - https:\/\/yoast.com\/product\/yoast-seo-wordpress\/ -->\n<title>Land Niedersachsen pr\u00e4sentiert sich als Arbeitgeber auf der Online-Messe \u201eABI Zukunft digital\u201c - Radio Leinewelle<\/title>\n<meta name=\"robots\" content=\"index, follow, max-snippet:-1, max-image-preview:large, max-video-preview:-1\" \/>\n<link rel=\"canonical\" href=\"https:\/\/radioleinewelle.de\/index.php\/2020\/11\/07\/land-niedersachsen-praesentiert-sich-als-arbeitgeber-auf-der-online-messe-abi-zukunft-digital\/\" \/>\n<meta property=\"og:locale\" content=\"de_DE\" \/>\n<meta property=\"og:type\" content=\"article\" \/>\n<meta property=\"og:title\" content=\"Land Niedersachsen pr\u00e4sentiert sich als Arbeitgeber auf der Online-Messe \u201eABI Zukunft digital\u201c - Radio Leinewelle\" \/>\n<meta property=\"og:description\" content=\"Seit dem 4. und bis 9. November 2020 pr\u00e4sentiert sich das Land Niedersachsen als Arbeitgeber auf der Online-Messe \u201eABI Zukunft digital\u201c. Seit Ausbruch der Corona-Pandemie im Fr\u00fchjahr gab es keine Ausbildungs- und Jobmessen mehr als Pr\u00e4senz-Veranstaltungen. Viele Messen, die in diesem Jahr stattfinden sollten, wurden abgesagt oder verschoben. Das f\u00fchrt gerade bei angehenden Abiturienten oder [&hellip;]\" \/>\n<meta property=\"og:url\" content=\"https:\/\/radioleinewelle.de\/index.php\/2020\/11\/07\/land-niedersachsen-praesentiert-sich-als-arbeitgeber-auf-der-online-messe-abi-zukunft-digital\/\" \/>\n<meta property=\"og:site_name\" content=\"Radio Leinewelle\" \/>\n<meta property=\"article:publisher\" content=\"https:\/\/www.facebook.com\/radioleinewelle\" \/>\n<meta property=\"article:author\" content=\"https:\/\/www.facebook.com\/radioleinewelle\" \/>\n<meta property=\"article:published_time\" content=\"2020-11-07T04:22:19+00:00\" \/>\n<meta property=\"og:image\" content=\"https:\/\/radioleinewelle.de\/wp-content\/uploads\/2020\/11\/ipad-820272_640-1.jpg\" \/>\n\t<meta property=\"og:image:width\" content=\"640\" \/>\n\t<meta property=\"og:image:height\" content=\"426\" \/>\n\t<meta property=\"og:image:type\" content=\"image\/jpeg\" \/>\n<meta name=\"author\" content=\"Leinewelle\" \/>\n<meta name=\"twitter:card\" content=\"summary_large_image\" \/>\n<meta name=\"twitter:creator\" content=\"@https:\/\/twitter.com\/RLeinewelle?ref_src=twsrcgoogletwcampserptwgrauthor\" \/>\n<meta name=\"twitter:site\" content=\"@RLeinewelle\" \/>\n<meta name=\"twitter:label1\" content=\"Verfasst von\" \/>\n\t<meta name=\"twitter:data1\" content=\"Leinewelle\" \/>\n\t<meta name=\"twitter:label2\" content=\"Gesch\u00e4tzte Lesezeit\" \/>\n\t<meta name=\"twitter:data2\" content=\"2\u00a0Minuten\" \/>\n<script type=\"application\/ld+json\" class=\"yoast-schema-graph\">{\"@context\":\"https:\\\/\\\/schema.org\",\"@graph\":[{\"@type\":\"Article\",\"@id\":\"https:\\\/\\\/radioleinewelle.de\\\/index.php\\\/2020\\\/11\\\/07\\\/land-niedersachsen-praesentiert-sich-als-arbeitgeber-auf-der-online-messe-abi-zukunft-digital\\\/#article\",\"isPartOf\":{\"@id\":\"https:\\\/\\\/radioleinewelle.de\\\/index.php\\\/2020\\\/11\\\/07\\\/land-niedersachsen-praesentiert-sich-als-arbeitgeber-auf-der-online-messe-abi-zukunft-digital\\\/\"},\"author\":{\"name\":\"Leinewelle\",\"@id\":\"https:\\\/\\\/radioleinewelle.de\\\/#\\\/schema\\\/person\\\/45606f348637df637192dc1b68399a63\"},\"headline\":\"Land Niedersachsen pr\u00e4sentiert sich als Arbeitgeber auf der Online-Messe \u201eABI Zukunft digital\u201c\",\"datePublished\":\"2020-11-07T04:22:19+00:00\",\"mainEntityOfPage\":{\"@id\":\"https:\\\/\\\/radioleinewelle.de\\\/index.php\\\/2020\\\/11\\\/07\\\/land-niedersachsen-praesentiert-sich-als-arbeitgeber-auf-der-online-messe-abi-zukunft-digital\\\/\"},\"wordCount\":379,\"publisher\":{\"@id\":\"https:\\\/\\\/radioleinewelle.de\\\/#organization\"},\"image\":{\"@id\":\"https:\\\/\\\/radioleinewelle.de\\\/index.php\\\/2020\\\/11\\\/07\\\/land-niedersachsen-praesentiert-sich-als-arbeitgeber-auf-der-online-messe-abi-zukunft-digital\\\/#primaryimage\"},\"thumbnailUrl\":\"https:\\\/\\\/radioleinewelle.de\\\/wp-content\\\/uploads\\\/2020\\\/11\\\/ipad-820272_640-1.jpg\",\"articleSection\":[\"Beruf &amp; Karriere\"],\"inLanguage\":\"de\"},{\"@type\":\"WebPage\",\"@id\":\"https:\\\/\\\/radioleinewelle.de\\\/index.php\\\/2020\\\/11\\\/07\\\/land-niedersachsen-praesentiert-sich-als-arbeitgeber-auf-der-online-messe-abi-zukunft-digital\\\/\",\"url\":\"https:\\\/\\\/radioleinewelle.de\\\/index.php\\\/2020\\\/11\\\/07\\\/land-niedersachsen-praesentiert-sich-als-arbeitgeber-auf-der-online-messe-abi-zukunft-digital\\\/\",\"name\":\"Land Niedersachsen pr\u00e4sentiert sich als Arbeitgeber auf der Online-Messe \u201eABI Zukunft digital\u201c - Radio Leinewelle\",\"isPartOf\":{\"@id\":\"https:\\\/\\\/radioleinewelle.de\\\/#website\"},\"primaryImageOfPage\":{\"@id\":\"https:\\\/\\\/radioleinewelle.de\\\/index.php\\\/2020\\\/11\\\/07\\\/land-niedersachsen-praesentiert-sich-als-arbeitgeber-auf-der-online-messe-abi-zukunft-digital\\\/#primaryimage\"},\"image\":{\"@id\":\"https:\\\/\\\/radioleinewelle.de\\\/index.php\\\/2020\\\/11\\\/07\\\/land-niedersachsen-praesentiert-sich-als-arbeitgeber-auf-der-online-messe-abi-zukunft-digital\\\/#primaryimage\"},\"thumbnailUrl\":\"https:\\\/\\\/radioleinewelle.de\\\/wp-content\\\/uploads\\\/2020\\\/11\\\/ipad-820272_640-1.jpg\",\"datePublished\":\"2020-11-07T04:22:19+00:00\",\"breadcrumb\":{\"@id\":\"https:\\\/\\\/radioleinewelle.de\\\/index.php\\\/2020\\\/11\\\/07\\\/land-niedersachsen-praesentiert-sich-als-arbeitgeber-auf-der-online-messe-abi-zukunft-digital\\\/#breadcrumb\"},\"inLanguage\":\"de\",\"potentialAction\":[{\"@type\":\"ReadAction\",\"target\":[\"https:\\\/\\\/radioleinewelle.de\\\/index.php\\\/2020\\\/11\\\/07\\\/land-niedersachsen-praesentiert-sich-als-arbeitgeber-auf-der-online-messe-abi-zukunft-digital\\\/\"]}]},{\"@type\":\"ImageObject\",\"inLanguage\":\"de\",\"@id\":\"https:\\\/\\\/radioleinewelle.de\\\/index.php\\\/2020\\\/11\\\/07\\\/land-niedersachsen-praesentiert-sich-als-arbeitgeber-auf-der-online-messe-abi-zukunft-digital\\\/#primaryimage\",\"url\":\"https:\\\/\\\/radioleinewelle.de\\\/wp-content\\\/uploads\\\/2020\\\/11\\\/ipad-820272_640-1.jpg\",\"contentUrl\":\"https:\\\/\\\/radioleinewelle.de\\\/wp-content\\\/uploads\\\/2020\\\/11\\\/ipad-820272_640-1.jpg\",\"width\":640,\"height\":426},{\"@type\":\"BreadcrumbList\",\"@id\":\"https:\\\/\\\/radioleinewelle.de\\\/index.php\\\/2020\\\/11\\\/07\\\/land-niedersachsen-praesentiert-sich-als-arbeitgeber-auf-der-online-messe-abi-zukunft-digital\\\/#breadcrumb\",\"itemListElement\":[{\"@type\":\"ListItem\",\"position\":1,\"name\":\"Startseite\",\"item\":\"https:\\\/\\\/radioleinewelle.de\\\/\"},{\"@type\":\"ListItem\",\"position\":2,\"name\":\"Land Niedersachsen pr\u00e4sentiert sich als Arbeitgeber auf der Online-Messe \u201eABI Zukunft digital\u201c\"}]},{\"@type\":\"WebSite\",\"@id\":\"https:\\\/\\\/radioleinewelle.de\\\/#website\",\"url\":\"https:\\\/\\\/radioleinewelle.de\\\/\",\"name\":\"Radio Leinewelle\",\"description\":\"\",\"publisher\":{\"@id\":\"https:\\\/\\\/radioleinewelle.de\\\/#organization\"},\"potentialAction\":[{\"@type\":\"SearchAction\",\"target\":{\"@type\":\"EntryPoint\",\"urlTemplate\":\"https:\\\/\\\/radioleinewelle.de\\\/?s={search_term_string}\"},\"query-input\":{\"@type\":\"PropertyValueSpecification\",\"valueRequired\":true,\"valueName\":\"search_term_string\"}}],\"inLanguage\":\"de\"},{\"@type\":\"Organization\",\"@id\":\"https:\\\/\\\/radioleinewelle.de\\\/#organization\",\"name\":\"Radio Leinewelle\",\"alternateName\":\"Mein Radio f\u00fcr S\u00fcdniedersachsen\",\"url\":\"https:\\\/\\\/radioleinewelle.de\\\/\",\"logo\":{\"@type\":\"ImageObject\",\"inLanguage\":\"de\",\"@id\":\"https:\\\/\\\/radioleinewelle.de\\\/#\\\/schema\\\/logo\\\/image\\\/\",\"url\":\"https:\\\/\\\/radioleinewelle.de\\\/wp-content\\\/uploads\\\/2023\\\/11\\\/cropped-Leinewelle_Logo_weiss.png\",\"contentUrl\":\"https:\\\/\\\/radioleinewelle.de\\\/wp-content\\\/uploads\\\/2023\\\/11\\\/cropped-Leinewelle_Logo_weiss.png\",\"width\":854,\"height\":260,\"caption\":\"Radio Leinewelle\"},\"image\":{\"@id\":\"https:\\\/\\\/radioleinewelle.de\\\/#\\\/schema\\\/logo\\\/image\\\/\"},\"sameAs\":[\"https:\\\/\\\/www.facebook.com\\\/radioleinewelle\",\"https:\\\/\\\/x.com\\\/RLeinewelle\",\"https:\\\/\\\/www.instagram.com\\\/radioleinewelle\\\/?hl=de\"]},{\"@type\":\"Person\",\"@id\":\"https:\\\/\\\/radioleinewelle.de\\\/#\\\/schema\\\/person\\\/45606f348637df637192dc1b68399a63\",\"name\":\"Leinewelle\",\"image\":{\"@type\":\"ImageObject\",\"inLanguage\":\"de\",\"@id\":\"https:\\\/\\\/secure.gravatar.com\\\/avatar\\\/05c9a17bc973052ee5d91549bd32fb4dd0dc85b7b85ae94b2e2b4943476bbea5?s=96&d=blank&r=g\",\"url\":\"https:\\\/\\\/secure.gravatar.com\\\/avatar\\\/05c9a17bc973052ee5d91549bd32fb4dd0dc85b7b85ae94b2e2b4943476bbea5?s=96&d=blank&r=g\",\"contentUrl\":\"https:\\\/\\\/secure.gravatar.com\\\/avatar\\\/05c9a17bc973052ee5d91549bd32fb4dd0dc85b7b85ae94b2e2b4943476bbea5?s=96&d=blank&r=g\",\"caption\":\"Leinewelle\"},\"sameAs\":[\"http:\\\/\\\/localhost\\\/radio%20leinewelle\\\/wordpress\",\"https:\\\/\\\/www.facebook.com\\\/radioleinewelle\",\"https:\\\/\\\/www.instagram.com\\\/radioleinewelle\",\"https:\\\/\\\/x.com\\\/https:\\\/\\\/twitter.com\\\/RLeinewelle?ref_src=twsrcgoogletwcampserptwgrauthor\",\"https:\\\/\\\/soundcloud.com\\\/foerderverein-lokalradio?utm_source=clipboard&utm_medium=text&utm_campaign=social_sharing\"],\"url\":\"https:\\\/\\\/radioleinewelle.de\\\/index.php\\\/author\\\/leinewelle\\\/\"}]}<\/script>\n<!-- \/ Yoast SEO plugin. -->","yoast_head_json":{"title":"Land Niedersachsen pr\u00e4sentiert sich als Arbeitgeber auf der Online-Messe \u201eABI Zukunft digital\u201c - Radio Leinewelle","robots":{"index":"index","follow":"follow","max-snippet":"max-snippet:-1","max-image-preview":"max-image-preview:large","max-video-preview":"max-video-preview:-1"},"canonical":"https:\/\/radioleinewelle.de\/index.php\/2020\/11\/07\/land-niedersachsen-praesentiert-sich-als-arbeitgeber-auf-der-online-messe-abi-zukunft-digital\/","og_locale":"de_DE","og_type":"article","og_title":"Land Niedersachsen pr\u00e4sentiert sich als Arbeitgeber auf der Online-Messe \u201eABI Zukunft digital\u201c - Radio Leinewelle","og_description":"Seit dem 4. und bis 9. November 2020 pr\u00e4sentiert sich das Land Niedersachsen als Arbeitgeber auf der Online-Messe \u201eABI Zukunft digital\u201c. Seit Ausbruch der Corona-Pandemie im Fr\u00fchjahr gab es keine Ausbildungs- und Jobmessen mehr als Pr\u00e4senz-Veranstaltungen. Viele Messen, die in diesem Jahr stattfinden sollten, wurden abgesagt oder verschoben. Das f\u00fchrt gerade bei angehenden Abiturienten oder [&hellip;]","og_url":"https:\/\/radioleinewelle.de\/index.php\/2020\/11\/07\/land-niedersachsen-praesentiert-sich-als-arbeitgeber-auf-der-online-messe-abi-zukunft-digital\/","og_site_name":"Radio Leinewelle","article_publisher":"https:\/\/www.facebook.com\/radioleinewelle","article_author":"https:\/\/www.facebook.com\/radioleinewelle","article_published_time":"2020-11-07T04:22:19+00:00","og_image":[{"width":640,"height":426,"url":"https:\/\/radioleinewelle.de\/wp-content\/uploads\/2020\/11\/ipad-820272_640-1.jpg","type":"image\/jpeg"}],"author":"Leinewelle","twitter_card":"summary_large_image","twitter_creator":"@https:\/\/twitter.com\/RLeinewelle?ref_src=twsrcgoogletwcampserptwgrauthor","twitter_site":"@RLeinewelle","twitter_misc":{"Verfasst von":"Leinewelle","Gesch\u00e4tzte Lesezeit":"2\u00a0Minuten"},"schema":{"@context":"https:\/\/schema.org","@graph":[{"@type":"Article","@id":"https:\/\/radioleinewelle.de\/index.php\/2020\/11\/07\/land-niedersachsen-praesentiert-sich-als-arbeitgeber-auf-der-online-messe-abi-zukunft-digital\/#article","isPartOf":{"@id":"https:\/\/radioleinewelle.de\/index.php\/2020\/11\/07\/land-niedersachsen-praesentiert-sich-als-arbeitgeber-auf-der-online-messe-abi-zukunft-digital\/"},"author":{"name":"Leinewelle","@id":"https:\/\/radioleinewelle.de\/#\/schema\/person\/45606f348637df637192dc1b68399a63"},"headline":"Land Niedersachsen pr\u00e4sentiert sich als Arbeitgeber auf der Online-Messe \u201eABI Zukunft digital\u201c","datePublished":"2020-11-07T04:22:19+00:00","mainEntityOfPage":{"@id":"https:\/\/radioleinewelle.de\/index.php\/2020\/11\/07\/land-niedersachsen-praesentiert-sich-als-arbeitgeber-auf-der-online-messe-abi-zukunft-digital\/"},"wordCount":379,"publisher":{"@id":"https:\/\/radioleinewelle.de\/#organization"},"image":{"@id":"https:\/\/radioleinewelle.de\/index.php\/2020\/11\/07\/land-niedersachsen-praesentiert-sich-als-arbeitgeber-auf-der-online-messe-abi-zukunft-digital\/#primaryimage"},"thumbnailUrl":"https:\/\/radioleinewelle.de\/wp-content\/uploads\/2020\/11\/ipad-820272_640-1.jpg","articleSection":["Beruf &amp; Karriere"],"inLanguage":"de"},{"@type":"WebPage","@id":"https:\/\/radioleinewelle.de\/index.php\/2020\/11\/07\/land-niedersachsen-praesentiert-sich-als-arbeitgeber-auf-der-online-messe-abi-zukunft-digital\/","url":"https:\/\/radioleinewelle.de\/index.php\/2020\/11\/07\/land-niedersachsen-praesentiert-sich-als-arbeitgeber-auf-der-online-messe-abi-zukunft-digital\/","name":"Land Niedersachsen pr\u00e4sentiert sich als Arbeitgeber auf der Online-Messe \u201eABI Zukunft digital\u201c - Radio Leinewelle","isPartOf":{"@id":"https:\/\/radioleinewelle.de\/#website"},"primaryImageOfPage":{"@id":"https:\/\/radioleinewelle.de\/index.php\/2020\/11\/07\/land-niedersachsen-praesentiert-sich-als-arbeitgeber-auf-der-online-messe-abi-zukunft-digital\/#primaryimage"},"image":{"@id":"https:\/\/radioleinewelle.de\/index.php\/2020\/11\/07\/land-niedersachsen-praesentiert-sich-als-arbeitgeber-auf-der-online-messe-abi-zukunft-digital\/#primaryimage"},"thumbnailUrl":"https:\/\/radioleinewelle.de\/wp-content\/uploads\/2020\/11\/ipad-820272_640-1.jpg","datePublished":"2020-11-07T04:22:19+00:00","breadcrumb":{"@id":"https:\/\/radioleinewelle.de\/index.php\/2020\/11\/07\/land-niedersachsen-praesentiert-sich-als-arbeitgeber-auf-der-online-messe-abi-zukunft-digital\/#breadcrumb"},"inLanguage":"de","potentialAction":[{"@type":"ReadAction","target":["https:\/\/radioleinewelle.de\/index.php\/2020\/11\/07\/land-niedersachsen-praesentiert-sich-als-arbeitgeber-auf-der-online-messe-abi-zukunft-digital\/"]}]},{"@type":"ImageObject","inLanguage":"de","@id":"https:\/\/radioleinewelle.de\/index.php\/2020\/11\/07\/land-niedersachsen-praesentiert-sich-als-arbeitgeber-auf-der-online-messe-abi-zukunft-digital\/#primaryimage","url":"https:\/\/radioleinewelle.de\/wp-content\/uploads\/2020\/11\/ipad-820272_640-1.jpg","contentUrl":"https:\/\/radioleinewelle.de\/wp-content\/uploads\/2020\/11\/ipad-820272_640-1.jpg","width":640,"height":426},{"@type":"BreadcrumbList","@id":"https:\/\/radioleinewelle.de\/index.php\/2020\/11\/07\/land-niedersachsen-praesentiert-sich-als-arbeitgeber-auf-der-online-messe-abi-zukunft-digital\/#breadcrumb","itemListElement":[{"@type":"ListItem","position":1,"name":"Startseite","item":"https:\/\/radioleinewelle.de\/"},{"@type":"ListItem","position":2,"name":"Land Niedersachsen pr\u00e4sentiert sich als Arbeitgeber auf der Online-Messe \u201eABI Zukunft digital\u201c"}]},{"@type":"WebSite","@id":"https:\/\/radioleinewelle.de\/#website","url":"https:\/\/radioleinewelle.de\/","name":"Radio Leinewelle","description":"","publisher":{"@id":"https:\/\/radioleinewelle.de\/#organization"},"potentialAction":[{"@type":"SearchAction","target":{"@type":"EntryPoint","urlTemplate":"https:\/\/radioleinewelle.de\/?s={search_term_string}"},"query-input":{"@type":"PropertyValueSpecification","valueRequired":true,"valueName":"search_term_string"}}],"inLanguage":"de"},{"@type":"Organization","@id":"https:\/\/radioleinewelle.de\/#organization","name":"Radio Leinewelle","alternateName":"Mein Radio f\u00fcr S\u00fcdniedersachsen","url":"https:\/\/radioleinewelle.de\/","logo":{"@type":"ImageObject","inLanguage":"de","@id":"https:\/\/radioleinewelle.de\/#\/schema\/logo\/image\/","url":"https:\/\/radioleinewelle.de\/wp-content\/uploads\/2023\/11\/cropped-Leinewelle_Logo_weiss.png","contentUrl":"https:\/\/radioleinewelle.de\/wp-content\/uploads\/2023\/11\/cropped-Leinewelle_Logo_weiss.png","width":854,"height":260,"caption":"Radio Leinewelle"},"image":{"@id":"https:\/\/radioleinewelle.de\/#\/schema\/logo\/image\/"},"sameAs":["https:\/\/www.facebook.com\/radioleinewelle","https:\/\/x.com\/RLeinewelle","https:\/\/www.instagram.com\/radioleinewelle\/?hl=de"]},{"@type":"Person","@id":"https:\/\/radioleinewelle.de\/#\/schema\/person\/45606f348637df637192dc1b68399a63","name":"Leinewelle","image":{"@type":"ImageObject","inLanguage":"de","@id":"https:\/\/secure.gravatar.com\/avatar\/05c9a17bc973052ee5d91549bd32fb4dd0dc85b7b85ae94b2e2b4943476bbea5?s=96&d=blank&r=g","url":"https:\/\/secure.gravatar.com\/avatar\/05c9a17bc973052ee5d91549bd32fb4dd0dc85b7b85ae94b2e2b4943476bbea5?s=96&d=blank&r=g","contentUrl":"https:\/\/secure.gravatar.com\/avatar\/05c9a17bc973052ee5d91549bd32fb4dd0dc85b7b85ae94b2e2b4943476bbea5?s=96&d=blank&r=g","caption":"Leinewelle"},"sameAs":["http:\/\/localhost\/radio%20leinewelle\/wordpress","https:\/\/www.facebook.com\/radioleinewelle","https:\/\/www.instagram.com\/radioleinewelle","https:\/\/x.com\/https:\/\/twitter.com\/RLeinewelle?ref_src=twsrcgoogletwcampserptwgrauthor","https:\/\/soundcloud.com\/foerderverein-lokalradio?utm_source=clipboard&utm_medium=text&utm_campaign=social_sharing"],"url":"https:\/\/radioleinewelle.de\/index.php\/author\/leinewelle\/"}]}},"_links":{"self":[{"href":"https:\/\/radioleinewelle.de\/index.php\/wp-json\/wp\/v2\/posts\/2801","targetHints":{"allow":["GET"]}}],"collection":[{"href":"https:\/\/radioleinewelle.de\/index.php\/wp-json\/wp\/v2\/posts"}],"about":[{"href":"https:\/\/radioleinewelle.de\/index.php\/wp-json\/wp\/v2\/types\/post"}],"author":[{"embeddable":true,"href":"https:\/\/radioleinewelle.de\/index.php\/wp-json\/wp\/v2\/users\/1"}],"replies":[{"embeddable":true,"href":"https:\/\/radioleinewelle.de\/index.php\/wp-json\/wp\/v2\/comments?post=2801"}],"version-history":[{"count":0,"href":"https:\/\/radioleinewelle.de\/index.php\/wp-json\/wp\/v2\/posts\/2801\/revisions"}],"wp:featuredmedia":[{"embeddable":true,"href":"https:\/\/radioleinewelle.de\/index.php\/wp-json\/wp\/v2\/media\/2809"}],"wp:attachment":[{"href":"https:\/\/radioleinewelle.de\/index.php\/wp-json\/wp\/v2\/media?parent=2801"}],"wp:term":[{"taxonomy":"category","embeddable":true,"href":"https:\/\/radioleinewelle.de\/index.php\/wp-json\/wp\/v2\/categories?post=2801"},{"taxonomy":"post_tag","embeddable":true,"href":"https:\/\/radioleinewelle.de\/index.php\/wp-json\/wp\/v2\/tags?post=2801"}],"curies":[{"name":"wp","href":"https:\/\/api.w.org\/{rel}","templated":true}]}}