{"id":2802,"date":"2020-11-07T05:40:14","date_gmt":"2020-11-07T04:40:14","guid":{"rendered":"https:\/\/radioleinewelle.de\/?p=2802"},"modified":"2020-11-07T05:40:14","modified_gmt":"2020-11-07T04:40:14","slug":"landtagskommission-fordert-sichere-unterbringung-auch-fuer-gefluechtete-und-obdachlose","status":"publish","type":"post","link":"https:\/\/radioleinewelle.de\/index.php\/2020\/11\/07\/landtagskommission-fordert-sichere-unterbringung-auch-fuer-gefluechtete-und-obdachlose\/","title":{"rendered":"Landtagskommission fordert sichere Unterbringung auch f\u00fcr Gefl\u00fcchtete und Obdachlose"},"content":{"rendered":"<p>Auf Initiative des Fl\u00fcchtlingsrats Niedersachsen hat die <a href=\"https:\/\/www.landtag-niedersachsen.de\/plenum-ausschuesse-gremien\/kommissionen\/kommission-zu-fragen-der-migration-und-teilhabe\/\" target=\"_blank\" rel=\"external noopener noreferrer\" data-wpel-link=\"external\">Kommission zu Fragen der Migration und Teilhabe beim nieders\u00e4chsichen Landtag<\/a> am 03. November 2020 die <a href=\"https:\/\/www.nds-fluerat.org\/wp-content\/uploads\/2020\/11\/20201104210233.pdf\" data-wpel-link=\"internal\">Resolution \u201eGefl\u00fcchtete, Werkvertragsarbeitnehmer_innen und Obdachlose sicher unterbringen\u201c<\/a> beschlossen. Die Kommission fordert die Landesregierung in Anbetracht der Corona-Pandemie auf, geeignete Schutzma\u00dfnahmen f\u00fcr Gefl\u00fcchtete, Werksvertragsarbeitnehmer_innen und Obdachlose in Gemeinschaftsunterk\u00fcnften zu ergreifen.<\/p>\n<p>Die Forderungen im \u00dcberblick<\/p>\n<ol>\n<li>\u201eSocial distancing\u201c und Hygienestandards m\u00fcssen f\u00fcr alle umsetzbar sein<\/li>\n<li>Die Belegungsdichte in Gemeinschaftsunterk\u00fcnften soll reduziert werden<\/li>\n<li>Zur Entzerrung der Unterbringung sollten erg\u00e4nzend (Ferien)Wohnungen sowie Jugend- und Freizeitheime und sonstige geeignete Geb\u00e4ude angemietet werden<\/li>\n<li>Risikogruppenangeh\u00f6rige und Vulnerable sollten vorrangig und unverz\u00fcglich umverteilt werden<\/li>\n<li>Bewohner_innen von Gemeinschaftsunterk\u00fcnften haben ein Anrecht auf Information<\/li>\n<li>Quarant\u00e4ne muss auf unvermeidliche F\u00e4lle beschr\u00e4nkt werden<\/li>\n<\/ol>\n<p>Dazu Muzaffer \u00d6zt\u00fcrkyilmaz, Referent des Fl\u00fcchtlingsrats Niedersachsen:\u00a0<em>\u201eDie Landesregierung und die Kommunen m\u00fcssen aufh\u00f6ren, die Gesundheit der Bewohnenden von Gemeinschaftsunterk\u00fcnften leichtfertig aufs Spiel zu setzen und ihnen endlich <\/em><em>den gleichen Schutz vor dem Corona-Virus zuteil werden lassen, der auch f\u00fcr die \u00fcbrige Bev\u00f6lkerung gilt. Auch d\u00fcrfen sich pauschale Quarant\u00e4neanordnungen nicht wiederholen, denn diese versto\u00dfen gegen die Vorgaben des RKI und geltendes Recht. Zudem werden sie von den Betroffenen als Bestrafung f\u00fcr das Leben in einer Gemeinschaftsunterkunft und als Internierung wahrgenommen.\u201c<\/em><\/p>\n<p>Mehr auf den Seiten des <a href=\"https:\/\/www.nds-fluerat.org\/46920\/aktuelles\/landtagskommission-fordert-sichere-unterbringung-auch-fuer-gefluechtete-und-obdachlose\/\">Fl\u00fcchtlingsrats Niedersachsen<\/a><\/p>\n","protected":false},"excerpt":{"rendered":"<p>Auf Initiative des Fl\u00fcchtlingsrats Niedersachsen hat die Kommission zu Fragen der Migration und Teilhabe beim nieders\u00e4chsichen Landtag am 03. November 2020 die Resolution \u201eGefl\u00fcchtete, Werkvertragsarbeitnehmer_innen und Obdachlose sicher unterbringen\u201c beschlossen. Die Kommission fordert die Landesregierung in Anbetracht der Corona-Pandemie auf, geeignete Schutzma\u00dfnahmen f\u00fcr Gefl\u00fcchtete, Werksvertragsarbeitnehmer_innen und Obdachlose in Gemeinschaftsunterk\u00fcnften zu ergreifen. Die Forderungen im \u00dcberblick [&hellip;]<\/p>\n","protected":false},"author":1,"featured_media":2805,"comment_status":"closed","ping_status":"closed","sticky":false,"template":"","format":"standard","meta":{"saved_in_kubio":false,"footnotes":""},"categories":[43],"tags":[],"class_list":["post-2802","post","type-post","status-publish","format-standard","has-post-thumbnail","hentry","category-migration"],"yoast_head":"<!-- This site is optimized with the Yoast SEO plugin v27.5 - https:\/\/yoast.com\/product\/yoast-seo-wordpress\/ -->\n<title>Landtagskommission fordert sichere Unterbringung auch f\u00fcr Gefl\u00fcchtete und Obdachlose - Radio Leinewelle<\/title>\n<meta name=\"robots\" content=\"index, follow, max-snippet:-1, max-image-preview:large, max-video-preview:-1\" \/>\n<link rel=\"canonical\" href=\"https:\/\/radioleinewelle.de\/index.php\/2020\/11\/07\/landtagskommission-fordert-sichere-unterbringung-auch-fuer-gefluechtete-und-obdachlose\/\" \/>\n<meta property=\"og:locale\" content=\"de_DE\" \/>\n<meta property=\"og:type\" content=\"article\" \/>\n<meta property=\"og:title\" content=\"Landtagskommission fordert sichere Unterbringung auch f\u00fcr Gefl\u00fcchtete und Obdachlose - Radio Leinewelle\" \/>\n<meta property=\"og:description\" content=\"Auf Initiative des Fl\u00fcchtlingsrats Niedersachsen hat die Kommission zu Fragen der Migration und Teilhabe beim nieders\u00e4chsichen Landtag am 03. November 2020 die Resolution \u201eGefl\u00fcchtete, Werkvertragsarbeitnehmer_innen und Obdachlose sicher unterbringen\u201c beschlossen. Die Kommission fordert die Landesregierung in Anbetracht der Corona-Pandemie auf, geeignete Schutzma\u00dfnahmen f\u00fcr Gefl\u00fcchtete, Werksvertragsarbeitnehmer_innen und Obdachlose in Gemeinschaftsunterk\u00fcnften zu ergreifen. Die Forderungen im \u00dcberblick [&hellip;]\" \/>\n<meta property=\"og:url\" content=\"https:\/\/radioleinewelle.de\/index.php\/2020\/11\/07\/landtagskommission-fordert-sichere-unterbringung-auch-fuer-gefluechtete-und-obdachlose\/\" \/>\n<meta property=\"og:site_name\" content=\"Radio Leinewelle\" \/>\n<meta property=\"article:publisher\" content=\"https:\/\/www.facebook.com\/radioleinewelle\" \/>\n<meta property=\"article:author\" content=\"https:\/\/www.facebook.com\/radioleinewelle\" \/>\n<meta property=\"article:published_time\" content=\"2020-11-07T04:40:14+00:00\" \/>\n<meta property=\"og:image\" content=\"https:\/\/radioleinewelle.de\/wp-content\/uploads\/2020\/11\/migration-3129387_640.jpg\" \/>\n\t<meta property=\"og:image:width\" content=\"640\" \/>\n\t<meta property=\"og:image:height\" content=\"457\" \/>\n\t<meta property=\"og:image:type\" content=\"image\/jpeg\" \/>\n<meta name=\"author\" content=\"Leinewelle\" \/>\n<meta name=\"twitter:card\" content=\"summary_large_image\" \/>\n<meta name=\"twitter:creator\" content=\"@https:\/\/twitter.com\/RLeinewelle?ref_src=twsrcgoogletwcampserptwgrauthor\" \/>\n<meta name=\"twitter:site\" content=\"@RLeinewelle\" \/>\n<meta name=\"twitter:label1\" content=\"Verfasst von\" \/>\n\t<meta name=\"twitter:data1\" content=\"Leinewelle\" \/>\n\t<meta name=\"twitter:label2\" content=\"Gesch\u00e4tzte Lesezeit\" \/>\n\t<meta name=\"twitter:data2\" content=\"1\u00a0Minute\" \/>\n<script type=\"application\/ld+json\" class=\"yoast-schema-graph\">{\"@context\":\"https:\\\/\\\/schema.org\",\"@graph\":[{\"@type\":\"Article\",\"@id\":\"https:\\\/\\\/radioleinewelle.de\\\/index.php\\\/2020\\\/11\\\/07\\\/landtagskommission-fordert-sichere-unterbringung-auch-fuer-gefluechtete-und-obdachlose\\\/#article\",\"isPartOf\":{\"@id\":\"https:\\\/\\\/radioleinewelle.de\\\/index.php\\\/2020\\\/11\\\/07\\\/landtagskommission-fordert-sichere-unterbringung-auch-fuer-gefluechtete-und-obdachlose\\\/\"},\"author\":{\"name\":\"Leinewelle\",\"@id\":\"https:\\\/\\\/radioleinewelle.de\\\/#\\\/schema\\\/person\\\/45606f348637df637192dc1b68399a63\"},\"headline\":\"Landtagskommission fordert sichere Unterbringung auch f\u00fcr Gefl\u00fcchtete und Obdachlose\",\"datePublished\":\"2020-11-07T04:40:14+00:00\",\"mainEntityOfPage\":{\"@id\":\"https:\\\/\\\/radioleinewelle.de\\\/index.php\\\/2020\\\/11\\\/07\\\/landtagskommission-fordert-sichere-unterbringung-auch-fuer-gefluechtete-und-obdachlose\\\/\"},\"wordCount\":242,\"publisher\":{\"@id\":\"https:\\\/\\\/radioleinewelle.de\\\/#organization\"},\"image\":{\"@id\":\"https:\\\/\\\/radioleinewelle.de\\\/index.php\\\/2020\\\/11\\\/07\\\/landtagskommission-fordert-sichere-unterbringung-auch-fuer-gefluechtete-und-obdachlose\\\/#primaryimage\"},\"thumbnailUrl\":\"https:\\\/\\\/radioleinewelle.de\\\/wp-content\\\/uploads\\\/2020\\\/11\\\/migration-3129387_640.jpg\",\"articleSection\":[\"Migration\"],\"inLanguage\":\"de\"},{\"@type\":\"WebPage\",\"@id\":\"https:\\\/\\\/radioleinewelle.de\\\/index.php\\\/2020\\\/11\\\/07\\\/landtagskommission-fordert-sichere-unterbringung-auch-fuer-gefluechtete-und-obdachlose\\\/\",\"url\":\"https:\\\/\\\/radioleinewelle.de\\\/index.php\\\/2020\\\/11\\\/07\\\/landtagskommission-fordert-sichere-unterbringung-auch-fuer-gefluechtete-und-obdachlose\\\/\",\"name\":\"Landtagskommission fordert sichere Unterbringung auch f\u00fcr Gefl\u00fcchtete und Obdachlose - Radio Leinewelle\",\"isPartOf\":{\"@id\":\"https:\\\/\\\/radioleinewelle.de\\\/#website\"},\"primaryImageOfPage\":{\"@id\":\"https:\\\/\\\/radioleinewelle.de\\\/index.php\\\/2020\\\/11\\\/07\\\/landtagskommission-fordert-sichere-unterbringung-auch-fuer-gefluechtete-und-obdachlose\\\/#primaryimage\"},\"image\":{\"@id\":\"https:\\\/\\\/radioleinewelle.de\\\/index.php\\\/2020\\\/11\\\/07\\\/landtagskommission-fordert-sichere-unterbringung-auch-fuer-gefluechtete-und-obdachlose\\\/#primaryimage\"},\"thumbnailUrl\":\"https:\\\/\\\/radioleinewelle.de\\\/wp-content\\\/uploads\\\/2020\\\/11\\\/migration-3129387_640.jpg\",\"datePublished\":\"2020-11-07T04:40:14+00:00\",\"breadcrumb\":{\"@id\":\"https:\\\/\\\/radioleinewelle.de\\\/index.php\\\/2020\\\/11\\\/07\\\/landtagskommission-fordert-sichere-unterbringung-auch-fuer-gefluechtete-und-obdachlose\\\/#breadcrumb\"},\"inLanguage\":\"de\",\"potentialAction\":[{\"@type\":\"ReadAction\",\"target\":[\"https:\\\/\\\/radioleinewelle.de\\\/index.php\\\/2020\\\/11\\\/07\\\/landtagskommission-fordert-sichere-unterbringung-auch-fuer-gefluechtete-und-obdachlose\\\/\"]}]},{\"@type\":\"ImageObject\",\"inLanguage\":\"de\",\"@id\":\"https:\\\/\\\/radioleinewelle.de\\\/index.php\\\/2020\\\/11\\\/07\\\/landtagskommission-fordert-sichere-unterbringung-auch-fuer-gefluechtete-und-obdachlose\\\/#primaryimage\",\"url\":\"https:\\\/\\\/radioleinewelle.de\\\/wp-content\\\/uploads\\\/2020\\\/11\\\/migration-3129387_640.jpg\",\"contentUrl\":\"https:\\\/\\\/radioleinewelle.de\\\/wp-content\\\/uploads\\\/2020\\\/11\\\/migration-3129387_640.jpg\",\"width\":640,\"height\":457},{\"@type\":\"BreadcrumbList\",\"@id\":\"https:\\\/\\\/radioleinewelle.de\\\/index.php\\\/2020\\\/11\\\/07\\\/landtagskommission-fordert-sichere-unterbringung-auch-fuer-gefluechtete-und-obdachlose\\\/#breadcrumb\",\"itemListElement\":[{\"@type\":\"ListItem\",\"position\":1,\"name\":\"Startseite\",\"item\":\"https:\\\/\\\/radioleinewelle.de\\\/\"},{\"@type\":\"ListItem\",\"position\":2,\"name\":\"Landtagskommission fordert sichere Unterbringung auch f\u00fcr Gefl\u00fcchtete und Obdachlose\"}]},{\"@type\":\"WebSite\",\"@id\":\"https:\\\/\\\/radioleinewelle.de\\\/#website\",\"url\":\"https:\\\/\\\/radioleinewelle.de\\\/\",\"name\":\"Radio Leinewelle\",\"description\":\"\",\"publisher\":{\"@id\":\"https:\\\/\\\/radioleinewelle.de\\\/#organization\"},\"potentialAction\":[{\"@type\":\"SearchAction\",\"target\":{\"@type\":\"EntryPoint\",\"urlTemplate\":\"https:\\\/\\\/radioleinewelle.de\\\/?s={search_term_string}\"},\"query-input\":{\"@type\":\"PropertyValueSpecification\",\"valueRequired\":true,\"valueName\":\"search_term_string\"}}],\"inLanguage\":\"de\"},{\"@type\":\"Organization\",\"@id\":\"https:\\\/\\\/radioleinewelle.de\\\/#organization\",\"name\":\"Radio Leinewelle\",\"alternateName\":\"Mein Radio f\u00fcr S\u00fcdniedersachsen\",\"url\":\"https:\\\/\\\/radioleinewelle.de\\\/\",\"logo\":{\"@type\":\"ImageObject\",\"inLanguage\":\"de\",\"@id\":\"https:\\\/\\\/radioleinewelle.de\\\/#\\\/schema\\\/logo\\\/image\\\/\",\"url\":\"https:\\\/\\\/radioleinewelle.de\\\/wp-content\\\/uploads\\\/2023\\\/11\\\/cropped-Leinewelle_Logo_weiss.png\",\"contentUrl\":\"https:\\\/\\\/radioleinewelle.de\\\/wp-content\\\/uploads\\\/2023\\\/11\\\/cropped-Leinewelle_Logo_weiss.png\",\"width\":854,\"height\":260,\"caption\":\"Radio Leinewelle\"},\"image\":{\"@id\":\"https:\\\/\\\/radioleinewelle.de\\\/#\\\/schema\\\/logo\\\/image\\\/\"},\"sameAs\":[\"https:\\\/\\\/www.facebook.com\\\/radioleinewelle\",\"https:\\\/\\\/x.com\\\/RLeinewelle\",\"https:\\\/\\\/www.instagram.com\\\/radioleinewelle\\\/?hl=de\"]},{\"@type\":\"Person\",\"@id\":\"https:\\\/\\\/radioleinewelle.de\\\/#\\\/schema\\\/person\\\/45606f348637df637192dc1b68399a63\",\"name\":\"Leinewelle\",\"image\":{\"@type\":\"ImageObject\",\"inLanguage\":\"de\",\"@id\":\"https:\\\/\\\/secure.gravatar.com\\\/avatar\\\/05c9a17bc973052ee5d91549bd32fb4dd0dc85b7b85ae94b2e2b4943476bbea5?s=96&d=blank&r=g\",\"url\":\"https:\\\/\\\/secure.gravatar.com\\\/avatar\\\/05c9a17bc973052ee5d91549bd32fb4dd0dc85b7b85ae94b2e2b4943476bbea5?s=96&d=blank&r=g\",\"contentUrl\":\"https:\\\/\\\/secure.gravatar.com\\\/avatar\\\/05c9a17bc973052ee5d91549bd32fb4dd0dc85b7b85ae94b2e2b4943476bbea5?s=96&d=blank&r=g\",\"caption\":\"Leinewelle\"},\"sameAs\":[\"http:\\\/\\\/localhost\\\/radio%20leinewelle\\\/wordpress\",\"https:\\\/\\\/www.facebook.com\\\/radioleinewelle\",\"https:\\\/\\\/www.instagram.com\\\/radioleinewelle\",\"https:\\\/\\\/x.com\\\/https:\\\/\\\/twitter.com\\\/RLeinewelle?ref_src=twsrcgoogletwcampserptwgrauthor\",\"https:\\\/\\\/soundcloud.com\\\/foerderverein-lokalradio?utm_source=clipboard&utm_medium=text&utm_campaign=social_sharing\"],\"url\":\"https:\\\/\\\/radioleinewelle.de\\\/index.php\\\/author\\\/leinewelle\\\/\"}]}<\/script>\n<!-- \/ Yoast SEO plugin. -->","yoast_head_json":{"title":"Landtagskommission fordert sichere Unterbringung auch f\u00fcr Gefl\u00fcchtete und Obdachlose - Radio Leinewelle","robots":{"index":"index","follow":"follow","max-snippet":"max-snippet:-1","max-image-preview":"max-image-preview:large","max-video-preview":"max-video-preview:-1"},"canonical":"https:\/\/radioleinewelle.de\/index.php\/2020\/11\/07\/landtagskommission-fordert-sichere-unterbringung-auch-fuer-gefluechtete-und-obdachlose\/","og_locale":"de_DE","og_type":"article","og_title":"Landtagskommission fordert sichere Unterbringung auch f\u00fcr Gefl\u00fcchtete und Obdachlose - Radio Leinewelle","og_description":"Auf Initiative des Fl\u00fcchtlingsrats Niedersachsen hat die Kommission zu Fragen der Migration und Teilhabe beim nieders\u00e4chsichen Landtag am 03. November 2020 die Resolution \u201eGefl\u00fcchtete, Werkvertragsarbeitnehmer_innen und Obdachlose sicher unterbringen\u201c beschlossen. Die Kommission fordert die Landesregierung in Anbetracht der Corona-Pandemie auf, geeignete Schutzma\u00dfnahmen f\u00fcr Gefl\u00fcchtete, Werksvertragsarbeitnehmer_innen und Obdachlose in Gemeinschaftsunterk\u00fcnften zu ergreifen. Die Forderungen im \u00dcberblick [&hellip;]","og_url":"https:\/\/radioleinewelle.de\/index.php\/2020\/11\/07\/landtagskommission-fordert-sichere-unterbringung-auch-fuer-gefluechtete-und-obdachlose\/","og_site_name":"Radio Leinewelle","article_publisher":"https:\/\/www.facebook.com\/radioleinewelle","article_author":"https:\/\/www.facebook.com\/radioleinewelle","article_published_time":"2020-11-07T04:40:14+00:00","og_image":[{"width":640,"height":457,"url":"https:\/\/radioleinewelle.de\/wp-content\/uploads\/2020\/11\/migration-3129387_640.jpg","type":"image\/jpeg"}],"author":"Leinewelle","twitter_card":"summary_large_image","twitter_creator":"@https:\/\/twitter.com\/RLeinewelle?ref_src=twsrcgoogletwcampserptwgrauthor","twitter_site":"@RLeinewelle","twitter_misc":{"Verfasst von":"Leinewelle","Gesch\u00e4tzte Lesezeit":"1\u00a0Minute"},"schema":{"@context":"https:\/\/schema.org","@graph":[{"@type":"Article","@id":"https:\/\/radioleinewelle.de\/index.php\/2020\/11\/07\/landtagskommission-fordert-sichere-unterbringung-auch-fuer-gefluechtete-und-obdachlose\/#article","isPartOf":{"@id":"https:\/\/radioleinewelle.de\/index.php\/2020\/11\/07\/landtagskommission-fordert-sichere-unterbringung-auch-fuer-gefluechtete-und-obdachlose\/"},"author":{"name":"Leinewelle","@id":"https:\/\/radioleinewelle.de\/#\/schema\/person\/45606f348637df637192dc1b68399a63"},"headline":"Landtagskommission fordert sichere Unterbringung auch f\u00fcr Gefl\u00fcchtete und Obdachlose","datePublished":"2020-11-07T04:40:14+00:00","mainEntityOfPage":{"@id":"https:\/\/radioleinewelle.de\/index.php\/2020\/11\/07\/landtagskommission-fordert-sichere-unterbringung-auch-fuer-gefluechtete-und-obdachlose\/"},"wordCount":242,"publisher":{"@id":"https:\/\/radioleinewelle.de\/#organization"},"image":{"@id":"https:\/\/radioleinewelle.de\/index.php\/2020\/11\/07\/landtagskommission-fordert-sichere-unterbringung-auch-fuer-gefluechtete-und-obdachlose\/#primaryimage"},"thumbnailUrl":"https:\/\/radioleinewelle.de\/wp-content\/uploads\/2020\/11\/migration-3129387_640.jpg","articleSection":["Migration"],"inLanguage":"de"},{"@type":"WebPage","@id":"https:\/\/radioleinewelle.de\/index.php\/2020\/11\/07\/landtagskommission-fordert-sichere-unterbringung-auch-fuer-gefluechtete-und-obdachlose\/","url":"https:\/\/radioleinewelle.de\/index.php\/2020\/11\/07\/landtagskommission-fordert-sichere-unterbringung-auch-fuer-gefluechtete-und-obdachlose\/","name":"Landtagskommission fordert sichere Unterbringung auch f\u00fcr Gefl\u00fcchtete und Obdachlose - Radio Leinewelle","isPartOf":{"@id":"https:\/\/radioleinewelle.de\/#website"},"primaryImageOfPage":{"@id":"https:\/\/radioleinewelle.de\/index.php\/2020\/11\/07\/landtagskommission-fordert-sichere-unterbringung-auch-fuer-gefluechtete-und-obdachlose\/#primaryimage"},"image":{"@id":"https:\/\/radioleinewelle.de\/index.php\/2020\/11\/07\/landtagskommission-fordert-sichere-unterbringung-auch-fuer-gefluechtete-und-obdachlose\/#primaryimage"},"thumbnailUrl":"https:\/\/radioleinewelle.de\/wp-content\/uploads\/2020\/11\/migration-3129387_640.jpg","datePublished":"2020-11-07T04:40:14+00:00","breadcrumb":{"@id":"https:\/\/radioleinewelle.de\/index.php\/2020\/11\/07\/landtagskommission-fordert-sichere-unterbringung-auch-fuer-gefluechtete-und-obdachlose\/#breadcrumb"},"inLanguage":"de","potentialAction":[{"@type":"ReadAction","target":["https:\/\/radioleinewelle.de\/index.php\/2020\/11\/07\/landtagskommission-fordert-sichere-unterbringung-auch-fuer-gefluechtete-und-obdachlose\/"]}]},{"@type":"ImageObject","inLanguage":"de","@id":"https:\/\/radioleinewelle.de\/index.php\/2020\/11\/07\/landtagskommission-fordert-sichere-unterbringung-auch-fuer-gefluechtete-und-obdachlose\/#primaryimage","url":"https:\/\/radioleinewelle.de\/wp-content\/uploads\/2020\/11\/migration-3129387_640.jpg","contentUrl":"https:\/\/radioleinewelle.de\/wp-content\/uploads\/2020\/11\/migration-3129387_640.jpg","width":640,"height":457},{"@type":"BreadcrumbList","@id":"https:\/\/radioleinewelle.de\/index.php\/2020\/11\/07\/landtagskommission-fordert-sichere-unterbringung-auch-fuer-gefluechtete-und-obdachlose\/#breadcrumb","itemListElement":[{"@type":"ListItem","position":1,"name":"Startseite","item":"https:\/\/radioleinewelle.de\/"},{"@type":"ListItem","position":2,"name":"Landtagskommission fordert sichere Unterbringung auch f\u00fcr Gefl\u00fcchtete und Obdachlose"}]},{"@type":"WebSite","@id":"https:\/\/radioleinewelle.de\/#website","url":"https:\/\/radioleinewelle.de\/","name":"Radio Leinewelle","description":"","publisher":{"@id":"https:\/\/radioleinewelle.de\/#organization"},"potentialAction":[{"@type":"SearchAction","target":{"@type":"EntryPoint","urlTemplate":"https:\/\/radioleinewelle.de\/?s={search_term_string}"},"query-input":{"@type":"PropertyValueSpecification","valueRequired":true,"valueName":"search_term_string"}}],"inLanguage":"de"},{"@type":"Organization","@id":"https:\/\/radioleinewelle.de\/#organization","name":"Radio Leinewelle","alternateName":"Mein Radio f\u00fcr S\u00fcdniedersachsen","url":"https:\/\/radioleinewelle.de\/","logo":{"@type":"ImageObject","inLanguage":"de","@id":"https:\/\/radioleinewelle.de\/#\/schema\/logo\/image\/","url":"https:\/\/radioleinewelle.de\/wp-content\/uploads\/2023\/11\/cropped-Leinewelle_Logo_weiss.png","contentUrl":"https:\/\/radioleinewelle.de\/wp-content\/uploads\/2023\/11\/cropped-Leinewelle_Logo_weiss.png","width":854,"height":260,"caption":"Radio Leinewelle"},"image":{"@id":"https:\/\/radioleinewelle.de\/#\/schema\/logo\/image\/"},"sameAs":["https:\/\/www.facebook.com\/radioleinewelle","https:\/\/x.com\/RLeinewelle","https:\/\/www.instagram.com\/radioleinewelle\/?hl=de"]},{"@type":"Person","@id":"https:\/\/radioleinewelle.de\/#\/schema\/person\/45606f348637df637192dc1b68399a63","name":"Leinewelle","image":{"@type":"ImageObject","inLanguage":"de","@id":"https:\/\/secure.gravatar.com\/avatar\/05c9a17bc973052ee5d91549bd32fb4dd0dc85b7b85ae94b2e2b4943476bbea5?s=96&d=blank&r=g","url":"https:\/\/secure.gravatar.com\/avatar\/05c9a17bc973052ee5d91549bd32fb4dd0dc85b7b85ae94b2e2b4943476bbea5?s=96&d=blank&r=g","contentUrl":"https:\/\/secure.gravatar.com\/avatar\/05c9a17bc973052ee5d91549bd32fb4dd0dc85b7b85ae94b2e2b4943476bbea5?s=96&d=blank&r=g","caption":"Leinewelle"},"sameAs":["http:\/\/localhost\/radio%20leinewelle\/wordpress","https:\/\/www.facebook.com\/radioleinewelle","https:\/\/www.instagram.com\/radioleinewelle","https:\/\/x.com\/https:\/\/twitter.com\/RLeinewelle?ref_src=twsrcgoogletwcampserptwgrauthor","https:\/\/soundcloud.com\/foerderverein-lokalradio?utm_source=clipboard&utm_medium=text&utm_campaign=social_sharing"],"url":"https:\/\/radioleinewelle.de\/index.php\/author\/leinewelle\/"}]}},"_links":{"self":[{"href":"https:\/\/radioleinewelle.de\/index.php\/wp-json\/wp\/v2\/posts\/2802","targetHints":{"allow":["GET"]}}],"collection":[{"href":"https:\/\/radioleinewelle.de\/index.php\/wp-json\/wp\/v2\/posts"}],"about":[{"href":"https:\/\/radioleinewelle.de\/index.php\/wp-json\/wp\/v2\/types\/post"}],"author":[{"embeddable":true,"href":"https:\/\/radioleinewelle.de\/index.php\/wp-json\/wp\/v2\/users\/1"}],"replies":[{"embeddable":true,"href":"https:\/\/radioleinewelle.de\/index.php\/wp-json\/wp\/v2\/comments?post=2802"}],"version-history":[{"count":0,"href":"https:\/\/radioleinewelle.de\/index.php\/wp-json\/wp\/v2\/posts\/2802\/revisions"}],"wp:featuredmedia":[{"embeddable":true,"href":"https:\/\/radioleinewelle.de\/index.php\/wp-json\/wp\/v2\/media\/2805"}],"wp:attachment":[{"href":"https:\/\/radioleinewelle.de\/index.php\/wp-json\/wp\/v2\/media?parent=2802"}],"wp:term":[{"taxonomy":"category","embeddable":true,"href":"https:\/\/radioleinewelle.de\/index.php\/wp-json\/wp\/v2\/categories?post=2802"},{"taxonomy":"post_tag","embeddable":true,"href":"https:\/\/radioleinewelle.de\/index.php\/wp-json\/wp\/v2\/tags?post=2802"}],"curies":[{"name":"wp","href":"https:\/\/api.w.org\/{rel}","templated":true}]}}