{"id":2824,"date":"2020-11-09T05:03:38","date_gmt":"2020-11-09T04:03:38","guid":{"rendered":"https:\/\/radioleinewelle.de\/?p=2824"},"modified":"2020-11-09T05:03:38","modified_gmt":"2020-11-09T04:03:38","slug":"der-landesbeauftragte-gegen-antisemitismus-dr-enste-zum-jahrestag-der-reichspogromnacht-am-09-11","status":"publish","type":"post","link":"https:\/\/radioleinewelle.de\/index.php\/2020\/11\/09\/der-landesbeauftragte-gegen-antisemitismus-dr-enste-zum-jahrestag-der-reichspogromnacht-am-09-11\/","title":{"rendered":"Der Landesbeauftragte gegen Antisemitismus Dr. Enste zum Jahrestag der Reichspogromnacht am 09.11."},"content":{"rendered":"<p>In der Nacht vom 9. auf den 10. November 1938 fand die <b>Reichspogromnacht<\/b> statt, eine von den Nationalsozialisten organisierte Gewaltnacht gegen j\u00fcdisches Leben. In Erinnerung daran \u00e4u\u00dfert sich der Landesbeauftragte gegen Antisemitismus und f\u00fcr den Schutz j\u00fcdischen Lebens, <b>Dr. Franz Rainer Enste<\/b>, heute wie folgt:<br \/>\n\u201eDer 9. November 1938 ist und bleibt ein h\u00f6chst bedenkenswertes Datum in unserer j\u00fcngeren deutschen Geschichte. Denn dieser Tag steht einerseits f\u00fcr den vorl\u00e4ufigen H\u00f6hepunkt einer bereits in den f\u00fcnf Jahren zuvor mit uns\u00e4glicher Konsequenz verfolgten Spirale der Ausgrenzung und der Gewalt gegen die in Deutschland lebenden Juden \u2013 mit einer johlend-beifallspendenden oder einer schweigend-wegsehenden Unterst\u00fctzung der damaligen entsetzlichen Brandschatzungsaktionen. Und er steht andererseits f\u00fcr den fanalhaften Auftakt f\u00fcr noch weitaus Schlimmeres, n\u00e4mlich f\u00fcr die geschichtlich beispiellose systematische Verfolgung und Ermordung von Juden.\u00a0<strong>Wir d\u00fcrfen in Gedenken an die Geschehnisse des 9. November 1938 nicht in den Modus gesch\u00e4ftsm\u00e4\u00dfiger Erinnerungskultur-Rituale verfallen. Vielmehr m\u00fcssen wir immer wieder danach fragen, welche konkreten Erkenntnisse wir f\u00fcr unser heutiges politisches Handeln gewinnen k\u00f6nnen.<\/strong> Dazu geh\u00f6rt auch, schonungslos sowie mit klarer Haltung und mit klaren Worten alle aktuellen Tendenzen anzuprangern, welche antij\u00fcdischen Ressentiments und entsprechenden verbalen vorurteilsbelasteten Entgleisungen zunehmend zu einer neuen Salonf\u00e4higkeit verhelfen<span id=\"caret\"><\/span>. Bei solchen Entwicklungen nach den Erfahrungen mit den hier in Rede stehenden Ereignissen zu schweigen, w\u00e4re fatal geschichtslos. Unabh\u00e4ngig davon, aus welchen uns\u00e4glichen Quellen sich die heutigen Erscheinungsformen von Antisemitismus speisen und wie dieser im allt\u00e4glichen Miteinander auftritt, verh\u00f6hnt er in unertr\u00e4glicher Weise unser seit Jahren gepflegtes Ringen um eine humane Orientierung einer freien und offenen Gesellschaft unseres Landes. Antisemitismus hat keinen Platz in unserer Demokratie.\u201c<\/p>\n<p>Bild von <a href=\"https:\/\/pixabay.com\/de\/users\/michaelgaida-652234\/?utm_source=link-attribution&amp;utm_medium=referral&amp;utm_campaign=image&amp;utm_content=5083990\">MichaelGaida<\/a> auf <a href=\"https:\/\/pixabay.com\/de\/?utm_source=link-attribution&amp;utm_medium=referral&amp;utm_campaign=image&amp;utm_content=5083990\">Pixabay<\/a><\/p>\n","protected":false},"excerpt":{"rendered":"<p>In der Nacht vom 9. auf den 10. November 1938 fand die Reichspogromnacht statt, eine von den Nationalsozialisten organisierte Gewaltnacht gegen j\u00fcdisches Leben. In Erinnerung daran \u00e4u\u00dfert sich der Landesbeauftragte gegen Antisemitismus und f\u00fcr den Schutz j\u00fcdischen Lebens, Dr. Franz Rainer Enste, heute wie folgt: \u201eDer 9. November 1938 ist und bleibt ein h\u00f6chst bedenkenswertes [&hellip;]<\/p>\n","protected":false},"author":1,"featured_media":0,"comment_status":"closed","ping_status":"closed","sticky":false,"template":"","format":"standard","meta":{"saved_in_kubio":false,"footnotes":""},"categories":[24],"tags":[],"class_list":["post-2824","post","type-post","status-publish","format-standard","hentry","category-news"],"yoast_head":"<!-- This site is optimized with the Yoast SEO plugin v27.5 - https:\/\/yoast.com\/product\/yoast-seo-wordpress\/ -->\n<title>Der Landesbeauftragte gegen Antisemitismus Dr. Enste zum Jahrestag der Reichspogromnacht am 09.11. - Radio Leinewelle<\/title>\n<meta name=\"robots\" content=\"index, follow, max-snippet:-1, max-image-preview:large, max-video-preview:-1\" \/>\n<link rel=\"canonical\" href=\"https:\/\/radioleinewelle.de\/index.php\/2020\/11\/09\/der-landesbeauftragte-gegen-antisemitismus-dr-enste-zum-jahrestag-der-reichspogromnacht-am-09-11\/\" \/>\n<meta property=\"og:locale\" content=\"de_DE\" \/>\n<meta property=\"og:type\" content=\"article\" \/>\n<meta property=\"og:title\" content=\"Der Landesbeauftragte gegen Antisemitismus Dr. Enste zum Jahrestag der Reichspogromnacht am 09.11. - Radio Leinewelle\" \/>\n<meta property=\"og:description\" content=\"In der Nacht vom 9. auf den 10. November 1938 fand die Reichspogromnacht statt, eine von den Nationalsozialisten organisierte Gewaltnacht gegen j\u00fcdisches Leben. In Erinnerung daran \u00e4u\u00dfert sich der Landesbeauftragte gegen Antisemitismus und f\u00fcr den Schutz j\u00fcdischen Lebens, Dr. Franz Rainer Enste, heute wie folgt: \u201eDer 9. November 1938 ist und bleibt ein h\u00f6chst bedenkenswertes [&hellip;]\" \/>\n<meta property=\"og:url\" content=\"https:\/\/radioleinewelle.de\/index.php\/2020\/11\/09\/der-landesbeauftragte-gegen-antisemitismus-dr-enste-zum-jahrestag-der-reichspogromnacht-am-09-11\/\" \/>\n<meta property=\"og:site_name\" content=\"Radio Leinewelle\" \/>\n<meta property=\"article:publisher\" content=\"https:\/\/www.facebook.com\/radioleinewelle\" \/>\n<meta property=\"article:author\" content=\"https:\/\/www.facebook.com\/radioleinewelle\" \/>\n<meta property=\"article:published_time\" content=\"2020-11-09T04:03:38+00:00\" \/>\n<meta name=\"author\" content=\"Leinewelle\" \/>\n<meta name=\"twitter:card\" content=\"summary_large_image\" \/>\n<meta name=\"twitter:creator\" content=\"@https:\/\/twitter.com\/RLeinewelle?ref_src=twsrcgoogletwcampserptwgrauthor\" \/>\n<meta name=\"twitter:site\" content=\"@RLeinewelle\" \/>\n<meta name=\"twitter:label1\" content=\"Verfasst von\" \/>\n\t<meta name=\"twitter:data1\" content=\"Leinewelle\" \/>\n\t<meta name=\"twitter:label2\" content=\"Gesch\u00e4tzte Lesezeit\" \/>\n\t<meta name=\"twitter:data2\" content=\"1\u00a0Minute\" \/>\n<script type=\"application\/ld+json\" class=\"yoast-schema-graph\">{\"@context\":\"https:\\\/\\\/schema.org\",\"@graph\":[{\"@type\":\"Article\",\"@id\":\"https:\\\/\\\/radioleinewelle.de\\\/index.php\\\/2020\\\/11\\\/09\\\/der-landesbeauftragte-gegen-antisemitismus-dr-enste-zum-jahrestag-der-reichspogromnacht-am-09-11\\\/#article\",\"isPartOf\":{\"@id\":\"https:\\\/\\\/radioleinewelle.de\\\/index.php\\\/2020\\\/11\\\/09\\\/der-landesbeauftragte-gegen-antisemitismus-dr-enste-zum-jahrestag-der-reichspogromnacht-am-09-11\\\/\"},\"author\":{\"name\":\"Leinewelle\",\"@id\":\"https:\\\/\\\/radioleinewelle.de\\\/#\\\/schema\\\/person\\\/45606f348637df637192dc1b68399a63\"},\"headline\":\"Der Landesbeauftragte gegen Antisemitismus Dr. Enste zum Jahrestag der Reichspogromnacht am 09.11.\",\"datePublished\":\"2020-11-09T04:03:38+00:00\",\"mainEntityOfPage\":{\"@id\":\"https:\\\/\\\/radioleinewelle.de\\\/index.php\\\/2020\\\/11\\\/09\\\/der-landesbeauftragte-gegen-antisemitismus-dr-enste-zum-jahrestag-der-reichspogromnacht-am-09-11\\\/\"},\"wordCount\":299,\"publisher\":{\"@id\":\"https:\\\/\\\/radioleinewelle.de\\\/#organization\"},\"articleSection\":[\"Aktuelle Nachrichten\"],\"inLanguage\":\"de\"},{\"@type\":\"WebPage\",\"@id\":\"https:\\\/\\\/radioleinewelle.de\\\/index.php\\\/2020\\\/11\\\/09\\\/der-landesbeauftragte-gegen-antisemitismus-dr-enste-zum-jahrestag-der-reichspogromnacht-am-09-11\\\/\",\"url\":\"https:\\\/\\\/radioleinewelle.de\\\/index.php\\\/2020\\\/11\\\/09\\\/der-landesbeauftragte-gegen-antisemitismus-dr-enste-zum-jahrestag-der-reichspogromnacht-am-09-11\\\/\",\"name\":\"Der Landesbeauftragte gegen Antisemitismus Dr. Enste zum Jahrestag der Reichspogromnacht am 09.11. - Radio Leinewelle\",\"isPartOf\":{\"@id\":\"https:\\\/\\\/radioleinewelle.de\\\/#website\"},\"datePublished\":\"2020-11-09T04:03:38+00:00\",\"breadcrumb\":{\"@id\":\"https:\\\/\\\/radioleinewelle.de\\\/index.php\\\/2020\\\/11\\\/09\\\/der-landesbeauftragte-gegen-antisemitismus-dr-enste-zum-jahrestag-der-reichspogromnacht-am-09-11\\\/#breadcrumb\"},\"inLanguage\":\"de\",\"potentialAction\":[{\"@type\":\"ReadAction\",\"target\":[\"https:\\\/\\\/radioleinewelle.de\\\/index.php\\\/2020\\\/11\\\/09\\\/der-landesbeauftragte-gegen-antisemitismus-dr-enste-zum-jahrestag-der-reichspogromnacht-am-09-11\\\/\"]}]},{\"@type\":\"BreadcrumbList\",\"@id\":\"https:\\\/\\\/radioleinewelle.de\\\/index.php\\\/2020\\\/11\\\/09\\\/der-landesbeauftragte-gegen-antisemitismus-dr-enste-zum-jahrestag-der-reichspogromnacht-am-09-11\\\/#breadcrumb\",\"itemListElement\":[{\"@type\":\"ListItem\",\"position\":1,\"name\":\"Startseite\",\"item\":\"https:\\\/\\\/radioleinewelle.de\\\/\"},{\"@type\":\"ListItem\",\"position\":2,\"name\":\"Der Landesbeauftragte gegen Antisemitismus Dr. Enste zum Jahrestag der Reichspogromnacht am 09.11.\"}]},{\"@type\":\"WebSite\",\"@id\":\"https:\\\/\\\/radioleinewelle.de\\\/#website\",\"url\":\"https:\\\/\\\/radioleinewelle.de\\\/\",\"name\":\"Radio Leinewelle\",\"description\":\"\",\"publisher\":{\"@id\":\"https:\\\/\\\/radioleinewelle.de\\\/#organization\"},\"potentialAction\":[{\"@type\":\"SearchAction\",\"target\":{\"@type\":\"EntryPoint\",\"urlTemplate\":\"https:\\\/\\\/radioleinewelle.de\\\/?s={search_term_string}\"},\"query-input\":{\"@type\":\"PropertyValueSpecification\",\"valueRequired\":true,\"valueName\":\"search_term_string\"}}],\"inLanguage\":\"de\"},{\"@type\":\"Organization\",\"@id\":\"https:\\\/\\\/radioleinewelle.de\\\/#organization\",\"name\":\"Radio Leinewelle\",\"alternateName\":\"Mein Radio f\u00fcr S\u00fcdniedersachsen\",\"url\":\"https:\\\/\\\/radioleinewelle.de\\\/\",\"logo\":{\"@type\":\"ImageObject\",\"inLanguage\":\"de\",\"@id\":\"https:\\\/\\\/radioleinewelle.de\\\/#\\\/schema\\\/logo\\\/image\\\/\",\"url\":\"https:\\\/\\\/radioleinewelle.de\\\/wp-content\\\/uploads\\\/2023\\\/11\\\/cropped-Leinewelle_Logo_weiss.png\",\"contentUrl\":\"https:\\\/\\\/radioleinewelle.de\\\/wp-content\\\/uploads\\\/2023\\\/11\\\/cropped-Leinewelle_Logo_weiss.png\",\"width\":854,\"height\":260,\"caption\":\"Radio Leinewelle\"},\"image\":{\"@id\":\"https:\\\/\\\/radioleinewelle.de\\\/#\\\/schema\\\/logo\\\/image\\\/\"},\"sameAs\":[\"https:\\\/\\\/www.facebook.com\\\/radioleinewelle\",\"https:\\\/\\\/x.com\\\/RLeinewelle\",\"https:\\\/\\\/www.instagram.com\\\/radioleinewelle\\\/?hl=de\"]},{\"@type\":\"Person\",\"@id\":\"https:\\\/\\\/radioleinewelle.de\\\/#\\\/schema\\\/person\\\/45606f348637df637192dc1b68399a63\",\"name\":\"Leinewelle\",\"image\":{\"@type\":\"ImageObject\",\"inLanguage\":\"de\",\"@id\":\"https:\\\/\\\/secure.gravatar.com\\\/avatar\\\/05c9a17bc973052ee5d91549bd32fb4dd0dc85b7b85ae94b2e2b4943476bbea5?s=96&d=blank&r=g\",\"url\":\"https:\\\/\\\/secure.gravatar.com\\\/avatar\\\/05c9a17bc973052ee5d91549bd32fb4dd0dc85b7b85ae94b2e2b4943476bbea5?s=96&d=blank&r=g\",\"contentUrl\":\"https:\\\/\\\/secure.gravatar.com\\\/avatar\\\/05c9a17bc973052ee5d91549bd32fb4dd0dc85b7b85ae94b2e2b4943476bbea5?s=96&d=blank&r=g\",\"caption\":\"Leinewelle\"},\"sameAs\":[\"http:\\\/\\\/localhost\\\/radio%20leinewelle\\\/wordpress\",\"https:\\\/\\\/www.facebook.com\\\/radioleinewelle\",\"https:\\\/\\\/www.instagram.com\\\/radioleinewelle\",\"https:\\\/\\\/x.com\\\/https:\\\/\\\/twitter.com\\\/RLeinewelle?ref_src=twsrcgoogletwcampserptwgrauthor\",\"https:\\\/\\\/soundcloud.com\\\/foerderverein-lokalradio?utm_source=clipboard&utm_medium=text&utm_campaign=social_sharing\"],\"url\":\"https:\\\/\\\/radioleinewelle.de\\\/index.php\\\/author\\\/leinewelle\\\/\"}]}<\/script>\n<!-- \/ Yoast SEO plugin. -->","yoast_head_json":{"title":"Der Landesbeauftragte gegen Antisemitismus Dr. Enste zum Jahrestag der Reichspogromnacht am 09.11. - Radio Leinewelle","robots":{"index":"index","follow":"follow","max-snippet":"max-snippet:-1","max-image-preview":"max-image-preview:large","max-video-preview":"max-video-preview:-1"},"canonical":"https:\/\/radioleinewelle.de\/index.php\/2020\/11\/09\/der-landesbeauftragte-gegen-antisemitismus-dr-enste-zum-jahrestag-der-reichspogromnacht-am-09-11\/","og_locale":"de_DE","og_type":"article","og_title":"Der Landesbeauftragte gegen Antisemitismus Dr. Enste zum Jahrestag der Reichspogromnacht am 09.11. - Radio Leinewelle","og_description":"In der Nacht vom 9. auf den 10. November 1938 fand die Reichspogromnacht statt, eine von den Nationalsozialisten organisierte Gewaltnacht gegen j\u00fcdisches Leben. In Erinnerung daran \u00e4u\u00dfert sich der Landesbeauftragte gegen Antisemitismus und f\u00fcr den Schutz j\u00fcdischen Lebens, Dr. Franz Rainer Enste, heute wie folgt: \u201eDer 9. November 1938 ist und bleibt ein h\u00f6chst bedenkenswertes [&hellip;]","og_url":"https:\/\/radioleinewelle.de\/index.php\/2020\/11\/09\/der-landesbeauftragte-gegen-antisemitismus-dr-enste-zum-jahrestag-der-reichspogromnacht-am-09-11\/","og_site_name":"Radio Leinewelle","article_publisher":"https:\/\/www.facebook.com\/radioleinewelle","article_author":"https:\/\/www.facebook.com\/radioleinewelle","article_published_time":"2020-11-09T04:03:38+00:00","author":"Leinewelle","twitter_card":"summary_large_image","twitter_creator":"@https:\/\/twitter.com\/RLeinewelle?ref_src=twsrcgoogletwcampserptwgrauthor","twitter_site":"@RLeinewelle","twitter_misc":{"Verfasst von":"Leinewelle","Gesch\u00e4tzte Lesezeit":"1\u00a0Minute"},"schema":{"@context":"https:\/\/schema.org","@graph":[{"@type":"Article","@id":"https:\/\/radioleinewelle.de\/index.php\/2020\/11\/09\/der-landesbeauftragte-gegen-antisemitismus-dr-enste-zum-jahrestag-der-reichspogromnacht-am-09-11\/#article","isPartOf":{"@id":"https:\/\/radioleinewelle.de\/index.php\/2020\/11\/09\/der-landesbeauftragte-gegen-antisemitismus-dr-enste-zum-jahrestag-der-reichspogromnacht-am-09-11\/"},"author":{"name":"Leinewelle","@id":"https:\/\/radioleinewelle.de\/#\/schema\/person\/45606f348637df637192dc1b68399a63"},"headline":"Der Landesbeauftragte gegen Antisemitismus Dr. Enste zum Jahrestag der Reichspogromnacht am 09.11.","datePublished":"2020-11-09T04:03:38+00:00","mainEntityOfPage":{"@id":"https:\/\/radioleinewelle.de\/index.php\/2020\/11\/09\/der-landesbeauftragte-gegen-antisemitismus-dr-enste-zum-jahrestag-der-reichspogromnacht-am-09-11\/"},"wordCount":299,"publisher":{"@id":"https:\/\/radioleinewelle.de\/#organization"},"articleSection":["Aktuelle Nachrichten"],"inLanguage":"de"},{"@type":"WebPage","@id":"https:\/\/radioleinewelle.de\/index.php\/2020\/11\/09\/der-landesbeauftragte-gegen-antisemitismus-dr-enste-zum-jahrestag-der-reichspogromnacht-am-09-11\/","url":"https:\/\/radioleinewelle.de\/index.php\/2020\/11\/09\/der-landesbeauftragte-gegen-antisemitismus-dr-enste-zum-jahrestag-der-reichspogromnacht-am-09-11\/","name":"Der Landesbeauftragte gegen Antisemitismus Dr. Enste zum Jahrestag der Reichspogromnacht am 09.11. - Radio Leinewelle","isPartOf":{"@id":"https:\/\/radioleinewelle.de\/#website"},"datePublished":"2020-11-09T04:03:38+00:00","breadcrumb":{"@id":"https:\/\/radioleinewelle.de\/index.php\/2020\/11\/09\/der-landesbeauftragte-gegen-antisemitismus-dr-enste-zum-jahrestag-der-reichspogromnacht-am-09-11\/#breadcrumb"},"inLanguage":"de","potentialAction":[{"@type":"ReadAction","target":["https:\/\/radioleinewelle.de\/index.php\/2020\/11\/09\/der-landesbeauftragte-gegen-antisemitismus-dr-enste-zum-jahrestag-der-reichspogromnacht-am-09-11\/"]}]},{"@type":"BreadcrumbList","@id":"https:\/\/radioleinewelle.de\/index.php\/2020\/11\/09\/der-landesbeauftragte-gegen-antisemitismus-dr-enste-zum-jahrestag-der-reichspogromnacht-am-09-11\/#breadcrumb","itemListElement":[{"@type":"ListItem","position":1,"name":"Startseite","item":"https:\/\/radioleinewelle.de\/"},{"@type":"ListItem","position":2,"name":"Der Landesbeauftragte gegen Antisemitismus Dr. Enste zum Jahrestag der Reichspogromnacht am 09.11."}]},{"@type":"WebSite","@id":"https:\/\/radioleinewelle.de\/#website","url":"https:\/\/radioleinewelle.de\/","name":"Radio Leinewelle","description":"","publisher":{"@id":"https:\/\/radioleinewelle.de\/#organization"},"potentialAction":[{"@type":"SearchAction","target":{"@type":"EntryPoint","urlTemplate":"https:\/\/radioleinewelle.de\/?s={search_term_string}"},"query-input":{"@type":"PropertyValueSpecification","valueRequired":true,"valueName":"search_term_string"}}],"inLanguage":"de"},{"@type":"Organization","@id":"https:\/\/radioleinewelle.de\/#organization","name":"Radio Leinewelle","alternateName":"Mein Radio f\u00fcr S\u00fcdniedersachsen","url":"https:\/\/radioleinewelle.de\/","logo":{"@type":"ImageObject","inLanguage":"de","@id":"https:\/\/radioleinewelle.de\/#\/schema\/logo\/image\/","url":"https:\/\/radioleinewelle.de\/wp-content\/uploads\/2023\/11\/cropped-Leinewelle_Logo_weiss.png","contentUrl":"https:\/\/radioleinewelle.de\/wp-content\/uploads\/2023\/11\/cropped-Leinewelle_Logo_weiss.png","width":854,"height":260,"caption":"Radio Leinewelle"},"image":{"@id":"https:\/\/radioleinewelle.de\/#\/schema\/logo\/image\/"},"sameAs":["https:\/\/www.facebook.com\/radioleinewelle","https:\/\/x.com\/RLeinewelle","https:\/\/www.instagram.com\/radioleinewelle\/?hl=de"]},{"@type":"Person","@id":"https:\/\/radioleinewelle.de\/#\/schema\/person\/45606f348637df637192dc1b68399a63","name":"Leinewelle","image":{"@type":"ImageObject","inLanguage":"de","@id":"https:\/\/secure.gravatar.com\/avatar\/05c9a17bc973052ee5d91549bd32fb4dd0dc85b7b85ae94b2e2b4943476bbea5?s=96&d=blank&r=g","url":"https:\/\/secure.gravatar.com\/avatar\/05c9a17bc973052ee5d91549bd32fb4dd0dc85b7b85ae94b2e2b4943476bbea5?s=96&d=blank&r=g","contentUrl":"https:\/\/secure.gravatar.com\/avatar\/05c9a17bc973052ee5d91549bd32fb4dd0dc85b7b85ae94b2e2b4943476bbea5?s=96&d=blank&r=g","caption":"Leinewelle"},"sameAs":["http:\/\/localhost\/radio%20leinewelle\/wordpress","https:\/\/www.facebook.com\/radioleinewelle","https:\/\/www.instagram.com\/radioleinewelle","https:\/\/x.com\/https:\/\/twitter.com\/RLeinewelle?ref_src=twsrcgoogletwcampserptwgrauthor","https:\/\/soundcloud.com\/foerderverein-lokalradio?utm_source=clipboard&utm_medium=text&utm_campaign=social_sharing"],"url":"https:\/\/radioleinewelle.de\/index.php\/author\/leinewelle\/"}]}},"_links":{"self":[{"href":"https:\/\/radioleinewelle.de\/index.php\/wp-json\/wp\/v2\/posts\/2824","targetHints":{"allow":["GET"]}}],"collection":[{"href":"https:\/\/radioleinewelle.de\/index.php\/wp-json\/wp\/v2\/posts"}],"about":[{"href":"https:\/\/radioleinewelle.de\/index.php\/wp-json\/wp\/v2\/types\/post"}],"author":[{"embeddable":true,"href":"https:\/\/radioleinewelle.de\/index.php\/wp-json\/wp\/v2\/users\/1"}],"replies":[{"embeddable":true,"href":"https:\/\/radioleinewelle.de\/index.php\/wp-json\/wp\/v2\/comments?post=2824"}],"version-history":[{"count":0,"href":"https:\/\/radioleinewelle.de\/index.php\/wp-json\/wp\/v2\/posts\/2824\/revisions"}],"wp:attachment":[{"href":"https:\/\/radioleinewelle.de\/index.php\/wp-json\/wp\/v2\/media?parent=2824"}],"wp:term":[{"taxonomy":"category","embeddable":true,"href":"https:\/\/radioleinewelle.de\/index.php\/wp-json\/wp\/v2\/categories?post=2824"},{"taxonomy":"post_tag","embeddable":true,"href":"https:\/\/radioleinewelle.de\/index.php\/wp-json\/wp\/v2\/tags?post=2824"}],"curies":[{"name":"wp","href":"https:\/\/api.w.org\/{rel}","templated":true}]}}