{"id":28254,"date":"2025-05-22T15:24:16","date_gmt":"2025-05-22T13:24:16","guid":{"rendered":"https:\/\/radioleinewelle.de\/?p=28254"},"modified":"2025-05-22T15:24:18","modified_gmt":"2025-05-22T13:24:18","slug":"nutzung-der-ehemaligen-jva-weiter-ungewiss","status":"publish","type":"post","link":"https:\/\/radioleinewelle.de\/index.php\/2025\/05\/22\/nutzung-der-ehemaligen-jva-weiter-ungewiss\/","title":{"rendered":"Nutzung der ehemaligen JVA weiter ungewiss"},"content":{"rendered":"\n<p>Mittlerweile eine schier endlose Geschichte: die zuk\u00fcnftige Nutzung der ehemaligen JVA in der G\u00f6ttinger Innenstadt ist weiter ungewiss. Die Fraktionen im G\u00f6ttinger Stadtrat konnten sich nicht auf eine mehrheitsf\u00e4hige L\u00f6sung einigen. F\u00fcr die Nutzung des denkmalgesch\u00fctzten Geb\u00e4udes hatten drei Bewerber Gebote abgegeben. (<a href=\"https:\/\/radioleinewelle.de\/index.php\/2023\/05\/04\/diskussion-um-alte-jva-in-goettingen-haelt-an-heute-kundgebung-vor-der-bauausschuss-sitzung\/\">Siehe auch hier<\/a>). Darunter waren zwei kommerzielle Projekte, sowie die Initiative f\u00fcr ein &#8222;Soziales Zentrum&#8220;. Jetzt hat die Stadt einen alten Vorschlag aufgegriffen und will eine sogenannte Machbarkeitsstudie in Auftrag geben. Eine aktuelle Stellungnahme der G\u00f6ttinger Stadtverwaltung findet sich <a href=\"http:\/\/ine aktuelle Stellungnahme der G\u00f6ttinger Stadtverwaltung findet sich hier\">hier<\/a>. Da die Ergebnisse dieser Studie erst im n\u00e4chsten Jahr vorliegen, d\u00fcrfte das Projekt &#8222;Alte JVA&#8220; zum Thema der Kommunalwahlen im Jahr 2026 werden. Teile der G\u00f6ttinger Stadtgesellschaft unterst\u00fctzen das Projekt  &#8222;Soziales Zentrum&#8220;. <\/p>\n\n\n\n<p><strong>Foto:<\/strong> Alte JVA \u00a9Radio Leinewelle (ue)<\/p>\n\n\n\n<p><\/p>\n","protected":false},"excerpt":{"rendered":"<p>Mittlerweile eine schier endlose Geschichte: die zuk\u00fcnftige Nutzung der ehemaligen JVA in der G\u00f6ttinger Innenstadt ist weiter ungewiss. Die Fraktionen im G\u00f6ttinger Stadtrat konnten sich nicht auf eine mehrheitsf\u00e4hige L\u00f6sung einigen. F\u00fcr die Nutzung des denkmalgesch\u00fctzten Geb\u00e4udes hatten drei Bewerber Gebote abgegeben. (Siehe auch hier). Darunter waren zwei kommerzielle Projekte, sowie die Initiative f\u00fcr ein [&hellip;]<\/p>\n","protected":false},"author":1,"featured_media":16121,"comment_status":"open","ping_status":"open","sticky":false,"template":"","format":"standard","meta":{"saved_in_kubio":false,"footnotes":""},"categories":[1],"tags":[],"class_list":["post-28254","post","type-post","status-publish","format-standard","has-post-thumbnail","hentry","category-allgemein"],"yoast_head":"<!-- This site is optimized with the Yoast SEO plugin v27.5 - https:\/\/yoast.com\/product\/yoast-seo-wordpress\/ -->\n<title>Nutzung der ehemaligen JVA weiter ungewiss - Radio Leinewelle<\/title>\n<meta name=\"robots\" content=\"index, follow, max-snippet:-1, max-image-preview:large, max-video-preview:-1\" \/>\n<link rel=\"canonical\" href=\"https:\/\/radioleinewelle.de\/index.php\/2025\/05\/22\/nutzung-der-ehemaligen-jva-weiter-ungewiss\/\" \/>\n<meta property=\"og:locale\" content=\"de_DE\" \/>\n<meta property=\"og:type\" content=\"article\" \/>\n<meta property=\"og:title\" content=\"Nutzung der ehemaligen JVA weiter ungewiss - Radio Leinewelle\" \/>\n<meta property=\"og:description\" content=\"Mittlerweile eine schier endlose Geschichte: die zuk\u00fcnftige Nutzung der ehemaligen JVA in der G\u00f6ttinger Innenstadt ist weiter ungewiss. Die Fraktionen im G\u00f6ttinger Stadtrat konnten sich nicht auf eine mehrheitsf\u00e4hige L\u00f6sung einigen. F\u00fcr die Nutzung des denkmalgesch\u00fctzten Geb\u00e4udes hatten drei Bewerber Gebote abgegeben. (Siehe auch hier). Darunter waren zwei kommerzielle Projekte, sowie die Initiative f\u00fcr ein [&hellip;]\" \/>\n<meta property=\"og:url\" content=\"https:\/\/radioleinewelle.de\/index.php\/2025\/05\/22\/nutzung-der-ehemaligen-jva-weiter-ungewiss\/\" \/>\n<meta property=\"og:site_name\" content=\"Radio Leinewelle\" \/>\n<meta property=\"article:publisher\" content=\"https:\/\/www.facebook.com\/radioleinewelle\" \/>\n<meta property=\"article:author\" content=\"https:\/\/www.facebook.com\/radioleinewelle\" \/>\n<meta property=\"article:published_time\" content=\"2025-05-22T13:24:16+00:00\" \/>\n<meta property=\"article:modified_time\" content=\"2025-05-22T13:24:18+00:00\" \/>\n<meta property=\"og:image\" content=\"https:\/\/radioleinewelle.de\/wp-content\/uploads\/2022\/10\/JVA-2-e1665045481694.jpg\" \/>\n\t<meta property=\"og:image:width\" content=\"600\" \/>\n\t<meta property=\"og:image:height\" content=\"370\" \/>\n\t<meta property=\"og:image:type\" content=\"image\/jpeg\" \/>\n<meta name=\"author\" content=\"Leinewelle\" \/>\n<meta name=\"twitter:card\" content=\"summary_large_image\" \/>\n<meta name=\"twitter:creator\" content=\"@https:\/\/twitter.com\/RLeinewelle?ref_src=twsrcgoogletwcampserptwgrauthor\" \/>\n<meta name=\"twitter:site\" content=\"@RLeinewelle\" \/>\n<meta name=\"twitter:label1\" content=\"Verfasst von\" \/>\n\t<meta name=\"twitter:data1\" content=\"Leinewelle\" \/>\n\t<meta name=\"twitter:label2\" content=\"Gesch\u00e4tzte Lesezeit\" \/>\n\t<meta name=\"twitter:data2\" content=\"1\u00a0Minute\" \/>\n<script type=\"application\/ld+json\" class=\"yoast-schema-graph\">{\"@context\":\"https:\\\/\\\/schema.org\",\"@graph\":[{\"@type\":\"Article\",\"@id\":\"https:\\\/\\\/radioleinewelle.de\\\/index.php\\\/2025\\\/05\\\/22\\\/nutzung-der-ehemaligen-jva-weiter-ungewiss\\\/#article\",\"isPartOf\":{\"@id\":\"https:\\\/\\\/radioleinewelle.de\\\/index.php\\\/2025\\\/05\\\/22\\\/nutzung-der-ehemaligen-jva-weiter-ungewiss\\\/\"},\"author\":{\"name\":\"Leinewelle\",\"@id\":\"https:\\\/\\\/radioleinewelle.de\\\/#\\\/schema\\\/person\\\/45606f348637df637192dc1b68399a63\"},\"headline\":\"Nutzung der ehemaligen JVA weiter ungewiss\",\"datePublished\":\"2025-05-22T13:24:16+00:00\",\"dateModified\":\"2025-05-22T13:24:18+00:00\",\"mainEntityOfPage\":{\"@id\":\"https:\\\/\\\/radioleinewelle.de\\\/index.php\\\/2025\\\/05\\\/22\\\/nutzung-der-ehemaligen-jva-weiter-ungewiss\\\/\"},\"wordCount\":139,\"commentCount\":0,\"publisher\":{\"@id\":\"https:\\\/\\\/radioleinewelle.de\\\/#organization\"},\"image\":{\"@id\":\"https:\\\/\\\/radioleinewelle.de\\\/index.php\\\/2025\\\/05\\\/22\\\/nutzung-der-ehemaligen-jva-weiter-ungewiss\\\/#primaryimage\"},\"thumbnailUrl\":\"https:\\\/\\\/radioleinewelle.de\\\/wp-content\\\/uploads\\\/2022\\\/10\\\/JVA-2-e1665045481694.jpg\",\"inLanguage\":\"de\",\"potentialAction\":[{\"@type\":\"CommentAction\",\"name\":\"Comment\",\"target\":[\"https:\\\/\\\/radioleinewelle.de\\\/index.php\\\/2025\\\/05\\\/22\\\/nutzung-der-ehemaligen-jva-weiter-ungewiss\\\/#respond\"]}]},{\"@type\":\"WebPage\",\"@id\":\"https:\\\/\\\/radioleinewelle.de\\\/index.php\\\/2025\\\/05\\\/22\\\/nutzung-der-ehemaligen-jva-weiter-ungewiss\\\/\",\"url\":\"https:\\\/\\\/radioleinewelle.de\\\/index.php\\\/2025\\\/05\\\/22\\\/nutzung-der-ehemaligen-jva-weiter-ungewiss\\\/\",\"name\":\"Nutzung der ehemaligen JVA weiter ungewiss - Radio Leinewelle\",\"isPartOf\":{\"@id\":\"https:\\\/\\\/radioleinewelle.de\\\/#website\"},\"primaryImageOfPage\":{\"@id\":\"https:\\\/\\\/radioleinewelle.de\\\/index.php\\\/2025\\\/05\\\/22\\\/nutzung-der-ehemaligen-jva-weiter-ungewiss\\\/#primaryimage\"},\"image\":{\"@id\":\"https:\\\/\\\/radioleinewelle.de\\\/index.php\\\/2025\\\/05\\\/22\\\/nutzung-der-ehemaligen-jva-weiter-ungewiss\\\/#primaryimage\"},\"thumbnailUrl\":\"https:\\\/\\\/radioleinewelle.de\\\/wp-content\\\/uploads\\\/2022\\\/10\\\/JVA-2-e1665045481694.jpg\",\"datePublished\":\"2025-05-22T13:24:16+00:00\",\"dateModified\":\"2025-05-22T13:24:18+00:00\",\"breadcrumb\":{\"@id\":\"https:\\\/\\\/radioleinewelle.de\\\/index.php\\\/2025\\\/05\\\/22\\\/nutzung-der-ehemaligen-jva-weiter-ungewiss\\\/#breadcrumb\"},\"inLanguage\":\"de\",\"potentialAction\":[{\"@type\":\"ReadAction\",\"target\":[\"https:\\\/\\\/radioleinewelle.de\\\/index.php\\\/2025\\\/05\\\/22\\\/nutzung-der-ehemaligen-jva-weiter-ungewiss\\\/\"]}]},{\"@type\":\"ImageObject\",\"inLanguage\":\"de\",\"@id\":\"https:\\\/\\\/radioleinewelle.de\\\/index.php\\\/2025\\\/05\\\/22\\\/nutzung-der-ehemaligen-jva-weiter-ungewiss\\\/#primaryimage\",\"url\":\"https:\\\/\\\/radioleinewelle.de\\\/wp-content\\\/uploads\\\/2022\\\/10\\\/JVA-2-e1665045481694.jpg\",\"contentUrl\":\"https:\\\/\\\/radioleinewelle.de\\\/wp-content\\\/uploads\\\/2022\\\/10\\\/JVA-2-e1665045481694.jpg\",\"width\":600,\"height\":370},{\"@type\":\"BreadcrumbList\",\"@id\":\"https:\\\/\\\/radioleinewelle.de\\\/index.php\\\/2025\\\/05\\\/22\\\/nutzung-der-ehemaligen-jva-weiter-ungewiss\\\/#breadcrumb\",\"itemListElement\":[{\"@type\":\"ListItem\",\"position\":1,\"name\":\"Startseite\",\"item\":\"https:\\\/\\\/radioleinewelle.de\\\/\"},{\"@type\":\"ListItem\",\"position\":2,\"name\":\"Nutzung der ehemaligen JVA weiter ungewiss\"}]},{\"@type\":\"WebSite\",\"@id\":\"https:\\\/\\\/radioleinewelle.de\\\/#website\",\"url\":\"https:\\\/\\\/radioleinewelle.de\\\/\",\"name\":\"Radio Leinewelle\",\"description\":\"\",\"publisher\":{\"@id\":\"https:\\\/\\\/radioleinewelle.de\\\/#organization\"},\"potentialAction\":[{\"@type\":\"SearchAction\",\"target\":{\"@type\":\"EntryPoint\",\"urlTemplate\":\"https:\\\/\\\/radioleinewelle.de\\\/?s={search_term_string}\"},\"query-input\":{\"@type\":\"PropertyValueSpecification\",\"valueRequired\":true,\"valueName\":\"search_term_string\"}}],\"inLanguage\":\"de\"},{\"@type\":\"Organization\",\"@id\":\"https:\\\/\\\/radioleinewelle.de\\\/#organization\",\"name\":\"Radio Leinewelle\",\"alternateName\":\"Mein Radio f\u00fcr S\u00fcdniedersachsen\",\"url\":\"https:\\\/\\\/radioleinewelle.de\\\/\",\"logo\":{\"@type\":\"ImageObject\",\"inLanguage\":\"de\",\"@id\":\"https:\\\/\\\/radioleinewelle.de\\\/#\\\/schema\\\/logo\\\/image\\\/\",\"url\":\"https:\\\/\\\/radioleinewelle.de\\\/wp-content\\\/uploads\\\/2023\\\/11\\\/cropped-Leinewelle_Logo_weiss.png\",\"contentUrl\":\"https:\\\/\\\/radioleinewelle.de\\\/wp-content\\\/uploads\\\/2023\\\/11\\\/cropped-Leinewelle_Logo_weiss.png\",\"width\":854,\"height\":260,\"caption\":\"Radio Leinewelle\"},\"image\":{\"@id\":\"https:\\\/\\\/radioleinewelle.de\\\/#\\\/schema\\\/logo\\\/image\\\/\"},\"sameAs\":[\"https:\\\/\\\/www.facebook.com\\\/radioleinewelle\",\"https:\\\/\\\/x.com\\\/RLeinewelle\",\"https:\\\/\\\/www.instagram.com\\\/radioleinewelle\\\/?hl=de\"]},{\"@type\":\"Person\",\"@id\":\"https:\\\/\\\/radioleinewelle.de\\\/#\\\/schema\\\/person\\\/45606f348637df637192dc1b68399a63\",\"name\":\"Leinewelle\",\"image\":{\"@type\":\"ImageObject\",\"inLanguage\":\"de\",\"@id\":\"https:\\\/\\\/secure.gravatar.com\\\/avatar\\\/05c9a17bc973052ee5d91549bd32fb4dd0dc85b7b85ae94b2e2b4943476bbea5?s=96&d=blank&r=g\",\"url\":\"https:\\\/\\\/secure.gravatar.com\\\/avatar\\\/05c9a17bc973052ee5d91549bd32fb4dd0dc85b7b85ae94b2e2b4943476bbea5?s=96&d=blank&r=g\",\"contentUrl\":\"https:\\\/\\\/secure.gravatar.com\\\/avatar\\\/05c9a17bc973052ee5d91549bd32fb4dd0dc85b7b85ae94b2e2b4943476bbea5?s=96&d=blank&r=g\",\"caption\":\"Leinewelle\"},\"sameAs\":[\"http:\\\/\\\/localhost\\\/radio%20leinewelle\\\/wordpress\",\"https:\\\/\\\/www.facebook.com\\\/radioleinewelle\",\"https:\\\/\\\/www.instagram.com\\\/radioleinewelle\",\"https:\\\/\\\/x.com\\\/https:\\\/\\\/twitter.com\\\/RLeinewelle?ref_src=twsrcgoogletwcampserptwgrauthor\",\"https:\\\/\\\/soundcloud.com\\\/foerderverein-lokalradio?utm_source=clipboard&utm_medium=text&utm_campaign=social_sharing\"],\"url\":\"https:\\\/\\\/radioleinewelle.de\\\/index.php\\\/author\\\/leinewelle\\\/\"}]}<\/script>\n<!-- \/ Yoast SEO plugin. -->","yoast_head_json":{"title":"Nutzung der ehemaligen JVA weiter ungewiss - Radio Leinewelle","robots":{"index":"index","follow":"follow","max-snippet":"max-snippet:-1","max-image-preview":"max-image-preview:large","max-video-preview":"max-video-preview:-1"},"canonical":"https:\/\/radioleinewelle.de\/index.php\/2025\/05\/22\/nutzung-der-ehemaligen-jva-weiter-ungewiss\/","og_locale":"de_DE","og_type":"article","og_title":"Nutzung der ehemaligen JVA weiter ungewiss - Radio Leinewelle","og_description":"Mittlerweile eine schier endlose Geschichte: die zuk\u00fcnftige Nutzung der ehemaligen JVA in der G\u00f6ttinger Innenstadt ist weiter ungewiss. Die Fraktionen im G\u00f6ttinger Stadtrat konnten sich nicht auf eine mehrheitsf\u00e4hige L\u00f6sung einigen. F\u00fcr die Nutzung des denkmalgesch\u00fctzten Geb\u00e4udes hatten drei Bewerber Gebote abgegeben. (Siehe auch hier). Darunter waren zwei kommerzielle Projekte, sowie die Initiative f\u00fcr ein [&hellip;]","og_url":"https:\/\/radioleinewelle.de\/index.php\/2025\/05\/22\/nutzung-der-ehemaligen-jva-weiter-ungewiss\/","og_site_name":"Radio Leinewelle","article_publisher":"https:\/\/www.facebook.com\/radioleinewelle","article_author":"https:\/\/www.facebook.com\/radioleinewelle","article_published_time":"2025-05-22T13:24:16+00:00","article_modified_time":"2025-05-22T13:24:18+00:00","og_image":[{"width":600,"height":370,"url":"https:\/\/radioleinewelle.de\/wp-content\/uploads\/2022\/10\/JVA-2-e1665045481694.jpg","type":"image\/jpeg"}],"author":"Leinewelle","twitter_card":"summary_large_image","twitter_creator":"@https:\/\/twitter.com\/RLeinewelle?ref_src=twsrcgoogletwcampserptwgrauthor","twitter_site":"@RLeinewelle","twitter_misc":{"Verfasst von":"Leinewelle","Gesch\u00e4tzte Lesezeit":"1\u00a0Minute"},"schema":{"@context":"https:\/\/schema.org","@graph":[{"@type":"Article","@id":"https:\/\/radioleinewelle.de\/index.php\/2025\/05\/22\/nutzung-der-ehemaligen-jva-weiter-ungewiss\/#article","isPartOf":{"@id":"https:\/\/radioleinewelle.de\/index.php\/2025\/05\/22\/nutzung-der-ehemaligen-jva-weiter-ungewiss\/"},"author":{"name":"Leinewelle","@id":"https:\/\/radioleinewelle.de\/#\/schema\/person\/45606f348637df637192dc1b68399a63"},"headline":"Nutzung der ehemaligen JVA weiter ungewiss","datePublished":"2025-05-22T13:24:16+00:00","dateModified":"2025-05-22T13:24:18+00:00","mainEntityOfPage":{"@id":"https:\/\/radioleinewelle.de\/index.php\/2025\/05\/22\/nutzung-der-ehemaligen-jva-weiter-ungewiss\/"},"wordCount":139,"commentCount":0,"publisher":{"@id":"https:\/\/radioleinewelle.de\/#organization"},"image":{"@id":"https:\/\/radioleinewelle.de\/index.php\/2025\/05\/22\/nutzung-der-ehemaligen-jva-weiter-ungewiss\/#primaryimage"},"thumbnailUrl":"https:\/\/radioleinewelle.de\/wp-content\/uploads\/2022\/10\/JVA-2-e1665045481694.jpg","inLanguage":"de","potentialAction":[{"@type":"CommentAction","name":"Comment","target":["https:\/\/radioleinewelle.de\/index.php\/2025\/05\/22\/nutzung-der-ehemaligen-jva-weiter-ungewiss\/#respond"]}]},{"@type":"WebPage","@id":"https:\/\/radioleinewelle.de\/index.php\/2025\/05\/22\/nutzung-der-ehemaligen-jva-weiter-ungewiss\/","url":"https:\/\/radioleinewelle.de\/index.php\/2025\/05\/22\/nutzung-der-ehemaligen-jva-weiter-ungewiss\/","name":"Nutzung der ehemaligen JVA weiter ungewiss - Radio Leinewelle","isPartOf":{"@id":"https:\/\/radioleinewelle.de\/#website"},"primaryImageOfPage":{"@id":"https:\/\/radioleinewelle.de\/index.php\/2025\/05\/22\/nutzung-der-ehemaligen-jva-weiter-ungewiss\/#primaryimage"},"image":{"@id":"https:\/\/radioleinewelle.de\/index.php\/2025\/05\/22\/nutzung-der-ehemaligen-jva-weiter-ungewiss\/#primaryimage"},"thumbnailUrl":"https:\/\/radioleinewelle.de\/wp-content\/uploads\/2022\/10\/JVA-2-e1665045481694.jpg","datePublished":"2025-05-22T13:24:16+00:00","dateModified":"2025-05-22T13:24:18+00:00","breadcrumb":{"@id":"https:\/\/radioleinewelle.de\/index.php\/2025\/05\/22\/nutzung-der-ehemaligen-jva-weiter-ungewiss\/#breadcrumb"},"inLanguage":"de","potentialAction":[{"@type":"ReadAction","target":["https:\/\/radioleinewelle.de\/index.php\/2025\/05\/22\/nutzung-der-ehemaligen-jva-weiter-ungewiss\/"]}]},{"@type":"ImageObject","inLanguage":"de","@id":"https:\/\/radioleinewelle.de\/index.php\/2025\/05\/22\/nutzung-der-ehemaligen-jva-weiter-ungewiss\/#primaryimage","url":"https:\/\/radioleinewelle.de\/wp-content\/uploads\/2022\/10\/JVA-2-e1665045481694.jpg","contentUrl":"https:\/\/radioleinewelle.de\/wp-content\/uploads\/2022\/10\/JVA-2-e1665045481694.jpg","width":600,"height":370},{"@type":"BreadcrumbList","@id":"https:\/\/radioleinewelle.de\/index.php\/2025\/05\/22\/nutzung-der-ehemaligen-jva-weiter-ungewiss\/#breadcrumb","itemListElement":[{"@type":"ListItem","position":1,"name":"Startseite","item":"https:\/\/radioleinewelle.de\/"},{"@type":"ListItem","position":2,"name":"Nutzung der ehemaligen JVA weiter ungewiss"}]},{"@type":"WebSite","@id":"https:\/\/radioleinewelle.de\/#website","url":"https:\/\/radioleinewelle.de\/","name":"Radio Leinewelle","description":"","publisher":{"@id":"https:\/\/radioleinewelle.de\/#organization"},"potentialAction":[{"@type":"SearchAction","target":{"@type":"EntryPoint","urlTemplate":"https:\/\/radioleinewelle.de\/?s={search_term_string}"},"query-input":{"@type":"PropertyValueSpecification","valueRequired":true,"valueName":"search_term_string"}}],"inLanguage":"de"},{"@type":"Organization","@id":"https:\/\/radioleinewelle.de\/#organization","name":"Radio Leinewelle","alternateName":"Mein Radio f\u00fcr S\u00fcdniedersachsen","url":"https:\/\/radioleinewelle.de\/","logo":{"@type":"ImageObject","inLanguage":"de","@id":"https:\/\/radioleinewelle.de\/#\/schema\/logo\/image\/","url":"https:\/\/radioleinewelle.de\/wp-content\/uploads\/2023\/11\/cropped-Leinewelle_Logo_weiss.png","contentUrl":"https:\/\/radioleinewelle.de\/wp-content\/uploads\/2023\/11\/cropped-Leinewelle_Logo_weiss.png","width":854,"height":260,"caption":"Radio Leinewelle"},"image":{"@id":"https:\/\/radioleinewelle.de\/#\/schema\/logo\/image\/"},"sameAs":["https:\/\/www.facebook.com\/radioleinewelle","https:\/\/x.com\/RLeinewelle","https:\/\/www.instagram.com\/radioleinewelle\/?hl=de"]},{"@type":"Person","@id":"https:\/\/radioleinewelle.de\/#\/schema\/person\/45606f348637df637192dc1b68399a63","name":"Leinewelle","image":{"@type":"ImageObject","inLanguage":"de","@id":"https:\/\/secure.gravatar.com\/avatar\/05c9a17bc973052ee5d91549bd32fb4dd0dc85b7b85ae94b2e2b4943476bbea5?s=96&d=blank&r=g","url":"https:\/\/secure.gravatar.com\/avatar\/05c9a17bc973052ee5d91549bd32fb4dd0dc85b7b85ae94b2e2b4943476bbea5?s=96&d=blank&r=g","contentUrl":"https:\/\/secure.gravatar.com\/avatar\/05c9a17bc973052ee5d91549bd32fb4dd0dc85b7b85ae94b2e2b4943476bbea5?s=96&d=blank&r=g","caption":"Leinewelle"},"sameAs":["http:\/\/localhost\/radio%20leinewelle\/wordpress","https:\/\/www.facebook.com\/radioleinewelle","https:\/\/www.instagram.com\/radioleinewelle","https:\/\/x.com\/https:\/\/twitter.com\/RLeinewelle?ref_src=twsrcgoogletwcampserptwgrauthor","https:\/\/soundcloud.com\/foerderverein-lokalradio?utm_source=clipboard&utm_medium=text&utm_campaign=social_sharing"],"url":"https:\/\/radioleinewelle.de\/index.php\/author\/leinewelle\/"}]}},"_links":{"self":[{"href":"https:\/\/radioleinewelle.de\/index.php\/wp-json\/wp\/v2\/posts\/28254","targetHints":{"allow":["GET"]}}],"collection":[{"href":"https:\/\/radioleinewelle.de\/index.php\/wp-json\/wp\/v2\/posts"}],"about":[{"href":"https:\/\/radioleinewelle.de\/index.php\/wp-json\/wp\/v2\/types\/post"}],"author":[{"embeddable":true,"href":"https:\/\/radioleinewelle.de\/index.php\/wp-json\/wp\/v2\/users\/1"}],"replies":[{"embeddable":true,"href":"https:\/\/radioleinewelle.de\/index.php\/wp-json\/wp\/v2\/comments?post=28254"}],"version-history":[{"count":7,"href":"https:\/\/radioleinewelle.de\/index.php\/wp-json\/wp\/v2\/posts\/28254\/revisions"}],"predecessor-version":[{"id":28261,"href":"https:\/\/radioleinewelle.de\/index.php\/wp-json\/wp\/v2\/posts\/28254\/revisions\/28261"}],"wp:featuredmedia":[{"embeddable":true,"href":"https:\/\/radioleinewelle.de\/index.php\/wp-json\/wp\/v2\/media\/16121"}],"wp:attachment":[{"href":"https:\/\/radioleinewelle.de\/index.php\/wp-json\/wp\/v2\/media?parent=28254"}],"wp:term":[{"taxonomy":"category","embeddable":true,"href":"https:\/\/radioleinewelle.de\/index.php\/wp-json\/wp\/v2\/categories?post=28254"},{"taxonomy":"post_tag","embeddable":true,"href":"https:\/\/radioleinewelle.de\/index.php\/wp-json\/wp\/v2\/tags?post=28254"}],"curies":[{"name":"wp","href":"https:\/\/api.w.org\/{rel}","templated":true}]}}