{"id":28262,"date":"2025-05-28T06:02:11","date_gmt":"2025-05-28T04:02:11","guid":{"rendered":"https:\/\/radioleinewelle.de\/?p=28262"},"modified":"2025-05-30T10:49:08","modified_gmt":"2025-05-30T08:49:08","slug":"eklat-in-gleichen-verwaltungsausschuss-des-gemeinderats-lehnt-antrag-auf-buergerbegehren-zum-erhalt-der-bremker-grundschule-ab","status":"publish","type":"post","link":"https:\/\/radioleinewelle.de\/index.php\/2025\/05\/28\/eklat-in-gleichen-verwaltungsausschuss-des-gemeinderats-lehnt-antrag-auf-buergerbegehren-zum-erhalt-der-bremker-grundschule-ab\/","title":{"rendered":"Eklat in Gleichen &#8211; Gemeinde lehnt Antrag auf B\u00fcrgerbegehren zum Erhalt der Bremker Grundschule ab"},"content":{"rendered":"\n<p>Die zuk\u00fcnftige Schulstruktur in der Gemeinde Gleichen ist seit Jahren Gegenstand politischer Auseinandersetzungen. Durch den Ausbau der Schule in Kerstlingerode und den Neubau der Grundschule in Diemarden hat sich die Situation insbesondere in Bremke versch\u00e4rft. Im Dezember 2024 hat der Rat der Gemeinde Gleichen aufgrund r\u00fcckl\u00e4ufiger Sch\u00fclerzahlen beschlossen, die Schulbezirke von vier auf drei Schulen zu reduzieren. Dies bedeutet das Aus f\u00fcr die Grundschule in Bremke. Die Schulanf\u00e4nger des n\u00e4chsten Schuljahrs werden ab sofort in der Grundschule Diemarden eingeschult, obwohl der Neubau dort gerade erst begonnen hat. Schon im Vorfeld der Entscheidung hatte es heftige Debatten um den Erhalt der Schule gegeben. <br>Folge: nach dem Beschluss des Gemeinderats beschlo\u00df die B\u00fcrgerinitiative &#8222;VierSchulenGleichen&#8220; Unterschriften f\u00fcr ein B\u00fcrgerbegehren zu sammeln. Trotz sehr kurzer Ausschlussfrist gelang es, innerhalb der Zeit \u00fcber 1.300 Unterschriften f\u00fcr ein B\u00fcrgerbegehren zu sammeln &#8211; notwendig war eine Mindestzahl von 737 B\u00fcrger*innen. Nach fristgerechter \u00dcbergabe Ende M\u00e4rz erfolgte die Ablehnung des Antrags auf ein B\u00fcrgerbegehren aus formalrechtlichen Gr\u00fcnden durch den Verwaltungsausschuss des Gemeinderats am 23.04.25. Insbesondere die unvollst\u00e4ndige \u00dcbernahme der Kostensch\u00e4tzung der Gemeinde, das Zur\u00fcckhalten von wesentlichen Informationen f\u00fcr eine ausgewogene Entscheidung, sowie die notwendige \u00dcbereinstimmung zwischen Fragestellung und Begr\u00fcndung h\u00e4tten zur Ablehnung gef\u00fchrt, so die Gemeinde. Die B\u00fcrgerinitiative hat diese Ablehnungsgr\u00fcnde in einer umfangreichen Stellungnahme an die Gemeinde vor der Entscheidung zur\u00fcckgewiesen.<\/p>\n\n\n\n<p>B\u00fcrger*innen der betroffenen Region um Bremke sehen in dieser Ablehnung einen weiteren R\u00fcckzug aus der Fl\u00e4che und ein Schwinden von sozialen R\u00e4umen in der Region. Pikant: auf <a href=\"https:\/\/www.gleichen.de\/bauen-wirtschaft\/ggw-gleichen-mbh-baugrundstuecke\/bremke\/\">den Seiten der Gemeinde Gleichen<\/a> wirbt sie f\u00fcr ein neues Baugebiet in Bremke immer noch mit  der nahegelegenen Grundschule vor Ort. F\u00fcr das Einschulungsjahr 2025 hat diese Entscheidung auch den Nebeneffekt, das sich Eltern aus dem Schulbezirk f\u00fcr eine Einschulung ihrer Kinder ausserhalb der Gemeinde Gleichen entschieden haben, sodass wahrscheinlich nur noch zwei Sch\u00fcler*innen aus dem Schulbezirk Bremke in der Grundschule Kerstlingerode aufgenommen werden, obwohl dort die erste Sanierungsphase noch nicht abgeschlossen ist und der Neubau in Diemarden gerade erst begonnen hat. Die B\u00fcrgerinitiative &#8222;VierSchulenGleichen&#8220; m\u00f6chte weiter an diesem Thema dran bleiben und hat zur Unterst\u00fctzung m\u00f6glicher rechtlicher Schritte eine <a href=\"https:\/\/www.gofundme.com\/f\/burgerentscheid-vierschulengleichen-ermoglichen\">Crowdfundingseite<\/a> eingerichtet. Weitere Informationen finden sich hier:<br><strong><a href=\"http:\/\/www.gleichen.de\">www.gleichen.de<\/a><br><a href=\"https:\/\/vierschulengleichen.de\">https:\/\/vierschulengleichen.de<\/a><\/strong><\/p>\n\n\n\n<p><em>Ulf Engelmayer<\/em><\/p>\n\n\n\n<p class=\"has-small-font-size\"><strong>Foto:<\/strong> Grundschule Gleichen \u00a9Radio Leinewelle (ue)<\/p>\n\n\n\n<p><\/p>\n\n\n\n<p><\/p>\n","protected":false},"excerpt":{"rendered":"<p>Die zuk\u00fcnftige Schulstruktur in der Gemeinde Gleichen ist seit Jahren Gegenstand politischer Auseinandersetzungen. Durch den Ausbau der Schule in Kerstlingerode und den Neubau der Grundschule in Diemarden hat sich die Situation insbesondere in Bremke versch\u00e4rft. Im Dezember 2024 hat der Rat der Gemeinde Gleichen aufgrund r\u00fcckl\u00e4ufiger Sch\u00fclerzahlen beschlossen, die Schulbezirke von vier auf drei Schulen [&hellip;]<\/p>\n","protected":false},"author":1,"featured_media":28264,"comment_status":"open","ping_status":"open","sticky":false,"template":"","format":"standard","meta":{"saved_in_kubio":false,"footnotes":""},"categories":[1],"tags":[],"class_list":["post-28262","post","type-post","status-publish","format-standard","has-post-thumbnail","hentry","category-allgemein"],"yoast_head":"<!-- This site is optimized with the Yoast SEO plugin v27.4 - https:\/\/yoast.com\/product\/yoast-seo-wordpress\/ -->\n<title>Eklat in Gleichen - Gemeinde lehnt Antrag auf B\u00fcrgerbegehren zum Erhalt der Bremker Grundschule ab - Radio Leinewelle<\/title>\n<meta name=\"robots\" content=\"index, follow, max-snippet:-1, max-image-preview:large, max-video-preview:-1\" \/>\n<link rel=\"canonical\" href=\"https:\/\/radioleinewelle.de\/index.php\/2025\/05\/28\/eklat-in-gleichen-verwaltungsausschuss-des-gemeinderats-lehnt-antrag-auf-buergerbegehren-zum-erhalt-der-bremker-grundschule-ab\/\" \/>\n<meta property=\"og:locale\" content=\"de_DE\" \/>\n<meta property=\"og:type\" content=\"article\" \/>\n<meta property=\"og:title\" content=\"Eklat in Gleichen - Gemeinde lehnt Antrag auf B\u00fcrgerbegehren zum Erhalt der Bremker Grundschule ab - Radio Leinewelle\" \/>\n<meta property=\"og:description\" content=\"Die zuk\u00fcnftige Schulstruktur in der Gemeinde Gleichen ist seit Jahren Gegenstand politischer Auseinandersetzungen. Durch den Ausbau der Schule in Kerstlingerode und den Neubau der Grundschule in Diemarden hat sich die Situation insbesondere in Bremke versch\u00e4rft. Im Dezember 2024 hat der Rat der Gemeinde Gleichen aufgrund r\u00fcckl\u00e4ufiger Sch\u00fclerzahlen beschlossen, die Schulbezirke von vier auf drei Schulen [&hellip;]\" \/>\n<meta property=\"og:url\" content=\"https:\/\/radioleinewelle.de\/index.php\/2025\/05\/28\/eklat-in-gleichen-verwaltungsausschuss-des-gemeinderats-lehnt-antrag-auf-buergerbegehren-zum-erhalt-der-bremker-grundschule-ab\/\" \/>\n<meta property=\"og:site_name\" content=\"Radio Leinewelle\" \/>\n<meta property=\"article:publisher\" content=\"https:\/\/www.facebook.com\/radioleinewelle\" \/>\n<meta property=\"article:author\" content=\"https:\/\/www.facebook.com\/radioleinewelle\" \/>\n<meta property=\"article:published_time\" content=\"2025-05-28T04:02:11+00:00\" \/>\n<meta property=\"article:modified_time\" content=\"2025-05-30T08:49:08+00:00\" \/>\n<meta property=\"og:image\" content=\"https:\/\/radioleinewelle.de\/wp-content\/uploads\/2025\/05\/IMG_5491.jpg\" \/>\n\t<meta property=\"og:image:width\" content=\"2016\" \/>\n\t<meta property=\"og:image:height\" content=\"1512\" \/>\n\t<meta property=\"og:image:type\" content=\"image\/jpeg\" \/>\n<meta name=\"author\" content=\"Leinewelle\" \/>\n<meta name=\"twitter:card\" content=\"summary_large_image\" \/>\n<meta name=\"twitter:creator\" content=\"@https:\/\/twitter.com\/RLeinewelle?ref_src=twsrcgoogletwcampserptwgrauthor\" \/>\n<meta name=\"twitter:site\" content=\"@RLeinewelle\" \/>\n<meta name=\"twitter:label1\" content=\"Verfasst von\" \/>\n\t<meta name=\"twitter:data1\" content=\"Leinewelle\" \/>\n\t<meta name=\"twitter:label2\" content=\"Gesch\u00e4tzte Lesezeit\" \/>\n\t<meta name=\"twitter:data2\" content=\"3\u00a0Minuten\" \/>\n<script type=\"application\/ld+json\" class=\"yoast-schema-graph\">{\"@context\":\"https:\\\/\\\/schema.org\",\"@graph\":[{\"@type\":\"Article\",\"@id\":\"https:\\\/\\\/radioleinewelle.de\\\/index.php\\\/2025\\\/05\\\/28\\\/eklat-in-gleichen-verwaltungsausschuss-des-gemeinderats-lehnt-antrag-auf-buergerbegehren-zum-erhalt-der-bremker-grundschule-ab\\\/#article\",\"isPartOf\":{\"@id\":\"https:\\\/\\\/radioleinewelle.de\\\/index.php\\\/2025\\\/05\\\/28\\\/eklat-in-gleichen-verwaltungsausschuss-des-gemeinderats-lehnt-antrag-auf-buergerbegehren-zum-erhalt-der-bremker-grundschule-ab\\\/\"},\"author\":{\"name\":\"Leinewelle\",\"@id\":\"https:\\\/\\\/radioleinewelle.de\\\/#\\\/schema\\\/person\\\/45606f348637df637192dc1b68399a63\"},\"headline\":\"Eklat in Gleichen &#8211; Gemeinde lehnt Antrag auf B\u00fcrgerbegehren zum Erhalt der Bremker Grundschule ab\",\"datePublished\":\"2025-05-28T04:02:11+00:00\",\"dateModified\":\"2025-05-30T08:49:08+00:00\",\"mainEntityOfPage\":{\"@id\":\"https:\\\/\\\/radioleinewelle.de\\\/index.php\\\/2025\\\/05\\\/28\\\/eklat-in-gleichen-verwaltungsausschuss-des-gemeinderats-lehnt-antrag-auf-buergerbegehren-zum-erhalt-der-bremker-grundschule-ab\\\/\"},\"wordCount\":415,\"commentCount\":0,\"publisher\":{\"@id\":\"https:\\\/\\\/radioleinewelle.de\\\/#organization\"},\"image\":{\"@id\":\"https:\\\/\\\/radioleinewelle.de\\\/index.php\\\/2025\\\/05\\\/28\\\/eklat-in-gleichen-verwaltungsausschuss-des-gemeinderats-lehnt-antrag-auf-buergerbegehren-zum-erhalt-der-bremker-grundschule-ab\\\/#primaryimage\"},\"thumbnailUrl\":\"https:\\\/\\\/radioleinewelle.de\\\/wp-content\\\/uploads\\\/2025\\\/05\\\/IMG_5491.jpg\",\"inLanguage\":\"de\",\"potentialAction\":[{\"@type\":\"CommentAction\",\"name\":\"Comment\",\"target\":[\"https:\\\/\\\/radioleinewelle.de\\\/index.php\\\/2025\\\/05\\\/28\\\/eklat-in-gleichen-verwaltungsausschuss-des-gemeinderats-lehnt-antrag-auf-buergerbegehren-zum-erhalt-der-bremker-grundschule-ab\\\/#respond\"]}]},{\"@type\":\"WebPage\",\"@id\":\"https:\\\/\\\/radioleinewelle.de\\\/index.php\\\/2025\\\/05\\\/28\\\/eklat-in-gleichen-verwaltungsausschuss-des-gemeinderats-lehnt-antrag-auf-buergerbegehren-zum-erhalt-der-bremker-grundschule-ab\\\/\",\"url\":\"https:\\\/\\\/radioleinewelle.de\\\/index.php\\\/2025\\\/05\\\/28\\\/eklat-in-gleichen-verwaltungsausschuss-des-gemeinderats-lehnt-antrag-auf-buergerbegehren-zum-erhalt-der-bremker-grundschule-ab\\\/\",\"name\":\"Eklat in Gleichen - Gemeinde lehnt Antrag auf B\u00fcrgerbegehren zum Erhalt der Bremker Grundschule ab - Radio Leinewelle\",\"isPartOf\":{\"@id\":\"https:\\\/\\\/radioleinewelle.de\\\/#website\"},\"primaryImageOfPage\":{\"@id\":\"https:\\\/\\\/radioleinewelle.de\\\/index.php\\\/2025\\\/05\\\/28\\\/eklat-in-gleichen-verwaltungsausschuss-des-gemeinderats-lehnt-antrag-auf-buergerbegehren-zum-erhalt-der-bremker-grundschule-ab\\\/#primaryimage\"},\"image\":{\"@id\":\"https:\\\/\\\/radioleinewelle.de\\\/index.php\\\/2025\\\/05\\\/28\\\/eklat-in-gleichen-verwaltungsausschuss-des-gemeinderats-lehnt-antrag-auf-buergerbegehren-zum-erhalt-der-bremker-grundschule-ab\\\/#primaryimage\"},\"thumbnailUrl\":\"https:\\\/\\\/radioleinewelle.de\\\/wp-content\\\/uploads\\\/2025\\\/05\\\/IMG_5491.jpg\",\"datePublished\":\"2025-05-28T04:02:11+00:00\",\"dateModified\":\"2025-05-30T08:49:08+00:00\",\"breadcrumb\":{\"@id\":\"https:\\\/\\\/radioleinewelle.de\\\/index.php\\\/2025\\\/05\\\/28\\\/eklat-in-gleichen-verwaltungsausschuss-des-gemeinderats-lehnt-antrag-auf-buergerbegehren-zum-erhalt-der-bremker-grundschule-ab\\\/#breadcrumb\"},\"inLanguage\":\"de\",\"potentialAction\":[{\"@type\":\"ReadAction\",\"target\":[\"https:\\\/\\\/radioleinewelle.de\\\/index.php\\\/2025\\\/05\\\/28\\\/eklat-in-gleichen-verwaltungsausschuss-des-gemeinderats-lehnt-antrag-auf-buergerbegehren-zum-erhalt-der-bremker-grundschule-ab\\\/\"]}]},{\"@type\":\"ImageObject\",\"inLanguage\":\"de\",\"@id\":\"https:\\\/\\\/radioleinewelle.de\\\/index.php\\\/2025\\\/05\\\/28\\\/eklat-in-gleichen-verwaltungsausschuss-des-gemeinderats-lehnt-antrag-auf-buergerbegehren-zum-erhalt-der-bremker-grundschule-ab\\\/#primaryimage\",\"url\":\"https:\\\/\\\/radioleinewelle.de\\\/wp-content\\\/uploads\\\/2025\\\/05\\\/IMG_5491.jpg\",\"contentUrl\":\"https:\\\/\\\/radioleinewelle.de\\\/wp-content\\\/uploads\\\/2025\\\/05\\\/IMG_5491.jpg\",\"width\":2016,\"height\":1512},{\"@type\":\"BreadcrumbList\",\"@id\":\"https:\\\/\\\/radioleinewelle.de\\\/index.php\\\/2025\\\/05\\\/28\\\/eklat-in-gleichen-verwaltungsausschuss-des-gemeinderats-lehnt-antrag-auf-buergerbegehren-zum-erhalt-der-bremker-grundschule-ab\\\/#breadcrumb\",\"itemListElement\":[{\"@type\":\"ListItem\",\"position\":1,\"name\":\"Startseite\",\"item\":\"https:\\\/\\\/radioleinewelle.de\\\/\"},{\"@type\":\"ListItem\",\"position\":2,\"name\":\"Eklat in Gleichen &#8211; Gemeinde lehnt Antrag auf B\u00fcrgerbegehren zum Erhalt der Bremker Grundschule ab\"}]},{\"@type\":\"WebSite\",\"@id\":\"https:\\\/\\\/radioleinewelle.de\\\/#website\",\"url\":\"https:\\\/\\\/radioleinewelle.de\\\/\",\"name\":\"Radio Leinewelle\",\"description\":\"\",\"publisher\":{\"@id\":\"https:\\\/\\\/radioleinewelle.de\\\/#organization\"},\"potentialAction\":[{\"@type\":\"SearchAction\",\"target\":{\"@type\":\"EntryPoint\",\"urlTemplate\":\"https:\\\/\\\/radioleinewelle.de\\\/?s={search_term_string}\"},\"query-input\":{\"@type\":\"PropertyValueSpecification\",\"valueRequired\":true,\"valueName\":\"search_term_string\"}}],\"inLanguage\":\"de\"},{\"@type\":\"Organization\",\"@id\":\"https:\\\/\\\/radioleinewelle.de\\\/#organization\",\"name\":\"Radio Leinewelle\",\"alternateName\":\"Mein Radio f\u00fcr S\u00fcdniedersachsen\",\"url\":\"https:\\\/\\\/radioleinewelle.de\\\/\",\"logo\":{\"@type\":\"ImageObject\",\"inLanguage\":\"de\",\"@id\":\"https:\\\/\\\/radioleinewelle.de\\\/#\\\/schema\\\/logo\\\/image\\\/\",\"url\":\"https:\\\/\\\/radioleinewelle.de\\\/wp-content\\\/uploads\\\/2023\\\/11\\\/cropped-Leinewelle_Logo_weiss.png\",\"contentUrl\":\"https:\\\/\\\/radioleinewelle.de\\\/wp-content\\\/uploads\\\/2023\\\/11\\\/cropped-Leinewelle_Logo_weiss.png\",\"width\":854,\"height\":260,\"caption\":\"Radio Leinewelle\"},\"image\":{\"@id\":\"https:\\\/\\\/radioleinewelle.de\\\/#\\\/schema\\\/logo\\\/image\\\/\"},\"sameAs\":[\"https:\\\/\\\/www.facebook.com\\\/radioleinewelle\",\"https:\\\/\\\/x.com\\\/RLeinewelle\",\"https:\\\/\\\/www.instagram.com\\\/radioleinewelle\\\/?hl=de\"]},{\"@type\":\"Person\",\"@id\":\"https:\\\/\\\/radioleinewelle.de\\\/#\\\/schema\\\/person\\\/45606f348637df637192dc1b68399a63\",\"name\":\"Leinewelle\",\"image\":{\"@type\":\"ImageObject\",\"inLanguage\":\"de\",\"@id\":\"https:\\\/\\\/secure.gravatar.com\\\/avatar\\\/05c9a17bc973052ee5d91549bd32fb4dd0dc85b7b85ae94b2e2b4943476bbea5?s=96&d=blank&r=g\",\"url\":\"https:\\\/\\\/secure.gravatar.com\\\/avatar\\\/05c9a17bc973052ee5d91549bd32fb4dd0dc85b7b85ae94b2e2b4943476bbea5?s=96&d=blank&r=g\",\"contentUrl\":\"https:\\\/\\\/secure.gravatar.com\\\/avatar\\\/05c9a17bc973052ee5d91549bd32fb4dd0dc85b7b85ae94b2e2b4943476bbea5?s=96&d=blank&r=g\",\"caption\":\"Leinewelle\"},\"sameAs\":[\"http:\\\/\\\/localhost\\\/radio%20leinewelle\\\/wordpress\",\"https:\\\/\\\/www.facebook.com\\\/radioleinewelle\",\"https:\\\/\\\/www.instagram.com\\\/radioleinewelle\",\"https:\\\/\\\/x.com\\\/https:\\\/\\\/twitter.com\\\/RLeinewelle?ref_src=twsrcgoogletwcampserptwgrauthor\",\"https:\\\/\\\/soundcloud.com\\\/foerderverein-lokalradio?utm_source=clipboard&utm_medium=text&utm_campaign=social_sharing\"],\"url\":\"https:\\\/\\\/radioleinewelle.de\\\/index.php\\\/author\\\/leinewelle\\\/\"}]}<\/script>\n<!-- \/ Yoast SEO plugin. -->","yoast_head_json":{"title":"Eklat in Gleichen - Gemeinde lehnt Antrag auf B\u00fcrgerbegehren zum Erhalt der Bremker Grundschule ab - Radio Leinewelle","robots":{"index":"index","follow":"follow","max-snippet":"max-snippet:-1","max-image-preview":"max-image-preview:large","max-video-preview":"max-video-preview:-1"},"canonical":"https:\/\/radioleinewelle.de\/index.php\/2025\/05\/28\/eklat-in-gleichen-verwaltungsausschuss-des-gemeinderats-lehnt-antrag-auf-buergerbegehren-zum-erhalt-der-bremker-grundschule-ab\/","og_locale":"de_DE","og_type":"article","og_title":"Eklat in Gleichen - Gemeinde lehnt Antrag auf B\u00fcrgerbegehren zum Erhalt der Bremker Grundschule ab - Radio Leinewelle","og_description":"Die zuk\u00fcnftige Schulstruktur in der Gemeinde Gleichen ist seit Jahren Gegenstand politischer Auseinandersetzungen. Durch den Ausbau der Schule in Kerstlingerode und den Neubau der Grundschule in Diemarden hat sich die Situation insbesondere in Bremke versch\u00e4rft. Im Dezember 2024 hat der Rat der Gemeinde Gleichen aufgrund r\u00fcckl\u00e4ufiger Sch\u00fclerzahlen beschlossen, die Schulbezirke von vier auf drei Schulen [&hellip;]","og_url":"https:\/\/radioleinewelle.de\/index.php\/2025\/05\/28\/eklat-in-gleichen-verwaltungsausschuss-des-gemeinderats-lehnt-antrag-auf-buergerbegehren-zum-erhalt-der-bremker-grundschule-ab\/","og_site_name":"Radio Leinewelle","article_publisher":"https:\/\/www.facebook.com\/radioleinewelle","article_author":"https:\/\/www.facebook.com\/radioleinewelle","article_published_time":"2025-05-28T04:02:11+00:00","article_modified_time":"2025-05-30T08:49:08+00:00","og_image":[{"width":2016,"height":1512,"url":"https:\/\/radioleinewelle.de\/wp-content\/uploads\/2025\/05\/IMG_5491.jpg","type":"image\/jpeg"}],"author":"Leinewelle","twitter_card":"summary_large_image","twitter_creator":"@https:\/\/twitter.com\/RLeinewelle?ref_src=twsrcgoogletwcampserptwgrauthor","twitter_site":"@RLeinewelle","twitter_misc":{"Verfasst von":"Leinewelle","Gesch\u00e4tzte Lesezeit":"3\u00a0Minuten"},"schema":{"@context":"https:\/\/schema.org","@graph":[{"@type":"Article","@id":"https:\/\/radioleinewelle.de\/index.php\/2025\/05\/28\/eklat-in-gleichen-verwaltungsausschuss-des-gemeinderats-lehnt-antrag-auf-buergerbegehren-zum-erhalt-der-bremker-grundschule-ab\/#article","isPartOf":{"@id":"https:\/\/radioleinewelle.de\/index.php\/2025\/05\/28\/eklat-in-gleichen-verwaltungsausschuss-des-gemeinderats-lehnt-antrag-auf-buergerbegehren-zum-erhalt-der-bremker-grundschule-ab\/"},"author":{"name":"Leinewelle","@id":"https:\/\/radioleinewelle.de\/#\/schema\/person\/45606f348637df637192dc1b68399a63"},"headline":"Eklat in Gleichen &#8211; Gemeinde lehnt Antrag auf B\u00fcrgerbegehren zum Erhalt der Bremker Grundschule ab","datePublished":"2025-05-28T04:02:11+00:00","dateModified":"2025-05-30T08:49:08+00:00","mainEntityOfPage":{"@id":"https:\/\/radioleinewelle.de\/index.php\/2025\/05\/28\/eklat-in-gleichen-verwaltungsausschuss-des-gemeinderats-lehnt-antrag-auf-buergerbegehren-zum-erhalt-der-bremker-grundschule-ab\/"},"wordCount":415,"commentCount":0,"publisher":{"@id":"https:\/\/radioleinewelle.de\/#organization"},"image":{"@id":"https:\/\/radioleinewelle.de\/index.php\/2025\/05\/28\/eklat-in-gleichen-verwaltungsausschuss-des-gemeinderats-lehnt-antrag-auf-buergerbegehren-zum-erhalt-der-bremker-grundschule-ab\/#primaryimage"},"thumbnailUrl":"https:\/\/radioleinewelle.de\/wp-content\/uploads\/2025\/05\/IMG_5491.jpg","inLanguage":"de","potentialAction":[{"@type":"CommentAction","name":"Comment","target":["https:\/\/radioleinewelle.de\/index.php\/2025\/05\/28\/eklat-in-gleichen-verwaltungsausschuss-des-gemeinderats-lehnt-antrag-auf-buergerbegehren-zum-erhalt-der-bremker-grundschule-ab\/#respond"]}]},{"@type":"WebPage","@id":"https:\/\/radioleinewelle.de\/index.php\/2025\/05\/28\/eklat-in-gleichen-verwaltungsausschuss-des-gemeinderats-lehnt-antrag-auf-buergerbegehren-zum-erhalt-der-bremker-grundschule-ab\/","url":"https:\/\/radioleinewelle.de\/index.php\/2025\/05\/28\/eklat-in-gleichen-verwaltungsausschuss-des-gemeinderats-lehnt-antrag-auf-buergerbegehren-zum-erhalt-der-bremker-grundschule-ab\/","name":"Eklat in Gleichen - Gemeinde lehnt Antrag auf B\u00fcrgerbegehren zum Erhalt der Bremker Grundschule ab - Radio Leinewelle","isPartOf":{"@id":"https:\/\/radioleinewelle.de\/#website"},"primaryImageOfPage":{"@id":"https:\/\/radioleinewelle.de\/index.php\/2025\/05\/28\/eklat-in-gleichen-verwaltungsausschuss-des-gemeinderats-lehnt-antrag-auf-buergerbegehren-zum-erhalt-der-bremker-grundschule-ab\/#primaryimage"},"image":{"@id":"https:\/\/radioleinewelle.de\/index.php\/2025\/05\/28\/eklat-in-gleichen-verwaltungsausschuss-des-gemeinderats-lehnt-antrag-auf-buergerbegehren-zum-erhalt-der-bremker-grundschule-ab\/#primaryimage"},"thumbnailUrl":"https:\/\/radioleinewelle.de\/wp-content\/uploads\/2025\/05\/IMG_5491.jpg","datePublished":"2025-05-28T04:02:11+00:00","dateModified":"2025-05-30T08:49:08+00:00","breadcrumb":{"@id":"https:\/\/radioleinewelle.de\/index.php\/2025\/05\/28\/eklat-in-gleichen-verwaltungsausschuss-des-gemeinderats-lehnt-antrag-auf-buergerbegehren-zum-erhalt-der-bremker-grundschule-ab\/#breadcrumb"},"inLanguage":"de","potentialAction":[{"@type":"ReadAction","target":["https:\/\/radioleinewelle.de\/index.php\/2025\/05\/28\/eklat-in-gleichen-verwaltungsausschuss-des-gemeinderats-lehnt-antrag-auf-buergerbegehren-zum-erhalt-der-bremker-grundschule-ab\/"]}]},{"@type":"ImageObject","inLanguage":"de","@id":"https:\/\/radioleinewelle.de\/index.php\/2025\/05\/28\/eklat-in-gleichen-verwaltungsausschuss-des-gemeinderats-lehnt-antrag-auf-buergerbegehren-zum-erhalt-der-bremker-grundschule-ab\/#primaryimage","url":"https:\/\/radioleinewelle.de\/wp-content\/uploads\/2025\/05\/IMG_5491.jpg","contentUrl":"https:\/\/radioleinewelle.de\/wp-content\/uploads\/2025\/05\/IMG_5491.jpg","width":2016,"height":1512},{"@type":"BreadcrumbList","@id":"https:\/\/radioleinewelle.de\/index.php\/2025\/05\/28\/eklat-in-gleichen-verwaltungsausschuss-des-gemeinderats-lehnt-antrag-auf-buergerbegehren-zum-erhalt-der-bremker-grundschule-ab\/#breadcrumb","itemListElement":[{"@type":"ListItem","position":1,"name":"Startseite","item":"https:\/\/radioleinewelle.de\/"},{"@type":"ListItem","position":2,"name":"Eklat in Gleichen &#8211; Gemeinde lehnt Antrag auf B\u00fcrgerbegehren zum Erhalt der Bremker Grundschule ab"}]},{"@type":"WebSite","@id":"https:\/\/radioleinewelle.de\/#website","url":"https:\/\/radioleinewelle.de\/","name":"Radio Leinewelle","description":"","publisher":{"@id":"https:\/\/radioleinewelle.de\/#organization"},"potentialAction":[{"@type":"SearchAction","target":{"@type":"EntryPoint","urlTemplate":"https:\/\/radioleinewelle.de\/?s={search_term_string}"},"query-input":{"@type":"PropertyValueSpecification","valueRequired":true,"valueName":"search_term_string"}}],"inLanguage":"de"},{"@type":"Organization","@id":"https:\/\/radioleinewelle.de\/#organization","name":"Radio Leinewelle","alternateName":"Mein Radio f\u00fcr S\u00fcdniedersachsen","url":"https:\/\/radioleinewelle.de\/","logo":{"@type":"ImageObject","inLanguage":"de","@id":"https:\/\/radioleinewelle.de\/#\/schema\/logo\/image\/","url":"https:\/\/radioleinewelle.de\/wp-content\/uploads\/2023\/11\/cropped-Leinewelle_Logo_weiss.png","contentUrl":"https:\/\/radioleinewelle.de\/wp-content\/uploads\/2023\/11\/cropped-Leinewelle_Logo_weiss.png","width":854,"height":260,"caption":"Radio Leinewelle"},"image":{"@id":"https:\/\/radioleinewelle.de\/#\/schema\/logo\/image\/"},"sameAs":["https:\/\/www.facebook.com\/radioleinewelle","https:\/\/x.com\/RLeinewelle","https:\/\/www.instagram.com\/radioleinewelle\/?hl=de"]},{"@type":"Person","@id":"https:\/\/radioleinewelle.de\/#\/schema\/person\/45606f348637df637192dc1b68399a63","name":"Leinewelle","image":{"@type":"ImageObject","inLanguage":"de","@id":"https:\/\/secure.gravatar.com\/avatar\/05c9a17bc973052ee5d91549bd32fb4dd0dc85b7b85ae94b2e2b4943476bbea5?s=96&d=blank&r=g","url":"https:\/\/secure.gravatar.com\/avatar\/05c9a17bc973052ee5d91549bd32fb4dd0dc85b7b85ae94b2e2b4943476bbea5?s=96&d=blank&r=g","contentUrl":"https:\/\/secure.gravatar.com\/avatar\/05c9a17bc973052ee5d91549bd32fb4dd0dc85b7b85ae94b2e2b4943476bbea5?s=96&d=blank&r=g","caption":"Leinewelle"},"sameAs":["http:\/\/localhost\/radio%20leinewelle\/wordpress","https:\/\/www.facebook.com\/radioleinewelle","https:\/\/www.instagram.com\/radioleinewelle","https:\/\/x.com\/https:\/\/twitter.com\/RLeinewelle?ref_src=twsrcgoogletwcampserptwgrauthor","https:\/\/soundcloud.com\/foerderverein-lokalradio?utm_source=clipboard&utm_medium=text&utm_campaign=social_sharing"],"url":"https:\/\/radioleinewelle.de\/index.php\/author\/leinewelle\/"}]}},"_links":{"self":[{"href":"https:\/\/radioleinewelle.de\/index.php\/wp-json\/wp\/v2\/posts\/28262","targetHints":{"allow":["GET"]}}],"collection":[{"href":"https:\/\/radioleinewelle.de\/index.php\/wp-json\/wp\/v2\/posts"}],"about":[{"href":"https:\/\/radioleinewelle.de\/index.php\/wp-json\/wp\/v2\/types\/post"}],"author":[{"embeddable":true,"href":"https:\/\/radioleinewelle.de\/index.php\/wp-json\/wp\/v2\/users\/1"}],"replies":[{"embeddable":true,"href":"https:\/\/radioleinewelle.de\/index.php\/wp-json\/wp\/v2\/comments?post=28262"}],"version-history":[{"count":14,"href":"https:\/\/radioleinewelle.de\/index.php\/wp-json\/wp\/v2\/posts\/28262\/revisions"}],"predecessor-version":[{"id":28359,"href":"https:\/\/radioleinewelle.de\/index.php\/wp-json\/wp\/v2\/posts\/28262\/revisions\/28359"}],"wp:featuredmedia":[{"embeddable":true,"href":"https:\/\/radioleinewelle.de\/index.php\/wp-json\/wp\/v2\/media\/28264"}],"wp:attachment":[{"href":"https:\/\/radioleinewelle.de\/index.php\/wp-json\/wp\/v2\/media?parent=28262"}],"wp:term":[{"taxonomy":"category","embeddable":true,"href":"https:\/\/radioleinewelle.de\/index.php\/wp-json\/wp\/v2\/categories?post=28262"},{"taxonomy":"post_tag","embeddable":true,"href":"https:\/\/radioleinewelle.de\/index.php\/wp-json\/wp\/v2\/tags?post=28262"}],"curies":[{"name":"wp","href":"https:\/\/api.w.org\/{rel}","templated":true}]}}