{"id":28292,"date":"2025-05-26T13:21:56","date_gmt":"2025-05-26T11:21:56","guid":{"rendered":"https:\/\/radioleinewelle.de\/?p=28292"},"modified":"2025-05-26T13:21:59","modified_gmt":"2025-05-26T11:21:59","slug":"news-infos-am-26-05","status":"publish","type":"post","link":"https:\/\/radioleinewelle.de\/index.php\/2025\/05\/26\/news-infos-am-26-05\/","title":{"rendered":"News &amp; Infos am 26.05."},"content":{"rendered":"\n<p>+++ <strong>Parkpl\u00e4tze auf dem G\u00f6ttinger Sch\u00fctzenplatz bald wieder nutzbar<\/strong>  &#8211; Der Parkplatz auf dem Sch\u00fctzenplatz wird ab Mittwoch, 28. Mai 2025, wieder freigegeben. Das soll auch den Parkdruck im Bereich um den derzeit gesperrten Godehardkreisel reduzieren. Weitere Parkpl\u00e4tze stehen nach wie vor am Sch\u00fctzenanger zur Verf\u00fcgung. +++<\/p>\n\n\n\n<p>+++ <strong>Northeim<\/strong> &#8211; Am 24.05.2025 kam es gegen 19.30 Uhr nach einem <strong>Streit bei einer privaten Grillfeier<\/strong> zu einer k\u00f6rperlichen Auseinandersetzung, bei der ein 40-j\u00e4hriger Northeimer von einem 35-j\u00e4hrigen Northeimer mit einem Messer am Bein verletzt wurde. Am 24.05.2025 kam es gegen 19.30 Uhr nach einem Streit bei einer privaten Grillfeier zu einer k\u00f6rperlichen Auseinandersetzung, bei der ein 40-j\u00e4hriger Northeimer von einem 35-j\u00e4hrigen Northeimer mit einem Messer am Bein verletzt wurde. Anschlie\u00dfend entfernte sich der T\u00e4ter zu Fu\u00df vom Tatort. Der verletzte 40-J\u00e4hrige wurde durch den Angriff schwer, aber nicht lebensbedrohlich, verletzt. Nach medizinischer Erstversorgung wurde er in ein Krankenhaus gebracht. Der alkoholisierte T\u00e4ter konnte im Rahmen der polizeilichen Fahndung in der Feldmark zwischen Northeim und Sudheim angetroffen und widerstandslos festgenommen werden. Nach einer richterlich angeordneten Blutprobenentnahme verblieb der Northeimer im polizeilichen Gewahrsam zur Verhinderung weiterer Straftaten. Gegen den 35-j\u00e4hrigen T\u00e4ter aus Northeim wurde ein Ermittlungsverfahren wegen gef\u00e4hrlicher K\u00f6rperverletzung eingeleitet. +++<\/p>\n\n\n\n<p>+++ <strong>Gr\u00fcnschnitt muss ordnungsgem\u00e4\u00df entsorgt werden<\/strong>  &#8211; Immer h\u00e4ufiger werden Gartenabf\u00e4lle im Wald oder an Wald- und Wegr\u00e4ndern entsorgt. Die Ablagerung von Gartenabf\u00e4llen au\u00dferhalb des eigenen Grundst\u00fcckes belastet die Umwelt und stellt eine Ordnungswidrigkeit dar, die mit einer Geldbu\u00dfe (je nach Menge von 20 \u20ac bis 1.500 \u20ac) geahndet wird. Gartenabf\u00e4lle bringen das Gleichgewicht des Waldbodens durcheinander. In der Umgebung des Abfallhaufens breiten sich Gartenpflanzen aus, so dass urspr\u00fcnglich wachsende Waldbodenpflanzen verdr\u00e4ngt werden. H\u00e4ufig sind die am Waldrand abgelegten Gartenabf\u00e4lle auch der Ansto\u00df f\u00fcr eine wilde M\u00fcllkippe.\u00a0Der Landkreis G\u00f6ttingen weist deshalb darauf hin, dass Gartenabf\u00e4lle ordnungsgem\u00e4\u00df entsorgt werden m\u00fcssen. Die Ablagerung von Gartenabf\u00e4llen au\u00dferhalb des eigenen Grundst\u00fcckes stellt eine Ordnungswidrigkeit dar, die mit einer Geldbu\u00dfe (je nach Menge von 20 \u20ac bis 1.500 \u20ac) geahndet wird. F\u00fcr weitere Nachfragen steht die Abfallberatung des Landkreises G\u00f6ttingen unter 0551 525-1414 und 05522 960-1414 oder\u00a0<a href=\"mailto:abfallberatung@landkreisgoettingen.de\">abfallberatung@landkreisgoettingen.de<\/a>\u00a0gern zur Verf\u00fcgung. +++<\/p>\n\n\n\n<p>+++ <strong>Bei Anruf Andacht \u2013 Neues Angebot im Kirchenkreis G\u00f6ttingen\u2010M\u00fcnden<\/strong> &#8211; Worte der Hoffnung, des Trostes und des Segens erreichen Menschen auf unterschiedliche Weise: im Gottesdienst in der Kirche, bei Andachten in Seniorenheimen oder Kliniken und zunehmend auch im Internet oder per App auf dem Handy. Im Ev.\u2010luth. Kirchenkreis G\u00f6ttingen\u2010M\u00fcnden k\u00f6nnen Sie ab dem 16. Juni drei Mal in der Woche montags, mittwochs und freitags \u00fcber die Festnetznummer 0551\/27070860 eine Telefonandacht von Pastor Thorsten Wasmuth\u2010H\u00f6dicke h\u00f6ren. Der Altenheimseelsorger \u00fcber das Projekt: \u201eDie Telefonandachten sollen die Menschen im Glauben inspirieren und st\u00e4rken. Bequem von Zuhause und unterwegs k\u00f6nnen Interessierte zuh\u00f6ren, mitbeten und sich einen Segen zusagen lassen.\u201c Gerade f\u00fcr Personen, die zurzeit nicht in die Kirche gehen k\u00f6nnen, die in ihrer Mobilit\u00e4t eingeschr\u00e4nkt sind oder die in einem bestimmten Moment ein aufbauendes Wort ben\u00f6tigen, ist die Telefonandacht geeignet. Bei steigendem Bedarf soll das Projekt auf weitere Tage in der Woche ausgeweitet werden. +++<\/p>\n\n\n\n<p>+++ <strong>Klimaschutz braucht sicheren Radverkehr<\/strong> &#8211; Die Mehrheitsgruppe SPD\/Gr\u00fcne im Kreistag G\u00f6ttingen hat zur Sitzung des Ausschusses f\u00fcr Wirtschaft, Verkehr, Bauen, Planen und Energie am 20. Mai 2025 sowie f\u00fcr die nachfolgenden Beratungen im Kreisausschuss und Kreistag einen \u00c4nderungsantrag zum Masterplan Radverkehr eingebracht. Ziel des Antrags ist es, durch die Erg\u00e4nzung einer Pr\u00e4ambel deutlich zu machen, dass der Masterplan auf die Sicherheit von Radfahrerinnen und Radfahrer auszurichten ist und bestehende L\u00fccken in der Planung zu schlie\u00dfen sind. \u201eDie maximale Sicherheit f\u00fcr alle Radfahrinnen und Radfahrer und die Vernetzung von Ortschaften sowie die sichere Anbindung wichtiger Ziele hat oberste Priorit\u00e4t\u201c, betont B\u00e4rbel Diebel-Geries von der SPD-Kreistagsfraktion. Die Verlagerung des Radverkehrs in den Mischverkehr \u2013 also auf gemeinsam genutzte Strecken mit Kfz-Verkehr \u2013 solle deshalb nach M\u00f6glichkeit vermieden werden. \u201eKonkret fordert der \u00c4nderungsantrag, dass Wirtschaftswege als sichere Radverbindungen in die Planung einbezogen werden. Wo sich Mischverkehrsstrecken au\u00dferhalb geschlossener Ortschaften nicht vermeiden lassen werden Temporeduzierungen angestrebt&#8220;, erkl\u00e4rt der Gr\u00fcne Kreistagsabgeordnete und Gr\u00fcne Ausschusssprecher Joachim Beisheim. +++<\/p>\n\n\n\n<p><\/p>\n","protected":false},"excerpt":{"rendered":"<p>+++ Parkpl\u00e4tze auf dem G\u00f6ttinger Sch\u00fctzenplatz bald wieder nutzbar &#8211; Der Parkplatz auf dem Sch\u00fctzenplatz wird ab Mittwoch, 28. Mai 2025, wieder freigegeben. Das soll auch den Parkdruck im Bereich um den derzeit gesperrten Godehardkreisel reduzieren. Weitere Parkpl\u00e4tze stehen nach wie vor am Sch\u00fctzenanger zur Verf\u00fcgung. +++ +++ Northeim &#8211; Am 24.05.2025 kam es gegen [&hellip;]<\/p>\n","protected":false},"author":1,"featured_media":24274,"comment_status":"open","ping_status":"open","sticky":false,"template":"","format":"standard","meta":{"saved_in_kubio":false,"footnotes":""},"categories":[1],"tags":[],"class_list":["post-28292","post","type-post","status-publish","format-standard","has-post-thumbnail","hentry","category-allgemein"],"yoast_head":"<!-- This site is optimized with the Yoast SEO plugin v27.5 - https:\/\/yoast.com\/product\/yoast-seo-wordpress\/ -->\n<title>News &amp; Infos am 26.05. - Radio Leinewelle<\/title>\n<meta name=\"robots\" content=\"index, follow, max-snippet:-1, max-image-preview:large, max-video-preview:-1\" \/>\n<link rel=\"canonical\" href=\"https:\/\/radioleinewelle.de\/index.php\/2025\/05\/26\/news-infos-am-26-05\/\" \/>\n<meta property=\"og:locale\" content=\"de_DE\" \/>\n<meta property=\"og:type\" content=\"article\" \/>\n<meta property=\"og:title\" content=\"News &amp; Infos am 26.05. - Radio Leinewelle\" \/>\n<meta property=\"og:description\" content=\"+++ Parkpl\u00e4tze auf dem G\u00f6ttinger Sch\u00fctzenplatz bald wieder nutzbar &#8211; Der Parkplatz auf dem Sch\u00fctzenplatz wird ab Mittwoch, 28. Mai 2025, wieder freigegeben. Das soll auch den Parkdruck im Bereich um den derzeit gesperrten Godehardkreisel reduzieren. Weitere Parkpl\u00e4tze stehen nach wie vor am Sch\u00fctzenanger zur Verf\u00fcgung. +++ +++ Northeim &#8211; Am 24.05.2025 kam es gegen [&hellip;]\" \/>\n<meta property=\"og:url\" content=\"https:\/\/radioleinewelle.de\/index.php\/2025\/05\/26\/news-infos-am-26-05\/\" \/>\n<meta property=\"og:site_name\" content=\"Radio Leinewelle\" \/>\n<meta property=\"article:publisher\" content=\"https:\/\/www.facebook.com\/radioleinewelle\" \/>\n<meta property=\"article:author\" content=\"https:\/\/www.facebook.com\/radioleinewelle\" \/>\n<meta property=\"article:published_time\" content=\"2025-05-26T11:21:56+00:00\" \/>\n<meta property=\"article:modified_time\" content=\"2025-05-26T11:21:59+00:00\" \/>\n<meta property=\"og:image\" content=\"https:\/\/radioleinewelle.de\/wp-content\/uploads\/2023\/11\/Leinewelle-News-scaled-1.jpeg\" \/>\n\t<meta property=\"og:image:width\" content=\"2560\" \/>\n\t<meta property=\"og:image:height\" content=\"2560\" \/>\n\t<meta property=\"og:image:type\" content=\"image\/jpeg\" \/>\n<meta name=\"author\" content=\"Leinewelle\" \/>\n<meta name=\"twitter:card\" content=\"summary_large_image\" \/>\n<meta name=\"twitter:creator\" content=\"@https:\/\/twitter.com\/RLeinewelle?ref_src=twsrcgoogletwcampserptwgrauthor\" \/>\n<meta name=\"twitter:site\" content=\"@RLeinewelle\" \/>\n<meta name=\"twitter:label1\" content=\"Verfasst von\" \/>\n\t<meta name=\"twitter:data1\" content=\"Leinewelle\" \/>\n\t<meta name=\"twitter:label2\" content=\"Gesch\u00e4tzte Lesezeit\" \/>\n\t<meta name=\"twitter:data2\" content=\"4\u00a0Minuten\" \/>\n<script type=\"application\/ld+json\" class=\"yoast-schema-graph\">{\"@context\":\"https:\\\/\\\/schema.org\",\"@graph\":[{\"@type\":\"Article\",\"@id\":\"https:\\\/\\\/radioleinewelle.de\\\/index.php\\\/2025\\\/05\\\/26\\\/news-infos-am-26-05\\\/#article\",\"isPartOf\":{\"@id\":\"https:\\\/\\\/radioleinewelle.de\\\/index.php\\\/2025\\\/05\\\/26\\\/news-infos-am-26-05\\\/\"},\"author\":{\"name\":\"Leinewelle\",\"@id\":\"https:\\\/\\\/radioleinewelle.de\\\/#\\\/schema\\\/person\\\/45606f348637df637192dc1b68399a63\"},\"headline\":\"News &amp; Infos am 26.05.\",\"datePublished\":\"2025-05-26T11:21:56+00:00\",\"dateModified\":\"2025-05-26T11:21:59+00:00\",\"mainEntityOfPage\":{\"@id\":\"https:\\\/\\\/radioleinewelle.de\\\/index.php\\\/2025\\\/05\\\/26\\\/news-infos-am-26-05\\\/\"},\"wordCount\":716,\"commentCount\":0,\"publisher\":{\"@id\":\"https:\\\/\\\/radioleinewelle.de\\\/#organization\"},\"image\":{\"@id\":\"https:\\\/\\\/radioleinewelle.de\\\/index.php\\\/2025\\\/05\\\/26\\\/news-infos-am-26-05\\\/#primaryimage\"},\"thumbnailUrl\":\"https:\\\/\\\/radioleinewelle.de\\\/wp-content\\\/uploads\\\/2023\\\/11\\\/Leinewelle-News-scaled-1.jpeg\",\"inLanguage\":\"de\",\"potentialAction\":[{\"@type\":\"CommentAction\",\"name\":\"Comment\",\"target\":[\"https:\\\/\\\/radioleinewelle.de\\\/index.php\\\/2025\\\/05\\\/26\\\/news-infos-am-26-05\\\/#respond\"]}]},{\"@type\":\"WebPage\",\"@id\":\"https:\\\/\\\/radioleinewelle.de\\\/index.php\\\/2025\\\/05\\\/26\\\/news-infos-am-26-05\\\/\",\"url\":\"https:\\\/\\\/radioleinewelle.de\\\/index.php\\\/2025\\\/05\\\/26\\\/news-infos-am-26-05\\\/\",\"name\":\"News &amp; Infos am 26.05. - Radio Leinewelle\",\"isPartOf\":{\"@id\":\"https:\\\/\\\/radioleinewelle.de\\\/#website\"},\"primaryImageOfPage\":{\"@id\":\"https:\\\/\\\/radioleinewelle.de\\\/index.php\\\/2025\\\/05\\\/26\\\/news-infos-am-26-05\\\/#primaryimage\"},\"image\":{\"@id\":\"https:\\\/\\\/radioleinewelle.de\\\/index.php\\\/2025\\\/05\\\/26\\\/news-infos-am-26-05\\\/#primaryimage\"},\"thumbnailUrl\":\"https:\\\/\\\/radioleinewelle.de\\\/wp-content\\\/uploads\\\/2023\\\/11\\\/Leinewelle-News-scaled-1.jpeg\",\"datePublished\":\"2025-05-26T11:21:56+00:00\",\"dateModified\":\"2025-05-26T11:21:59+00:00\",\"breadcrumb\":{\"@id\":\"https:\\\/\\\/radioleinewelle.de\\\/index.php\\\/2025\\\/05\\\/26\\\/news-infos-am-26-05\\\/#breadcrumb\"},\"inLanguage\":\"de\",\"potentialAction\":[{\"@type\":\"ReadAction\",\"target\":[\"https:\\\/\\\/radioleinewelle.de\\\/index.php\\\/2025\\\/05\\\/26\\\/news-infos-am-26-05\\\/\"]}]},{\"@type\":\"ImageObject\",\"inLanguage\":\"de\",\"@id\":\"https:\\\/\\\/radioleinewelle.de\\\/index.php\\\/2025\\\/05\\\/26\\\/news-infos-am-26-05\\\/#primaryimage\",\"url\":\"https:\\\/\\\/radioleinewelle.de\\\/wp-content\\\/uploads\\\/2023\\\/11\\\/Leinewelle-News-scaled-1.jpeg\",\"contentUrl\":\"https:\\\/\\\/radioleinewelle.de\\\/wp-content\\\/uploads\\\/2023\\\/11\\\/Leinewelle-News-scaled-1.jpeg\",\"width\":2560,\"height\":2560},{\"@type\":\"BreadcrumbList\",\"@id\":\"https:\\\/\\\/radioleinewelle.de\\\/index.php\\\/2025\\\/05\\\/26\\\/news-infos-am-26-05\\\/#breadcrumb\",\"itemListElement\":[{\"@type\":\"ListItem\",\"position\":1,\"name\":\"Startseite\",\"item\":\"https:\\\/\\\/radioleinewelle.de\\\/\"},{\"@type\":\"ListItem\",\"position\":2,\"name\":\"News &amp; Infos am 26.05.\"}]},{\"@type\":\"WebSite\",\"@id\":\"https:\\\/\\\/radioleinewelle.de\\\/#website\",\"url\":\"https:\\\/\\\/radioleinewelle.de\\\/\",\"name\":\"Radio Leinewelle\",\"description\":\"\",\"publisher\":{\"@id\":\"https:\\\/\\\/radioleinewelle.de\\\/#organization\"},\"potentialAction\":[{\"@type\":\"SearchAction\",\"target\":{\"@type\":\"EntryPoint\",\"urlTemplate\":\"https:\\\/\\\/radioleinewelle.de\\\/?s={search_term_string}\"},\"query-input\":{\"@type\":\"PropertyValueSpecification\",\"valueRequired\":true,\"valueName\":\"search_term_string\"}}],\"inLanguage\":\"de\"},{\"@type\":\"Organization\",\"@id\":\"https:\\\/\\\/radioleinewelle.de\\\/#organization\",\"name\":\"Radio Leinewelle\",\"alternateName\":\"Mein Radio f\u00fcr S\u00fcdniedersachsen\",\"url\":\"https:\\\/\\\/radioleinewelle.de\\\/\",\"logo\":{\"@type\":\"ImageObject\",\"inLanguage\":\"de\",\"@id\":\"https:\\\/\\\/radioleinewelle.de\\\/#\\\/schema\\\/logo\\\/image\\\/\",\"url\":\"https:\\\/\\\/radioleinewelle.de\\\/wp-content\\\/uploads\\\/2023\\\/11\\\/cropped-Leinewelle_Logo_weiss.png\",\"contentUrl\":\"https:\\\/\\\/radioleinewelle.de\\\/wp-content\\\/uploads\\\/2023\\\/11\\\/cropped-Leinewelle_Logo_weiss.png\",\"width\":854,\"height\":260,\"caption\":\"Radio Leinewelle\"},\"image\":{\"@id\":\"https:\\\/\\\/radioleinewelle.de\\\/#\\\/schema\\\/logo\\\/image\\\/\"},\"sameAs\":[\"https:\\\/\\\/www.facebook.com\\\/radioleinewelle\",\"https:\\\/\\\/x.com\\\/RLeinewelle\",\"https:\\\/\\\/www.instagram.com\\\/radioleinewelle\\\/?hl=de\"]},{\"@type\":\"Person\",\"@id\":\"https:\\\/\\\/radioleinewelle.de\\\/#\\\/schema\\\/person\\\/45606f348637df637192dc1b68399a63\",\"name\":\"Leinewelle\",\"image\":{\"@type\":\"ImageObject\",\"inLanguage\":\"de\",\"@id\":\"https:\\\/\\\/secure.gravatar.com\\\/avatar\\\/05c9a17bc973052ee5d91549bd32fb4dd0dc85b7b85ae94b2e2b4943476bbea5?s=96&d=blank&r=g\",\"url\":\"https:\\\/\\\/secure.gravatar.com\\\/avatar\\\/05c9a17bc973052ee5d91549bd32fb4dd0dc85b7b85ae94b2e2b4943476bbea5?s=96&d=blank&r=g\",\"contentUrl\":\"https:\\\/\\\/secure.gravatar.com\\\/avatar\\\/05c9a17bc973052ee5d91549bd32fb4dd0dc85b7b85ae94b2e2b4943476bbea5?s=96&d=blank&r=g\",\"caption\":\"Leinewelle\"},\"sameAs\":[\"http:\\\/\\\/localhost\\\/radio%20leinewelle\\\/wordpress\",\"https:\\\/\\\/www.facebook.com\\\/radioleinewelle\",\"https:\\\/\\\/www.instagram.com\\\/radioleinewelle\",\"https:\\\/\\\/x.com\\\/https:\\\/\\\/twitter.com\\\/RLeinewelle?ref_src=twsrcgoogletwcampserptwgrauthor\",\"https:\\\/\\\/soundcloud.com\\\/foerderverein-lokalradio?utm_source=clipboard&utm_medium=text&utm_campaign=social_sharing\"],\"url\":\"https:\\\/\\\/radioleinewelle.de\\\/index.php\\\/author\\\/leinewelle\\\/\"}]}<\/script>\n<!-- \/ Yoast SEO plugin. -->","yoast_head_json":{"title":"News &amp; Infos am 26.05. - Radio Leinewelle","robots":{"index":"index","follow":"follow","max-snippet":"max-snippet:-1","max-image-preview":"max-image-preview:large","max-video-preview":"max-video-preview:-1"},"canonical":"https:\/\/radioleinewelle.de\/index.php\/2025\/05\/26\/news-infos-am-26-05\/","og_locale":"de_DE","og_type":"article","og_title":"News &amp; Infos am 26.05. - Radio Leinewelle","og_description":"+++ Parkpl\u00e4tze auf dem G\u00f6ttinger Sch\u00fctzenplatz bald wieder nutzbar &#8211; Der Parkplatz auf dem Sch\u00fctzenplatz wird ab Mittwoch, 28. Mai 2025, wieder freigegeben. Das soll auch den Parkdruck im Bereich um den derzeit gesperrten Godehardkreisel reduzieren. Weitere Parkpl\u00e4tze stehen nach wie vor am Sch\u00fctzenanger zur Verf\u00fcgung. +++ +++ Northeim &#8211; Am 24.05.2025 kam es gegen [&hellip;]","og_url":"https:\/\/radioleinewelle.de\/index.php\/2025\/05\/26\/news-infos-am-26-05\/","og_site_name":"Radio Leinewelle","article_publisher":"https:\/\/www.facebook.com\/radioleinewelle","article_author":"https:\/\/www.facebook.com\/radioleinewelle","article_published_time":"2025-05-26T11:21:56+00:00","article_modified_time":"2025-05-26T11:21:59+00:00","og_image":[{"width":2560,"height":2560,"url":"https:\/\/radioleinewelle.de\/wp-content\/uploads\/2023\/11\/Leinewelle-News-scaled-1.jpeg","type":"image\/jpeg"}],"author":"Leinewelle","twitter_card":"summary_large_image","twitter_creator":"@https:\/\/twitter.com\/RLeinewelle?ref_src=twsrcgoogletwcampserptwgrauthor","twitter_site":"@RLeinewelle","twitter_misc":{"Verfasst von":"Leinewelle","Gesch\u00e4tzte Lesezeit":"4\u00a0Minuten"},"schema":{"@context":"https:\/\/schema.org","@graph":[{"@type":"Article","@id":"https:\/\/radioleinewelle.de\/index.php\/2025\/05\/26\/news-infos-am-26-05\/#article","isPartOf":{"@id":"https:\/\/radioleinewelle.de\/index.php\/2025\/05\/26\/news-infos-am-26-05\/"},"author":{"name":"Leinewelle","@id":"https:\/\/radioleinewelle.de\/#\/schema\/person\/45606f348637df637192dc1b68399a63"},"headline":"News &amp; Infos am 26.05.","datePublished":"2025-05-26T11:21:56+00:00","dateModified":"2025-05-26T11:21:59+00:00","mainEntityOfPage":{"@id":"https:\/\/radioleinewelle.de\/index.php\/2025\/05\/26\/news-infos-am-26-05\/"},"wordCount":716,"commentCount":0,"publisher":{"@id":"https:\/\/radioleinewelle.de\/#organization"},"image":{"@id":"https:\/\/radioleinewelle.de\/index.php\/2025\/05\/26\/news-infos-am-26-05\/#primaryimage"},"thumbnailUrl":"https:\/\/radioleinewelle.de\/wp-content\/uploads\/2023\/11\/Leinewelle-News-scaled-1.jpeg","inLanguage":"de","potentialAction":[{"@type":"CommentAction","name":"Comment","target":["https:\/\/radioleinewelle.de\/index.php\/2025\/05\/26\/news-infos-am-26-05\/#respond"]}]},{"@type":"WebPage","@id":"https:\/\/radioleinewelle.de\/index.php\/2025\/05\/26\/news-infos-am-26-05\/","url":"https:\/\/radioleinewelle.de\/index.php\/2025\/05\/26\/news-infos-am-26-05\/","name":"News &amp; Infos am 26.05. - Radio Leinewelle","isPartOf":{"@id":"https:\/\/radioleinewelle.de\/#website"},"primaryImageOfPage":{"@id":"https:\/\/radioleinewelle.de\/index.php\/2025\/05\/26\/news-infos-am-26-05\/#primaryimage"},"image":{"@id":"https:\/\/radioleinewelle.de\/index.php\/2025\/05\/26\/news-infos-am-26-05\/#primaryimage"},"thumbnailUrl":"https:\/\/radioleinewelle.de\/wp-content\/uploads\/2023\/11\/Leinewelle-News-scaled-1.jpeg","datePublished":"2025-05-26T11:21:56+00:00","dateModified":"2025-05-26T11:21:59+00:00","breadcrumb":{"@id":"https:\/\/radioleinewelle.de\/index.php\/2025\/05\/26\/news-infos-am-26-05\/#breadcrumb"},"inLanguage":"de","potentialAction":[{"@type":"ReadAction","target":["https:\/\/radioleinewelle.de\/index.php\/2025\/05\/26\/news-infos-am-26-05\/"]}]},{"@type":"ImageObject","inLanguage":"de","@id":"https:\/\/radioleinewelle.de\/index.php\/2025\/05\/26\/news-infos-am-26-05\/#primaryimage","url":"https:\/\/radioleinewelle.de\/wp-content\/uploads\/2023\/11\/Leinewelle-News-scaled-1.jpeg","contentUrl":"https:\/\/radioleinewelle.de\/wp-content\/uploads\/2023\/11\/Leinewelle-News-scaled-1.jpeg","width":2560,"height":2560},{"@type":"BreadcrumbList","@id":"https:\/\/radioleinewelle.de\/index.php\/2025\/05\/26\/news-infos-am-26-05\/#breadcrumb","itemListElement":[{"@type":"ListItem","position":1,"name":"Startseite","item":"https:\/\/radioleinewelle.de\/"},{"@type":"ListItem","position":2,"name":"News &amp; Infos am 26.05."}]},{"@type":"WebSite","@id":"https:\/\/radioleinewelle.de\/#website","url":"https:\/\/radioleinewelle.de\/","name":"Radio Leinewelle","description":"","publisher":{"@id":"https:\/\/radioleinewelle.de\/#organization"},"potentialAction":[{"@type":"SearchAction","target":{"@type":"EntryPoint","urlTemplate":"https:\/\/radioleinewelle.de\/?s={search_term_string}"},"query-input":{"@type":"PropertyValueSpecification","valueRequired":true,"valueName":"search_term_string"}}],"inLanguage":"de"},{"@type":"Organization","@id":"https:\/\/radioleinewelle.de\/#organization","name":"Radio Leinewelle","alternateName":"Mein Radio f\u00fcr S\u00fcdniedersachsen","url":"https:\/\/radioleinewelle.de\/","logo":{"@type":"ImageObject","inLanguage":"de","@id":"https:\/\/radioleinewelle.de\/#\/schema\/logo\/image\/","url":"https:\/\/radioleinewelle.de\/wp-content\/uploads\/2023\/11\/cropped-Leinewelle_Logo_weiss.png","contentUrl":"https:\/\/radioleinewelle.de\/wp-content\/uploads\/2023\/11\/cropped-Leinewelle_Logo_weiss.png","width":854,"height":260,"caption":"Radio Leinewelle"},"image":{"@id":"https:\/\/radioleinewelle.de\/#\/schema\/logo\/image\/"},"sameAs":["https:\/\/www.facebook.com\/radioleinewelle","https:\/\/x.com\/RLeinewelle","https:\/\/www.instagram.com\/radioleinewelle\/?hl=de"]},{"@type":"Person","@id":"https:\/\/radioleinewelle.de\/#\/schema\/person\/45606f348637df637192dc1b68399a63","name":"Leinewelle","image":{"@type":"ImageObject","inLanguage":"de","@id":"https:\/\/secure.gravatar.com\/avatar\/05c9a17bc973052ee5d91549bd32fb4dd0dc85b7b85ae94b2e2b4943476bbea5?s=96&d=blank&r=g","url":"https:\/\/secure.gravatar.com\/avatar\/05c9a17bc973052ee5d91549bd32fb4dd0dc85b7b85ae94b2e2b4943476bbea5?s=96&d=blank&r=g","contentUrl":"https:\/\/secure.gravatar.com\/avatar\/05c9a17bc973052ee5d91549bd32fb4dd0dc85b7b85ae94b2e2b4943476bbea5?s=96&d=blank&r=g","caption":"Leinewelle"},"sameAs":["http:\/\/localhost\/radio%20leinewelle\/wordpress","https:\/\/www.facebook.com\/radioleinewelle","https:\/\/www.instagram.com\/radioleinewelle","https:\/\/x.com\/https:\/\/twitter.com\/RLeinewelle?ref_src=twsrcgoogletwcampserptwgrauthor","https:\/\/soundcloud.com\/foerderverein-lokalradio?utm_source=clipboard&utm_medium=text&utm_campaign=social_sharing"],"url":"https:\/\/radioleinewelle.de\/index.php\/author\/leinewelle\/"}]}},"_links":{"self":[{"href":"https:\/\/radioleinewelle.de\/index.php\/wp-json\/wp\/v2\/posts\/28292","targetHints":{"allow":["GET"]}}],"collection":[{"href":"https:\/\/radioleinewelle.de\/index.php\/wp-json\/wp\/v2\/posts"}],"about":[{"href":"https:\/\/radioleinewelle.de\/index.php\/wp-json\/wp\/v2\/types\/post"}],"author":[{"embeddable":true,"href":"https:\/\/radioleinewelle.de\/index.php\/wp-json\/wp\/v2\/users\/1"}],"replies":[{"embeddable":true,"href":"https:\/\/radioleinewelle.de\/index.php\/wp-json\/wp\/v2\/comments?post=28292"}],"version-history":[{"count":5,"href":"https:\/\/radioleinewelle.de\/index.php\/wp-json\/wp\/v2\/posts\/28292\/revisions"}],"predecessor-version":[{"id":28297,"href":"https:\/\/radioleinewelle.de\/index.php\/wp-json\/wp\/v2\/posts\/28292\/revisions\/28297"}],"wp:featuredmedia":[{"embeddable":true,"href":"https:\/\/radioleinewelle.de\/index.php\/wp-json\/wp\/v2\/media\/24274"}],"wp:attachment":[{"href":"https:\/\/radioleinewelle.de\/index.php\/wp-json\/wp\/v2\/media?parent=28292"}],"wp:term":[{"taxonomy":"category","embeddable":true,"href":"https:\/\/radioleinewelle.de\/index.php\/wp-json\/wp\/v2\/categories?post=28292"},{"taxonomy":"post_tag","embeddable":true,"href":"https:\/\/radioleinewelle.de\/index.php\/wp-json\/wp\/v2\/tags?post=28292"}],"curies":[{"name":"wp","href":"https:\/\/api.w.org\/{rel}","templated":true}]}}