{"id":28298,"date":"2025-05-26T13:52:47","date_gmt":"2025-05-26T11:52:47","guid":{"rendered":"https:\/\/radioleinewelle.de\/?p=28298"},"modified":"2025-05-26T13:52:48","modified_gmt":"2025-05-26T11:52:48","slug":"goettingen-das-bio-mobil-ist-da","status":"publish","type":"post","link":"https:\/\/radioleinewelle.de\/index.php\/2025\/05\/26\/goettingen-das-bio-mobil-ist-da\/","title":{"rendered":"G\u00f6ttingen: Das Bio Mobil ist da!"},"content":{"rendered":"\n<p>Seit vergangener Woche macht das sogenannte <strong> <\/strong>Bio-Mobil, eine interaktive Roadshow rund um den \u00f6kologischen Landbau, macht auf Initiative der \u00d6ko-Modellregion bis zum 10.06.2025 Halt auf dem Albaniplatz in G\u00f6ttingen. Das EU-gef\u00f6rderte Projekt von Bioland bringt auf spannende und praxisnahe Weise die Welt der Bio-Landwirtschaft n\u00e4her und r\u00e4umt mit Vorurteilen auf.<\/p>\n\n\n\n<p><strong>Bio-Mobil \u2013 was ist das?<\/strong><br>Besucher*innen k\u00f6nnen sich t\u00e4glich zwischen 11:00 und 18:00 Uhr auf ein vielf\u00e4ltiges Programm freuen, das sowohl f\u00fcr Jung als auch Alt jede Menge Wissenswertes und Erlebenswertes bereith\u00e4lt. Vom Barfu\u00dfpfad zur \u00f6kologischen Fruchtfolge \u00fcber eine Melkstation, an der man selbst Hand anlegen kann, bis hin zu einer VR-Station, die in die Bio-Landwirtschaft eintauchen l\u00e4sst \u2013 die interaktiven Stationen sorgen f\u00fcr Abwechslung und vertieftes Verst\u00e4ndnis f\u00fcr die Bedeutung von \u201eBio\u201c. <a>Umweltdezernentin Doreen Fragel unterst\u00fctzt das Projekt: \u201eWir freuen uns sehr, dass<\/a> das Bio-Mobil auf Initiative der \u00d6ko-Modellregion des Landkreises f\u00fcr drei Wochen Halt in G\u00f6ttingen macht. Das ist eine hervorragende Gelegenheit, die Bio-Betriebe aus unserer Region vorzustellen und Bewusstsein und Wertsch\u00e4tzung f\u00fcr die Bedeutung von Bio-Lebensmitteln zu schaffen.\u201c ^<\/p>\n\n\n\n\n\n<p><strong>Mitmachaktionen f\u00fcr alle<\/strong><br>Neben der Ausstellung gibt es zahlreiche\u00a0<a href=\"https:\/\/regionalbio.eu\/veranstaltungen\/\">Mitmachaktionen und Workshops<\/a>, die das Thema Bio-Landwirtschaft greifbar machen. Bei der Bio-Foodshow mit TV-K\u00f6chin Jaquline Amirfallah k\u00f6nnen die G\u00e4ste direkt vor Ort erleben, wie k\u00f6stliche Gerichte aus regionalen Bio-Produkten zubereitet werden. F\u00fcr Kinder gibt es die M\u00f6glichkeit, mit der Kinderspielstra\u00dfe und dem Barfu\u00dfpfad die Prinzipien der \u00f6kologischen Landwirtschaft spielerisch zu entdecken. Weitere spannende Veranstaltungen wie die Teekr\u00e4uter-Wanderung am Sonntag, 08.06.2025, auf dem Hofgut Klein Schneen und die Schnippelparty am Samstag, 07.06.2025, erg\u00e4nzen das Programm und laden zum Mitmachen ein.<\/p>\n\n\n\n\n\n<p><strong>Bildung und Engagement: Projekte und Exkursionen<\/strong><br>Das Bio-Mobil ist nicht nur eine Informationsquelle, sondern auch eine Plattform f\u00fcr Engagement. Im Rahmen des Projekts konnten sich Schulen aus G\u00f6ttingen und Umgebung bewerben, um an einem Schulgartenprojekt teilzunehmen und Hochbeete zu erhalten.<\/p>\n\n\n\n<p><strong>Information zu den Veranstaltungen<\/strong><br>Die Teilnahme an vielen Veranstaltungen ist kostenlos. Weitere Informationen zu den einzelnen Programmpunkten, zur Anmeldung und zu den \u00d6ffnungszeiten sind auf der&nbsp;<a href=\"https:\/\/regionalbio.eu\/\">Webseite des Bio-Mobils<\/a>&nbsp;zu finden.<\/p>\n\n\n\n<p class=\"has-small-font-size\"><strong>Fotos:<\/strong> Impressionen vom Bio &#8211; Mobil \u00a9Radio Leinewelle (ue)<\/p>\n\n\n\n<p><\/p>\n","protected":false},"excerpt":{"rendered":"<p>Seit vergangener Woche macht das sogenannte Bio-Mobil, eine interaktive Roadshow rund um den \u00f6kologischen Landbau, macht auf Initiative der \u00d6ko-Modellregion bis zum 10.06.2025 Halt auf dem Albaniplatz in G\u00f6ttingen. Das EU-gef\u00f6rderte Projekt von Bioland bringt auf spannende und praxisnahe Weise die Welt der Bio-Landwirtschaft n\u00e4her und r\u00e4umt mit Vorurteilen auf. Bio-Mobil \u2013 was ist das?Besucher*innen [&hellip;]<\/p>\n","protected":false},"author":1,"featured_media":28304,"comment_status":"open","ping_status":"open","sticky":false,"template":"","format":"standard","meta":{"saved_in_kubio":false,"footnotes":""},"categories":[3260,4195,32],"tags":[],"class_list":["post-28298","post","type-post","status-publish","format-standard","has-post-thumbnail","hentry","category-ernaehrung","category-nachhaltigkeit","category-natur-umwelt"],"yoast_head":"<!-- This site is optimized with the Yoast SEO plugin v27.5 - https:\/\/yoast.com\/product\/yoast-seo-wordpress\/ -->\n<title>G\u00f6ttingen: Das Bio Mobil ist da! - Radio Leinewelle<\/title>\n<meta name=\"robots\" content=\"index, follow, max-snippet:-1, max-image-preview:large, max-video-preview:-1\" \/>\n<link rel=\"canonical\" href=\"https:\/\/radioleinewelle.de\/index.php\/2025\/05\/26\/goettingen-das-bio-mobil-ist-da\/\" \/>\n<meta property=\"og:locale\" content=\"de_DE\" \/>\n<meta property=\"og:type\" content=\"article\" \/>\n<meta property=\"og:title\" content=\"G\u00f6ttingen: Das Bio Mobil ist da! - Radio Leinewelle\" \/>\n<meta property=\"og:description\" content=\"Seit vergangener Woche macht das sogenannte Bio-Mobil, eine interaktive Roadshow rund um den \u00f6kologischen Landbau, macht auf Initiative der \u00d6ko-Modellregion bis zum 10.06.2025 Halt auf dem Albaniplatz in G\u00f6ttingen. Das EU-gef\u00f6rderte Projekt von Bioland bringt auf spannende und praxisnahe Weise die Welt der Bio-Landwirtschaft n\u00e4her und r\u00e4umt mit Vorurteilen auf. Bio-Mobil \u2013 was ist das?Besucher*innen [&hellip;]\" \/>\n<meta property=\"og:url\" content=\"https:\/\/radioleinewelle.de\/index.php\/2025\/05\/26\/goettingen-das-bio-mobil-ist-da\/\" \/>\n<meta property=\"og:site_name\" content=\"Radio Leinewelle\" \/>\n<meta property=\"article:publisher\" content=\"https:\/\/www.facebook.com\/radioleinewelle\" \/>\n<meta property=\"article:author\" content=\"https:\/\/www.facebook.com\/radioleinewelle\" \/>\n<meta property=\"article:published_time\" content=\"2025-05-26T11:52:47+00:00\" \/>\n<meta property=\"article:modified_time\" content=\"2025-05-26T11:52:48+00:00\" \/>\n<meta property=\"og:image\" content=\"https:\/\/radioleinewelle.de\/wp-content\/uploads\/2025\/05\/Bio-Mobil-2-1.jpg\" \/>\n\t<meta property=\"og:image:width\" content=\"2016\" \/>\n\t<meta property=\"og:image:height\" content=\"1512\" \/>\n\t<meta property=\"og:image:type\" content=\"image\/jpeg\" \/>\n<meta name=\"author\" content=\"Leinewelle\" \/>\n<meta name=\"twitter:card\" content=\"summary_large_image\" \/>\n<meta name=\"twitter:creator\" content=\"@https:\/\/twitter.com\/RLeinewelle?ref_src=twsrcgoogletwcampserptwgrauthor\" \/>\n<meta name=\"twitter:site\" content=\"@RLeinewelle\" \/>\n<meta name=\"twitter:label1\" content=\"Verfasst von\" \/>\n\t<meta name=\"twitter:data1\" content=\"Leinewelle\" \/>\n\t<meta name=\"twitter:label2\" content=\"Gesch\u00e4tzte Lesezeit\" \/>\n\t<meta name=\"twitter:data2\" content=\"3\u00a0Minuten\" \/>\n<script type=\"application\/ld+json\" class=\"yoast-schema-graph\">{\"@context\":\"https:\\\/\\\/schema.org\",\"@graph\":[{\"@type\":\"Article\",\"@id\":\"https:\\\/\\\/radioleinewelle.de\\\/index.php\\\/2025\\\/05\\\/26\\\/goettingen-das-bio-mobil-ist-da\\\/#article\",\"isPartOf\":{\"@id\":\"https:\\\/\\\/radioleinewelle.de\\\/index.php\\\/2025\\\/05\\\/26\\\/goettingen-das-bio-mobil-ist-da\\\/\"},\"author\":{\"name\":\"Leinewelle\",\"@id\":\"https:\\\/\\\/radioleinewelle.de\\\/#\\\/schema\\\/person\\\/45606f348637df637192dc1b68399a63\"},\"headline\":\"G\u00f6ttingen: Das Bio Mobil ist da!\",\"datePublished\":\"2025-05-26T11:52:47+00:00\",\"dateModified\":\"2025-05-26T11:52:48+00:00\",\"mainEntityOfPage\":{\"@id\":\"https:\\\/\\\/radioleinewelle.de\\\/index.php\\\/2025\\\/05\\\/26\\\/goettingen-das-bio-mobil-ist-da\\\/\"},\"wordCount\":374,\"commentCount\":0,\"publisher\":{\"@id\":\"https:\\\/\\\/radioleinewelle.de\\\/#organization\"},\"image\":{\"@id\":\"https:\\\/\\\/radioleinewelle.de\\\/index.php\\\/2025\\\/05\\\/26\\\/goettingen-das-bio-mobil-ist-da\\\/#primaryimage\"},\"thumbnailUrl\":\"https:\\\/\\\/radioleinewelle.de\\\/wp-content\\\/uploads\\\/2025\\\/05\\\/Bio-Mobil-2-1.jpg\",\"articleSection\":[\"Ern\u00e4hrung\",\"Nachhaltigkeit\",\"Natur &amp; Umwelt\"],\"inLanguage\":\"de\",\"potentialAction\":[{\"@type\":\"CommentAction\",\"name\":\"Comment\",\"target\":[\"https:\\\/\\\/radioleinewelle.de\\\/index.php\\\/2025\\\/05\\\/26\\\/goettingen-das-bio-mobil-ist-da\\\/#respond\"]}]},{\"@type\":\"WebPage\",\"@id\":\"https:\\\/\\\/radioleinewelle.de\\\/index.php\\\/2025\\\/05\\\/26\\\/goettingen-das-bio-mobil-ist-da\\\/\",\"url\":\"https:\\\/\\\/radioleinewelle.de\\\/index.php\\\/2025\\\/05\\\/26\\\/goettingen-das-bio-mobil-ist-da\\\/\",\"name\":\"G\u00f6ttingen: Das Bio Mobil ist da! - Radio Leinewelle\",\"isPartOf\":{\"@id\":\"https:\\\/\\\/radioleinewelle.de\\\/#website\"},\"primaryImageOfPage\":{\"@id\":\"https:\\\/\\\/radioleinewelle.de\\\/index.php\\\/2025\\\/05\\\/26\\\/goettingen-das-bio-mobil-ist-da\\\/#primaryimage\"},\"image\":{\"@id\":\"https:\\\/\\\/radioleinewelle.de\\\/index.php\\\/2025\\\/05\\\/26\\\/goettingen-das-bio-mobil-ist-da\\\/#primaryimage\"},\"thumbnailUrl\":\"https:\\\/\\\/radioleinewelle.de\\\/wp-content\\\/uploads\\\/2025\\\/05\\\/Bio-Mobil-2-1.jpg\",\"datePublished\":\"2025-05-26T11:52:47+00:00\",\"dateModified\":\"2025-05-26T11:52:48+00:00\",\"breadcrumb\":{\"@id\":\"https:\\\/\\\/radioleinewelle.de\\\/index.php\\\/2025\\\/05\\\/26\\\/goettingen-das-bio-mobil-ist-da\\\/#breadcrumb\"},\"inLanguage\":\"de\",\"potentialAction\":[{\"@type\":\"ReadAction\",\"target\":[\"https:\\\/\\\/radioleinewelle.de\\\/index.php\\\/2025\\\/05\\\/26\\\/goettingen-das-bio-mobil-ist-da\\\/\"]}]},{\"@type\":\"ImageObject\",\"inLanguage\":\"de\",\"@id\":\"https:\\\/\\\/radioleinewelle.de\\\/index.php\\\/2025\\\/05\\\/26\\\/goettingen-das-bio-mobil-ist-da\\\/#primaryimage\",\"url\":\"https:\\\/\\\/radioleinewelle.de\\\/wp-content\\\/uploads\\\/2025\\\/05\\\/Bio-Mobil-2-1.jpg\",\"contentUrl\":\"https:\\\/\\\/radioleinewelle.de\\\/wp-content\\\/uploads\\\/2025\\\/05\\\/Bio-Mobil-2-1.jpg\",\"width\":2016,\"height\":1512},{\"@type\":\"BreadcrumbList\",\"@id\":\"https:\\\/\\\/radioleinewelle.de\\\/index.php\\\/2025\\\/05\\\/26\\\/goettingen-das-bio-mobil-ist-da\\\/#breadcrumb\",\"itemListElement\":[{\"@type\":\"ListItem\",\"position\":1,\"name\":\"Startseite\",\"item\":\"https:\\\/\\\/radioleinewelle.de\\\/\"},{\"@type\":\"ListItem\",\"position\":2,\"name\":\"G\u00f6ttingen: Das Bio Mobil ist da!\"}]},{\"@type\":\"WebSite\",\"@id\":\"https:\\\/\\\/radioleinewelle.de\\\/#website\",\"url\":\"https:\\\/\\\/radioleinewelle.de\\\/\",\"name\":\"Radio Leinewelle\",\"description\":\"\",\"publisher\":{\"@id\":\"https:\\\/\\\/radioleinewelle.de\\\/#organization\"},\"potentialAction\":[{\"@type\":\"SearchAction\",\"target\":{\"@type\":\"EntryPoint\",\"urlTemplate\":\"https:\\\/\\\/radioleinewelle.de\\\/?s={search_term_string}\"},\"query-input\":{\"@type\":\"PropertyValueSpecification\",\"valueRequired\":true,\"valueName\":\"search_term_string\"}}],\"inLanguage\":\"de\"},{\"@type\":\"Organization\",\"@id\":\"https:\\\/\\\/radioleinewelle.de\\\/#organization\",\"name\":\"Radio Leinewelle\",\"alternateName\":\"Mein Radio f\u00fcr S\u00fcdniedersachsen\",\"url\":\"https:\\\/\\\/radioleinewelle.de\\\/\",\"logo\":{\"@type\":\"ImageObject\",\"inLanguage\":\"de\",\"@id\":\"https:\\\/\\\/radioleinewelle.de\\\/#\\\/schema\\\/logo\\\/image\\\/\",\"url\":\"https:\\\/\\\/radioleinewelle.de\\\/wp-content\\\/uploads\\\/2023\\\/11\\\/cropped-Leinewelle_Logo_weiss.png\",\"contentUrl\":\"https:\\\/\\\/radioleinewelle.de\\\/wp-content\\\/uploads\\\/2023\\\/11\\\/cropped-Leinewelle_Logo_weiss.png\",\"width\":854,\"height\":260,\"caption\":\"Radio Leinewelle\"},\"image\":{\"@id\":\"https:\\\/\\\/radioleinewelle.de\\\/#\\\/schema\\\/logo\\\/image\\\/\"},\"sameAs\":[\"https:\\\/\\\/www.facebook.com\\\/radioleinewelle\",\"https:\\\/\\\/x.com\\\/RLeinewelle\",\"https:\\\/\\\/www.instagram.com\\\/radioleinewelle\\\/?hl=de\"]},{\"@type\":\"Person\",\"@id\":\"https:\\\/\\\/radioleinewelle.de\\\/#\\\/schema\\\/person\\\/45606f348637df637192dc1b68399a63\",\"name\":\"Leinewelle\",\"image\":{\"@type\":\"ImageObject\",\"inLanguage\":\"de\",\"@id\":\"https:\\\/\\\/secure.gravatar.com\\\/avatar\\\/05c9a17bc973052ee5d91549bd32fb4dd0dc85b7b85ae94b2e2b4943476bbea5?s=96&d=blank&r=g\",\"url\":\"https:\\\/\\\/secure.gravatar.com\\\/avatar\\\/05c9a17bc973052ee5d91549bd32fb4dd0dc85b7b85ae94b2e2b4943476bbea5?s=96&d=blank&r=g\",\"contentUrl\":\"https:\\\/\\\/secure.gravatar.com\\\/avatar\\\/05c9a17bc973052ee5d91549bd32fb4dd0dc85b7b85ae94b2e2b4943476bbea5?s=96&d=blank&r=g\",\"caption\":\"Leinewelle\"},\"sameAs\":[\"http:\\\/\\\/localhost\\\/radio%20leinewelle\\\/wordpress\",\"https:\\\/\\\/www.facebook.com\\\/radioleinewelle\",\"https:\\\/\\\/www.instagram.com\\\/radioleinewelle\",\"https:\\\/\\\/x.com\\\/https:\\\/\\\/twitter.com\\\/RLeinewelle?ref_src=twsrcgoogletwcampserptwgrauthor\",\"https:\\\/\\\/soundcloud.com\\\/foerderverein-lokalradio?utm_source=clipboard&utm_medium=text&utm_campaign=social_sharing\"],\"url\":\"https:\\\/\\\/radioleinewelle.de\\\/index.php\\\/author\\\/leinewelle\\\/\"}]}<\/script>\n<!-- \/ Yoast SEO plugin. -->","yoast_head_json":{"title":"G\u00f6ttingen: Das Bio Mobil ist da! - Radio Leinewelle","robots":{"index":"index","follow":"follow","max-snippet":"max-snippet:-1","max-image-preview":"max-image-preview:large","max-video-preview":"max-video-preview:-1"},"canonical":"https:\/\/radioleinewelle.de\/index.php\/2025\/05\/26\/goettingen-das-bio-mobil-ist-da\/","og_locale":"de_DE","og_type":"article","og_title":"G\u00f6ttingen: Das Bio Mobil ist da! - Radio Leinewelle","og_description":"Seit vergangener Woche macht das sogenannte Bio-Mobil, eine interaktive Roadshow rund um den \u00f6kologischen Landbau, macht auf Initiative der \u00d6ko-Modellregion bis zum 10.06.2025 Halt auf dem Albaniplatz in G\u00f6ttingen. Das EU-gef\u00f6rderte Projekt von Bioland bringt auf spannende und praxisnahe Weise die Welt der Bio-Landwirtschaft n\u00e4her und r\u00e4umt mit Vorurteilen auf. Bio-Mobil \u2013 was ist das?Besucher*innen [&hellip;]","og_url":"https:\/\/radioleinewelle.de\/index.php\/2025\/05\/26\/goettingen-das-bio-mobil-ist-da\/","og_site_name":"Radio Leinewelle","article_publisher":"https:\/\/www.facebook.com\/radioleinewelle","article_author":"https:\/\/www.facebook.com\/radioleinewelle","article_published_time":"2025-05-26T11:52:47+00:00","article_modified_time":"2025-05-26T11:52:48+00:00","og_image":[{"width":2016,"height":1512,"url":"https:\/\/radioleinewelle.de\/wp-content\/uploads\/2025\/05\/Bio-Mobil-2-1.jpg","type":"image\/jpeg"}],"author":"Leinewelle","twitter_card":"summary_large_image","twitter_creator":"@https:\/\/twitter.com\/RLeinewelle?ref_src=twsrcgoogletwcampserptwgrauthor","twitter_site":"@RLeinewelle","twitter_misc":{"Verfasst von":"Leinewelle","Gesch\u00e4tzte Lesezeit":"3\u00a0Minuten"},"schema":{"@context":"https:\/\/schema.org","@graph":[{"@type":"Article","@id":"https:\/\/radioleinewelle.de\/index.php\/2025\/05\/26\/goettingen-das-bio-mobil-ist-da\/#article","isPartOf":{"@id":"https:\/\/radioleinewelle.de\/index.php\/2025\/05\/26\/goettingen-das-bio-mobil-ist-da\/"},"author":{"name":"Leinewelle","@id":"https:\/\/radioleinewelle.de\/#\/schema\/person\/45606f348637df637192dc1b68399a63"},"headline":"G\u00f6ttingen: Das Bio Mobil ist da!","datePublished":"2025-05-26T11:52:47+00:00","dateModified":"2025-05-26T11:52:48+00:00","mainEntityOfPage":{"@id":"https:\/\/radioleinewelle.de\/index.php\/2025\/05\/26\/goettingen-das-bio-mobil-ist-da\/"},"wordCount":374,"commentCount":0,"publisher":{"@id":"https:\/\/radioleinewelle.de\/#organization"},"image":{"@id":"https:\/\/radioleinewelle.de\/index.php\/2025\/05\/26\/goettingen-das-bio-mobil-ist-da\/#primaryimage"},"thumbnailUrl":"https:\/\/radioleinewelle.de\/wp-content\/uploads\/2025\/05\/Bio-Mobil-2-1.jpg","articleSection":["Ern\u00e4hrung","Nachhaltigkeit","Natur &amp; Umwelt"],"inLanguage":"de","potentialAction":[{"@type":"CommentAction","name":"Comment","target":["https:\/\/radioleinewelle.de\/index.php\/2025\/05\/26\/goettingen-das-bio-mobil-ist-da\/#respond"]}]},{"@type":"WebPage","@id":"https:\/\/radioleinewelle.de\/index.php\/2025\/05\/26\/goettingen-das-bio-mobil-ist-da\/","url":"https:\/\/radioleinewelle.de\/index.php\/2025\/05\/26\/goettingen-das-bio-mobil-ist-da\/","name":"G\u00f6ttingen: Das Bio Mobil ist da! - Radio Leinewelle","isPartOf":{"@id":"https:\/\/radioleinewelle.de\/#website"},"primaryImageOfPage":{"@id":"https:\/\/radioleinewelle.de\/index.php\/2025\/05\/26\/goettingen-das-bio-mobil-ist-da\/#primaryimage"},"image":{"@id":"https:\/\/radioleinewelle.de\/index.php\/2025\/05\/26\/goettingen-das-bio-mobil-ist-da\/#primaryimage"},"thumbnailUrl":"https:\/\/radioleinewelle.de\/wp-content\/uploads\/2025\/05\/Bio-Mobil-2-1.jpg","datePublished":"2025-05-26T11:52:47+00:00","dateModified":"2025-05-26T11:52:48+00:00","breadcrumb":{"@id":"https:\/\/radioleinewelle.de\/index.php\/2025\/05\/26\/goettingen-das-bio-mobil-ist-da\/#breadcrumb"},"inLanguage":"de","potentialAction":[{"@type":"ReadAction","target":["https:\/\/radioleinewelle.de\/index.php\/2025\/05\/26\/goettingen-das-bio-mobil-ist-da\/"]}]},{"@type":"ImageObject","inLanguage":"de","@id":"https:\/\/radioleinewelle.de\/index.php\/2025\/05\/26\/goettingen-das-bio-mobil-ist-da\/#primaryimage","url":"https:\/\/radioleinewelle.de\/wp-content\/uploads\/2025\/05\/Bio-Mobil-2-1.jpg","contentUrl":"https:\/\/radioleinewelle.de\/wp-content\/uploads\/2025\/05\/Bio-Mobil-2-1.jpg","width":2016,"height":1512},{"@type":"BreadcrumbList","@id":"https:\/\/radioleinewelle.de\/index.php\/2025\/05\/26\/goettingen-das-bio-mobil-ist-da\/#breadcrumb","itemListElement":[{"@type":"ListItem","position":1,"name":"Startseite","item":"https:\/\/radioleinewelle.de\/"},{"@type":"ListItem","position":2,"name":"G\u00f6ttingen: Das Bio Mobil ist da!"}]},{"@type":"WebSite","@id":"https:\/\/radioleinewelle.de\/#website","url":"https:\/\/radioleinewelle.de\/","name":"Radio Leinewelle","description":"","publisher":{"@id":"https:\/\/radioleinewelle.de\/#organization"},"potentialAction":[{"@type":"SearchAction","target":{"@type":"EntryPoint","urlTemplate":"https:\/\/radioleinewelle.de\/?s={search_term_string}"},"query-input":{"@type":"PropertyValueSpecification","valueRequired":true,"valueName":"search_term_string"}}],"inLanguage":"de"},{"@type":"Organization","@id":"https:\/\/radioleinewelle.de\/#organization","name":"Radio Leinewelle","alternateName":"Mein Radio f\u00fcr S\u00fcdniedersachsen","url":"https:\/\/radioleinewelle.de\/","logo":{"@type":"ImageObject","inLanguage":"de","@id":"https:\/\/radioleinewelle.de\/#\/schema\/logo\/image\/","url":"https:\/\/radioleinewelle.de\/wp-content\/uploads\/2023\/11\/cropped-Leinewelle_Logo_weiss.png","contentUrl":"https:\/\/radioleinewelle.de\/wp-content\/uploads\/2023\/11\/cropped-Leinewelle_Logo_weiss.png","width":854,"height":260,"caption":"Radio Leinewelle"},"image":{"@id":"https:\/\/radioleinewelle.de\/#\/schema\/logo\/image\/"},"sameAs":["https:\/\/www.facebook.com\/radioleinewelle","https:\/\/x.com\/RLeinewelle","https:\/\/www.instagram.com\/radioleinewelle\/?hl=de"]},{"@type":"Person","@id":"https:\/\/radioleinewelle.de\/#\/schema\/person\/45606f348637df637192dc1b68399a63","name":"Leinewelle","image":{"@type":"ImageObject","inLanguage":"de","@id":"https:\/\/secure.gravatar.com\/avatar\/05c9a17bc973052ee5d91549bd32fb4dd0dc85b7b85ae94b2e2b4943476bbea5?s=96&d=blank&r=g","url":"https:\/\/secure.gravatar.com\/avatar\/05c9a17bc973052ee5d91549bd32fb4dd0dc85b7b85ae94b2e2b4943476bbea5?s=96&d=blank&r=g","contentUrl":"https:\/\/secure.gravatar.com\/avatar\/05c9a17bc973052ee5d91549bd32fb4dd0dc85b7b85ae94b2e2b4943476bbea5?s=96&d=blank&r=g","caption":"Leinewelle"},"sameAs":["http:\/\/localhost\/radio%20leinewelle\/wordpress","https:\/\/www.facebook.com\/radioleinewelle","https:\/\/www.instagram.com\/radioleinewelle","https:\/\/x.com\/https:\/\/twitter.com\/RLeinewelle?ref_src=twsrcgoogletwcampserptwgrauthor","https:\/\/soundcloud.com\/foerderverein-lokalradio?utm_source=clipboard&utm_medium=text&utm_campaign=social_sharing"],"url":"https:\/\/radioleinewelle.de\/index.php\/author\/leinewelle\/"}]}},"_links":{"self":[{"href":"https:\/\/radioleinewelle.de\/index.php\/wp-json\/wp\/v2\/posts\/28298","targetHints":{"allow":["GET"]}}],"collection":[{"href":"https:\/\/radioleinewelle.de\/index.php\/wp-json\/wp\/v2\/posts"}],"about":[{"href":"https:\/\/radioleinewelle.de\/index.php\/wp-json\/wp\/v2\/types\/post"}],"author":[{"embeddable":true,"href":"https:\/\/radioleinewelle.de\/index.php\/wp-json\/wp\/v2\/users\/1"}],"replies":[{"embeddable":true,"href":"https:\/\/radioleinewelle.de\/index.php\/wp-json\/wp\/v2\/comments?post=28298"}],"version-history":[{"count":4,"href":"https:\/\/radioleinewelle.de\/index.php\/wp-json\/wp\/v2\/posts\/28298\/revisions"}],"predecessor-version":[{"id":28310,"href":"https:\/\/radioleinewelle.de\/index.php\/wp-json\/wp\/v2\/posts\/28298\/revisions\/28310"}],"wp:featuredmedia":[{"embeddable":true,"href":"https:\/\/radioleinewelle.de\/index.php\/wp-json\/wp\/v2\/media\/28304"}],"wp:attachment":[{"href":"https:\/\/radioleinewelle.de\/index.php\/wp-json\/wp\/v2\/media?parent=28298"}],"wp:term":[{"taxonomy":"category","embeddable":true,"href":"https:\/\/radioleinewelle.de\/index.php\/wp-json\/wp\/v2\/categories?post=28298"},{"taxonomy":"post_tag","embeddable":true,"href":"https:\/\/radioleinewelle.de\/index.php\/wp-json\/wp\/v2\/tags?post=28298"}],"curies":[{"name":"wp","href":"https:\/\/api.w.org\/{rel}","templated":true}]}}