{"id":2830,"date":"2020-11-09T05:15:33","date_gmt":"2020-11-09T04:15:33","guid":{"rendered":"https:\/\/radioleinewelle.de\/?p=2830"},"modified":"2020-11-09T05:15:33","modified_gmt":"2020-11-09T04:15:33","slug":"jugendherbergen-in-existenznot","status":"publish","type":"post","link":"https:\/\/radioleinewelle.de\/index.php\/2020\/11\/09\/jugendherbergen-in-existenznot\/","title":{"rendered":"Jugendherbergen wegen Corona in Existenznot"},"content":{"rendered":"<p>Mit dem Verbot von touristischen \u00dcbernachtungen muss auch erneut der Gro\u00dfteil der Jugendherbergen im nordwestlichen Niedersachsen schlie\u00dfen. \u201eWir haben durchaus Verst\u00e4ndnis f\u00fcr den beschlossenen Lockdown und leisten unseren Beitrag zur Eind\u00e4mmung der Corona-Pandemie\u201c, teilt Thorsten Richter, Gesch\u00e4ftsf\u00fchrer beim Deutschen Jugendherbergswerk (DJH), Landesverband Unterweser-Ems e.V. mit. Sorge bereitet dem Verband vor allem der Blick ins n\u00e4chste Jahr: \u201eUns drohen eine erneute Stornowelle f\u00fcr 2021 und das weitreichende Ausbleiben von Neubuchungen\u201c.\u00a0Der durch die Corona-Pandemie entstandene wirtschaftliche Schaden f\u00fcr die Jugendherbergen ist bereits immens. \u201eDie erneute Schlie\u00dfung unserer H\u00e4user verschlechtert diese Situation nochmals\u201c, berichtet Richter. \u201eDa der November zu den belegungsschw\u00e4cheren Monaten z\u00e4hlt, trifft uns der Lockdown aber nicht ganz so hart wie im Fr\u00fchjahr\u201c, so Richter weiter.\u00a0Sorge bereitet dem Gesch\u00e4ftsf\u00fchrer mehr der Blick ins neue Jahr. Bisher sahen die Vorbuchungen f\u00fcr 2021 verh\u00e4ltnism\u00e4\u00dfig gut aus. Richter: \u201eSeit Bekanntgabe des \u201eLockdowns-Light\u201c stellen wir nun leider auch wieder ein vermehrtes Stornoaufkommen von Schulklassen und Gruppen f\u00fcr das erste Halbjahr 2021 fest.\u201c<\/p>\n<p><strong>Schulklassen und Gruppen m\u00fcssen nicht voreilig stornieren<\/strong><br \/>\nEine Entwicklung, die den Jugendherbergen an die Substanz geht \u2013 hier sei ein klares Gegensteuern u.a. der Kultusministerien der L\u00e4nder n\u00f6tig. \u201eWir w\u00fcrden es etwa sehr begr\u00fc\u00dfen, wenn die zust\u00e4ndigen Ministerien in der Kommunikation mit den Schulen darauf hinweisen, dass Buchungen von Schulfahrten grunds\u00e4tzlich m\u00f6glich und Stornierungen von Klassenfahrten mit Aufenthalten im Fr\u00fchjahr 2021 oder sp\u00e4ter jetzt noch nicht notwendig sind\u201c, so Thorsten Richter.\u00a0Es sei v\u00f6llig klar, dass Schulfahrten nur dann stattfinden k\u00f6nnen und sollen, wenn es das Infektionsgeschehen zulasse. \u201eDie Gesundheit steht an erster Stelle\u201c, betont der Gesch\u00e4ftsf\u00fchrer der Jugendherbergen im Nordwesten. \u201eUnsere Stornobedingungen haben wir aber insbesondere f\u00fcr Schulen so angepasst, dass ,corona-bedingt\u2018 auch erst kurz vor der Anreise kostenlos storniert werden kann\u201c.\u00a0Klassenfahrten haben gerade auch w\u00e4hrend und nach der Pandemie einen wichtigen Stellenwert f\u00fcr das soziale Lernen und Miteinander der Sch\u00fclerinnen und Sch\u00fcler. \u201eJugendherbergen sind Tr\u00e4ger der freien Jugendhilfe und wichtige au\u00dferschulische Lernorte: Sie er\u00f6ffnen Kindern und Jugendlichen Bildungs- und Lernwelten, die es in der Schule, im Ausbildungsbetrieb oder in der Familie nicht gibt. Mit Programmen etwa, in denen Schulklassen im Hochseilgarten \u00fcber sich hinauswachsen, Gruppen in der Natur zum Team oder Jugendliche zu Helden gegen Rassismus oder Mobbing im Netz werden\u201c. Diese p\u00e4dagogischen Programme sind seit Jahrzehnten ein Markenzeichen der Jugendherbergen.<\/p>\n<p><strong>Kontaktlose Teamtrainings<\/strong><br \/>\nUm Schulfahrten auch in Corona-Zeiten so sicher wie m\u00f6glich zu gestalten, haben die Jugendherbergen tragf\u00e4hige Konzepte entwickelt. Dazu z\u00e4hlen umfangreiche Hygienema\u00dfnahmen, die kontinuierliche Schulung aller Mitarbeitenden, Teamer und Trainer sowie angepasste (erlebnis-) p\u00e4dagogische Programme mit kontaktlosen Teamtrainings in festen Gruppen an der frischen Luft.<\/p>\n<p>Weitere Infos zu Klassenfahrten in Corona-Zeiten:<br \/>\n<a href=\"https:\/\/nordsee-sauerland.jugendherberge.de\/klassenfahrten\/hygienekonzept\" target=\"_blank\" rel=\"noopener\">www.djhnw.de\/klassenfahrten-hygienekonzept<\/a><\/p>\n<p>Bild von <a href=\"https:\/\/pixabay.com\/de\/users\/hans-2\/?utm_source=link-attribution&amp;utm_medium=referral&amp;utm_campaign=image&amp;utm_content=182964\">Hans Braxmeier<\/a> auf <a href=\"https:\/\/pixabay.com\/de\/?utm_source=link-attribution&amp;utm_medium=referral&amp;utm_campaign=image&amp;utm_content=182964\">Pixabay<\/a><\/p>\n","protected":false},"excerpt":{"rendered":"<p>Mit dem Verbot von touristischen \u00dcbernachtungen muss auch erneut der Gro\u00dfteil der Jugendherbergen im nordwestlichen Niedersachsen schlie\u00dfen. \u201eWir haben durchaus Verst\u00e4ndnis f\u00fcr den beschlossenen Lockdown und leisten unseren Beitrag zur Eind\u00e4mmung der Corona-Pandemie\u201c, teilt Thorsten Richter, Gesch\u00e4ftsf\u00fchrer beim Deutschen Jugendherbergswerk (DJH), Landesverband Unterweser-Ems e.V. mit. Sorge bereitet dem Verband vor allem der Blick ins n\u00e4chste [&hellip;]<\/p>\n","protected":false},"author":1,"featured_media":0,"comment_status":"closed","ping_status":"closed","sticky":false,"template":"","format":"standard","meta":{"saved_in_kubio":false,"footnotes":""},"categories":[1],"tags":[],"class_list":["post-2830","post","type-post","status-publish","format-standard","hentry","category-allgemein"],"yoast_head":"<!-- This site is optimized with the Yoast SEO plugin v27.5 - https:\/\/yoast.com\/product\/yoast-seo-wordpress\/ -->\n<title>Jugendherbergen wegen Corona in Existenznot - Radio Leinewelle<\/title>\n<meta name=\"robots\" content=\"index, follow, max-snippet:-1, max-image-preview:large, max-video-preview:-1\" \/>\n<link rel=\"canonical\" href=\"https:\/\/radioleinewelle.de\/index.php\/2020\/11\/09\/jugendherbergen-in-existenznot\/\" \/>\n<meta property=\"og:locale\" content=\"de_DE\" \/>\n<meta property=\"og:type\" content=\"article\" \/>\n<meta property=\"og:title\" content=\"Jugendherbergen wegen Corona in Existenznot - Radio Leinewelle\" \/>\n<meta property=\"og:description\" content=\"Mit dem Verbot von touristischen \u00dcbernachtungen muss auch erneut der Gro\u00dfteil der Jugendherbergen im nordwestlichen Niedersachsen schlie\u00dfen. \u201eWir haben durchaus Verst\u00e4ndnis f\u00fcr den beschlossenen Lockdown und leisten unseren Beitrag zur Eind\u00e4mmung der Corona-Pandemie\u201c, teilt Thorsten Richter, Gesch\u00e4ftsf\u00fchrer beim Deutschen Jugendherbergswerk (DJH), Landesverband Unterweser-Ems e.V. mit. Sorge bereitet dem Verband vor allem der Blick ins n\u00e4chste [&hellip;]\" \/>\n<meta property=\"og:url\" content=\"https:\/\/radioleinewelle.de\/index.php\/2020\/11\/09\/jugendherbergen-in-existenznot\/\" \/>\n<meta property=\"og:site_name\" content=\"Radio Leinewelle\" \/>\n<meta property=\"article:publisher\" content=\"https:\/\/www.facebook.com\/radioleinewelle\" \/>\n<meta property=\"article:author\" content=\"https:\/\/www.facebook.com\/radioleinewelle\" \/>\n<meta property=\"article:published_time\" content=\"2020-11-09T04:15:33+00:00\" \/>\n<meta name=\"author\" content=\"Leinewelle\" \/>\n<meta name=\"twitter:card\" content=\"summary_large_image\" \/>\n<meta name=\"twitter:creator\" content=\"@https:\/\/twitter.com\/RLeinewelle?ref_src=twsrcgoogletwcampserptwgrauthor\" \/>\n<meta name=\"twitter:site\" content=\"@RLeinewelle\" \/>\n<meta name=\"twitter:label1\" content=\"Verfasst von\" \/>\n\t<meta name=\"twitter:data1\" content=\"Leinewelle\" \/>\n\t<meta name=\"twitter:label2\" content=\"Gesch\u00e4tzte Lesezeit\" \/>\n\t<meta name=\"twitter:data2\" content=\"2\u00a0Minuten\" \/>\n<script type=\"application\/ld+json\" class=\"yoast-schema-graph\">{\"@context\":\"https:\\\/\\\/schema.org\",\"@graph\":[{\"@type\":\"Article\",\"@id\":\"https:\\\/\\\/radioleinewelle.de\\\/index.php\\\/2020\\\/11\\\/09\\\/jugendherbergen-in-existenznot\\\/#article\",\"isPartOf\":{\"@id\":\"https:\\\/\\\/radioleinewelle.de\\\/index.php\\\/2020\\\/11\\\/09\\\/jugendherbergen-in-existenznot\\\/\"},\"author\":{\"name\":\"Leinewelle\",\"@id\":\"https:\\\/\\\/radioleinewelle.de\\\/#\\\/schema\\\/person\\\/45606f348637df637192dc1b68399a63\"},\"headline\":\"Jugendherbergen wegen Corona in Existenznot\",\"datePublished\":\"2020-11-09T04:15:33+00:00\",\"mainEntityOfPage\":{\"@id\":\"https:\\\/\\\/radioleinewelle.de\\\/index.php\\\/2020\\\/11\\\/09\\\/jugendherbergen-in-existenznot\\\/\"},\"wordCount\":486,\"publisher\":{\"@id\":\"https:\\\/\\\/radioleinewelle.de\\\/#organization\"},\"inLanguage\":\"de\"},{\"@type\":\"WebPage\",\"@id\":\"https:\\\/\\\/radioleinewelle.de\\\/index.php\\\/2020\\\/11\\\/09\\\/jugendherbergen-in-existenznot\\\/\",\"url\":\"https:\\\/\\\/radioleinewelle.de\\\/index.php\\\/2020\\\/11\\\/09\\\/jugendherbergen-in-existenznot\\\/\",\"name\":\"Jugendherbergen wegen Corona in Existenznot - Radio Leinewelle\",\"isPartOf\":{\"@id\":\"https:\\\/\\\/radioleinewelle.de\\\/#website\"},\"datePublished\":\"2020-11-09T04:15:33+00:00\",\"breadcrumb\":{\"@id\":\"https:\\\/\\\/radioleinewelle.de\\\/index.php\\\/2020\\\/11\\\/09\\\/jugendherbergen-in-existenznot\\\/#breadcrumb\"},\"inLanguage\":\"de\",\"potentialAction\":[{\"@type\":\"ReadAction\",\"target\":[\"https:\\\/\\\/radioleinewelle.de\\\/index.php\\\/2020\\\/11\\\/09\\\/jugendherbergen-in-existenznot\\\/\"]}]},{\"@type\":\"BreadcrumbList\",\"@id\":\"https:\\\/\\\/radioleinewelle.de\\\/index.php\\\/2020\\\/11\\\/09\\\/jugendherbergen-in-existenznot\\\/#breadcrumb\",\"itemListElement\":[{\"@type\":\"ListItem\",\"position\":1,\"name\":\"Startseite\",\"item\":\"https:\\\/\\\/radioleinewelle.de\\\/\"},{\"@type\":\"ListItem\",\"position\":2,\"name\":\"Jugendherbergen wegen Corona in Existenznot\"}]},{\"@type\":\"WebSite\",\"@id\":\"https:\\\/\\\/radioleinewelle.de\\\/#website\",\"url\":\"https:\\\/\\\/radioleinewelle.de\\\/\",\"name\":\"Radio Leinewelle\",\"description\":\"\",\"publisher\":{\"@id\":\"https:\\\/\\\/radioleinewelle.de\\\/#organization\"},\"potentialAction\":[{\"@type\":\"SearchAction\",\"target\":{\"@type\":\"EntryPoint\",\"urlTemplate\":\"https:\\\/\\\/radioleinewelle.de\\\/?s={search_term_string}\"},\"query-input\":{\"@type\":\"PropertyValueSpecification\",\"valueRequired\":true,\"valueName\":\"search_term_string\"}}],\"inLanguage\":\"de\"},{\"@type\":\"Organization\",\"@id\":\"https:\\\/\\\/radioleinewelle.de\\\/#organization\",\"name\":\"Radio Leinewelle\",\"alternateName\":\"Mein Radio f\u00fcr S\u00fcdniedersachsen\",\"url\":\"https:\\\/\\\/radioleinewelle.de\\\/\",\"logo\":{\"@type\":\"ImageObject\",\"inLanguage\":\"de\",\"@id\":\"https:\\\/\\\/radioleinewelle.de\\\/#\\\/schema\\\/logo\\\/image\\\/\",\"url\":\"https:\\\/\\\/radioleinewelle.de\\\/wp-content\\\/uploads\\\/2023\\\/11\\\/cropped-Leinewelle_Logo_weiss.png\",\"contentUrl\":\"https:\\\/\\\/radioleinewelle.de\\\/wp-content\\\/uploads\\\/2023\\\/11\\\/cropped-Leinewelle_Logo_weiss.png\",\"width\":854,\"height\":260,\"caption\":\"Radio Leinewelle\"},\"image\":{\"@id\":\"https:\\\/\\\/radioleinewelle.de\\\/#\\\/schema\\\/logo\\\/image\\\/\"},\"sameAs\":[\"https:\\\/\\\/www.facebook.com\\\/radioleinewelle\",\"https:\\\/\\\/x.com\\\/RLeinewelle\",\"https:\\\/\\\/www.instagram.com\\\/radioleinewelle\\\/?hl=de\"]},{\"@type\":\"Person\",\"@id\":\"https:\\\/\\\/radioleinewelle.de\\\/#\\\/schema\\\/person\\\/45606f348637df637192dc1b68399a63\",\"name\":\"Leinewelle\",\"image\":{\"@type\":\"ImageObject\",\"inLanguage\":\"de\",\"@id\":\"https:\\\/\\\/secure.gravatar.com\\\/avatar\\\/05c9a17bc973052ee5d91549bd32fb4dd0dc85b7b85ae94b2e2b4943476bbea5?s=96&d=blank&r=g\",\"url\":\"https:\\\/\\\/secure.gravatar.com\\\/avatar\\\/05c9a17bc973052ee5d91549bd32fb4dd0dc85b7b85ae94b2e2b4943476bbea5?s=96&d=blank&r=g\",\"contentUrl\":\"https:\\\/\\\/secure.gravatar.com\\\/avatar\\\/05c9a17bc973052ee5d91549bd32fb4dd0dc85b7b85ae94b2e2b4943476bbea5?s=96&d=blank&r=g\",\"caption\":\"Leinewelle\"},\"sameAs\":[\"http:\\\/\\\/localhost\\\/radio%20leinewelle\\\/wordpress\",\"https:\\\/\\\/www.facebook.com\\\/radioleinewelle\",\"https:\\\/\\\/www.instagram.com\\\/radioleinewelle\",\"https:\\\/\\\/x.com\\\/https:\\\/\\\/twitter.com\\\/RLeinewelle?ref_src=twsrcgoogletwcampserptwgrauthor\",\"https:\\\/\\\/soundcloud.com\\\/foerderverein-lokalradio?utm_source=clipboard&utm_medium=text&utm_campaign=social_sharing\"],\"url\":\"https:\\\/\\\/radioleinewelle.de\\\/index.php\\\/author\\\/leinewelle\\\/\"}]}<\/script>\n<!-- \/ Yoast SEO plugin. -->","yoast_head_json":{"title":"Jugendherbergen wegen Corona in Existenznot - Radio Leinewelle","robots":{"index":"index","follow":"follow","max-snippet":"max-snippet:-1","max-image-preview":"max-image-preview:large","max-video-preview":"max-video-preview:-1"},"canonical":"https:\/\/radioleinewelle.de\/index.php\/2020\/11\/09\/jugendherbergen-in-existenznot\/","og_locale":"de_DE","og_type":"article","og_title":"Jugendherbergen wegen Corona in Existenznot - Radio Leinewelle","og_description":"Mit dem Verbot von touristischen \u00dcbernachtungen muss auch erneut der Gro\u00dfteil der Jugendherbergen im nordwestlichen Niedersachsen schlie\u00dfen. \u201eWir haben durchaus Verst\u00e4ndnis f\u00fcr den beschlossenen Lockdown und leisten unseren Beitrag zur Eind\u00e4mmung der Corona-Pandemie\u201c, teilt Thorsten Richter, Gesch\u00e4ftsf\u00fchrer beim Deutschen Jugendherbergswerk (DJH), Landesverband Unterweser-Ems e.V. mit. Sorge bereitet dem Verband vor allem der Blick ins n\u00e4chste [&hellip;]","og_url":"https:\/\/radioleinewelle.de\/index.php\/2020\/11\/09\/jugendherbergen-in-existenznot\/","og_site_name":"Radio Leinewelle","article_publisher":"https:\/\/www.facebook.com\/radioleinewelle","article_author":"https:\/\/www.facebook.com\/radioleinewelle","article_published_time":"2020-11-09T04:15:33+00:00","author":"Leinewelle","twitter_card":"summary_large_image","twitter_creator":"@https:\/\/twitter.com\/RLeinewelle?ref_src=twsrcgoogletwcampserptwgrauthor","twitter_site":"@RLeinewelle","twitter_misc":{"Verfasst von":"Leinewelle","Gesch\u00e4tzte Lesezeit":"2\u00a0Minuten"},"schema":{"@context":"https:\/\/schema.org","@graph":[{"@type":"Article","@id":"https:\/\/radioleinewelle.de\/index.php\/2020\/11\/09\/jugendherbergen-in-existenznot\/#article","isPartOf":{"@id":"https:\/\/radioleinewelle.de\/index.php\/2020\/11\/09\/jugendherbergen-in-existenznot\/"},"author":{"name":"Leinewelle","@id":"https:\/\/radioleinewelle.de\/#\/schema\/person\/45606f348637df637192dc1b68399a63"},"headline":"Jugendherbergen wegen Corona in Existenznot","datePublished":"2020-11-09T04:15:33+00:00","mainEntityOfPage":{"@id":"https:\/\/radioleinewelle.de\/index.php\/2020\/11\/09\/jugendherbergen-in-existenznot\/"},"wordCount":486,"publisher":{"@id":"https:\/\/radioleinewelle.de\/#organization"},"inLanguage":"de"},{"@type":"WebPage","@id":"https:\/\/radioleinewelle.de\/index.php\/2020\/11\/09\/jugendherbergen-in-existenznot\/","url":"https:\/\/radioleinewelle.de\/index.php\/2020\/11\/09\/jugendherbergen-in-existenznot\/","name":"Jugendherbergen wegen Corona in Existenznot - Radio Leinewelle","isPartOf":{"@id":"https:\/\/radioleinewelle.de\/#website"},"datePublished":"2020-11-09T04:15:33+00:00","breadcrumb":{"@id":"https:\/\/radioleinewelle.de\/index.php\/2020\/11\/09\/jugendherbergen-in-existenznot\/#breadcrumb"},"inLanguage":"de","potentialAction":[{"@type":"ReadAction","target":["https:\/\/radioleinewelle.de\/index.php\/2020\/11\/09\/jugendherbergen-in-existenznot\/"]}]},{"@type":"BreadcrumbList","@id":"https:\/\/radioleinewelle.de\/index.php\/2020\/11\/09\/jugendherbergen-in-existenznot\/#breadcrumb","itemListElement":[{"@type":"ListItem","position":1,"name":"Startseite","item":"https:\/\/radioleinewelle.de\/"},{"@type":"ListItem","position":2,"name":"Jugendherbergen wegen Corona in Existenznot"}]},{"@type":"WebSite","@id":"https:\/\/radioleinewelle.de\/#website","url":"https:\/\/radioleinewelle.de\/","name":"Radio Leinewelle","description":"","publisher":{"@id":"https:\/\/radioleinewelle.de\/#organization"},"potentialAction":[{"@type":"SearchAction","target":{"@type":"EntryPoint","urlTemplate":"https:\/\/radioleinewelle.de\/?s={search_term_string}"},"query-input":{"@type":"PropertyValueSpecification","valueRequired":true,"valueName":"search_term_string"}}],"inLanguage":"de"},{"@type":"Organization","@id":"https:\/\/radioleinewelle.de\/#organization","name":"Radio Leinewelle","alternateName":"Mein Radio f\u00fcr S\u00fcdniedersachsen","url":"https:\/\/radioleinewelle.de\/","logo":{"@type":"ImageObject","inLanguage":"de","@id":"https:\/\/radioleinewelle.de\/#\/schema\/logo\/image\/","url":"https:\/\/radioleinewelle.de\/wp-content\/uploads\/2023\/11\/cropped-Leinewelle_Logo_weiss.png","contentUrl":"https:\/\/radioleinewelle.de\/wp-content\/uploads\/2023\/11\/cropped-Leinewelle_Logo_weiss.png","width":854,"height":260,"caption":"Radio Leinewelle"},"image":{"@id":"https:\/\/radioleinewelle.de\/#\/schema\/logo\/image\/"},"sameAs":["https:\/\/www.facebook.com\/radioleinewelle","https:\/\/x.com\/RLeinewelle","https:\/\/www.instagram.com\/radioleinewelle\/?hl=de"]},{"@type":"Person","@id":"https:\/\/radioleinewelle.de\/#\/schema\/person\/45606f348637df637192dc1b68399a63","name":"Leinewelle","image":{"@type":"ImageObject","inLanguage":"de","@id":"https:\/\/secure.gravatar.com\/avatar\/05c9a17bc973052ee5d91549bd32fb4dd0dc85b7b85ae94b2e2b4943476bbea5?s=96&d=blank&r=g","url":"https:\/\/secure.gravatar.com\/avatar\/05c9a17bc973052ee5d91549bd32fb4dd0dc85b7b85ae94b2e2b4943476bbea5?s=96&d=blank&r=g","contentUrl":"https:\/\/secure.gravatar.com\/avatar\/05c9a17bc973052ee5d91549bd32fb4dd0dc85b7b85ae94b2e2b4943476bbea5?s=96&d=blank&r=g","caption":"Leinewelle"},"sameAs":["http:\/\/localhost\/radio%20leinewelle\/wordpress","https:\/\/www.facebook.com\/radioleinewelle","https:\/\/www.instagram.com\/radioleinewelle","https:\/\/x.com\/https:\/\/twitter.com\/RLeinewelle?ref_src=twsrcgoogletwcampserptwgrauthor","https:\/\/soundcloud.com\/foerderverein-lokalradio?utm_source=clipboard&utm_medium=text&utm_campaign=social_sharing"],"url":"https:\/\/radioleinewelle.de\/index.php\/author\/leinewelle\/"}]}},"_links":{"self":[{"href":"https:\/\/radioleinewelle.de\/index.php\/wp-json\/wp\/v2\/posts\/2830","targetHints":{"allow":["GET"]}}],"collection":[{"href":"https:\/\/radioleinewelle.de\/index.php\/wp-json\/wp\/v2\/posts"}],"about":[{"href":"https:\/\/radioleinewelle.de\/index.php\/wp-json\/wp\/v2\/types\/post"}],"author":[{"embeddable":true,"href":"https:\/\/radioleinewelle.de\/index.php\/wp-json\/wp\/v2\/users\/1"}],"replies":[{"embeddable":true,"href":"https:\/\/radioleinewelle.de\/index.php\/wp-json\/wp\/v2\/comments?post=2830"}],"version-history":[{"count":0,"href":"https:\/\/radioleinewelle.de\/index.php\/wp-json\/wp\/v2\/posts\/2830\/revisions"}],"wp:attachment":[{"href":"https:\/\/radioleinewelle.de\/index.php\/wp-json\/wp\/v2\/media?parent=2830"}],"wp:term":[{"taxonomy":"category","embeddable":true,"href":"https:\/\/radioleinewelle.de\/index.php\/wp-json\/wp\/v2\/categories?post=2830"},{"taxonomy":"post_tag","embeddable":true,"href":"https:\/\/radioleinewelle.de\/index.php\/wp-json\/wp\/v2\/tags?post=2830"}],"curies":[{"name":"wp","href":"https:\/\/api.w.org\/{rel}","templated":true}]}}