{"id":28327,"date":"2025-05-30T12:19:44","date_gmt":"2025-05-30T10:19:44","guid":{"rendered":"https:\/\/radioleinewelle.de\/?p=28327"},"modified":"2025-05-30T12:19:46","modified_gmt":"2025-05-30T10:19:46","slug":"wenn-jede-minute-zaehlt-neue-laborstrasse-an-der-umg-in-betrieb-genommen","status":"publish","type":"post","link":"https:\/\/radioleinewelle.de\/index.php\/2025\/05\/30\/wenn-jede-minute-zaehlt-neue-laborstrasse-an-der-umg-in-betrieb-genommen\/","title":{"rendered":"Wenn jede Minute z\u00e4hlt &#8211; Neue Laborstra\u00dfe an der UMG in Betrieb genommen"},"content":{"rendered":"\n\n\n<p>In der \u00d6ffentlichkeit wird oft die Rolle des Labors in der Medizin untersch\u00e4tzt. Sie ist aber unverzichtbar f\u00fcr die schnelle Diagnose, Therapieverlauf und Prognose. Am vergangenen Dienstag wurde im UMG-Labor der G\u00f6ttinger Universit\u00e4tsklinik eine neue totalautomatisierte Laborstra\u00dfe in Betrieb genommen. Das neue System erm\u00f6glicht eine schnelle Analytik und das Vorhalten von \u00fcber 100 Laborparametern rund um die Uhr. Insbesondere bei der Erstellung von Notfallparametern z\u00e4hlt jede Minute. Hier hat das technische Personal f\u00fcr die Messung und Freigabe eines entsprechenden Befunds ein Zeitfenster von maximal einer halben Stund zur Verf\u00fcgung. Die neue Laborstra\u00dfe stellt jetzt den zentralen Parameter f\u00fcr die Diagnostik eines Herzinfarkts statt in 20 Min. innerhalb von 9 Min. fertig. Auch einzelne Ergebnisse werden unmittelbar den Stationen \u00fcber das angeschlossene Krankenhausinformationssystem angezeigt. Sollten weitere Analysen notwendig sein, k\u00f6nnen sie direkt von den Stationen nachgefordert werden. Das System zieht automatisch die Proben aus dem Archiv und stellt sie auf die Laborstra\u00dfe. <br><\/p>\n\n\n\n\n\n<p>Bei der neuen Laborstra\u00dfe ist bei Problemen das K\u00fchlarchiv begehbar um Proben manuell zu entnehmen. Dies war fr\u00fcher nicht m\u00f6glich, so die Bereichsleiterin f\u00fcr die Laborstra\u00dfe Franziska J\u00f6rn. Bei einer Blockade des Archivs musste damals neues Blut von dem jeweiligen Patienten angefordert werden. Auch die m\u00f6gliche Weiterverteilung von Probenmaterial f\u00fcr Speziallabore wird mittels Laborstra\u00dfe organisiert, indem eine automatisierte Unterverteilung erfolgt, sodass nicht jeder Bereich eigene R\u00f6hrchen ben\u00f6tigt.<\/p>\n\n\n\n<p>\u00dcber die neue Laborstra\u00dfe dazu der \u00e4rztliche Leiter des UMG-Labors Prof. Dr. Andreas Fischer: <\/p>\n\n\n\n<figure class=\"wp-block-audio\"><audio controls src=\"https:\/\/radioleinewelle.de\/wp-content\/uploads\/2025\/05\/Prof-Andreas-Fischer.mp3\"><\/audio><\/figure>\n\n\n\n<p>F\u00fcr den Vorstand der UMG ist der Ausbau des UMG-Labors auch eine Strategische Entscheidung. Prof. Dr. Lorenz Tr\u00fcmper Vorstand f\u00fcr die Krankenversorgung der UMG merkt dazu an:<\/p>\n\n\n\n<figure class=\"wp-block-audio\"><audio controls src=\"https:\/\/radioleinewelle.de\/wp-content\/uploads\/2025\/05\/Prof-Lorenz-Truemper.mp3\"><\/audio><\/figure>\n\n\n\n<p>Auch f\u00fcr externe Kliniken bietet die Kooperation mit dem UMG-Labor erhebliche Vorteile. Wir haben dar\u00fcber mit Ralf Pinnau, dem Gesch\u00e4ftsf\u00fchrer der Klinik &amp; Rehabilitationszentrum Lippoldsberg gesprochen:<\/p>\n\n\n\n<figure class=\"wp-block-audio\"><audio controls src=\"https:\/\/radioleinewelle.de\/wp-content\/uploads\/2025\/05\/Ralf-Pinnau.mp3\"><\/audio><\/figure>\n\n\n\n<p>F\u00fcr die Universit\u00e4tsmedizin G\u00f6ttingen eine Investition in die Zukunft, eine Sicherung der Arbeitspl\u00e4tze im Laborbereich, sowie eine deutliche Verbesserung f\u00fcr die Krankenversorgung. Aber auch neue Herausforderungen f\u00fcr die Mitarbeiter*innen im technologischen Bereich. Welche Aufgaben das technische Personal hat und wie der Alltag dieses spannenden und abwechslungsreichen Berufs aussieht, dar\u00fcber haben wir vor einigen Wochen ausf\u00fchrlich mit den beiden MLA\u00b4s Ronja Lippmann und Jonas Bohm aus dem UMG-Labor in einem Podcast gesprochen. <a href=\"https:\/\/radioleinewelle.de\/index.php\/2025\/04\/11\/unser-ausbildungspodcast-medizinische-r-technologin-technologe-laboratoriumsanalytik\/\">Die beiden Folgen kann man hier nachh\u00f6ren<\/a><\/p>\n\n\n\n<p>Hier der gesamten Bericht noch einmal als mp3 Beitrag<\/p>\n\n\n\n<figure class=\"wp-block-audio\"><audio controls src=\"https:\/\/radioleinewelle.de\/wp-content\/uploads\/2025\/05\/Wenn-jede-Minute-zaehlt.mp3\"><\/audio><\/figure>\n\n\n\n<p><em>Jutta Engelmayer \/ Ulf Engelmayer<\/em><\/p>\n\n\n\n<p class=\"has-small-font-size\"><strong>Fotos:<\/strong> Titelbild &#8211; Gesamtschau auf die Laborstra\u00dfe \u00a9umg<br>Bild 1,3,4 Details der Laborstra\u00dfe; Bild 2 Prof. Wolfgang Br\u00fcck V1 Sprecher, Prof. Andreas Fischer, Direktor UMG-Labor, Prof. Lorenz Tr\u00fcmper V2 Krankversorgung; Bilder 1-4 \u00a9Radio Leinewelle (je)<\/p>\n\n\n\n<p><\/p>\n","protected":false},"excerpt":{"rendered":"<p>In der \u00d6ffentlichkeit wird oft die Rolle des Labors in der Medizin untersch\u00e4tzt. Sie ist aber unverzichtbar f\u00fcr die schnelle Diagnose, Therapieverlauf und Prognose. Am vergangenen Dienstag wurde im UMG-Labor der G\u00f6ttinger Universit\u00e4tsklinik eine neue totalautomatisierte Laborstra\u00dfe in Betrieb genommen. Das neue System erm\u00f6glicht eine schnelle Analytik und das Vorhalten von \u00fcber 100 Laborparametern rund [&hellip;]<\/p>\n","protected":false},"author":1,"featured_media":28343,"comment_status":"open","ping_status":"open","sticky":false,"template":"","format":"standard","meta":{"saved_in_kubio":false,"footnotes":""},"categories":[40,4179],"tags":[],"class_list":["post-28327","post","type-post","status-publish","format-standard","has-post-thumbnail","hentry","category-gesundheit","category-universitaetsmedizin-goettingen-umg"],"yoast_head":"<!-- This site is optimized with the Yoast SEO plugin v27.4 - https:\/\/yoast.com\/product\/yoast-seo-wordpress\/ -->\n<title>Wenn jede Minute z\u00e4hlt - Neue Laborstra\u00dfe an der UMG in Betrieb genommen - Radio Leinewelle<\/title>\n<meta name=\"robots\" content=\"index, follow, max-snippet:-1, max-image-preview:large, max-video-preview:-1\" \/>\n<link rel=\"canonical\" href=\"https:\/\/radioleinewelle.de\/index.php\/2025\/05\/30\/wenn-jede-minute-zaehlt-neue-laborstrasse-an-der-umg-in-betrieb-genommen\/\" \/>\n<meta property=\"og:locale\" content=\"de_DE\" \/>\n<meta property=\"og:type\" content=\"article\" \/>\n<meta property=\"og:title\" content=\"Wenn jede Minute z\u00e4hlt - Neue Laborstra\u00dfe an der UMG in Betrieb genommen - Radio Leinewelle\" \/>\n<meta property=\"og:description\" content=\"In der \u00d6ffentlichkeit wird oft die Rolle des Labors in der Medizin untersch\u00e4tzt. Sie ist aber unverzichtbar f\u00fcr die schnelle Diagnose, Therapieverlauf und Prognose. Am vergangenen Dienstag wurde im UMG-Labor der G\u00f6ttinger Universit\u00e4tsklinik eine neue totalautomatisierte Laborstra\u00dfe in Betrieb genommen. Das neue System erm\u00f6glicht eine schnelle Analytik und das Vorhalten von \u00fcber 100 Laborparametern rund [&hellip;]\" \/>\n<meta property=\"og:url\" content=\"https:\/\/radioleinewelle.de\/index.php\/2025\/05\/30\/wenn-jede-minute-zaehlt-neue-laborstrasse-an-der-umg-in-betrieb-genommen\/\" \/>\n<meta property=\"og:site_name\" content=\"Radio Leinewelle\" \/>\n<meta property=\"article:publisher\" content=\"https:\/\/www.facebook.com\/radioleinewelle\" \/>\n<meta property=\"article:author\" content=\"https:\/\/www.facebook.com\/radioleinewelle\" \/>\n<meta property=\"article:published_time\" content=\"2025-05-30T10:19:44+00:00\" \/>\n<meta property=\"article:modified_time\" content=\"2025-05-30T10:19:46+00:00\" \/>\n<meta property=\"og:image\" content=\"https:\/\/radioleinewelle.de\/wp-content\/uploads\/2025\/05\/202405_Umbau_UMG-Laborstrasse_web.jpg\" \/>\n\t<meta property=\"og:image:width\" content=\"1118\" \/>\n\t<meta property=\"og:image:height\" content=\"681\" \/>\n\t<meta property=\"og:image:type\" content=\"image\/jpeg\" \/>\n<meta name=\"author\" content=\"Leinewelle\" \/>\n<meta name=\"twitter:card\" content=\"summary_large_image\" \/>\n<meta name=\"twitter:creator\" content=\"@https:\/\/twitter.com\/RLeinewelle?ref_src=twsrcgoogletwcampserptwgrauthor\" \/>\n<meta name=\"twitter:site\" content=\"@RLeinewelle\" \/>\n<meta name=\"twitter:label1\" content=\"Verfasst von\" \/>\n\t<meta name=\"twitter:data1\" content=\"Leinewelle\" \/>\n\t<meta name=\"twitter:label2\" content=\"Gesch\u00e4tzte Lesezeit\" \/>\n\t<meta name=\"twitter:data2\" content=\"3\u00a0Minuten\" \/>\n<script type=\"application\/ld+json\" class=\"yoast-schema-graph\">{\"@context\":\"https:\\\/\\\/schema.org\",\"@graph\":[{\"@type\":\"Article\",\"@id\":\"https:\\\/\\\/radioleinewelle.de\\\/index.php\\\/2025\\\/05\\\/30\\\/wenn-jede-minute-zaehlt-neue-laborstrasse-an-der-umg-in-betrieb-genommen\\\/#article\",\"isPartOf\":{\"@id\":\"https:\\\/\\\/radioleinewelle.de\\\/index.php\\\/2025\\\/05\\\/30\\\/wenn-jede-minute-zaehlt-neue-laborstrasse-an-der-umg-in-betrieb-genommen\\\/\"},\"author\":{\"name\":\"Leinewelle\",\"@id\":\"https:\\\/\\\/radioleinewelle.de\\\/#\\\/schema\\\/person\\\/45606f348637df637192dc1b68399a63\"},\"headline\":\"Wenn jede Minute z\u00e4hlt &#8211; Neue Laborstra\u00dfe an der UMG in Betrieb genommen\",\"datePublished\":\"2025-05-30T10:19:44+00:00\",\"dateModified\":\"2025-05-30T10:19:46+00:00\",\"mainEntityOfPage\":{\"@id\":\"https:\\\/\\\/radioleinewelle.de\\\/index.php\\\/2025\\\/05\\\/30\\\/wenn-jede-minute-zaehlt-neue-laborstrasse-an-der-umg-in-betrieb-genommen\\\/\"},\"wordCount\":468,\"commentCount\":0,\"publisher\":{\"@id\":\"https:\\\/\\\/radioleinewelle.de\\\/#organization\"},\"image\":{\"@id\":\"https:\\\/\\\/radioleinewelle.de\\\/index.php\\\/2025\\\/05\\\/30\\\/wenn-jede-minute-zaehlt-neue-laborstrasse-an-der-umg-in-betrieb-genommen\\\/#primaryimage\"},\"thumbnailUrl\":\"https:\\\/\\\/radioleinewelle.de\\\/wp-content\\\/uploads\\\/2025\\\/05\\\/202405_Umbau_UMG-Laborstrasse_web.jpg\",\"articleSection\":[\"Gesundheit\",\"Universit\u00e4tsmedizin G\u00f6ttingen UMG\"],\"inLanguage\":\"de\",\"potentialAction\":[{\"@type\":\"CommentAction\",\"name\":\"Comment\",\"target\":[\"https:\\\/\\\/radioleinewelle.de\\\/index.php\\\/2025\\\/05\\\/30\\\/wenn-jede-minute-zaehlt-neue-laborstrasse-an-der-umg-in-betrieb-genommen\\\/#respond\"]}]},{\"@type\":\"WebPage\",\"@id\":\"https:\\\/\\\/radioleinewelle.de\\\/index.php\\\/2025\\\/05\\\/30\\\/wenn-jede-minute-zaehlt-neue-laborstrasse-an-der-umg-in-betrieb-genommen\\\/\",\"url\":\"https:\\\/\\\/radioleinewelle.de\\\/index.php\\\/2025\\\/05\\\/30\\\/wenn-jede-minute-zaehlt-neue-laborstrasse-an-der-umg-in-betrieb-genommen\\\/\",\"name\":\"Wenn jede Minute z\u00e4hlt - Neue Laborstra\u00dfe an der UMG in Betrieb genommen - Radio Leinewelle\",\"isPartOf\":{\"@id\":\"https:\\\/\\\/radioleinewelle.de\\\/#website\"},\"primaryImageOfPage\":{\"@id\":\"https:\\\/\\\/radioleinewelle.de\\\/index.php\\\/2025\\\/05\\\/30\\\/wenn-jede-minute-zaehlt-neue-laborstrasse-an-der-umg-in-betrieb-genommen\\\/#primaryimage\"},\"image\":{\"@id\":\"https:\\\/\\\/radioleinewelle.de\\\/index.php\\\/2025\\\/05\\\/30\\\/wenn-jede-minute-zaehlt-neue-laborstrasse-an-der-umg-in-betrieb-genommen\\\/#primaryimage\"},\"thumbnailUrl\":\"https:\\\/\\\/radioleinewelle.de\\\/wp-content\\\/uploads\\\/2025\\\/05\\\/202405_Umbau_UMG-Laborstrasse_web.jpg\",\"datePublished\":\"2025-05-30T10:19:44+00:00\",\"dateModified\":\"2025-05-30T10:19:46+00:00\",\"breadcrumb\":{\"@id\":\"https:\\\/\\\/radioleinewelle.de\\\/index.php\\\/2025\\\/05\\\/30\\\/wenn-jede-minute-zaehlt-neue-laborstrasse-an-der-umg-in-betrieb-genommen\\\/#breadcrumb\"},\"inLanguage\":\"de\",\"potentialAction\":[{\"@type\":\"ReadAction\",\"target\":[\"https:\\\/\\\/radioleinewelle.de\\\/index.php\\\/2025\\\/05\\\/30\\\/wenn-jede-minute-zaehlt-neue-laborstrasse-an-der-umg-in-betrieb-genommen\\\/\"]}]},{\"@type\":\"ImageObject\",\"inLanguage\":\"de\",\"@id\":\"https:\\\/\\\/radioleinewelle.de\\\/index.php\\\/2025\\\/05\\\/30\\\/wenn-jede-minute-zaehlt-neue-laborstrasse-an-der-umg-in-betrieb-genommen\\\/#primaryimage\",\"url\":\"https:\\\/\\\/radioleinewelle.de\\\/wp-content\\\/uploads\\\/2025\\\/05\\\/202405_Umbau_UMG-Laborstrasse_web.jpg\",\"contentUrl\":\"https:\\\/\\\/radioleinewelle.de\\\/wp-content\\\/uploads\\\/2025\\\/05\\\/202405_Umbau_UMG-Laborstrasse_web.jpg\",\"width\":1118,\"height\":681},{\"@type\":\"BreadcrumbList\",\"@id\":\"https:\\\/\\\/radioleinewelle.de\\\/index.php\\\/2025\\\/05\\\/30\\\/wenn-jede-minute-zaehlt-neue-laborstrasse-an-der-umg-in-betrieb-genommen\\\/#breadcrumb\",\"itemListElement\":[{\"@type\":\"ListItem\",\"position\":1,\"name\":\"Startseite\",\"item\":\"https:\\\/\\\/radioleinewelle.de\\\/\"},{\"@type\":\"ListItem\",\"position\":2,\"name\":\"Wenn jede Minute z\u00e4hlt &#8211; Neue Laborstra\u00dfe an der UMG in Betrieb genommen\"}]},{\"@type\":\"WebSite\",\"@id\":\"https:\\\/\\\/radioleinewelle.de\\\/#website\",\"url\":\"https:\\\/\\\/radioleinewelle.de\\\/\",\"name\":\"Radio Leinewelle\",\"description\":\"\",\"publisher\":{\"@id\":\"https:\\\/\\\/radioleinewelle.de\\\/#organization\"},\"potentialAction\":[{\"@type\":\"SearchAction\",\"target\":{\"@type\":\"EntryPoint\",\"urlTemplate\":\"https:\\\/\\\/radioleinewelle.de\\\/?s={search_term_string}\"},\"query-input\":{\"@type\":\"PropertyValueSpecification\",\"valueRequired\":true,\"valueName\":\"search_term_string\"}}],\"inLanguage\":\"de\"},{\"@type\":\"Organization\",\"@id\":\"https:\\\/\\\/radioleinewelle.de\\\/#organization\",\"name\":\"Radio Leinewelle\",\"alternateName\":\"Mein Radio f\u00fcr S\u00fcdniedersachsen\",\"url\":\"https:\\\/\\\/radioleinewelle.de\\\/\",\"logo\":{\"@type\":\"ImageObject\",\"inLanguage\":\"de\",\"@id\":\"https:\\\/\\\/radioleinewelle.de\\\/#\\\/schema\\\/logo\\\/image\\\/\",\"url\":\"https:\\\/\\\/radioleinewelle.de\\\/wp-content\\\/uploads\\\/2023\\\/11\\\/cropped-Leinewelle_Logo_weiss.png\",\"contentUrl\":\"https:\\\/\\\/radioleinewelle.de\\\/wp-content\\\/uploads\\\/2023\\\/11\\\/cropped-Leinewelle_Logo_weiss.png\",\"width\":854,\"height\":260,\"caption\":\"Radio Leinewelle\"},\"image\":{\"@id\":\"https:\\\/\\\/radioleinewelle.de\\\/#\\\/schema\\\/logo\\\/image\\\/\"},\"sameAs\":[\"https:\\\/\\\/www.facebook.com\\\/radioleinewelle\",\"https:\\\/\\\/x.com\\\/RLeinewelle\",\"https:\\\/\\\/www.instagram.com\\\/radioleinewelle\\\/?hl=de\"]},{\"@type\":\"Person\",\"@id\":\"https:\\\/\\\/radioleinewelle.de\\\/#\\\/schema\\\/person\\\/45606f348637df637192dc1b68399a63\",\"name\":\"Leinewelle\",\"image\":{\"@type\":\"ImageObject\",\"inLanguage\":\"de\",\"@id\":\"https:\\\/\\\/secure.gravatar.com\\\/avatar\\\/05c9a17bc973052ee5d91549bd32fb4dd0dc85b7b85ae94b2e2b4943476bbea5?s=96&d=blank&r=g\",\"url\":\"https:\\\/\\\/secure.gravatar.com\\\/avatar\\\/05c9a17bc973052ee5d91549bd32fb4dd0dc85b7b85ae94b2e2b4943476bbea5?s=96&d=blank&r=g\",\"contentUrl\":\"https:\\\/\\\/secure.gravatar.com\\\/avatar\\\/05c9a17bc973052ee5d91549bd32fb4dd0dc85b7b85ae94b2e2b4943476bbea5?s=96&d=blank&r=g\",\"caption\":\"Leinewelle\"},\"sameAs\":[\"http:\\\/\\\/localhost\\\/radio%20leinewelle\\\/wordpress\",\"https:\\\/\\\/www.facebook.com\\\/radioleinewelle\",\"https:\\\/\\\/www.instagram.com\\\/radioleinewelle\",\"https:\\\/\\\/x.com\\\/https:\\\/\\\/twitter.com\\\/RLeinewelle?ref_src=twsrcgoogletwcampserptwgrauthor\",\"https:\\\/\\\/soundcloud.com\\\/foerderverein-lokalradio?utm_source=clipboard&utm_medium=text&utm_campaign=social_sharing\"],\"url\":\"https:\\\/\\\/radioleinewelle.de\\\/index.php\\\/author\\\/leinewelle\\\/\"}]}<\/script>\n<!-- \/ Yoast SEO plugin. -->","yoast_head_json":{"title":"Wenn jede Minute z\u00e4hlt - Neue Laborstra\u00dfe an der UMG in Betrieb genommen - Radio Leinewelle","robots":{"index":"index","follow":"follow","max-snippet":"max-snippet:-1","max-image-preview":"max-image-preview:large","max-video-preview":"max-video-preview:-1"},"canonical":"https:\/\/radioleinewelle.de\/index.php\/2025\/05\/30\/wenn-jede-minute-zaehlt-neue-laborstrasse-an-der-umg-in-betrieb-genommen\/","og_locale":"de_DE","og_type":"article","og_title":"Wenn jede Minute z\u00e4hlt - Neue Laborstra\u00dfe an der UMG in Betrieb genommen - Radio Leinewelle","og_description":"In der \u00d6ffentlichkeit wird oft die Rolle des Labors in der Medizin untersch\u00e4tzt. Sie ist aber unverzichtbar f\u00fcr die schnelle Diagnose, Therapieverlauf und Prognose. Am vergangenen Dienstag wurde im UMG-Labor der G\u00f6ttinger Universit\u00e4tsklinik eine neue totalautomatisierte Laborstra\u00dfe in Betrieb genommen. Das neue System erm\u00f6glicht eine schnelle Analytik und das Vorhalten von \u00fcber 100 Laborparametern rund [&hellip;]","og_url":"https:\/\/radioleinewelle.de\/index.php\/2025\/05\/30\/wenn-jede-minute-zaehlt-neue-laborstrasse-an-der-umg-in-betrieb-genommen\/","og_site_name":"Radio Leinewelle","article_publisher":"https:\/\/www.facebook.com\/radioleinewelle","article_author":"https:\/\/www.facebook.com\/radioleinewelle","article_published_time":"2025-05-30T10:19:44+00:00","article_modified_time":"2025-05-30T10:19:46+00:00","og_image":[{"width":1118,"height":681,"url":"https:\/\/radioleinewelle.de\/wp-content\/uploads\/2025\/05\/202405_Umbau_UMG-Laborstrasse_web.jpg","type":"image\/jpeg"}],"author":"Leinewelle","twitter_card":"summary_large_image","twitter_creator":"@https:\/\/twitter.com\/RLeinewelle?ref_src=twsrcgoogletwcampserptwgrauthor","twitter_site":"@RLeinewelle","twitter_misc":{"Verfasst von":"Leinewelle","Gesch\u00e4tzte Lesezeit":"3\u00a0Minuten"},"schema":{"@context":"https:\/\/schema.org","@graph":[{"@type":"Article","@id":"https:\/\/radioleinewelle.de\/index.php\/2025\/05\/30\/wenn-jede-minute-zaehlt-neue-laborstrasse-an-der-umg-in-betrieb-genommen\/#article","isPartOf":{"@id":"https:\/\/radioleinewelle.de\/index.php\/2025\/05\/30\/wenn-jede-minute-zaehlt-neue-laborstrasse-an-der-umg-in-betrieb-genommen\/"},"author":{"name":"Leinewelle","@id":"https:\/\/radioleinewelle.de\/#\/schema\/person\/45606f348637df637192dc1b68399a63"},"headline":"Wenn jede Minute z\u00e4hlt &#8211; Neue Laborstra\u00dfe an der UMG in Betrieb genommen","datePublished":"2025-05-30T10:19:44+00:00","dateModified":"2025-05-30T10:19:46+00:00","mainEntityOfPage":{"@id":"https:\/\/radioleinewelle.de\/index.php\/2025\/05\/30\/wenn-jede-minute-zaehlt-neue-laborstrasse-an-der-umg-in-betrieb-genommen\/"},"wordCount":468,"commentCount":0,"publisher":{"@id":"https:\/\/radioleinewelle.de\/#organization"},"image":{"@id":"https:\/\/radioleinewelle.de\/index.php\/2025\/05\/30\/wenn-jede-minute-zaehlt-neue-laborstrasse-an-der-umg-in-betrieb-genommen\/#primaryimage"},"thumbnailUrl":"https:\/\/radioleinewelle.de\/wp-content\/uploads\/2025\/05\/202405_Umbau_UMG-Laborstrasse_web.jpg","articleSection":["Gesundheit","Universit\u00e4tsmedizin G\u00f6ttingen UMG"],"inLanguage":"de","potentialAction":[{"@type":"CommentAction","name":"Comment","target":["https:\/\/radioleinewelle.de\/index.php\/2025\/05\/30\/wenn-jede-minute-zaehlt-neue-laborstrasse-an-der-umg-in-betrieb-genommen\/#respond"]}]},{"@type":"WebPage","@id":"https:\/\/radioleinewelle.de\/index.php\/2025\/05\/30\/wenn-jede-minute-zaehlt-neue-laborstrasse-an-der-umg-in-betrieb-genommen\/","url":"https:\/\/radioleinewelle.de\/index.php\/2025\/05\/30\/wenn-jede-minute-zaehlt-neue-laborstrasse-an-der-umg-in-betrieb-genommen\/","name":"Wenn jede Minute z\u00e4hlt - Neue Laborstra\u00dfe an der UMG in Betrieb genommen - Radio Leinewelle","isPartOf":{"@id":"https:\/\/radioleinewelle.de\/#website"},"primaryImageOfPage":{"@id":"https:\/\/radioleinewelle.de\/index.php\/2025\/05\/30\/wenn-jede-minute-zaehlt-neue-laborstrasse-an-der-umg-in-betrieb-genommen\/#primaryimage"},"image":{"@id":"https:\/\/radioleinewelle.de\/index.php\/2025\/05\/30\/wenn-jede-minute-zaehlt-neue-laborstrasse-an-der-umg-in-betrieb-genommen\/#primaryimage"},"thumbnailUrl":"https:\/\/radioleinewelle.de\/wp-content\/uploads\/2025\/05\/202405_Umbau_UMG-Laborstrasse_web.jpg","datePublished":"2025-05-30T10:19:44+00:00","dateModified":"2025-05-30T10:19:46+00:00","breadcrumb":{"@id":"https:\/\/radioleinewelle.de\/index.php\/2025\/05\/30\/wenn-jede-minute-zaehlt-neue-laborstrasse-an-der-umg-in-betrieb-genommen\/#breadcrumb"},"inLanguage":"de","potentialAction":[{"@type":"ReadAction","target":["https:\/\/radioleinewelle.de\/index.php\/2025\/05\/30\/wenn-jede-minute-zaehlt-neue-laborstrasse-an-der-umg-in-betrieb-genommen\/"]}]},{"@type":"ImageObject","inLanguage":"de","@id":"https:\/\/radioleinewelle.de\/index.php\/2025\/05\/30\/wenn-jede-minute-zaehlt-neue-laborstrasse-an-der-umg-in-betrieb-genommen\/#primaryimage","url":"https:\/\/radioleinewelle.de\/wp-content\/uploads\/2025\/05\/202405_Umbau_UMG-Laborstrasse_web.jpg","contentUrl":"https:\/\/radioleinewelle.de\/wp-content\/uploads\/2025\/05\/202405_Umbau_UMG-Laborstrasse_web.jpg","width":1118,"height":681},{"@type":"BreadcrumbList","@id":"https:\/\/radioleinewelle.de\/index.php\/2025\/05\/30\/wenn-jede-minute-zaehlt-neue-laborstrasse-an-der-umg-in-betrieb-genommen\/#breadcrumb","itemListElement":[{"@type":"ListItem","position":1,"name":"Startseite","item":"https:\/\/radioleinewelle.de\/"},{"@type":"ListItem","position":2,"name":"Wenn jede Minute z\u00e4hlt &#8211; Neue Laborstra\u00dfe an der UMG in Betrieb genommen"}]},{"@type":"WebSite","@id":"https:\/\/radioleinewelle.de\/#website","url":"https:\/\/radioleinewelle.de\/","name":"Radio Leinewelle","description":"","publisher":{"@id":"https:\/\/radioleinewelle.de\/#organization"},"potentialAction":[{"@type":"SearchAction","target":{"@type":"EntryPoint","urlTemplate":"https:\/\/radioleinewelle.de\/?s={search_term_string}"},"query-input":{"@type":"PropertyValueSpecification","valueRequired":true,"valueName":"search_term_string"}}],"inLanguage":"de"},{"@type":"Organization","@id":"https:\/\/radioleinewelle.de\/#organization","name":"Radio Leinewelle","alternateName":"Mein Radio f\u00fcr S\u00fcdniedersachsen","url":"https:\/\/radioleinewelle.de\/","logo":{"@type":"ImageObject","inLanguage":"de","@id":"https:\/\/radioleinewelle.de\/#\/schema\/logo\/image\/","url":"https:\/\/radioleinewelle.de\/wp-content\/uploads\/2023\/11\/cropped-Leinewelle_Logo_weiss.png","contentUrl":"https:\/\/radioleinewelle.de\/wp-content\/uploads\/2023\/11\/cropped-Leinewelle_Logo_weiss.png","width":854,"height":260,"caption":"Radio Leinewelle"},"image":{"@id":"https:\/\/radioleinewelle.de\/#\/schema\/logo\/image\/"},"sameAs":["https:\/\/www.facebook.com\/radioleinewelle","https:\/\/x.com\/RLeinewelle","https:\/\/www.instagram.com\/radioleinewelle\/?hl=de"]},{"@type":"Person","@id":"https:\/\/radioleinewelle.de\/#\/schema\/person\/45606f348637df637192dc1b68399a63","name":"Leinewelle","image":{"@type":"ImageObject","inLanguage":"de","@id":"https:\/\/secure.gravatar.com\/avatar\/05c9a17bc973052ee5d91549bd32fb4dd0dc85b7b85ae94b2e2b4943476bbea5?s=96&d=blank&r=g","url":"https:\/\/secure.gravatar.com\/avatar\/05c9a17bc973052ee5d91549bd32fb4dd0dc85b7b85ae94b2e2b4943476bbea5?s=96&d=blank&r=g","contentUrl":"https:\/\/secure.gravatar.com\/avatar\/05c9a17bc973052ee5d91549bd32fb4dd0dc85b7b85ae94b2e2b4943476bbea5?s=96&d=blank&r=g","caption":"Leinewelle"},"sameAs":["http:\/\/localhost\/radio%20leinewelle\/wordpress","https:\/\/www.facebook.com\/radioleinewelle","https:\/\/www.instagram.com\/radioleinewelle","https:\/\/x.com\/https:\/\/twitter.com\/RLeinewelle?ref_src=twsrcgoogletwcampserptwgrauthor","https:\/\/soundcloud.com\/foerderverein-lokalradio?utm_source=clipboard&utm_medium=text&utm_campaign=social_sharing"],"url":"https:\/\/radioleinewelle.de\/index.php\/author\/leinewelle\/"}]}},"_links":{"self":[{"href":"https:\/\/radioleinewelle.de\/index.php\/wp-json\/wp\/v2\/posts\/28327","targetHints":{"allow":["GET"]}}],"collection":[{"href":"https:\/\/radioleinewelle.de\/index.php\/wp-json\/wp\/v2\/posts"}],"about":[{"href":"https:\/\/radioleinewelle.de\/index.php\/wp-json\/wp\/v2\/types\/post"}],"author":[{"embeddable":true,"href":"https:\/\/radioleinewelle.de\/index.php\/wp-json\/wp\/v2\/users\/1"}],"replies":[{"embeddable":true,"href":"https:\/\/radioleinewelle.de\/index.php\/wp-json\/wp\/v2\/comments?post=28327"}],"version-history":[{"count":29,"href":"https:\/\/radioleinewelle.de\/index.php\/wp-json\/wp\/v2\/posts\/28327\/revisions"}],"predecessor-version":[{"id":28373,"href":"https:\/\/radioleinewelle.de\/index.php\/wp-json\/wp\/v2\/posts\/28327\/revisions\/28373"}],"wp:featuredmedia":[{"embeddable":true,"href":"https:\/\/radioleinewelle.de\/index.php\/wp-json\/wp\/v2\/media\/28343"}],"wp:attachment":[{"href":"https:\/\/radioleinewelle.de\/index.php\/wp-json\/wp\/v2\/media?parent=28327"}],"wp:term":[{"taxonomy":"category","embeddable":true,"href":"https:\/\/radioleinewelle.de\/index.php\/wp-json\/wp\/v2\/categories?post=28327"},{"taxonomy":"post_tag","embeddable":true,"href":"https:\/\/radioleinewelle.de\/index.php\/wp-json\/wp\/v2\/tags?post=28327"}],"curies":[{"name":"wp","href":"https:\/\/api.w.org\/{rel}","templated":true}]}}