{"id":2837,"date":"2020-11-09T05:00:35","date_gmt":"2020-11-09T04:00:35","guid":{"rendered":"https:\/\/radioleinewelle.de\/?p=2837"},"modified":"2020-11-09T05:00:35","modified_gmt":"2020-11-09T04:00:35","slug":"kuenstlerhaus-unterstuetzt-regionale-kuenstlerinnen-und-kuenstler","status":"publish","type":"post","link":"https:\/\/radioleinewelle.de\/index.php\/2020\/11\/09\/kuenstlerhaus-unterstuetzt-regionale-kuenstlerinnen-und-kuenstler\/","title":{"rendered":"K\u00fcnstlerhaus unterst\u00fctzt regionale K\u00fcnstlerinnen und K\u00fcnstler"},"content":{"rendered":"<p>Das K\u00fcnstlerhaus G\u00f6ttingen hat eine Online Galerie ins Leben gerufen um regionale K\u00fcnstlerinnen und K\u00fcnstler in der gegenw\u00e4rtigen Krise zu unterst\u00fctzen. Unter folgendem Link sind die Werke zu sehen:<br \/>\n<a href=\"http:\/\/www.kuenstlerhaus-goettingen.de\/galerie\/\">http:\/\/www.kuenstlerhaus-goettingen.de\/galerie\/<\/a>\u00a0Hier sind unterschiedliche Arten zeitgen\u00f6ssischer regionaler bildender Kunst zu finden: Portraitmalerei, abstrakte Kunst, Landschaftsmalerei, Fotografie, Papierarbeiten und Skulpturen. Die Vielfalt \u00fcberrascht, man kann die Werke in Ruhe zu Haus betrachten. Es gibt die M\u00f6glichkeit die gezeigten Exponate zu erwerben oder zu mieten. Eine gute M\u00f6glichkeit, die massiven Auswirkungen der Coronakrise f\u00fcr die einzelnen K\u00fcnstlerinnen und K\u00fcnstler etwas abzumildern.<\/p>\n","protected":false},"excerpt":{"rendered":"<p>Das K\u00fcnstlerhaus G\u00f6ttingen hat eine Online Galerie ins Leben gerufen um regionale K\u00fcnstlerinnen und K\u00fcnstler in der gegenw\u00e4rtigen Krise zu unterst\u00fctzen. Unter folgendem Link sind die Werke zu sehen: http:\/\/www.kuenstlerhaus-goettingen.de\/galerie\/\u00a0Hier sind unterschiedliche Arten zeitgen\u00f6ssischer regionaler bildender Kunst zu finden: Portraitmalerei, abstrakte Kunst, Landschaftsmalerei, Fotografie, Papierarbeiten und Skulpturen. Die Vielfalt \u00fcberrascht, man kann die Werke in [&hellip;]<\/p>\n","protected":false},"author":1,"featured_media":0,"comment_status":"closed","ping_status":"closed","sticky":false,"template":"","format":"standard","meta":{"saved_in_kubio":false,"footnotes":""},"categories":[45],"tags":[],"class_list":["post-2837","post","type-post","status-publish","format-standard","hentry","category-kultur"],"yoast_head":"<!-- This site is optimized with the Yoast SEO plugin v27.5 - https:\/\/yoast.com\/product\/yoast-seo-wordpress\/ -->\n<title>K\u00fcnstlerhaus unterst\u00fctzt regionale K\u00fcnstlerinnen und K\u00fcnstler - Radio Leinewelle<\/title>\n<meta name=\"robots\" content=\"index, follow, max-snippet:-1, max-image-preview:large, max-video-preview:-1\" \/>\n<link rel=\"canonical\" href=\"https:\/\/radioleinewelle.de\/index.php\/2020\/11\/09\/kuenstlerhaus-unterstuetzt-regionale-kuenstlerinnen-und-kuenstler\/\" \/>\n<meta property=\"og:locale\" content=\"de_DE\" \/>\n<meta property=\"og:type\" content=\"article\" \/>\n<meta property=\"og:title\" content=\"K\u00fcnstlerhaus unterst\u00fctzt regionale K\u00fcnstlerinnen und K\u00fcnstler - Radio Leinewelle\" \/>\n<meta property=\"og:description\" content=\"Das K\u00fcnstlerhaus G\u00f6ttingen hat eine Online Galerie ins Leben gerufen um regionale K\u00fcnstlerinnen und K\u00fcnstler in der gegenw\u00e4rtigen Krise zu unterst\u00fctzen. Unter folgendem Link sind die Werke zu sehen: http:\/\/www.kuenstlerhaus-goettingen.de\/galerie\/\u00a0Hier sind unterschiedliche Arten zeitgen\u00f6ssischer regionaler bildender Kunst zu finden: Portraitmalerei, abstrakte Kunst, Landschaftsmalerei, Fotografie, Papierarbeiten und Skulpturen. Die Vielfalt \u00fcberrascht, man kann die Werke in [&hellip;]\" \/>\n<meta property=\"og:url\" content=\"https:\/\/radioleinewelle.de\/index.php\/2020\/11\/09\/kuenstlerhaus-unterstuetzt-regionale-kuenstlerinnen-und-kuenstler\/\" \/>\n<meta property=\"og:site_name\" content=\"Radio Leinewelle\" \/>\n<meta property=\"article:publisher\" content=\"https:\/\/www.facebook.com\/radioleinewelle\" \/>\n<meta property=\"article:author\" content=\"https:\/\/www.facebook.com\/radioleinewelle\" \/>\n<meta property=\"article:published_time\" content=\"2020-11-09T04:00:35+00:00\" \/>\n<meta name=\"author\" content=\"Leinewelle\" \/>\n<meta name=\"twitter:card\" content=\"summary_large_image\" \/>\n<meta name=\"twitter:creator\" content=\"@https:\/\/twitter.com\/RLeinewelle?ref_src=twsrcgoogletwcampserptwgrauthor\" \/>\n<meta name=\"twitter:site\" content=\"@RLeinewelle\" \/>\n<meta name=\"twitter:label1\" content=\"Verfasst von\" \/>\n\t<meta name=\"twitter:data1\" content=\"Leinewelle\" \/>\n\t<meta name=\"twitter:label2\" content=\"Gesch\u00e4tzte Lesezeit\" \/>\n\t<meta name=\"twitter:data2\" content=\"1\u00a0Minute\" \/>\n<script type=\"application\/ld+json\" class=\"yoast-schema-graph\">{\"@context\":\"https:\\\/\\\/schema.org\",\"@graph\":[{\"@type\":\"Article\",\"@id\":\"https:\\\/\\\/radioleinewelle.de\\\/index.php\\\/2020\\\/11\\\/09\\\/kuenstlerhaus-unterstuetzt-regionale-kuenstlerinnen-und-kuenstler\\\/#article\",\"isPartOf\":{\"@id\":\"https:\\\/\\\/radioleinewelle.de\\\/index.php\\\/2020\\\/11\\\/09\\\/kuenstlerhaus-unterstuetzt-regionale-kuenstlerinnen-und-kuenstler\\\/\"},\"author\":{\"name\":\"Leinewelle\",\"@id\":\"https:\\\/\\\/radioleinewelle.de\\\/#\\\/schema\\\/person\\\/45606f348637df637192dc1b68399a63\"},\"headline\":\"K\u00fcnstlerhaus unterst\u00fctzt regionale K\u00fcnstlerinnen und K\u00fcnstler\",\"datePublished\":\"2020-11-09T04:00:35+00:00\",\"mainEntityOfPage\":{\"@id\":\"https:\\\/\\\/radioleinewelle.de\\\/index.php\\\/2020\\\/11\\\/09\\\/kuenstlerhaus-unterstuetzt-regionale-kuenstlerinnen-und-kuenstler\\\/\"},\"wordCount\":114,\"publisher\":{\"@id\":\"https:\\\/\\\/radioleinewelle.de\\\/#organization\"},\"articleSection\":[\"Kultur\"],\"inLanguage\":\"de\"},{\"@type\":\"WebPage\",\"@id\":\"https:\\\/\\\/radioleinewelle.de\\\/index.php\\\/2020\\\/11\\\/09\\\/kuenstlerhaus-unterstuetzt-regionale-kuenstlerinnen-und-kuenstler\\\/\",\"url\":\"https:\\\/\\\/radioleinewelle.de\\\/index.php\\\/2020\\\/11\\\/09\\\/kuenstlerhaus-unterstuetzt-regionale-kuenstlerinnen-und-kuenstler\\\/\",\"name\":\"K\u00fcnstlerhaus unterst\u00fctzt regionale K\u00fcnstlerinnen und K\u00fcnstler - Radio Leinewelle\",\"isPartOf\":{\"@id\":\"https:\\\/\\\/radioleinewelle.de\\\/#website\"},\"datePublished\":\"2020-11-09T04:00:35+00:00\",\"breadcrumb\":{\"@id\":\"https:\\\/\\\/radioleinewelle.de\\\/index.php\\\/2020\\\/11\\\/09\\\/kuenstlerhaus-unterstuetzt-regionale-kuenstlerinnen-und-kuenstler\\\/#breadcrumb\"},\"inLanguage\":\"de\",\"potentialAction\":[{\"@type\":\"ReadAction\",\"target\":[\"https:\\\/\\\/radioleinewelle.de\\\/index.php\\\/2020\\\/11\\\/09\\\/kuenstlerhaus-unterstuetzt-regionale-kuenstlerinnen-und-kuenstler\\\/\"]}]},{\"@type\":\"BreadcrumbList\",\"@id\":\"https:\\\/\\\/radioleinewelle.de\\\/index.php\\\/2020\\\/11\\\/09\\\/kuenstlerhaus-unterstuetzt-regionale-kuenstlerinnen-und-kuenstler\\\/#breadcrumb\",\"itemListElement\":[{\"@type\":\"ListItem\",\"position\":1,\"name\":\"Startseite\",\"item\":\"https:\\\/\\\/radioleinewelle.de\\\/\"},{\"@type\":\"ListItem\",\"position\":2,\"name\":\"K\u00fcnstlerhaus unterst\u00fctzt regionale K\u00fcnstlerinnen und K\u00fcnstler\"}]},{\"@type\":\"WebSite\",\"@id\":\"https:\\\/\\\/radioleinewelle.de\\\/#website\",\"url\":\"https:\\\/\\\/radioleinewelle.de\\\/\",\"name\":\"Radio Leinewelle\",\"description\":\"\",\"publisher\":{\"@id\":\"https:\\\/\\\/radioleinewelle.de\\\/#organization\"},\"potentialAction\":[{\"@type\":\"SearchAction\",\"target\":{\"@type\":\"EntryPoint\",\"urlTemplate\":\"https:\\\/\\\/radioleinewelle.de\\\/?s={search_term_string}\"},\"query-input\":{\"@type\":\"PropertyValueSpecification\",\"valueRequired\":true,\"valueName\":\"search_term_string\"}}],\"inLanguage\":\"de\"},{\"@type\":\"Organization\",\"@id\":\"https:\\\/\\\/radioleinewelle.de\\\/#organization\",\"name\":\"Radio Leinewelle\",\"alternateName\":\"Mein Radio f\u00fcr S\u00fcdniedersachsen\",\"url\":\"https:\\\/\\\/radioleinewelle.de\\\/\",\"logo\":{\"@type\":\"ImageObject\",\"inLanguage\":\"de\",\"@id\":\"https:\\\/\\\/radioleinewelle.de\\\/#\\\/schema\\\/logo\\\/image\\\/\",\"url\":\"https:\\\/\\\/radioleinewelle.de\\\/wp-content\\\/uploads\\\/2023\\\/11\\\/cropped-Leinewelle_Logo_weiss.png\",\"contentUrl\":\"https:\\\/\\\/radioleinewelle.de\\\/wp-content\\\/uploads\\\/2023\\\/11\\\/cropped-Leinewelle_Logo_weiss.png\",\"width\":854,\"height\":260,\"caption\":\"Radio Leinewelle\"},\"image\":{\"@id\":\"https:\\\/\\\/radioleinewelle.de\\\/#\\\/schema\\\/logo\\\/image\\\/\"},\"sameAs\":[\"https:\\\/\\\/www.facebook.com\\\/radioleinewelle\",\"https:\\\/\\\/x.com\\\/RLeinewelle\",\"https:\\\/\\\/www.instagram.com\\\/radioleinewelle\\\/?hl=de\"]},{\"@type\":\"Person\",\"@id\":\"https:\\\/\\\/radioleinewelle.de\\\/#\\\/schema\\\/person\\\/45606f348637df637192dc1b68399a63\",\"name\":\"Leinewelle\",\"image\":{\"@type\":\"ImageObject\",\"inLanguage\":\"de\",\"@id\":\"https:\\\/\\\/secure.gravatar.com\\\/avatar\\\/05c9a17bc973052ee5d91549bd32fb4dd0dc85b7b85ae94b2e2b4943476bbea5?s=96&d=blank&r=g\",\"url\":\"https:\\\/\\\/secure.gravatar.com\\\/avatar\\\/05c9a17bc973052ee5d91549bd32fb4dd0dc85b7b85ae94b2e2b4943476bbea5?s=96&d=blank&r=g\",\"contentUrl\":\"https:\\\/\\\/secure.gravatar.com\\\/avatar\\\/05c9a17bc973052ee5d91549bd32fb4dd0dc85b7b85ae94b2e2b4943476bbea5?s=96&d=blank&r=g\",\"caption\":\"Leinewelle\"},\"sameAs\":[\"http:\\\/\\\/localhost\\\/radio%20leinewelle\\\/wordpress\",\"https:\\\/\\\/www.facebook.com\\\/radioleinewelle\",\"https:\\\/\\\/www.instagram.com\\\/radioleinewelle\",\"https:\\\/\\\/x.com\\\/https:\\\/\\\/twitter.com\\\/RLeinewelle?ref_src=twsrcgoogletwcampserptwgrauthor\",\"https:\\\/\\\/soundcloud.com\\\/foerderverein-lokalradio?utm_source=clipboard&utm_medium=text&utm_campaign=social_sharing\"],\"url\":\"https:\\\/\\\/radioleinewelle.de\\\/index.php\\\/author\\\/leinewelle\\\/\"}]}<\/script>\n<!-- \/ Yoast SEO plugin. -->","yoast_head_json":{"title":"K\u00fcnstlerhaus unterst\u00fctzt regionale K\u00fcnstlerinnen und K\u00fcnstler - Radio Leinewelle","robots":{"index":"index","follow":"follow","max-snippet":"max-snippet:-1","max-image-preview":"max-image-preview:large","max-video-preview":"max-video-preview:-1"},"canonical":"https:\/\/radioleinewelle.de\/index.php\/2020\/11\/09\/kuenstlerhaus-unterstuetzt-regionale-kuenstlerinnen-und-kuenstler\/","og_locale":"de_DE","og_type":"article","og_title":"K\u00fcnstlerhaus unterst\u00fctzt regionale K\u00fcnstlerinnen und K\u00fcnstler - Radio Leinewelle","og_description":"Das K\u00fcnstlerhaus G\u00f6ttingen hat eine Online Galerie ins Leben gerufen um regionale K\u00fcnstlerinnen und K\u00fcnstler in der gegenw\u00e4rtigen Krise zu unterst\u00fctzen. Unter folgendem Link sind die Werke zu sehen: http:\/\/www.kuenstlerhaus-goettingen.de\/galerie\/\u00a0Hier sind unterschiedliche Arten zeitgen\u00f6ssischer regionaler bildender Kunst zu finden: Portraitmalerei, abstrakte Kunst, Landschaftsmalerei, Fotografie, Papierarbeiten und Skulpturen. Die Vielfalt \u00fcberrascht, man kann die Werke in [&hellip;]","og_url":"https:\/\/radioleinewelle.de\/index.php\/2020\/11\/09\/kuenstlerhaus-unterstuetzt-regionale-kuenstlerinnen-und-kuenstler\/","og_site_name":"Radio Leinewelle","article_publisher":"https:\/\/www.facebook.com\/radioleinewelle","article_author":"https:\/\/www.facebook.com\/radioleinewelle","article_published_time":"2020-11-09T04:00:35+00:00","author":"Leinewelle","twitter_card":"summary_large_image","twitter_creator":"@https:\/\/twitter.com\/RLeinewelle?ref_src=twsrcgoogletwcampserptwgrauthor","twitter_site":"@RLeinewelle","twitter_misc":{"Verfasst von":"Leinewelle","Gesch\u00e4tzte Lesezeit":"1\u00a0Minute"},"schema":{"@context":"https:\/\/schema.org","@graph":[{"@type":"Article","@id":"https:\/\/radioleinewelle.de\/index.php\/2020\/11\/09\/kuenstlerhaus-unterstuetzt-regionale-kuenstlerinnen-und-kuenstler\/#article","isPartOf":{"@id":"https:\/\/radioleinewelle.de\/index.php\/2020\/11\/09\/kuenstlerhaus-unterstuetzt-regionale-kuenstlerinnen-und-kuenstler\/"},"author":{"name":"Leinewelle","@id":"https:\/\/radioleinewelle.de\/#\/schema\/person\/45606f348637df637192dc1b68399a63"},"headline":"K\u00fcnstlerhaus unterst\u00fctzt regionale K\u00fcnstlerinnen und K\u00fcnstler","datePublished":"2020-11-09T04:00:35+00:00","mainEntityOfPage":{"@id":"https:\/\/radioleinewelle.de\/index.php\/2020\/11\/09\/kuenstlerhaus-unterstuetzt-regionale-kuenstlerinnen-und-kuenstler\/"},"wordCount":114,"publisher":{"@id":"https:\/\/radioleinewelle.de\/#organization"},"articleSection":["Kultur"],"inLanguage":"de"},{"@type":"WebPage","@id":"https:\/\/radioleinewelle.de\/index.php\/2020\/11\/09\/kuenstlerhaus-unterstuetzt-regionale-kuenstlerinnen-und-kuenstler\/","url":"https:\/\/radioleinewelle.de\/index.php\/2020\/11\/09\/kuenstlerhaus-unterstuetzt-regionale-kuenstlerinnen-und-kuenstler\/","name":"K\u00fcnstlerhaus unterst\u00fctzt regionale K\u00fcnstlerinnen und K\u00fcnstler - Radio Leinewelle","isPartOf":{"@id":"https:\/\/radioleinewelle.de\/#website"},"datePublished":"2020-11-09T04:00:35+00:00","breadcrumb":{"@id":"https:\/\/radioleinewelle.de\/index.php\/2020\/11\/09\/kuenstlerhaus-unterstuetzt-regionale-kuenstlerinnen-und-kuenstler\/#breadcrumb"},"inLanguage":"de","potentialAction":[{"@type":"ReadAction","target":["https:\/\/radioleinewelle.de\/index.php\/2020\/11\/09\/kuenstlerhaus-unterstuetzt-regionale-kuenstlerinnen-und-kuenstler\/"]}]},{"@type":"BreadcrumbList","@id":"https:\/\/radioleinewelle.de\/index.php\/2020\/11\/09\/kuenstlerhaus-unterstuetzt-regionale-kuenstlerinnen-und-kuenstler\/#breadcrumb","itemListElement":[{"@type":"ListItem","position":1,"name":"Startseite","item":"https:\/\/radioleinewelle.de\/"},{"@type":"ListItem","position":2,"name":"K\u00fcnstlerhaus unterst\u00fctzt regionale K\u00fcnstlerinnen und K\u00fcnstler"}]},{"@type":"WebSite","@id":"https:\/\/radioleinewelle.de\/#website","url":"https:\/\/radioleinewelle.de\/","name":"Radio Leinewelle","description":"","publisher":{"@id":"https:\/\/radioleinewelle.de\/#organization"},"potentialAction":[{"@type":"SearchAction","target":{"@type":"EntryPoint","urlTemplate":"https:\/\/radioleinewelle.de\/?s={search_term_string}"},"query-input":{"@type":"PropertyValueSpecification","valueRequired":true,"valueName":"search_term_string"}}],"inLanguage":"de"},{"@type":"Organization","@id":"https:\/\/radioleinewelle.de\/#organization","name":"Radio Leinewelle","alternateName":"Mein Radio f\u00fcr S\u00fcdniedersachsen","url":"https:\/\/radioleinewelle.de\/","logo":{"@type":"ImageObject","inLanguage":"de","@id":"https:\/\/radioleinewelle.de\/#\/schema\/logo\/image\/","url":"https:\/\/radioleinewelle.de\/wp-content\/uploads\/2023\/11\/cropped-Leinewelle_Logo_weiss.png","contentUrl":"https:\/\/radioleinewelle.de\/wp-content\/uploads\/2023\/11\/cropped-Leinewelle_Logo_weiss.png","width":854,"height":260,"caption":"Radio Leinewelle"},"image":{"@id":"https:\/\/radioleinewelle.de\/#\/schema\/logo\/image\/"},"sameAs":["https:\/\/www.facebook.com\/radioleinewelle","https:\/\/x.com\/RLeinewelle","https:\/\/www.instagram.com\/radioleinewelle\/?hl=de"]},{"@type":"Person","@id":"https:\/\/radioleinewelle.de\/#\/schema\/person\/45606f348637df637192dc1b68399a63","name":"Leinewelle","image":{"@type":"ImageObject","inLanguage":"de","@id":"https:\/\/secure.gravatar.com\/avatar\/05c9a17bc973052ee5d91549bd32fb4dd0dc85b7b85ae94b2e2b4943476bbea5?s=96&d=blank&r=g","url":"https:\/\/secure.gravatar.com\/avatar\/05c9a17bc973052ee5d91549bd32fb4dd0dc85b7b85ae94b2e2b4943476bbea5?s=96&d=blank&r=g","contentUrl":"https:\/\/secure.gravatar.com\/avatar\/05c9a17bc973052ee5d91549bd32fb4dd0dc85b7b85ae94b2e2b4943476bbea5?s=96&d=blank&r=g","caption":"Leinewelle"},"sameAs":["http:\/\/localhost\/radio%20leinewelle\/wordpress","https:\/\/www.facebook.com\/radioleinewelle","https:\/\/www.instagram.com\/radioleinewelle","https:\/\/x.com\/https:\/\/twitter.com\/RLeinewelle?ref_src=twsrcgoogletwcampserptwgrauthor","https:\/\/soundcloud.com\/foerderverein-lokalradio?utm_source=clipboard&utm_medium=text&utm_campaign=social_sharing"],"url":"https:\/\/radioleinewelle.de\/index.php\/author\/leinewelle\/"}]}},"_links":{"self":[{"href":"https:\/\/radioleinewelle.de\/index.php\/wp-json\/wp\/v2\/posts\/2837","targetHints":{"allow":["GET"]}}],"collection":[{"href":"https:\/\/radioleinewelle.de\/index.php\/wp-json\/wp\/v2\/posts"}],"about":[{"href":"https:\/\/radioleinewelle.de\/index.php\/wp-json\/wp\/v2\/types\/post"}],"author":[{"embeddable":true,"href":"https:\/\/radioleinewelle.de\/index.php\/wp-json\/wp\/v2\/users\/1"}],"replies":[{"embeddable":true,"href":"https:\/\/radioleinewelle.de\/index.php\/wp-json\/wp\/v2\/comments?post=2837"}],"version-history":[{"count":0,"href":"https:\/\/radioleinewelle.de\/index.php\/wp-json\/wp\/v2\/posts\/2837\/revisions"}],"wp:attachment":[{"href":"https:\/\/radioleinewelle.de\/index.php\/wp-json\/wp\/v2\/media?parent=2837"}],"wp:term":[{"taxonomy":"category","embeddable":true,"href":"https:\/\/radioleinewelle.de\/index.php\/wp-json\/wp\/v2\/categories?post=2837"},{"taxonomy":"post_tag","embeddable":true,"href":"https:\/\/radioleinewelle.de\/index.php\/wp-json\/wp\/v2\/tags?post=2837"}],"curies":[{"name":"wp","href":"https:\/\/api.w.org\/{rel}","templated":true}]}}