{"id":28383,"date":"2025-06-05T09:46:05","date_gmt":"2025-06-05T07:46:05","guid":{"rendered":"https:\/\/radioleinewelle.de\/?p=28383"},"modified":"2025-06-05T09:47:37","modified_gmt":"2025-06-05T07:47:37","slug":"neustart-des-goettinger-schuetzenfests","status":"publish","type":"post","link":"https:\/\/radioleinewelle.de\/index.php\/2025\/06\/05\/neustart-des-goettinger-schuetzenfests\/","title":{"rendered":"Neustart des G\u00f6ttinger Sch\u00fctzenfests"},"content":{"rendered":"\n<p>Es ist wieder da, das G\u00f6ttinger Sch\u00fctzenfest. Nach den eher stilleren letzten Jahren pr\u00e4sentiert sich die mittlerweile 633. Ausgabe mit einem neuen Konzept. <br>Vom 19.06. -23.06. steht der Parkplatz am Jahnstadion ganz im Zeichen des diesj\u00e4hrigen B\u00fcrger- und Sch\u00fctzenfests. Mit neuen Partnern will man sich in diesem Jahr breiter aufstellen.<\/p>\n\n\n\n<p>Der Auftakt am Donnerstagabend wird gemeinsam vom Deutschen Theater und dem Jungen Theater G\u00f6ttingen bestritten. Unter dem Motto &#8222;Jetzt schl\u00e4gts 13&#8220; pr\u00e4sentieren die Schauspielerinnen und Schauspieler eine musikalische Revue im Festzelt. Nach dem Familientag am Freitag steigt Samstagabend die gro\u00dfe Tanz- und Schlagerparty. Sonntag ist mit dem gro\u00dfen Umzug der Tag der Sch\u00fctzen und Sportvereine. Das Fest endet am Montag mit dem traditionellen Sch\u00fctzenfr\u00fchst\u00fcck im Festzelt. Nach Angaben der Festwirtin Carmen M\u00fcller hat dies einen Kapazit\u00e4t f\u00fcr 800 Personen. Besonderheit ist in diesem Jahr: der Eintritt zu allen Veranstaltungen ist kostenlos, rechtzeitiges Kommen ist daher zu empfehlen. Nat\u00fcrlich sind Fahrgesch\u00e4fte Pflicht, u.a. finden sich Autoscooter, Polyp, und Riesenrad auf dem Festplatz, so Platzmeister Volker Bodem. Auch f\u00fcr das k\u00f6rperliche Wohl ist gesorgt. &#8222;Malz-Wirt&#8220; Charles Recke wird hier eine neue Burger Kreation pr\u00e4sentieren.<\/p>\n\n\n\n<p>Zum Konzept und Programm  Irmgard Sch\u00f6nbach und Andre Faulhaber von der B\u00fcrger-Sch\u00fctzen-Gesellschaft von 1392:<\/p>\n\n\n\n<figure class=\"wp-block-audio aligncenter\" style=\"padding-top:0;padding-right:0;padding-bottom:0;padding-left:0\"><audio controls src=\"https:\/\/radioleinewelle.de\/wp-content\/uploads\/2025\/06\/Interview-Oberschaffer-Schuetzenfest-2025.mp3\"><\/audio><\/figure>\n\n\n\n\n\n<p class=\"has-small-font-size\"><strong>Foto (v.l.n.r.): <\/strong> Pr\u00e4sentierten das neue Sch\u00fctzenfestkonzept &#8211; Irmgard Sch\u00f6nbach, Andr\u00e9 Faulhaber, Petra Broistedt, Rainer Hald und Roland Grops \u00a9Radio Leinewelle (je)<\/p>\n","protected":false},"excerpt":{"rendered":"<p>Es ist wieder da, das G\u00f6ttinger Sch\u00fctzenfest. Nach den eher stilleren letzten Jahren pr\u00e4sentiert sich die mittlerweile 633. Ausgabe mit einem neuen Konzept. Vom 19.06. -23.06. steht der Parkplatz am Jahnstadion ganz im Zeichen des diesj\u00e4hrigen B\u00fcrger- und Sch\u00fctzenfests. Mit neuen Partnern will man sich in diesem Jahr breiter aufstellen. Der Auftakt am Donnerstagabend wird [&hellip;]<\/p>\n","protected":false},"author":1,"featured_media":28395,"comment_status":"open","ping_status":"open","sticky":false,"template":"","format":"standard","meta":{"saved_in_kubio":false,"footnotes":"[]"},"categories":[1],"tags":[],"class_list":["post-28383","post","type-post","status-publish","format-standard","has-post-thumbnail","hentry","category-allgemein"],"yoast_head":"<!-- This site is optimized with the Yoast SEO plugin v27.4 - https:\/\/yoast.com\/product\/yoast-seo-wordpress\/ -->\n<title>Neustart des G\u00f6ttinger Sch\u00fctzenfests - Radio Leinewelle<\/title>\n<meta name=\"robots\" content=\"index, follow, max-snippet:-1, max-image-preview:large, max-video-preview:-1\" \/>\n<link rel=\"canonical\" href=\"https:\/\/radioleinewelle.de\/index.php\/2025\/06\/05\/neustart-des-goettinger-schuetzenfests\/\" \/>\n<meta property=\"og:locale\" content=\"de_DE\" \/>\n<meta property=\"og:type\" content=\"article\" \/>\n<meta property=\"og:title\" content=\"Neustart des G\u00f6ttinger Sch\u00fctzenfests - Radio Leinewelle\" \/>\n<meta property=\"og:description\" content=\"Es ist wieder da, das G\u00f6ttinger Sch\u00fctzenfest. Nach den eher stilleren letzten Jahren pr\u00e4sentiert sich die mittlerweile 633. Ausgabe mit einem neuen Konzept. Vom 19.06. -23.06. steht der Parkplatz am Jahnstadion ganz im Zeichen des diesj\u00e4hrigen B\u00fcrger- und Sch\u00fctzenfests. Mit neuen Partnern will man sich in diesem Jahr breiter aufstellen. Der Auftakt am Donnerstagabend wird [&hellip;]\" \/>\n<meta property=\"og:url\" content=\"https:\/\/radioleinewelle.de\/index.php\/2025\/06\/05\/neustart-des-goettinger-schuetzenfests\/\" \/>\n<meta property=\"og:site_name\" content=\"Radio Leinewelle\" \/>\n<meta property=\"article:publisher\" content=\"https:\/\/www.facebook.com\/radioleinewelle\" \/>\n<meta property=\"article:author\" content=\"https:\/\/www.facebook.com\/radioleinewelle\" \/>\n<meta property=\"article:published_time\" content=\"2025-06-05T07:46:05+00:00\" \/>\n<meta property=\"article:modified_time\" content=\"2025-06-05T07:47:37+00:00\" \/>\n<meta property=\"og:image\" content=\"https:\/\/radioleinewelle.de\/wp-content\/uploads\/2025\/06\/Pressekonferenz-Schuetzenfest-Goettingen-2025.jpg\" \/>\n\t<meta property=\"og:image:width\" content=\"2016\" \/>\n\t<meta property=\"og:image:height\" content=\"1512\" \/>\n\t<meta property=\"og:image:type\" content=\"image\/jpeg\" \/>\n<meta name=\"author\" content=\"Leinewelle\" \/>\n<meta name=\"twitter:card\" content=\"summary_large_image\" \/>\n<meta name=\"twitter:creator\" content=\"@https:\/\/twitter.com\/RLeinewelle?ref_src=twsrcgoogletwcampserptwgrauthor\" \/>\n<meta name=\"twitter:site\" content=\"@RLeinewelle\" \/>\n<meta name=\"twitter:label1\" content=\"Verfasst von\" \/>\n\t<meta name=\"twitter:data1\" content=\"Leinewelle\" \/>\n\t<meta name=\"twitter:label2\" content=\"Gesch\u00e4tzte Lesezeit\" \/>\n\t<meta name=\"twitter:data2\" content=\"2\u00a0Minuten\" \/>\n<script type=\"application\/ld+json\" class=\"yoast-schema-graph\">{\"@context\":\"https:\\\/\\\/schema.org\",\"@graph\":[{\"@type\":\"Article\",\"@id\":\"https:\\\/\\\/radioleinewelle.de\\\/index.php\\\/2025\\\/06\\\/05\\\/neustart-des-goettinger-schuetzenfests\\\/#article\",\"isPartOf\":{\"@id\":\"https:\\\/\\\/radioleinewelle.de\\\/index.php\\\/2025\\\/06\\\/05\\\/neustart-des-goettinger-schuetzenfests\\\/\"},\"author\":{\"name\":\"Leinewelle\",\"@id\":\"https:\\\/\\\/radioleinewelle.de\\\/#\\\/schema\\\/person\\\/45606f348637df637192dc1b68399a63\"},\"headline\":\"Neustart des G\u00f6ttinger Sch\u00fctzenfests\",\"datePublished\":\"2025-06-05T07:46:05+00:00\",\"dateModified\":\"2025-06-05T07:47:37+00:00\",\"mainEntityOfPage\":{\"@id\":\"https:\\\/\\\/radioleinewelle.de\\\/index.php\\\/2025\\\/06\\\/05\\\/neustart-des-goettinger-schuetzenfests\\\/\"},\"wordCount\":251,\"commentCount\":0,\"publisher\":{\"@id\":\"https:\\\/\\\/radioleinewelle.de\\\/#organization\"},\"image\":{\"@id\":\"https:\\\/\\\/radioleinewelle.de\\\/index.php\\\/2025\\\/06\\\/05\\\/neustart-des-goettinger-schuetzenfests\\\/#primaryimage\"},\"thumbnailUrl\":\"https:\\\/\\\/radioleinewelle.de\\\/wp-content\\\/uploads\\\/2025\\\/06\\\/Pressekonferenz-Schuetzenfest-Goettingen-2025.jpg\",\"inLanguage\":\"de\",\"potentialAction\":[{\"@type\":\"CommentAction\",\"name\":\"Comment\",\"target\":[\"https:\\\/\\\/radioleinewelle.de\\\/index.php\\\/2025\\\/06\\\/05\\\/neustart-des-goettinger-schuetzenfests\\\/#respond\"]}]},{\"@type\":\"WebPage\",\"@id\":\"https:\\\/\\\/radioleinewelle.de\\\/index.php\\\/2025\\\/06\\\/05\\\/neustart-des-goettinger-schuetzenfests\\\/\",\"url\":\"https:\\\/\\\/radioleinewelle.de\\\/index.php\\\/2025\\\/06\\\/05\\\/neustart-des-goettinger-schuetzenfests\\\/\",\"name\":\"Neustart des G\u00f6ttinger Sch\u00fctzenfests - Radio Leinewelle\",\"isPartOf\":{\"@id\":\"https:\\\/\\\/radioleinewelle.de\\\/#website\"},\"primaryImageOfPage\":{\"@id\":\"https:\\\/\\\/radioleinewelle.de\\\/index.php\\\/2025\\\/06\\\/05\\\/neustart-des-goettinger-schuetzenfests\\\/#primaryimage\"},\"image\":{\"@id\":\"https:\\\/\\\/radioleinewelle.de\\\/index.php\\\/2025\\\/06\\\/05\\\/neustart-des-goettinger-schuetzenfests\\\/#primaryimage\"},\"thumbnailUrl\":\"https:\\\/\\\/radioleinewelle.de\\\/wp-content\\\/uploads\\\/2025\\\/06\\\/Pressekonferenz-Schuetzenfest-Goettingen-2025.jpg\",\"datePublished\":\"2025-06-05T07:46:05+00:00\",\"dateModified\":\"2025-06-05T07:47:37+00:00\",\"breadcrumb\":{\"@id\":\"https:\\\/\\\/radioleinewelle.de\\\/index.php\\\/2025\\\/06\\\/05\\\/neustart-des-goettinger-schuetzenfests\\\/#breadcrumb\"},\"inLanguage\":\"de\",\"potentialAction\":[{\"@type\":\"ReadAction\",\"target\":[\"https:\\\/\\\/radioleinewelle.de\\\/index.php\\\/2025\\\/06\\\/05\\\/neustart-des-goettinger-schuetzenfests\\\/\"]}]},{\"@type\":\"ImageObject\",\"inLanguage\":\"de\",\"@id\":\"https:\\\/\\\/radioleinewelle.de\\\/index.php\\\/2025\\\/06\\\/05\\\/neustart-des-goettinger-schuetzenfests\\\/#primaryimage\",\"url\":\"https:\\\/\\\/radioleinewelle.de\\\/wp-content\\\/uploads\\\/2025\\\/06\\\/Pressekonferenz-Schuetzenfest-Goettingen-2025.jpg\",\"contentUrl\":\"https:\\\/\\\/radioleinewelle.de\\\/wp-content\\\/uploads\\\/2025\\\/06\\\/Pressekonferenz-Schuetzenfest-Goettingen-2025.jpg\",\"width\":2016,\"height\":1512},{\"@type\":\"BreadcrumbList\",\"@id\":\"https:\\\/\\\/radioleinewelle.de\\\/index.php\\\/2025\\\/06\\\/05\\\/neustart-des-goettinger-schuetzenfests\\\/#breadcrumb\",\"itemListElement\":[{\"@type\":\"ListItem\",\"position\":1,\"name\":\"Startseite\",\"item\":\"https:\\\/\\\/radioleinewelle.de\\\/\"},{\"@type\":\"ListItem\",\"position\":2,\"name\":\"Neustart des G\u00f6ttinger Sch\u00fctzenfests\"}]},{\"@type\":\"WebSite\",\"@id\":\"https:\\\/\\\/radioleinewelle.de\\\/#website\",\"url\":\"https:\\\/\\\/radioleinewelle.de\\\/\",\"name\":\"Radio Leinewelle\",\"description\":\"\",\"publisher\":{\"@id\":\"https:\\\/\\\/radioleinewelle.de\\\/#organization\"},\"potentialAction\":[{\"@type\":\"SearchAction\",\"target\":{\"@type\":\"EntryPoint\",\"urlTemplate\":\"https:\\\/\\\/radioleinewelle.de\\\/?s={search_term_string}\"},\"query-input\":{\"@type\":\"PropertyValueSpecification\",\"valueRequired\":true,\"valueName\":\"search_term_string\"}}],\"inLanguage\":\"de\"},{\"@type\":\"Organization\",\"@id\":\"https:\\\/\\\/radioleinewelle.de\\\/#organization\",\"name\":\"Radio Leinewelle\",\"alternateName\":\"Mein Radio f\u00fcr S\u00fcdniedersachsen\",\"url\":\"https:\\\/\\\/radioleinewelle.de\\\/\",\"logo\":{\"@type\":\"ImageObject\",\"inLanguage\":\"de\",\"@id\":\"https:\\\/\\\/radioleinewelle.de\\\/#\\\/schema\\\/logo\\\/image\\\/\",\"url\":\"https:\\\/\\\/radioleinewelle.de\\\/wp-content\\\/uploads\\\/2023\\\/11\\\/cropped-Leinewelle_Logo_weiss.png\",\"contentUrl\":\"https:\\\/\\\/radioleinewelle.de\\\/wp-content\\\/uploads\\\/2023\\\/11\\\/cropped-Leinewelle_Logo_weiss.png\",\"width\":854,\"height\":260,\"caption\":\"Radio Leinewelle\"},\"image\":{\"@id\":\"https:\\\/\\\/radioleinewelle.de\\\/#\\\/schema\\\/logo\\\/image\\\/\"},\"sameAs\":[\"https:\\\/\\\/www.facebook.com\\\/radioleinewelle\",\"https:\\\/\\\/x.com\\\/RLeinewelle\",\"https:\\\/\\\/www.instagram.com\\\/radioleinewelle\\\/?hl=de\"]},{\"@type\":\"Person\",\"@id\":\"https:\\\/\\\/radioleinewelle.de\\\/#\\\/schema\\\/person\\\/45606f348637df637192dc1b68399a63\",\"name\":\"Leinewelle\",\"image\":{\"@type\":\"ImageObject\",\"inLanguage\":\"de\",\"@id\":\"https:\\\/\\\/secure.gravatar.com\\\/avatar\\\/05c9a17bc973052ee5d91549bd32fb4dd0dc85b7b85ae94b2e2b4943476bbea5?s=96&d=blank&r=g\",\"url\":\"https:\\\/\\\/secure.gravatar.com\\\/avatar\\\/05c9a17bc973052ee5d91549bd32fb4dd0dc85b7b85ae94b2e2b4943476bbea5?s=96&d=blank&r=g\",\"contentUrl\":\"https:\\\/\\\/secure.gravatar.com\\\/avatar\\\/05c9a17bc973052ee5d91549bd32fb4dd0dc85b7b85ae94b2e2b4943476bbea5?s=96&d=blank&r=g\",\"caption\":\"Leinewelle\"},\"sameAs\":[\"http:\\\/\\\/localhost\\\/radio%20leinewelle\\\/wordpress\",\"https:\\\/\\\/www.facebook.com\\\/radioleinewelle\",\"https:\\\/\\\/www.instagram.com\\\/radioleinewelle\",\"https:\\\/\\\/x.com\\\/https:\\\/\\\/twitter.com\\\/RLeinewelle?ref_src=twsrcgoogletwcampserptwgrauthor\",\"https:\\\/\\\/soundcloud.com\\\/foerderverein-lokalradio?utm_source=clipboard&utm_medium=text&utm_campaign=social_sharing\"],\"url\":\"https:\\\/\\\/radioleinewelle.de\\\/index.php\\\/author\\\/leinewelle\\\/\"}]}<\/script>\n<!-- \/ Yoast SEO plugin. -->","yoast_head_json":{"title":"Neustart des G\u00f6ttinger Sch\u00fctzenfests - Radio Leinewelle","robots":{"index":"index","follow":"follow","max-snippet":"max-snippet:-1","max-image-preview":"max-image-preview:large","max-video-preview":"max-video-preview:-1"},"canonical":"https:\/\/radioleinewelle.de\/index.php\/2025\/06\/05\/neustart-des-goettinger-schuetzenfests\/","og_locale":"de_DE","og_type":"article","og_title":"Neustart des G\u00f6ttinger Sch\u00fctzenfests - Radio Leinewelle","og_description":"Es ist wieder da, das G\u00f6ttinger Sch\u00fctzenfest. Nach den eher stilleren letzten Jahren pr\u00e4sentiert sich die mittlerweile 633. Ausgabe mit einem neuen Konzept. Vom 19.06. -23.06. steht der Parkplatz am Jahnstadion ganz im Zeichen des diesj\u00e4hrigen B\u00fcrger- und Sch\u00fctzenfests. Mit neuen Partnern will man sich in diesem Jahr breiter aufstellen. Der Auftakt am Donnerstagabend wird [&hellip;]","og_url":"https:\/\/radioleinewelle.de\/index.php\/2025\/06\/05\/neustart-des-goettinger-schuetzenfests\/","og_site_name":"Radio Leinewelle","article_publisher":"https:\/\/www.facebook.com\/radioleinewelle","article_author":"https:\/\/www.facebook.com\/radioleinewelle","article_published_time":"2025-06-05T07:46:05+00:00","article_modified_time":"2025-06-05T07:47:37+00:00","og_image":[{"width":2016,"height":1512,"url":"https:\/\/radioleinewelle.de\/wp-content\/uploads\/2025\/06\/Pressekonferenz-Schuetzenfest-Goettingen-2025.jpg","type":"image\/jpeg"}],"author":"Leinewelle","twitter_card":"summary_large_image","twitter_creator":"@https:\/\/twitter.com\/RLeinewelle?ref_src=twsrcgoogletwcampserptwgrauthor","twitter_site":"@RLeinewelle","twitter_misc":{"Verfasst von":"Leinewelle","Gesch\u00e4tzte Lesezeit":"2\u00a0Minuten"},"schema":{"@context":"https:\/\/schema.org","@graph":[{"@type":"Article","@id":"https:\/\/radioleinewelle.de\/index.php\/2025\/06\/05\/neustart-des-goettinger-schuetzenfests\/#article","isPartOf":{"@id":"https:\/\/radioleinewelle.de\/index.php\/2025\/06\/05\/neustart-des-goettinger-schuetzenfests\/"},"author":{"name":"Leinewelle","@id":"https:\/\/radioleinewelle.de\/#\/schema\/person\/45606f348637df637192dc1b68399a63"},"headline":"Neustart des G\u00f6ttinger Sch\u00fctzenfests","datePublished":"2025-06-05T07:46:05+00:00","dateModified":"2025-06-05T07:47:37+00:00","mainEntityOfPage":{"@id":"https:\/\/radioleinewelle.de\/index.php\/2025\/06\/05\/neustart-des-goettinger-schuetzenfests\/"},"wordCount":251,"commentCount":0,"publisher":{"@id":"https:\/\/radioleinewelle.de\/#organization"},"image":{"@id":"https:\/\/radioleinewelle.de\/index.php\/2025\/06\/05\/neustart-des-goettinger-schuetzenfests\/#primaryimage"},"thumbnailUrl":"https:\/\/radioleinewelle.de\/wp-content\/uploads\/2025\/06\/Pressekonferenz-Schuetzenfest-Goettingen-2025.jpg","inLanguage":"de","potentialAction":[{"@type":"CommentAction","name":"Comment","target":["https:\/\/radioleinewelle.de\/index.php\/2025\/06\/05\/neustart-des-goettinger-schuetzenfests\/#respond"]}]},{"@type":"WebPage","@id":"https:\/\/radioleinewelle.de\/index.php\/2025\/06\/05\/neustart-des-goettinger-schuetzenfests\/","url":"https:\/\/radioleinewelle.de\/index.php\/2025\/06\/05\/neustart-des-goettinger-schuetzenfests\/","name":"Neustart des G\u00f6ttinger Sch\u00fctzenfests - Radio Leinewelle","isPartOf":{"@id":"https:\/\/radioleinewelle.de\/#website"},"primaryImageOfPage":{"@id":"https:\/\/radioleinewelle.de\/index.php\/2025\/06\/05\/neustart-des-goettinger-schuetzenfests\/#primaryimage"},"image":{"@id":"https:\/\/radioleinewelle.de\/index.php\/2025\/06\/05\/neustart-des-goettinger-schuetzenfests\/#primaryimage"},"thumbnailUrl":"https:\/\/radioleinewelle.de\/wp-content\/uploads\/2025\/06\/Pressekonferenz-Schuetzenfest-Goettingen-2025.jpg","datePublished":"2025-06-05T07:46:05+00:00","dateModified":"2025-06-05T07:47:37+00:00","breadcrumb":{"@id":"https:\/\/radioleinewelle.de\/index.php\/2025\/06\/05\/neustart-des-goettinger-schuetzenfests\/#breadcrumb"},"inLanguage":"de","potentialAction":[{"@type":"ReadAction","target":["https:\/\/radioleinewelle.de\/index.php\/2025\/06\/05\/neustart-des-goettinger-schuetzenfests\/"]}]},{"@type":"ImageObject","inLanguage":"de","@id":"https:\/\/radioleinewelle.de\/index.php\/2025\/06\/05\/neustart-des-goettinger-schuetzenfests\/#primaryimage","url":"https:\/\/radioleinewelle.de\/wp-content\/uploads\/2025\/06\/Pressekonferenz-Schuetzenfest-Goettingen-2025.jpg","contentUrl":"https:\/\/radioleinewelle.de\/wp-content\/uploads\/2025\/06\/Pressekonferenz-Schuetzenfest-Goettingen-2025.jpg","width":2016,"height":1512},{"@type":"BreadcrumbList","@id":"https:\/\/radioleinewelle.de\/index.php\/2025\/06\/05\/neustart-des-goettinger-schuetzenfests\/#breadcrumb","itemListElement":[{"@type":"ListItem","position":1,"name":"Startseite","item":"https:\/\/radioleinewelle.de\/"},{"@type":"ListItem","position":2,"name":"Neustart des G\u00f6ttinger Sch\u00fctzenfests"}]},{"@type":"WebSite","@id":"https:\/\/radioleinewelle.de\/#website","url":"https:\/\/radioleinewelle.de\/","name":"Radio Leinewelle","description":"","publisher":{"@id":"https:\/\/radioleinewelle.de\/#organization"},"potentialAction":[{"@type":"SearchAction","target":{"@type":"EntryPoint","urlTemplate":"https:\/\/radioleinewelle.de\/?s={search_term_string}"},"query-input":{"@type":"PropertyValueSpecification","valueRequired":true,"valueName":"search_term_string"}}],"inLanguage":"de"},{"@type":"Organization","@id":"https:\/\/radioleinewelle.de\/#organization","name":"Radio Leinewelle","alternateName":"Mein Radio f\u00fcr S\u00fcdniedersachsen","url":"https:\/\/radioleinewelle.de\/","logo":{"@type":"ImageObject","inLanguage":"de","@id":"https:\/\/radioleinewelle.de\/#\/schema\/logo\/image\/","url":"https:\/\/radioleinewelle.de\/wp-content\/uploads\/2023\/11\/cropped-Leinewelle_Logo_weiss.png","contentUrl":"https:\/\/radioleinewelle.de\/wp-content\/uploads\/2023\/11\/cropped-Leinewelle_Logo_weiss.png","width":854,"height":260,"caption":"Radio Leinewelle"},"image":{"@id":"https:\/\/radioleinewelle.de\/#\/schema\/logo\/image\/"},"sameAs":["https:\/\/www.facebook.com\/radioleinewelle","https:\/\/x.com\/RLeinewelle","https:\/\/www.instagram.com\/radioleinewelle\/?hl=de"]},{"@type":"Person","@id":"https:\/\/radioleinewelle.de\/#\/schema\/person\/45606f348637df637192dc1b68399a63","name":"Leinewelle","image":{"@type":"ImageObject","inLanguage":"de","@id":"https:\/\/secure.gravatar.com\/avatar\/05c9a17bc973052ee5d91549bd32fb4dd0dc85b7b85ae94b2e2b4943476bbea5?s=96&d=blank&r=g","url":"https:\/\/secure.gravatar.com\/avatar\/05c9a17bc973052ee5d91549bd32fb4dd0dc85b7b85ae94b2e2b4943476bbea5?s=96&d=blank&r=g","contentUrl":"https:\/\/secure.gravatar.com\/avatar\/05c9a17bc973052ee5d91549bd32fb4dd0dc85b7b85ae94b2e2b4943476bbea5?s=96&d=blank&r=g","caption":"Leinewelle"},"sameAs":["http:\/\/localhost\/radio%20leinewelle\/wordpress","https:\/\/www.facebook.com\/radioleinewelle","https:\/\/www.instagram.com\/radioleinewelle","https:\/\/x.com\/https:\/\/twitter.com\/RLeinewelle?ref_src=twsrcgoogletwcampserptwgrauthor","https:\/\/soundcloud.com\/foerderverein-lokalradio?utm_source=clipboard&utm_medium=text&utm_campaign=social_sharing"],"url":"https:\/\/radioleinewelle.de\/index.php\/author\/leinewelle\/"}]}},"_links":{"self":[{"href":"https:\/\/radioleinewelle.de\/index.php\/wp-json\/wp\/v2\/posts\/28383","targetHints":{"allow":["GET"]}}],"collection":[{"href":"https:\/\/radioleinewelle.de\/index.php\/wp-json\/wp\/v2\/posts"}],"about":[{"href":"https:\/\/radioleinewelle.de\/index.php\/wp-json\/wp\/v2\/types\/post"}],"author":[{"embeddable":true,"href":"https:\/\/radioleinewelle.de\/index.php\/wp-json\/wp\/v2\/users\/1"}],"replies":[{"embeddable":true,"href":"https:\/\/radioleinewelle.de\/index.php\/wp-json\/wp\/v2\/comments?post=28383"}],"version-history":[{"count":5,"href":"https:\/\/radioleinewelle.de\/index.php\/wp-json\/wp\/v2\/posts\/28383\/revisions"}],"predecessor-version":[{"id":28394,"href":"https:\/\/radioleinewelle.de\/index.php\/wp-json\/wp\/v2\/posts\/28383\/revisions\/28394"}],"wp:featuredmedia":[{"embeddable":true,"href":"https:\/\/radioleinewelle.de\/index.php\/wp-json\/wp\/v2\/media\/28395"}],"wp:attachment":[{"href":"https:\/\/radioleinewelle.de\/index.php\/wp-json\/wp\/v2\/media?parent=28383"}],"wp:term":[{"taxonomy":"category","embeddable":true,"href":"https:\/\/radioleinewelle.de\/index.php\/wp-json\/wp\/v2\/categories?post=28383"},{"taxonomy":"post_tag","embeddable":true,"href":"https:\/\/radioleinewelle.de\/index.php\/wp-json\/wp\/v2\/tags?post=28383"}],"curies":[{"name":"wp","href":"https:\/\/api.w.org\/{rel}","templated":true}]}}