{"id":28390,"date":"2025-06-05T09:10:14","date_gmt":"2025-06-05T07:10:14","guid":{"rendered":"https:\/\/radioleinewelle.de\/?p=28390"},"modified":"2025-06-05T09:10:17","modified_gmt":"2025-06-05T07:10:17","slug":"sozialmesse-duderstadt-bietet-vielfaeltige-informationen","status":"publish","type":"post","link":"https:\/\/radioleinewelle.de\/index.php\/2025\/06\/05\/sozialmesse-duderstadt-bietet-vielfaeltige-informationen\/","title":{"rendered":"Sozialmesse Duderstadt bietet vielf\u00e4ltige Informationen"},"content":{"rendered":"\n<p>Bei der ersten Sozialmesse \u201eFamilien st\u00e4rken! Zukunft gestalten!\u201c am 25. Juni 2025 in Duderstadt treffen B\u00fcrger*innen auf praktische Hilfen, statt auf b\u00fcrokratische Herausforderungen. \u00dcber 30 Institutionen beraten vor Ort zu den Themen Geld, Bildung, Integration und mehr \u2013 direkt, pers\u00f6nlich, kostenlos. Ein Muss f\u00fcr alle, die Klarheit im Sozialdschungel suchen.<\/p>\n\n\n\n<p>Das Akti(F) Plus-Projekt \u201eTAfF Plus \u2013 Teilhabe und Arbeit f\u00fcr Familien\u201c der VHS G\u00f6ttingen Osterode l\u00e4dt zu der ersten Sozialmesse \u201eFamilien st\u00e4rken! Zukunft gestalten!\u201c in Duderstadt ein. Besucher*innen k\u00f6nnen sich auf Ausk\u00fcnfte zu Antr\u00e4gen und Formularen sowie Beratung zu finanziellen Hilfen und Sozialleistungen freuen. Dar\u00fcber hinaus gibt es Informationen zu Bildungs- und Freizeitangeboten f\u00fcr Kinder, Sprachkursen und Integrationshilfen sowie vielen weiteren Themen. Familien, B\u00fcrgerinnen und B\u00fcrger der Stadt Duderstadt und Umgebung bekommen alle Antworten geb\u00fcndelt und unkompliziert an einem Ort.<\/p>\n\n\n\n<p>Folgende Institutionen und Verwaltungsstellen nehmen sich Zeit f\u00fcr ein Gespr\u00e4ch mit Ihnen:<\/p>\n\n\n\n<ul class=\"wp-block-list\">\n<li>Agentur f\u00fcr Arbeit G\u00f6ttingen<\/li>\n\n\n\n<li>AWO G\u00f6ttingen &#8211; Northeim: Trialog, B\u00fcrgertreff Duderstadt<\/li>\n\n\n\n<li>Bildungsgenossenschaft S\u00fcdniedersachsen: Anerkennungsberatung, Projekt FairBleib S\u00fcdniedersachsen-Harz+<\/li>\n\n\n\n<li>B\u00fcrgerb\u00fcro der Stadt Duderstadt<\/li>\n\n\n\n<li>Caritasverband S\u00fcdniedersachsen: Inklusiver Campus Duderstadt mit dem Familienzentrum, Fl\u00fcchtlingssozialarbeit, Migrationsberatung, Caf\u00e9 Grenzenlos<\/li>\n\n\n\n<li>Ev. Familien-Bildungs-St\u00e4tte G\u00f6ttingen: wellcome, Griffbereit und Rucksack im Landkreis G\u00f6ttingen<\/li>\n\n\n\n<li>Familienkasse Niedersachsen Bremen<\/li>\n\n\n\n<li>Frauen-Notruf G\u00f6ttingen<\/li>\n\n\n\n<li>Gesellschaft f\u00fcr Arbeits- und Berufsf\u00f6rderung (GAB) S\u00fcdniedersachsen<\/li>\n\n\n\n<li>Hospiz Verein Eichsfeld<\/li>\n\n\n\n<li>Koordinierungsstelle \u201eFrauen &amp; Wirtschaft\u201c, Stadt und Landkreis G\u00f6ttingen<\/li>\n\n\n\n<li>Landkreis G\u00f6ttingen: Bildung und Teilhabe, Elterngeld, Familienservice, Jobcenter, Jugendberufshilfe, Jugendberufsagentur, Referat Demografie und Sozialplanung, Sch\u00fcler*innen-BAf\u00f6G, Unterhaltsvorschuss, Wohngeld<\/li>\n\n\n\n<li>Lehrgarten Duderstadt<\/li>\n\n\n\n<li>Jufi \u2013 Das Mehrgenerationenhaus in Duderstadt<\/li>\n\n\n\n<li>Mieterverein G\u00f6ttingen<\/li>\n\n\n\n<li>Stadtbibliothek Duderstadt<\/li>\n\n\n\n<li>Verein FEMME in Duderstadt<\/li>\n\n\n\n<li>VHS Gesch\u00e4ftsstelle Duderstadt: Projekte TAfF Plus mit dem Caf\u00e9 Digital und MYWAY-G\u00f6ttingen mit dem Sprechcaf\u00e9, Deutschberatung<\/li>\n<\/ul>\n\n\n\n<p><\/p>\n\n\n\n\n\n<p><strong>Der Eintritt ist frei, ebenso wie Getr\u00e4nke und eine Kinderbeaufsichtigung. Die VHS bietet gratis den Check von Bewerbungsunterlagen an. Die Messe findet am 25. Juni 2025 zwischen 11:00 und 15:00 Uhr im Historischen Rathaus, Marktstr. 66, 37115 Duderstadt, statt.<\/strong><\/p>\n\n\n\n<p class=\"has-small-font-size\"><strong>Foto:<\/strong> Rathaus Duderstadt @Radio Leinewelle (je) <\/p>\n\n\n\n<p class=\"has-small-font-size\"><\/p>\n","protected":false},"excerpt":{"rendered":"<p>Bei der ersten Sozialmesse \u201eFamilien st\u00e4rken! Zukunft gestalten!\u201c am 25. Juni 2025 in Duderstadt treffen B\u00fcrger*innen auf praktische Hilfen, statt auf b\u00fcrokratische Herausforderungen. \u00dcber 30 Institutionen beraten vor Ort zu den Themen Geld, Bildung, Integration und mehr \u2013 direkt, pers\u00f6nlich, kostenlos. Ein Muss f\u00fcr alle, die Klarheit im Sozialdschungel suchen. Das Akti(F) Plus-Projekt \u201eTAfF Plus [&hellip;]<\/p>\n","protected":false},"author":1,"featured_media":1359,"comment_status":"open","ping_status":"open","sticky":false,"template":"","format":"standard","meta":{"saved_in_kubio":false,"footnotes":""},"categories":[836,41],"tags":[],"class_list":["post-28390","post","type-post","status-publish","format-standard","has-post-thumbnail","hentry","category-laendliche-region","category-veranstaltungen"],"yoast_head":"<!-- This site is optimized with the Yoast SEO plugin v27.4 - https:\/\/yoast.com\/product\/yoast-seo-wordpress\/ -->\n<title>Sozialmesse Duderstadt bietet vielf\u00e4ltige Informationen - Radio Leinewelle<\/title>\n<meta name=\"robots\" content=\"index, follow, max-snippet:-1, max-image-preview:large, max-video-preview:-1\" \/>\n<link rel=\"canonical\" href=\"https:\/\/radioleinewelle.de\/index.php\/2025\/06\/05\/sozialmesse-duderstadt-bietet-vielfaeltige-informationen\/\" \/>\n<meta property=\"og:locale\" content=\"de_DE\" \/>\n<meta property=\"og:type\" content=\"article\" \/>\n<meta property=\"og:title\" content=\"Sozialmesse Duderstadt bietet vielf\u00e4ltige Informationen - Radio Leinewelle\" \/>\n<meta property=\"og:description\" content=\"Bei der ersten Sozialmesse \u201eFamilien st\u00e4rken! Zukunft gestalten!\u201c am 25. Juni 2025 in Duderstadt treffen B\u00fcrger*innen auf praktische Hilfen, statt auf b\u00fcrokratische Herausforderungen. \u00dcber 30 Institutionen beraten vor Ort zu den Themen Geld, Bildung, Integration und mehr \u2013 direkt, pers\u00f6nlich, kostenlos. Ein Muss f\u00fcr alle, die Klarheit im Sozialdschungel suchen. Das Akti(F) Plus-Projekt \u201eTAfF Plus [&hellip;]\" \/>\n<meta property=\"og:url\" content=\"https:\/\/radioleinewelle.de\/index.php\/2025\/06\/05\/sozialmesse-duderstadt-bietet-vielfaeltige-informationen\/\" \/>\n<meta property=\"og:site_name\" content=\"Radio Leinewelle\" \/>\n<meta property=\"article:publisher\" content=\"https:\/\/www.facebook.com\/radioleinewelle\" \/>\n<meta property=\"article:author\" content=\"https:\/\/www.facebook.com\/radioleinewelle\" \/>\n<meta property=\"article:published_time\" content=\"2025-06-05T07:10:14+00:00\" \/>\n<meta property=\"article:modified_time\" content=\"2025-06-05T07:10:17+00:00\" \/>\n<meta property=\"og:image\" content=\"https:\/\/radioleinewelle.de\/wp-content\/uploads\/2020\/08\/Duderstadt-Rathaus-e1598801339712.jpg\" \/>\n\t<meta property=\"og:image:width\" content=\"300\" \/>\n\t<meta property=\"og:image:height\" content=\"169\" \/>\n\t<meta property=\"og:image:type\" content=\"image\/jpeg\" \/>\n<meta name=\"author\" content=\"Leinewelle\" \/>\n<meta name=\"twitter:card\" content=\"summary_large_image\" \/>\n<meta name=\"twitter:creator\" content=\"@https:\/\/twitter.com\/RLeinewelle?ref_src=twsrcgoogletwcampserptwgrauthor\" \/>\n<meta name=\"twitter:site\" content=\"@RLeinewelle\" \/>\n<meta name=\"twitter:label1\" content=\"Verfasst von\" \/>\n\t<meta name=\"twitter:data1\" content=\"Leinewelle\" \/>\n\t<meta name=\"twitter:label2\" content=\"Gesch\u00e4tzte Lesezeit\" \/>\n\t<meta name=\"twitter:data2\" content=\"2\u00a0Minuten\" \/>\n<script type=\"application\/ld+json\" class=\"yoast-schema-graph\">{\"@context\":\"https:\\\/\\\/schema.org\",\"@graph\":[{\"@type\":\"Article\",\"@id\":\"https:\\\/\\\/radioleinewelle.de\\\/index.php\\\/2025\\\/06\\\/05\\\/sozialmesse-duderstadt-bietet-vielfaeltige-informationen\\\/#article\",\"isPartOf\":{\"@id\":\"https:\\\/\\\/radioleinewelle.de\\\/index.php\\\/2025\\\/06\\\/05\\\/sozialmesse-duderstadt-bietet-vielfaeltige-informationen\\\/\"},\"author\":{\"name\":\"Leinewelle\",\"@id\":\"https:\\\/\\\/radioleinewelle.de\\\/#\\\/schema\\\/person\\\/45606f348637df637192dc1b68399a63\"},\"headline\":\"Sozialmesse Duderstadt bietet vielf\u00e4ltige Informationen\",\"datePublished\":\"2025-06-05T07:10:14+00:00\",\"dateModified\":\"2025-06-05T07:10:17+00:00\",\"mainEntityOfPage\":{\"@id\":\"https:\\\/\\\/radioleinewelle.de\\\/index.php\\\/2025\\\/06\\\/05\\\/sozialmesse-duderstadt-bietet-vielfaeltige-informationen\\\/\"},\"wordCount\":344,\"commentCount\":0,\"publisher\":{\"@id\":\"https:\\\/\\\/radioleinewelle.de\\\/#organization\"},\"image\":{\"@id\":\"https:\\\/\\\/radioleinewelle.de\\\/index.php\\\/2025\\\/06\\\/05\\\/sozialmesse-duderstadt-bietet-vielfaeltige-informationen\\\/#primaryimage\"},\"thumbnailUrl\":\"https:\\\/\\\/radioleinewelle.de\\\/wp-content\\\/uploads\\\/2020\\\/08\\\/Duderstadt-Rathaus-e1598801339712.jpg\",\"articleSection\":[\"L\u00e4ndliche Region\",\"Veranstaltungen\"],\"inLanguage\":\"de\",\"potentialAction\":[{\"@type\":\"CommentAction\",\"name\":\"Comment\",\"target\":[\"https:\\\/\\\/radioleinewelle.de\\\/index.php\\\/2025\\\/06\\\/05\\\/sozialmesse-duderstadt-bietet-vielfaeltige-informationen\\\/#respond\"]}]},{\"@type\":\"WebPage\",\"@id\":\"https:\\\/\\\/radioleinewelle.de\\\/index.php\\\/2025\\\/06\\\/05\\\/sozialmesse-duderstadt-bietet-vielfaeltige-informationen\\\/\",\"url\":\"https:\\\/\\\/radioleinewelle.de\\\/index.php\\\/2025\\\/06\\\/05\\\/sozialmesse-duderstadt-bietet-vielfaeltige-informationen\\\/\",\"name\":\"Sozialmesse Duderstadt bietet vielf\u00e4ltige Informationen - Radio Leinewelle\",\"isPartOf\":{\"@id\":\"https:\\\/\\\/radioleinewelle.de\\\/#website\"},\"primaryImageOfPage\":{\"@id\":\"https:\\\/\\\/radioleinewelle.de\\\/index.php\\\/2025\\\/06\\\/05\\\/sozialmesse-duderstadt-bietet-vielfaeltige-informationen\\\/#primaryimage\"},\"image\":{\"@id\":\"https:\\\/\\\/radioleinewelle.de\\\/index.php\\\/2025\\\/06\\\/05\\\/sozialmesse-duderstadt-bietet-vielfaeltige-informationen\\\/#primaryimage\"},\"thumbnailUrl\":\"https:\\\/\\\/radioleinewelle.de\\\/wp-content\\\/uploads\\\/2020\\\/08\\\/Duderstadt-Rathaus-e1598801339712.jpg\",\"datePublished\":\"2025-06-05T07:10:14+00:00\",\"dateModified\":\"2025-06-05T07:10:17+00:00\",\"breadcrumb\":{\"@id\":\"https:\\\/\\\/radioleinewelle.de\\\/index.php\\\/2025\\\/06\\\/05\\\/sozialmesse-duderstadt-bietet-vielfaeltige-informationen\\\/#breadcrumb\"},\"inLanguage\":\"de\",\"potentialAction\":[{\"@type\":\"ReadAction\",\"target\":[\"https:\\\/\\\/radioleinewelle.de\\\/index.php\\\/2025\\\/06\\\/05\\\/sozialmesse-duderstadt-bietet-vielfaeltige-informationen\\\/\"]}]},{\"@type\":\"ImageObject\",\"inLanguage\":\"de\",\"@id\":\"https:\\\/\\\/radioleinewelle.de\\\/index.php\\\/2025\\\/06\\\/05\\\/sozialmesse-duderstadt-bietet-vielfaeltige-informationen\\\/#primaryimage\",\"url\":\"https:\\\/\\\/radioleinewelle.de\\\/wp-content\\\/uploads\\\/2020\\\/08\\\/Duderstadt-Rathaus-e1598801339712.jpg\",\"contentUrl\":\"https:\\\/\\\/radioleinewelle.de\\\/wp-content\\\/uploads\\\/2020\\\/08\\\/Duderstadt-Rathaus-e1598801339712.jpg\",\"width\":300,\"height\":169},{\"@type\":\"BreadcrumbList\",\"@id\":\"https:\\\/\\\/radioleinewelle.de\\\/index.php\\\/2025\\\/06\\\/05\\\/sozialmesse-duderstadt-bietet-vielfaeltige-informationen\\\/#breadcrumb\",\"itemListElement\":[{\"@type\":\"ListItem\",\"position\":1,\"name\":\"Startseite\",\"item\":\"https:\\\/\\\/radioleinewelle.de\\\/\"},{\"@type\":\"ListItem\",\"position\":2,\"name\":\"Sozialmesse Duderstadt bietet vielf\u00e4ltige Informationen\"}]},{\"@type\":\"WebSite\",\"@id\":\"https:\\\/\\\/radioleinewelle.de\\\/#website\",\"url\":\"https:\\\/\\\/radioleinewelle.de\\\/\",\"name\":\"Radio Leinewelle\",\"description\":\"\",\"publisher\":{\"@id\":\"https:\\\/\\\/radioleinewelle.de\\\/#organization\"},\"potentialAction\":[{\"@type\":\"SearchAction\",\"target\":{\"@type\":\"EntryPoint\",\"urlTemplate\":\"https:\\\/\\\/radioleinewelle.de\\\/?s={search_term_string}\"},\"query-input\":{\"@type\":\"PropertyValueSpecification\",\"valueRequired\":true,\"valueName\":\"search_term_string\"}}],\"inLanguage\":\"de\"},{\"@type\":\"Organization\",\"@id\":\"https:\\\/\\\/radioleinewelle.de\\\/#organization\",\"name\":\"Radio Leinewelle\",\"alternateName\":\"Mein Radio f\u00fcr S\u00fcdniedersachsen\",\"url\":\"https:\\\/\\\/radioleinewelle.de\\\/\",\"logo\":{\"@type\":\"ImageObject\",\"inLanguage\":\"de\",\"@id\":\"https:\\\/\\\/radioleinewelle.de\\\/#\\\/schema\\\/logo\\\/image\\\/\",\"url\":\"https:\\\/\\\/radioleinewelle.de\\\/wp-content\\\/uploads\\\/2023\\\/11\\\/cropped-Leinewelle_Logo_weiss.png\",\"contentUrl\":\"https:\\\/\\\/radioleinewelle.de\\\/wp-content\\\/uploads\\\/2023\\\/11\\\/cropped-Leinewelle_Logo_weiss.png\",\"width\":854,\"height\":260,\"caption\":\"Radio Leinewelle\"},\"image\":{\"@id\":\"https:\\\/\\\/radioleinewelle.de\\\/#\\\/schema\\\/logo\\\/image\\\/\"},\"sameAs\":[\"https:\\\/\\\/www.facebook.com\\\/radioleinewelle\",\"https:\\\/\\\/x.com\\\/RLeinewelle\",\"https:\\\/\\\/www.instagram.com\\\/radioleinewelle\\\/?hl=de\"]},{\"@type\":\"Person\",\"@id\":\"https:\\\/\\\/radioleinewelle.de\\\/#\\\/schema\\\/person\\\/45606f348637df637192dc1b68399a63\",\"name\":\"Leinewelle\",\"image\":{\"@type\":\"ImageObject\",\"inLanguage\":\"de\",\"@id\":\"https:\\\/\\\/secure.gravatar.com\\\/avatar\\\/05c9a17bc973052ee5d91549bd32fb4dd0dc85b7b85ae94b2e2b4943476bbea5?s=96&d=blank&r=g\",\"url\":\"https:\\\/\\\/secure.gravatar.com\\\/avatar\\\/05c9a17bc973052ee5d91549bd32fb4dd0dc85b7b85ae94b2e2b4943476bbea5?s=96&d=blank&r=g\",\"contentUrl\":\"https:\\\/\\\/secure.gravatar.com\\\/avatar\\\/05c9a17bc973052ee5d91549bd32fb4dd0dc85b7b85ae94b2e2b4943476bbea5?s=96&d=blank&r=g\",\"caption\":\"Leinewelle\"},\"sameAs\":[\"http:\\\/\\\/localhost\\\/radio%20leinewelle\\\/wordpress\",\"https:\\\/\\\/www.facebook.com\\\/radioleinewelle\",\"https:\\\/\\\/www.instagram.com\\\/radioleinewelle\",\"https:\\\/\\\/x.com\\\/https:\\\/\\\/twitter.com\\\/RLeinewelle?ref_src=twsrcgoogletwcampserptwgrauthor\",\"https:\\\/\\\/soundcloud.com\\\/foerderverein-lokalradio?utm_source=clipboard&utm_medium=text&utm_campaign=social_sharing\"],\"url\":\"https:\\\/\\\/radioleinewelle.de\\\/index.php\\\/author\\\/leinewelle\\\/\"}]}<\/script>\n<!-- \/ Yoast SEO plugin. -->","yoast_head_json":{"title":"Sozialmesse Duderstadt bietet vielf\u00e4ltige Informationen - Radio Leinewelle","robots":{"index":"index","follow":"follow","max-snippet":"max-snippet:-1","max-image-preview":"max-image-preview:large","max-video-preview":"max-video-preview:-1"},"canonical":"https:\/\/radioleinewelle.de\/index.php\/2025\/06\/05\/sozialmesse-duderstadt-bietet-vielfaeltige-informationen\/","og_locale":"de_DE","og_type":"article","og_title":"Sozialmesse Duderstadt bietet vielf\u00e4ltige Informationen - Radio Leinewelle","og_description":"Bei der ersten Sozialmesse \u201eFamilien st\u00e4rken! Zukunft gestalten!\u201c am 25. Juni 2025 in Duderstadt treffen B\u00fcrger*innen auf praktische Hilfen, statt auf b\u00fcrokratische Herausforderungen. \u00dcber 30 Institutionen beraten vor Ort zu den Themen Geld, Bildung, Integration und mehr \u2013 direkt, pers\u00f6nlich, kostenlos. Ein Muss f\u00fcr alle, die Klarheit im Sozialdschungel suchen. Das Akti(F) Plus-Projekt \u201eTAfF Plus [&hellip;]","og_url":"https:\/\/radioleinewelle.de\/index.php\/2025\/06\/05\/sozialmesse-duderstadt-bietet-vielfaeltige-informationen\/","og_site_name":"Radio Leinewelle","article_publisher":"https:\/\/www.facebook.com\/radioleinewelle","article_author":"https:\/\/www.facebook.com\/radioleinewelle","article_published_time":"2025-06-05T07:10:14+00:00","article_modified_time":"2025-06-05T07:10:17+00:00","og_image":[{"width":300,"height":169,"url":"https:\/\/radioleinewelle.de\/wp-content\/uploads\/2020\/08\/Duderstadt-Rathaus-e1598801339712.jpg","type":"image\/jpeg"}],"author":"Leinewelle","twitter_card":"summary_large_image","twitter_creator":"@https:\/\/twitter.com\/RLeinewelle?ref_src=twsrcgoogletwcampserptwgrauthor","twitter_site":"@RLeinewelle","twitter_misc":{"Verfasst von":"Leinewelle","Gesch\u00e4tzte Lesezeit":"2\u00a0Minuten"},"schema":{"@context":"https:\/\/schema.org","@graph":[{"@type":"Article","@id":"https:\/\/radioleinewelle.de\/index.php\/2025\/06\/05\/sozialmesse-duderstadt-bietet-vielfaeltige-informationen\/#article","isPartOf":{"@id":"https:\/\/radioleinewelle.de\/index.php\/2025\/06\/05\/sozialmesse-duderstadt-bietet-vielfaeltige-informationen\/"},"author":{"name":"Leinewelle","@id":"https:\/\/radioleinewelle.de\/#\/schema\/person\/45606f348637df637192dc1b68399a63"},"headline":"Sozialmesse Duderstadt bietet vielf\u00e4ltige Informationen","datePublished":"2025-06-05T07:10:14+00:00","dateModified":"2025-06-05T07:10:17+00:00","mainEntityOfPage":{"@id":"https:\/\/radioleinewelle.de\/index.php\/2025\/06\/05\/sozialmesse-duderstadt-bietet-vielfaeltige-informationen\/"},"wordCount":344,"commentCount":0,"publisher":{"@id":"https:\/\/radioleinewelle.de\/#organization"},"image":{"@id":"https:\/\/radioleinewelle.de\/index.php\/2025\/06\/05\/sozialmesse-duderstadt-bietet-vielfaeltige-informationen\/#primaryimage"},"thumbnailUrl":"https:\/\/radioleinewelle.de\/wp-content\/uploads\/2020\/08\/Duderstadt-Rathaus-e1598801339712.jpg","articleSection":["L\u00e4ndliche Region","Veranstaltungen"],"inLanguage":"de","potentialAction":[{"@type":"CommentAction","name":"Comment","target":["https:\/\/radioleinewelle.de\/index.php\/2025\/06\/05\/sozialmesse-duderstadt-bietet-vielfaeltige-informationen\/#respond"]}]},{"@type":"WebPage","@id":"https:\/\/radioleinewelle.de\/index.php\/2025\/06\/05\/sozialmesse-duderstadt-bietet-vielfaeltige-informationen\/","url":"https:\/\/radioleinewelle.de\/index.php\/2025\/06\/05\/sozialmesse-duderstadt-bietet-vielfaeltige-informationen\/","name":"Sozialmesse Duderstadt bietet vielf\u00e4ltige Informationen - Radio Leinewelle","isPartOf":{"@id":"https:\/\/radioleinewelle.de\/#website"},"primaryImageOfPage":{"@id":"https:\/\/radioleinewelle.de\/index.php\/2025\/06\/05\/sozialmesse-duderstadt-bietet-vielfaeltige-informationen\/#primaryimage"},"image":{"@id":"https:\/\/radioleinewelle.de\/index.php\/2025\/06\/05\/sozialmesse-duderstadt-bietet-vielfaeltige-informationen\/#primaryimage"},"thumbnailUrl":"https:\/\/radioleinewelle.de\/wp-content\/uploads\/2020\/08\/Duderstadt-Rathaus-e1598801339712.jpg","datePublished":"2025-06-05T07:10:14+00:00","dateModified":"2025-06-05T07:10:17+00:00","breadcrumb":{"@id":"https:\/\/radioleinewelle.de\/index.php\/2025\/06\/05\/sozialmesse-duderstadt-bietet-vielfaeltige-informationen\/#breadcrumb"},"inLanguage":"de","potentialAction":[{"@type":"ReadAction","target":["https:\/\/radioleinewelle.de\/index.php\/2025\/06\/05\/sozialmesse-duderstadt-bietet-vielfaeltige-informationen\/"]}]},{"@type":"ImageObject","inLanguage":"de","@id":"https:\/\/radioleinewelle.de\/index.php\/2025\/06\/05\/sozialmesse-duderstadt-bietet-vielfaeltige-informationen\/#primaryimage","url":"https:\/\/radioleinewelle.de\/wp-content\/uploads\/2020\/08\/Duderstadt-Rathaus-e1598801339712.jpg","contentUrl":"https:\/\/radioleinewelle.de\/wp-content\/uploads\/2020\/08\/Duderstadt-Rathaus-e1598801339712.jpg","width":300,"height":169},{"@type":"BreadcrumbList","@id":"https:\/\/radioleinewelle.de\/index.php\/2025\/06\/05\/sozialmesse-duderstadt-bietet-vielfaeltige-informationen\/#breadcrumb","itemListElement":[{"@type":"ListItem","position":1,"name":"Startseite","item":"https:\/\/radioleinewelle.de\/"},{"@type":"ListItem","position":2,"name":"Sozialmesse Duderstadt bietet vielf\u00e4ltige Informationen"}]},{"@type":"WebSite","@id":"https:\/\/radioleinewelle.de\/#website","url":"https:\/\/radioleinewelle.de\/","name":"Radio Leinewelle","description":"","publisher":{"@id":"https:\/\/radioleinewelle.de\/#organization"},"potentialAction":[{"@type":"SearchAction","target":{"@type":"EntryPoint","urlTemplate":"https:\/\/radioleinewelle.de\/?s={search_term_string}"},"query-input":{"@type":"PropertyValueSpecification","valueRequired":true,"valueName":"search_term_string"}}],"inLanguage":"de"},{"@type":"Organization","@id":"https:\/\/radioleinewelle.de\/#organization","name":"Radio Leinewelle","alternateName":"Mein Radio f\u00fcr S\u00fcdniedersachsen","url":"https:\/\/radioleinewelle.de\/","logo":{"@type":"ImageObject","inLanguage":"de","@id":"https:\/\/radioleinewelle.de\/#\/schema\/logo\/image\/","url":"https:\/\/radioleinewelle.de\/wp-content\/uploads\/2023\/11\/cropped-Leinewelle_Logo_weiss.png","contentUrl":"https:\/\/radioleinewelle.de\/wp-content\/uploads\/2023\/11\/cropped-Leinewelle_Logo_weiss.png","width":854,"height":260,"caption":"Radio Leinewelle"},"image":{"@id":"https:\/\/radioleinewelle.de\/#\/schema\/logo\/image\/"},"sameAs":["https:\/\/www.facebook.com\/radioleinewelle","https:\/\/x.com\/RLeinewelle","https:\/\/www.instagram.com\/radioleinewelle\/?hl=de"]},{"@type":"Person","@id":"https:\/\/radioleinewelle.de\/#\/schema\/person\/45606f348637df637192dc1b68399a63","name":"Leinewelle","image":{"@type":"ImageObject","inLanguage":"de","@id":"https:\/\/secure.gravatar.com\/avatar\/05c9a17bc973052ee5d91549bd32fb4dd0dc85b7b85ae94b2e2b4943476bbea5?s=96&d=blank&r=g","url":"https:\/\/secure.gravatar.com\/avatar\/05c9a17bc973052ee5d91549bd32fb4dd0dc85b7b85ae94b2e2b4943476bbea5?s=96&d=blank&r=g","contentUrl":"https:\/\/secure.gravatar.com\/avatar\/05c9a17bc973052ee5d91549bd32fb4dd0dc85b7b85ae94b2e2b4943476bbea5?s=96&d=blank&r=g","caption":"Leinewelle"},"sameAs":["http:\/\/localhost\/radio%20leinewelle\/wordpress","https:\/\/www.facebook.com\/radioleinewelle","https:\/\/www.instagram.com\/radioleinewelle","https:\/\/x.com\/https:\/\/twitter.com\/RLeinewelle?ref_src=twsrcgoogletwcampserptwgrauthor","https:\/\/soundcloud.com\/foerderverein-lokalradio?utm_source=clipboard&utm_medium=text&utm_campaign=social_sharing"],"url":"https:\/\/radioleinewelle.de\/index.php\/author\/leinewelle\/"}]}},"_links":{"self":[{"href":"https:\/\/radioleinewelle.de\/index.php\/wp-json\/wp\/v2\/posts\/28390","targetHints":{"allow":["GET"]}}],"collection":[{"href":"https:\/\/radioleinewelle.de\/index.php\/wp-json\/wp\/v2\/posts"}],"about":[{"href":"https:\/\/radioleinewelle.de\/index.php\/wp-json\/wp\/v2\/types\/post"}],"author":[{"embeddable":true,"href":"https:\/\/radioleinewelle.de\/index.php\/wp-json\/wp\/v2\/users\/1"}],"replies":[{"embeddable":true,"href":"https:\/\/radioleinewelle.de\/index.php\/wp-json\/wp\/v2\/comments?post=28390"}],"version-history":[{"count":2,"href":"https:\/\/radioleinewelle.de\/index.php\/wp-json\/wp\/v2\/posts\/28390\/revisions"}],"predecessor-version":[{"id":28393,"href":"https:\/\/radioleinewelle.de\/index.php\/wp-json\/wp\/v2\/posts\/28390\/revisions\/28393"}],"wp:featuredmedia":[{"embeddable":true,"href":"https:\/\/radioleinewelle.de\/index.php\/wp-json\/wp\/v2\/media\/1359"}],"wp:attachment":[{"href":"https:\/\/radioleinewelle.de\/index.php\/wp-json\/wp\/v2\/media?parent=28390"}],"wp:term":[{"taxonomy":"category","embeddable":true,"href":"https:\/\/radioleinewelle.de\/index.php\/wp-json\/wp\/v2\/categories?post=28390"},{"taxonomy":"post_tag","embeddable":true,"href":"https:\/\/radioleinewelle.de\/index.php\/wp-json\/wp\/v2\/tags?post=28390"}],"curies":[{"name":"wp","href":"https:\/\/api.w.org\/{rel}","templated":true}]}}