{"id":28404,"date":"2025-06-07T10:41:32","date_gmt":"2025-06-07T08:41:32","guid":{"rendered":"https:\/\/radioleinewelle.de\/?p=28404"},"modified":"2025-06-07T10:41:33","modified_gmt":"2025-06-07T08:41:33","slug":"goettingen-wird-ausrichterstadt-der-special-olympics-niedersachsen-landesspiele-2027","status":"publish","type":"post","link":"https:\/\/radioleinewelle.de\/index.php\/2025\/06\/07\/goettingen-wird-ausrichterstadt-der-special-olympics-niedersachsen-landesspiele-2027\/","title":{"rendered":"G\u00f6ttingen wird Ausrichterstadt der Special Olympics Niedersachsen Landesspiele 2027"},"content":{"rendered":"\n<p><strong><em>Hannover\/G\u00f6ttingen, 6. Juni 2025:<\/em><\/strong>&nbsp;<strong>Am letzten Tag der Special Olympics Niedersachsen Landesspiele 2025 in Hannover wurde offiziell bekanntgegeben: Die Landesspiele 2027 finden in G\u00f6ttingen statt.<\/strong><\/p>\n\n\n\n<p>Im Rahmen der feierlichen Abschlussveranstaltung \u00fcbergaben Hannovers B\u00fcrgermeister Thomas Hermann und Vera Neugebauer, Pr\u00e4sidentin der Special Olympics Niedersachsen, symbolisch die Fahne an G\u00f6ttingens Oberb\u00fcrgermeisterin Petra Broistedt. Damit ist der Staffelstab an die n\u00e4chste Ausrichterstadt weitergereicht.<\/p>\n\n\n\n<p>Thomas Hermann sagt: \u201eDie Landesspiele in Hannover waren ein beeindruckendes Fest der Inklusion und Lebensfreude. Ich w\u00fcnsche G\u00f6ttingen ebenso inspirierende und erfolgreiche Spiele \u2013 dieses besondere Miteinander bleibt unvergesslich.\u201c<\/p>\n\n\n\n<p>\u00a0\u201eMit G\u00f6ttingen haben wir eine Ausrichterstadt gefunden, die nicht nur die organisatorischen Voraussetzungen mehr als erf\u00fcllt, sondern auch mit ganzem Herzen hinter der Idee der Inklusion steht\u201c, sagt Neugebauer. \u201eDie Landesspiele 2027 werden mehr sein als ein Sportereignis \u2013 sie werden ein gesellschaftliches Signal f\u00fcr gelebte Vielfalt und echte Teilhabe. Wir freuen uns auf inspirierende Begegnungen und starke sportliche Leistungen.\u201c Die Stadt G\u00f6ttingen hatte sich im Vorfeld aktiv um die Ausrichtung beworben \u2013 mit Erfolg.<\/p>\n\n\n\n\n\n<p class=\"has-text-align-center\"><em><strong><mark style=\"background-color:rgba(0, 0, 0, 0)\" class=\"has-inline-color has-kubio-color-2-color\">Ich freue mich riesig \u00fcber diesen Gl\u00fccksfall f\u00fcr unsere Stadt. G\u00f6ttingen ist nicht nur eine sportbegeisterte, sondern auch eine offene, bunte und vielf\u00e4ltige Stadt. Vor zwei Jahren waren wir schon Host Town f\u00fcr das s\u00fcdafrikanische Team der Special Olympics in Berlin \u2013 das war eine unvergessliche Erfahrung f\u00fcr viele Menschen in G\u00f6ttingen<\/mark><\/strong><\/em><br><strong>OB Petra Broistedt<\/strong> <\/p>\n\n\n\n\n\n<p>&#8222;Das wird ein Heimspiel der Herzen &#8211; wir freuen uns riesig, G\u00f6ttingen als B\u00fchne f\u00fcr gelebte Inklusion und sportliche H\u00f6chstleistungen zu zeigen&#8220;, erg\u00e4nzt Andreas Gruber, Gesch\u00e4ftsf\u00fchrer der G\u00f6ttinger Sport &amp; Freizeit, die f\u00fcr die Landesspiele 2027 die Sportst\u00e4tten zur Verf\u00fcgung stellen. &#8222;Die Landesspiele 2027 sind mehr als ein sportliches Event &#8211; sie sind ein Signal f\u00fcr Zusammenhalt, Vielfalt und das, was wirklich z\u00e4hlt im Sport: Miteinander.&#8220;<\/p>\n\n\n\n<p>Die Landesspiele der Special Olympics Niedersachsen sind die gr\u00f6\u00dfte inklusive Sportveranstaltung des Landes und werden alle zwei Jahre ausgetragen. Sie bieten Sportlerinnen und Sportlern mit geistiger Beeintr\u00e4chtigung eine B\u00fchne f\u00fcr sportliche H\u00f6chstleistungen, Begegnung und gelebte Inklusion.<\/p>\n\n\n\n<p>Mit der \u00dcbergabe der Fahne beginnt nun in G\u00f6ttingen die Vorbereitungszeit \u2013 mit gro\u00dfer Vorfreude und dem Versprechen, 2027 ein bewegendes Sportfest auszurichten.<\/p>\n\n\n\n<p><strong>Foto:<\/strong> Sportst\u00e4tte Jahnstadion in G\u00f6ttingen \u00a9Radio Leinewelle (je)<\/p>\n","protected":false},"excerpt":{"rendered":"<p>Hannover\/G\u00f6ttingen, 6. Juni 2025:&nbsp;Am letzten Tag der Special Olympics Niedersachsen Landesspiele 2025 in Hannover wurde offiziell bekanntgegeben: Die Landesspiele 2027 finden in G\u00f6ttingen statt. Im Rahmen der feierlichen Abschlussveranstaltung \u00fcbergaben Hannovers B\u00fcrgermeister Thomas Hermann und Vera Neugebauer, Pr\u00e4sidentin der Special Olympics Niedersachsen, symbolisch die Fahne an G\u00f6ttingens Oberb\u00fcrgermeisterin Petra Broistedt. Damit ist der Staffelstab an [&hellip;]<\/p>\n","protected":false},"author":1,"featured_media":28408,"comment_status":"open","ping_status":"open","sticky":false,"template":"","format":"standard","meta":{"saved_in_kubio":false,"footnotes":""},"categories":[263,41],"tags":[],"class_list":["post-28404","post","type-post","status-publish","format-standard","has-post-thumbnail","hentry","category-sport","category-veranstaltungen"],"yoast_head":"<!-- This site is optimized with the Yoast SEO plugin v27.4 - https:\/\/yoast.com\/product\/yoast-seo-wordpress\/ -->\n<title>G\u00f6ttingen wird Ausrichterstadt der Special Olympics Niedersachsen Landesspiele 2027 - Radio Leinewelle<\/title>\n<meta name=\"robots\" content=\"index, follow, max-snippet:-1, max-image-preview:large, max-video-preview:-1\" \/>\n<link rel=\"canonical\" href=\"https:\/\/radioleinewelle.de\/index.php\/2025\/06\/07\/goettingen-wird-ausrichterstadt-der-special-olympics-niedersachsen-landesspiele-2027\/\" \/>\n<meta property=\"og:locale\" content=\"de_DE\" \/>\n<meta property=\"og:type\" content=\"article\" \/>\n<meta property=\"og:title\" content=\"G\u00f6ttingen wird Ausrichterstadt der Special Olympics Niedersachsen Landesspiele 2027 - Radio Leinewelle\" \/>\n<meta property=\"og:description\" content=\"Hannover\/G\u00f6ttingen, 6. Juni 2025:&nbsp;Am letzten Tag der Special Olympics Niedersachsen Landesspiele 2025 in Hannover wurde offiziell bekanntgegeben: Die Landesspiele 2027 finden in G\u00f6ttingen statt. Im Rahmen der feierlichen Abschlussveranstaltung \u00fcbergaben Hannovers B\u00fcrgermeister Thomas Hermann und Vera Neugebauer, Pr\u00e4sidentin der Special Olympics Niedersachsen, symbolisch die Fahne an G\u00f6ttingens Oberb\u00fcrgermeisterin Petra Broistedt. Damit ist der Staffelstab an [&hellip;]\" \/>\n<meta property=\"og:url\" content=\"https:\/\/radioleinewelle.de\/index.php\/2025\/06\/07\/goettingen-wird-ausrichterstadt-der-special-olympics-niedersachsen-landesspiele-2027\/\" \/>\n<meta property=\"og:site_name\" content=\"Radio Leinewelle\" \/>\n<meta property=\"article:publisher\" content=\"https:\/\/www.facebook.com\/radioleinewelle\" \/>\n<meta property=\"article:author\" content=\"https:\/\/www.facebook.com\/radioleinewelle\" \/>\n<meta property=\"article:published_time\" content=\"2025-06-07T08:41:32+00:00\" \/>\n<meta property=\"article:modified_time\" content=\"2025-06-07T08:41:33+00:00\" \/>\n<meta property=\"og:image\" content=\"https:\/\/radioleinewelle.de\/wp-content\/uploads\/2025\/06\/Jahnstadion.jpg\" \/>\n\t<meta property=\"og:image:width\" content=\"1512\" \/>\n\t<meta property=\"og:image:height\" content=\"1512\" \/>\n\t<meta property=\"og:image:type\" content=\"image\/jpeg\" \/>\n<meta name=\"author\" content=\"Leinewelle\" \/>\n<meta name=\"twitter:card\" content=\"summary_large_image\" \/>\n<meta name=\"twitter:creator\" content=\"@https:\/\/twitter.com\/RLeinewelle?ref_src=twsrcgoogletwcampserptwgrauthor\" \/>\n<meta name=\"twitter:site\" content=\"@RLeinewelle\" \/>\n<meta name=\"twitter:label1\" content=\"Verfasst von\" \/>\n\t<meta name=\"twitter:data1\" content=\"Leinewelle\" \/>\n\t<meta name=\"twitter:label2\" content=\"Gesch\u00e4tzte Lesezeit\" \/>\n\t<meta name=\"twitter:data2\" content=\"3\u00a0Minuten\" \/>\n<script type=\"application\/ld+json\" class=\"yoast-schema-graph\">{\"@context\":\"https:\\\/\\\/schema.org\",\"@graph\":[{\"@type\":\"Article\",\"@id\":\"https:\\\/\\\/radioleinewelle.de\\\/index.php\\\/2025\\\/06\\\/07\\\/goettingen-wird-ausrichterstadt-der-special-olympics-niedersachsen-landesspiele-2027\\\/#article\",\"isPartOf\":{\"@id\":\"https:\\\/\\\/radioleinewelle.de\\\/index.php\\\/2025\\\/06\\\/07\\\/goettingen-wird-ausrichterstadt-der-special-olympics-niedersachsen-landesspiele-2027\\\/\"},\"author\":{\"name\":\"Leinewelle\",\"@id\":\"https:\\\/\\\/radioleinewelle.de\\\/#\\\/schema\\\/person\\\/45606f348637df637192dc1b68399a63\"},\"headline\":\"G\u00f6ttingen wird Ausrichterstadt der Special Olympics Niedersachsen Landesspiele 2027\",\"datePublished\":\"2025-06-07T08:41:32+00:00\",\"dateModified\":\"2025-06-07T08:41:33+00:00\",\"mainEntityOfPage\":{\"@id\":\"https:\\\/\\\/radioleinewelle.de\\\/index.php\\\/2025\\\/06\\\/07\\\/goettingen-wird-ausrichterstadt-der-special-olympics-niedersachsen-landesspiele-2027\\\/\"},\"wordCount\":393,\"commentCount\":0,\"publisher\":{\"@id\":\"https:\\\/\\\/radioleinewelle.de\\\/#organization\"},\"image\":{\"@id\":\"https:\\\/\\\/radioleinewelle.de\\\/index.php\\\/2025\\\/06\\\/07\\\/goettingen-wird-ausrichterstadt-der-special-olympics-niedersachsen-landesspiele-2027\\\/#primaryimage\"},\"thumbnailUrl\":\"https:\\\/\\\/radioleinewelle.de\\\/wp-content\\\/uploads\\\/2025\\\/06\\\/Jahnstadion.jpg\",\"articleSection\":[\"Sport\",\"Veranstaltungen\"],\"inLanguage\":\"de\",\"potentialAction\":[{\"@type\":\"CommentAction\",\"name\":\"Comment\",\"target\":[\"https:\\\/\\\/radioleinewelle.de\\\/index.php\\\/2025\\\/06\\\/07\\\/goettingen-wird-ausrichterstadt-der-special-olympics-niedersachsen-landesspiele-2027\\\/#respond\"]}]},{\"@type\":\"WebPage\",\"@id\":\"https:\\\/\\\/radioleinewelle.de\\\/index.php\\\/2025\\\/06\\\/07\\\/goettingen-wird-ausrichterstadt-der-special-olympics-niedersachsen-landesspiele-2027\\\/\",\"url\":\"https:\\\/\\\/radioleinewelle.de\\\/index.php\\\/2025\\\/06\\\/07\\\/goettingen-wird-ausrichterstadt-der-special-olympics-niedersachsen-landesspiele-2027\\\/\",\"name\":\"G\u00f6ttingen wird Ausrichterstadt der Special Olympics Niedersachsen Landesspiele 2027 - Radio Leinewelle\",\"isPartOf\":{\"@id\":\"https:\\\/\\\/radioleinewelle.de\\\/#website\"},\"primaryImageOfPage\":{\"@id\":\"https:\\\/\\\/radioleinewelle.de\\\/index.php\\\/2025\\\/06\\\/07\\\/goettingen-wird-ausrichterstadt-der-special-olympics-niedersachsen-landesspiele-2027\\\/#primaryimage\"},\"image\":{\"@id\":\"https:\\\/\\\/radioleinewelle.de\\\/index.php\\\/2025\\\/06\\\/07\\\/goettingen-wird-ausrichterstadt-der-special-olympics-niedersachsen-landesspiele-2027\\\/#primaryimage\"},\"thumbnailUrl\":\"https:\\\/\\\/radioleinewelle.de\\\/wp-content\\\/uploads\\\/2025\\\/06\\\/Jahnstadion.jpg\",\"datePublished\":\"2025-06-07T08:41:32+00:00\",\"dateModified\":\"2025-06-07T08:41:33+00:00\",\"breadcrumb\":{\"@id\":\"https:\\\/\\\/radioleinewelle.de\\\/index.php\\\/2025\\\/06\\\/07\\\/goettingen-wird-ausrichterstadt-der-special-olympics-niedersachsen-landesspiele-2027\\\/#breadcrumb\"},\"inLanguage\":\"de\",\"potentialAction\":[{\"@type\":\"ReadAction\",\"target\":[\"https:\\\/\\\/radioleinewelle.de\\\/index.php\\\/2025\\\/06\\\/07\\\/goettingen-wird-ausrichterstadt-der-special-olympics-niedersachsen-landesspiele-2027\\\/\"]}]},{\"@type\":\"ImageObject\",\"inLanguage\":\"de\",\"@id\":\"https:\\\/\\\/radioleinewelle.de\\\/index.php\\\/2025\\\/06\\\/07\\\/goettingen-wird-ausrichterstadt-der-special-olympics-niedersachsen-landesspiele-2027\\\/#primaryimage\",\"url\":\"https:\\\/\\\/radioleinewelle.de\\\/wp-content\\\/uploads\\\/2025\\\/06\\\/Jahnstadion.jpg\",\"contentUrl\":\"https:\\\/\\\/radioleinewelle.de\\\/wp-content\\\/uploads\\\/2025\\\/06\\\/Jahnstadion.jpg\",\"width\":1512,\"height\":1512},{\"@type\":\"BreadcrumbList\",\"@id\":\"https:\\\/\\\/radioleinewelle.de\\\/index.php\\\/2025\\\/06\\\/07\\\/goettingen-wird-ausrichterstadt-der-special-olympics-niedersachsen-landesspiele-2027\\\/#breadcrumb\",\"itemListElement\":[{\"@type\":\"ListItem\",\"position\":1,\"name\":\"Startseite\",\"item\":\"https:\\\/\\\/radioleinewelle.de\\\/\"},{\"@type\":\"ListItem\",\"position\":2,\"name\":\"G\u00f6ttingen wird Ausrichterstadt der Special Olympics Niedersachsen Landesspiele 2027\"}]},{\"@type\":\"WebSite\",\"@id\":\"https:\\\/\\\/radioleinewelle.de\\\/#website\",\"url\":\"https:\\\/\\\/radioleinewelle.de\\\/\",\"name\":\"Radio Leinewelle\",\"description\":\"\",\"publisher\":{\"@id\":\"https:\\\/\\\/radioleinewelle.de\\\/#organization\"},\"potentialAction\":[{\"@type\":\"SearchAction\",\"target\":{\"@type\":\"EntryPoint\",\"urlTemplate\":\"https:\\\/\\\/radioleinewelle.de\\\/?s={search_term_string}\"},\"query-input\":{\"@type\":\"PropertyValueSpecification\",\"valueRequired\":true,\"valueName\":\"search_term_string\"}}],\"inLanguage\":\"de\"},{\"@type\":\"Organization\",\"@id\":\"https:\\\/\\\/radioleinewelle.de\\\/#organization\",\"name\":\"Radio Leinewelle\",\"alternateName\":\"Mein Radio f\u00fcr S\u00fcdniedersachsen\",\"url\":\"https:\\\/\\\/radioleinewelle.de\\\/\",\"logo\":{\"@type\":\"ImageObject\",\"inLanguage\":\"de\",\"@id\":\"https:\\\/\\\/radioleinewelle.de\\\/#\\\/schema\\\/logo\\\/image\\\/\",\"url\":\"https:\\\/\\\/radioleinewelle.de\\\/wp-content\\\/uploads\\\/2023\\\/11\\\/cropped-Leinewelle_Logo_weiss.png\",\"contentUrl\":\"https:\\\/\\\/radioleinewelle.de\\\/wp-content\\\/uploads\\\/2023\\\/11\\\/cropped-Leinewelle_Logo_weiss.png\",\"width\":854,\"height\":260,\"caption\":\"Radio Leinewelle\"},\"image\":{\"@id\":\"https:\\\/\\\/radioleinewelle.de\\\/#\\\/schema\\\/logo\\\/image\\\/\"},\"sameAs\":[\"https:\\\/\\\/www.facebook.com\\\/radioleinewelle\",\"https:\\\/\\\/x.com\\\/RLeinewelle\",\"https:\\\/\\\/www.instagram.com\\\/radioleinewelle\\\/?hl=de\"]},{\"@type\":\"Person\",\"@id\":\"https:\\\/\\\/radioleinewelle.de\\\/#\\\/schema\\\/person\\\/45606f348637df637192dc1b68399a63\",\"name\":\"Leinewelle\",\"image\":{\"@type\":\"ImageObject\",\"inLanguage\":\"de\",\"@id\":\"https:\\\/\\\/secure.gravatar.com\\\/avatar\\\/05c9a17bc973052ee5d91549bd32fb4dd0dc85b7b85ae94b2e2b4943476bbea5?s=96&d=blank&r=g\",\"url\":\"https:\\\/\\\/secure.gravatar.com\\\/avatar\\\/05c9a17bc973052ee5d91549bd32fb4dd0dc85b7b85ae94b2e2b4943476bbea5?s=96&d=blank&r=g\",\"contentUrl\":\"https:\\\/\\\/secure.gravatar.com\\\/avatar\\\/05c9a17bc973052ee5d91549bd32fb4dd0dc85b7b85ae94b2e2b4943476bbea5?s=96&d=blank&r=g\",\"caption\":\"Leinewelle\"},\"sameAs\":[\"http:\\\/\\\/localhost\\\/radio%20leinewelle\\\/wordpress\",\"https:\\\/\\\/www.facebook.com\\\/radioleinewelle\",\"https:\\\/\\\/www.instagram.com\\\/radioleinewelle\",\"https:\\\/\\\/x.com\\\/https:\\\/\\\/twitter.com\\\/RLeinewelle?ref_src=twsrcgoogletwcampserptwgrauthor\",\"https:\\\/\\\/soundcloud.com\\\/foerderverein-lokalradio?utm_source=clipboard&utm_medium=text&utm_campaign=social_sharing\"],\"url\":\"https:\\\/\\\/radioleinewelle.de\\\/index.php\\\/author\\\/leinewelle\\\/\"}]}<\/script>\n<!-- \/ Yoast SEO plugin. -->","yoast_head_json":{"title":"G\u00f6ttingen wird Ausrichterstadt der Special Olympics Niedersachsen Landesspiele 2027 - Radio Leinewelle","robots":{"index":"index","follow":"follow","max-snippet":"max-snippet:-1","max-image-preview":"max-image-preview:large","max-video-preview":"max-video-preview:-1"},"canonical":"https:\/\/radioleinewelle.de\/index.php\/2025\/06\/07\/goettingen-wird-ausrichterstadt-der-special-olympics-niedersachsen-landesspiele-2027\/","og_locale":"de_DE","og_type":"article","og_title":"G\u00f6ttingen wird Ausrichterstadt der Special Olympics Niedersachsen Landesspiele 2027 - Radio Leinewelle","og_description":"Hannover\/G\u00f6ttingen, 6. Juni 2025:&nbsp;Am letzten Tag der Special Olympics Niedersachsen Landesspiele 2025 in Hannover wurde offiziell bekanntgegeben: Die Landesspiele 2027 finden in G\u00f6ttingen statt. Im Rahmen der feierlichen Abschlussveranstaltung \u00fcbergaben Hannovers B\u00fcrgermeister Thomas Hermann und Vera Neugebauer, Pr\u00e4sidentin der Special Olympics Niedersachsen, symbolisch die Fahne an G\u00f6ttingens Oberb\u00fcrgermeisterin Petra Broistedt. Damit ist der Staffelstab an [&hellip;]","og_url":"https:\/\/radioleinewelle.de\/index.php\/2025\/06\/07\/goettingen-wird-ausrichterstadt-der-special-olympics-niedersachsen-landesspiele-2027\/","og_site_name":"Radio Leinewelle","article_publisher":"https:\/\/www.facebook.com\/radioleinewelle","article_author":"https:\/\/www.facebook.com\/radioleinewelle","article_published_time":"2025-06-07T08:41:32+00:00","article_modified_time":"2025-06-07T08:41:33+00:00","og_image":[{"width":1512,"height":1512,"url":"https:\/\/radioleinewelle.de\/wp-content\/uploads\/2025\/06\/Jahnstadion.jpg","type":"image\/jpeg"}],"author":"Leinewelle","twitter_card":"summary_large_image","twitter_creator":"@https:\/\/twitter.com\/RLeinewelle?ref_src=twsrcgoogletwcampserptwgrauthor","twitter_site":"@RLeinewelle","twitter_misc":{"Verfasst von":"Leinewelle","Gesch\u00e4tzte Lesezeit":"3\u00a0Minuten"},"schema":{"@context":"https:\/\/schema.org","@graph":[{"@type":"Article","@id":"https:\/\/radioleinewelle.de\/index.php\/2025\/06\/07\/goettingen-wird-ausrichterstadt-der-special-olympics-niedersachsen-landesspiele-2027\/#article","isPartOf":{"@id":"https:\/\/radioleinewelle.de\/index.php\/2025\/06\/07\/goettingen-wird-ausrichterstadt-der-special-olympics-niedersachsen-landesspiele-2027\/"},"author":{"name":"Leinewelle","@id":"https:\/\/radioleinewelle.de\/#\/schema\/person\/45606f348637df637192dc1b68399a63"},"headline":"G\u00f6ttingen wird Ausrichterstadt der Special Olympics Niedersachsen Landesspiele 2027","datePublished":"2025-06-07T08:41:32+00:00","dateModified":"2025-06-07T08:41:33+00:00","mainEntityOfPage":{"@id":"https:\/\/radioleinewelle.de\/index.php\/2025\/06\/07\/goettingen-wird-ausrichterstadt-der-special-olympics-niedersachsen-landesspiele-2027\/"},"wordCount":393,"commentCount":0,"publisher":{"@id":"https:\/\/radioleinewelle.de\/#organization"},"image":{"@id":"https:\/\/radioleinewelle.de\/index.php\/2025\/06\/07\/goettingen-wird-ausrichterstadt-der-special-olympics-niedersachsen-landesspiele-2027\/#primaryimage"},"thumbnailUrl":"https:\/\/radioleinewelle.de\/wp-content\/uploads\/2025\/06\/Jahnstadion.jpg","articleSection":["Sport","Veranstaltungen"],"inLanguage":"de","potentialAction":[{"@type":"CommentAction","name":"Comment","target":["https:\/\/radioleinewelle.de\/index.php\/2025\/06\/07\/goettingen-wird-ausrichterstadt-der-special-olympics-niedersachsen-landesspiele-2027\/#respond"]}]},{"@type":"WebPage","@id":"https:\/\/radioleinewelle.de\/index.php\/2025\/06\/07\/goettingen-wird-ausrichterstadt-der-special-olympics-niedersachsen-landesspiele-2027\/","url":"https:\/\/radioleinewelle.de\/index.php\/2025\/06\/07\/goettingen-wird-ausrichterstadt-der-special-olympics-niedersachsen-landesspiele-2027\/","name":"G\u00f6ttingen wird Ausrichterstadt der Special Olympics Niedersachsen Landesspiele 2027 - Radio Leinewelle","isPartOf":{"@id":"https:\/\/radioleinewelle.de\/#website"},"primaryImageOfPage":{"@id":"https:\/\/radioleinewelle.de\/index.php\/2025\/06\/07\/goettingen-wird-ausrichterstadt-der-special-olympics-niedersachsen-landesspiele-2027\/#primaryimage"},"image":{"@id":"https:\/\/radioleinewelle.de\/index.php\/2025\/06\/07\/goettingen-wird-ausrichterstadt-der-special-olympics-niedersachsen-landesspiele-2027\/#primaryimage"},"thumbnailUrl":"https:\/\/radioleinewelle.de\/wp-content\/uploads\/2025\/06\/Jahnstadion.jpg","datePublished":"2025-06-07T08:41:32+00:00","dateModified":"2025-06-07T08:41:33+00:00","breadcrumb":{"@id":"https:\/\/radioleinewelle.de\/index.php\/2025\/06\/07\/goettingen-wird-ausrichterstadt-der-special-olympics-niedersachsen-landesspiele-2027\/#breadcrumb"},"inLanguage":"de","potentialAction":[{"@type":"ReadAction","target":["https:\/\/radioleinewelle.de\/index.php\/2025\/06\/07\/goettingen-wird-ausrichterstadt-der-special-olympics-niedersachsen-landesspiele-2027\/"]}]},{"@type":"ImageObject","inLanguage":"de","@id":"https:\/\/radioleinewelle.de\/index.php\/2025\/06\/07\/goettingen-wird-ausrichterstadt-der-special-olympics-niedersachsen-landesspiele-2027\/#primaryimage","url":"https:\/\/radioleinewelle.de\/wp-content\/uploads\/2025\/06\/Jahnstadion.jpg","contentUrl":"https:\/\/radioleinewelle.de\/wp-content\/uploads\/2025\/06\/Jahnstadion.jpg","width":1512,"height":1512},{"@type":"BreadcrumbList","@id":"https:\/\/radioleinewelle.de\/index.php\/2025\/06\/07\/goettingen-wird-ausrichterstadt-der-special-olympics-niedersachsen-landesspiele-2027\/#breadcrumb","itemListElement":[{"@type":"ListItem","position":1,"name":"Startseite","item":"https:\/\/radioleinewelle.de\/"},{"@type":"ListItem","position":2,"name":"G\u00f6ttingen wird Ausrichterstadt der Special Olympics Niedersachsen Landesspiele 2027"}]},{"@type":"WebSite","@id":"https:\/\/radioleinewelle.de\/#website","url":"https:\/\/radioleinewelle.de\/","name":"Radio Leinewelle","description":"","publisher":{"@id":"https:\/\/radioleinewelle.de\/#organization"},"potentialAction":[{"@type":"SearchAction","target":{"@type":"EntryPoint","urlTemplate":"https:\/\/radioleinewelle.de\/?s={search_term_string}"},"query-input":{"@type":"PropertyValueSpecification","valueRequired":true,"valueName":"search_term_string"}}],"inLanguage":"de"},{"@type":"Organization","@id":"https:\/\/radioleinewelle.de\/#organization","name":"Radio Leinewelle","alternateName":"Mein Radio f\u00fcr S\u00fcdniedersachsen","url":"https:\/\/radioleinewelle.de\/","logo":{"@type":"ImageObject","inLanguage":"de","@id":"https:\/\/radioleinewelle.de\/#\/schema\/logo\/image\/","url":"https:\/\/radioleinewelle.de\/wp-content\/uploads\/2023\/11\/cropped-Leinewelle_Logo_weiss.png","contentUrl":"https:\/\/radioleinewelle.de\/wp-content\/uploads\/2023\/11\/cropped-Leinewelle_Logo_weiss.png","width":854,"height":260,"caption":"Radio Leinewelle"},"image":{"@id":"https:\/\/radioleinewelle.de\/#\/schema\/logo\/image\/"},"sameAs":["https:\/\/www.facebook.com\/radioleinewelle","https:\/\/x.com\/RLeinewelle","https:\/\/www.instagram.com\/radioleinewelle\/?hl=de"]},{"@type":"Person","@id":"https:\/\/radioleinewelle.de\/#\/schema\/person\/45606f348637df637192dc1b68399a63","name":"Leinewelle","image":{"@type":"ImageObject","inLanguage":"de","@id":"https:\/\/secure.gravatar.com\/avatar\/05c9a17bc973052ee5d91549bd32fb4dd0dc85b7b85ae94b2e2b4943476bbea5?s=96&d=blank&r=g","url":"https:\/\/secure.gravatar.com\/avatar\/05c9a17bc973052ee5d91549bd32fb4dd0dc85b7b85ae94b2e2b4943476bbea5?s=96&d=blank&r=g","contentUrl":"https:\/\/secure.gravatar.com\/avatar\/05c9a17bc973052ee5d91549bd32fb4dd0dc85b7b85ae94b2e2b4943476bbea5?s=96&d=blank&r=g","caption":"Leinewelle"},"sameAs":["http:\/\/localhost\/radio%20leinewelle\/wordpress","https:\/\/www.facebook.com\/radioleinewelle","https:\/\/www.instagram.com\/radioleinewelle","https:\/\/x.com\/https:\/\/twitter.com\/RLeinewelle?ref_src=twsrcgoogletwcampserptwgrauthor","https:\/\/soundcloud.com\/foerderverein-lokalradio?utm_source=clipboard&utm_medium=text&utm_campaign=social_sharing"],"url":"https:\/\/radioleinewelle.de\/index.php\/author\/leinewelle\/"}]}},"_links":{"self":[{"href":"https:\/\/radioleinewelle.de\/index.php\/wp-json\/wp\/v2\/posts\/28404","targetHints":{"allow":["GET"]}}],"collection":[{"href":"https:\/\/radioleinewelle.de\/index.php\/wp-json\/wp\/v2\/posts"}],"about":[{"href":"https:\/\/radioleinewelle.de\/index.php\/wp-json\/wp\/v2\/types\/post"}],"author":[{"embeddable":true,"href":"https:\/\/radioleinewelle.de\/index.php\/wp-json\/wp\/v2\/users\/1"}],"replies":[{"embeddable":true,"href":"https:\/\/radioleinewelle.de\/index.php\/wp-json\/wp\/v2\/comments?post=28404"}],"version-history":[{"count":4,"href":"https:\/\/radioleinewelle.de\/index.php\/wp-json\/wp\/v2\/posts\/28404\/revisions"}],"predecessor-version":[{"id":28409,"href":"https:\/\/radioleinewelle.de\/index.php\/wp-json\/wp\/v2\/posts\/28404\/revisions\/28409"}],"wp:featuredmedia":[{"embeddable":true,"href":"https:\/\/radioleinewelle.de\/index.php\/wp-json\/wp\/v2\/media\/28408"}],"wp:attachment":[{"href":"https:\/\/radioleinewelle.de\/index.php\/wp-json\/wp\/v2\/media?parent=28404"}],"wp:term":[{"taxonomy":"category","embeddable":true,"href":"https:\/\/radioleinewelle.de\/index.php\/wp-json\/wp\/v2\/categories?post=28404"},{"taxonomy":"post_tag","embeddable":true,"href":"https:\/\/radioleinewelle.de\/index.php\/wp-json\/wp\/v2\/tags?post=28404"}],"curies":[{"name":"wp","href":"https:\/\/api.w.org\/{rel}","templated":true}]}}