{"id":28410,"date":"2025-06-07T11:26:35","date_gmt":"2025-06-07T09:26:35","guid":{"rendered":"https:\/\/radioleinewelle.de\/?p=28410"},"modified":"2025-06-11T10:31:34","modified_gmt":"2025-06-11T08:31:34","slug":"in-between-kunsthaus-goettingen-zeigt-siebbdruck-mappe-von-timm-ulrichs","status":"publish","type":"post","link":"https:\/\/radioleinewelle.de\/index.php\/2025\/06\/07\/in-between-kunsthaus-goettingen-zeigt-siebbdruck-mappe-von-timm-ulrichs\/","title":{"rendered":"&#8222;in between &#8220; &#8211; Kunsthaus G\u00f6ttingen zeigt Siebbdruck-Mappe von Timm Ulrichs"},"content":{"rendered":"\n<p>Ab dem kommenden Dienstag, 10. Juni 2025, haben G\u00e4ste f\u00fcr zehn Tage die Gelegenheit, eine &#8222;in between&#8220; Ausstellung im Kunsthaus G\u00f6ttingen zu besichtigen: Pr\u00e4sentiert wird die Siebdruck-Mappe &#8222;Kanaldeckel 1962\/64&#8220; des hannoverschen Konzeptk\u00fcnstlers Timm Ulrichs. Dieser feierte am 31. M\u00e4rz d.J. seinen 85. Geburtstag, ihm ist diese zehnt\u00e4gige Kabinettausstellung gewidmet.<\/p>\n\n\n\n\n\n<p>Vor 55 Jahren erschien die &#8222;Kanaldeckel-Mappe&#8220; im Verlag *) von Udo Breger, 1967-69 Leiter der Galerie im Centre, G\u00f6ttingen. Sie dokumentiert Ulrichs erste Einzelausstellung, bei der er 1964 seine Sammlung von 30 Kanaldeckel an die W\u00e4nde vom Haus am L\u00fctzowplatz, Berlin, h\u00e4ngte. Breger und Ulrichs, beides &#8222;Kanaldeckel-Liebhaber&#8220; kamen sechs Jahre sp\u00e4ter bei einem Gespr\u00e4ch auf die Idee, eine Mappe zu Ulrichs Ausstellung zu ver\u00f6ffentlichen &#8211; schlichte, doch gro\u00dfformatige und detailreiche Siebdrucke von zehn ausgew\u00e4hlten Kanaldeckeln. Mit Gerhard Steidl fanden sie den passenden Drucker f\u00fcr das Projekt, druckte er mit seiner am 1.9.69 er\u00f6ffneten Siebdruckwerkstatt doch gerade erst den 3. Almanach der Galerie im Centre, f\u00fcr Udo Bregers Verlag *).<\/p>\n\n\n\n<p>Diese Kabinettausstellung im Kunsthaus G\u00f6ttingen pr\u00e4sentiert &#8211; nach 55 Jahren erstmals \u00f6ffentlich ausgestellt &#8211; die &#8222;Kanaldeckel-Mappe&#8220; von Timm Ulrichs und widmet sich dabei zugleich den Anf\u00e4ngen seiner engen Verbundenheit mit der G\u00f6ttinger Kunstszene.<\/p>\n\n\n\n<p>Weiterhin erm\u00f6glicht diese Ausstellung w\u00e4hrend der Umbauphase nach der vergangenen Ausstellung &#8222;Auschwitz Birkenau&#8220; von Juergen Teller und dem Internationalen Auschwitz Komitee, dass das Kunsthaus G\u00f6ttingen weiterhin zu den gewohnten \u00d6ffnungszeiten und insbesondere auch zur Nacht der Kultur am kommenden Samstag, 14.6.25 (bis 22) ge\u00f6ffnet ist.<\/p>\n\n\n\n<p><strong>Termine<\/strong><br>10.-19.6.25 Ausstellungzeitraum <br>\u00d6ffnungszeiten Di-Fr. 14-18 Uhr<br>Sa. 14.6.25, 11-22 Uhr (Nacht der Kultur)<br>So. 15.6.25, 11-18 Uhr<\/p>\n\n\n\n<p>Mi. 11.6.25, 17 Uhr<br>Rundgang durch die Ausstellung mit Vorstellung weiterer Archivmaterialien, kostenfrei<\/p>\n\n\n\n<p>Sa. 14.6.25<br>Nacht der Kultur, Kunsthaus G\u00f6tingen, Jim Dine Pavillon, Galerie Ahlers und G\u00fcnter Grass Archiv bis 20 bzw. 22 Uhr ge\u00f6ffnet<\/p>\n\n\n\n<p>Mo. 16.6.25, 18 Uhr<br>F\u00fchrung durchs Kunstquartier zu Jim Dines 90. Geburtstag, Anmeldung \u00fcber Tourist Information<\/p>\n\n\n\n<p>Mi. 18.6.25, 17 Uhr<br>Rundgang durch die Ausstellung mit Vorstellung weiterer Archivmaterialien, kostenfrei<\/p>\n\n\n\n<p>Individuelle Rundg\u00e4nge und Besichtigungen auf Anfrage<\/p>\n\n\n\n<p><strong>Fotos: <\/strong>\u00a9Radio Leinewelle (ue)<\/p>\n","protected":false},"excerpt":{"rendered":"<p>Ab dem kommenden Dienstag, 10. Juni 2025, haben G\u00e4ste f\u00fcr zehn Tage die Gelegenheit, eine &#8222;in between&#8220; Ausstellung im Kunsthaus G\u00f6ttingen zu besichtigen: Pr\u00e4sentiert wird die Siebdruck-Mappe &#8222;Kanaldeckel 1962\/64&#8220; des hannoverschen Konzeptk\u00fcnstlers Timm Ulrichs. Dieser feierte am 31. M\u00e4rz d.J. seinen 85. Geburtstag, ihm ist diese zehnt\u00e4gige Kabinettausstellung gewidmet. Vor 55 Jahren erschien die &#8222;Kanaldeckel-Mappe&#8220; [&hellip;]<\/p>\n","protected":false},"author":1,"featured_media":28411,"comment_status":"open","ping_status":"open","sticky":false,"template":"","format":"standard","meta":{"saved_in_kubio":false,"footnotes":""},"categories":[1],"tags":[],"class_list":["post-28410","post","type-post","status-publish","format-standard","has-post-thumbnail","hentry","category-allgemein"],"yoast_head":"<!-- This site is optimized with the Yoast SEO plugin v27.4 - https:\/\/yoast.com\/product\/yoast-seo-wordpress\/ -->\n<title>&quot;in between &quot; - Kunsthaus G\u00f6ttingen zeigt Siebbdruck-Mappe von Timm Ulrichs - Radio Leinewelle<\/title>\n<meta name=\"robots\" content=\"index, follow, max-snippet:-1, max-image-preview:large, max-video-preview:-1\" \/>\n<link rel=\"canonical\" href=\"https:\/\/radioleinewelle.de\/index.php\/2025\/06\/07\/in-between-kunsthaus-goettingen-zeigt-siebbdruck-mappe-von-timm-ulrichs\/\" \/>\n<meta property=\"og:locale\" content=\"de_DE\" \/>\n<meta property=\"og:type\" content=\"article\" \/>\n<meta property=\"og:title\" content=\"&quot;in between &quot; - Kunsthaus G\u00f6ttingen zeigt Siebbdruck-Mappe von Timm Ulrichs - Radio Leinewelle\" \/>\n<meta property=\"og:description\" content=\"Ab dem kommenden Dienstag, 10. Juni 2025, haben G\u00e4ste f\u00fcr zehn Tage die Gelegenheit, eine &#8222;in between&#8220; Ausstellung im Kunsthaus G\u00f6ttingen zu besichtigen: Pr\u00e4sentiert wird die Siebdruck-Mappe &#8222;Kanaldeckel 1962\/64&#8220; des hannoverschen Konzeptk\u00fcnstlers Timm Ulrichs. Dieser feierte am 31. M\u00e4rz d.J. seinen 85. Geburtstag, ihm ist diese zehnt\u00e4gige Kabinettausstellung gewidmet. Vor 55 Jahren erschien die &#8222;Kanaldeckel-Mappe&#8220; [&hellip;]\" \/>\n<meta property=\"og:url\" content=\"https:\/\/radioleinewelle.de\/index.php\/2025\/06\/07\/in-between-kunsthaus-goettingen-zeigt-siebbdruck-mappe-von-timm-ulrichs\/\" \/>\n<meta property=\"og:site_name\" content=\"Radio Leinewelle\" \/>\n<meta property=\"article:publisher\" content=\"https:\/\/www.facebook.com\/radioleinewelle\" \/>\n<meta property=\"article:author\" content=\"https:\/\/www.facebook.com\/radioleinewelle\" \/>\n<meta property=\"article:published_time\" content=\"2025-06-07T09:26:35+00:00\" \/>\n<meta property=\"article:modified_time\" content=\"2025-06-11T08:31:34+00:00\" \/>\n<meta property=\"og:image\" content=\"https:\/\/radioleinewelle.de\/wp-content\/uploads\/2025\/06\/Kunsthaus-Goettingen.jpg\" \/>\n\t<meta property=\"og:image:width\" content=\"1854\" \/>\n\t<meta property=\"og:image:height\" content=\"1136\" \/>\n\t<meta property=\"og:image:type\" content=\"image\/jpeg\" \/>\n<meta name=\"author\" content=\"Leinewelle\" \/>\n<meta name=\"twitter:card\" content=\"summary_large_image\" \/>\n<meta name=\"twitter:creator\" content=\"@https:\/\/twitter.com\/RLeinewelle?ref_src=twsrcgoogletwcampserptwgrauthor\" \/>\n<meta name=\"twitter:site\" content=\"@RLeinewelle\" \/>\n<meta name=\"twitter:label1\" content=\"Verfasst von\" \/>\n\t<meta name=\"twitter:data1\" content=\"Leinewelle\" \/>\n\t<meta name=\"twitter:label2\" content=\"Gesch\u00e4tzte Lesezeit\" \/>\n\t<meta name=\"twitter:data2\" content=\"3\u00a0Minuten\" \/>\n<script type=\"application\/ld+json\" class=\"yoast-schema-graph\">{\"@context\":\"https:\\\/\\\/schema.org\",\"@graph\":[{\"@type\":\"Article\",\"@id\":\"https:\\\/\\\/radioleinewelle.de\\\/index.php\\\/2025\\\/06\\\/07\\\/in-between-kunsthaus-goettingen-zeigt-siebbdruck-mappe-von-timm-ulrichs\\\/#article\",\"isPartOf\":{\"@id\":\"https:\\\/\\\/radioleinewelle.de\\\/index.php\\\/2025\\\/06\\\/07\\\/in-between-kunsthaus-goettingen-zeigt-siebbdruck-mappe-von-timm-ulrichs\\\/\"},\"author\":{\"name\":\"Leinewelle\",\"@id\":\"https:\\\/\\\/radioleinewelle.de\\\/#\\\/schema\\\/person\\\/45606f348637df637192dc1b68399a63\"},\"headline\":\"&#8222;in between &#8220; &#8211; Kunsthaus G\u00f6ttingen zeigt Siebbdruck-Mappe von Timm Ulrichs\",\"datePublished\":\"2025-06-07T09:26:35+00:00\",\"dateModified\":\"2025-06-11T08:31:34+00:00\",\"mainEntityOfPage\":{\"@id\":\"https:\\\/\\\/radioleinewelle.de\\\/index.php\\\/2025\\\/06\\\/07\\\/in-between-kunsthaus-goettingen-zeigt-siebbdruck-mappe-von-timm-ulrichs\\\/\"},\"wordCount\":341,\"commentCount\":0,\"publisher\":{\"@id\":\"https:\\\/\\\/radioleinewelle.de\\\/#organization\"},\"image\":{\"@id\":\"https:\\\/\\\/radioleinewelle.de\\\/index.php\\\/2025\\\/06\\\/07\\\/in-between-kunsthaus-goettingen-zeigt-siebbdruck-mappe-von-timm-ulrichs\\\/#primaryimage\"},\"thumbnailUrl\":\"https:\\\/\\\/radioleinewelle.de\\\/wp-content\\\/uploads\\\/2025\\\/06\\\/Kunsthaus-Goettingen.jpg\",\"inLanguage\":\"de\",\"potentialAction\":[{\"@type\":\"CommentAction\",\"name\":\"Comment\",\"target\":[\"https:\\\/\\\/radioleinewelle.de\\\/index.php\\\/2025\\\/06\\\/07\\\/in-between-kunsthaus-goettingen-zeigt-siebbdruck-mappe-von-timm-ulrichs\\\/#respond\"]}]},{\"@type\":\"WebPage\",\"@id\":\"https:\\\/\\\/radioleinewelle.de\\\/index.php\\\/2025\\\/06\\\/07\\\/in-between-kunsthaus-goettingen-zeigt-siebbdruck-mappe-von-timm-ulrichs\\\/\",\"url\":\"https:\\\/\\\/radioleinewelle.de\\\/index.php\\\/2025\\\/06\\\/07\\\/in-between-kunsthaus-goettingen-zeigt-siebbdruck-mappe-von-timm-ulrichs\\\/\",\"name\":\"\\\"in between \\\" - Kunsthaus G\u00f6ttingen zeigt Siebbdruck-Mappe von Timm Ulrichs - Radio Leinewelle\",\"isPartOf\":{\"@id\":\"https:\\\/\\\/radioleinewelle.de\\\/#website\"},\"primaryImageOfPage\":{\"@id\":\"https:\\\/\\\/radioleinewelle.de\\\/index.php\\\/2025\\\/06\\\/07\\\/in-between-kunsthaus-goettingen-zeigt-siebbdruck-mappe-von-timm-ulrichs\\\/#primaryimage\"},\"image\":{\"@id\":\"https:\\\/\\\/radioleinewelle.de\\\/index.php\\\/2025\\\/06\\\/07\\\/in-between-kunsthaus-goettingen-zeigt-siebbdruck-mappe-von-timm-ulrichs\\\/#primaryimage\"},\"thumbnailUrl\":\"https:\\\/\\\/radioleinewelle.de\\\/wp-content\\\/uploads\\\/2025\\\/06\\\/Kunsthaus-Goettingen.jpg\",\"datePublished\":\"2025-06-07T09:26:35+00:00\",\"dateModified\":\"2025-06-11T08:31:34+00:00\",\"breadcrumb\":{\"@id\":\"https:\\\/\\\/radioleinewelle.de\\\/index.php\\\/2025\\\/06\\\/07\\\/in-between-kunsthaus-goettingen-zeigt-siebbdruck-mappe-von-timm-ulrichs\\\/#breadcrumb\"},\"inLanguage\":\"de\",\"potentialAction\":[{\"@type\":\"ReadAction\",\"target\":[\"https:\\\/\\\/radioleinewelle.de\\\/index.php\\\/2025\\\/06\\\/07\\\/in-between-kunsthaus-goettingen-zeigt-siebbdruck-mappe-von-timm-ulrichs\\\/\"]}]},{\"@type\":\"ImageObject\",\"inLanguage\":\"de\",\"@id\":\"https:\\\/\\\/radioleinewelle.de\\\/index.php\\\/2025\\\/06\\\/07\\\/in-between-kunsthaus-goettingen-zeigt-siebbdruck-mappe-von-timm-ulrichs\\\/#primaryimage\",\"url\":\"https:\\\/\\\/radioleinewelle.de\\\/wp-content\\\/uploads\\\/2025\\\/06\\\/Kunsthaus-Goettingen.jpg\",\"contentUrl\":\"https:\\\/\\\/radioleinewelle.de\\\/wp-content\\\/uploads\\\/2025\\\/06\\\/Kunsthaus-Goettingen.jpg\",\"width\":1854,\"height\":1136},{\"@type\":\"BreadcrumbList\",\"@id\":\"https:\\\/\\\/radioleinewelle.de\\\/index.php\\\/2025\\\/06\\\/07\\\/in-between-kunsthaus-goettingen-zeigt-siebbdruck-mappe-von-timm-ulrichs\\\/#breadcrumb\",\"itemListElement\":[{\"@type\":\"ListItem\",\"position\":1,\"name\":\"Startseite\",\"item\":\"https:\\\/\\\/radioleinewelle.de\\\/\"},{\"@type\":\"ListItem\",\"position\":2,\"name\":\"&#8222;in between &#8220; &#8211; Kunsthaus G\u00f6ttingen zeigt Siebbdruck-Mappe von Timm Ulrichs\"}]},{\"@type\":\"WebSite\",\"@id\":\"https:\\\/\\\/radioleinewelle.de\\\/#website\",\"url\":\"https:\\\/\\\/radioleinewelle.de\\\/\",\"name\":\"Radio Leinewelle\",\"description\":\"\",\"publisher\":{\"@id\":\"https:\\\/\\\/radioleinewelle.de\\\/#organization\"},\"potentialAction\":[{\"@type\":\"SearchAction\",\"target\":{\"@type\":\"EntryPoint\",\"urlTemplate\":\"https:\\\/\\\/radioleinewelle.de\\\/?s={search_term_string}\"},\"query-input\":{\"@type\":\"PropertyValueSpecification\",\"valueRequired\":true,\"valueName\":\"search_term_string\"}}],\"inLanguage\":\"de\"},{\"@type\":\"Organization\",\"@id\":\"https:\\\/\\\/radioleinewelle.de\\\/#organization\",\"name\":\"Radio Leinewelle\",\"alternateName\":\"Mein Radio f\u00fcr S\u00fcdniedersachsen\",\"url\":\"https:\\\/\\\/radioleinewelle.de\\\/\",\"logo\":{\"@type\":\"ImageObject\",\"inLanguage\":\"de\",\"@id\":\"https:\\\/\\\/radioleinewelle.de\\\/#\\\/schema\\\/logo\\\/image\\\/\",\"url\":\"https:\\\/\\\/radioleinewelle.de\\\/wp-content\\\/uploads\\\/2023\\\/11\\\/cropped-Leinewelle_Logo_weiss.png\",\"contentUrl\":\"https:\\\/\\\/radioleinewelle.de\\\/wp-content\\\/uploads\\\/2023\\\/11\\\/cropped-Leinewelle_Logo_weiss.png\",\"width\":854,\"height\":260,\"caption\":\"Radio Leinewelle\"},\"image\":{\"@id\":\"https:\\\/\\\/radioleinewelle.de\\\/#\\\/schema\\\/logo\\\/image\\\/\"},\"sameAs\":[\"https:\\\/\\\/www.facebook.com\\\/radioleinewelle\",\"https:\\\/\\\/x.com\\\/RLeinewelle\",\"https:\\\/\\\/www.instagram.com\\\/radioleinewelle\\\/?hl=de\"]},{\"@type\":\"Person\",\"@id\":\"https:\\\/\\\/radioleinewelle.de\\\/#\\\/schema\\\/person\\\/45606f348637df637192dc1b68399a63\",\"name\":\"Leinewelle\",\"image\":{\"@type\":\"ImageObject\",\"inLanguage\":\"de\",\"@id\":\"https:\\\/\\\/secure.gravatar.com\\\/avatar\\\/05c9a17bc973052ee5d91549bd32fb4dd0dc85b7b85ae94b2e2b4943476bbea5?s=96&d=blank&r=g\",\"url\":\"https:\\\/\\\/secure.gravatar.com\\\/avatar\\\/05c9a17bc973052ee5d91549bd32fb4dd0dc85b7b85ae94b2e2b4943476bbea5?s=96&d=blank&r=g\",\"contentUrl\":\"https:\\\/\\\/secure.gravatar.com\\\/avatar\\\/05c9a17bc973052ee5d91549bd32fb4dd0dc85b7b85ae94b2e2b4943476bbea5?s=96&d=blank&r=g\",\"caption\":\"Leinewelle\"},\"sameAs\":[\"http:\\\/\\\/localhost\\\/radio%20leinewelle\\\/wordpress\",\"https:\\\/\\\/www.facebook.com\\\/radioleinewelle\",\"https:\\\/\\\/www.instagram.com\\\/radioleinewelle\",\"https:\\\/\\\/x.com\\\/https:\\\/\\\/twitter.com\\\/RLeinewelle?ref_src=twsrcgoogletwcampserptwgrauthor\",\"https:\\\/\\\/soundcloud.com\\\/foerderverein-lokalradio?utm_source=clipboard&utm_medium=text&utm_campaign=social_sharing\"],\"url\":\"https:\\\/\\\/radioleinewelle.de\\\/index.php\\\/author\\\/leinewelle\\\/\"}]}<\/script>\n<!-- \/ Yoast SEO plugin. -->","yoast_head_json":{"title":"\"in between \" - Kunsthaus G\u00f6ttingen zeigt Siebbdruck-Mappe von Timm Ulrichs - Radio Leinewelle","robots":{"index":"index","follow":"follow","max-snippet":"max-snippet:-1","max-image-preview":"max-image-preview:large","max-video-preview":"max-video-preview:-1"},"canonical":"https:\/\/radioleinewelle.de\/index.php\/2025\/06\/07\/in-between-kunsthaus-goettingen-zeigt-siebbdruck-mappe-von-timm-ulrichs\/","og_locale":"de_DE","og_type":"article","og_title":"\"in between \" - Kunsthaus G\u00f6ttingen zeigt Siebbdruck-Mappe von Timm Ulrichs - Radio Leinewelle","og_description":"Ab dem kommenden Dienstag, 10. Juni 2025, haben G\u00e4ste f\u00fcr zehn Tage die Gelegenheit, eine &#8222;in between&#8220; Ausstellung im Kunsthaus G\u00f6ttingen zu besichtigen: Pr\u00e4sentiert wird die Siebdruck-Mappe &#8222;Kanaldeckel 1962\/64&#8220; des hannoverschen Konzeptk\u00fcnstlers Timm Ulrichs. Dieser feierte am 31. M\u00e4rz d.J. seinen 85. Geburtstag, ihm ist diese zehnt\u00e4gige Kabinettausstellung gewidmet. Vor 55 Jahren erschien die &#8222;Kanaldeckel-Mappe&#8220; [&hellip;]","og_url":"https:\/\/radioleinewelle.de\/index.php\/2025\/06\/07\/in-between-kunsthaus-goettingen-zeigt-siebbdruck-mappe-von-timm-ulrichs\/","og_site_name":"Radio Leinewelle","article_publisher":"https:\/\/www.facebook.com\/radioleinewelle","article_author":"https:\/\/www.facebook.com\/radioleinewelle","article_published_time":"2025-06-07T09:26:35+00:00","article_modified_time":"2025-06-11T08:31:34+00:00","og_image":[{"width":1854,"height":1136,"url":"https:\/\/radioleinewelle.de\/wp-content\/uploads\/2025\/06\/Kunsthaus-Goettingen.jpg","type":"image\/jpeg"}],"author":"Leinewelle","twitter_card":"summary_large_image","twitter_creator":"@https:\/\/twitter.com\/RLeinewelle?ref_src=twsrcgoogletwcampserptwgrauthor","twitter_site":"@RLeinewelle","twitter_misc":{"Verfasst von":"Leinewelle","Gesch\u00e4tzte Lesezeit":"3\u00a0Minuten"},"schema":{"@context":"https:\/\/schema.org","@graph":[{"@type":"Article","@id":"https:\/\/radioleinewelle.de\/index.php\/2025\/06\/07\/in-between-kunsthaus-goettingen-zeigt-siebbdruck-mappe-von-timm-ulrichs\/#article","isPartOf":{"@id":"https:\/\/radioleinewelle.de\/index.php\/2025\/06\/07\/in-between-kunsthaus-goettingen-zeigt-siebbdruck-mappe-von-timm-ulrichs\/"},"author":{"name":"Leinewelle","@id":"https:\/\/radioleinewelle.de\/#\/schema\/person\/45606f348637df637192dc1b68399a63"},"headline":"&#8222;in between &#8220; &#8211; Kunsthaus G\u00f6ttingen zeigt Siebbdruck-Mappe von Timm Ulrichs","datePublished":"2025-06-07T09:26:35+00:00","dateModified":"2025-06-11T08:31:34+00:00","mainEntityOfPage":{"@id":"https:\/\/radioleinewelle.de\/index.php\/2025\/06\/07\/in-between-kunsthaus-goettingen-zeigt-siebbdruck-mappe-von-timm-ulrichs\/"},"wordCount":341,"commentCount":0,"publisher":{"@id":"https:\/\/radioleinewelle.de\/#organization"},"image":{"@id":"https:\/\/radioleinewelle.de\/index.php\/2025\/06\/07\/in-between-kunsthaus-goettingen-zeigt-siebbdruck-mappe-von-timm-ulrichs\/#primaryimage"},"thumbnailUrl":"https:\/\/radioleinewelle.de\/wp-content\/uploads\/2025\/06\/Kunsthaus-Goettingen.jpg","inLanguage":"de","potentialAction":[{"@type":"CommentAction","name":"Comment","target":["https:\/\/radioleinewelle.de\/index.php\/2025\/06\/07\/in-between-kunsthaus-goettingen-zeigt-siebbdruck-mappe-von-timm-ulrichs\/#respond"]}]},{"@type":"WebPage","@id":"https:\/\/radioleinewelle.de\/index.php\/2025\/06\/07\/in-between-kunsthaus-goettingen-zeigt-siebbdruck-mappe-von-timm-ulrichs\/","url":"https:\/\/radioleinewelle.de\/index.php\/2025\/06\/07\/in-between-kunsthaus-goettingen-zeigt-siebbdruck-mappe-von-timm-ulrichs\/","name":"\"in between \" - Kunsthaus G\u00f6ttingen zeigt Siebbdruck-Mappe von Timm Ulrichs - Radio Leinewelle","isPartOf":{"@id":"https:\/\/radioleinewelle.de\/#website"},"primaryImageOfPage":{"@id":"https:\/\/radioleinewelle.de\/index.php\/2025\/06\/07\/in-between-kunsthaus-goettingen-zeigt-siebbdruck-mappe-von-timm-ulrichs\/#primaryimage"},"image":{"@id":"https:\/\/radioleinewelle.de\/index.php\/2025\/06\/07\/in-between-kunsthaus-goettingen-zeigt-siebbdruck-mappe-von-timm-ulrichs\/#primaryimage"},"thumbnailUrl":"https:\/\/radioleinewelle.de\/wp-content\/uploads\/2025\/06\/Kunsthaus-Goettingen.jpg","datePublished":"2025-06-07T09:26:35+00:00","dateModified":"2025-06-11T08:31:34+00:00","breadcrumb":{"@id":"https:\/\/radioleinewelle.de\/index.php\/2025\/06\/07\/in-between-kunsthaus-goettingen-zeigt-siebbdruck-mappe-von-timm-ulrichs\/#breadcrumb"},"inLanguage":"de","potentialAction":[{"@type":"ReadAction","target":["https:\/\/radioleinewelle.de\/index.php\/2025\/06\/07\/in-between-kunsthaus-goettingen-zeigt-siebbdruck-mappe-von-timm-ulrichs\/"]}]},{"@type":"ImageObject","inLanguage":"de","@id":"https:\/\/radioleinewelle.de\/index.php\/2025\/06\/07\/in-between-kunsthaus-goettingen-zeigt-siebbdruck-mappe-von-timm-ulrichs\/#primaryimage","url":"https:\/\/radioleinewelle.de\/wp-content\/uploads\/2025\/06\/Kunsthaus-Goettingen.jpg","contentUrl":"https:\/\/radioleinewelle.de\/wp-content\/uploads\/2025\/06\/Kunsthaus-Goettingen.jpg","width":1854,"height":1136},{"@type":"BreadcrumbList","@id":"https:\/\/radioleinewelle.de\/index.php\/2025\/06\/07\/in-between-kunsthaus-goettingen-zeigt-siebbdruck-mappe-von-timm-ulrichs\/#breadcrumb","itemListElement":[{"@type":"ListItem","position":1,"name":"Startseite","item":"https:\/\/radioleinewelle.de\/"},{"@type":"ListItem","position":2,"name":"&#8222;in between &#8220; &#8211; Kunsthaus G\u00f6ttingen zeigt Siebbdruck-Mappe von Timm Ulrichs"}]},{"@type":"WebSite","@id":"https:\/\/radioleinewelle.de\/#website","url":"https:\/\/radioleinewelle.de\/","name":"Radio Leinewelle","description":"","publisher":{"@id":"https:\/\/radioleinewelle.de\/#organization"},"potentialAction":[{"@type":"SearchAction","target":{"@type":"EntryPoint","urlTemplate":"https:\/\/radioleinewelle.de\/?s={search_term_string}"},"query-input":{"@type":"PropertyValueSpecification","valueRequired":true,"valueName":"search_term_string"}}],"inLanguage":"de"},{"@type":"Organization","@id":"https:\/\/radioleinewelle.de\/#organization","name":"Radio Leinewelle","alternateName":"Mein Radio f\u00fcr S\u00fcdniedersachsen","url":"https:\/\/radioleinewelle.de\/","logo":{"@type":"ImageObject","inLanguage":"de","@id":"https:\/\/radioleinewelle.de\/#\/schema\/logo\/image\/","url":"https:\/\/radioleinewelle.de\/wp-content\/uploads\/2023\/11\/cropped-Leinewelle_Logo_weiss.png","contentUrl":"https:\/\/radioleinewelle.de\/wp-content\/uploads\/2023\/11\/cropped-Leinewelle_Logo_weiss.png","width":854,"height":260,"caption":"Radio Leinewelle"},"image":{"@id":"https:\/\/radioleinewelle.de\/#\/schema\/logo\/image\/"},"sameAs":["https:\/\/www.facebook.com\/radioleinewelle","https:\/\/x.com\/RLeinewelle","https:\/\/www.instagram.com\/radioleinewelle\/?hl=de"]},{"@type":"Person","@id":"https:\/\/radioleinewelle.de\/#\/schema\/person\/45606f348637df637192dc1b68399a63","name":"Leinewelle","image":{"@type":"ImageObject","inLanguage":"de","@id":"https:\/\/secure.gravatar.com\/avatar\/05c9a17bc973052ee5d91549bd32fb4dd0dc85b7b85ae94b2e2b4943476bbea5?s=96&d=blank&r=g","url":"https:\/\/secure.gravatar.com\/avatar\/05c9a17bc973052ee5d91549bd32fb4dd0dc85b7b85ae94b2e2b4943476bbea5?s=96&d=blank&r=g","contentUrl":"https:\/\/secure.gravatar.com\/avatar\/05c9a17bc973052ee5d91549bd32fb4dd0dc85b7b85ae94b2e2b4943476bbea5?s=96&d=blank&r=g","caption":"Leinewelle"},"sameAs":["http:\/\/localhost\/radio%20leinewelle\/wordpress","https:\/\/www.facebook.com\/radioleinewelle","https:\/\/www.instagram.com\/radioleinewelle","https:\/\/x.com\/https:\/\/twitter.com\/RLeinewelle?ref_src=twsrcgoogletwcampserptwgrauthor","https:\/\/soundcloud.com\/foerderverein-lokalradio?utm_source=clipboard&utm_medium=text&utm_campaign=social_sharing"],"url":"https:\/\/radioleinewelle.de\/index.php\/author\/leinewelle\/"}]}},"_links":{"self":[{"href":"https:\/\/radioleinewelle.de\/index.php\/wp-json\/wp\/v2\/posts\/28410","targetHints":{"allow":["GET"]}}],"collection":[{"href":"https:\/\/radioleinewelle.de\/index.php\/wp-json\/wp\/v2\/posts"}],"about":[{"href":"https:\/\/radioleinewelle.de\/index.php\/wp-json\/wp\/v2\/types\/post"}],"author":[{"embeddable":true,"href":"https:\/\/radioleinewelle.de\/index.php\/wp-json\/wp\/v2\/users\/1"}],"replies":[{"embeddable":true,"href":"https:\/\/radioleinewelle.de\/index.php\/wp-json\/wp\/v2\/comments?post=28410"}],"version-history":[{"count":4,"href":"https:\/\/radioleinewelle.de\/index.php\/wp-json\/wp\/v2\/posts\/28410\/revisions"}],"predecessor-version":[{"id":28448,"href":"https:\/\/radioleinewelle.de\/index.php\/wp-json\/wp\/v2\/posts\/28410\/revisions\/28448"}],"wp:featuredmedia":[{"embeddable":true,"href":"https:\/\/radioleinewelle.de\/index.php\/wp-json\/wp\/v2\/media\/28411"}],"wp:attachment":[{"href":"https:\/\/radioleinewelle.de\/index.php\/wp-json\/wp\/v2\/media?parent=28410"}],"wp:term":[{"taxonomy":"category","embeddable":true,"href":"https:\/\/radioleinewelle.de\/index.php\/wp-json\/wp\/v2\/categories?post=28410"},{"taxonomy":"post_tag","embeddable":true,"href":"https:\/\/radioleinewelle.de\/index.php\/wp-json\/wp\/v2\/tags?post=28410"}],"curies":[{"name":"wp","href":"https:\/\/api.w.org\/{rel}","templated":true}]}}