{"id":2842,"date":"2020-11-09T08:55:23","date_gmt":"2020-11-09T07:55:23","guid":{"rendered":"https:\/\/radioleinewelle.de\/?p=2842"},"modified":"2020-11-09T08:55:23","modified_gmt":"2020-11-09T07:55:23","slug":"vertreter-des-hartmann-fordern-der-rettungsschirm-fuer-arztpraxen-muss-verlaengert-werden","status":"publish","type":"post","link":"https:\/\/radioleinewelle.de\/index.php\/2020\/11\/09\/vertreter-des-hartmann-fordern-der-rettungsschirm-fuer-arztpraxen-muss-verlaengert-werden\/","title":{"rendered":"Vertreter des Hartmannbunds fordern: Der Rettungsschirm f\u00fcr Arztpraxen muss verl\u00e4ngert werden"},"content":{"rendered":"<p>Die systemrelevante ambulante medizinische Versorgung ist auch w\u00e4hrend des am 02.11. begonnenen \u201eLockdowns\u201c betroffen.\u00a0Ohne die Termine abzusagen oder das Leistungsangebot einzuschr\u00e4nken f\u00fchren pandemiebedingt abgebrochene oder reduzierte Behandlungen zu Umsatzr\u00fcckg\u00e4ngen, weil die Praxen bestimmte Leistungen aktuell nicht erbringen\u00a0k\u00f6nnen und ihre Patienten vor einer Infektion mit dem Coronavirus sch\u00fctzen wollen.\u00a0Dies betrifft alle Praxen der haus\u00e4rztlichen und fach\u00e4rztlichen Versorgung.\u00a0Obwohl die Praxen ein professionelles Hygienemanagemnt betreiben und sicher aufgesucht werden k\u00f6nnen, vermeiden viele Patienten, z.B. auch viele chronisch Kranke, notwendige Praxisbesuche z.B. zur Verlaufs- und Therapiekontrolle oder zur lebensrettenden Krebsvorsorge.\u00a0Dieser Fallzahlr\u00fcckgang und die pandemiebedingte Leistungsreduzierung schaffen bei steigenden Praxiskosten ein Defizit.\u00a0Dies wird sich auch noch ins Jahr 2021 fortsetzen. Etliche Arztpraxen haben schon im 2. Quartal 2020 deutliche wirtschaftliche Einbu\u00dfen hinnehmen m\u00fcssen.<br \/>\nDie nieders\u00e4chsischen Haus- und Fach\u00e4rzte sind der Stabilit\u00e4tsfaktur unseres Gesundheitssystems. Circa 90 % aller Patienten &#8211; vor allem auch mit einer Corona-Infektion &#8211; werden in den Praxen diagnostiziert und behandelt.<br \/>\nDie nieders\u00e4chsischen Haus- und Fach\u00e4rzte stehen nicht nur in forderster Front gegen das Corona-Virus. Sie tragen mit Ihrem Personal ein gesundheitliches und existentielles Risiko. Bei Kontakt zu Patienten mit Coronainfektion besteht nicht nur die Gefahr eine Ansteckung, sondern auch der weiw\u00f6chigen Zwangsschlie\u00dfung der Arztpraxis.\u00a0Die Politik aus Niedersachsen und Gesundheitsminister Spahn sichern die Krankenh\u00e4user in der Pandemie weiterhin wirtschaftlich ab (Covid-Bettenpauschale). Vertreter des Hartmannbuds fordern die kassen\u00e4rztliche Vereinigung Niedersachsen und die Landesregierung auf, den bisherigen Rettungsschirm f\u00fcr Praxen bis zum 31.06.2021 zu verl\u00e4ngern und die gestiegenen Sachkosten im ambulanten Bereich im Rahmen der Verg\u00fctung besser zu ber\u00fccksichtigen.<\/p>\n<p>Bild von <a href=\"https:\/\/pixabay.com\/de\/users\/geralt-9301\/?utm_source=link-attribution&amp;utm_medium=referral&amp;utm_campaign=image&amp;utm_content=73117\">Gerd Altmann<\/a> auf <a href=\"https:\/\/pixabay.com\/de\/?utm_source=link-attribution&amp;utm_medium=referral&amp;utm_campaign=image&amp;utm_content=73117\">Pixabay<\/a><\/p>\n","protected":false},"excerpt":{"rendered":"<p>Die systemrelevante ambulante medizinische Versorgung ist auch w\u00e4hrend des am 02.11. begonnenen \u201eLockdowns\u201c betroffen.\u00a0Ohne die Termine abzusagen oder das Leistungsangebot einzuschr\u00e4nken f\u00fchren pandemiebedingt abgebrochene oder reduzierte Behandlungen zu Umsatzr\u00fcckg\u00e4ngen, weil die Praxen bestimmte Leistungen aktuell nicht erbringen\u00a0k\u00f6nnen und ihre Patienten vor einer Infektion mit dem Coronavirus sch\u00fctzen wollen.\u00a0Dies betrifft alle Praxen der haus\u00e4rztlichen und fach\u00e4rztlichen [&hellip;]<\/p>\n","protected":false},"author":1,"featured_media":0,"comment_status":"closed","ping_status":"closed","sticky":false,"template":"","format":"standard","meta":{"saved_in_kubio":false,"footnotes":""},"categories":[40],"tags":[],"class_list":["post-2842","post","type-post","status-publish","format-standard","hentry","category-gesundheit"],"yoast_head":"<!-- This site is optimized with the Yoast SEO plugin v27.5 - https:\/\/yoast.com\/product\/yoast-seo-wordpress\/ -->\n<title>Vertreter des Hartmannbunds fordern: Der Rettungsschirm f\u00fcr Arztpraxen muss verl\u00e4ngert werden - Radio Leinewelle<\/title>\n<meta name=\"robots\" content=\"index, follow, max-snippet:-1, max-image-preview:large, max-video-preview:-1\" \/>\n<link rel=\"canonical\" href=\"https:\/\/radioleinewelle.de\/index.php\/2020\/11\/09\/vertreter-des-hartmann-fordern-der-rettungsschirm-fuer-arztpraxen-muss-verlaengert-werden\/\" \/>\n<meta property=\"og:locale\" content=\"de_DE\" \/>\n<meta property=\"og:type\" content=\"article\" \/>\n<meta property=\"og:title\" content=\"Vertreter des Hartmannbunds fordern: Der Rettungsschirm f\u00fcr Arztpraxen muss verl\u00e4ngert werden - Radio Leinewelle\" \/>\n<meta property=\"og:description\" content=\"Die systemrelevante ambulante medizinische Versorgung ist auch w\u00e4hrend des am 02.11. begonnenen \u201eLockdowns\u201c betroffen.\u00a0Ohne die Termine abzusagen oder das Leistungsangebot einzuschr\u00e4nken f\u00fchren pandemiebedingt abgebrochene oder reduzierte Behandlungen zu Umsatzr\u00fcckg\u00e4ngen, weil die Praxen bestimmte Leistungen aktuell nicht erbringen\u00a0k\u00f6nnen und ihre Patienten vor einer Infektion mit dem Coronavirus sch\u00fctzen wollen.\u00a0Dies betrifft alle Praxen der haus\u00e4rztlichen und fach\u00e4rztlichen [&hellip;]\" \/>\n<meta property=\"og:url\" content=\"https:\/\/radioleinewelle.de\/index.php\/2020\/11\/09\/vertreter-des-hartmann-fordern-der-rettungsschirm-fuer-arztpraxen-muss-verlaengert-werden\/\" \/>\n<meta property=\"og:site_name\" content=\"Radio Leinewelle\" \/>\n<meta property=\"article:publisher\" content=\"https:\/\/www.facebook.com\/radioleinewelle\" \/>\n<meta property=\"article:author\" content=\"https:\/\/www.facebook.com\/radioleinewelle\" \/>\n<meta property=\"article:published_time\" content=\"2020-11-09T07:55:23+00:00\" \/>\n<meta name=\"author\" content=\"Leinewelle\" \/>\n<meta name=\"twitter:card\" content=\"summary_large_image\" \/>\n<meta name=\"twitter:creator\" content=\"@https:\/\/twitter.com\/RLeinewelle?ref_src=twsrcgoogletwcampserptwgrauthor\" \/>\n<meta name=\"twitter:site\" content=\"@RLeinewelle\" \/>\n<meta name=\"twitter:label1\" content=\"Verfasst von\" \/>\n\t<meta name=\"twitter:data1\" content=\"Leinewelle\" \/>\n\t<meta name=\"twitter:label2\" content=\"Gesch\u00e4tzte Lesezeit\" \/>\n\t<meta name=\"twitter:data2\" content=\"1\u00a0Minute\" \/>\n<script type=\"application\/ld+json\" class=\"yoast-schema-graph\">{\"@context\":\"https:\\\/\\\/schema.org\",\"@graph\":[{\"@type\":\"Article\",\"@id\":\"https:\\\/\\\/radioleinewelle.de\\\/index.php\\\/2020\\\/11\\\/09\\\/vertreter-des-hartmann-fordern-der-rettungsschirm-fuer-arztpraxen-muss-verlaengert-werden\\\/#article\",\"isPartOf\":{\"@id\":\"https:\\\/\\\/radioleinewelle.de\\\/index.php\\\/2020\\\/11\\\/09\\\/vertreter-des-hartmann-fordern-der-rettungsschirm-fuer-arztpraxen-muss-verlaengert-werden\\\/\"},\"author\":{\"name\":\"Leinewelle\",\"@id\":\"https:\\\/\\\/radioleinewelle.de\\\/#\\\/schema\\\/person\\\/45606f348637df637192dc1b68399a63\"},\"headline\":\"Vertreter des Hartmannbunds fordern: Der Rettungsschirm f\u00fcr Arztpraxen muss verl\u00e4ngert werden\",\"datePublished\":\"2020-11-09T07:55:23+00:00\",\"mainEntityOfPage\":{\"@id\":\"https:\\\/\\\/radioleinewelle.de\\\/index.php\\\/2020\\\/11\\\/09\\\/vertreter-des-hartmann-fordern-der-rettungsschirm-fuer-arztpraxen-muss-verlaengert-werden\\\/\"},\"wordCount\":291,\"publisher\":{\"@id\":\"https:\\\/\\\/radioleinewelle.de\\\/#organization\"},\"articleSection\":[\"Gesundheit\"],\"inLanguage\":\"de\"},{\"@type\":\"WebPage\",\"@id\":\"https:\\\/\\\/radioleinewelle.de\\\/index.php\\\/2020\\\/11\\\/09\\\/vertreter-des-hartmann-fordern-der-rettungsschirm-fuer-arztpraxen-muss-verlaengert-werden\\\/\",\"url\":\"https:\\\/\\\/radioleinewelle.de\\\/index.php\\\/2020\\\/11\\\/09\\\/vertreter-des-hartmann-fordern-der-rettungsschirm-fuer-arztpraxen-muss-verlaengert-werden\\\/\",\"name\":\"Vertreter des Hartmannbunds fordern: Der Rettungsschirm f\u00fcr Arztpraxen muss verl\u00e4ngert werden - Radio Leinewelle\",\"isPartOf\":{\"@id\":\"https:\\\/\\\/radioleinewelle.de\\\/#website\"},\"datePublished\":\"2020-11-09T07:55:23+00:00\",\"breadcrumb\":{\"@id\":\"https:\\\/\\\/radioleinewelle.de\\\/index.php\\\/2020\\\/11\\\/09\\\/vertreter-des-hartmann-fordern-der-rettungsschirm-fuer-arztpraxen-muss-verlaengert-werden\\\/#breadcrumb\"},\"inLanguage\":\"de\",\"potentialAction\":[{\"@type\":\"ReadAction\",\"target\":[\"https:\\\/\\\/radioleinewelle.de\\\/index.php\\\/2020\\\/11\\\/09\\\/vertreter-des-hartmann-fordern-der-rettungsschirm-fuer-arztpraxen-muss-verlaengert-werden\\\/\"]}]},{\"@type\":\"BreadcrumbList\",\"@id\":\"https:\\\/\\\/radioleinewelle.de\\\/index.php\\\/2020\\\/11\\\/09\\\/vertreter-des-hartmann-fordern-der-rettungsschirm-fuer-arztpraxen-muss-verlaengert-werden\\\/#breadcrumb\",\"itemListElement\":[{\"@type\":\"ListItem\",\"position\":1,\"name\":\"Startseite\",\"item\":\"https:\\\/\\\/radioleinewelle.de\\\/\"},{\"@type\":\"ListItem\",\"position\":2,\"name\":\"Vertreter des Hartmannbunds fordern: Der Rettungsschirm f\u00fcr Arztpraxen muss verl\u00e4ngert werden\"}]},{\"@type\":\"WebSite\",\"@id\":\"https:\\\/\\\/radioleinewelle.de\\\/#website\",\"url\":\"https:\\\/\\\/radioleinewelle.de\\\/\",\"name\":\"Radio Leinewelle\",\"description\":\"\",\"publisher\":{\"@id\":\"https:\\\/\\\/radioleinewelle.de\\\/#organization\"},\"potentialAction\":[{\"@type\":\"SearchAction\",\"target\":{\"@type\":\"EntryPoint\",\"urlTemplate\":\"https:\\\/\\\/radioleinewelle.de\\\/?s={search_term_string}\"},\"query-input\":{\"@type\":\"PropertyValueSpecification\",\"valueRequired\":true,\"valueName\":\"search_term_string\"}}],\"inLanguage\":\"de\"},{\"@type\":\"Organization\",\"@id\":\"https:\\\/\\\/radioleinewelle.de\\\/#organization\",\"name\":\"Radio Leinewelle\",\"alternateName\":\"Mein Radio f\u00fcr S\u00fcdniedersachsen\",\"url\":\"https:\\\/\\\/radioleinewelle.de\\\/\",\"logo\":{\"@type\":\"ImageObject\",\"inLanguage\":\"de\",\"@id\":\"https:\\\/\\\/radioleinewelle.de\\\/#\\\/schema\\\/logo\\\/image\\\/\",\"url\":\"https:\\\/\\\/radioleinewelle.de\\\/wp-content\\\/uploads\\\/2023\\\/11\\\/cropped-Leinewelle_Logo_weiss.png\",\"contentUrl\":\"https:\\\/\\\/radioleinewelle.de\\\/wp-content\\\/uploads\\\/2023\\\/11\\\/cropped-Leinewelle_Logo_weiss.png\",\"width\":854,\"height\":260,\"caption\":\"Radio Leinewelle\"},\"image\":{\"@id\":\"https:\\\/\\\/radioleinewelle.de\\\/#\\\/schema\\\/logo\\\/image\\\/\"},\"sameAs\":[\"https:\\\/\\\/www.facebook.com\\\/radioleinewelle\",\"https:\\\/\\\/x.com\\\/RLeinewelle\",\"https:\\\/\\\/www.instagram.com\\\/radioleinewelle\\\/?hl=de\"]},{\"@type\":\"Person\",\"@id\":\"https:\\\/\\\/radioleinewelle.de\\\/#\\\/schema\\\/person\\\/45606f348637df637192dc1b68399a63\",\"name\":\"Leinewelle\",\"image\":{\"@type\":\"ImageObject\",\"inLanguage\":\"de\",\"@id\":\"https:\\\/\\\/secure.gravatar.com\\\/avatar\\\/05c9a17bc973052ee5d91549bd32fb4dd0dc85b7b85ae94b2e2b4943476bbea5?s=96&d=blank&r=g\",\"url\":\"https:\\\/\\\/secure.gravatar.com\\\/avatar\\\/05c9a17bc973052ee5d91549bd32fb4dd0dc85b7b85ae94b2e2b4943476bbea5?s=96&d=blank&r=g\",\"contentUrl\":\"https:\\\/\\\/secure.gravatar.com\\\/avatar\\\/05c9a17bc973052ee5d91549bd32fb4dd0dc85b7b85ae94b2e2b4943476bbea5?s=96&d=blank&r=g\",\"caption\":\"Leinewelle\"},\"sameAs\":[\"http:\\\/\\\/localhost\\\/radio%20leinewelle\\\/wordpress\",\"https:\\\/\\\/www.facebook.com\\\/radioleinewelle\",\"https:\\\/\\\/www.instagram.com\\\/radioleinewelle\",\"https:\\\/\\\/x.com\\\/https:\\\/\\\/twitter.com\\\/RLeinewelle?ref_src=twsrcgoogletwcampserptwgrauthor\",\"https:\\\/\\\/soundcloud.com\\\/foerderverein-lokalradio?utm_source=clipboard&utm_medium=text&utm_campaign=social_sharing\"],\"url\":\"https:\\\/\\\/radioleinewelle.de\\\/index.php\\\/author\\\/leinewelle\\\/\"}]}<\/script>\n<!-- \/ Yoast SEO plugin. -->","yoast_head_json":{"title":"Vertreter des Hartmannbunds fordern: Der Rettungsschirm f\u00fcr Arztpraxen muss verl\u00e4ngert werden - Radio Leinewelle","robots":{"index":"index","follow":"follow","max-snippet":"max-snippet:-1","max-image-preview":"max-image-preview:large","max-video-preview":"max-video-preview:-1"},"canonical":"https:\/\/radioleinewelle.de\/index.php\/2020\/11\/09\/vertreter-des-hartmann-fordern-der-rettungsschirm-fuer-arztpraxen-muss-verlaengert-werden\/","og_locale":"de_DE","og_type":"article","og_title":"Vertreter des Hartmannbunds fordern: Der Rettungsschirm f\u00fcr Arztpraxen muss verl\u00e4ngert werden - Radio Leinewelle","og_description":"Die systemrelevante ambulante medizinische Versorgung ist auch w\u00e4hrend des am 02.11. begonnenen \u201eLockdowns\u201c betroffen.\u00a0Ohne die Termine abzusagen oder das Leistungsangebot einzuschr\u00e4nken f\u00fchren pandemiebedingt abgebrochene oder reduzierte Behandlungen zu Umsatzr\u00fcckg\u00e4ngen, weil die Praxen bestimmte Leistungen aktuell nicht erbringen\u00a0k\u00f6nnen und ihre Patienten vor einer Infektion mit dem Coronavirus sch\u00fctzen wollen.\u00a0Dies betrifft alle Praxen der haus\u00e4rztlichen und fach\u00e4rztlichen [&hellip;]","og_url":"https:\/\/radioleinewelle.de\/index.php\/2020\/11\/09\/vertreter-des-hartmann-fordern-der-rettungsschirm-fuer-arztpraxen-muss-verlaengert-werden\/","og_site_name":"Radio Leinewelle","article_publisher":"https:\/\/www.facebook.com\/radioleinewelle","article_author":"https:\/\/www.facebook.com\/radioleinewelle","article_published_time":"2020-11-09T07:55:23+00:00","author":"Leinewelle","twitter_card":"summary_large_image","twitter_creator":"@https:\/\/twitter.com\/RLeinewelle?ref_src=twsrcgoogletwcampserptwgrauthor","twitter_site":"@RLeinewelle","twitter_misc":{"Verfasst von":"Leinewelle","Gesch\u00e4tzte Lesezeit":"1\u00a0Minute"},"schema":{"@context":"https:\/\/schema.org","@graph":[{"@type":"Article","@id":"https:\/\/radioleinewelle.de\/index.php\/2020\/11\/09\/vertreter-des-hartmann-fordern-der-rettungsschirm-fuer-arztpraxen-muss-verlaengert-werden\/#article","isPartOf":{"@id":"https:\/\/radioleinewelle.de\/index.php\/2020\/11\/09\/vertreter-des-hartmann-fordern-der-rettungsschirm-fuer-arztpraxen-muss-verlaengert-werden\/"},"author":{"name":"Leinewelle","@id":"https:\/\/radioleinewelle.de\/#\/schema\/person\/45606f348637df637192dc1b68399a63"},"headline":"Vertreter des Hartmannbunds fordern: Der Rettungsschirm f\u00fcr Arztpraxen muss verl\u00e4ngert werden","datePublished":"2020-11-09T07:55:23+00:00","mainEntityOfPage":{"@id":"https:\/\/radioleinewelle.de\/index.php\/2020\/11\/09\/vertreter-des-hartmann-fordern-der-rettungsschirm-fuer-arztpraxen-muss-verlaengert-werden\/"},"wordCount":291,"publisher":{"@id":"https:\/\/radioleinewelle.de\/#organization"},"articleSection":["Gesundheit"],"inLanguage":"de"},{"@type":"WebPage","@id":"https:\/\/radioleinewelle.de\/index.php\/2020\/11\/09\/vertreter-des-hartmann-fordern-der-rettungsschirm-fuer-arztpraxen-muss-verlaengert-werden\/","url":"https:\/\/radioleinewelle.de\/index.php\/2020\/11\/09\/vertreter-des-hartmann-fordern-der-rettungsschirm-fuer-arztpraxen-muss-verlaengert-werden\/","name":"Vertreter des Hartmannbunds fordern: Der Rettungsschirm f\u00fcr Arztpraxen muss verl\u00e4ngert werden - Radio Leinewelle","isPartOf":{"@id":"https:\/\/radioleinewelle.de\/#website"},"datePublished":"2020-11-09T07:55:23+00:00","breadcrumb":{"@id":"https:\/\/radioleinewelle.de\/index.php\/2020\/11\/09\/vertreter-des-hartmann-fordern-der-rettungsschirm-fuer-arztpraxen-muss-verlaengert-werden\/#breadcrumb"},"inLanguage":"de","potentialAction":[{"@type":"ReadAction","target":["https:\/\/radioleinewelle.de\/index.php\/2020\/11\/09\/vertreter-des-hartmann-fordern-der-rettungsschirm-fuer-arztpraxen-muss-verlaengert-werden\/"]}]},{"@type":"BreadcrumbList","@id":"https:\/\/radioleinewelle.de\/index.php\/2020\/11\/09\/vertreter-des-hartmann-fordern-der-rettungsschirm-fuer-arztpraxen-muss-verlaengert-werden\/#breadcrumb","itemListElement":[{"@type":"ListItem","position":1,"name":"Startseite","item":"https:\/\/radioleinewelle.de\/"},{"@type":"ListItem","position":2,"name":"Vertreter des Hartmannbunds fordern: Der Rettungsschirm f\u00fcr Arztpraxen muss verl\u00e4ngert werden"}]},{"@type":"WebSite","@id":"https:\/\/radioleinewelle.de\/#website","url":"https:\/\/radioleinewelle.de\/","name":"Radio Leinewelle","description":"","publisher":{"@id":"https:\/\/radioleinewelle.de\/#organization"},"potentialAction":[{"@type":"SearchAction","target":{"@type":"EntryPoint","urlTemplate":"https:\/\/radioleinewelle.de\/?s={search_term_string}"},"query-input":{"@type":"PropertyValueSpecification","valueRequired":true,"valueName":"search_term_string"}}],"inLanguage":"de"},{"@type":"Organization","@id":"https:\/\/radioleinewelle.de\/#organization","name":"Radio Leinewelle","alternateName":"Mein Radio f\u00fcr S\u00fcdniedersachsen","url":"https:\/\/radioleinewelle.de\/","logo":{"@type":"ImageObject","inLanguage":"de","@id":"https:\/\/radioleinewelle.de\/#\/schema\/logo\/image\/","url":"https:\/\/radioleinewelle.de\/wp-content\/uploads\/2023\/11\/cropped-Leinewelle_Logo_weiss.png","contentUrl":"https:\/\/radioleinewelle.de\/wp-content\/uploads\/2023\/11\/cropped-Leinewelle_Logo_weiss.png","width":854,"height":260,"caption":"Radio Leinewelle"},"image":{"@id":"https:\/\/radioleinewelle.de\/#\/schema\/logo\/image\/"},"sameAs":["https:\/\/www.facebook.com\/radioleinewelle","https:\/\/x.com\/RLeinewelle","https:\/\/www.instagram.com\/radioleinewelle\/?hl=de"]},{"@type":"Person","@id":"https:\/\/radioleinewelle.de\/#\/schema\/person\/45606f348637df637192dc1b68399a63","name":"Leinewelle","image":{"@type":"ImageObject","inLanguage":"de","@id":"https:\/\/secure.gravatar.com\/avatar\/05c9a17bc973052ee5d91549bd32fb4dd0dc85b7b85ae94b2e2b4943476bbea5?s=96&d=blank&r=g","url":"https:\/\/secure.gravatar.com\/avatar\/05c9a17bc973052ee5d91549bd32fb4dd0dc85b7b85ae94b2e2b4943476bbea5?s=96&d=blank&r=g","contentUrl":"https:\/\/secure.gravatar.com\/avatar\/05c9a17bc973052ee5d91549bd32fb4dd0dc85b7b85ae94b2e2b4943476bbea5?s=96&d=blank&r=g","caption":"Leinewelle"},"sameAs":["http:\/\/localhost\/radio%20leinewelle\/wordpress","https:\/\/www.facebook.com\/radioleinewelle","https:\/\/www.instagram.com\/radioleinewelle","https:\/\/x.com\/https:\/\/twitter.com\/RLeinewelle?ref_src=twsrcgoogletwcampserptwgrauthor","https:\/\/soundcloud.com\/foerderverein-lokalradio?utm_source=clipboard&utm_medium=text&utm_campaign=social_sharing"],"url":"https:\/\/radioleinewelle.de\/index.php\/author\/leinewelle\/"}]}},"_links":{"self":[{"href":"https:\/\/radioleinewelle.de\/index.php\/wp-json\/wp\/v2\/posts\/2842","targetHints":{"allow":["GET"]}}],"collection":[{"href":"https:\/\/radioleinewelle.de\/index.php\/wp-json\/wp\/v2\/posts"}],"about":[{"href":"https:\/\/radioleinewelle.de\/index.php\/wp-json\/wp\/v2\/types\/post"}],"author":[{"embeddable":true,"href":"https:\/\/radioleinewelle.de\/index.php\/wp-json\/wp\/v2\/users\/1"}],"replies":[{"embeddable":true,"href":"https:\/\/radioleinewelle.de\/index.php\/wp-json\/wp\/v2\/comments?post=2842"}],"version-history":[{"count":0,"href":"https:\/\/radioleinewelle.de\/index.php\/wp-json\/wp\/v2\/posts\/2842\/revisions"}],"wp:attachment":[{"href":"https:\/\/radioleinewelle.de\/index.php\/wp-json\/wp\/v2\/media?parent=2842"}],"wp:term":[{"taxonomy":"category","embeddable":true,"href":"https:\/\/radioleinewelle.de\/index.php\/wp-json\/wp\/v2\/categories?post=2842"},{"taxonomy":"post_tag","embeddable":true,"href":"https:\/\/radioleinewelle.de\/index.php\/wp-json\/wp\/v2\/tags?post=2842"}],"curies":[{"name":"wp","href":"https:\/\/api.w.org\/{rel}","templated":true}]}}