{"id":28440,"date":"2025-06-11T10:25:46","date_gmt":"2025-06-11T08:25:46","guid":{"rendered":"https:\/\/radioleinewelle.de\/?p=28440"},"modified":"2025-06-11T10:25:47","modified_gmt":"2025-06-11T08:25:47","slug":"sommerbaustellen-haltestellen-in-der-goettinger-innenstadt-koennen-nicht-regulaer-angefahren-werden","status":"publish","type":"post","link":"https:\/\/radioleinewelle.de\/index.php\/2025\/06\/11\/sommerbaustellen-haltestellen-in-der-goettinger-innenstadt-koennen-nicht-regulaer-angefahren-werden\/","title":{"rendered":"Sommerbaustellen: Haltestellen in der G\u00f6ttinger Innenstadt k\u00f6nnen nicht regul\u00e4r angefahren werden"},"content":{"rendered":"\n<p><strong>Die Stadt G\u00f6ttingen teilt mit:<\/strong>  <strong>Aufgrund mehrerer Baustellen w\u00e4hrend der Sommerferien k\u00f6nnen einige Haltestellen in der G\u00f6ttinger Innenstadt in der Zeit von Mittwoch, 2. Juli, bis Mittwoch, 13. August 2025 nicht regul\u00e4r angefahren werden. Betroffen sind die Haltestellen Groner Tor, Groner Stra\u00dfe, Markt, Kornmarkt, Nikolaistra\u00dfe, Geismartor, J\u00fcdenstra\u00dfe, Friedrichstra\u00dfe, Theaterstra\u00dfe sowie Weender Stra\u00dfe Ost und West. Die G\u00f6ttinger Verkehrsbetriebe (G\u00f6VB) und die Stadt G\u00f6ttingen werden einen Shuttle-Service einrichten, der die Haltestellen Groner Tor, Groner Stra\u00dfe, Kornmarkt und J\u00fcdenstra\u00dfe im 30-Minuten-Takt anf\u00e4hrt.&nbsp;<\/strong><\/p>\n\n\n\n<p>Ausl\u00f6ser ist ein privates Bauvorhaben in der Zindelstra\u00dfe. Durch die Aufstellung eines Krans ist die f\u00fcr die G\u00f6VB strategisch wichtige Durchfahrt dort f\u00fcr sechs Wochen nicht m\u00f6glich. Das wirkt sich auf nahezu alle Stadtbuslinien aus.<\/p>\n\n\n\n<h5 class=\"wp-block-heading\">Bus-Shuttle f\u00fcr die Innenstadt <\/h5>\n\n\n\n<p>Um die Mobilit\u00e4t in der Innenstadt dennoch zu gew\u00e4hrleisten, wird ab Donnerstag, 3. Juli 2025, ein Shuttle-Service eingerichtet, der montags bis samstags zwischen 7.48 Uhr und 19.48 Uhr im 30-Minuten-Takt verkehren wird. Es gilt der VSN-Tarif. Den Shuttle-Verkehr wird das Unternehmen Regiobus Uhlendorff GmbH im Auftrag der G\u00f6VB durchf\u00fchren. Die Fahrten werden nur in einer Richtung von der Haltestelle Bahnhof\/ZOB \u00fcber die Haltestellen Groner Tor, Groner Stra\u00dfe, Kornmarkt, J\u00fcdenstra\u00dfe, Friedrichstra\u00dfe wieder zum Bahnhof\/ZOB durchgef\u00fchrt.<\/p>\n\n\n\n<p>Es wurde beschlossen, die Zeit der Sperrung sinnvoll f\u00fcr weitere Bauma\u00dfnahmen zu nutzen. Im Ergebnis wird die Stadtwerke G\u00f6ttingen AG in der J\u00fcdenstra\u00dfe, Ecke Weender Stra\u00dfe unter Vollsperrung von etwa einer Woche die dringend erforderliche Sanierung von Trinkwasseranschl\u00fcsse durchf\u00fchren. Die Stadtverwaltung wird unter Vollsperrung der Weender Stra\u00dfe vom Weender Tor bis zur J\u00fcdenstra\u00dfe, Ecke Stumpfebiel von etwa vier bis f\u00fcnf Wochen die provisorische Bushaltestelle in der Weender Stra\u00dfe zur\u00fcckbauen und die regul\u00e4re Haltestelle Weender-Stra\u00dfe-Ost am Quartier am Reitstall wieder einrichten. Die genauen Zeitr\u00e4ume der Baustellen stehen noch nicht fest und werden jeweils kurzfristig bekanntgegeben.<\/p>\n\n\n\n<h5 class=\"wp-block-heading\">Bahnhof wird zur Drehscheibe f\u00fcr Stadtbusse<\/h5>\n\n\n\n<p>Damit die Fahrg\u00e4ste der G\u00f6VB mehr M\u00f6glichkeiten zum Umsteigen haben, werden alle Buslinien in der jeweils betroffenen Richtung \u00fcber den Bahnhof umgeleitet. M\u00f6gliche Alternativen f\u00fcr die Haltestellen&nbsp;<strong>Weender Stra\u00dfe Ost und West<\/strong>&nbsp;sind die am n\u00e4chsten gelegenen Haltestellen Platz der G\u00f6ttinger Sieben (ca. 450 Meter Fu\u00dfweg) und Auditorium (ca. 250 Meter Fu\u00dfweg). Vom Bahnhof\/ZOB sind es ca. 650 Meter Fu\u00dfweg.<\/p>\n\n\n\n<h5 class=\"wp-block-heading\">Innenstadt bleibt mit dem Kfz erreichbar<\/h5>\n\n\n\n<p>Nach wie vor wird es m\u00f6glich sein, per Kfz in die Innenstadt zu gelangen. Die Parkh\u00e4user bleiben erreichbar. Damit k\u00f6nnen auch Personen mit eingeschr\u00e4nkter Mobilit\u00e4t direkt bis in die Innenstadt gelangen. Der Lieferverkehr ist ebenso gew\u00e4hrleistet wie selbstverst\u00e4ndlich die Zufahrt f\u00fcr Rettungskr\u00e4fte und die G\u00f6ttinger Entsorgungsbetriebe. M\u00f6gliche Umleitungen werden ausgeschildert.<\/p>\n\n\n\n<p>Eine genaue Beschreibung von Umleitungen, Skizzen sowie die entsprechenden Fahrpl\u00e4ne f\u00fcr die Sommerferien gibt es auf der Homepage unter&nbsp;<a href=\"http:\/\/www.goevb.de\/\">www.goevb.de<\/a>. Bei Fragen steht das G\u00f6VB-Kundenzentrum, Groner Stra\u00dfe 40, montags bis freitags von 9 bis 18 Uhr sowie samstags von 9.30 bis 15 Uhr vor Ort oder telefonisch unter 0551 38444444 bereit.<\/p>\n\n\n\n<p><strong>Foto:<\/strong> \u00a9Radio Leinewelle (ue)<\/p>\n","protected":false},"excerpt":{"rendered":"<p>Die Stadt G\u00f6ttingen teilt mit: Aufgrund mehrerer Baustellen w\u00e4hrend der Sommerferien k\u00f6nnen einige Haltestellen in der G\u00f6ttinger Innenstadt in der Zeit von Mittwoch, 2. Juli, bis Mittwoch, 13. August 2025 nicht regul\u00e4r angefahren werden. Betroffen sind die Haltestellen Groner Tor, Groner Stra\u00dfe, Markt, Kornmarkt, Nikolaistra\u00dfe, Geismartor, J\u00fcdenstra\u00dfe, Friedrichstra\u00dfe, Theaterstra\u00dfe sowie Weender Stra\u00dfe Ost und West. [&hellip;]<\/p>\n","protected":false},"author":1,"featured_media":28441,"comment_status":"open","ping_status":"open","sticky":false,"template":"","format":"standard","meta":{"saved_in_kubio":false,"footnotes":""},"categories":[1],"tags":[],"class_list":["post-28440","post","type-post","status-publish","format-standard","has-post-thumbnail","hentry","category-allgemein"],"yoast_head":"<!-- This site is optimized with the Yoast SEO plugin v27.4 - https:\/\/yoast.com\/product\/yoast-seo-wordpress\/ -->\n<title>Sommerbaustellen: Haltestellen in der G\u00f6ttinger Innenstadt k\u00f6nnen nicht regul\u00e4r angefahren werden - Radio Leinewelle<\/title>\n<meta name=\"robots\" content=\"index, follow, max-snippet:-1, max-image-preview:large, max-video-preview:-1\" \/>\n<link rel=\"canonical\" href=\"https:\/\/radioleinewelle.de\/index.php\/2025\/06\/11\/sommerbaustellen-haltestellen-in-der-goettinger-innenstadt-koennen-nicht-regulaer-angefahren-werden\/\" \/>\n<meta property=\"og:locale\" content=\"de_DE\" \/>\n<meta property=\"og:type\" content=\"article\" \/>\n<meta property=\"og:title\" content=\"Sommerbaustellen: Haltestellen in der G\u00f6ttinger Innenstadt k\u00f6nnen nicht regul\u00e4r angefahren werden - Radio Leinewelle\" \/>\n<meta property=\"og:description\" content=\"Die Stadt G\u00f6ttingen teilt mit: Aufgrund mehrerer Baustellen w\u00e4hrend der Sommerferien k\u00f6nnen einige Haltestellen in der G\u00f6ttinger Innenstadt in der Zeit von Mittwoch, 2. Juli, bis Mittwoch, 13. August 2025 nicht regul\u00e4r angefahren werden. Betroffen sind die Haltestellen Groner Tor, Groner Stra\u00dfe, Markt, Kornmarkt, Nikolaistra\u00dfe, Geismartor, J\u00fcdenstra\u00dfe, Friedrichstra\u00dfe, Theaterstra\u00dfe sowie Weender Stra\u00dfe Ost und West. [&hellip;]\" \/>\n<meta property=\"og:url\" content=\"https:\/\/radioleinewelle.de\/index.php\/2025\/06\/11\/sommerbaustellen-haltestellen-in-der-goettinger-innenstadt-koennen-nicht-regulaer-angefahren-werden\/\" \/>\n<meta property=\"og:site_name\" content=\"Radio Leinewelle\" \/>\n<meta property=\"article:publisher\" content=\"https:\/\/www.facebook.com\/radioleinewelle\" \/>\n<meta property=\"article:author\" content=\"https:\/\/www.facebook.com\/radioleinewelle\" \/>\n<meta property=\"article:published_time\" content=\"2025-06-11T08:25:46+00:00\" \/>\n<meta property=\"article:modified_time\" content=\"2025-06-11T08:25:47+00:00\" \/>\n<meta property=\"og:image\" content=\"https:\/\/radioleinewelle.de\/wp-content\/uploads\/2025\/06\/Baustelle-scaled-e1749629835633.jpg\" \/>\n\t<meta property=\"og:image:width\" content=\"1000\" \/>\n\t<meta property=\"og:image:height\" content=\"790\" \/>\n\t<meta property=\"og:image:type\" content=\"image\/jpeg\" \/>\n<meta name=\"author\" content=\"Leinewelle\" \/>\n<meta name=\"twitter:card\" content=\"summary_large_image\" \/>\n<meta name=\"twitter:creator\" content=\"@https:\/\/twitter.com\/RLeinewelle?ref_src=twsrcgoogletwcampserptwgrauthor\" \/>\n<meta name=\"twitter:site\" content=\"@RLeinewelle\" \/>\n<meta name=\"twitter:label1\" content=\"Verfasst von\" \/>\n\t<meta name=\"twitter:data1\" content=\"Leinewelle\" \/>\n\t<meta name=\"twitter:label2\" content=\"Gesch\u00e4tzte Lesezeit\" \/>\n\t<meta name=\"twitter:data2\" content=\"1\u00a0Minute\" \/>\n<script type=\"application\/ld+json\" class=\"yoast-schema-graph\">{\"@context\":\"https:\\\/\\\/schema.org\",\"@graph\":[{\"@type\":\"Article\",\"@id\":\"https:\\\/\\\/radioleinewelle.de\\\/index.php\\\/2025\\\/06\\\/11\\\/sommerbaustellen-haltestellen-in-der-goettinger-innenstadt-koennen-nicht-regulaer-angefahren-werden\\\/#article\",\"isPartOf\":{\"@id\":\"https:\\\/\\\/radioleinewelle.de\\\/index.php\\\/2025\\\/06\\\/11\\\/sommerbaustellen-haltestellen-in-der-goettinger-innenstadt-koennen-nicht-regulaer-angefahren-werden\\\/\"},\"author\":{\"name\":\"Leinewelle\",\"@id\":\"https:\\\/\\\/radioleinewelle.de\\\/#\\\/schema\\\/person\\\/45606f348637df637192dc1b68399a63\"},\"headline\":\"Sommerbaustellen: Haltestellen in der G\u00f6ttinger Innenstadt k\u00f6nnen nicht regul\u00e4r angefahren werden\",\"datePublished\":\"2025-06-11T08:25:46+00:00\",\"dateModified\":\"2025-06-11T08:25:47+00:00\",\"mainEntityOfPage\":{\"@id\":\"https:\\\/\\\/radioleinewelle.de\\\/index.php\\\/2025\\\/06\\\/11\\\/sommerbaustellen-haltestellen-in-der-goettinger-innenstadt-koennen-nicht-regulaer-angefahren-werden\\\/\"},\"wordCount\":549,\"commentCount\":0,\"publisher\":{\"@id\":\"https:\\\/\\\/radioleinewelle.de\\\/#organization\"},\"image\":{\"@id\":\"https:\\\/\\\/radioleinewelle.de\\\/index.php\\\/2025\\\/06\\\/11\\\/sommerbaustellen-haltestellen-in-der-goettinger-innenstadt-koennen-nicht-regulaer-angefahren-werden\\\/#primaryimage\"},\"thumbnailUrl\":\"https:\\\/\\\/radioleinewelle.de\\\/wp-content\\\/uploads\\\/2025\\\/06\\\/Baustelle-scaled-e1749629835633.jpg\",\"inLanguage\":\"de\",\"potentialAction\":[{\"@type\":\"CommentAction\",\"name\":\"Comment\",\"target\":[\"https:\\\/\\\/radioleinewelle.de\\\/index.php\\\/2025\\\/06\\\/11\\\/sommerbaustellen-haltestellen-in-der-goettinger-innenstadt-koennen-nicht-regulaer-angefahren-werden\\\/#respond\"]}]},{\"@type\":\"WebPage\",\"@id\":\"https:\\\/\\\/radioleinewelle.de\\\/index.php\\\/2025\\\/06\\\/11\\\/sommerbaustellen-haltestellen-in-der-goettinger-innenstadt-koennen-nicht-regulaer-angefahren-werden\\\/\",\"url\":\"https:\\\/\\\/radioleinewelle.de\\\/index.php\\\/2025\\\/06\\\/11\\\/sommerbaustellen-haltestellen-in-der-goettinger-innenstadt-koennen-nicht-regulaer-angefahren-werden\\\/\",\"name\":\"Sommerbaustellen: Haltestellen in der G\u00f6ttinger Innenstadt k\u00f6nnen nicht regul\u00e4r angefahren werden - Radio Leinewelle\",\"isPartOf\":{\"@id\":\"https:\\\/\\\/radioleinewelle.de\\\/#website\"},\"primaryImageOfPage\":{\"@id\":\"https:\\\/\\\/radioleinewelle.de\\\/index.php\\\/2025\\\/06\\\/11\\\/sommerbaustellen-haltestellen-in-der-goettinger-innenstadt-koennen-nicht-regulaer-angefahren-werden\\\/#primaryimage\"},\"image\":{\"@id\":\"https:\\\/\\\/radioleinewelle.de\\\/index.php\\\/2025\\\/06\\\/11\\\/sommerbaustellen-haltestellen-in-der-goettinger-innenstadt-koennen-nicht-regulaer-angefahren-werden\\\/#primaryimage\"},\"thumbnailUrl\":\"https:\\\/\\\/radioleinewelle.de\\\/wp-content\\\/uploads\\\/2025\\\/06\\\/Baustelle-scaled-e1749629835633.jpg\",\"datePublished\":\"2025-06-11T08:25:46+00:00\",\"dateModified\":\"2025-06-11T08:25:47+00:00\",\"breadcrumb\":{\"@id\":\"https:\\\/\\\/radioleinewelle.de\\\/index.php\\\/2025\\\/06\\\/11\\\/sommerbaustellen-haltestellen-in-der-goettinger-innenstadt-koennen-nicht-regulaer-angefahren-werden\\\/#breadcrumb\"},\"inLanguage\":\"de\",\"potentialAction\":[{\"@type\":\"ReadAction\",\"target\":[\"https:\\\/\\\/radioleinewelle.de\\\/index.php\\\/2025\\\/06\\\/11\\\/sommerbaustellen-haltestellen-in-der-goettinger-innenstadt-koennen-nicht-regulaer-angefahren-werden\\\/\"]}]},{\"@type\":\"ImageObject\",\"inLanguage\":\"de\",\"@id\":\"https:\\\/\\\/radioleinewelle.de\\\/index.php\\\/2025\\\/06\\\/11\\\/sommerbaustellen-haltestellen-in-der-goettinger-innenstadt-koennen-nicht-regulaer-angefahren-werden\\\/#primaryimage\",\"url\":\"https:\\\/\\\/radioleinewelle.de\\\/wp-content\\\/uploads\\\/2025\\\/06\\\/Baustelle-scaled-e1749629835633.jpg\",\"contentUrl\":\"https:\\\/\\\/radioleinewelle.de\\\/wp-content\\\/uploads\\\/2025\\\/06\\\/Baustelle-scaled-e1749629835633.jpg\",\"width\":1000,\"height\":790},{\"@type\":\"BreadcrumbList\",\"@id\":\"https:\\\/\\\/radioleinewelle.de\\\/index.php\\\/2025\\\/06\\\/11\\\/sommerbaustellen-haltestellen-in-der-goettinger-innenstadt-koennen-nicht-regulaer-angefahren-werden\\\/#breadcrumb\",\"itemListElement\":[{\"@type\":\"ListItem\",\"position\":1,\"name\":\"Startseite\",\"item\":\"https:\\\/\\\/radioleinewelle.de\\\/\"},{\"@type\":\"ListItem\",\"position\":2,\"name\":\"Sommerbaustellen: Haltestellen in der G\u00f6ttinger Innenstadt k\u00f6nnen nicht regul\u00e4r angefahren werden\"}]},{\"@type\":\"WebSite\",\"@id\":\"https:\\\/\\\/radioleinewelle.de\\\/#website\",\"url\":\"https:\\\/\\\/radioleinewelle.de\\\/\",\"name\":\"Radio Leinewelle\",\"description\":\"\",\"publisher\":{\"@id\":\"https:\\\/\\\/radioleinewelle.de\\\/#organization\"},\"potentialAction\":[{\"@type\":\"SearchAction\",\"target\":{\"@type\":\"EntryPoint\",\"urlTemplate\":\"https:\\\/\\\/radioleinewelle.de\\\/?s={search_term_string}\"},\"query-input\":{\"@type\":\"PropertyValueSpecification\",\"valueRequired\":true,\"valueName\":\"search_term_string\"}}],\"inLanguage\":\"de\"},{\"@type\":\"Organization\",\"@id\":\"https:\\\/\\\/radioleinewelle.de\\\/#organization\",\"name\":\"Radio Leinewelle\",\"alternateName\":\"Mein Radio f\u00fcr S\u00fcdniedersachsen\",\"url\":\"https:\\\/\\\/radioleinewelle.de\\\/\",\"logo\":{\"@type\":\"ImageObject\",\"inLanguage\":\"de\",\"@id\":\"https:\\\/\\\/radioleinewelle.de\\\/#\\\/schema\\\/logo\\\/image\\\/\",\"url\":\"https:\\\/\\\/radioleinewelle.de\\\/wp-content\\\/uploads\\\/2023\\\/11\\\/cropped-Leinewelle_Logo_weiss.png\",\"contentUrl\":\"https:\\\/\\\/radioleinewelle.de\\\/wp-content\\\/uploads\\\/2023\\\/11\\\/cropped-Leinewelle_Logo_weiss.png\",\"width\":854,\"height\":260,\"caption\":\"Radio Leinewelle\"},\"image\":{\"@id\":\"https:\\\/\\\/radioleinewelle.de\\\/#\\\/schema\\\/logo\\\/image\\\/\"},\"sameAs\":[\"https:\\\/\\\/www.facebook.com\\\/radioleinewelle\",\"https:\\\/\\\/x.com\\\/RLeinewelle\",\"https:\\\/\\\/www.instagram.com\\\/radioleinewelle\\\/?hl=de\"]},{\"@type\":\"Person\",\"@id\":\"https:\\\/\\\/radioleinewelle.de\\\/#\\\/schema\\\/person\\\/45606f348637df637192dc1b68399a63\",\"name\":\"Leinewelle\",\"image\":{\"@type\":\"ImageObject\",\"inLanguage\":\"de\",\"@id\":\"https:\\\/\\\/secure.gravatar.com\\\/avatar\\\/05c9a17bc973052ee5d91549bd32fb4dd0dc85b7b85ae94b2e2b4943476bbea5?s=96&d=blank&r=g\",\"url\":\"https:\\\/\\\/secure.gravatar.com\\\/avatar\\\/05c9a17bc973052ee5d91549bd32fb4dd0dc85b7b85ae94b2e2b4943476bbea5?s=96&d=blank&r=g\",\"contentUrl\":\"https:\\\/\\\/secure.gravatar.com\\\/avatar\\\/05c9a17bc973052ee5d91549bd32fb4dd0dc85b7b85ae94b2e2b4943476bbea5?s=96&d=blank&r=g\",\"caption\":\"Leinewelle\"},\"sameAs\":[\"http:\\\/\\\/localhost\\\/radio%20leinewelle\\\/wordpress\",\"https:\\\/\\\/www.facebook.com\\\/radioleinewelle\",\"https:\\\/\\\/www.instagram.com\\\/radioleinewelle\",\"https:\\\/\\\/x.com\\\/https:\\\/\\\/twitter.com\\\/RLeinewelle?ref_src=twsrcgoogletwcampserptwgrauthor\",\"https:\\\/\\\/soundcloud.com\\\/foerderverein-lokalradio?utm_source=clipboard&utm_medium=text&utm_campaign=social_sharing\"],\"url\":\"https:\\\/\\\/radioleinewelle.de\\\/index.php\\\/author\\\/leinewelle\\\/\"}]}<\/script>\n<!-- \/ Yoast SEO plugin. -->","yoast_head_json":{"title":"Sommerbaustellen: Haltestellen in der G\u00f6ttinger Innenstadt k\u00f6nnen nicht regul\u00e4r angefahren werden - Radio Leinewelle","robots":{"index":"index","follow":"follow","max-snippet":"max-snippet:-1","max-image-preview":"max-image-preview:large","max-video-preview":"max-video-preview:-1"},"canonical":"https:\/\/radioleinewelle.de\/index.php\/2025\/06\/11\/sommerbaustellen-haltestellen-in-der-goettinger-innenstadt-koennen-nicht-regulaer-angefahren-werden\/","og_locale":"de_DE","og_type":"article","og_title":"Sommerbaustellen: Haltestellen in der G\u00f6ttinger Innenstadt k\u00f6nnen nicht regul\u00e4r angefahren werden - Radio Leinewelle","og_description":"Die Stadt G\u00f6ttingen teilt mit: Aufgrund mehrerer Baustellen w\u00e4hrend der Sommerferien k\u00f6nnen einige Haltestellen in der G\u00f6ttinger Innenstadt in der Zeit von Mittwoch, 2. Juli, bis Mittwoch, 13. August 2025 nicht regul\u00e4r angefahren werden. Betroffen sind die Haltestellen Groner Tor, Groner Stra\u00dfe, Markt, Kornmarkt, Nikolaistra\u00dfe, Geismartor, J\u00fcdenstra\u00dfe, Friedrichstra\u00dfe, Theaterstra\u00dfe sowie Weender Stra\u00dfe Ost und West. [&hellip;]","og_url":"https:\/\/radioleinewelle.de\/index.php\/2025\/06\/11\/sommerbaustellen-haltestellen-in-der-goettinger-innenstadt-koennen-nicht-regulaer-angefahren-werden\/","og_site_name":"Radio Leinewelle","article_publisher":"https:\/\/www.facebook.com\/radioleinewelle","article_author":"https:\/\/www.facebook.com\/radioleinewelle","article_published_time":"2025-06-11T08:25:46+00:00","article_modified_time":"2025-06-11T08:25:47+00:00","og_image":[{"width":1000,"height":790,"url":"https:\/\/radioleinewelle.de\/wp-content\/uploads\/2025\/06\/Baustelle-scaled-e1749629835633.jpg","type":"image\/jpeg"}],"author":"Leinewelle","twitter_card":"summary_large_image","twitter_creator":"@https:\/\/twitter.com\/RLeinewelle?ref_src=twsrcgoogletwcampserptwgrauthor","twitter_site":"@RLeinewelle","twitter_misc":{"Verfasst von":"Leinewelle","Gesch\u00e4tzte Lesezeit":"1\u00a0Minute"},"schema":{"@context":"https:\/\/schema.org","@graph":[{"@type":"Article","@id":"https:\/\/radioleinewelle.de\/index.php\/2025\/06\/11\/sommerbaustellen-haltestellen-in-der-goettinger-innenstadt-koennen-nicht-regulaer-angefahren-werden\/#article","isPartOf":{"@id":"https:\/\/radioleinewelle.de\/index.php\/2025\/06\/11\/sommerbaustellen-haltestellen-in-der-goettinger-innenstadt-koennen-nicht-regulaer-angefahren-werden\/"},"author":{"name":"Leinewelle","@id":"https:\/\/radioleinewelle.de\/#\/schema\/person\/45606f348637df637192dc1b68399a63"},"headline":"Sommerbaustellen: Haltestellen in der G\u00f6ttinger Innenstadt k\u00f6nnen nicht regul\u00e4r angefahren werden","datePublished":"2025-06-11T08:25:46+00:00","dateModified":"2025-06-11T08:25:47+00:00","mainEntityOfPage":{"@id":"https:\/\/radioleinewelle.de\/index.php\/2025\/06\/11\/sommerbaustellen-haltestellen-in-der-goettinger-innenstadt-koennen-nicht-regulaer-angefahren-werden\/"},"wordCount":549,"commentCount":0,"publisher":{"@id":"https:\/\/radioleinewelle.de\/#organization"},"image":{"@id":"https:\/\/radioleinewelle.de\/index.php\/2025\/06\/11\/sommerbaustellen-haltestellen-in-der-goettinger-innenstadt-koennen-nicht-regulaer-angefahren-werden\/#primaryimage"},"thumbnailUrl":"https:\/\/radioleinewelle.de\/wp-content\/uploads\/2025\/06\/Baustelle-scaled-e1749629835633.jpg","inLanguage":"de","potentialAction":[{"@type":"CommentAction","name":"Comment","target":["https:\/\/radioleinewelle.de\/index.php\/2025\/06\/11\/sommerbaustellen-haltestellen-in-der-goettinger-innenstadt-koennen-nicht-regulaer-angefahren-werden\/#respond"]}]},{"@type":"WebPage","@id":"https:\/\/radioleinewelle.de\/index.php\/2025\/06\/11\/sommerbaustellen-haltestellen-in-der-goettinger-innenstadt-koennen-nicht-regulaer-angefahren-werden\/","url":"https:\/\/radioleinewelle.de\/index.php\/2025\/06\/11\/sommerbaustellen-haltestellen-in-der-goettinger-innenstadt-koennen-nicht-regulaer-angefahren-werden\/","name":"Sommerbaustellen: Haltestellen in der G\u00f6ttinger Innenstadt k\u00f6nnen nicht regul\u00e4r angefahren werden - Radio Leinewelle","isPartOf":{"@id":"https:\/\/radioleinewelle.de\/#website"},"primaryImageOfPage":{"@id":"https:\/\/radioleinewelle.de\/index.php\/2025\/06\/11\/sommerbaustellen-haltestellen-in-der-goettinger-innenstadt-koennen-nicht-regulaer-angefahren-werden\/#primaryimage"},"image":{"@id":"https:\/\/radioleinewelle.de\/index.php\/2025\/06\/11\/sommerbaustellen-haltestellen-in-der-goettinger-innenstadt-koennen-nicht-regulaer-angefahren-werden\/#primaryimage"},"thumbnailUrl":"https:\/\/radioleinewelle.de\/wp-content\/uploads\/2025\/06\/Baustelle-scaled-e1749629835633.jpg","datePublished":"2025-06-11T08:25:46+00:00","dateModified":"2025-06-11T08:25:47+00:00","breadcrumb":{"@id":"https:\/\/radioleinewelle.de\/index.php\/2025\/06\/11\/sommerbaustellen-haltestellen-in-der-goettinger-innenstadt-koennen-nicht-regulaer-angefahren-werden\/#breadcrumb"},"inLanguage":"de","potentialAction":[{"@type":"ReadAction","target":["https:\/\/radioleinewelle.de\/index.php\/2025\/06\/11\/sommerbaustellen-haltestellen-in-der-goettinger-innenstadt-koennen-nicht-regulaer-angefahren-werden\/"]}]},{"@type":"ImageObject","inLanguage":"de","@id":"https:\/\/radioleinewelle.de\/index.php\/2025\/06\/11\/sommerbaustellen-haltestellen-in-der-goettinger-innenstadt-koennen-nicht-regulaer-angefahren-werden\/#primaryimage","url":"https:\/\/radioleinewelle.de\/wp-content\/uploads\/2025\/06\/Baustelle-scaled-e1749629835633.jpg","contentUrl":"https:\/\/radioleinewelle.de\/wp-content\/uploads\/2025\/06\/Baustelle-scaled-e1749629835633.jpg","width":1000,"height":790},{"@type":"BreadcrumbList","@id":"https:\/\/radioleinewelle.de\/index.php\/2025\/06\/11\/sommerbaustellen-haltestellen-in-der-goettinger-innenstadt-koennen-nicht-regulaer-angefahren-werden\/#breadcrumb","itemListElement":[{"@type":"ListItem","position":1,"name":"Startseite","item":"https:\/\/radioleinewelle.de\/"},{"@type":"ListItem","position":2,"name":"Sommerbaustellen: Haltestellen in der G\u00f6ttinger Innenstadt k\u00f6nnen nicht regul\u00e4r angefahren werden"}]},{"@type":"WebSite","@id":"https:\/\/radioleinewelle.de\/#website","url":"https:\/\/radioleinewelle.de\/","name":"Radio Leinewelle","description":"","publisher":{"@id":"https:\/\/radioleinewelle.de\/#organization"},"potentialAction":[{"@type":"SearchAction","target":{"@type":"EntryPoint","urlTemplate":"https:\/\/radioleinewelle.de\/?s={search_term_string}"},"query-input":{"@type":"PropertyValueSpecification","valueRequired":true,"valueName":"search_term_string"}}],"inLanguage":"de"},{"@type":"Organization","@id":"https:\/\/radioleinewelle.de\/#organization","name":"Radio Leinewelle","alternateName":"Mein Radio f\u00fcr S\u00fcdniedersachsen","url":"https:\/\/radioleinewelle.de\/","logo":{"@type":"ImageObject","inLanguage":"de","@id":"https:\/\/radioleinewelle.de\/#\/schema\/logo\/image\/","url":"https:\/\/radioleinewelle.de\/wp-content\/uploads\/2023\/11\/cropped-Leinewelle_Logo_weiss.png","contentUrl":"https:\/\/radioleinewelle.de\/wp-content\/uploads\/2023\/11\/cropped-Leinewelle_Logo_weiss.png","width":854,"height":260,"caption":"Radio Leinewelle"},"image":{"@id":"https:\/\/radioleinewelle.de\/#\/schema\/logo\/image\/"},"sameAs":["https:\/\/www.facebook.com\/radioleinewelle","https:\/\/x.com\/RLeinewelle","https:\/\/www.instagram.com\/radioleinewelle\/?hl=de"]},{"@type":"Person","@id":"https:\/\/radioleinewelle.de\/#\/schema\/person\/45606f348637df637192dc1b68399a63","name":"Leinewelle","image":{"@type":"ImageObject","inLanguage":"de","@id":"https:\/\/secure.gravatar.com\/avatar\/05c9a17bc973052ee5d91549bd32fb4dd0dc85b7b85ae94b2e2b4943476bbea5?s=96&d=blank&r=g","url":"https:\/\/secure.gravatar.com\/avatar\/05c9a17bc973052ee5d91549bd32fb4dd0dc85b7b85ae94b2e2b4943476bbea5?s=96&d=blank&r=g","contentUrl":"https:\/\/secure.gravatar.com\/avatar\/05c9a17bc973052ee5d91549bd32fb4dd0dc85b7b85ae94b2e2b4943476bbea5?s=96&d=blank&r=g","caption":"Leinewelle"},"sameAs":["http:\/\/localhost\/radio%20leinewelle\/wordpress","https:\/\/www.facebook.com\/radioleinewelle","https:\/\/www.instagram.com\/radioleinewelle","https:\/\/x.com\/https:\/\/twitter.com\/RLeinewelle?ref_src=twsrcgoogletwcampserptwgrauthor","https:\/\/soundcloud.com\/foerderverein-lokalradio?utm_source=clipboard&utm_medium=text&utm_campaign=social_sharing"],"url":"https:\/\/radioleinewelle.de\/index.php\/author\/leinewelle\/"}]}},"_links":{"self":[{"href":"https:\/\/radioleinewelle.de\/index.php\/wp-json\/wp\/v2\/posts\/28440","targetHints":{"allow":["GET"]}}],"collection":[{"href":"https:\/\/radioleinewelle.de\/index.php\/wp-json\/wp\/v2\/posts"}],"about":[{"href":"https:\/\/radioleinewelle.de\/index.php\/wp-json\/wp\/v2\/types\/post"}],"author":[{"embeddable":true,"href":"https:\/\/radioleinewelle.de\/index.php\/wp-json\/wp\/v2\/users\/1"}],"replies":[{"embeddable":true,"href":"https:\/\/radioleinewelle.de\/index.php\/wp-json\/wp\/v2\/comments?post=28440"}],"version-history":[{"count":4,"href":"https:\/\/radioleinewelle.de\/index.php\/wp-json\/wp\/v2\/posts\/28440\/revisions"}],"predecessor-version":[{"id":28445,"href":"https:\/\/radioleinewelle.de\/index.php\/wp-json\/wp\/v2\/posts\/28440\/revisions\/28445"}],"wp:featuredmedia":[{"embeddable":true,"href":"https:\/\/radioleinewelle.de\/index.php\/wp-json\/wp\/v2\/media\/28441"}],"wp:attachment":[{"href":"https:\/\/radioleinewelle.de\/index.php\/wp-json\/wp\/v2\/media?parent=28440"}],"wp:term":[{"taxonomy":"category","embeddable":true,"href":"https:\/\/radioleinewelle.de\/index.php\/wp-json\/wp\/v2\/categories?post=28440"},{"taxonomy":"post_tag","embeddable":true,"href":"https:\/\/radioleinewelle.de\/index.php\/wp-json\/wp\/v2\/tags?post=28440"}],"curies":[{"name":"wp","href":"https:\/\/api.w.org\/{rel}","templated":true}]}}