{"id":28449,"date":"2025-06-11T19:37:45","date_gmt":"2025-06-11T17:37:45","guid":{"rendered":"https:\/\/radioleinewelle.de\/?p=28449"},"modified":"2025-06-11T19:37:46","modified_gmt":"2025-06-11T17:37:46","slug":"ein-festival-fuer-alle-open-sound-2025-auf-dem-wochenmarkt","status":"publish","type":"post","link":"https:\/\/radioleinewelle.de\/index.php\/2025\/06\/11\/ein-festival-fuer-alle-open-sound-2025-auf-dem-wochenmarkt\/","title":{"rendered":"Ein Festival f\u00fcr alle &#8211; Open Sound 2025 auf dem Wochenmarkt"},"content":{"rendered":"\n<p>Das wird ein guter Festivalsommer in G\u00f6ttingen. N\u00e4chstes Wochenende die &#8222;Nacht der Kulturen&#8220; mit einem randvollen Musikprogramm f\u00fcrr Alle. Ab dem 26.6. geht es weiter auf dem Wochenmarkt. Dort gibt es einmal im Monat jeweils Do \/ Fr ein attraktives Liveprogramm auf die Ohren. Eintritt frei! M\u00f6glich wird dies Umsonst &amp; Drau\u00dfen Festival durch die &#8222;Sponsorenfamilie&#8220; des langj\u00e4hrigen KWP-Festivals, dass aus Kostengr\u00fcnden in diesem Jahr ausfallen muss. Dazu die Stadt G\u00f6ttingen: <br>Das Programm des\u00a0<em>Open Sound 2025<\/em>\u00a0ist so bunt wie das Publikum, das es anspricht: Indie, Rock, Elektro, Kinder-Pop\u2019n\u2019Roll \u2013 f\u00fcr jede Generation ist etwas dabei. Auf der B\u00fchne stehen unter anderem die gefeierte Liedermacherin\u00a0<em>Dota<\/em>, der Klangk\u00fcnstler\u00a0<em>Martin Kohlstedt<\/em>, die Indie-Disco-Band\u00a0<em>Kytes<\/em>, die Kinder-Rockband\u00a0<em>Pelemele<\/em>, das\u00a0<em>Flause<\/em>-Kollektiv, die \u201eEinhorn-Rock\u201c-Band\u00a0<em>ok.danke.tsch\u00fcss<\/em>\u00a0oder die lokal verwurzelten\u00a0<em>Kyles Tolone<\/em>\u00a0und viele mehr.<\/p>\n\n\n\n\n\n<p class=\"has-text-align-center\"><strong><em><mark style=\"background-color:rgba(0, 0, 0, 0)\" class=\"has-inline-color has-kubio-color-2-color\">Kultur f\u00fcr alle \u2013 getragen von vielen<\/mark><\/em><\/strong><\/p>\n\n\n\n\n\n<p>Dass der Eintritt an allen sechs Veranstaltungstagen frei ist, verdankt G\u00f6ttingen dem Vertrauen und der gro\u00dfz\u00fcgigen Unterst\u00fctzung von Unternehmen, Institutionen, Medienpartner*innen und Privatpersonen, die das Projekt mit gro\u00dfem Engagement begleiten.<br>Abgerundet wird das Programm an den drei Veranstaltungsbl\u00f6cken mit k\u00fchlen Getr\u00e4nken und leckerem Streetfood von G\u00f6ttinger Gastronom*innen. Der Sommer kann kommen!<\/p>\n\n\n\n<p class=\"has-text-align-center\"><strong>Lust auf mehr? Hier kann man schon mal in die Musik reinschnuppern<\/strong><\/p>\n\n\n\n<figure class=\"wp-block-embed is-type-rich is-provider-spotify wp-block-embed-spotify wp-embed-aspect-21-9 wp-has-aspect-ratio\"><div class=\"wp-block-embed__wrapper\">\n<iframe title=\"Spotify Embed: Open Sound 25\" style=\"border-radius: 12px\" width=\"100%\" height=\"352\" frameborder=\"0\" allowfullscreen allow=\"autoplay; clipboard-write; encrypted-media; fullscreen; picture-in-picture\" loading=\"lazy\" src=\"https:\/\/open.spotify.com\/embed\/playlist\/0sI2nOJjS1LElgQlVVTNCD?si=Kqs444B9Rqen-xe7UPYVAw&#038;nd=1&#038;dlsi=4ff3a1a62aa6446c&#038;utm_source=oembed\"><\/iframe>\n<\/div><\/figure>\n\n\n\n<p class=\"has-text-align-center\"><strong>Termine und Programm:<\/strong><\/p>\n\n\n\n<p>Donnerstag, 26. Juni 2025<\/p>\n\n\n\n<p><strong>Songs F\u00fcr Coole Kids&nbsp;<\/strong>| Musikprojekt | 15.00 Uhr<\/p>\n\n\n\n<p><strong>Dota<\/strong>&nbsp;| Singer-Songwriter | 20.00 Uhr<\/p>\n\n\n\n<p>Freitag, 27. Juni 2025<\/p>\n\n\n\n<p><strong>Pelemele&nbsp;<\/strong>| Rock\u2019n\u2018Roll f\u00fcr Kinder | 15.00 Uhr<\/p>\n\n\n\n<p><strong>ok.danke.tsch\u00fcss&nbsp;<\/strong>| Gute-Laune-Einhorn-Rock | 20.00 Uhr<\/p>\n\n\n\n<p>Donnerstag, 10. Juli 2025<\/p>\n\n\n\n<p><strong>Flause Kollektiv&nbsp;<\/strong>| Elektro | 17.30 Uhr<\/p>\n\n\n\n<p><strong>Martin Kohlstedt&nbsp;<\/strong>| Neo-Klassik | 20.00 Uhr<\/p>\n\n\n\n<p>Freitag, 11. Juli 2025<\/p>\n\n\n\n<p><strong>Engin&nbsp;<\/strong>| Deutsch-T\u00fcrkischer Indie-Rock | 19.00 Uhr<\/p>\n\n\n\n<p><strong>Kytes&nbsp;<\/strong>| Elektro-Pop | 21.00 Uhr<\/p>\n\n\n\n<p>Donnerstag, 7. August 2025<\/p>\n\n\n\n<p><strong>Sweety Glitter &amp; the Sweethearts&nbsp;<\/strong>| Glamrock | 20.00 Uhr<\/p>\n\n\n\n<p>Freitag, 8. August 2025<\/p>\n\n\n\n<p><strong>Catapults&nbsp;<\/strong>| Pop-Punk | 19.00 Uhr<\/p>\n\n\n\n<p><strong>Kyles Tolone&nbsp;<\/strong>| Rock | 21.00 Uhr<\/p>\n\n\n\n<p>Ort: Wochenmarktplatz G\u00f6ttingen<br>Eintritt: frei<\/p>\n\n\n\n<p>Alle Infos unter\u00a0<a href=\"https:\/\/goe.de\/opensound\">goe.de\/opensound<\/a><br><strong>Mehr zum Open Sound und ein Interview zum Programm gibt es am n\u00e4chsten Montag ab sechs Uhr im Fr\u00fchst\u00fccksradio live auf Radio Leinewelle. Habt ihr schon Lieblingsbands im Programm? Dann schickt uns eine e-mail an: <a href=\"mailto:redaktion@radioleinewelle.de\">redaktion@radioleinewelle.de<\/a> <\/strong><\/p>\n\n\n\n\n\n<p>&#8222;Save the Date&#8220;: <strong>Das KWP Festival geht 2026 weite<\/strong>r<br>Das n\u00e4chste KWP Festival findet vom\u00a0<strong>14. bis 15. August 2026<\/strong>\u00a0statt. Die Vorbereitungen und das Booking haben bereits begonnen.<\/p>\n\n\n\n\n\n<p class=\"has-small-font-size\"><strong>Foto: <\/strong>Team und Sponsorenfamilie des Open Sound 2025 \u00a9Radio Leinewelle (ue)<\/p>\n","protected":false},"excerpt":{"rendered":"<p>Das wird ein guter Festivalsommer in G\u00f6ttingen. N\u00e4chstes Wochenende die &#8222;Nacht der Kulturen&#8220; mit einem randvollen Musikprogramm f\u00fcrr Alle. Ab dem 26.6. geht es weiter auf dem Wochenmarkt. Dort gibt es einmal im Monat jeweils Do \/ Fr ein attraktives Liveprogramm auf die Ohren. Eintritt frei! M\u00f6glich wird dies Umsonst &amp; Drau\u00dfen Festival durch die [&hellip;]<\/p>\n","protected":false},"author":1,"featured_media":28452,"comment_status":"open","ping_status":"open","sticky":false,"template":"","format":"standard","meta":{"saved_in_kubio":false,"footnotes":""},"categories":[1],"tags":[],"class_list":["post-28449","post","type-post","status-publish","format-standard","has-post-thumbnail","hentry","category-allgemein"],"yoast_head":"<!-- This site is optimized with the Yoast SEO plugin v27.5 - https:\/\/yoast.com\/product\/yoast-seo-wordpress\/ -->\n<title>Ein Festival f\u00fcr alle - Open Sound 2025 auf dem Wochenmarkt - Radio Leinewelle<\/title>\n<meta name=\"robots\" content=\"index, follow, max-snippet:-1, max-image-preview:large, max-video-preview:-1\" \/>\n<link rel=\"canonical\" href=\"https:\/\/radioleinewelle.de\/index.php\/2025\/06\/11\/ein-festival-fuer-alle-open-sound-2025-auf-dem-wochenmarkt\/\" \/>\n<meta property=\"og:locale\" content=\"de_DE\" \/>\n<meta property=\"og:type\" content=\"article\" \/>\n<meta property=\"og:title\" content=\"Ein Festival f\u00fcr alle - Open Sound 2025 auf dem Wochenmarkt - Radio Leinewelle\" \/>\n<meta property=\"og:description\" content=\"Das wird ein guter Festivalsommer in G\u00f6ttingen. N\u00e4chstes Wochenende die &#8222;Nacht der Kulturen&#8220; mit einem randvollen Musikprogramm f\u00fcrr Alle. Ab dem 26.6. geht es weiter auf dem Wochenmarkt. Dort gibt es einmal im Monat jeweils Do \/ Fr ein attraktives Liveprogramm auf die Ohren. Eintritt frei! M\u00f6glich wird dies Umsonst &amp; Drau\u00dfen Festival durch die [&hellip;]\" \/>\n<meta property=\"og:url\" content=\"https:\/\/radioleinewelle.de\/index.php\/2025\/06\/11\/ein-festival-fuer-alle-open-sound-2025-auf-dem-wochenmarkt\/\" \/>\n<meta property=\"og:site_name\" content=\"Radio Leinewelle\" \/>\n<meta property=\"article:publisher\" content=\"https:\/\/www.facebook.com\/radioleinewelle\" \/>\n<meta property=\"article:author\" content=\"https:\/\/www.facebook.com\/radioleinewelle\" \/>\n<meta property=\"article:published_time\" content=\"2025-06-11T17:37:45+00:00\" \/>\n<meta property=\"article:modified_time\" content=\"2025-06-11T17:37:46+00:00\" \/>\n<meta property=\"og:image\" content=\"https:\/\/radioleinewelle.de\/wp-content\/uploads\/2025\/06\/Open-Sound-2025.jpg\" \/>\n\t<meta property=\"og:image:width\" content=\"1871\" \/>\n\t<meta property=\"og:image:height\" content=\"1247\" \/>\n\t<meta property=\"og:image:type\" content=\"image\/jpeg\" \/>\n<meta name=\"author\" content=\"Leinewelle\" \/>\n<meta name=\"twitter:card\" content=\"summary_large_image\" \/>\n<meta name=\"twitter:creator\" content=\"@https:\/\/twitter.com\/RLeinewelle?ref_src=twsrcgoogletwcampserptwgrauthor\" \/>\n<meta name=\"twitter:site\" content=\"@RLeinewelle\" \/>\n<meta name=\"twitter:label1\" content=\"Verfasst von\" \/>\n\t<meta name=\"twitter:data1\" content=\"Leinewelle\" \/>\n\t<meta name=\"twitter:label2\" content=\"Gesch\u00e4tzte Lesezeit\" \/>\n\t<meta name=\"twitter:data2\" content=\"3\u00a0Minuten\" \/>\n<script type=\"application\/ld+json\" class=\"yoast-schema-graph\">{\"@context\":\"https:\\\/\\\/schema.org\",\"@graph\":[{\"@type\":\"Article\",\"@id\":\"https:\\\/\\\/radioleinewelle.de\\\/index.php\\\/2025\\\/06\\\/11\\\/ein-festival-fuer-alle-open-sound-2025-auf-dem-wochenmarkt\\\/#article\",\"isPartOf\":{\"@id\":\"https:\\\/\\\/radioleinewelle.de\\\/index.php\\\/2025\\\/06\\\/11\\\/ein-festival-fuer-alle-open-sound-2025-auf-dem-wochenmarkt\\\/\"},\"author\":{\"name\":\"Leinewelle\",\"@id\":\"https:\\\/\\\/radioleinewelle.de\\\/#\\\/schema\\\/person\\\/45606f348637df637192dc1b68399a63\"},\"headline\":\"Ein Festival f\u00fcr alle &#8211; Open Sound 2025 auf dem Wochenmarkt\",\"datePublished\":\"2025-06-11T17:37:45+00:00\",\"dateModified\":\"2025-06-11T17:37:46+00:00\",\"mainEntityOfPage\":{\"@id\":\"https:\\\/\\\/radioleinewelle.de\\\/index.php\\\/2025\\\/06\\\/11\\\/ein-festival-fuer-alle-open-sound-2025-auf-dem-wochenmarkt\\\/\"},\"wordCount\":425,\"commentCount\":0,\"publisher\":{\"@id\":\"https:\\\/\\\/radioleinewelle.de\\\/#organization\"},\"image\":{\"@id\":\"https:\\\/\\\/radioleinewelle.de\\\/index.php\\\/2025\\\/06\\\/11\\\/ein-festival-fuer-alle-open-sound-2025-auf-dem-wochenmarkt\\\/#primaryimage\"},\"thumbnailUrl\":\"https:\\\/\\\/radioleinewelle.de\\\/wp-content\\\/uploads\\\/2025\\\/06\\\/Open-Sound-2025.jpg\",\"inLanguage\":\"de\",\"potentialAction\":[{\"@type\":\"CommentAction\",\"name\":\"Comment\",\"target\":[\"https:\\\/\\\/radioleinewelle.de\\\/index.php\\\/2025\\\/06\\\/11\\\/ein-festival-fuer-alle-open-sound-2025-auf-dem-wochenmarkt\\\/#respond\"]}]},{\"@type\":\"WebPage\",\"@id\":\"https:\\\/\\\/radioleinewelle.de\\\/index.php\\\/2025\\\/06\\\/11\\\/ein-festival-fuer-alle-open-sound-2025-auf-dem-wochenmarkt\\\/\",\"url\":\"https:\\\/\\\/radioleinewelle.de\\\/index.php\\\/2025\\\/06\\\/11\\\/ein-festival-fuer-alle-open-sound-2025-auf-dem-wochenmarkt\\\/\",\"name\":\"Ein Festival f\u00fcr alle - Open Sound 2025 auf dem Wochenmarkt - Radio Leinewelle\",\"isPartOf\":{\"@id\":\"https:\\\/\\\/radioleinewelle.de\\\/#website\"},\"primaryImageOfPage\":{\"@id\":\"https:\\\/\\\/radioleinewelle.de\\\/index.php\\\/2025\\\/06\\\/11\\\/ein-festival-fuer-alle-open-sound-2025-auf-dem-wochenmarkt\\\/#primaryimage\"},\"image\":{\"@id\":\"https:\\\/\\\/radioleinewelle.de\\\/index.php\\\/2025\\\/06\\\/11\\\/ein-festival-fuer-alle-open-sound-2025-auf-dem-wochenmarkt\\\/#primaryimage\"},\"thumbnailUrl\":\"https:\\\/\\\/radioleinewelle.de\\\/wp-content\\\/uploads\\\/2025\\\/06\\\/Open-Sound-2025.jpg\",\"datePublished\":\"2025-06-11T17:37:45+00:00\",\"dateModified\":\"2025-06-11T17:37:46+00:00\",\"breadcrumb\":{\"@id\":\"https:\\\/\\\/radioleinewelle.de\\\/index.php\\\/2025\\\/06\\\/11\\\/ein-festival-fuer-alle-open-sound-2025-auf-dem-wochenmarkt\\\/#breadcrumb\"},\"inLanguage\":\"de\",\"potentialAction\":[{\"@type\":\"ReadAction\",\"target\":[\"https:\\\/\\\/radioleinewelle.de\\\/index.php\\\/2025\\\/06\\\/11\\\/ein-festival-fuer-alle-open-sound-2025-auf-dem-wochenmarkt\\\/\"]}]},{\"@type\":\"ImageObject\",\"inLanguage\":\"de\",\"@id\":\"https:\\\/\\\/radioleinewelle.de\\\/index.php\\\/2025\\\/06\\\/11\\\/ein-festival-fuer-alle-open-sound-2025-auf-dem-wochenmarkt\\\/#primaryimage\",\"url\":\"https:\\\/\\\/radioleinewelle.de\\\/wp-content\\\/uploads\\\/2025\\\/06\\\/Open-Sound-2025.jpg\",\"contentUrl\":\"https:\\\/\\\/radioleinewelle.de\\\/wp-content\\\/uploads\\\/2025\\\/06\\\/Open-Sound-2025.jpg\",\"width\":1871,\"height\":1247},{\"@type\":\"BreadcrumbList\",\"@id\":\"https:\\\/\\\/radioleinewelle.de\\\/index.php\\\/2025\\\/06\\\/11\\\/ein-festival-fuer-alle-open-sound-2025-auf-dem-wochenmarkt\\\/#breadcrumb\",\"itemListElement\":[{\"@type\":\"ListItem\",\"position\":1,\"name\":\"Startseite\",\"item\":\"https:\\\/\\\/radioleinewelle.de\\\/\"},{\"@type\":\"ListItem\",\"position\":2,\"name\":\"Ein Festival f\u00fcr alle &#8211; Open Sound 2025 auf dem Wochenmarkt\"}]},{\"@type\":\"WebSite\",\"@id\":\"https:\\\/\\\/radioleinewelle.de\\\/#website\",\"url\":\"https:\\\/\\\/radioleinewelle.de\\\/\",\"name\":\"Radio Leinewelle\",\"description\":\"\",\"publisher\":{\"@id\":\"https:\\\/\\\/radioleinewelle.de\\\/#organization\"},\"potentialAction\":[{\"@type\":\"SearchAction\",\"target\":{\"@type\":\"EntryPoint\",\"urlTemplate\":\"https:\\\/\\\/radioleinewelle.de\\\/?s={search_term_string}\"},\"query-input\":{\"@type\":\"PropertyValueSpecification\",\"valueRequired\":true,\"valueName\":\"search_term_string\"}}],\"inLanguage\":\"de\"},{\"@type\":\"Organization\",\"@id\":\"https:\\\/\\\/radioleinewelle.de\\\/#organization\",\"name\":\"Radio Leinewelle\",\"alternateName\":\"Mein Radio f\u00fcr S\u00fcdniedersachsen\",\"url\":\"https:\\\/\\\/radioleinewelle.de\\\/\",\"logo\":{\"@type\":\"ImageObject\",\"inLanguage\":\"de\",\"@id\":\"https:\\\/\\\/radioleinewelle.de\\\/#\\\/schema\\\/logo\\\/image\\\/\",\"url\":\"https:\\\/\\\/radioleinewelle.de\\\/wp-content\\\/uploads\\\/2023\\\/11\\\/cropped-Leinewelle_Logo_weiss.png\",\"contentUrl\":\"https:\\\/\\\/radioleinewelle.de\\\/wp-content\\\/uploads\\\/2023\\\/11\\\/cropped-Leinewelle_Logo_weiss.png\",\"width\":854,\"height\":260,\"caption\":\"Radio Leinewelle\"},\"image\":{\"@id\":\"https:\\\/\\\/radioleinewelle.de\\\/#\\\/schema\\\/logo\\\/image\\\/\"},\"sameAs\":[\"https:\\\/\\\/www.facebook.com\\\/radioleinewelle\",\"https:\\\/\\\/x.com\\\/RLeinewelle\",\"https:\\\/\\\/www.instagram.com\\\/radioleinewelle\\\/?hl=de\"]},{\"@type\":\"Person\",\"@id\":\"https:\\\/\\\/radioleinewelle.de\\\/#\\\/schema\\\/person\\\/45606f348637df637192dc1b68399a63\",\"name\":\"Leinewelle\",\"image\":{\"@type\":\"ImageObject\",\"inLanguage\":\"de\",\"@id\":\"https:\\\/\\\/secure.gravatar.com\\\/avatar\\\/05c9a17bc973052ee5d91549bd32fb4dd0dc85b7b85ae94b2e2b4943476bbea5?s=96&d=blank&r=g\",\"url\":\"https:\\\/\\\/secure.gravatar.com\\\/avatar\\\/05c9a17bc973052ee5d91549bd32fb4dd0dc85b7b85ae94b2e2b4943476bbea5?s=96&d=blank&r=g\",\"contentUrl\":\"https:\\\/\\\/secure.gravatar.com\\\/avatar\\\/05c9a17bc973052ee5d91549bd32fb4dd0dc85b7b85ae94b2e2b4943476bbea5?s=96&d=blank&r=g\",\"caption\":\"Leinewelle\"},\"sameAs\":[\"http:\\\/\\\/localhost\\\/radio%20leinewelle\\\/wordpress\",\"https:\\\/\\\/www.facebook.com\\\/radioleinewelle\",\"https:\\\/\\\/www.instagram.com\\\/radioleinewelle\",\"https:\\\/\\\/x.com\\\/https:\\\/\\\/twitter.com\\\/RLeinewelle?ref_src=twsrcgoogletwcampserptwgrauthor\",\"https:\\\/\\\/soundcloud.com\\\/foerderverein-lokalradio?utm_source=clipboard&utm_medium=text&utm_campaign=social_sharing\"],\"url\":\"https:\\\/\\\/radioleinewelle.de\\\/index.php\\\/author\\\/leinewelle\\\/\"}]}<\/script>\n<!-- \/ Yoast SEO plugin. -->","yoast_head_json":{"title":"Ein Festival f\u00fcr alle - Open Sound 2025 auf dem Wochenmarkt - Radio Leinewelle","robots":{"index":"index","follow":"follow","max-snippet":"max-snippet:-1","max-image-preview":"max-image-preview:large","max-video-preview":"max-video-preview:-1"},"canonical":"https:\/\/radioleinewelle.de\/index.php\/2025\/06\/11\/ein-festival-fuer-alle-open-sound-2025-auf-dem-wochenmarkt\/","og_locale":"de_DE","og_type":"article","og_title":"Ein Festival f\u00fcr alle - Open Sound 2025 auf dem Wochenmarkt - Radio Leinewelle","og_description":"Das wird ein guter Festivalsommer in G\u00f6ttingen. N\u00e4chstes Wochenende die &#8222;Nacht der Kulturen&#8220; mit einem randvollen Musikprogramm f\u00fcrr Alle. Ab dem 26.6. geht es weiter auf dem Wochenmarkt. Dort gibt es einmal im Monat jeweils Do \/ Fr ein attraktives Liveprogramm auf die Ohren. Eintritt frei! M\u00f6glich wird dies Umsonst &amp; Drau\u00dfen Festival durch die [&hellip;]","og_url":"https:\/\/radioleinewelle.de\/index.php\/2025\/06\/11\/ein-festival-fuer-alle-open-sound-2025-auf-dem-wochenmarkt\/","og_site_name":"Radio Leinewelle","article_publisher":"https:\/\/www.facebook.com\/radioleinewelle","article_author":"https:\/\/www.facebook.com\/radioleinewelle","article_published_time":"2025-06-11T17:37:45+00:00","article_modified_time":"2025-06-11T17:37:46+00:00","og_image":[{"width":1871,"height":1247,"url":"https:\/\/radioleinewelle.de\/wp-content\/uploads\/2025\/06\/Open-Sound-2025.jpg","type":"image\/jpeg"}],"author":"Leinewelle","twitter_card":"summary_large_image","twitter_creator":"@https:\/\/twitter.com\/RLeinewelle?ref_src=twsrcgoogletwcampserptwgrauthor","twitter_site":"@RLeinewelle","twitter_misc":{"Verfasst von":"Leinewelle","Gesch\u00e4tzte Lesezeit":"3\u00a0Minuten"},"schema":{"@context":"https:\/\/schema.org","@graph":[{"@type":"Article","@id":"https:\/\/radioleinewelle.de\/index.php\/2025\/06\/11\/ein-festival-fuer-alle-open-sound-2025-auf-dem-wochenmarkt\/#article","isPartOf":{"@id":"https:\/\/radioleinewelle.de\/index.php\/2025\/06\/11\/ein-festival-fuer-alle-open-sound-2025-auf-dem-wochenmarkt\/"},"author":{"name":"Leinewelle","@id":"https:\/\/radioleinewelle.de\/#\/schema\/person\/45606f348637df637192dc1b68399a63"},"headline":"Ein Festival f\u00fcr alle &#8211; Open Sound 2025 auf dem Wochenmarkt","datePublished":"2025-06-11T17:37:45+00:00","dateModified":"2025-06-11T17:37:46+00:00","mainEntityOfPage":{"@id":"https:\/\/radioleinewelle.de\/index.php\/2025\/06\/11\/ein-festival-fuer-alle-open-sound-2025-auf-dem-wochenmarkt\/"},"wordCount":425,"commentCount":0,"publisher":{"@id":"https:\/\/radioleinewelle.de\/#organization"},"image":{"@id":"https:\/\/radioleinewelle.de\/index.php\/2025\/06\/11\/ein-festival-fuer-alle-open-sound-2025-auf-dem-wochenmarkt\/#primaryimage"},"thumbnailUrl":"https:\/\/radioleinewelle.de\/wp-content\/uploads\/2025\/06\/Open-Sound-2025.jpg","inLanguage":"de","potentialAction":[{"@type":"CommentAction","name":"Comment","target":["https:\/\/radioleinewelle.de\/index.php\/2025\/06\/11\/ein-festival-fuer-alle-open-sound-2025-auf-dem-wochenmarkt\/#respond"]}]},{"@type":"WebPage","@id":"https:\/\/radioleinewelle.de\/index.php\/2025\/06\/11\/ein-festival-fuer-alle-open-sound-2025-auf-dem-wochenmarkt\/","url":"https:\/\/radioleinewelle.de\/index.php\/2025\/06\/11\/ein-festival-fuer-alle-open-sound-2025-auf-dem-wochenmarkt\/","name":"Ein Festival f\u00fcr alle - Open Sound 2025 auf dem Wochenmarkt - Radio Leinewelle","isPartOf":{"@id":"https:\/\/radioleinewelle.de\/#website"},"primaryImageOfPage":{"@id":"https:\/\/radioleinewelle.de\/index.php\/2025\/06\/11\/ein-festival-fuer-alle-open-sound-2025-auf-dem-wochenmarkt\/#primaryimage"},"image":{"@id":"https:\/\/radioleinewelle.de\/index.php\/2025\/06\/11\/ein-festival-fuer-alle-open-sound-2025-auf-dem-wochenmarkt\/#primaryimage"},"thumbnailUrl":"https:\/\/radioleinewelle.de\/wp-content\/uploads\/2025\/06\/Open-Sound-2025.jpg","datePublished":"2025-06-11T17:37:45+00:00","dateModified":"2025-06-11T17:37:46+00:00","breadcrumb":{"@id":"https:\/\/radioleinewelle.de\/index.php\/2025\/06\/11\/ein-festival-fuer-alle-open-sound-2025-auf-dem-wochenmarkt\/#breadcrumb"},"inLanguage":"de","potentialAction":[{"@type":"ReadAction","target":["https:\/\/radioleinewelle.de\/index.php\/2025\/06\/11\/ein-festival-fuer-alle-open-sound-2025-auf-dem-wochenmarkt\/"]}]},{"@type":"ImageObject","inLanguage":"de","@id":"https:\/\/radioleinewelle.de\/index.php\/2025\/06\/11\/ein-festival-fuer-alle-open-sound-2025-auf-dem-wochenmarkt\/#primaryimage","url":"https:\/\/radioleinewelle.de\/wp-content\/uploads\/2025\/06\/Open-Sound-2025.jpg","contentUrl":"https:\/\/radioleinewelle.de\/wp-content\/uploads\/2025\/06\/Open-Sound-2025.jpg","width":1871,"height":1247},{"@type":"BreadcrumbList","@id":"https:\/\/radioleinewelle.de\/index.php\/2025\/06\/11\/ein-festival-fuer-alle-open-sound-2025-auf-dem-wochenmarkt\/#breadcrumb","itemListElement":[{"@type":"ListItem","position":1,"name":"Startseite","item":"https:\/\/radioleinewelle.de\/"},{"@type":"ListItem","position":2,"name":"Ein Festival f\u00fcr alle &#8211; Open Sound 2025 auf dem Wochenmarkt"}]},{"@type":"WebSite","@id":"https:\/\/radioleinewelle.de\/#website","url":"https:\/\/radioleinewelle.de\/","name":"Radio Leinewelle","description":"","publisher":{"@id":"https:\/\/radioleinewelle.de\/#organization"},"potentialAction":[{"@type":"SearchAction","target":{"@type":"EntryPoint","urlTemplate":"https:\/\/radioleinewelle.de\/?s={search_term_string}"},"query-input":{"@type":"PropertyValueSpecification","valueRequired":true,"valueName":"search_term_string"}}],"inLanguage":"de"},{"@type":"Organization","@id":"https:\/\/radioleinewelle.de\/#organization","name":"Radio Leinewelle","alternateName":"Mein Radio f\u00fcr S\u00fcdniedersachsen","url":"https:\/\/radioleinewelle.de\/","logo":{"@type":"ImageObject","inLanguage":"de","@id":"https:\/\/radioleinewelle.de\/#\/schema\/logo\/image\/","url":"https:\/\/radioleinewelle.de\/wp-content\/uploads\/2023\/11\/cropped-Leinewelle_Logo_weiss.png","contentUrl":"https:\/\/radioleinewelle.de\/wp-content\/uploads\/2023\/11\/cropped-Leinewelle_Logo_weiss.png","width":854,"height":260,"caption":"Radio Leinewelle"},"image":{"@id":"https:\/\/radioleinewelle.de\/#\/schema\/logo\/image\/"},"sameAs":["https:\/\/www.facebook.com\/radioleinewelle","https:\/\/x.com\/RLeinewelle","https:\/\/www.instagram.com\/radioleinewelle\/?hl=de"]},{"@type":"Person","@id":"https:\/\/radioleinewelle.de\/#\/schema\/person\/45606f348637df637192dc1b68399a63","name":"Leinewelle","image":{"@type":"ImageObject","inLanguage":"de","@id":"https:\/\/secure.gravatar.com\/avatar\/05c9a17bc973052ee5d91549bd32fb4dd0dc85b7b85ae94b2e2b4943476bbea5?s=96&d=blank&r=g","url":"https:\/\/secure.gravatar.com\/avatar\/05c9a17bc973052ee5d91549bd32fb4dd0dc85b7b85ae94b2e2b4943476bbea5?s=96&d=blank&r=g","contentUrl":"https:\/\/secure.gravatar.com\/avatar\/05c9a17bc973052ee5d91549bd32fb4dd0dc85b7b85ae94b2e2b4943476bbea5?s=96&d=blank&r=g","caption":"Leinewelle"},"sameAs":["http:\/\/localhost\/radio%20leinewelle\/wordpress","https:\/\/www.facebook.com\/radioleinewelle","https:\/\/www.instagram.com\/radioleinewelle","https:\/\/x.com\/https:\/\/twitter.com\/RLeinewelle?ref_src=twsrcgoogletwcampserptwgrauthor","https:\/\/soundcloud.com\/foerderverein-lokalradio?utm_source=clipboard&utm_medium=text&utm_campaign=social_sharing"],"url":"https:\/\/radioleinewelle.de\/index.php\/author\/leinewelle\/"}]}},"_links":{"self":[{"href":"https:\/\/radioleinewelle.de\/index.php\/wp-json\/wp\/v2\/posts\/28449","targetHints":{"allow":["GET"]}}],"collection":[{"href":"https:\/\/radioleinewelle.de\/index.php\/wp-json\/wp\/v2\/posts"}],"about":[{"href":"https:\/\/radioleinewelle.de\/index.php\/wp-json\/wp\/v2\/types\/post"}],"author":[{"embeddable":true,"href":"https:\/\/radioleinewelle.de\/index.php\/wp-json\/wp\/v2\/users\/1"}],"replies":[{"embeddable":true,"href":"https:\/\/radioleinewelle.de\/index.php\/wp-json\/wp\/v2\/comments?post=28449"}],"version-history":[{"count":12,"href":"https:\/\/radioleinewelle.de\/index.php\/wp-json\/wp\/v2\/posts\/28449\/revisions"}],"predecessor-version":[{"id":28462,"href":"https:\/\/radioleinewelle.de\/index.php\/wp-json\/wp\/v2\/posts\/28449\/revisions\/28462"}],"wp:featuredmedia":[{"embeddable":true,"href":"https:\/\/radioleinewelle.de\/index.php\/wp-json\/wp\/v2\/media\/28452"}],"wp:attachment":[{"href":"https:\/\/radioleinewelle.de\/index.php\/wp-json\/wp\/v2\/media?parent=28449"}],"wp:term":[{"taxonomy":"category","embeddable":true,"href":"https:\/\/radioleinewelle.de\/index.php\/wp-json\/wp\/v2\/categories?post=28449"},{"taxonomy":"post_tag","embeddable":true,"href":"https:\/\/radioleinewelle.de\/index.php\/wp-json\/wp\/v2\/tags?post=28449"}],"curies":[{"name":"wp","href":"https:\/\/api.w.org\/{rel}","templated":true}]}}