{"id":28464,"date":"2025-06-12T08:08:52","date_gmt":"2025-06-12T06:08:52","guid":{"rendered":"https:\/\/radioleinewelle.de\/?p=28464"},"modified":"2025-06-12T08:08:53","modified_gmt":"2025-06-12T06:08:53","slug":"news-infos-am-12-06","status":"publish","type":"post","link":"https:\/\/radioleinewelle.de\/index.php\/2025\/06\/12\/news-infos-am-12-06\/","title":{"rendered":"News &amp; Infos am 12.06."},"content":{"rendered":"\n<p>+++ Am <strong>Mittwoch, 18.06.2025, sind die Bereiche\u00a0<a href=\"https:\/\/sp-intern.landkreis-goettingen.de\/dienstleistungen\/-\/egov-bis-detail\/einrichtung\/2834\/show\">Verkehrsaufsicht, Zulassung und F\u00fchrerschein<\/a>\u00a0<\/strong>ganzt\u00e4gig nicht zu erreichen. Aufgrund einer dienstlichen Veranstaltung sind die Standorte in G\u00f6ttingen, Osterode am Harz, Hann. M\u00fcnden und Duderstadt geschlossen.  Die vier Standorte des Fachdiensts Stra\u00dfenverkehr in G\u00f6ttingen, Osterode am Harz, Hann. M\u00fcnden und Duderstadt sind am Mittwoch, 18.06.2025, geschlossen und sowohl telefonisch als auch per E-Mail nicht erreichbar. Grund hierf\u00fcr ist eine dienstliche Veranstaltung.\u00a0Die Kfz-Zulassungs- und die F\u00fchrerscheinstellen sind ab Donnerstag, 19.06.2025, wieder erreichbar. Termine k\u00f6nnen unkompliziert \u00fcber das neue\u00a0<a href=\"https:\/\/www.landkreisgoettingen.de\/termine\">Terminbuchungsportal<\/a>\u00a0\u00a0des Landkreises vereinbart werden. +++<\/p>\n\n\n\n<p>+++ <strong>Vorlesen in der Stadtteilbibliothek Weende<\/strong> In der Stadtteilbibliothek Weende, Hennebergstra\u00dfe 11, liest Kerstin Wagner am Montag, 16. Juni 2025, ab 16.30 Uhr aus dem Buch \u201eDie Geschichte vom kleinen Siebenschl\u00e4fer, der endlich Geburtstag feiern wollte\u201c von Sabine Bohlmann. Die Veranstaltung richtet sich an Kinder ab vier Jahren und der Eintritt ist frei. Darum geht es: Der kleine Siebenschl\u00e4fer hat Geburtstag \u2013 das muss gefeiert werden! Aber wie feiert man eigentlich Geburtstag? Zum Gl\u00fcck wissen die Freunde des kleinen Siebenschl\u00e4fers genau, was zu tun ist. Das Eichh\u00f6rnchen bringt ein Rezept f\u00fcr eine leckere Waldtorte, der Frosch kennt die lustigsten Spiele, die Amsel singt ein Geburtstagslied, und der Hase bringt eine Pusteblume, die der kleine Siebenschl\u00e4fer auspusten darf. Kann nun also endlich losgehen oder fehlt f\u00fcr die Feier doch noch etwas ganz Wichtiges? +++<\/p>\n\n\n\n<p>+++ <strong>Veranstaltung: Die aktuelle Lage in Syrien <\/strong>und seine Auswirkungen auf Syriens Nachbarl\u00e4nder (insb. Israel) Mo. 16. Juni 2025 18:00 Uhr Literaturhaus G\u00f6ttingen, Nikolaistra\u00dfe 22, G\u00f6ttingen Vortrag von Florian Markl (Mena-Watch, Wien) &#8211; Die turbulenten Umbr\u00fcche in Syrien und der pl\u00f6tzliche Sturz des Assad-Regimes haben nicht nur in Syrien f\u00fcr v\u00f6llig neue Machtverh\u00e4ltnisse gesorgt. Sie beeinflussen auch das Beziehungsgeflecht Syriens mit den Anrainer- und Nachbarstaaten. In der Veranstaltung soll dargestellt werden, was diese rasanten Umbr\u00fcche und den Sturz der Assad-Herrschaft ausgel\u00f6st hat, welche Gr\u00fcnde daf\u00fcr urs\u00e4chlich waren und wie eine m\u00f6gliche Entwicklung in Syrien und der Region aussehen k\u00f6nnte. Die turbulenten Umbr\u00fcche in Syrien und der pl\u00f6tzliche Sturz des Assad-Regimes haben nicht nur in Syrien f\u00fcr v\u00f6llig neue Machtverh\u00e4ltnisse gesorgt. Sie beeinflussen auch das Beziehungsgeflecht Syriens mit den Anrainer- und Nachbarstaaten.  Es sollen auch die verschiedenen Akteur*innen in Syrien beleuchten und einsch\u00e4tzt werden, welche Rolle sie im weiteren Verlauf noch spielen k\u00f6nnten. Wird Syrien den Weg einer Demokratie mit verbrieften Grundrechten gehen oder ist ein islamistischer Umbau der Gesellschaft zu erwarten? <br>Eine Veranstaltung der Deutsch-Israelischen Gesellschaft AG G\u00f6ttingen in Kooperation mit der Deutsch-Israelischen Gesellschaft AG Kassel, im Rahmen einer Rundreise durch mehrere norddeutsche St\u00e4dte &#8211; Eintritt frei +++<\/p>\n\n\n\n<p>+++ Die St\u00e4rkung und Weiterentwicklung des Radverkehrs durch die Fortschreibung des \u201eMasterplans Radverkehr\u201c\u00a0ist unter anderem Thema bei der <strong>20. Sitzung des Kreistages<\/strong> am Mittwoch, 18.06.2025. Beginn ist um 15:00 Uhr im Rittersaal des Welfenschlosses, Schlo\u00dfplatz 5, 34346 Hann. M\u00fcnden. Alle Tagesordnung sowie die Beratungsunterlagen sind\u00a0<a href=\"https:\/\/sessionnet.landkreisgoettingen.de\/bi\/si0057.asp?__ksinr=7557\">im Kreistagsinformationssystem<\/a> zug\u00e4nglich. Die Sitzung ist \u00f6ffentlich. &#8211; Anfragen an Politik und Verwaltung &#8211; Im Anschluss an die \u00f6ffentliche Sitzung, sp\u00e4testens jedoch zwei Stunden nach Beginn der Sitzung, haben Zuh\u00f6rerinnen und Zuh\u00f6rer die Gelegenheit, Anfragen an die Politik und Verwaltung zu stellen. <strong>Audio-Stream<\/strong> &#8211; Die Sitzung wird vom StadtRadio G\u00f6ttingen als Audio-Stream live \u00fcbertragen. Weitere Informationen finden Sie auf\u00a0<a href=\"https:\/\/www.landkreisgoettingen.de\/Landkreis\/Politik\/Kreistags-Infos-f%C3%BCr-B%C3%BCrger-innen\/\">der Webseite des Landkreises G\u00f6ttingen<\/a>. +++<\/p>\n\n\n\n<p>+++ Entdecken Sie <strong>Osterode am Harz<\/strong>, die charmante Fachwerkstadt mit ihrer \u00fcber 800-j\u00e4hrigen faszinierenden Geschichte bei einem spannenden Stadtrundgang am 17. Juni. Unser erfahrener G\u00e4stef\u00fchrer zeigt Ihnen historische Bauwerke und eindrucksvolle Denkm\u00e4ler der Stadt, auch malerische Pl\u00e4tze und alte Verkehrswege werden entlang der kopfsteingepflasterten Gassen und romantischen Fachwerkh\u00e4user erkundet. Gehen Sie mit auf eine Zeitreise und h\u00f6ren Sie davon wie die mittelalterliche Siedlung sich zu einer Industriestadt entwickelte, die durchaus ihre Liebensw\u00fcrdigkeiten hat, aber auch Eigent\u00fcmlichkeiten bewahrt. Die F\u00fchrung beginnt um 11.00 Uhr vor der Touristinformation an der Stadtmauer. +++<\/p>\n","protected":false},"excerpt":{"rendered":"<p>+++ Am Mittwoch, 18.06.2025, sind die Bereiche\u00a0Verkehrsaufsicht, Zulassung und F\u00fchrerschein\u00a0ganzt\u00e4gig nicht zu erreichen. Aufgrund einer dienstlichen Veranstaltung sind die Standorte in G\u00f6ttingen, Osterode am Harz, Hann. M\u00fcnden und Duderstadt geschlossen. Die vier Standorte des Fachdiensts Stra\u00dfenverkehr in G\u00f6ttingen, Osterode am Harz, Hann. M\u00fcnden und Duderstadt sind am Mittwoch, 18.06.2025, geschlossen und sowohl telefonisch als auch [&hellip;]<\/p>\n","protected":false},"author":1,"featured_media":24274,"comment_status":"open","ping_status":"open","sticky":false,"template":"","format":"standard","meta":{"saved_in_kubio":false,"footnotes":""},"categories":[1],"tags":[],"class_list":["post-28464","post","type-post","status-publish","format-standard","has-post-thumbnail","hentry","category-allgemein"],"yoast_head":"<!-- This site is optimized with the Yoast SEO plugin v27.5 - https:\/\/yoast.com\/product\/yoast-seo-wordpress\/ -->\n<title>News &amp; Infos am 12.06. - Radio Leinewelle<\/title>\n<meta name=\"robots\" content=\"index, follow, max-snippet:-1, max-image-preview:large, max-video-preview:-1\" \/>\n<link rel=\"canonical\" href=\"https:\/\/radioleinewelle.de\/index.php\/2025\/06\/12\/news-infos-am-12-06\/\" \/>\n<meta property=\"og:locale\" content=\"de_DE\" \/>\n<meta property=\"og:type\" content=\"article\" \/>\n<meta property=\"og:title\" content=\"News &amp; Infos am 12.06. - Radio Leinewelle\" \/>\n<meta property=\"og:description\" content=\"+++ Am Mittwoch, 18.06.2025, sind die Bereiche\u00a0Verkehrsaufsicht, Zulassung und F\u00fchrerschein\u00a0ganzt\u00e4gig nicht zu erreichen. Aufgrund einer dienstlichen Veranstaltung sind die Standorte in G\u00f6ttingen, Osterode am Harz, Hann. M\u00fcnden und Duderstadt geschlossen. Die vier Standorte des Fachdiensts Stra\u00dfenverkehr in G\u00f6ttingen, Osterode am Harz, Hann. M\u00fcnden und Duderstadt sind am Mittwoch, 18.06.2025, geschlossen und sowohl telefonisch als auch [&hellip;]\" \/>\n<meta property=\"og:url\" content=\"https:\/\/radioleinewelle.de\/index.php\/2025\/06\/12\/news-infos-am-12-06\/\" \/>\n<meta property=\"og:site_name\" content=\"Radio Leinewelle\" \/>\n<meta property=\"article:publisher\" content=\"https:\/\/www.facebook.com\/radioleinewelle\" \/>\n<meta property=\"article:author\" content=\"https:\/\/www.facebook.com\/radioleinewelle\" \/>\n<meta property=\"article:published_time\" content=\"2025-06-12T06:08:52+00:00\" \/>\n<meta property=\"article:modified_time\" content=\"2025-06-12T06:08:53+00:00\" \/>\n<meta property=\"og:image\" content=\"https:\/\/radioleinewelle.de\/wp-content\/uploads\/2023\/11\/Leinewelle-News-scaled-1.jpeg\" \/>\n\t<meta property=\"og:image:width\" content=\"2560\" \/>\n\t<meta property=\"og:image:height\" content=\"2560\" \/>\n\t<meta property=\"og:image:type\" content=\"image\/jpeg\" \/>\n<meta name=\"author\" content=\"Leinewelle\" \/>\n<meta name=\"twitter:card\" content=\"summary_large_image\" \/>\n<meta name=\"twitter:creator\" content=\"@https:\/\/twitter.com\/RLeinewelle?ref_src=twsrcgoogletwcampserptwgrauthor\" \/>\n<meta name=\"twitter:site\" content=\"@RLeinewelle\" \/>\n<meta name=\"twitter:label1\" content=\"Verfasst von\" \/>\n\t<meta name=\"twitter:data1\" content=\"Leinewelle\" \/>\n\t<meta name=\"twitter:label2\" content=\"Gesch\u00e4tzte Lesezeit\" \/>\n\t<meta name=\"twitter:data2\" content=\"4\u00a0Minuten\" \/>\n<script type=\"application\/ld+json\" class=\"yoast-schema-graph\">{\"@context\":\"https:\\\/\\\/schema.org\",\"@graph\":[{\"@type\":\"Article\",\"@id\":\"https:\\\/\\\/radioleinewelle.de\\\/index.php\\\/2025\\\/06\\\/12\\\/news-infos-am-12-06\\\/#article\",\"isPartOf\":{\"@id\":\"https:\\\/\\\/radioleinewelle.de\\\/index.php\\\/2025\\\/06\\\/12\\\/news-infos-am-12-06\\\/\"},\"author\":{\"name\":\"Leinewelle\",\"@id\":\"https:\\\/\\\/radioleinewelle.de\\\/#\\\/schema\\\/person\\\/45606f348637df637192dc1b68399a63\"},\"headline\":\"News &amp; Infos am 12.06.\",\"datePublished\":\"2025-06-12T06:08:52+00:00\",\"dateModified\":\"2025-06-12T06:08:53+00:00\",\"mainEntityOfPage\":{\"@id\":\"https:\\\/\\\/radioleinewelle.de\\\/index.php\\\/2025\\\/06\\\/12\\\/news-infos-am-12-06\\\/\"},\"wordCount\":661,\"commentCount\":0,\"publisher\":{\"@id\":\"https:\\\/\\\/radioleinewelle.de\\\/#organization\"},\"image\":{\"@id\":\"https:\\\/\\\/radioleinewelle.de\\\/index.php\\\/2025\\\/06\\\/12\\\/news-infos-am-12-06\\\/#primaryimage\"},\"thumbnailUrl\":\"https:\\\/\\\/radioleinewelle.de\\\/wp-content\\\/uploads\\\/2023\\\/11\\\/Leinewelle-News-scaled-1.jpeg\",\"inLanguage\":\"de\",\"potentialAction\":[{\"@type\":\"CommentAction\",\"name\":\"Comment\",\"target\":[\"https:\\\/\\\/radioleinewelle.de\\\/index.php\\\/2025\\\/06\\\/12\\\/news-infos-am-12-06\\\/#respond\"]}]},{\"@type\":\"WebPage\",\"@id\":\"https:\\\/\\\/radioleinewelle.de\\\/index.php\\\/2025\\\/06\\\/12\\\/news-infos-am-12-06\\\/\",\"url\":\"https:\\\/\\\/radioleinewelle.de\\\/index.php\\\/2025\\\/06\\\/12\\\/news-infos-am-12-06\\\/\",\"name\":\"News &amp; Infos am 12.06. - Radio Leinewelle\",\"isPartOf\":{\"@id\":\"https:\\\/\\\/radioleinewelle.de\\\/#website\"},\"primaryImageOfPage\":{\"@id\":\"https:\\\/\\\/radioleinewelle.de\\\/index.php\\\/2025\\\/06\\\/12\\\/news-infos-am-12-06\\\/#primaryimage\"},\"image\":{\"@id\":\"https:\\\/\\\/radioleinewelle.de\\\/index.php\\\/2025\\\/06\\\/12\\\/news-infos-am-12-06\\\/#primaryimage\"},\"thumbnailUrl\":\"https:\\\/\\\/radioleinewelle.de\\\/wp-content\\\/uploads\\\/2023\\\/11\\\/Leinewelle-News-scaled-1.jpeg\",\"datePublished\":\"2025-06-12T06:08:52+00:00\",\"dateModified\":\"2025-06-12T06:08:53+00:00\",\"breadcrumb\":{\"@id\":\"https:\\\/\\\/radioleinewelle.de\\\/index.php\\\/2025\\\/06\\\/12\\\/news-infos-am-12-06\\\/#breadcrumb\"},\"inLanguage\":\"de\",\"potentialAction\":[{\"@type\":\"ReadAction\",\"target\":[\"https:\\\/\\\/radioleinewelle.de\\\/index.php\\\/2025\\\/06\\\/12\\\/news-infos-am-12-06\\\/\"]}]},{\"@type\":\"ImageObject\",\"inLanguage\":\"de\",\"@id\":\"https:\\\/\\\/radioleinewelle.de\\\/index.php\\\/2025\\\/06\\\/12\\\/news-infos-am-12-06\\\/#primaryimage\",\"url\":\"https:\\\/\\\/radioleinewelle.de\\\/wp-content\\\/uploads\\\/2023\\\/11\\\/Leinewelle-News-scaled-1.jpeg\",\"contentUrl\":\"https:\\\/\\\/radioleinewelle.de\\\/wp-content\\\/uploads\\\/2023\\\/11\\\/Leinewelle-News-scaled-1.jpeg\",\"width\":2560,\"height\":2560},{\"@type\":\"BreadcrumbList\",\"@id\":\"https:\\\/\\\/radioleinewelle.de\\\/index.php\\\/2025\\\/06\\\/12\\\/news-infos-am-12-06\\\/#breadcrumb\",\"itemListElement\":[{\"@type\":\"ListItem\",\"position\":1,\"name\":\"Startseite\",\"item\":\"https:\\\/\\\/radioleinewelle.de\\\/\"},{\"@type\":\"ListItem\",\"position\":2,\"name\":\"News &amp; Infos am 12.06.\"}]},{\"@type\":\"WebSite\",\"@id\":\"https:\\\/\\\/radioleinewelle.de\\\/#website\",\"url\":\"https:\\\/\\\/radioleinewelle.de\\\/\",\"name\":\"Radio Leinewelle\",\"description\":\"\",\"publisher\":{\"@id\":\"https:\\\/\\\/radioleinewelle.de\\\/#organization\"},\"potentialAction\":[{\"@type\":\"SearchAction\",\"target\":{\"@type\":\"EntryPoint\",\"urlTemplate\":\"https:\\\/\\\/radioleinewelle.de\\\/?s={search_term_string}\"},\"query-input\":{\"@type\":\"PropertyValueSpecification\",\"valueRequired\":true,\"valueName\":\"search_term_string\"}}],\"inLanguage\":\"de\"},{\"@type\":\"Organization\",\"@id\":\"https:\\\/\\\/radioleinewelle.de\\\/#organization\",\"name\":\"Radio Leinewelle\",\"alternateName\":\"Mein Radio f\u00fcr S\u00fcdniedersachsen\",\"url\":\"https:\\\/\\\/radioleinewelle.de\\\/\",\"logo\":{\"@type\":\"ImageObject\",\"inLanguage\":\"de\",\"@id\":\"https:\\\/\\\/radioleinewelle.de\\\/#\\\/schema\\\/logo\\\/image\\\/\",\"url\":\"https:\\\/\\\/radioleinewelle.de\\\/wp-content\\\/uploads\\\/2023\\\/11\\\/cropped-Leinewelle_Logo_weiss.png\",\"contentUrl\":\"https:\\\/\\\/radioleinewelle.de\\\/wp-content\\\/uploads\\\/2023\\\/11\\\/cropped-Leinewelle_Logo_weiss.png\",\"width\":854,\"height\":260,\"caption\":\"Radio Leinewelle\"},\"image\":{\"@id\":\"https:\\\/\\\/radioleinewelle.de\\\/#\\\/schema\\\/logo\\\/image\\\/\"},\"sameAs\":[\"https:\\\/\\\/www.facebook.com\\\/radioleinewelle\",\"https:\\\/\\\/x.com\\\/RLeinewelle\",\"https:\\\/\\\/www.instagram.com\\\/radioleinewelle\\\/?hl=de\"]},{\"@type\":\"Person\",\"@id\":\"https:\\\/\\\/radioleinewelle.de\\\/#\\\/schema\\\/person\\\/45606f348637df637192dc1b68399a63\",\"name\":\"Leinewelle\",\"image\":{\"@type\":\"ImageObject\",\"inLanguage\":\"de\",\"@id\":\"https:\\\/\\\/secure.gravatar.com\\\/avatar\\\/05c9a17bc973052ee5d91549bd32fb4dd0dc85b7b85ae94b2e2b4943476bbea5?s=96&d=blank&r=g\",\"url\":\"https:\\\/\\\/secure.gravatar.com\\\/avatar\\\/05c9a17bc973052ee5d91549bd32fb4dd0dc85b7b85ae94b2e2b4943476bbea5?s=96&d=blank&r=g\",\"contentUrl\":\"https:\\\/\\\/secure.gravatar.com\\\/avatar\\\/05c9a17bc973052ee5d91549bd32fb4dd0dc85b7b85ae94b2e2b4943476bbea5?s=96&d=blank&r=g\",\"caption\":\"Leinewelle\"},\"sameAs\":[\"http:\\\/\\\/localhost\\\/radio%20leinewelle\\\/wordpress\",\"https:\\\/\\\/www.facebook.com\\\/radioleinewelle\",\"https:\\\/\\\/www.instagram.com\\\/radioleinewelle\",\"https:\\\/\\\/x.com\\\/https:\\\/\\\/twitter.com\\\/RLeinewelle?ref_src=twsrcgoogletwcampserptwgrauthor\",\"https:\\\/\\\/soundcloud.com\\\/foerderverein-lokalradio?utm_source=clipboard&utm_medium=text&utm_campaign=social_sharing\"],\"url\":\"https:\\\/\\\/radioleinewelle.de\\\/index.php\\\/author\\\/leinewelle\\\/\"}]}<\/script>\n<!-- \/ Yoast SEO plugin. -->","yoast_head_json":{"title":"News &amp; Infos am 12.06. - Radio Leinewelle","robots":{"index":"index","follow":"follow","max-snippet":"max-snippet:-1","max-image-preview":"max-image-preview:large","max-video-preview":"max-video-preview:-1"},"canonical":"https:\/\/radioleinewelle.de\/index.php\/2025\/06\/12\/news-infos-am-12-06\/","og_locale":"de_DE","og_type":"article","og_title":"News &amp; Infos am 12.06. - Radio Leinewelle","og_description":"+++ Am Mittwoch, 18.06.2025, sind die Bereiche\u00a0Verkehrsaufsicht, Zulassung und F\u00fchrerschein\u00a0ganzt\u00e4gig nicht zu erreichen. Aufgrund einer dienstlichen Veranstaltung sind die Standorte in G\u00f6ttingen, Osterode am Harz, Hann. M\u00fcnden und Duderstadt geschlossen. Die vier Standorte des Fachdiensts Stra\u00dfenverkehr in G\u00f6ttingen, Osterode am Harz, Hann. M\u00fcnden und Duderstadt sind am Mittwoch, 18.06.2025, geschlossen und sowohl telefonisch als auch [&hellip;]","og_url":"https:\/\/radioleinewelle.de\/index.php\/2025\/06\/12\/news-infos-am-12-06\/","og_site_name":"Radio Leinewelle","article_publisher":"https:\/\/www.facebook.com\/radioleinewelle","article_author":"https:\/\/www.facebook.com\/radioleinewelle","article_published_time":"2025-06-12T06:08:52+00:00","article_modified_time":"2025-06-12T06:08:53+00:00","og_image":[{"width":2560,"height":2560,"url":"https:\/\/radioleinewelle.de\/wp-content\/uploads\/2023\/11\/Leinewelle-News-scaled-1.jpeg","type":"image\/jpeg"}],"author":"Leinewelle","twitter_card":"summary_large_image","twitter_creator":"@https:\/\/twitter.com\/RLeinewelle?ref_src=twsrcgoogletwcampserptwgrauthor","twitter_site":"@RLeinewelle","twitter_misc":{"Verfasst von":"Leinewelle","Gesch\u00e4tzte Lesezeit":"4\u00a0Minuten"},"schema":{"@context":"https:\/\/schema.org","@graph":[{"@type":"Article","@id":"https:\/\/radioleinewelle.de\/index.php\/2025\/06\/12\/news-infos-am-12-06\/#article","isPartOf":{"@id":"https:\/\/radioleinewelle.de\/index.php\/2025\/06\/12\/news-infos-am-12-06\/"},"author":{"name":"Leinewelle","@id":"https:\/\/radioleinewelle.de\/#\/schema\/person\/45606f348637df637192dc1b68399a63"},"headline":"News &amp; Infos am 12.06.","datePublished":"2025-06-12T06:08:52+00:00","dateModified":"2025-06-12T06:08:53+00:00","mainEntityOfPage":{"@id":"https:\/\/radioleinewelle.de\/index.php\/2025\/06\/12\/news-infos-am-12-06\/"},"wordCount":661,"commentCount":0,"publisher":{"@id":"https:\/\/radioleinewelle.de\/#organization"},"image":{"@id":"https:\/\/radioleinewelle.de\/index.php\/2025\/06\/12\/news-infos-am-12-06\/#primaryimage"},"thumbnailUrl":"https:\/\/radioleinewelle.de\/wp-content\/uploads\/2023\/11\/Leinewelle-News-scaled-1.jpeg","inLanguage":"de","potentialAction":[{"@type":"CommentAction","name":"Comment","target":["https:\/\/radioleinewelle.de\/index.php\/2025\/06\/12\/news-infos-am-12-06\/#respond"]}]},{"@type":"WebPage","@id":"https:\/\/radioleinewelle.de\/index.php\/2025\/06\/12\/news-infos-am-12-06\/","url":"https:\/\/radioleinewelle.de\/index.php\/2025\/06\/12\/news-infos-am-12-06\/","name":"News &amp; Infos am 12.06. - Radio Leinewelle","isPartOf":{"@id":"https:\/\/radioleinewelle.de\/#website"},"primaryImageOfPage":{"@id":"https:\/\/radioleinewelle.de\/index.php\/2025\/06\/12\/news-infos-am-12-06\/#primaryimage"},"image":{"@id":"https:\/\/radioleinewelle.de\/index.php\/2025\/06\/12\/news-infos-am-12-06\/#primaryimage"},"thumbnailUrl":"https:\/\/radioleinewelle.de\/wp-content\/uploads\/2023\/11\/Leinewelle-News-scaled-1.jpeg","datePublished":"2025-06-12T06:08:52+00:00","dateModified":"2025-06-12T06:08:53+00:00","breadcrumb":{"@id":"https:\/\/radioleinewelle.de\/index.php\/2025\/06\/12\/news-infos-am-12-06\/#breadcrumb"},"inLanguage":"de","potentialAction":[{"@type":"ReadAction","target":["https:\/\/radioleinewelle.de\/index.php\/2025\/06\/12\/news-infos-am-12-06\/"]}]},{"@type":"ImageObject","inLanguage":"de","@id":"https:\/\/radioleinewelle.de\/index.php\/2025\/06\/12\/news-infos-am-12-06\/#primaryimage","url":"https:\/\/radioleinewelle.de\/wp-content\/uploads\/2023\/11\/Leinewelle-News-scaled-1.jpeg","contentUrl":"https:\/\/radioleinewelle.de\/wp-content\/uploads\/2023\/11\/Leinewelle-News-scaled-1.jpeg","width":2560,"height":2560},{"@type":"BreadcrumbList","@id":"https:\/\/radioleinewelle.de\/index.php\/2025\/06\/12\/news-infos-am-12-06\/#breadcrumb","itemListElement":[{"@type":"ListItem","position":1,"name":"Startseite","item":"https:\/\/radioleinewelle.de\/"},{"@type":"ListItem","position":2,"name":"News &amp; Infos am 12.06."}]},{"@type":"WebSite","@id":"https:\/\/radioleinewelle.de\/#website","url":"https:\/\/radioleinewelle.de\/","name":"Radio Leinewelle","description":"","publisher":{"@id":"https:\/\/radioleinewelle.de\/#organization"},"potentialAction":[{"@type":"SearchAction","target":{"@type":"EntryPoint","urlTemplate":"https:\/\/radioleinewelle.de\/?s={search_term_string}"},"query-input":{"@type":"PropertyValueSpecification","valueRequired":true,"valueName":"search_term_string"}}],"inLanguage":"de"},{"@type":"Organization","@id":"https:\/\/radioleinewelle.de\/#organization","name":"Radio Leinewelle","alternateName":"Mein Radio f\u00fcr S\u00fcdniedersachsen","url":"https:\/\/radioleinewelle.de\/","logo":{"@type":"ImageObject","inLanguage":"de","@id":"https:\/\/radioleinewelle.de\/#\/schema\/logo\/image\/","url":"https:\/\/radioleinewelle.de\/wp-content\/uploads\/2023\/11\/cropped-Leinewelle_Logo_weiss.png","contentUrl":"https:\/\/radioleinewelle.de\/wp-content\/uploads\/2023\/11\/cropped-Leinewelle_Logo_weiss.png","width":854,"height":260,"caption":"Radio Leinewelle"},"image":{"@id":"https:\/\/radioleinewelle.de\/#\/schema\/logo\/image\/"},"sameAs":["https:\/\/www.facebook.com\/radioleinewelle","https:\/\/x.com\/RLeinewelle","https:\/\/www.instagram.com\/radioleinewelle\/?hl=de"]},{"@type":"Person","@id":"https:\/\/radioleinewelle.de\/#\/schema\/person\/45606f348637df637192dc1b68399a63","name":"Leinewelle","image":{"@type":"ImageObject","inLanguage":"de","@id":"https:\/\/secure.gravatar.com\/avatar\/05c9a17bc973052ee5d91549bd32fb4dd0dc85b7b85ae94b2e2b4943476bbea5?s=96&d=blank&r=g","url":"https:\/\/secure.gravatar.com\/avatar\/05c9a17bc973052ee5d91549bd32fb4dd0dc85b7b85ae94b2e2b4943476bbea5?s=96&d=blank&r=g","contentUrl":"https:\/\/secure.gravatar.com\/avatar\/05c9a17bc973052ee5d91549bd32fb4dd0dc85b7b85ae94b2e2b4943476bbea5?s=96&d=blank&r=g","caption":"Leinewelle"},"sameAs":["http:\/\/localhost\/radio%20leinewelle\/wordpress","https:\/\/www.facebook.com\/radioleinewelle","https:\/\/www.instagram.com\/radioleinewelle","https:\/\/x.com\/https:\/\/twitter.com\/RLeinewelle?ref_src=twsrcgoogletwcampserptwgrauthor","https:\/\/soundcloud.com\/foerderverein-lokalradio?utm_source=clipboard&utm_medium=text&utm_campaign=social_sharing"],"url":"https:\/\/radioleinewelle.de\/index.php\/author\/leinewelle\/"}]}},"_links":{"self":[{"href":"https:\/\/radioleinewelle.de\/index.php\/wp-json\/wp\/v2\/posts\/28464","targetHints":{"allow":["GET"]}}],"collection":[{"href":"https:\/\/radioleinewelle.de\/index.php\/wp-json\/wp\/v2\/posts"}],"about":[{"href":"https:\/\/radioleinewelle.de\/index.php\/wp-json\/wp\/v2\/types\/post"}],"author":[{"embeddable":true,"href":"https:\/\/radioleinewelle.de\/index.php\/wp-json\/wp\/v2\/users\/1"}],"replies":[{"embeddable":true,"href":"https:\/\/radioleinewelle.de\/index.php\/wp-json\/wp\/v2\/comments?post=28464"}],"version-history":[{"count":8,"href":"https:\/\/radioleinewelle.de\/index.php\/wp-json\/wp\/v2\/posts\/28464\/revisions"}],"predecessor-version":[{"id":28472,"href":"https:\/\/radioleinewelle.de\/index.php\/wp-json\/wp\/v2\/posts\/28464\/revisions\/28472"}],"wp:featuredmedia":[{"embeddable":true,"href":"https:\/\/radioleinewelle.de\/index.php\/wp-json\/wp\/v2\/media\/24274"}],"wp:attachment":[{"href":"https:\/\/radioleinewelle.de\/index.php\/wp-json\/wp\/v2\/media?parent=28464"}],"wp:term":[{"taxonomy":"category","embeddable":true,"href":"https:\/\/radioleinewelle.de\/index.php\/wp-json\/wp\/v2\/categories?post=28464"},{"taxonomy":"post_tag","embeddable":true,"href":"https:\/\/radioleinewelle.de\/index.php\/wp-json\/wp\/v2\/tags?post=28464"}],"curies":[{"name":"wp","href":"https:\/\/api.w.org\/{rel}","templated":true}]}}