{"id":28482,"date":"2025-06-14T13:13:23","date_gmt":"2025-06-14T11:13:23","guid":{"rendered":"https:\/\/radioleinewelle.de\/?p=28482"},"modified":"2025-06-14T13:13:25","modified_gmt":"2025-06-14T11:13:25","slug":"party-des-jahres-nacht-der-kultur-in-goettingen","status":"publish","type":"post","link":"https:\/\/radioleinewelle.de\/index.php\/2025\/06\/14\/party-des-jahres-nacht-der-kultur-in-goettingen\/","title":{"rendered":"Party des Jahres &#8211; &#8222;Nacht der Kultur&#8220; in G\u00f6ttingen"},"content":{"rendered":"\n<p>Es ist der gr\u00f6\u00dfte Event des Jahres: heute am sp\u00e4ten Nachmittag startet in der G\u00f6ttinger Innenstadt die &#8222;Nacht der Kulturen&#8220;. Viele Strassen in der Fu\u00dfg\u00e4ngerzone sind Partyzone. Auf 13 B\u00fchnen ist f\u00fcr jeden musikalischen Geschmack etwas dabei. Die Bandbreite reicht von allen Spielarten des Plattenauflegens, von Vinyl bis Digital bis hin zum Konzert des G\u00f6ttinger Symphonieorchesters auf dem Marktplatz.<\/p>\n\n\n\n\n\n<p><br>Mit den Tora Bora Allstars und dem Knarf Rell\u00f6m Arkestra treten einige Pop Gr\u00f6\u00dfen auf. F\u00fcr Musik abseits des Mainstreams sorgt die FanRaum DJ-B\u00fchne der Supporters Crew05 e.V. in der Oberen Masch. Zudem haben viele Galerien, das Kunsthaus G\u00f6ttingen und das K\u00fcnstlerhaus ge\u00f6ffnet. Das komplette Programm findet sich hier:<br><a href=\"http:\/\/www.nacht-der-kultur.com\">www.nacht-der-kultur.com<\/a> <br>Bitte beachten: Die Einbecker-Brauhaus-B\u00fchne steht in diesem Jahr im Rosengarten &#8211; nicht auf demWaageplatz<\/p>\n\n\n\n<p><strong>Fotos:<\/strong> \u00a9Radio Leinewelle (ue)<br><\/p>\n","protected":false},"excerpt":{"rendered":"<p>Es ist der gr\u00f6\u00dfte Event des Jahres: heute am sp\u00e4ten Nachmittag startet in der G\u00f6ttinger Innenstadt die &#8222;Nacht der Kulturen&#8220;. Viele Strassen in der Fu\u00dfg\u00e4ngerzone sind Partyzone. Auf 13 B\u00fchnen ist f\u00fcr jeden musikalischen Geschmack etwas dabei. Die Bandbreite reicht von allen Spielarten des Plattenauflegens, von Vinyl bis Digital bis hin zum Konzert des G\u00f6ttinger [&hellip;]<\/p>\n","protected":false},"author":1,"featured_media":28483,"comment_status":"open","ping_status":"open","sticky":false,"template":"","format":"standard","meta":{"saved_in_kubio":false,"footnotes":""},"categories":[41],"tags":[],"class_list":["post-28482","post","type-post","status-publish","format-standard","has-post-thumbnail","hentry","category-veranstaltungen"],"yoast_head":"<!-- This site is optimized with the Yoast SEO plugin v27.5 - https:\/\/yoast.com\/product\/yoast-seo-wordpress\/ -->\n<title>Party des Jahres - &quot;Nacht der Kultur&quot; in G\u00f6ttingen - Radio Leinewelle<\/title>\n<meta name=\"robots\" content=\"index, follow, max-snippet:-1, max-image-preview:large, max-video-preview:-1\" \/>\n<link rel=\"canonical\" href=\"https:\/\/radioleinewelle.de\/index.php\/2025\/06\/14\/party-des-jahres-nacht-der-kultur-in-goettingen\/\" \/>\n<meta property=\"og:locale\" content=\"de_DE\" \/>\n<meta property=\"og:type\" content=\"article\" \/>\n<meta property=\"og:title\" content=\"Party des Jahres - &quot;Nacht der Kultur&quot; in G\u00f6ttingen - Radio Leinewelle\" \/>\n<meta property=\"og:description\" content=\"Es ist der gr\u00f6\u00dfte Event des Jahres: heute am sp\u00e4ten Nachmittag startet in der G\u00f6ttinger Innenstadt die &#8222;Nacht der Kulturen&#8220;. Viele Strassen in der Fu\u00dfg\u00e4ngerzone sind Partyzone. Auf 13 B\u00fchnen ist f\u00fcr jeden musikalischen Geschmack etwas dabei. Die Bandbreite reicht von allen Spielarten des Plattenauflegens, von Vinyl bis Digital bis hin zum Konzert des G\u00f6ttinger [&hellip;]\" \/>\n<meta property=\"og:url\" content=\"https:\/\/radioleinewelle.de\/index.php\/2025\/06\/14\/party-des-jahres-nacht-der-kultur-in-goettingen\/\" \/>\n<meta property=\"og:site_name\" content=\"Radio Leinewelle\" \/>\n<meta property=\"article:publisher\" content=\"https:\/\/www.facebook.com\/radioleinewelle\" \/>\n<meta property=\"article:author\" content=\"https:\/\/www.facebook.com\/radioleinewelle\" \/>\n<meta property=\"article:published_time\" content=\"2025-06-14T11:13:23+00:00\" \/>\n<meta property=\"article:modified_time\" content=\"2025-06-14T11:13:25+00:00\" \/>\n<meta property=\"og:image\" content=\"https:\/\/radioleinewelle.de\/wp-content\/uploads\/2025\/06\/Nacht-der-Kultur-2025-I-e1749897925809.jpg\" \/>\n\t<meta property=\"og:image:width\" content=\"1000\" \/>\n\t<meta property=\"og:image:height\" content=\"750\" \/>\n\t<meta property=\"og:image:type\" content=\"image\/jpeg\" \/>\n<meta name=\"author\" content=\"Leinewelle\" \/>\n<meta name=\"twitter:card\" content=\"summary_large_image\" \/>\n<meta name=\"twitter:creator\" content=\"@https:\/\/twitter.com\/RLeinewelle?ref_src=twsrcgoogletwcampserptwgrauthor\" \/>\n<meta name=\"twitter:site\" content=\"@RLeinewelle\" \/>\n<meta name=\"twitter:label1\" content=\"Verfasst von\" \/>\n\t<meta name=\"twitter:data1\" content=\"Leinewelle\" \/>\n\t<meta name=\"twitter:label2\" content=\"Gesch\u00e4tzte Lesezeit\" \/>\n\t<meta name=\"twitter:data2\" content=\"1\u00a0Minute\" \/>\n<script type=\"application\/ld+json\" class=\"yoast-schema-graph\">{\"@context\":\"https:\\\/\\\/schema.org\",\"@graph\":[{\"@type\":\"Article\",\"@id\":\"https:\\\/\\\/radioleinewelle.de\\\/index.php\\\/2025\\\/06\\\/14\\\/party-des-jahres-nacht-der-kultur-in-goettingen\\\/#article\",\"isPartOf\":{\"@id\":\"https:\\\/\\\/radioleinewelle.de\\\/index.php\\\/2025\\\/06\\\/14\\\/party-des-jahres-nacht-der-kultur-in-goettingen\\\/\"},\"author\":{\"name\":\"Leinewelle\",\"@id\":\"https:\\\/\\\/radioleinewelle.de\\\/#\\\/schema\\\/person\\\/45606f348637df637192dc1b68399a63\"},\"headline\":\"Party des Jahres &#8211; &#8222;Nacht der Kultur&#8220; in G\u00f6ttingen\",\"datePublished\":\"2025-06-14T11:13:23+00:00\",\"dateModified\":\"2025-06-14T11:13:25+00:00\",\"mainEntityOfPage\":{\"@id\":\"https:\\\/\\\/radioleinewelle.de\\\/index.php\\\/2025\\\/06\\\/14\\\/party-des-jahres-nacht-der-kultur-in-goettingen\\\/\"},\"wordCount\":163,\"commentCount\":0,\"publisher\":{\"@id\":\"https:\\\/\\\/radioleinewelle.de\\\/#organization\"},\"image\":{\"@id\":\"https:\\\/\\\/radioleinewelle.de\\\/index.php\\\/2025\\\/06\\\/14\\\/party-des-jahres-nacht-der-kultur-in-goettingen\\\/#primaryimage\"},\"thumbnailUrl\":\"https:\\\/\\\/radioleinewelle.de\\\/wp-content\\\/uploads\\\/2025\\\/06\\\/Nacht-der-Kultur-2025-I-e1749897925809.jpg\",\"articleSection\":[\"Veranstaltungen\"],\"inLanguage\":\"de\",\"potentialAction\":[{\"@type\":\"CommentAction\",\"name\":\"Comment\",\"target\":[\"https:\\\/\\\/radioleinewelle.de\\\/index.php\\\/2025\\\/06\\\/14\\\/party-des-jahres-nacht-der-kultur-in-goettingen\\\/#respond\"]}]},{\"@type\":\"WebPage\",\"@id\":\"https:\\\/\\\/radioleinewelle.de\\\/index.php\\\/2025\\\/06\\\/14\\\/party-des-jahres-nacht-der-kultur-in-goettingen\\\/\",\"url\":\"https:\\\/\\\/radioleinewelle.de\\\/index.php\\\/2025\\\/06\\\/14\\\/party-des-jahres-nacht-der-kultur-in-goettingen\\\/\",\"name\":\"Party des Jahres - \\\"Nacht der Kultur\\\" in G\u00f6ttingen - Radio Leinewelle\",\"isPartOf\":{\"@id\":\"https:\\\/\\\/radioleinewelle.de\\\/#website\"},\"primaryImageOfPage\":{\"@id\":\"https:\\\/\\\/radioleinewelle.de\\\/index.php\\\/2025\\\/06\\\/14\\\/party-des-jahres-nacht-der-kultur-in-goettingen\\\/#primaryimage\"},\"image\":{\"@id\":\"https:\\\/\\\/radioleinewelle.de\\\/index.php\\\/2025\\\/06\\\/14\\\/party-des-jahres-nacht-der-kultur-in-goettingen\\\/#primaryimage\"},\"thumbnailUrl\":\"https:\\\/\\\/radioleinewelle.de\\\/wp-content\\\/uploads\\\/2025\\\/06\\\/Nacht-der-Kultur-2025-I-e1749897925809.jpg\",\"datePublished\":\"2025-06-14T11:13:23+00:00\",\"dateModified\":\"2025-06-14T11:13:25+00:00\",\"breadcrumb\":{\"@id\":\"https:\\\/\\\/radioleinewelle.de\\\/index.php\\\/2025\\\/06\\\/14\\\/party-des-jahres-nacht-der-kultur-in-goettingen\\\/#breadcrumb\"},\"inLanguage\":\"de\",\"potentialAction\":[{\"@type\":\"ReadAction\",\"target\":[\"https:\\\/\\\/radioleinewelle.de\\\/index.php\\\/2025\\\/06\\\/14\\\/party-des-jahres-nacht-der-kultur-in-goettingen\\\/\"]}]},{\"@type\":\"ImageObject\",\"inLanguage\":\"de\",\"@id\":\"https:\\\/\\\/radioleinewelle.de\\\/index.php\\\/2025\\\/06\\\/14\\\/party-des-jahres-nacht-der-kultur-in-goettingen\\\/#primaryimage\",\"url\":\"https:\\\/\\\/radioleinewelle.de\\\/wp-content\\\/uploads\\\/2025\\\/06\\\/Nacht-der-Kultur-2025-I-e1749897925809.jpg\",\"contentUrl\":\"https:\\\/\\\/radioleinewelle.de\\\/wp-content\\\/uploads\\\/2025\\\/06\\\/Nacht-der-Kultur-2025-I-e1749897925809.jpg\",\"width\":1000,\"height\":750},{\"@type\":\"BreadcrumbList\",\"@id\":\"https:\\\/\\\/radioleinewelle.de\\\/index.php\\\/2025\\\/06\\\/14\\\/party-des-jahres-nacht-der-kultur-in-goettingen\\\/#breadcrumb\",\"itemListElement\":[{\"@type\":\"ListItem\",\"position\":1,\"name\":\"Startseite\",\"item\":\"https:\\\/\\\/radioleinewelle.de\\\/\"},{\"@type\":\"ListItem\",\"position\":2,\"name\":\"Party des Jahres &#8211; &#8222;Nacht der Kultur&#8220; in G\u00f6ttingen\"}]},{\"@type\":\"WebSite\",\"@id\":\"https:\\\/\\\/radioleinewelle.de\\\/#website\",\"url\":\"https:\\\/\\\/radioleinewelle.de\\\/\",\"name\":\"Radio Leinewelle\",\"description\":\"\",\"publisher\":{\"@id\":\"https:\\\/\\\/radioleinewelle.de\\\/#organization\"},\"potentialAction\":[{\"@type\":\"SearchAction\",\"target\":{\"@type\":\"EntryPoint\",\"urlTemplate\":\"https:\\\/\\\/radioleinewelle.de\\\/?s={search_term_string}\"},\"query-input\":{\"@type\":\"PropertyValueSpecification\",\"valueRequired\":true,\"valueName\":\"search_term_string\"}}],\"inLanguage\":\"de\"},{\"@type\":\"Organization\",\"@id\":\"https:\\\/\\\/radioleinewelle.de\\\/#organization\",\"name\":\"Radio Leinewelle\",\"alternateName\":\"Mein Radio f\u00fcr S\u00fcdniedersachsen\",\"url\":\"https:\\\/\\\/radioleinewelle.de\\\/\",\"logo\":{\"@type\":\"ImageObject\",\"inLanguage\":\"de\",\"@id\":\"https:\\\/\\\/radioleinewelle.de\\\/#\\\/schema\\\/logo\\\/image\\\/\",\"url\":\"https:\\\/\\\/radioleinewelle.de\\\/wp-content\\\/uploads\\\/2023\\\/11\\\/cropped-Leinewelle_Logo_weiss.png\",\"contentUrl\":\"https:\\\/\\\/radioleinewelle.de\\\/wp-content\\\/uploads\\\/2023\\\/11\\\/cropped-Leinewelle_Logo_weiss.png\",\"width\":854,\"height\":260,\"caption\":\"Radio Leinewelle\"},\"image\":{\"@id\":\"https:\\\/\\\/radioleinewelle.de\\\/#\\\/schema\\\/logo\\\/image\\\/\"},\"sameAs\":[\"https:\\\/\\\/www.facebook.com\\\/radioleinewelle\",\"https:\\\/\\\/x.com\\\/RLeinewelle\",\"https:\\\/\\\/www.instagram.com\\\/radioleinewelle\\\/?hl=de\"]},{\"@type\":\"Person\",\"@id\":\"https:\\\/\\\/radioleinewelle.de\\\/#\\\/schema\\\/person\\\/45606f348637df637192dc1b68399a63\",\"name\":\"Leinewelle\",\"image\":{\"@type\":\"ImageObject\",\"inLanguage\":\"de\",\"@id\":\"https:\\\/\\\/secure.gravatar.com\\\/avatar\\\/05c9a17bc973052ee5d91549bd32fb4dd0dc85b7b85ae94b2e2b4943476bbea5?s=96&d=blank&r=g\",\"url\":\"https:\\\/\\\/secure.gravatar.com\\\/avatar\\\/05c9a17bc973052ee5d91549bd32fb4dd0dc85b7b85ae94b2e2b4943476bbea5?s=96&d=blank&r=g\",\"contentUrl\":\"https:\\\/\\\/secure.gravatar.com\\\/avatar\\\/05c9a17bc973052ee5d91549bd32fb4dd0dc85b7b85ae94b2e2b4943476bbea5?s=96&d=blank&r=g\",\"caption\":\"Leinewelle\"},\"sameAs\":[\"http:\\\/\\\/localhost\\\/radio%20leinewelle\\\/wordpress\",\"https:\\\/\\\/www.facebook.com\\\/radioleinewelle\",\"https:\\\/\\\/www.instagram.com\\\/radioleinewelle\",\"https:\\\/\\\/x.com\\\/https:\\\/\\\/twitter.com\\\/RLeinewelle?ref_src=twsrcgoogletwcampserptwgrauthor\",\"https:\\\/\\\/soundcloud.com\\\/foerderverein-lokalradio?utm_source=clipboard&utm_medium=text&utm_campaign=social_sharing\"],\"url\":\"https:\\\/\\\/radioleinewelle.de\\\/index.php\\\/author\\\/leinewelle\\\/\"}]}<\/script>\n<!-- \/ Yoast SEO plugin. -->","yoast_head_json":{"title":"Party des Jahres - \"Nacht der Kultur\" in G\u00f6ttingen - Radio Leinewelle","robots":{"index":"index","follow":"follow","max-snippet":"max-snippet:-1","max-image-preview":"max-image-preview:large","max-video-preview":"max-video-preview:-1"},"canonical":"https:\/\/radioleinewelle.de\/index.php\/2025\/06\/14\/party-des-jahres-nacht-der-kultur-in-goettingen\/","og_locale":"de_DE","og_type":"article","og_title":"Party des Jahres - \"Nacht der Kultur\" in G\u00f6ttingen - Radio Leinewelle","og_description":"Es ist der gr\u00f6\u00dfte Event des Jahres: heute am sp\u00e4ten Nachmittag startet in der G\u00f6ttinger Innenstadt die &#8222;Nacht der Kulturen&#8220;. Viele Strassen in der Fu\u00dfg\u00e4ngerzone sind Partyzone. Auf 13 B\u00fchnen ist f\u00fcr jeden musikalischen Geschmack etwas dabei. Die Bandbreite reicht von allen Spielarten des Plattenauflegens, von Vinyl bis Digital bis hin zum Konzert des G\u00f6ttinger [&hellip;]","og_url":"https:\/\/radioleinewelle.de\/index.php\/2025\/06\/14\/party-des-jahres-nacht-der-kultur-in-goettingen\/","og_site_name":"Radio Leinewelle","article_publisher":"https:\/\/www.facebook.com\/radioleinewelle","article_author":"https:\/\/www.facebook.com\/radioleinewelle","article_published_time":"2025-06-14T11:13:23+00:00","article_modified_time":"2025-06-14T11:13:25+00:00","og_image":[{"width":1000,"height":750,"url":"https:\/\/radioleinewelle.de\/wp-content\/uploads\/2025\/06\/Nacht-der-Kultur-2025-I-e1749897925809.jpg","type":"image\/jpeg"}],"author":"Leinewelle","twitter_card":"summary_large_image","twitter_creator":"@https:\/\/twitter.com\/RLeinewelle?ref_src=twsrcgoogletwcampserptwgrauthor","twitter_site":"@RLeinewelle","twitter_misc":{"Verfasst von":"Leinewelle","Gesch\u00e4tzte Lesezeit":"1\u00a0Minute"},"schema":{"@context":"https:\/\/schema.org","@graph":[{"@type":"Article","@id":"https:\/\/radioleinewelle.de\/index.php\/2025\/06\/14\/party-des-jahres-nacht-der-kultur-in-goettingen\/#article","isPartOf":{"@id":"https:\/\/radioleinewelle.de\/index.php\/2025\/06\/14\/party-des-jahres-nacht-der-kultur-in-goettingen\/"},"author":{"name":"Leinewelle","@id":"https:\/\/radioleinewelle.de\/#\/schema\/person\/45606f348637df637192dc1b68399a63"},"headline":"Party des Jahres &#8211; &#8222;Nacht der Kultur&#8220; in G\u00f6ttingen","datePublished":"2025-06-14T11:13:23+00:00","dateModified":"2025-06-14T11:13:25+00:00","mainEntityOfPage":{"@id":"https:\/\/radioleinewelle.de\/index.php\/2025\/06\/14\/party-des-jahres-nacht-der-kultur-in-goettingen\/"},"wordCount":163,"commentCount":0,"publisher":{"@id":"https:\/\/radioleinewelle.de\/#organization"},"image":{"@id":"https:\/\/radioleinewelle.de\/index.php\/2025\/06\/14\/party-des-jahres-nacht-der-kultur-in-goettingen\/#primaryimage"},"thumbnailUrl":"https:\/\/radioleinewelle.de\/wp-content\/uploads\/2025\/06\/Nacht-der-Kultur-2025-I-e1749897925809.jpg","articleSection":["Veranstaltungen"],"inLanguage":"de","potentialAction":[{"@type":"CommentAction","name":"Comment","target":["https:\/\/radioleinewelle.de\/index.php\/2025\/06\/14\/party-des-jahres-nacht-der-kultur-in-goettingen\/#respond"]}]},{"@type":"WebPage","@id":"https:\/\/radioleinewelle.de\/index.php\/2025\/06\/14\/party-des-jahres-nacht-der-kultur-in-goettingen\/","url":"https:\/\/radioleinewelle.de\/index.php\/2025\/06\/14\/party-des-jahres-nacht-der-kultur-in-goettingen\/","name":"Party des Jahres - \"Nacht der Kultur\" in G\u00f6ttingen - Radio Leinewelle","isPartOf":{"@id":"https:\/\/radioleinewelle.de\/#website"},"primaryImageOfPage":{"@id":"https:\/\/radioleinewelle.de\/index.php\/2025\/06\/14\/party-des-jahres-nacht-der-kultur-in-goettingen\/#primaryimage"},"image":{"@id":"https:\/\/radioleinewelle.de\/index.php\/2025\/06\/14\/party-des-jahres-nacht-der-kultur-in-goettingen\/#primaryimage"},"thumbnailUrl":"https:\/\/radioleinewelle.de\/wp-content\/uploads\/2025\/06\/Nacht-der-Kultur-2025-I-e1749897925809.jpg","datePublished":"2025-06-14T11:13:23+00:00","dateModified":"2025-06-14T11:13:25+00:00","breadcrumb":{"@id":"https:\/\/radioleinewelle.de\/index.php\/2025\/06\/14\/party-des-jahres-nacht-der-kultur-in-goettingen\/#breadcrumb"},"inLanguage":"de","potentialAction":[{"@type":"ReadAction","target":["https:\/\/radioleinewelle.de\/index.php\/2025\/06\/14\/party-des-jahres-nacht-der-kultur-in-goettingen\/"]}]},{"@type":"ImageObject","inLanguage":"de","@id":"https:\/\/radioleinewelle.de\/index.php\/2025\/06\/14\/party-des-jahres-nacht-der-kultur-in-goettingen\/#primaryimage","url":"https:\/\/radioleinewelle.de\/wp-content\/uploads\/2025\/06\/Nacht-der-Kultur-2025-I-e1749897925809.jpg","contentUrl":"https:\/\/radioleinewelle.de\/wp-content\/uploads\/2025\/06\/Nacht-der-Kultur-2025-I-e1749897925809.jpg","width":1000,"height":750},{"@type":"BreadcrumbList","@id":"https:\/\/radioleinewelle.de\/index.php\/2025\/06\/14\/party-des-jahres-nacht-der-kultur-in-goettingen\/#breadcrumb","itemListElement":[{"@type":"ListItem","position":1,"name":"Startseite","item":"https:\/\/radioleinewelle.de\/"},{"@type":"ListItem","position":2,"name":"Party des Jahres &#8211; &#8222;Nacht der Kultur&#8220; in G\u00f6ttingen"}]},{"@type":"WebSite","@id":"https:\/\/radioleinewelle.de\/#website","url":"https:\/\/radioleinewelle.de\/","name":"Radio Leinewelle","description":"","publisher":{"@id":"https:\/\/radioleinewelle.de\/#organization"},"potentialAction":[{"@type":"SearchAction","target":{"@type":"EntryPoint","urlTemplate":"https:\/\/radioleinewelle.de\/?s={search_term_string}"},"query-input":{"@type":"PropertyValueSpecification","valueRequired":true,"valueName":"search_term_string"}}],"inLanguage":"de"},{"@type":"Organization","@id":"https:\/\/radioleinewelle.de\/#organization","name":"Radio Leinewelle","alternateName":"Mein Radio f\u00fcr S\u00fcdniedersachsen","url":"https:\/\/radioleinewelle.de\/","logo":{"@type":"ImageObject","inLanguage":"de","@id":"https:\/\/radioleinewelle.de\/#\/schema\/logo\/image\/","url":"https:\/\/radioleinewelle.de\/wp-content\/uploads\/2023\/11\/cropped-Leinewelle_Logo_weiss.png","contentUrl":"https:\/\/radioleinewelle.de\/wp-content\/uploads\/2023\/11\/cropped-Leinewelle_Logo_weiss.png","width":854,"height":260,"caption":"Radio Leinewelle"},"image":{"@id":"https:\/\/radioleinewelle.de\/#\/schema\/logo\/image\/"},"sameAs":["https:\/\/www.facebook.com\/radioleinewelle","https:\/\/x.com\/RLeinewelle","https:\/\/www.instagram.com\/radioleinewelle\/?hl=de"]},{"@type":"Person","@id":"https:\/\/radioleinewelle.de\/#\/schema\/person\/45606f348637df637192dc1b68399a63","name":"Leinewelle","image":{"@type":"ImageObject","inLanguage":"de","@id":"https:\/\/secure.gravatar.com\/avatar\/05c9a17bc973052ee5d91549bd32fb4dd0dc85b7b85ae94b2e2b4943476bbea5?s=96&d=blank&r=g","url":"https:\/\/secure.gravatar.com\/avatar\/05c9a17bc973052ee5d91549bd32fb4dd0dc85b7b85ae94b2e2b4943476bbea5?s=96&d=blank&r=g","contentUrl":"https:\/\/secure.gravatar.com\/avatar\/05c9a17bc973052ee5d91549bd32fb4dd0dc85b7b85ae94b2e2b4943476bbea5?s=96&d=blank&r=g","caption":"Leinewelle"},"sameAs":["http:\/\/localhost\/radio%20leinewelle\/wordpress","https:\/\/www.facebook.com\/radioleinewelle","https:\/\/www.instagram.com\/radioleinewelle","https:\/\/x.com\/https:\/\/twitter.com\/RLeinewelle?ref_src=twsrcgoogletwcampserptwgrauthor","https:\/\/soundcloud.com\/foerderverein-lokalradio?utm_source=clipboard&utm_medium=text&utm_campaign=social_sharing"],"url":"https:\/\/radioleinewelle.de\/index.php\/author\/leinewelle\/"}]}},"_links":{"self":[{"href":"https:\/\/radioleinewelle.de\/index.php\/wp-json\/wp\/v2\/posts\/28482","targetHints":{"allow":["GET"]}}],"collection":[{"href":"https:\/\/radioleinewelle.de\/index.php\/wp-json\/wp\/v2\/posts"}],"about":[{"href":"https:\/\/radioleinewelle.de\/index.php\/wp-json\/wp\/v2\/types\/post"}],"author":[{"embeddable":true,"href":"https:\/\/radioleinewelle.de\/index.php\/wp-json\/wp\/v2\/users\/1"}],"replies":[{"embeddable":true,"href":"https:\/\/radioleinewelle.de\/index.php\/wp-json\/wp\/v2\/comments?post=28482"}],"version-history":[{"count":3,"href":"https:\/\/radioleinewelle.de\/index.php\/wp-json\/wp\/v2\/posts\/28482\/revisions"}],"predecessor-version":[{"id":28487,"href":"https:\/\/radioleinewelle.de\/index.php\/wp-json\/wp\/v2\/posts\/28482\/revisions\/28487"}],"wp:featuredmedia":[{"embeddable":true,"href":"https:\/\/radioleinewelle.de\/index.php\/wp-json\/wp\/v2\/media\/28483"}],"wp:attachment":[{"href":"https:\/\/radioleinewelle.de\/index.php\/wp-json\/wp\/v2\/media?parent=28482"}],"wp:term":[{"taxonomy":"category","embeddable":true,"href":"https:\/\/radioleinewelle.de\/index.php\/wp-json\/wp\/v2\/categories?post=28482"},{"taxonomy":"post_tag","embeddable":true,"href":"https:\/\/radioleinewelle.de\/index.php\/wp-json\/wp\/v2\/tags?post=28482"}],"curies":[{"name":"wp","href":"https:\/\/api.w.org\/{rel}","templated":true}]}}