{"id":28490,"date":"2025-06-18T09:04:59","date_gmt":"2025-06-18T07:04:59","guid":{"rendered":"https:\/\/radioleinewelle.de\/?p=28490"},"modified":"2025-06-18T09:05:00","modified_gmt":"2025-06-18T07:05:00","slug":"weiter-massive-probleme-bei-der-abfallentsorgung-im-landkreis-goettingen","status":"publish","type":"post","link":"https:\/\/radioleinewelle.de\/index.php\/2025\/06\/18\/weiter-massive-probleme-bei-der-abfallentsorgung-im-landkreis-goettingen\/","title":{"rendered":"Weiter massive Probleme bei der Abfallentsorgung im Landkreis G\u00f6ttingen"},"content":{"rendered":"\n<p>Berge von Wertstoffs\u00e4cken, Sperrm\u00fcll, nicht geleerte Tonnen, unklare Abholtermine. Die Abfallentsorgung im Landkreis G\u00f6ttingen l\u00e4uft nicht rund und f\u00fchrt zu massiver Ver\u00e4rgerung bei den B\u00fcrger*innen. Nun hat sich der Landkreis G\u00f6ttingen zu Wort gemeldet und best\u00e4tigt die Misst\u00e4nde. Dazu hei\u00dft es in der Stellungnahme:<\/p>\n\n\n\n<p><strong>Im Gebiet des Altkreises G\u00f6ttingen kommt es seit geraumer Zeit zu erheblichen St\u00f6rungen bei der Abfallentsorgung. Ebenso bei der Sperrm\u00fcllsammlung im gesamten Kreisgebiet. Betroffen ist die Abfuhr von Rest-, Bio- und Altpapierbeh\u00e4ltern sowie die Leerung der Gelben Tonne, die im Auftrag der Dualen Systeme erfolgt.<\/strong><\/p>\n\n\n\n<p>In der \u00f6ffentlichen Sitzung des Umweltausschusses am Freitag, 11.06.2025, nahm Umweltdezernentin Doreen Fragel klar Stellung zur aktuellen Situation: \u201eEs sind unhaltbare Zust\u00e4nde f\u00fcr die B\u00fcrgerinnen und B\u00fcrger im Landkreis G\u00f6ttingen. Wer Geb\u00fchren zahlt, hat ein Recht darauf, dass eine zuverl\u00e4ssige Abholung stattfindet. Die Unzuverl\u00e4ssigkeit ist nicht mehr erkl\u00e4rbar! Ich kann mich nur in aller Form f\u00fcr die derzeitigen Zust\u00e4nde entschuldigen. Wir arbeiten mit Hochdruck daran, dass die Abholung wieder funktioniert.\u201c<\/p>\n\n\n\n<p>Der Landkreis hat die zur Verf\u00fcgung stehenden vertraglichen M\u00f6glichkeiten ergriffen, um auf die unzureichende Leistung zu reagieren.<a>\u00a0<\/a>Die Gesch\u00e4ftsf\u00fchrung der Firma FKI sicherte in der Ausschusssitzung zu, dass d<strong>ie St\u00f6rungen bis sp\u00e4testens zum 31.08.2025 vollst\u00e4ndig behoben sein sollen.<\/strong> Als Hauptursachen wurden Personalengp\u00e4sse und fehlende Fahrzeuge benannt. Um die Situation zu verbessern, k\u00fcndigte FKI kurzfristige Investitionen in zus\u00e4tzliche Fahrzeuge sowie die Aufstockung des Personals an.<\/p>\n\n\n\n\n\n<p class=\"has-text-align-center\"><em><strong><mark style=\"background-color:rgba(0, 0, 0, 0)\" class=\"has-inline-color has-kubio-color-2-color\">Die Bev\u00f6lkerung hat Anspruch auf eine funktionierende Abfallentsorgung \u2013 und wir erwarten, dass dieser Anspruch wieder zuverl\u00e4ssig erf\u00fcllt wird<\/mark><\/strong><\/em><br><strong>Umweltdezernentin Doreen Fragel<\/strong><\/p>\n\n\n\n\n\n<p>Trotz gro\u00dfer Anstrengungen kann die Kreisverwaltung derzeit keine zuverl\u00e4ssigen Angaben zu Nachholterminen machen, da die beauftragte Firma die daf\u00fcr n\u00f6tigen Informationen nicht in ausreichender Verl\u00e4sslichkeit \u00fcbermittelt.<\/p>\n\n\n\n<p>\u201eWir haben verschiedene M\u00f6glichkeiten gepr\u00fcft, um die Ausf\u00e4lle kurzfristig abzufedern \u2013 unter anderem durch Anfragen bei anderen Entsorgungsfirmen. Leider blieb die Suche erfolglos, da derzeit keine zus\u00e4tzlichen Kapazit\u00e4ten am Markt verf\u00fcgbar sind. Umso wichtiger ist es, dass die Firma FKI ihren vertraglichen Pflichten jetzt in vollem Umfang nachkommt. Die Bev\u00f6lkerung hat Anspruch auf eine funktionierende Abfallentsorgung \u2013 und wir erwarten, dass dieser Anspruch wieder zuverl\u00e4ssig erf\u00fcllt wird\u201c, stellt Fragel klar.<\/p>\n\n\n\n<p><strong>Aktuell wird empfohlen, die Tonnen weiterhin am Stra\u00dfenrand stehen zu lassen, damit eine nachtr\u00e4gliche Abholung erfolgen kann.<\/strong><\/p>\n\n\n\n<p><strong>Foto:<\/strong> <a href=\"https:\/\/pixabay.com\/users\/manfredrichter-4055600\/?utm_source=link-attribution&amp;utm_medium=referral&amp;utm_campaign=image&amp;utm_content=3979757\">Manfred Richter<\/a> from <a href=\"https:\/\/pixabay.com\/\/?utm_source=link-attribution&amp;utm_medium=referral&amp;utm_campaign=image&amp;utm_content=3979757\">Pixabay<\/a><\/p>\n","protected":false},"excerpt":{"rendered":"<p>Berge von Wertstoffs\u00e4cken, Sperrm\u00fcll, nicht geleerte Tonnen, unklare Abholtermine. Die Abfallentsorgung im Landkreis G\u00f6ttingen l\u00e4uft nicht rund und f\u00fchrt zu massiver Ver\u00e4rgerung bei den B\u00fcrger*innen. Nun hat sich der Landkreis G\u00f6ttingen zu Wort gemeldet und best\u00e4tigt die Misst\u00e4nde. Dazu hei\u00dft es in der Stellungnahme: Im Gebiet des Altkreises G\u00f6ttingen kommt es seit geraumer Zeit zu [&hellip;]<\/p>\n","protected":false},"author":1,"featured_media":28494,"comment_status":"open","ping_status":"open","sticky":false,"template":"","format":"standard","meta":{"saved_in_kubio":false,"footnotes":""},"categories":[1],"tags":[],"class_list":["post-28490","post","type-post","status-publish","format-standard","has-post-thumbnail","hentry","category-allgemein"],"yoast_head":"<!-- This site is optimized with the Yoast SEO plugin v27.5 - https:\/\/yoast.com\/product\/yoast-seo-wordpress\/ -->\n<title>Weiter massive Probleme bei der Abfallentsorgung im Landkreis G\u00f6ttingen - Radio Leinewelle<\/title>\n<meta name=\"robots\" content=\"index, follow, max-snippet:-1, max-image-preview:large, max-video-preview:-1\" \/>\n<link rel=\"canonical\" href=\"https:\/\/radioleinewelle.de\/index.php\/2025\/06\/18\/weiter-massive-probleme-bei-der-abfallentsorgung-im-landkreis-goettingen\/\" \/>\n<meta property=\"og:locale\" content=\"de_DE\" \/>\n<meta property=\"og:type\" content=\"article\" \/>\n<meta property=\"og:title\" content=\"Weiter massive Probleme bei der Abfallentsorgung im Landkreis G\u00f6ttingen - Radio Leinewelle\" \/>\n<meta property=\"og:description\" content=\"Berge von Wertstoffs\u00e4cken, Sperrm\u00fcll, nicht geleerte Tonnen, unklare Abholtermine. Die Abfallentsorgung im Landkreis G\u00f6ttingen l\u00e4uft nicht rund und f\u00fchrt zu massiver Ver\u00e4rgerung bei den B\u00fcrger*innen. Nun hat sich der Landkreis G\u00f6ttingen zu Wort gemeldet und best\u00e4tigt die Misst\u00e4nde. Dazu hei\u00dft es in der Stellungnahme: Im Gebiet des Altkreises G\u00f6ttingen kommt es seit geraumer Zeit zu [&hellip;]\" \/>\n<meta property=\"og:url\" content=\"https:\/\/radioleinewelle.de\/index.php\/2025\/06\/18\/weiter-massive-probleme-bei-der-abfallentsorgung-im-landkreis-goettingen\/\" \/>\n<meta property=\"og:site_name\" content=\"Radio Leinewelle\" \/>\n<meta property=\"article:publisher\" content=\"https:\/\/www.facebook.com\/radioleinewelle\" \/>\n<meta property=\"article:author\" content=\"https:\/\/www.facebook.com\/radioleinewelle\" \/>\n<meta property=\"article:published_time\" content=\"2025-06-18T07:04:59+00:00\" \/>\n<meta property=\"article:modified_time\" content=\"2025-06-18T07:05:00+00:00\" \/>\n<meta property=\"og:image\" content=\"https:\/\/radioleinewelle.de\/wp-content\/uploads\/2025\/06\/garbage-cans-3979757_1280.jpg\" \/>\n\t<meta property=\"og:image:width\" content=\"1280\" \/>\n\t<meta property=\"og:image:height\" content=\"853\" \/>\n\t<meta property=\"og:image:type\" content=\"image\/jpeg\" \/>\n<meta name=\"author\" content=\"Leinewelle\" \/>\n<meta name=\"twitter:card\" content=\"summary_large_image\" \/>\n<meta name=\"twitter:creator\" content=\"@https:\/\/twitter.com\/RLeinewelle?ref_src=twsrcgoogletwcampserptwgrauthor\" \/>\n<meta name=\"twitter:site\" content=\"@RLeinewelle\" \/>\n<meta name=\"twitter:label1\" content=\"Verfasst von\" \/>\n\t<meta name=\"twitter:data1\" content=\"Leinewelle\" \/>\n\t<meta name=\"twitter:label2\" content=\"Gesch\u00e4tzte Lesezeit\" \/>\n\t<meta name=\"twitter:data2\" content=\"3\u00a0Minuten\" \/>\n<script type=\"application\/ld+json\" class=\"yoast-schema-graph\">{\"@context\":\"https:\\\/\\\/schema.org\",\"@graph\":[{\"@type\":\"Article\",\"@id\":\"https:\\\/\\\/radioleinewelle.de\\\/index.php\\\/2025\\\/06\\\/18\\\/weiter-massive-probleme-bei-der-abfallentsorgung-im-landkreis-goettingen\\\/#article\",\"isPartOf\":{\"@id\":\"https:\\\/\\\/radioleinewelle.de\\\/index.php\\\/2025\\\/06\\\/18\\\/weiter-massive-probleme-bei-der-abfallentsorgung-im-landkreis-goettingen\\\/\"},\"author\":{\"name\":\"Leinewelle\",\"@id\":\"https:\\\/\\\/radioleinewelle.de\\\/#\\\/schema\\\/person\\\/45606f348637df637192dc1b68399a63\"},\"headline\":\"Weiter massive Probleme bei der Abfallentsorgung im Landkreis G\u00f6ttingen\",\"datePublished\":\"2025-06-18T07:04:59+00:00\",\"dateModified\":\"2025-06-18T07:05:00+00:00\",\"mainEntityOfPage\":{\"@id\":\"https:\\\/\\\/radioleinewelle.de\\\/index.php\\\/2025\\\/06\\\/18\\\/weiter-massive-probleme-bei-der-abfallentsorgung-im-landkreis-goettingen\\\/\"},\"wordCount\":424,\"commentCount\":0,\"publisher\":{\"@id\":\"https:\\\/\\\/radioleinewelle.de\\\/#organization\"},\"image\":{\"@id\":\"https:\\\/\\\/radioleinewelle.de\\\/index.php\\\/2025\\\/06\\\/18\\\/weiter-massive-probleme-bei-der-abfallentsorgung-im-landkreis-goettingen\\\/#primaryimage\"},\"thumbnailUrl\":\"https:\\\/\\\/radioleinewelle.de\\\/wp-content\\\/uploads\\\/2025\\\/06\\\/garbage-cans-3979757_1280.jpg\",\"inLanguage\":\"de\",\"potentialAction\":[{\"@type\":\"CommentAction\",\"name\":\"Comment\",\"target\":[\"https:\\\/\\\/radioleinewelle.de\\\/index.php\\\/2025\\\/06\\\/18\\\/weiter-massive-probleme-bei-der-abfallentsorgung-im-landkreis-goettingen\\\/#respond\"]}]},{\"@type\":\"WebPage\",\"@id\":\"https:\\\/\\\/radioleinewelle.de\\\/index.php\\\/2025\\\/06\\\/18\\\/weiter-massive-probleme-bei-der-abfallentsorgung-im-landkreis-goettingen\\\/\",\"url\":\"https:\\\/\\\/radioleinewelle.de\\\/index.php\\\/2025\\\/06\\\/18\\\/weiter-massive-probleme-bei-der-abfallentsorgung-im-landkreis-goettingen\\\/\",\"name\":\"Weiter massive Probleme bei der Abfallentsorgung im Landkreis G\u00f6ttingen - Radio Leinewelle\",\"isPartOf\":{\"@id\":\"https:\\\/\\\/radioleinewelle.de\\\/#website\"},\"primaryImageOfPage\":{\"@id\":\"https:\\\/\\\/radioleinewelle.de\\\/index.php\\\/2025\\\/06\\\/18\\\/weiter-massive-probleme-bei-der-abfallentsorgung-im-landkreis-goettingen\\\/#primaryimage\"},\"image\":{\"@id\":\"https:\\\/\\\/radioleinewelle.de\\\/index.php\\\/2025\\\/06\\\/18\\\/weiter-massive-probleme-bei-der-abfallentsorgung-im-landkreis-goettingen\\\/#primaryimage\"},\"thumbnailUrl\":\"https:\\\/\\\/radioleinewelle.de\\\/wp-content\\\/uploads\\\/2025\\\/06\\\/garbage-cans-3979757_1280.jpg\",\"datePublished\":\"2025-06-18T07:04:59+00:00\",\"dateModified\":\"2025-06-18T07:05:00+00:00\",\"breadcrumb\":{\"@id\":\"https:\\\/\\\/radioleinewelle.de\\\/index.php\\\/2025\\\/06\\\/18\\\/weiter-massive-probleme-bei-der-abfallentsorgung-im-landkreis-goettingen\\\/#breadcrumb\"},\"inLanguage\":\"de\",\"potentialAction\":[{\"@type\":\"ReadAction\",\"target\":[\"https:\\\/\\\/radioleinewelle.de\\\/index.php\\\/2025\\\/06\\\/18\\\/weiter-massive-probleme-bei-der-abfallentsorgung-im-landkreis-goettingen\\\/\"]}]},{\"@type\":\"ImageObject\",\"inLanguage\":\"de\",\"@id\":\"https:\\\/\\\/radioleinewelle.de\\\/index.php\\\/2025\\\/06\\\/18\\\/weiter-massive-probleme-bei-der-abfallentsorgung-im-landkreis-goettingen\\\/#primaryimage\",\"url\":\"https:\\\/\\\/radioleinewelle.de\\\/wp-content\\\/uploads\\\/2025\\\/06\\\/garbage-cans-3979757_1280.jpg\",\"contentUrl\":\"https:\\\/\\\/radioleinewelle.de\\\/wp-content\\\/uploads\\\/2025\\\/06\\\/garbage-cans-3979757_1280.jpg\",\"width\":1280,\"height\":853},{\"@type\":\"BreadcrumbList\",\"@id\":\"https:\\\/\\\/radioleinewelle.de\\\/index.php\\\/2025\\\/06\\\/18\\\/weiter-massive-probleme-bei-der-abfallentsorgung-im-landkreis-goettingen\\\/#breadcrumb\",\"itemListElement\":[{\"@type\":\"ListItem\",\"position\":1,\"name\":\"Startseite\",\"item\":\"https:\\\/\\\/radioleinewelle.de\\\/\"},{\"@type\":\"ListItem\",\"position\":2,\"name\":\"Weiter massive Probleme bei der Abfallentsorgung im Landkreis G\u00f6ttingen\"}]},{\"@type\":\"WebSite\",\"@id\":\"https:\\\/\\\/radioleinewelle.de\\\/#website\",\"url\":\"https:\\\/\\\/radioleinewelle.de\\\/\",\"name\":\"Radio Leinewelle\",\"description\":\"\",\"publisher\":{\"@id\":\"https:\\\/\\\/radioleinewelle.de\\\/#organization\"},\"potentialAction\":[{\"@type\":\"SearchAction\",\"target\":{\"@type\":\"EntryPoint\",\"urlTemplate\":\"https:\\\/\\\/radioleinewelle.de\\\/?s={search_term_string}\"},\"query-input\":{\"@type\":\"PropertyValueSpecification\",\"valueRequired\":true,\"valueName\":\"search_term_string\"}}],\"inLanguage\":\"de\"},{\"@type\":\"Organization\",\"@id\":\"https:\\\/\\\/radioleinewelle.de\\\/#organization\",\"name\":\"Radio Leinewelle\",\"alternateName\":\"Mein Radio f\u00fcr S\u00fcdniedersachsen\",\"url\":\"https:\\\/\\\/radioleinewelle.de\\\/\",\"logo\":{\"@type\":\"ImageObject\",\"inLanguage\":\"de\",\"@id\":\"https:\\\/\\\/radioleinewelle.de\\\/#\\\/schema\\\/logo\\\/image\\\/\",\"url\":\"https:\\\/\\\/radioleinewelle.de\\\/wp-content\\\/uploads\\\/2023\\\/11\\\/cropped-Leinewelle_Logo_weiss.png\",\"contentUrl\":\"https:\\\/\\\/radioleinewelle.de\\\/wp-content\\\/uploads\\\/2023\\\/11\\\/cropped-Leinewelle_Logo_weiss.png\",\"width\":854,\"height\":260,\"caption\":\"Radio Leinewelle\"},\"image\":{\"@id\":\"https:\\\/\\\/radioleinewelle.de\\\/#\\\/schema\\\/logo\\\/image\\\/\"},\"sameAs\":[\"https:\\\/\\\/www.facebook.com\\\/radioleinewelle\",\"https:\\\/\\\/x.com\\\/RLeinewelle\",\"https:\\\/\\\/www.instagram.com\\\/radioleinewelle\\\/?hl=de\"]},{\"@type\":\"Person\",\"@id\":\"https:\\\/\\\/radioleinewelle.de\\\/#\\\/schema\\\/person\\\/45606f348637df637192dc1b68399a63\",\"name\":\"Leinewelle\",\"image\":{\"@type\":\"ImageObject\",\"inLanguage\":\"de\",\"@id\":\"https:\\\/\\\/secure.gravatar.com\\\/avatar\\\/05c9a17bc973052ee5d91549bd32fb4dd0dc85b7b85ae94b2e2b4943476bbea5?s=96&d=blank&r=g\",\"url\":\"https:\\\/\\\/secure.gravatar.com\\\/avatar\\\/05c9a17bc973052ee5d91549bd32fb4dd0dc85b7b85ae94b2e2b4943476bbea5?s=96&d=blank&r=g\",\"contentUrl\":\"https:\\\/\\\/secure.gravatar.com\\\/avatar\\\/05c9a17bc973052ee5d91549bd32fb4dd0dc85b7b85ae94b2e2b4943476bbea5?s=96&d=blank&r=g\",\"caption\":\"Leinewelle\"},\"sameAs\":[\"http:\\\/\\\/localhost\\\/radio%20leinewelle\\\/wordpress\",\"https:\\\/\\\/www.facebook.com\\\/radioleinewelle\",\"https:\\\/\\\/www.instagram.com\\\/radioleinewelle\",\"https:\\\/\\\/x.com\\\/https:\\\/\\\/twitter.com\\\/RLeinewelle?ref_src=twsrcgoogletwcampserptwgrauthor\",\"https:\\\/\\\/soundcloud.com\\\/foerderverein-lokalradio?utm_source=clipboard&utm_medium=text&utm_campaign=social_sharing\"],\"url\":\"https:\\\/\\\/radioleinewelle.de\\\/index.php\\\/author\\\/leinewelle\\\/\"}]}<\/script>\n<!-- \/ Yoast SEO plugin. -->","yoast_head_json":{"title":"Weiter massive Probleme bei der Abfallentsorgung im Landkreis G\u00f6ttingen - Radio Leinewelle","robots":{"index":"index","follow":"follow","max-snippet":"max-snippet:-1","max-image-preview":"max-image-preview:large","max-video-preview":"max-video-preview:-1"},"canonical":"https:\/\/radioleinewelle.de\/index.php\/2025\/06\/18\/weiter-massive-probleme-bei-der-abfallentsorgung-im-landkreis-goettingen\/","og_locale":"de_DE","og_type":"article","og_title":"Weiter massive Probleme bei der Abfallentsorgung im Landkreis G\u00f6ttingen - Radio Leinewelle","og_description":"Berge von Wertstoffs\u00e4cken, Sperrm\u00fcll, nicht geleerte Tonnen, unklare Abholtermine. Die Abfallentsorgung im Landkreis G\u00f6ttingen l\u00e4uft nicht rund und f\u00fchrt zu massiver Ver\u00e4rgerung bei den B\u00fcrger*innen. Nun hat sich der Landkreis G\u00f6ttingen zu Wort gemeldet und best\u00e4tigt die Misst\u00e4nde. Dazu hei\u00dft es in der Stellungnahme: Im Gebiet des Altkreises G\u00f6ttingen kommt es seit geraumer Zeit zu [&hellip;]","og_url":"https:\/\/radioleinewelle.de\/index.php\/2025\/06\/18\/weiter-massive-probleme-bei-der-abfallentsorgung-im-landkreis-goettingen\/","og_site_name":"Radio Leinewelle","article_publisher":"https:\/\/www.facebook.com\/radioleinewelle","article_author":"https:\/\/www.facebook.com\/radioleinewelle","article_published_time":"2025-06-18T07:04:59+00:00","article_modified_time":"2025-06-18T07:05:00+00:00","og_image":[{"width":1280,"height":853,"url":"https:\/\/radioleinewelle.de\/wp-content\/uploads\/2025\/06\/garbage-cans-3979757_1280.jpg","type":"image\/jpeg"}],"author":"Leinewelle","twitter_card":"summary_large_image","twitter_creator":"@https:\/\/twitter.com\/RLeinewelle?ref_src=twsrcgoogletwcampserptwgrauthor","twitter_site":"@RLeinewelle","twitter_misc":{"Verfasst von":"Leinewelle","Gesch\u00e4tzte Lesezeit":"3\u00a0Minuten"},"schema":{"@context":"https:\/\/schema.org","@graph":[{"@type":"Article","@id":"https:\/\/radioleinewelle.de\/index.php\/2025\/06\/18\/weiter-massive-probleme-bei-der-abfallentsorgung-im-landkreis-goettingen\/#article","isPartOf":{"@id":"https:\/\/radioleinewelle.de\/index.php\/2025\/06\/18\/weiter-massive-probleme-bei-der-abfallentsorgung-im-landkreis-goettingen\/"},"author":{"name":"Leinewelle","@id":"https:\/\/radioleinewelle.de\/#\/schema\/person\/45606f348637df637192dc1b68399a63"},"headline":"Weiter massive Probleme bei der Abfallentsorgung im Landkreis G\u00f6ttingen","datePublished":"2025-06-18T07:04:59+00:00","dateModified":"2025-06-18T07:05:00+00:00","mainEntityOfPage":{"@id":"https:\/\/radioleinewelle.de\/index.php\/2025\/06\/18\/weiter-massive-probleme-bei-der-abfallentsorgung-im-landkreis-goettingen\/"},"wordCount":424,"commentCount":0,"publisher":{"@id":"https:\/\/radioleinewelle.de\/#organization"},"image":{"@id":"https:\/\/radioleinewelle.de\/index.php\/2025\/06\/18\/weiter-massive-probleme-bei-der-abfallentsorgung-im-landkreis-goettingen\/#primaryimage"},"thumbnailUrl":"https:\/\/radioleinewelle.de\/wp-content\/uploads\/2025\/06\/garbage-cans-3979757_1280.jpg","inLanguage":"de","potentialAction":[{"@type":"CommentAction","name":"Comment","target":["https:\/\/radioleinewelle.de\/index.php\/2025\/06\/18\/weiter-massive-probleme-bei-der-abfallentsorgung-im-landkreis-goettingen\/#respond"]}]},{"@type":"WebPage","@id":"https:\/\/radioleinewelle.de\/index.php\/2025\/06\/18\/weiter-massive-probleme-bei-der-abfallentsorgung-im-landkreis-goettingen\/","url":"https:\/\/radioleinewelle.de\/index.php\/2025\/06\/18\/weiter-massive-probleme-bei-der-abfallentsorgung-im-landkreis-goettingen\/","name":"Weiter massive Probleme bei der Abfallentsorgung im Landkreis G\u00f6ttingen - Radio Leinewelle","isPartOf":{"@id":"https:\/\/radioleinewelle.de\/#website"},"primaryImageOfPage":{"@id":"https:\/\/radioleinewelle.de\/index.php\/2025\/06\/18\/weiter-massive-probleme-bei-der-abfallentsorgung-im-landkreis-goettingen\/#primaryimage"},"image":{"@id":"https:\/\/radioleinewelle.de\/index.php\/2025\/06\/18\/weiter-massive-probleme-bei-der-abfallentsorgung-im-landkreis-goettingen\/#primaryimage"},"thumbnailUrl":"https:\/\/radioleinewelle.de\/wp-content\/uploads\/2025\/06\/garbage-cans-3979757_1280.jpg","datePublished":"2025-06-18T07:04:59+00:00","dateModified":"2025-06-18T07:05:00+00:00","breadcrumb":{"@id":"https:\/\/radioleinewelle.de\/index.php\/2025\/06\/18\/weiter-massive-probleme-bei-der-abfallentsorgung-im-landkreis-goettingen\/#breadcrumb"},"inLanguage":"de","potentialAction":[{"@type":"ReadAction","target":["https:\/\/radioleinewelle.de\/index.php\/2025\/06\/18\/weiter-massive-probleme-bei-der-abfallentsorgung-im-landkreis-goettingen\/"]}]},{"@type":"ImageObject","inLanguage":"de","@id":"https:\/\/radioleinewelle.de\/index.php\/2025\/06\/18\/weiter-massive-probleme-bei-der-abfallentsorgung-im-landkreis-goettingen\/#primaryimage","url":"https:\/\/radioleinewelle.de\/wp-content\/uploads\/2025\/06\/garbage-cans-3979757_1280.jpg","contentUrl":"https:\/\/radioleinewelle.de\/wp-content\/uploads\/2025\/06\/garbage-cans-3979757_1280.jpg","width":1280,"height":853},{"@type":"BreadcrumbList","@id":"https:\/\/radioleinewelle.de\/index.php\/2025\/06\/18\/weiter-massive-probleme-bei-der-abfallentsorgung-im-landkreis-goettingen\/#breadcrumb","itemListElement":[{"@type":"ListItem","position":1,"name":"Startseite","item":"https:\/\/radioleinewelle.de\/"},{"@type":"ListItem","position":2,"name":"Weiter massive Probleme bei der Abfallentsorgung im Landkreis G\u00f6ttingen"}]},{"@type":"WebSite","@id":"https:\/\/radioleinewelle.de\/#website","url":"https:\/\/radioleinewelle.de\/","name":"Radio Leinewelle","description":"","publisher":{"@id":"https:\/\/radioleinewelle.de\/#organization"},"potentialAction":[{"@type":"SearchAction","target":{"@type":"EntryPoint","urlTemplate":"https:\/\/radioleinewelle.de\/?s={search_term_string}"},"query-input":{"@type":"PropertyValueSpecification","valueRequired":true,"valueName":"search_term_string"}}],"inLanguage":"de"},{"@type":"Organization","@id":"https:\/\/radioleinewelle.de\/#organization","name":"Radio Leinewelle","alternateName":"Mein Radio f\u00fcr S\u00fcdniedersachsen","url":"https:\/\/radioleinewelle.de\/","logo":{"@type":"ImageObject","inLanguage":"de","@id":"https:\/\/radioleinewelle.de\/#\/schema\/logo\/image\/","url":"https:\/\/radioleinewelle.de\/wp-content\/uploads\/2023\/11\/cropped-Leinewelle_Logo_weiss.png","contentUrl":"https:\/\/radioleinewelle.de\/wp-content\/uploads\/2023\/11\/cropped-Leinewelle_Logo_weiss.png","width":854,"height":260,"caption":"Radio Leinewelle"},"image":{"@id":"https:\/\/radioleinewelle.de\/#\/schema\/logo\/image\/"},"sameAs":["https:\/\/www.facebook.com\/radioleinewelle","https:\/\/x.com\/RLeinewelle","https:\/\/www.instagram.com\/radioleinewelle\/?hl=de"]},{"@type":"Person","@id":"https:\/\/radioleinewelle.de\/#\/schema\/person\/45606f348637df637192dc1b68399a63","name":"Leinewelle","image":{"@type":"ImageObject","inLanguage":"de","@id":"https:\/\/secure.gravatar.com\/avatar\/05c9a17bc973052ee5d91549bd32fb4dd0dc85b7b85ae94b2e2b4943476bbea5?s=96&d=blank&r=g","url":"https:\/\/secure.gravatar.com\/avatar\/05c9a17bc973052ee5d91549bd32fb4dd0dc85b7b85ae94b2e2b4943476bbea5?s=96&d=blank&r=g","contentUrl":"https:\/\/secure.gravatar.com\/avatar\/05c9a17bc973052ee5d91549bd32fb4dd0dc85b7b85ae94b2e2b4943476bbea5?s=96&d=blank&r=g","caption":"Leinewelle"},"sameAs":["http:\/\/localhost\/radio%20leinewelle\/wordpress","https:\/\/www.facebook.com\/radioleinewelle","https:\/\/www.instagram.com\/radioleinewelle","https:\/\/x.com\/https:\/\/twitter.com\/RLeinewelle?ref_src=twsrcgoogletwcampserptwgrauthor","https:\/\/soundcloud.com\/foerderverein-lokalradio?utm_source=clipboard&utm_medium=text&utm_campaign=social_sharing"],"url":"https:\/\/radioleinewelle.de\/index.php\/author\/leinewelle\/"}]}},"_links":{"self":[{"href":"https:\/\/radioleinewelle.de\/index.php\/wp-json\/wp\/v2\/posts\/28490","targetHints":{"allow":["GET"]}}],"collection":[{"href":"https:\/\/radioleinewelle.de\/index.php\/wp-json\/wp\/v2\/posts"}],"about":[{"href":"https:\/\/radioleinewelle.de\/index.php\/wp-json\/wp\/v2\/types\/post"}],"author":[{"embeddable":true,"href":"https:\/\/radioleinewelle.de\/index.php\/wp-json\/wp\/v2\/users\/1"}],"replies":[{"embeddable":true,"href":"https:\/\/radioleinewelle.de\/index.php\/wp-json\/wp\/v2\/comments?post=28490"}],"version-history":[{"count":6,"href":"https:\/\/radioleinewelle.de\/index.php\/wp-json\/wp\/v2\/posts\/28490\/revisions"}],"predecessor-version":[{"id":28498,"href":"https:\/\/radioleinewelle.de\/index.php\/wp-json\/wp\/v2\/posts\/28490\/revisions\/28498"}],"wp:featuredmedia":[{"embeddable":true,"href":"https:\/\/radioleinewelle.de\/index.php\/wp-json\/wp\/v2\/media\/28494"}],"wp:attachment":[{"href":"https:\/\/radioleinewelle.de\/index.php\/wp-json\/wp\/v2\/media?parent=28490"}],"wp:term":[{"taxonomy":"category","embeddable":true,"href":"https:\/\/radioleinewelle.de\/index.php\/wp-json\/wp\/v2\/categories?post=28490"},{"taxonomy":"post_tag","embeddable":true,"href":"https:\/\/radioleinewelle.de\/index.php\/wp-json\/wp\/v2\/tags?post=28490"}],"curies":[{"name":"wp","href":"https:\/\/api.w.org\/{rel}","templated":true}]}}