{"id":28499,"date":"2025-06-18T11:57:29","date_gmt":"2025-06-18T09:57:29","guid":{"rendered":"https:\/\/radioleinewelle.de\/?p=28499"},"modified":"2025-06-18T11:58:39","modified_gmt":"2025-06-18T09:58:39","slug":"sommerhitze-gefahr-fuer-hunde","status":"publish","type":"post","link":"https:\/\/radioleinewelle.de\/index.php\/2025\/06\/18\/sommerhitze-gefahr-fuer-hunde\/","title":{"rendered":"Sommerhitze &#8211; Gefahr f\u00fcr Hunde"},"content":{"rendered":"\n<p><strong>F\u00fcr viele ist der Sommer die sch\u00f6nste Jahreszeit, doch die Anzahl an Hitzetagen nimmt zu. Dies kann nicht nur f\u00fcr Menschen k\u00f6rperlich belastend sein \u2013 auch Haustiere leiden unter zu starker Hitze, wie Gundula Utzinger, Fachdienstleiterin Tierschutz im Bereich Verbraucherschutz und Veterin\u00e4rwesen beim Landkreis Kassel, informiert<\/strong>.<\/p>\n\n\n\n<p><em>&#8222;Wenn Tiere zu lange intensiver Sonneneinstrahlung und der damit verbundenen Hitze ausgesetzt sind, kann das schnell gef\u00e4hrlich werden. Eine ausreichende Versorgung mit Fl\u00fcssigkeit und gen\u00fcgend Schattenpl\u00e4tze sind in dieser Jahreszeit \u00fcberlebenswichtig&#8220;<\/em>, so die Tier\u00e4rztin.<br>Schattenpl\u00e4tze sollten nach M\u00f6glichkeit unter gr\u00f6\u00dferen Baumgruppen liegen. Auch Unterst\u00e4nde und Schattennetze, die nicht der direkten Sonneneinstrahlung ausgesetzt sind, bieten sich als Hitzeschutz f\u00fcr Tiere an, die im Freien gehalten werden \u2013 etwa Pferde, Schafe, Ziegen, Rinder oder Gefl\u00fcgel. Schattige Pl\u00e4tze bieten neben Abk\u00fchlung auch Schutz vor Fliegen, Bremsen und Stechm\u00fccken. Die Pl\u00e4tze sollten so gro\u00df sein, dass alle Tiere gleichzeitig dort Schutz finden k\u00f6nnen.<br><strong>Hitzefalle Auto<\/strong><br>Auch Hunde leiden unter starker Hitze. Die vierbeinigen Familienmitglieder sollten daher im Sommer niemals im Auto zur\u00fcckgelassen werden. <em>&#8222;Tiere sollten ab einer Au\u00dfentemperatur von \u00fcber 20 Grad Celsius nicht im Auto bleiben. Der Hitzestress kann bei den Tieren zu einem Kreislaufkollaps oder sogar zum Tod f\u00fchren&#8220;<\/em>, warnt Utzinger. Bei 20 Grad Au\u00dfentemperatur kann das Fahrzeuginnere nach einer Stunde 46 Grad erreichen. Bei 30 Grad Celsius wird dieser Wert schon nach einer halben Stunde \u00fcberschritten \u2013 Temperaturen, die lebensbedrohlich werden k\u00f6nnen. Denn die F\u00e4higkeit von Hunden, ihren K\u00f6rper durch Hecheln herunterzuk\u00fchlen, nimmt bereits ab 28 Grad ab. <em>&#8222;Das Risiko eines Hitzschlags ist sehr hoch&#8220;<\/em>, wei\u00df Gundula Utzinger nicht zuletzt aus gemeldeten F\u00e4llen, bei denen Hunde im Sommer zu lange im Auto bleiben mussten. <em>&#8222;Wer bei seinem Hund eine \u00dcberhitzung vermutet, sollte sofort den n\u00e4chstgelegenen Tierarzt aufsuchen. Hier z\u00e4hlt jede Minute!&#8220;<\/em><\/p>\n\n\n\n\n\n<p class=\"has-text-align-center\"><strong><mark style=\"background-color:rgba(0, 0, 0, 0)\" class=\"has-inline-color has-kubio-color-2-color\"><em>Das Risiko eines Hitzschlags ist sehr hoch<\/em><\/mark><\/strong><br><strong>Gundula Utzinger<\/strong>, Fachdienstleiterin Tierschutz Landkreis Kassel<\/p>\n\n\n\n\n\n<p><br>Besonders brachyzephale, also kurzk\u00f6pfige Hunderassen wie Mops, Bulldoggenarten oder Shih-Tzus, haben im Sommer durch ihre deformierte Sch\u00e4delanatomie und verk\u00fcrzten Atemwege Probleme mit der Thermoregulation und neigen noch schneller dazu, lebensgef\u00e4hrlich zu \u00fcberhitzen. Halterinnen und Halter legen l\u00e4ngere Spazierg\u00e4nge daher besser in die fr\u00fchen Morgen- oder sp\u00e4ten Abendstunden. Zudem sollte darauf geachtet werden, dass der Asphalt nicht zu hei\u00df ist, da sonst Verletzungen an den empfindlichen Pfoten drohen.<br>Auch Nagetiere wie Kaninchen oder Meerschweinchen sind betroffen. Sie k\u00f6nnen nicht schwitzen und verkraften daher hohe Temperaturen nur schwer. Deshalb sollte der Stall keinesfalls in der prallen Sonne stehen. Auch Wasser und Heu m\u00fcssen jederzeit zur Verf\u00fcgung stehen. Wer seinen Nagern zus\u00e4tzlich Abk\u00fchlung verschaffen will, kann auch kalte Steine in den Stall legen.<br>F\u00fcr weitere Informationen oder Fragen steht der Fachbereich Veterin\u00e4rwesen und Verbraucherschutz in Wolfhagen werktags unter der Telefonnummer 0561\u22121003 3300 zur Verf\u00fcgung.<\/p>\n\n\n\n<p class=\"has-small-font-size\"><strong>Symbolbild: <\/strong> <a href=\"https:\/\/pixabay.com\/users\/herney-3516803\/?utm_source=link-attribution&amp;utm_medium=referral&amp;utm_campaign=image&amp;utm_content=1749382\">Herney G\u00f3mez<\/a> from <a href=\"https:\/\/pixabay.com\/\/?utm_source=link-attribution&amp;utm_medium=referral&amp;utm_campaign=image&amp;utm_content=1749382\">Pixabay<\/a><br><\/p>\n\n\n\n<p><\/p>\n","protected":false},"excerpt":{"rendered":"<p>F\u00fcr viele ist der Sommer die sch\u00f6nste Jahreszeit, doch die Anzahl an Hitzetagen nimmt zu. Dies kann nicht nur f\u00fcr Menschen k\u00f6rperlich belastend sein \u2013 auch Haustiere leiden unter zu starker Hitze, wie Gundula Utzinger, Fachdienstleiterin Tierschutz im Bereich Verbraucherschutz und Veterin\u00e4rwesen beim Landkreis Kassel, informiert. &#8222;Wenn Tiere zu lange intensiver Sonneneinstrahlung und der damit [&hellip;]<\/p>\n","protected":false},"author":1,"featured_media":28503,"comment_status":"open","ping_status":"open","sticky":false,"template":"","format":"standard","meta":{"saved_in_kubio":false,"footnotes":""},"categories":[1],"tags":[],"class_list":["post-28499","post","type-post","status-publish","format-standard","has-post-thumbnail","hentry","category-allgemein"],"yoast_head":"<!-- This site is optimized with the Yoast SEO plugin v27.5 - https:\/\/yoast.com\/product\/yoast-seo-wordpress\/ -->\n<title>Sommerhitze - Gefahr f\u00fcr Hunde - Radio Leinewelle<\/title>\n<meta name=\"robots\" content=\"index, follow, max-snippet:-1, max-image-preview:large, max-video-preview:-1\" \/>\n<link rel=\"canonical\" href=\"https:\/\/radioleinewelle.de\/index.php\/2025\/06\/18\/sommerhitze-gefahr-fuer-hunde\/\" \/>\n<meta property=\"og:locale\" content=\"de_DE\" \/>\n<meta property=\"og:type\" content=\"article\" \/>\n<meta property=\"og:title\" content=\"Sommerhitze - Gefahr f\u00fcr Hunde - Radio Leinewelle\" \/>\n<meta property=\"og:description\" content=\"F\u00fcr viele ist der Sommer die sch\u00f6nste Jahreszeit, doch die Anzahl an Hitzetagen nimmt zu. Dies kann nicht nur f\u00fcr Menschen k\u00f6rperlich belastend sein \u2013 auch Haustiere leiden unter zu starker Hitze, wie Gundula Utzinger, Fachdienstleiterin Tierschutz im Bereich Verbraucherschutz und Veterin\u00e4rwesen beim Landkreis Kassel, informiert. &#8222;Wenn Tiere zu lange intensiver Sonneneinstrahlung und der damit [&hellip;]\" \/>\n<meta property=\"og:url\" content=\"https:\/\/radioleinewelle.de\/index.php\/2025\/06\/18\/sommerhitze-gefahr-fuer-hunde\/\" \/>\n<meta property=\"og:site_name\" content=\"Radio Leinewelle\" \/>\n<meta property=\"article:publisher\" content=\"https:\/\/www.facebook.com\/radioleinewelle\" \/>\n<meta property=\"article:author\" content=\"https:\/\/www.facebook.com\/radioleinewelle\" \/>\n<meta property=\"article:published_time\" content=\"2025-06-18T09:57:29+00:00\" \/>\n<meta property=\"article:modified_time\" content=\"2025-06-18T09:58:39+00:00\" \/>\n<meta property=\"og:image\" content=\"https:\/\/radioleinewelle.de\/wp-content\/uploads\/2025\/06\/friends-1749382_1280.jpg\" \/>\n\t<meta property=\"og:image:width\" content=\"1280\" \/>\n\t<meta property=\"og:image:height\" content=\"853\" \/>\n\t<meta property=\"og:image:type\" content=\"image\/jpeg\" \/>\n<meta name=\"author\" content=\"Leinewelle\" \/>\n<meta name=\"twitter:card\" content=\"summary_large_image\" \/>\n<meta name=\"twitter:creator\" content=\"@https:\/\/twitter.com\/RLeinewelle?ref_src=twsrcgoogletwcampserptwgrauthor\" \/>\n<meta name=\"twitter:site\" content=\"@RLeinewelle\" \/>\n<meta name=\"twitter:label1\" content=\"Verfasst von\" \/>\n\t<meta name=\"twitter:data1\" content=\"Leinewelle\" \/>\n\t<meta name=\"twitter:label2\" content=\"Gesch\u00e4tzte Lesezeit\" \/>\n\t<meta name=\"twitter:data2\" content=\"3\u00a0Minuten\" \/>\n<script type=\"application\/ld+json\" class=\"yoast-schema-graph\">{\"@context\":\"https:\\\/\\\/schema.org\",\"@graph\":[{\"@type\":\"Article\",\"@id\":\"https:\\\/\\\/radioleinewelle.de\\\/index.php\\\/2025\\\/06\\\/18\\\/sommerhitze-gefahr-fuer-hunde\\\/#article\",\"isPartOf\":{\"@id\":\"https:\\\/\\\/radioleinewelle.de\\\/index.php\\\/2025\\\/06\\\/18\\\/sommerhitze-gefahr-fuer-hunde\\\/\"},\"author\":{\"name\":\"Leinewelle\",\"@id\":\"https:\\\/\\\/radioleinewelle.de\\\/#\\\/schema\\\/person\\\/45606f348637df637192dc1b68399a63\"},\"headline\":\"Sommerhitze &#8211; Gefahr f\u00fcr Hunde\",\"datePublished\":\"2025-06-18T09:57:29+00:00\",\"dateModified\":\"2025-06-18T09:58:39+00:00\",\"mainEntityOfPage\":{\"@id\":\"https:\\\/\\\/radioleinewelle.de\\\/index.php\\\/2025\\\/06\\\/18\\\/sommerhitze-gefahr-fuer-hunde\\\/\"},\"wordCount\":490,\"commentCount\":0,\"publisher\":{\"@id\":\"https:\\\/\\\/radioleinewelle.de\\\/#organization\"},\"image\":{\"@id\":\"https:\\\/\\\/radioleinewelle.de\\\/index.php\\\/2025\\\/06\\\/18\\\/sommerhitze-gefahr-fuer-hunde\\\/#primaryimage\"},\"thumbnailUrl\":\"https:\\\/\\\/radioleinewelle.de\\\/wp-content\\\/uploads\\\/2025\\\/06\\\/friends-1749382_1280.jpg\",\"inLanguage\":\"de\",\"potentialAction\":[{\"@type\":\"CommentAction\",\"name\":\"Comment\",\"target\":[\"https:\\\/\\\/radioleinewelle.de\\\/index.php\\\/2025\\\/06\\\/18\\\/sommerhitze-gefahr-fuer-hunde\\\/#respond\"]}]},{\"@type\":\"WebPage\",\"@id\":\"https:\\\/\\\/radioleinewelle.de\\\/index.php\\\/2025\\\/06\\\/18\\\/sommerhitze-gefahr-fuer-hunde\\\/\",\"url\":\"https:\\\/\\\/radioleinewelle.de\\\/index.php\\\/2025\\\/06\\\/18\\\/sommerhitze-gefahr-fuer-hunde\\\/\",\"name\":\"Sommerhitze - Gefahr f\u00fcr Hunde - Radio Leinewelle\",\"isPartOf\":{\"@id\":\"https:\\\/\\\/radioleinewelle.de\\\/#website\"},\"primaryImageOfPage\":{\"@id\":\"https:\\\/\\\/radioleinewelle.de\\\/index.php\\\/2025\\\/06\\\/18\\\/sommerhitze-gefahr-fuer-hunde\\\/#primaryimage\"},\"image\":{\"@id\":\"https:\\\/\\\/radioleinewelle.de\\\/index.php\\\/2025\\\/06\\\/18\\\/sommerhitze-gefahr-fuer-hunde\\\/#primaryimage\"},\"thumbnailUrl\":\"https:\\\/\\\/radioleinewelle.de\\\/wp-content\\\/uploads\\\/2025\\\/06\\\/friends-1749382_1280.jpg\",\"datePublished\":\"2025-06-18T09:57:29+00:00\",\"dateModified\":\"2025-06-18T09:58:39+00:00\",\"breadcrumb\":{\"@id\":\"https:\\\/\\\/radioleinewelle.de\\\/index.php\\\/2025\\\/06\\\/18\\\/sommerhitze-gefahr-fuer-hunde\\\/#breadcrumb\"},\"inLanguage\":\"de\",\"potentialAction\":[{\"@type\":\"ReadAction\",\"target\":[\"https:\\\/\\\/radioleinewelle.de\\\/index.php\\\/2025\\\/06\\\/18\\\/sommerhitze-gefahr-fuer-hunde\\\/\"]}]},{\"@type\":\"ImageObject\",\"inLanguage\":\"de\",\"@id\":\"https:\\\/\\\/radioleinewelle.de\\\/index.php\\\/2025\\\/06\\\/18\\\/sommerhitze-gefahr-fuer-hunde\\\/#primaryimage\",\"url\":\"https:\\\/\\\/radioleinewelle.de\\\/wp-content\\\/uploads\\\/2025\\\/06\\\/friends-1749382_1280.jpg\",\"contentUrl\":\"https:\\\/\\\/radioleinewelle.de\\\/wp-content\\\/uploads\\\/2025\\\/06\\\/friends-1749382_1280.jpg\",\"width\":1280,\"height\":853},{\"@type\":\"BreadcrumbList\",\"@id\":\"https:\\\/\\\/radioleinewelle.de\\\/index.php\\\/2025\\\/06\\\/18\\\/sommerhitze-gefahr-fuer-hunde\\\/#breadcrumb\",\"itemListElement\":[{\"@type\":\"ListItem\",\"position\":1,\"name\":\"Startseite\",\"item\":\"https:\\\/\\\/radioleinewelle.de\\\/\"},{\"@type\":\"ListItem\",\"position\":2,\"name\":\"Sommerhitze &#8211; Gefahr f\u00fcr Hunde\"}]},{\"@type\":\"WebSite\",\"@id\":\"https:\\\/\\\/radioleinewelle.de\\\/#website\",\"url\":\"https:\\\/\\\/radioleinewelle.de\\\/\",\"name\":\"Radio Leinewelle\",\"description\":\"\",\"publisher\":{\"@id\":\"https:\\\/\\\/radioleinewelle.de\\\/#organization\"},\"potentialAction\":[{\"@type\":\"SearchAction\",\"target\":{\"@type\":\"EntryPoint\",\"urlTemplate\":\"https:\\\/\\\/radioleinewelle.de\\\/?s={search_term_string}\"},\"query-input\":{\"@type\":\"PropertyValueSpecification\",\"valueRequired\":true,\"valueName\":\"search_term_string\"}}],\"inLanguage\":\"de\"},{\"@type\":\"Organization\",\"@id\":\"https:\\\/\\\/radioleinewelle.de\\\/#organization\",\"name\":\"Radio Leinewelle\",\"alternateName\":\"Mein Radio f\u00fcr S\u00fcdniedersachsen\",\"url\":\"https:\\\/\\\/radioleinewelle.de\\\/\",\"logo\":{\"@type\":\"ImageObject\",\"inLanguage\":\"de\",\"@id\":\"https:\\\/\\\/radioleinewelle.de\\\/#\\\/schema\\\/logo\\\/image\\\/\",\"url\":\"https:\\\/\\\/radioleinewelle.de\\\/wp-content\\\/uploads\\\/2023\\\/11\\\/cropped-Leinewelle_Logo_weiss.png\",\"contentUrl\":\"https:\\\/\\\/radioleinewelle.de\\\/wp-content\\\/uploads\\\/2023\\\/11\\\/cropped-Leinewelle_Logo_weiss.png\",\"width\":854,\"height\":260,\"caption\":\"Radio Leinewelle\"},\"image\":{\"@id\":\"https:\\\/\\\/radioleinewelle.de\\\/#\\\/schema\\\/logo\\\/image\\\/\"},\"sameAs\":[\"https:\\\/\\\/www.facebook.com\\\/radioleinewelle\",\"https:\\\/\\\/x.com\\\/RLeinewelle\",\"https:\\\/\\\/www.instagram.com\\\/radioleinewelle\\\/?hl=de\"]},{\"@type\":\"Person\",\"@id\":\"https:\\\/\\\/radioleinewelle.de\\\/#\\\/schema\\\/person\\\/45606f348637df637192dc1b68399a63\",\"name\":\"Leinewelle\",\"image\":{\"@type\":\"ImageObject\",\"inLanguage\":\"de\",\"@id\":\"https:\\\/\\\/secure.gravatar.com\\\/avatar\\\/05c9a17bc973052ee5d91549bd32fb4dd0dc85b7b85ae94b2e2b4943476bbea5?s=96&d=blank&r=g\",\"url\":\"https:\\\/\\\/secure.gravatar.com\\\/avatar\\\/05c9a17bc973052ee5d91549bd32fb4dd0dc85b7b85ae94b2e2b4943476bbea5?s=96&d=blank&r=g\",\"contentUrl\":\"https:\\\/\\\/secure.gravatar.com\\\/avatar\\\/05c9a17bc973052ee5d91549bd32fb4dd0dc85b7b85ae94b2e2b4943476bbea5?s=96&d=blank&r=g\",\"caption\":\"Leinewelle\"},\"sameAs\":[\"http:\\\/\\\/localhost\\\/radio%20leinewelle\\\/wordpress\",\"https:\\\/\\\/www.facebook.com\\\/radioleinewelle\",\"https:\\\/\\\/www.instagram.com\\\/radioleinewelle\",\"https:\\\/\\\/x.com\\\/https:\\\/\\\/twitter.com\\\/RLeinewelle?ref_src=twsrcgoogletwcampserptwgrauthor\",\"https:\\\/\\\/soundcloud.com\\\/foerderverein-lokalradio?utm_source=clipboard&utm_medium=text&utm_campaign=social_sharing\"],\"url\":\"https:\\\/\\\/radioleinewelle.de\\\/index.php\\\/author\\\/leinewelle\\\/\"}]}<\/script>\n<!-- \/ Yoast SEO plugin. -->","yoast_head_json":{"title":"Sommerhitze - Gefahr f\u00fcr Hunde - Radio Leinewelle","robots":{"index":"index","follow":"follow","max-snippet":"max-snippet:-1","max-image-preview":"max-image-preview:large","max-video-preview":"max-video-preview:-1"},"canonical":"https:\/\/radioleinewelle.de\/index.php\/2025\/06\/18\/sommerhitze-gefahr-fuer-hunde\/","og_locale":"de_DE","og_type":"article","og_title":"Sommerhitze - Gefahr f\u00fcr Hunde - Radio Leinewelle","og_description":"F\u00fcr viele ist der Sommer die sch\u00f6nste Jahreszeit, doch die Anzahl an Hitzetagen nimmt zu. Dies kann nicht nur f\u00fcr Menschen k\u00f6rperlich belastend sein \u2013 auch Haustiere leiden unter zu starker Hitze, wie Gundula Utzinger, Fachdienstleiterin Tierschutz im Bereich Verbraucherschutz und Veterin\u00e4rwesen beim Landkreis Kassel, informiert. &#8222;Wenn Tiere zu lange intensiver Sonneneinstrahlung und der damit [&hellip;]","og_url":"https:\/\/radioleinewelle.de\/index.php\/2025\/06\/18\/sommerhitze-gefahr-fuer-hunde\/","og_site_name":"Radio Leinewelle","article_publisher":"https:\/\/www.facebook.com\/radioleinewelle","article_author":"https:\/\/www.facebook.com\/radioleinewelle","article_published_time":"2025-06-18T09:57:29+00:00","article_modified_time":"2025-06-18T09:58:39+00:00","og_image":[{"width":1280,"height":853,"url":"https:\/\/radioleinewelle.de\/wp-content\/uploads\/2025\/06\/friends-1749382_1280.jpg","type":"image\/jpeg"}],"author":"Leinewelle","twitter_card":"summary_large_image","twitter_creator":"@https:\/\/twitter.com\/RLeinewelle?ref_src=twsrcgoogletwcampserptwgrauthor","twitter_site":"@RLeinewelle","twitter_misc":{"Verfasst von":"Leinewelle","Gesch\u00e4tzte Lesezeit":"3\u00a0Minuten"},"schema":{"@context":"https:\/\/schema.org","@graph":[{"@type":"Article","@id":"https:\/\/radioleinewelle.de\/index.php\/2025\/06\/18\/sommerhitze-gefahr-fuer-hunde\/#article","isPartOf":{"@id":"https:\/\/radioleinewelle.de\/index.php\/2025\/06\/18\/sommerhitze-gefahr-fuer-hunde\/"},"author":{"name":"Leinewelle","@id":"https:\/\/radioleinewelle.de\/#\/schema\/person\/45606f348637df637192dc1b68399a63"},"headline":"Sommerhitze &#8211; Gefahr f\u00fcr Hunde","datePublished":"2025-06-18T09:57:29+00:00","dateModified":"2025-06-18T09:58:39+00:00","mainEntityOfPage":{"@id":"https:\/\/radioleinewelle.de\/index.php\/2025\/06\/18\/sommerhitze-gefahr-fuer-hunde\/"},"wordCount":490,"commentCount":0,"publisher":{"@id":"https:\/\/radioleinewelle.de\/#organization"},"image":{"@id":"https:\/\/radioleinewelle.de\/index.php\/2025\/06\/18\/sommerhitze-gefahr-fuer-hunde\/#primaryimage"},"thumbnailUrl":"https:\/\/radioleinewelle.de\/wp-content\/uploads\/2025\/06\/friends-1749382_1280.jpg","inLanguage":"de","potentialAction":[{"@type":"CommentAction","name":"Comment","target":["https:\/\/radioleinewelle.de\/index.php\/2025\/06\/18\/sommerhitze-gefahr-fuer-hunde\/#respond"]}]},{"@type":"WebPage","@id":"https:\/\/radioleinewelle.de\/index.php\/2025\/06\/18\/sommerhitze-gefahr-fuer-hunde\/","url":"https:\/\/radioleinewelle.de\/index.php\/2025\/06\/18\/sommerhitze-gefahr-fuer-hunde\/","name":"Sommerhitze - Gefahr f\u00fcr Hunde - Radio Leinewelle","isPartOf":{"@id":"https:\/\/radioleinewelle.de\/#website"},"primaryImageOfPage":{"@id":"https:\/\/radioleinewelle.de\/index.php\/2025\/06\/18\/sommerhitze-gefahr-fuer-hunde\/#primaryimage"},"image":{"@id":"https:\/\/radioleinewelle.de\/index.php\/2025\/06\/18\/sommerhitze-gefahr-fuer-hunde\/#primaryimage"},"thumbnailUrl":"https:\/\/radioleinewelle.de\/wp-content\/uploads\/2025\/06\/friends-1749382_1280.jpg","datePublished":"2025-06-18T09:57:29+00:00","dateModified":"2025-06-18T09:58:39+00:00","breadcrumb":{"@id":"https:\/\/radioleinewelle.de\/index.php\/2025\/06\/18\/sommerhitze-gefahr-fuer-hunde\/#breadcrumb"},"inLanguage":"de","potentialAction":[{"@type":"ReadAction","target":["https:\/\/radioleinewelle.de\/index.php\/2025\/06\/18\/sommerhitze-gefahr-fuer-hunde\/"]}]},{"@type":"ImageObject","inLanguage":"de","@id":"https:\/\/radioleinewelle.de\/index.php\/2025\/06\/18\/sommerhitze-gefahr-fuer-hunde\/#primaryimage","url":"https:\/\/radioleinewelle.de\/wp-content\/uploads\/2025\/06\/friends-1749382_1280.jpg","contentUrl":"https:\/\/radioleinewelle.de\/wp-content\/uploads\/2025\/06\/friends-1749382_1280.jpg","width":1280,"height":853},{"@type":"BreadcrumbList","@id":"https:\/\/radioleinewelle.de\/index.php\/2025\/06\/18\/sommerhitze-gefahr-fuer-hunde\/#breadcrumb","itemListElement":[{"@type":"ListItem","position":1,"name":"Startseite","item":"https:\/\/radioleinewelle.de\/"},{"@type":"ListItem","position":2,"name":"Sommerhitze &#8211; Gefahr f\u00fcr Hunde"}]},{"@type":"WebSite","@id":"https:\/\/radioleinewelle.de\/#website","url":"https:\/\/radioleinewelle.de\/","name":"Radio Leinewelle","description":"","publisher":{"@id":"https:\/\/radioleinewelle.de\/#organization"},"potentialAction":[{"@type":"SearchAction","target":{"@type":"EntryPoint","urlTemplate":"https:\/\/radioleinewelle.de\/?s={search_term_string}"},"query-input":{"@type":"PropertyValueSpecification","valueRequired":true,"valueName":"search_term_string"}}],"inLanguage":"de"},{"@type":"Organization","@id":"https:\/\/radioleinewelle.de\/#organization","name":"Radio Leinewelle","alternateName":"Mein Radio f\u00fcr S\u00fcdniedersachsen","url":"https:\/\/radioleinewelle.de\/","logo":{"@type":"ImageObject","inLanguage":"de","@id":"https:\/\/radioleinewelle.de\/#\/schema\/logo\/image\/","url":"https:\/\/radioleinewelle.de\/wp-content\/uploads\/2023\/11\/cropped-Leinewelle_Logo_weiss.png","contentUrl":"https:\/\/radioleinewelle.de\/wp-content\/uploads\/2023\/11\/cropped-Leinewelle_Logo_weiss.png","width":854,"height":260,"caption":"Radio Leinewelle"},"image":{"@id":"https:\/\/radioleinewelle.de\/#\/schema\/logo\/image\/"},"sameAs":["https:\/\/www.facebook.com\/radioleinewelle","https:\/\/x.com\/RLeinewelle","https:\/\/www.instagram.com\/radioleinewelle\/?hl=de"]},{"@type":"Person","@id":"https:\/\/radioleinewelle.de\/#\/schema\/person\/45606f348637df637192dc1b68399a63","name":"Leinewelle","image":{"@type":"ImageObject","inLanguage":"de","@id":"https:\/\/secure.gravatar.com\/avatar\/05c9a17bc973052ee5d91549bd32fb4dd0dc85b7b85ae94b2e2b4943476bbea5?s=96&d=blank&r=g","url":"https:\/\/secure.gravatar.com\/avatar\/05c9a17bc973052ee5d91549bd32fb4dd0dc85b7b85ae94b2e2b4943476bbea5?s=96&d=blank&r=g","contentUrl":"https:\/\/secure.gravatar.com\/avatar\/05c9a17bc973052ee5d91549bd32fb4dd0dc85b7b85ae94b2e2b4943476bbea5?s=96&d=blank&r=g","caption":"Leinewelle"},"sameAs":["http:\/\/localhost\/radio%20leinewelle\/wordpress","https:\/\/www.facebook.com\/radioleinewelle","https:\/\/www.instagram.com\/radioleinewelle","https:\/\/x.com\/https:\/\/twitter.com\/RLeinewelle?ref_src=twsrcgoogletwcampserptwgrauthor","https:\/\/soundcloud.com\/foerderverein-lokalradio?utm_source=clipboard&utm_medium=text&utm_campaign=social_sharing"],"url":"https:\/\/radioleinewelle.de\/index.php\/author\/leinewelle\/"}]}},"_links":{"self":[{"href":"https:\/\/radioleinewelle.de\/index.php\/wp-json\/wp\/v2\/posts\/28499","targetHints":{"allow":["GET"]}}],"collection":[{"href":"https:\/\/radioleinewelle.de\/index.php\/wp-json\/wp\/v2\/posts"}],"about":[{"href":"https:\/\/radioleinewelle.de\/index.php\/wp-json\/wp\/v2\/types\/post"}],"author":[{"embeddable":true,"href":"https:\/\/radioleinewelle.de\/index.php\/wp-json\/wp\/v2\/users\/1"}],"replies":[{"embeddable":true,"href":"https:\/\/radioleinewelle.de\/index.php\/wp-json\/wp\/v2\/comments?post=28499"}],"version-history":[{"count":5,"href":"https:\/\/radioleinewelle.de\/index.php\/wp-json\/wp\/v2\/posts\/28499\/revisions"}],"predecessor-version":[{"id":28505,"href":"https:\/\/radioleinewelle.de\/index.php\/wp-json\/wp\/v2\/posts\/28499\/revisions\/28505"}],"wp:featuredmedia":[{"embeddable":true,"href":"https:\/\/radioleinewelle.de\/index.php\/wp-json\/wp\/v2\/media\/28503"}],"wp:attachment":[{"href":"https:\/\/radioleinewelle.de\/index.php\/wp-json\/wp\/v2\/media?parent=28499"}],"wp:term":[{"taxonomy":"category","embeddable":true,"href":"https:\/\/radioleinewelle.de\/index.php\/wp-json\/wp\/v2\/categories?post=28499"},{"taxonomy":"post_tag","embeddable":true,"href":"https:\/\/radioleinewelle.de\/index.php\/wp-json\/wp\/v2\/tags?post=28499"}],"curies":[{"name":"wp","href":"https:\/\/api.w.org\/{rel}","templated":true}]}}