{"id":28534,"date":"2025-06-24T08:05:55","date_gmt":"2025-06-24T06:05:55","guid":{"rendered":"https:\/\/radioleinewelle.de\/?p=28534"},"modified":"2025-06-24T08:08:37","modified_gmt":"2025-06-24T06:08:37","slug":"hidden-places-in-der-region-iv-der-eichwald","status":"publish","type":"post","link":"https:\/\/radioleinewelle.de\/index.php\/2025\/06\/24\/hidden-places-in-der-region-iv-der-eichwald\/","title":{"rendered":"Hidden Places in der Region IV &#8211; Der Eichwald"},"content":{"rendered":"\n<p>Der Eichwald ist der westlichste Ausl\u00e4ufer des Kaufunger Waldes. Einst war er herrschaftliches Jagdrevier. Landgraf Wilhelm VIII richtete hier 1740 eine Fasanerie ein. Jeden Herbst wurde zum Vergn\u00fcgen des Adels zur Jagd geblasen. Ab 1830 wurde aus der Fasanerie ein Tierpark, in dem auch heimisches Wild gezeigt wurde.<\/p>\n\n\n\n<p>Den alten Waldsportpfad s\u00e4umen alte Eichen \u2013 die Pflanzung dieser Eichenallee geht ebenfalls auf den Landgrafen zur\u00fcck. \u00dcber 200 Jahre zuvor, im Jahre 1513, wurde die Quelle der Eichwasserleitung gefasst und das Wasser in h\u00f6lzernen R\u00f6hren bis zum Renthof geleitet. Ab etwa 1726 ersetzten eiserne Gussrohre die Holzrohre, die Stilllegung der Wasserleitung erfolgte zu Beginn des 20. Jahrhunderts.<\/p>\n\n\n\n<p>Derzeit setzen sich die Baumarten des Eichwaldes haupts\u00e4chlich aus bis zu 300-j\u00e4hrigen Traubeneichen zusammen, die ungef\u00e4hr drei Viertel des Hauptbestandes einnehmen. Es folgt die Rotbuche, die ungef\u00e4hr 15 Prozent des Bestandes ausmacht, die \u00e4ltesten Exemplare werden auf etwa 160 Jahre datiert. Die Rotbuchen stehen einzeln auf der Fl\u00e4che verteilt, meist in den mittlerweile lichten L\u00fccken zwischen den Traubeneichen. Zudem findet man Hainbuchen und Gew\u00f6hnliche Eschen, Berg-Ahorn, Vogelkirsche, Winterlinde, Gew\u00f6hnlichen Robinie und Waldkiefer.\u00a0<br><\/p>\n\n\n\n\n\n<p>Der Eichwald f\u00e4llt in ein ausgewiesenes Landschaftsschutzgebiet, er wurde im Jahr 2013 als Kernfl\u00e4che Naturschutz ausgewiesen und damit auch einer forstwirtschaftlichen Nutzung entzogen. Da die Natur sich selbst \u00fcberlassen bleibt, wird sich der Eichwald immer mehr einen urwald\u00e4hnlichen Zustand entwickeln. Diesen Charakter hat er in weiten Bereichen bereits heute. Sterben alte B\u00e4ume langsam ab, bleiben sie stehen und werden nicht gef\u00e4llt. Ein in Deutschland selten gewordener K\u00e4fer, der Eremit, liebt diese Bedingungen. Er ern\u00e4hrt sich von F\u00e4ulnis und Pilzen zerfressenes Holz. Vielen anderen Insekten und V\u00f6geln sowie Flederm\u00e4usen bietet der Eichwald ebenfalls einen wertvollen Lebensraum.<\/p>\n\n\n\n<p>Der Eichwald \u2013 im Eigentum von HessenForst &#8211; ist insbesondere f\u00fcr die Bewohner der Eichwaldsiedlung ein beliebtes Naherholungsgebiet. Dessen Wege k\u00f6nnen auf eigene Gefahr betreten werden. Das dichte Wegenetz weist unterschiedliche Zust\u00e4nde auf. Der Mittelweg ist der breiteste und wird durch die bereits angesprochene alte Eichenallee ges\u00e4umt. Zwar ist er nicht befestigt, aber durch die regelm\u00e4\u00dfige Nutzung von Waldbesuchern kann er gut begangen werden und ist von Bodenvegetation freigehalten. Neben dem Hauptweg ziehen sich kleine Trampelpfade durch das gesamte Waldst\u00fcck. Westlich des Eichwalds befindet sich seit dem Drei\u00dfigj\u00e4hrigen Krieg der j\u00fcdische Friedhof von Kassel, oberhalb davon der Friedhof Bettenhausen.<\/p>\n\n\n\n<ul class=\"wp-block-list\">\n<li><a href=\"https:\/\/www.kassel.de\/buerger\/kunst_und_kultur\/parks-und-gaerten.php\" target=\"_blank\" rel=\"noreferrer noopener\">Weitere Infos zu Parks und G\u00e4rten in Kassel finden Sie hier:\u00a0<\/a><\/li>\n<\/ul>\n\n\n\n<p class=\"has-small-font-size\"><strong>Fotos:<\/strong> \u00a9Stadt Kassel\/AndreasWeber<\/p>\n","protected":false},"excerpt":{"rendered":"<p>Der Eichwald ist der westlichste Ausl\u00e4ufer des Kaufunger Waldes. Einst war er herrschaftliches Jagdrevier. Landgraf Wilhelm VIII richtete hier 1740 eine Fasanerie ein. Jeden Herbst wurde zum Vergn\u00fcgen des Adels zur Jagd geblasen. Ab 1830 wurde aus der Fasanerie ein Tierpark, in dem auch heimisches Wild gezeigt wurde. Den alten Waldsportpfad s\u00e4umen alte Eichen \u2013 [&hellip;]<\/p>\n","protected":false},"author":1,"featured_media":28538,"comment_status":"open","ping_status":"open","sticky":false,"template":"","format":"standard","meta":{"saved_in_kubio":false,"footnotes":""},"categories":[32,42],"tags":[],"class_list":["post-28534","post","type-post","status-publish","format-standard","has-post-thumbnail","hentry","category-natur-umwelt","category-regionaler-tourismus"],"yoast_head":"<!-- This site is optimized with the Yoast SEO plugin v27.5 - https:\/\/yoast.com\/product\/yoast-seo-wordpress\/ -->\n<title>Hidden Places in der Region IV - Der Eichwald - Radio Leinewelle<\/title>\n<meta name=\"robots\" content=\"index, follow, max-snippet:-1, max-image-preview:large, max-video-preview:-1\" \/>\n<link rel=\"canonical\" href=\"https:\/\/radioleinewelle.de\/index.php\/2025\/06\/24\/hidden-places-in-der-region-iv-der-eichwald\/\" \/>\n<meta property=\"og:locale\" content=\"de_DE\" \/>\n<meta property=\"og:type\" content=\"article\" \/>\n<meta property=\"og:title\" content=\"Hidden Places in der Region IV - Der Eichwald - Radio Leinewelle\" \/>\n<meta property=\"og:description\" content=\"Der Eichwald ist der westlichste Ausl\u00e4ufer des Kaufunger Waldes. Einst war er herrschaftliches Jagdrevier. Landgraf Wilhelm VIII richtete hier 1740 eine Fasanerie ein. Jeden Herbst wurde zum Vergn\u00fcgen des Adels zur Jagd geblasen. Ab 1830 wurde aus der Fasanerie ein Tierpark, in dem auch heimisches Wild gezeigt wurde. Den alten Waldsportpfad s\u00e4umen alte Eichen \u2013 [&hellip;]\" \/>\n<meta property=\"og:url\" content=\"https:\/\/radioleinewelle.de\/index.php\/2025\/06\/24\/hidden-places-in-der-region-iv-der-eichwald\/\" \/>\n<meta property=\"og:site_name\" content=\"Radio Leinewelle\" \/>\n<meta property=\"article:publisher\" content=\"https:\/\/www.facebook.com\/radioleinewelle\" \/>\n<meta property=\"article:author\" content=\"https:\/\/www.facebook.com\/radioleinewelle\" \/>\n<meta property=\"article:published_time\" content=\"2025-06-24T06:05:55+00:00\" \/>\n<meta property=\"article:modified_time\" content=\"2025-06-24T06:08:37+00:00\" \/>\n<meta property=\"og:image\" content=\"https:\/\/radioleinewelle.de\/wp-content\/uploads\/2025\/06\/Eichwald-2-e1750745252995.jpeg\" \/>\n\t<meta property=\"og:image:width\" content=\"1000\" \/>\n\t<meta property=\"og:image:height\" content=\"667\" \/>\n\t<meta property=\"og:image:type\" content=\"image\/jpeg\" \/>\n<meta name=\"author\" content=\"Leinewelle\" \/>\n<meta name=\"twitter:card\" content=\"summary_large_image\" \/>\n<meta name=\"twitter:creator\" content=\"@https:\/\/twitter.com\/RLeinewelle?ref_src=twsrcgoogletwcampserptwgrauthor\" \/>\n<meta name=\"twitter:site\" content=\"@RLeinewelle\" \/>\n<meta name=\"twitter:label1\" content=\"Verfasst von\" \/>\n\t<meta name=\"twitter:data1\" content=\"Leinewelle\" \/>\n\t<meta name=\"twitter:label2\" content=\"Gesch\u00e4tzte Lesezeit\" \/>\n\t<meta name=\"twitter:data2\" content=\"3\u00a0Minuten\" \/>\n<script type=\"application\/ld+json\" class=\"yoast-schema-graph\">{\"@context\":\"https:\\\/\\\/schema.org\",\"@graph\":[{\"@type\":\"Article\",\"@id\":\"https:\\\/\\\/radioleinewelle.de\\\/index.php\\\/2025\\\/06\\\/24\\\/hidden-places-in-der-region-iv-der-eichwald\\\/#article\",\"isPartOf\":{\"@id\":\"https:\\\/\\\/radioleinewelle.de\\\/index.php\\\/2025\\\/06\\\/24\\\/hidden-places-in-der-region-iv-der-eichwald\\\/\"},\"author\":{\"name\":\"Leinewelle\",\"@id\":\"https:\\\/\\\/radioleinewelle.de\\\/#\\\/schema\\\/person\\\/45606f348637df637192dc1b68399a63\"},\"headline\":\"Hidden Places in der Region IV &#8211; Der Eichwald\",\"datePublished\":\"2025-06-24T06:05:55+00:00\",\"dateModified\":\"2025-06-24T06:08:37+00:00\",\"mainEntityOfPage\":{\"@id\":\"https:\\\/\\\/radioleinewelle.de\\\/index.php\\\/2025\\\/06\\\/24\\\/hidden-places-in-der-region-iv-der-eichwald\\\/\"},\"wordCount\":419,\"commentCount\":0,\"publisher\":{\"@id\":\"https:\\\/\\\/radioleinewelle.de\\\/#organization\"},\"image\":{\"@id\":\"https:\\\/\\\/radioleinewelle.de\\\/index.php\\\/2025\\\/06\\\/24\\\/hidden-places-in-der-region-iv-der-eichwald\\\/#primaryimage\"},\"thumbnailUrl\":\"https:\\\/\\\/radioleinewelle.de\\\/wp-content\\\/uploads\\\/2025\\\/06\\\/Eichwald-2-e1750745252995.jpeg\",\"articleSection\":[\"Natur &amp; Umwelt\",\"Regionaler Tourismus\"],\"inLanguage\":\"de\",\"potentialAction\":[{\"@type\":\"CommentAction\",\"name\":\"Comment\",\"target\":[\"https:\\\/\\\/radioleinewelle.de\\\/index.php\\\/2025\\\/06\\\/24\\\/hidden-places-in-der-region-iv-der-eichwald\\\/#respond\"]}]},{\"@type\":\"WebPage\",\"@id\":\"https:\\\/\\\/radioleinewelle.de\\\/index.php\\\/2025\\\/06\\\/24\\\/hidden-places-in-der-region-iv-der-eichwald\\\/\",\"url\":\"https:\\\/\\\/radioleinewelle.de\\\/index.php\\\/2025\\\/06\\\/24\\\/hidden-places-in-der-region-iv-der-eichwald\\\/\",\"name\":\"Hidden Places in der Region IV - Der Eichwald - Radio Leinewelle\",\"isPartOf\":{\"@id\":\"https:\\\/\\\/radioleinewelle.de\\\/#website\"},\"primaryImageOfPage\":{\"@id\":\"https:\\\/\\\/radioleinewelle.de\\\/index.php\\\/2025\\\/06\\\/24\\\/hidden-places-in-der-region-iv-der-eichwald\\\/#primaryimage\"},\"image\":{\"@id\":\"https:\\\/\\\/radioleinewelle.de\\\/index.php\\\/2025\\\/06\\\/24\\\/hidden-places-in-der-region-iv-der-eichwald\\\/#primaryimage\"},\"thumbnailUrl\":\"https:\\\/\\\/radioleinewelle.de\\\/wp-content\\\/uploads\\\/2025\\\/06\\\/Eichwald-2-e1750745252995.jpeg\",\"datePublished\":\"2025-06-24T06:05:55+00:00\",\"dateModified\":\"2025-06-24T06:08:37+00:00\",\"breadcrumb\":{\"@id\":\"https:\\\/\\\/radioleinewelle.de\\\/index.php\\\/2025\\\/06\\\/24\\\/hidden-places-in-der-region-iv-der-eichwald\\\/#breadcrumb\"},\"inLanguage\":\"de\",\"potentialAction\":[{\"@type\":\"ReadAction\",\"target\":[\"https:\\\/\\\/radioleinewelle.de\\\/index.php\\\/2025\\\/06\\\/24\\\/hidden-places-in-der-region-iv-der-eichwald\\\/\"]}]},{\"@type\":\"ImageObject\",\"inLanguage\":\"de\",\"@id\":\"https:\\\/\\\/radioleinewelle.de\\\/index.php\\\/2025\\\/06\\\/24\\\/hidden-places-in-der-region-iv-der-eichwald\\\/#primaryimage\",\"url\":\"https:\\\/\\\/radioleinewelle.de\\\/wp-content\\\/uploads\\\/2025\\\/06\\\/Eichwald-2-e1750745252995.jpeg\",\"contentUrl\":\"https:\\\/\\\/radioleinewelle.de\\\/wp-content\\\/uploads\\\/2025\\\/06\\\/Eichwald-2-e1750745252995.jpeg\",\"width\":1000,\"height\":667},{\"@type\":\"BreadcrumbList\",\"@id\":\"https:\\\/\\\/radioleinewelle.de\\\/index.php\\\/2025\\\/06\\\/24\\\/hidden-places-in-der-region-iv-der-eichwald\\\/#breadcrumb\",\"itemListElement\":[{\"@type\":\"ListItem\",\"position\":1,\"name\":\"Startseite\",\"item\":\"https:\\\/\\\/radioleinewelle.de\\\/\"},{\"@type\":\"ListItem\",\"position\":2,\"name\":\"Hidden Places in der Region IV &#8211; Der Eichwald\"}]},{\"@type\":\"WebSite\",\"@id\":\"https:\\\/\\\/radioleinewelle.de\\\/#website\",\"url\":\"https:\\\/\\\/radioleinewelle.de\\\/\",\"name\":\"Radio Leinewelle\",\"description\":\"\",\"publisher\":{\"@id\":\"https:\\\/\\\/radioleinewelle.de\\\/#organization\"},\"potentialAction\":[{\"@type\":\"SearchAction\",\"target\":{\"@type\":\"EntryPoint\",\"urlTemplate\":\"https:\\\/\\\/radioleinewelle.de\\\/?s={search_term_string}\"},\"query-input\":{\"@type\":\"PropertyValueSpecification\",\"valueRequired\":true,\"valueName\":\"search_term_string\"}}],\"inLanguage\":\"de\"},{\"@type\":\"Organization\",\"@id\":\"https:\\\/\\\/radioleinewelle.de\\\/#organization\",\"name\":\"Radio Leinewelle\",\"alternateName\":\"Mein Radio f\u00fcr S\u00fcdniedersachsen\",\"url\":\"https:\\\/\\\/radioleinewelle.de\\\/\",\"logo\":{\"@type\":\"ImageObject\",\"inLanguage\":\"de\",\"@id\":\"https:\\\/\\\/radioleinewelle.de\\\/#\\\/schema\\\/logo\\\/image\\\/\",\"url\":\"https:\\\/\\\/radioleinewelle.de\\\/wp-content\\\/uploads\\\/2023\\\/11\\\/cropped-Leinewelle_Logo_weiss.png\",\"contentUrl\":\"https:\\\/\\\/radioleinewelle.de\\\/wp-content\\\/uploads\\\/2023\\\/11\\\/cropped-Leinewelle_Logo_weiss.png\",\"width\":854,\"height\":260,\"caption\":\"Radio Leinewelle\"},\"image\":{\"@id\":\"https:\\\/\\\/radioleinewelle.de\\\/#\\\/schema\\\/logo\\\/image\\\/\"},\"sameAs\":[\"https:\\\/\\\/www.facebook.com\\\/radioleinewelle\",\"https:\\\/\\\/x.com\\\/RLeinewelle\",\"https:\\\/\\\/www.instagram.com\\\/radioleinewelle\\\/?hl=de\"]},{\"@type\":\"Person\",\"@id\":\"https:\\\/\\\/radioleinewelle.de\\\/#\\\/schema\\\/person\\\/45606f348637df637192dc1b68399a63\",\"name\":\"Leinewelle\",\"image\":{\"@type\":\"ImageObject\",\"inLanguage\":\"de\",\"@id\":\"https:\\\/\\\/secure.gravatar.com\\\/avatar\\\/05c9a17bc973052ee5d91549bd32fb4dd0dc85b7b85ae94b2e2b4943476bbea5?s=96&d=blank&r=g\",\"url\":\"https:\\\/\\\/secure.gravatar.com\\\/avatar\\\/05c9a17bc973052ee5d91549bd32fb4dd0dc85b7b85ae94b2e2b4943476bbea5?s=96&d=blank&r=g\",\"contentUrl\":\"https:\\\/\\\/secure.gravatar.com\\\/avatar\\\/05c9a17bc973052ee5d91549bd32fb4dd0dc85b7b85ae94b2e2b4943476bbea5?s=96&d=blank&r=g\",\"caption\":\"Leinewelle\"},\"sameAs\":[\"http:\\\/\\\/localhost\\\/radio%20leinewelle\\\/wordpress\",\"https:\\\/\\\/www.facebook.com\\\/radioleinewelle\",\"https:\\\/\\\/www.instagram.com\\\/radioleinewelle\",\"https:\\\/\\\/x.com\\\/https:\\\/\\\/twitter.com\\\/RLeinewelle?ref_src=twsrcgoogletwcampserptwgrauthor\",\"https:\\\/\\\/soundcloud.com\\\/foerderverein-lokalradio?utm_source=clipboard&utm_medium=text&utm_campaign=social_sharing\"],\"url\":\"https:\\\/\\\/radioleinewelle.de\\\/index.php\\\/author\\\/leinewelle\\\/\"}]}<\/script>\n<!-- \/ Yoast SEO plugin. -->","yoast_head_json":{"title":"Hidden Places in der Region IV - Der Eichwald - Radio Leinewelle","robots":{"index":"index","follow":"follow","max-snippet":"max-snippet:-1","max-image-preview":"max-image-preview:large","max-video-preview":"max-video-preview:-1"},"canonical":"https:\/\/radioleinewelle.de\/index.php\/2025\/06\/24\/hidden-places-in-der-region-iv-der-eichwald\/","og_locale":"de_DE","og_type":"article","og_title":"Hidden Places in der Region IV - Der Eichwald - Radio Leinewelle","og_description":"Der Eichwald ist der westlichste Ausl\u00e4ufer des Kaufunger Waldes. Einst war er herrschaftliches Jagdrevier. Landgraf Wilhelm VIII richtete hier 1740 eine Fasanerie ein. Jeden Herbst wurde zum Vergn\u00fcgen des Adels zur Jagd geblasen. Ab 1830 wurde aus der Fasanerie ein Tierpark, in dem auch heimisches Wild gezeigt wurde. Den alten Waldsportpfad s\u00e4umen alte Eichen \u2013 [&hellip;]","og_url":"https:\/\/radioleinewelle.de\/index.php\/2025\/06\/24\/hidden-places-in-der-region-iv-der-eichwald\/","og_site_name":"Radio Leinewelle","article_publisher":"https:\/\/www.facebook.com\/radioleinewelle","article_author":"https:\/\/www.facebook.com\/radioleinewelle","article_published_time":"2025-06-24T06:05:55+00:00","article_modified_time":"2025-06-24T06:08:37+00:00","og_image":[{"width":1000,"height":667,"url":"https:\/\/radioleinewelle.de\/wp-content\/uploads\/2025\/06\/Eichwald-2-e1750745252995.jpeg","type":"image\/jpeg"}],"author":"Leinewelle","twitter_card":"summary_large_image","twitter_creator":"@https:\/\/twitter.com\/RLeinewelle?ref_src=twsrcgoogletwcampserptwgrauthor","twitter_site":"@RLeinewelle","twitter_misc":{"Verfasst von":"Leinewelle","Gesch\u00e4tzte Lesezeit":"3\u00a0Minuten"},"schema":{"@context":"https:\/\/schema.org","@graph":[{"@type":"Article","@id":"https:\/\/radioleinewelle.de\/index.php\/2025\/06\/24\/hidden-places-in-der-region-iv-der-eichwald\/#article","isPartOf":{"@id":"https:\/\/radioleinewelle.de\/index.php\/2025\/06\/24\/hidden-places-in-der-region-iv-der-eichwald\/"},"author":{"name":"Leinewelle","@id":"https:\/\/radioleinewelle.de\/#\/schema\/person\/45606f348637df637192dc1b68399a63"},"headline":"Hidden Places in der Region IV &#8211; Der Eichwald","datePublished":"2025-06-24T06:05:55+00:00","dateModified":"2025-06-24T06:08:37+00:00","mainEntityOfPage":{"@id":"https:\/\/radioleinewelle.de\/index.php\/2025\/06\/24\/hidden-places-in-der-region-iv-der-eichwald\/"},"wordCount":419,"commentCount":0,"publisher":{"@id":"https:\/\/radioleinewelle.de\/#organization"},"image":{"@id":"https:\/\/radioleinewelle.de\/index.php\/2025\/06\/24\/hidden-places-in-der-region-iv-der-eichwald\/#primaryimage"},"thumbnailUrl":"https:\/\/radioleinewelle.de\/wp-content\/uploads\/2025\/06\/Eichwald-2-e1750745252995.jpeg","articleSection":["Natur &amp; Umwelt","Regionaler Tourismus"],"inLanguage":"de","potentialAction":[{"@type":"CommentAction","name":"Comment","target":["https:\/\/radioleinewelle.de\/index.php\/2025\/06\/24\/hidden-places-in-der-region-iv-der-eichwald\/#respond"]}]},{"@type":"WebPage","@id":"https:\/\/radioleinewelle.de\/index.php\/2025\/06\/24\/hidden-places-in-der-region-iv-der-eichwald\/","url":"https:\/\/radioleinewelle.de\/index.php\/2025\/06\/24\/hidden-places-in-der-region-iv-der-eichwald\/","name":"Hidden Places in der Region IV - Der Eichwald - Radio Leinewelle","isPartOf":{"@id":"https:\/\/radioleinewelle.de\/#website"},"primaryImageOfPage":{"@id":"https:\/\/radioleinewelle.de\/index.php\/2025\/06\/24\/hidden-places-in-der-region-iv-der-eichwald\/#primaryimage"},"image":{"@id":"https:\/\/radioleinewelle.de\/index.php\/2025\/06\/24\/hidden-places-in-der-region-iv-der-eichwald\/#primaryimage"},"thumbnailUrl":"https:\/\/radioleinewelle.de\/wp-content\/uploads\/2025\/06\/Eichwald-2-e1750745252995.jpeg","datePublished":"2025-06-24T06:05:55+00:00","dateModified":"2025-06-24T06:08:37+00:00","breadcrumb":{"@id":"https:\/\/radioleinewelle.de\/index.php\/2025\/06\/24\/hidden-places-in-der-region-iv-der-eichwald\/#breadcrumb"},"inLanguage":"de","potentialAction":[{"@type":"ReadAction","target":["https:\/\/radioleinewelle.de\/index.php\/2025\/06\/24\/hidden-places-in-der-region-iv-der-eichwald\/"]}]},{"@type":"ImageObject","inLanguage":"de","@id":"https:\/\/radioleinewelle.de\/index.php\/2025\/06\/24\/hidden-places-in-der-region-iv-der-eichwald\/#primaryimage","url":"https:\/\/radioleinewelle.de\/wp-content\/uploads\/2025\/06\/Eichwald-2-e1750745252995.jpeg","contentUrl":"https:\/\/radioleinewelle.de\/wp-content\/uploads\/2025\/06\/Eichwald-2-e1750745252995.jpeg","width":1000,"height":667},{"@type":"BreadcrumbList","@id":"https:\/\/radioleinewelle.de\/index.php\/2025\/06\/24\/hidden-places-in-der-region-iv-der-eichwald\/#breadcrumb","itemListElement":[{"@type":"ListItem","position":1,"name":"Startseite","item":"https:\/\/radioleinewelle.de\/"},{"@type":"ListItem","position":2,"name":"Hidden Places in der Region IV &#8211; Der Eichwald"}]},{"@type":"WebSite","@id":"https:\/\/radioleinewelle.de\/#website","url":"https:\/\/radioleinewelle.de\/","name":"Radio Leinewelle","description":"","publisher":{"@id":"https:\/\/radioleinewelle.de\/#organization"},"potentialAction":[{"@type":"SearchAction","target":{"@type":"EntryPoint","urlTemplate":"https:\/\/radioleinewelle.de\/?s={search_term_string}"},"query-input":{"@type":"PropertyValueSpecification","valueRequired":true,"valueName":"search_term_string"}}],"inLanguage":"de"},{"@type":"Organization","@id":"https:\/\/radioleinewelle.de\/#organization","name":"Radio Leinewelle","alternateName":"Mein Radio f\u00fcr S\u00fcdniedersachsen","url":"https:\/\/radioleinewelle.de\/","logo":{"@type":"ImageObject","inLanguage":"de","@id":"https:\/\/radioleinewelle.de\/#\/schema\/logo\/image\/","url":"https:\/\/radioleinewelle.de\/wp-content\/uploads\/2023\/11\/cropped-Leinewelle_Logo_weiss.png","contentUrl":"https:\/\/radioleinewelle.de\/wp-content\/uploads\/2023\/11\/cropped-Leinewelle_Logo_weiss.png","width":854,"height":260,"caption":"Radio Leinewelle"},"image":{"@id":"https:\/\/radioleinewelle.de\/#\/schema\/logo\/image\/"},"sameAs":["https:\/\/www.facebook.com\/radioleinewelle","https:\/\/x.com\/RLeinewelle","https:\/\/www.instagram.com\/radioleinewelle\/?hl=de"]},{"@type":"Person","@id":"https:\/\/radioleinewelle.de\/#\/schema\/person\/45606f348637df637192dc1b68399a63","name":"Leinewelle","image":{"@type":"ImageObject","inLanguage":"de","@id":"https:\/\/secure.gravatar.com\/avatar\/05c9a17bc973052ee5d91549bd32fb4dd0dc85b7b85ae94b2e2b4943476bbea5?s=96&d=blank&r=g","url":"https:\/\/secure.gravatar.com\/avatar\/05c9a17bc973052ee5d91549bd32fb4dd0dc85b7b85ae94b2e2b4943476bbea5?s=96&d=blank&r=g","contentUrl":"https:\/\/secure.gravatar.com\/avatar\/05c9a17bc973052ee5d91549bd32fb4dd0dc85b7b85ae94b2e2b4943476bbea5?s=96&d=blank&r=g","caption":"Leinewelle"},"sameAs":["http:\/\/localhost\/radio%20leinewelle\/wordpress","https:\/\/www.facebook.com\/radioleinewelle","https:\/\/www.instagram.com\/radioleinewelle","https:\/\/x.com\/https:\/\/twitter.com\/RLeinewelle?ref_src=twsrcgoogletwcampserptwgrauthor","https:\/\/soundcloud.com\/foerderverein-lokalradio?utm_source=clipboard&utm_medium=text&utm_campaign=social_sharing"],"url":"https:\/\/radioleinewelle.de\/index.php\/author\/leinewelle\/"}]}},"_links":{"self":[{"href":"https:\/\/radioleinewelle.de\/index.php\/wp-json\/wp\/v2\/posts\/28534","targetHints":{"allow":["GET"]}}],"collection":[{"href":"https:\/\/radioleinewelle.de\/index.php\/wp-json\/wp\/v2\/posts"}],"about":[{"href":"https:\/\/radioleinewelle.de\/index.php\/wp-json\/wp\/v2\/types\/post"}],"author":[{"embeddable":true,"href":"https:\/\/radioleinewelle.de\/index.php\/wp-json\/wp\/v2\/users\/1"}],"replies":[{"embeddable":true,"href":"https:\/\/radioleinewelle.de\/index.php\/wp-json\/wp\/v2\/comments?post=28534"}],"version-history":[{"count":2,"href":"https:\/\/radioleinewelle.de\/index.php\/wp-json\/wp\/v2\/posts\/28534\/revisions"}],"predecessor-version":[{"id":28537,"href":"https:\/\/radioleinewelle.de\/index.php\/wp-json\/wp\/v2\/posts\/28534\/revisions\/28537"}],"wp:featuredmedia":[{"embeddable":true,"href":"https:\/\/radioleinewelle.de\/index.php\/wp-json\/wp\/v2\/media\/28538"}],"wp:attachment":[{"href":"https:\/\/radioleinewelle.de\/index.php\/wp-json\/wp\/v2\/media?parent=28534"}],"wp:term":[{"taxonomy":"category","embeddable":true,"href":"https:\/\/radioleinewelle.de\/index.php\/wp-json\/wp\/v2\/categories?post=28534"},{"taxonomy":"post_tag","embeddable":true,"href":"https:\/\/radioleinewelle.de\/index.php\/wp-json\/wp\/v2\/tags?post=28534"}],"curies":[{"name":"wp","href":"https:\/\/api.w.org\/{rel}","templated":true}]}}