{"id":28539,"date":"2025-06-24T08:36:01","date_gmt":"2025-06-24T06:36:01","guid":{"rendered":"https:\/\/radioleinewelle.de\/?p=28539"},"modified":"2025-06-24T08:36:02","modified_gmt":"2025-06-24T06:36:02","slug":"6-nacht-des-wissens-lockt-tausende-an-die-universitaetsmedizin","status":"publish","type":"post","link":"https:\/\/radioleinewelle.de\/index.php\/2025\/06\/24\/6-nacht-des-wissens-lockt-tausende-an-die-universitaetsmedizin\/","title":{"rendered":"6. Nacht des Wissens lockt Tausende an die Universit\u00e4tsmedizin"},"content":{"rendered":"\n<p><strong>Gro\u00dfes Interesse an medizinischen Themen bei der 6. Nacht des Wissens: Mitarbeitende der Universit\u00e4tsmedizin G\u00f6ttingen (UMG) pr\u00e4sentierten \u00fcber 8.000 Besucher*innen im Hauptgeb\u00e4ude sowie in f\u00fcnf Au\u00dfenbereichen der UMG mehr als 80 Angebote \u2013 ein neuer Rekord.  Besondere Highlights waren das begehbare Organmodell bestehend aus Leber und Bauchspeicheldr\u00fcse sowie die Herstellung von Herzmuskelzellen aus Urin.<\/strong><br><\/p>\n\n\n\n\n\n<p>Auch spezielle Angebote f\u00fcr Kinder standen auf dem Programm: kranke Kuscheltiere wurden im <strong>Teddyb\u00e4rkrankenhaus<\/strong> gemeinsam mit den Teddy-Docs versorgt und im Studentischen Trainingszentrum \u00c4rztlicher Praxis und Simulation, kurz ST\u00c4PS, gab es die M\u00f6glichkeit, sich als \u00c4rzt*in auszuprobieren \u2013 vom N\u00e4hen einer Wunde \u00fcber das Pipettieren von Fl\u00fcssigkeit bis hin zu einer Ultraschalluntersuchung. Auch in die Rolle eines*einer Zahn\u00e4rzt*in konnte geschl\u00fcpft werden, Z\u00e4hne ziehen und bohren inklusive. Das Projekt \u201eLuftsprung\u201c stellte ein Bewegungsangebot f\u00fcr krebskranke Kinder und Jugendliche zur F\u00f6rderung von K\u00f6rper und Psyche vor, Maskottchen Pauli wanderte durch die G\u00e4nge und begr\u00fc\u00dfte die Kinder auf seinem Weg durch die UMG und die Mitarbeiter*innen des Kinderkrebsprojekts \u201eFruchtalarm\u201c mixten gemeinsam mit den kleinen Besucher*innen farbenfrohe, alkoholfreie Cocktails.<\/p>\n\n\n\n\n\n<p class=\"has-text-align-center\"><em><strong><mark style=\"background-color:rgba(0, 0, 0, 0)\" class=\"has-inline-color has-kubio-color-2-color\">Wir sind mehr als beeindruckt von dem Engagement unserer Mitarbeitenden bei der 6. Nacht des Wissens. Mit viel Herzblut haben sie unsere Forschungsthemen, Lehr- und Behandlungsmethoden sowie die Neuheiten in der Krankenversorgung vorgestellt. Das gro\u00dfe Interesse und die Neugier der Besucher*innen an medizinischen Themen haben diese Einsatzbereitschaft mehr als best\u00e4tigt.<\/mark><\/strong><\/em><br>Prof. Dr. Wolfgang Br\u00fcck, Sprecher des Vorstandes<\/p>\n\n\n\n\n\n<p>In den <strong>UMG-Au\u00dfenbereichen<\/strong> ging es unter anderem im Zentrum Anatomie mit virtuellen Seziertischen buchst\u00e4blich unter die Haut und im Heart &amp; Brain Center G\u00f6ttingen (HBCG) konnten Besucher*innen selbst mit einem Ultraschallger\u00e4t \u00fcberpr\u00fcfen, wie es um die Blutversorgung in ihrem Gehirn steht. Im Lehr- und Simulationszentrum in der Alten Hautklinik wurde die Herzdruckmassage demonstriert, im Institut f\u00fcr Ethik und Geschichte der Medizin \u00fcber die sozialen und ethischen Folgen des Einsatzes k\u00fcnstlicher Intelligenz in der Medizin informiert und auf dem \u201eWeender Feld\u201c zwischen Go\u00dflerstra\u00dfe und Humboldtallee ein historischer Rundgang durch die Alten Kliniken angeboten.&nbsp;<\/p>\n\n\n\n<p>Begeistert von der Vielfalt der Aktionen zeigte sich auch der Vorstand der UMG. Prof. Dr. Wolfgang Br\u00fcck, Sprecher des Vorstandes und Vorstand Forschung und Lehre, sowie Prof. Dr. Lorenz Tr\u00fcmper, Vorstand Krankenversorgung, besuchten die einzelnen Stationen am Samstagabend. &#8222;Im Namen des UMG-Vorstandes bedanke ich mich ausdr\u00fccklich bei allen Mitwirkenden f\u00fcrs Mitmachen, die Organisation und eine sehr gelungene Veranstaltung\u201c, sagt Prof. Br\u00fcck.<\/p>\n\n\n\n<p class=\"has-small-font-size\"><strong>Fotos: <\/strong>\u00a9UMG\/Niklas Richter<\/p>\n","protected":false},"excerpt":{"rendered":"<p>Gro\u00dfes Interesse an medizinischen Themen bei der 6. Nacht des Wissens: Mitarbeitende der Universit\u00e4tsmedizin G\u00f6ttingen (UMG) pr\u00e4sentierten \u00fcber 8.000 Besucher*innen im Hauptgeb\u00e4ude sowie in f\u00fcnf Au\u00dfenbereichen der UMG mehr als 80 Angebote \u2013 ein neuer Rekord. Besondere Highlights waren das begehbare Organmodell bestehend aus Leber und Bauchspeicheldr\u00fcse sowie die Herstellung von Herzmuskelzellen aus Urin. Auch [&hellip;]<\/p>\n","protected":false},"author":1,"featured_media":28543,"comment_status":"open","ping_status":"open","sticky":false,"template":"","format":"standard","meta":{"saved_in_kubio":false,"footnotes":""},"categories":[1],"tags":[],"class_list":["post-28539","post","type-post","status-publish","format-standard","has-post-thumbnail","hentry","category-allgemein"],"yoast_head":"<!-- This site is optimized with the Yoast SEO plugin v27.5 - https:\/\/yoast.com\/product\/yoast-seo-wordpress\/ -->\n<title>6. Nacht des Wissens lockt Tausende an die Universit\u00e4tsmedizin - Radio Leinewelle<\/title>\n<meta name=\"robots\" content=\"index, follow, max-snippet:-1, max-image-preview:large, max-video-preview:-1\" \/>\n<link rel=\"canonical\" href=\"https:\/\/radioleinewelle.de\/index.php\/2025\/06\/24\/6-nacht-des-wissens-lockt-tausende-an-die-universitaetsmedizin\/\" \/>\n<meta property=\"og:locale\" content=\"de_DE\" \/>\n<meta property=\"og:type\" content=\"article\" \/>\n<meta property=\"og:title\" content=\"6. Nacht des Wissens lockt Tausende an die Universit\u00e4tsmedizin - Radio Leinewelle\" \/>\n<meta property=\"og:description\" content=\"Gro\u00dfes Interesse an medizinischen Themen bei der 6. Nacht des Wissens: Mitarbeitende der Universit\u00e4tsmedizin G\u00f6ttingen (UMG) pr\u00e4sentierten \u00fcber 8.000 Besucher*innen im Hauptgeb\u00e4ude sowie in f\u00fcnf Au\u00dfenbereichen der UMG mehr als 80 Angebote \u2013 ein neuer Rekord. Besondere Highlights waren das begehbare Organmodell bestehend aus Leber und Bauchspeicheldr\u00fcse sowie die Herstellung von Herzmuskelzellen aus Urin. Auch [&hellip;]\" \/>\n<meta property=\"og:url\" content=\"https:\/\/radioleinewelle.de\/index.php\/2025\/06\/24\/6-nacht-des-wissens-lockt-tausende-an-die-universitaetsmedizin\/\" \/>\n<meta property=\"og:site_name\" content=\"Radio Leinewelle\" \/>\n<meta property=\"article:publisher\" content=\"https:\/\/www.facebook.com\/radioleinewelle\" \/>\n<meta property=\"article:author\" content=\"https:\/\/www.facebook.com\/radioleinewelle\" \/>\n<meta property=\"article:published_time\" content=\"2025-06-24T06:36:01+00:00\" \/>\n<meta property=\"article:modified_time\" content=\"2025-06-24T06:36:02+00:00\" \/>\n<meta property=\"og:image\" content=\"https:\/\/radioleinewelle.de\/wp-content\/uploads\/2025\/06\/UMG_2025-06-21_Nacht-des-Wissens_08_low-e1750746935357.jpg\" \/>\n\t<meta property=\"og:image:width\" content=\"1000\" \/>\n\t<meta property=\"og:image:height\" content=\"644\" \/>\n\t<meta property=\"og:image:type\" content=\"image\/jpeg\" \/>\n<meta name=\"author\" content=\"Leinewelle\" \/>\n<meta name=\"twitter:card\" content=\"summary_large_image\" \/>\n<meta name=\"twitter:creator\" content=\"@https:\/\/twitter.com\/RLeinewelle?ref_src=twsrcgoogletwcampserptwgrauthor\" \/>\n<meta name=\"twitter:site\" content=\"@RLeinewelle\" \/>\n<meta name=\"twitter:label1\" content=\"Verfasst von\" \/>\n\t<meta name=\"twitter:data1\" content=\"Leinewelle\" \/>\n\t<meta name=\"twitter:label2\" content=\"Gesch\u00e4tzte Lesezeit\" \/>\n\t<meta name=\"twitter:data2\" content=\"3\u00a0Minuten\" \/>\n<script type=\"application\/ld+json\" class=\"yoast-schema-graph\">{\"@context\":\"https:\\\/\\\/schema.org\",\"@graph\":[{\"@type\":\"Article\",\"@id\":\"https:\\\/\\\/radioleinewelle.de\\\/index.php\\\/2025\\\/06\\\/24\\\/6-nacht-des-wissens-lockt-tausende-an-die-universitaetsmedizin\\\/#article\",\"isPartOf\":{\"@id\":\"https:\\\/\\\/radioleinewelle.de\\\/index.php\\\/2025\\\/06\\\/24\\\/6-nacht-des-wissens-lockt-tausende-an-die-universitaetsmedizin\\\/\"},\"author\":{\"name\":\"Leinewelle\",\"@id\":\"https:\\\/\\\/radioleinewelle.de\\\/#\\\/schema\\\/person\\\/45606f348637df637192dc1b68399a63\"},\"headline\":\"6. Nacht des Wissens lockt Tausende an die Universit\u00e4tsmedizin\",\"datePublished\":\"2025-06-24T06:36:01+00:00\",\"dateModified\":\"2025-06-24T06:36:02+00:00\",\"mainEntityOfPage\":{\"@id\":\"https:\\\/\\\/radioleinewelle.de\\\/index.php\\\/2025\\\/06\\\/24\\\/6-nacht-des-wissens-lockt-tausende-an-die-universitaetsmedizin\\\/\"},\"wordCount\":454,\"commentCount\":0,\"publisher\":{\"@id\":\"https:\\\/\\\/radioleinewelle.de\\\/#organization\"},\"image\":{\"@id\":\"https:\\\/\\\/radioleinewelle.de\\\/index.php\\\/2025\\\/06\\\/24\\\/6-nacht-des-wissens-lockt-tausende-an-die-universitaetsmedizin\\\/#primaryimage\"},\"thumbnailUrl\":\"https:\\\/\\\/radioleinewelle.de\\\/wp-content\\\/uploads\\\/2025\\\/06\\\/UMG_2025-06-21_Nacht-des-Wissens_08_low-e1750746935357.jpg\",\"inLanguage\":\"de\",\"potentialAction\":[{\"@type\":\"CommentAction\",\"name\":\"Comment\",\"target\":[\"https:\\\/\\\/radioleinewelle.de\\\/index.php\\\/2025\\\/06\\\/24\\\/6-nacht-des-wissens-lockt-tausende-an-die-universitaetsmedizin\\\/#respond\"]}]},{\"@type\":\"WebPage\",\"@id\":\"https:\\\/\\\/radioleinewelle.de\\\/index.php\\\/2025\\\/06\\\/24\\\/6-nacht-des-wissens-lockt-tausende-an-die-universitaetsmedizin\\\/\",\"url\":\"https:\\\/\\\/radioleinewelle.de\\\/index.php\\\/2025\\\/06\\\/24\\\/6-nacht-des-wissens-lockt-tausende-an-die-universitaetsmedizin\\\/\",\"name\":\"6. Nacht des Wissens lockt Tausende an die Universit\u00e4tsmedizin - Radio Leinewelle\",\"isPartOf\":{\"@id\":\"https:\\\/\\\/radioleinewelle.de\\\/#website\"},\"primaryImageOfPage\":{\"@id\":\"https:\\\/\\\/radioleinewelle.de\\\/index.php\\\/2025\\\/06\\\/24\\\/6-nacht-des-wissens-lockt-tausende-an-die-universitaetsmedizin\\\/#primaryimage\"},\"image\":{\"@id\":\"https:\\\/\\\/radioleinewelle.de\\\/index.php\\\/2025\\\/06\\\/24\\\/6-nacht-des-wissens-lockt-tausende-an-die-universitaetsmedizin\\\/#primaryimage\"},\"thumbnailUrl\":\"https:\\\/\\\/radioleinewelle.de\\\/wp-content\\\/uploads\\\/2025\\\/06\\\/UMG_2025-06-21_Nacht-des-Wissens_08_low-e1750746935357.jpg\",\"datePublished\":\"2025-06-24T06:36:01+00:00\",\"dateModified\":\"2025-06-24T06:36:02+00:00\",\"breadcrumb\":{\"@id\":\"https:\\\/\\\/radioleinewelle.de\\\/index.php\\\/2025\\\/06\\\/24\\\/6-nacht-des-wissens-lockt-tausende-an-die-universitaetsmedizin\\\/#breadcrumb\"},\"inLanguage\":\"de\",\"potentialAction\":[{\"@type\":\"ReadAction\",\"target\":[\"https:\\\/\\\/radioleinewelle.de\\\/index.php\\\/2025\\\/06\\\/24\\\/6-nacht-des-wissens-lockt-tausende-an-die-universitaetsmedizin\\\/\"]}]},{\"@type\":\"ImageObject\",\"inLanguage\":\"de\",\"@id\":\"https:\\\/\\\/radioleinewelle.de\\\/index.php\\\/2025\\\/06\\\/24\\\/6-nacht-des-wissens-lockt-tausende-an-die-universitaetsmedizin\\\/#primaryimage\",\"url\":\"https:\\\/\\\/radioleinewelle.de\\\/wp-content\\\/uploads\\\/2025\\\/06\\\/UMG_2025-06-21_Nacht-des-Wissens_08_low-e1750746935357.jpg\",\"contentUrl\":\"https:\\\/\\\/radioleinewelle.de\\\/wp-content\\\/uploads\\\/2025\\\/06\\\/UMG_2025-06-21_Nacht-des-Wissens_08_low-e1750746935357.jpg\",\"width\":1000,\"height\":644,\"caption\":\"Nacht des Wissens an der UMG\"},{\"@type\":\"BreadcrumbList\",\"@id\":\"https:\\\/\\\/radioleinewelle.de\\\/index.php\\\/2025\\\/06\\\/24\\\/6-nacht-des-wissens-lockt-tausende-an-die-universitaetsmedizin\\\/#breadcrumb\",\"itemListElement\":[{\"@type\":\"ListItem\",\"position\":1,\"name\":\"Startseite\",\"item\":\"https:\\\/\\\/radioleinewelle.de\\\/\"},{\"@type\":\"ListItem\",\"position\":2,\"name\":\"6. Nacht des Wissens lockt Tausende an die Universit\u00e4tsmedizin\"}]},{\"@type\":\"WebSite\",\"@id\":\"https:\\\/\\\/radioleinewelle.de\\\/#website\",\"url\":\"https:\\\/\\\/radioleinewelle.de\\\/\",\"name\":\"Radio Leinewelle\",\"description\":\"\",\"publisher\":{\"@id\":\"https:\\\/\\\/radioleinewelle.de\\\/#organization\"},\"potentialAction\":[{\"@type\":\"SearchAction\",\"target\":{\"@type\":\"EntryPoint\",\"urlTemplate\":\"https:\\\/\\\/radioleinewelle.de\\\/?s={search_term_string}\"},\"query-input\":{\"@type\":\"PropertyValueSpecification\",\"valueRequired\":true,\"valueName\":\"search_term_string\"}}],\"inLanguage\":\"de\"},{\"@type\":\"Organization\",\"@id\":\"https:\\\/\\\/radioleinewelle.de\\\/#organization\",\"name\":\"Radio Leinewelle\",\"alternateName\":\"Mein Radio f\u00fcr S\u00fcdniedersachsen\",\"url\":\"https:\\\/\\\/radioleinewelle.de\\\/\",\"logo\":{\"@type\":\"ImageObject\",\"inLanguage\":\"de\",\"@id\":\"https:\\\/\\\/radioleinewelle.de\\\/#\\\/schema\\\/logo\\\/image\\\/\",\"url\":\"https:\\\/\\\/radioleinewelle.de\\\/wp-content\\\/uploads\\\/2023\\\/11\\\/cropped-Leinewelle_Logo_weiss.png\",\"contentUrl\":\"https:\\\/\\\/radioleinewelle.de\\\/wp-content\\\/uploads\\\/2023\\\/11\\\/cropped-Leinewelle_Logo_weiss.png\",\"width\":854,\"height\":260,\"caption\":\"Radio Leinewelle\"},\"image\":{\"@id\":\"https:\\\/\\\/radioleinewelle.de\\\/#\\\/schema\\\/logo\\\/image\\\/\"},\"sameAs\":[\"https:\\\/\\\/www.facebook.com\\\/radioleinewelle\",\"https:\\\/\\\/x.com\\\/RLeinewelle\",\"https:\\\/\\\/www.instagram.com\\\/radioleinewelle\\\/?hl=de\"]},{\"@type\":\"Person\",\"@id\":\"https:\\\/\\\/radioleinewelle.de\\\/#\\\/schema\\\/person\\\/45606f348637df637192dc1b68399a63\",\"name\":\"Leinewelle\",\"image\":{\"@type\":\"ImageObject\",\"inLanguage\":\"de\",\"@id\":\"https:\\\/\\\/secure.gravatar.com\\\/avatar\\\/05c9a17bc973052ee5d91549bd32fb4dd0dc85b7b85ae94b2e2b4943476bbea5?s=96&d=blank&r=g\",\"url\":\"https:\\\/\\\/secure.gravatar.com\\\/avatar\\\/05c9a17bc973052ee5d91549bd32fb4dd0dc85b7b85ae94b2e2b4943476bbea5?s=96&d=blank&r=g\",\"contentUrl\":\"https:\\\/\\\/secure.gravatar.com\\\/avatar\\\/05c9a17bc973052ee5d91549bd32fb4dd0dc85b7b85ae94b2e2b4943476bbea5?s=96&d=blank&r=g\",\"caption\":\"Leinewelle\"},\"sameAs\":[\"http:\\\/\\\/localhost\\\/radio%20leinewelle\\\/wordpress\",\"https:\\\/\\\/www.facebook.com\\\/radioleinewelle\",\"https:\\\/\\\/www.instagram.com\\\/radioleinewelle\",\"https:\\\/\\\/x.com\\\/https:\\\/\\\/twitter.com\\\/RLeinewelle?ref_src=twsrcgoogletwcampserptwgrauthor\",\"https:\\\/\\\/soundcloud.com\\\/foerderverein-lokalradio?utm_source=clipboard&utm_medium=text&utm_campaign=social_sharing\"],\"url\":\"https:\\\/\\\/radioleinewelle.de\\\/index.php\\\/author\\\/leinewelle\\\/\"}]}<\/script>\n<!-- \/ Yoast SEO plugin. -->","yoast_head_json":{"title":"6. Nacht des Wissens lockt Tausende an die Universit\u00e4tsmedizin - Radio Leinewelle","robots":{"index":"index","follow":"follow","max-snippet":"max-snippet:-1","max-image-preview":"max-image-preview:large","max-video-preview":"max-video-preview:-1"},"canonical":"https:\/\/radioleinewelle.de\/index.php\/2025\/06\/24\/6-nacht-des-wissens-lockt-tausende-an-die-universitaetsmedizin\/","og_locale":"de_DE","og_type":"article","og_title":"6. Nacht des Wissens lockt Tausende an die Universit\u00e4tsmedizin - Radio Leinewelle","og_description":"Gro\u00dfes Interesse an medizinischen Themen bei der 6. Nacht des Wissens: Mitarbeitende der Universit\u00e4tsmedizin G\u00f6ttingen (UMG) pr\u00e4sentierten \u00fcber 8.000 Besucher*innen im Hauptgeb\u00e4ude sowie in f\u00fcnf Au\u00dfenbereichen der UMG mehr als 80 Angebote \u2013 ein neuer Rekord. Besondere Highlights waren das begehbare Organmodell bestehend aus Leber und Bauchspeicheldr\u00fcse sowie die Herstellung von Herzmuskelzellen aus Urin. Auch [&hellip;]","og_url":"https:\/\/radioleinewelle.de\/index.php\/2025\/06\/24\/6-nacht-des-wissens-lockt-tausende-an-die-universitaetsmedizin\/","og_site_name":"Radio Leinewelle","article_publisher":"https:\/\/www.facebook.com\/radioleinewelle","article_author":"https:\/\/www.facebook.com\/radioleinewelle","article_published_time":"2025-06-24T06:36:01+00:00","article_modified_time":"2025-06-24T06:36:02+00:00","og_image":[{"width":1000,"height":644,"url":"https:\/\/radioleinewelle.de\/wp-content\/uploads\/2025\/06\/UMG_2025-06-21_Nacht-des-Wissens_08_low-e1750746935357.jpg","type":"image\/jpeg"}],"author":"Leinewelle","twitter_card":"summary_large_image","twitter_creator":"@https:\/\/twitter.com\/RLeinewelle?ref_src=twsrcgoogletwcampserptwgrauthor","twitter_site":"@RLeinewelle","twitter_misc":{"Verfasst von":"Leinewelle","Gesch\u00e4tzte Lesezeit":"3\u00a0Minuten"},"schema":{"@context":"https:\/\/schema.org","@graph":[{"@type":"Article","@id":"https:\/\/radioleinewelle.de\/index.php\/2025\/06\/24\/6-nacht-des-wissens-lockt-tausende-an-die-universitaetsmedizin\/#article","isPartOf":{"@id":"https:\/\/radioleinewelle.de\/index.php\/2025\/06\/24\/6-nacht-des-wissens-lockt-tausende-an-die-universitaetsmedizin\/"},"author":{"name":"Leinewelle","@id":"https:\/\/radioleinewelle.de\/#\/schema\/person\/45606f348637df637192dc1b68399a63"},"headline":"6. Nacht des Wissens lockt Tausende an die Universit\u00e4tsmedizin","datePublished":"2025-06-24T06:36:01+00:00","dateModified":"2025-06-24T06:36:02+00:00","mainEntityOfPage":{"@id":"https:\/\/radioleinewelle.de\/index.php\/2025\/06\/24\/6-nacht-des-wissens-lockt-tausende-an-die-universitaetsmedizin\/"},"wordCount":454,"commentCount":0,"publisher":{"@id":"https:\/\/radioleinewelle.de\/#organization"},"image":{"@id":"https:\/\/radioleinewelle.de\/index.php\/2025\/06\/24\/6-nacht-des-wissens-lockt-tausende-an-die-universitaetsmedizin\/#primaryimage"},"thumbnailUrl":"https:\/\/radioleinewelle.de\/wp-content\/uploads\/2025\/06\/UMG_2025-06-21_Nacht-des-Wissens_08_low-e1750746935357.jpg","inLanguage":"de","potentialAction":[{"@type":"CommentAction","name":"Comment","target":["https:\/\/radioleinewelle.de\/index.php\/2025\/06\/24\/6-nacht-des-wissens-lockt-tausende-an-die-universitaetsmedizin\/#respond"]}]},{"@type":"WebPage","@id":"https:\/\/radioleinewelle.de\/index.php\/2025\/06\/24\/6-nacht-des-wissens-lockt-tausende-an-die-universitaetsmedizin\/","url":"https:\/\/radioleinewelle.de\/index.php\/2025\/06\/24\/6-nacht-des-wissens-lockt-tausende-an-die-universitaetsmedizin\/","name":"6. Nacht des Wissens lockt Tausende an die Universit\u00e4tsmedizin - Radio Leinewelle","isPartOf":{"@id":"https:\/\/radioleinewelle.de\/#website"},"primaryImageOfPage":{"@id":"https:\/\/radioleinewelle.de\/index.php\/2025\/06\/24\/6-nacht-des-wissens-lockt-tausende-an-die-universitaetsmedizin\/#primaryimage"},"image":{"@id":"https:\/\/radioleinewelle.de\/index.php\/2025\/06\/24\/6-nacht-des-wissens-lockt-tausende-an-die-universitaetsmedizin\/#primaryimage"},"thumbnailUrl":"https:\/\/radioleinewelle.de\/wp-content\/uploads\/2025\/06\/UMG_2025-06-21_Nacht-des-Wissens_08_low-e1750746935357.jpg","datePublished":"2025-06-24T06:36:01+00:00","dateModified":"2025-06-24T06:36:02+00:00","breadcrumb":{"@id":"https:\/\/radioleinewelle.de\/index.php\/2025\/06\/24\/6-nacht-des-wissens-lockt-tausende-an-die-universitaetsmedizin\/#breadcrumb"},"inLanguage":"de","potentialAction":[{"@type":"ReadAction","target":["https:\/\/radioleinewelle.de\/index.php\/2025\/06\/24\/6-nacht-des-wissens-lockt-tausende-an-die-universitaetsmedizin\/"]}]},{"@type":"ImageObject","inLanguage":"de","@id":"https:\/\/radioleinewelle.de\/index.php\/2025\/06\/24\/6-nacht-des-wissens-lockt-tausende-an-die-universitaetsmedizin\/#primaryimage","url":"https:\/\/radioleinewelle.de\/wp-content\/uploads\/2025\/06\/UMG_2025-06-21_Nacht-des-Wissens_08_low-e1750746935357.jpg","contentUrl":"https:\/\/radioleinewelle.de\/wp-content\/uploads\/2025\/06\/UMG_2025-06-21_Nacht-des-Wissens_08_low-e1750746935357.jpg","width":1000,"height":644,"caption":"Nacht des Wissens an der UMG"},{"@type":"BreadcrumbList","@id":"https:\/\/radioleinewelle.de\/index.php\/2025\/06\/24\/6-nacht-des-wissens-lockt-tausende-an-die-universitaetsmedizin\/#breadcrumb","itemListElement":[{"@type":"ListItem","position":1,"name":"Startseite","item":"https:\/\/radioleinewelle.de\/"},{"@type":"ListItem","position":2,"name":"6. Nacht des Wissens lockt Tausende an die Universit\u00e4tsmedizin"}]},{"@type":"WebSite","@id":"https:\/\/radioleinewelle.de\/#website","url":"https:\/\/radioleinewelle.de\/","name":"Radio Leinewelle","description":"","publisher":{"@id":"https:\/\/radioleinewelle.de\/#organization"},"potentialAction":[{"@type":"SearchAction","target":{"@type":"EntryPoint","urlTemplate":"https:\/\/radioleinewelle.de\/?s={search_term_string}"},"query-input":{"@type":"PropertyValueSpecification","valueRequired":true,"valueName":"search_term_string"}}],"inLanguage":"de"},{"@type":"Organization","@id":"https:\/\/radioleinewelle.de\/#organization","name":"Radio Leinewelle","alternateName":"Mein Radio f\u00fcr S\u00fcdniedersachsen","url":"https:\/\/radioleinewelle.de\/","logo":{"@type":"ImageObject","inLanguage":"de","@id":"https:\/\/radioleinewelle.de\/#\/schema\/logo\/image\/","url":"https:\/\/radioleinewelle.de\/wp-content\/uploads\/2023\/11\/cropped-Leinewelle_Logo_weiss.png","contentUrl":"https:\/\/radioleinewelle.de\/wp-content\/uploads\/2023\/11\/cropped-Leinewelle_Logo_weiss.png","width":854,"height":260,"caption":"Radio Leinewelle"},"image":{"@id":"https:\/\/radioleinewelle.de\/#\/schema\/logo\/image\/"},"sameAs":["https:\/\/www.facebook.com\/radioleinewelle","https:\/\/x.com\/RLeinewelle","https:\/\/www.instagram.com\/radioleinewelle\/?hl=de"]},{"@type":"Person","@id":"https:\/\/radioleinewelle.de\/#\/schema\/person\/45606f348637df637192dc1b68399a63","name":"Leinewelle","image":{"@type":"ImageObject","inLanguage":"de","@id":"https:\/\/secure.gravatar.com\/avatar\/05c9a17bc973052ee5d91549bd32fb4dd0dc85b7b85ae94b2e2b4943476bbea5?s=96&d=blank&r=g","url":"https:\/\/secure.gravatar.com\/avatar\/05c9a17bc973052ee5d91549bd32fb4dd0dc85b7b85ae94b2e2b4943476bbea5?s=96&d=blank&r=g","contentUrl":"https:\/\/secure.gravatar.com\/avatar\/05c9a17bc973052ee5d91549bd32fb4dd0dc85b7b85ae94b2e2b4943476bbea5?s=96&d=blank&r=g","caption":"Leinewelle"},"sameAs":["http:\/\/localhost\/radio%20leinewelle\/wordpress","https:\/\/www.facebook.com\/radioleinewelle","https:\/\/www.instagram.com\/radioleinewelle","https:\/\/x.com\/https:\/\/twitter.com\/RLeinewelle?ref_src=twsrcgoogletwcampserptwgrauthor","https:\/\/soundcloud.com\/foerderverein-lokalradio?utm_source=clipboard&utm_medium=text&utm_campaign=social_sharing"],"url":"https:\/\/radioleinewelle.de\/index.php\/author\/leinewelle\/"}]}},"_links":{"self":[{"href":"https:\/\/radioleinewelle.de\/index.php\/wp-json\/wp\/v2\/posts\/28539","targetHints":{"allow":["GET"]}}],"collection":[{"href":"https:\/\/radioleinewelle.de\/index.php\/wp-json\/wp\/v2\/posts"}],"about":[{"href":"https:\/\/radioleinewelle.de\/index.php\/wp-json\/wp\/v2\/types\/post"}],"author":[{"embeddable":true,"href":"https:\/\/radioleinewelle.de\/index.php\/wp-json\/wp\/v2\/users\/1"}],"replies":[{"embeddable":true,"href":"https:\/\/radioleinewelle.de\/index.php\/wp-json\/wp\/v2\/comments?post=28539"}],"version-history":[{"count":5,"href":"https:\/\/radioleinewelle.de\/index.php\/wp-json\/wp\/v2\/posts\/28539\/revisions"}],"predecessor-version":[{"id":28547,"href":"https:\/\/radioleinewelle.de\/index.php\/wp-json\/wp\/v2\/posts\/28539\/revisions\/28547"}],"wp:featuredmedia":[{"embeddable":true,"href":"https:\/\/radioleinewelle.de\/index.php\/wp-json\/wp\/v2\/media\/28543"}],"wp:attachment":[{"href":"https:\/\/radioleinewelle.de\/index.php\/wp-json\/wp\/v2\/media?parent=28539"}],"wp:term":[{"taxonomy":"category","embeddable":true,"href":"https:\/\/radioleinewelle.de\/index.php\/wp-json\/wp\/v2\/categories?post=28539"},{"taxonomy":"post_tag","embeddable":true,"href":"https:\/\/radioleinewelle.de\/index.php\/wp-json\/wp\/v2\/tags?post=28539"}],"curies":[{"name":"wp","href":"https:\/\/api.w.org\/{rel}","templated":true}]}}