{"id":28556,"date":"2025-06-26T10:26:25","date_gmt":"2025-06-26T08:26:25","guid":{"rendered":"https:\/\/radioleinewelle.de\/?p=28556"},"modified":"2025-06-26T10:26:26","modified_gmt":"2025-06-26T08:26:26","slug":"grosswaldbrand-im-harz-spezialisten-aus-goettingen-goslar-im-einsatz","status":"publish","type":"post","link":"https:\/\/radioleinewelle.de\/index.php\/2025\/06\/26\/grosswaldbrand-im-harz-spezialisten-aus-goettingen-goslar-im-einsatz\/","title":{"rendered":"Gro\u00dfwaldbrand im Harz: Spezialisten aus G\u00f6ttingen-Goslar  im Einsatz"},"content":{"rendered":"\n<p>Hilfe bei der Waldbrandbek\u00e4mpfung im Harz. Am Sonntagabend wurde der GFFF-V Zug II* der Landkreise G\u00f6ttingen und Goslar zur Unterst\u00fctzung bei einem gro\u00dffl\u00e4chigen Waldbrand im Raum Goslar alarmiert. Die Spezialeinheit, bestehend aus vier gel\u00e4ndeg\u00e4ngigen Tankl\u00f6schfahrzeugen (CCFM), r\u00fcckte gegen 21 Uhr aus, um die \u00f6rtlichen Kr\u00e4fte bei der Bek\u00e4mpfung des schwer zug\u00e4nglichen Feuers zu unterst\u00fctzen.<\/p>\n\n\n\n\n\n<p>In Zusammenarbeit mit dem Waldbrandteams bestand die Aufgabe des GFFF-V Zuges in der Fachberatung der Einsatzleitung sowie dem Schutz der linken Flanke des Brandes. Hier drohte das Feuer in unwegsames Gel\u00e4nde vorzudringen. Durch den gezielten Einsatz von L\u00f6schtechnik und Taktiken wie dem Aufbau nasser Haltelinien &#8211; unter anderem mit Kreisregnern &#8211; konnte eine Ausbreitung erfolgreich verhindert werden. Immer wieder aufflammende Spotfeuer wurden in m\u00fchevoller Handarbeit unter schwierigsten Bedingungen bek\u00e4mpft.<\/p>\n\n\n\n\n\n<p class=\"has-text-align-center\"><mark style=\"background-color:rgba(0, 0, 0, 0)\" class=\"has-inline-color has-kubio-color-2-color\"><strong>*Hintergrund:<\/strong><br>Der GFFF-V (Ground Forest Fire Fighting using Vehicles) Zug ist eine speziell f\u00fcr Wald- und Vegetationsbr\u00e4nde ausgebildete Einheit mit gel\u00e4ndef\u00e4higen Fahrzeugen und erfahrenem Personal. Solche Z\u00fcge kommen besonders dann zum Einsatz, wenn Br\u00e4nde abseits von Wegen, in schwer zug\u00e4nglichen Lagen oder mit hoher Ausbreitungsgefahr bek\u00e4mpft werden m\u00fcssen.<\/mark><\/p>\n\n\n\n\n\n<p>Der erste Einsatztag endete am Montagmittag gegen 12 Uhr. Bereits am fr\u00fchen Dienstagmorgen gegen 5 Uhr kehrten die Einsatzkr\u00e4fte jedoch zur\u00fcck in das betroffene Gebiet. In Zusammenarbeit mit dem Fachzug Wassertransport des Landkreises G\u00f6ttingen f\u00fchrten sie umfassende Nachl\u00f6scharbeiten durch &#8211; sogenannte &#8222;Mop-Up&#8220;-T\u00e4tigkeiten -, um verbleibende Glutnester auszuschlie\u00dfen und ein Wiederaufflammen zu verhindern. Auch diese Phase war durch herausforderndes Gel\u00e4nde gepr\u00e4gt.<\/p>\n\n\n\n<p>Weitere Eins\u00e4tze des GFFF-V Zuges II sind bereits vorgeplant. Die Einheit steht weiterhin in Bereitschaft, um erneut schnell und effektiv eingreifen zu k\u00f6nnen. Der Einsatz des GFFF-V Zuges II zeigt erneut, wie wichtig spezialisierte Einheiten mit entsprechender Ausbildung und Ausr\u00fcstung f\u00fcr die Vegetationsbrandbek\u00e4mpfung sind. Die enge Zusammenarbeit zwischen den Landkreisen sowie die professionelle Koordination mit weiteren Kr\u00e4ften erwies sich als Schl\u00fcssel zum Einsatzerfolg.<\/p>\n\n\n\n<p><strong>Fotos:<\/strong> \u00a9Landkreis G\u00f6ttingen<\/p>\n","protected":false},"excerpt":{"rendered":"<p>Hilfe bei der Waldbrandbek\u00e4mpfung im Harz. Am Sonntagabend wurde der GFFF-V Zug II* der Landkreise G\u00f6ttingen und Goslar zur Unterst\u00fctzung bei einem gro\u00dffl\u00e4chigen Waldbrand im Raum Goslar alarmiert. Die Spezialeinheit, bestehend aus vier gel\u00e4ndeg\u00e4ngigen Tankl\u00f6schfahrzeugen (CCFM), r\u00fcckte gegen 21 Uhr aus, um die \u00f6rtlichen Kr\u00e4fte bei der Bek\u00e4mpfung des schwer zug\u00e4nglichen Feuers zu unterst\u00fctzen. In [&hellip;]<\/p>\n","protected":false},"author":1,"featured_media":28559,"comment_status":"open","ping_status":"open","sticky":false,"template":"","format":"standard","meta":{"saved_in_kubio":false,"footnotes":""},"categories":[24],"tags":[],"class_list":["post-28556","post","type-post","status-publish","format-standard","has-post-thumbnail","hentry","category-news"],"yoast_head":"<!-- This site is optimized with the Yoast SEO plugin v27.5 - https:\/\/yoast.com\/product\/yoast-seo-wordpress\/ -->\n<title>Gro\u00dfwaldbrand im Harz: Spezialisten aus G\u00f6ttingen-Goslar im Einsatz - Radio Leinewelle<\/title>\n<meta name=\"robots\" content=\"index, follow, max-snippet:-1, max-image-preview:large, max-video-preview:-1\" \/>\n<link rel=\"canonical\" href=\"https:\/\/radioleinewelle.de\/index.php\/2025\/06\/26\/grosswaldbrand-im-harz-spezialisten-aus-goettingen-goslar-im-einsatz\/\" \/>\n<meta property=\"og:locale\" content=\"de_DE\" \/>\n<meta property=\"og:type\" content=\"article\" \/>\n<meta property=\"og:title\" content=\"Gro\u00dfwaldbrand im Harz: Spezialisten aus G\u00f6ttingen-Goslar im Einsatz - Radio Leinewelle\" \/>\n<meta property=\"og:description\" content=\"Hilfe bei der Waldbrandbek\u00e4mpfung im Harz. Am Sonntagabend wurde der GFFF-V Zug II* der Landkreise G\u00f6ttingen und Goslar zur Unterst\u00fctzung bei einem gro\u00dffl\u00e4chigen Waldbrand im Raum Goslar alarmiert. Die Spezialeinheit, bestehend aus vier gel\u00e4ndeg\u00e4ngigen Tankl\u00f6schfahrzeugen (CCFM), r\u00fcckte gegen 21 Uhr aus, um die \u00f6rtlichen Kr\u00e4fte bei der Bek\u00e4mpfung des schwer zug\u00e4nglichen Feuers zu unterst\u00fctzen. In [&hellip;]\" \/>\n<meta property=\"og:url\" content=\"https:\/\/radioleinewelle.de\/index.php\/2025\/06\/26\/grosswaldbrand-im-harz-spezialisten-aus-goettingen-goslar-im-einsatz\/\" \/>\n<meta property=\"og:site_name\" content=\"Radio Leinewelle\" \/>\n<meta property=\"article:publisher\" content=\"https:\/\/www.facebook.com\/radioleinewelle\" \/>\n<meta property=\"article:author\" content=\"https:\/\/www.facebook.com\/radioleinewelle\" \/>\n<meta property=\"article:published_time\" content=\"2025-06-26T08:26:25+00:00\" \/>\n<meta property=\"article:modified_time\" content=\"2025-06-26T08:26:26+00:00\" \/>\n<meta property=\"og:image\" content=\"https:\/\/radioleinewelle.de\/wp-content\/uploads\/2025\/06\/dc2c6d5b-a0bb-4f72-9b1d-1d20d7b86931.jpg\" \/>\n\t<meta property=\"og:image:width\" content=\"2048\" \/>\n\t<meta property=\"og:image:height\" content=\"1536\" \/>\n\t<meta property=\"og:image:type\" content=\"image\/jpeg\" \/>\n<meta name=\"author\" content=\"Leinewelle\" \/>\n<meta name=\"twitter:card\" content=\"summary_large_image\" \/>\n<meta name=\"twitter:creator\" content=\"@https:\/\/twitter.com\/RLeinewelle?ref_src=twsrcgoogletwcampserptwgrauthor\" \/>\n<meta name=\"twitter:site\" content=\"@RLeinewelle\" \/>\n<meta name=\"twitter:label1\" content=\"Verfasst von\" \/>\n\t<meta name=\"twitter:data1\" content=\"Leinewelle\" \/>\n\t<meta name=\"twitter:label2\" content=\"Gesch\u00e4tzte Lesezeit\" \/>\n\t<meta name=\"twitter:data2\" content=\"2\u00a0Minuten\" \/>\n<script type=\"application\/ld+json\" class=\"yoast-schema-graph\">{\"@context\":\"https:\\\/\\\/schema.org\",\"@graph\":[{\"@type\":\"Article\",\"@id\":\"https:\\\/\\\/radioleinewelle.de\\\/index.php\\\/2025\\\/06\\\/26\\\/grosswaldbrand-im-harz-spezialisten-aus-goettingen-goslar-im-einsatz\\\/#article\",\"isPartOf\":{\"@id\":\"https:\\\/\\\/radioleinewelle.de\\\/index.php\\\/2025\\\/06\\\/26\\\/grosswaldbrand-im-harz-spezialisten-aus-goettingen-goslar-im-einsatz\\\/\"},\"author\":{\"name\":\"Leinewelle\",\"@id\":\"https:\\\/\\\/radioleinewelle.de\\\/#\\\/schema\\\/person\\\/45606f348637df637192dc1b68399a63\"},\"headline\":\"Gro\u00dfwaldbrand im Harz: Spezialisten aus G\u00f6ttingen-Goslar im Einsatz\",\"datePublished\":\"2025-06-26T08:26:25+00:00\",\"dateModified\":\"2025-06-26T08:26:26+00:00\",\"mainEntityOfPage\":{\"@id\":\"https:\\\/\\\/radioleinewelle.de\\\/index.php\\\/2025\\\/06\\\/26\\\/grosswaldbrand-im-harz-spezialisten-aus-goettingen-goslar-im-einsatz\\\/\"},\"wordCount\":349,\"commentCount\":0,\"publisher\":{\"@id\":\"https:\\\/\\\/radioleinewelle.de\\\/#organization\"},\"image\":{\"@id\":\"https:\\\/\\\/radioleinewelle.de\\\/index.php\\\/2025\\\/06\\\/26\\\/grosswaldbrand-im-harz-spezialisten-aus-goettingen-goslar-im-einsatz\\\/#primaryimage\"},\"thumbnailUrl\":\"https:\\\/\\\/radioleinewelle.de\\\/wp-content\\\/uploads\\\/2025\\\/06\\\/dc2c6d5b-a0bb-4f72-9b1d-1d20d7b86931.jpg\",\"articleSection\":[\"Aktuelle Nachrichten\"],\"inLanguage\":\"de\",\"potentialAction\":[{\"@type\":\"CommentAction\",\"name\":\"Comment\",\"target\":[\"https:\\\/\\\/radioleinewelle.de\\\/index.php\\\/2025\\\/06\\\/26\\\/grosswaldbrand-im-harz-spezialisten-aus-goettingen-goslar-im-einsatz\\\/#respond\"]}]},{\"@type\":\"WebPage\",\"@id\":\"https:\\\/\\\/radioleinewelle.de\\\/index.php\\\/2025\\\/06\\\/26\\\/grosswaldbrand-im-harz-spezialisten-aus-goettingen-goslar-im-einsatz\\\/\",\"url\":\"https:\\\/\\\/radioleinewelle.de\\\/index.php\\\/2025\\\/06\\\/26\\\/grosswaldbrand-im-harz-spezialisten-aus-goettingen-goslar-im-einsatz\\\/\",\"name\":\"Gro\u00dfwaldbrand im Harz: Spezialisten aus G\u00f6ttingen-Goslar im Einsatz - Radio Leinewelle\",\"isPartOf\":{\"@id\":\"https:\\\/\\\/radioleinewelle.de\\\/#website\"},\"primaryImageOfPage\":{\"@id\":\"https:\\\/\\\/radioleinewelle.de\\\/index.php\\\/2025\\\/06\\\/26\\\/grosswaldbrand-im-harz-spezialisten-aus-goettingen-goslar-im-einsatz\\\/#primaryimage\"},\"image\":{\"@id\":\"https:\\\/\\\/radioleinewelle.de\\\/index.php\\\/2025\\\/06\\\/26\\\/grosswaldbrand-im-harz-spezialisten-aus-goettingen-goslar-im-einsatz\\\/#primaryimage\"},\"thumbnailUrl\":\"https:\\\/\\\/radioleinewelle.de\\\/wp-content\\\/uploads\\\/2025\\\/06\\\/dc2c6d5b-a0bb-4f72-9b1d-1d20d7b86931.jpg\",\"datePublished\":\"2025-06-26T08:26:25+00:00\",\"dateModified\":\"2025-06-26T08:26:26+00:00\",\"breadcrumb\":{\"@id\":\"https:\\\/\\\/radioleinewelle.de\\\/index.php\\\/2025\\\/06\\\/26\\\/grosswaldbrand-im-harz-spezialisten-aus-goettingen-goslar-im-einsatz\\\/#breadcrumb\"},\"inLanguage\":\"de\",\"potentialAction\":[{\"@type\":\"ReadAction\",\"target\":[\"https:\\\/\\\/radioleinewelle.de\\\/index.php\\\/2025\\\/06\\\/26\\\/grosswaldbrand-im-harz-spezialisten-aus-goettingen-goslar-im-einsatz\\\/\"]}]},{\"@type\":\"ImageObject\",\"inLanguage\":\"de\",\"@id\":\"https:\\\/\\\/radioleinewelle.de\\\/index.php\\\/2025\\\/06\\\/26\\\/grosswaldbrand-im-harz-spezialisten-aus-goettingen-goslar-im-einsatz\\\/#primaryimage\",\"url\":\"https:\\\/\\\/radioleinewelle.de\\\/wp-content\\\/uploads\\\/2025\\\/06\\\/dc2c6d5b-a0bb-4f72-9b1d-1d20d7b86931.jpg\",\"contentUrl\":\"https:\\\/\\\/radioleinewelle.de\\\/wp-content\\\/uploads\\\/2025\\\/06\\\/dc2c6d5b-a0bb-4f72-9b1d-1d20d7b86931.jpg\",\"width\":2048,\"height\":1536},{\"@type\":\"BreadcrumbList\",\"@id\":\"https:\\\/\\\/radioleinewelle.de\\\/index.php\\\/2025\\\/06\\\/26\\\/grosswaldbrand-im-harz-spezialisten-aus-goettingen-goslar-im-einsatz\\\/#breadcrumb\",\"itemListElement\":[{\"@type\":\"ListItem\",\"position\":1,\"name\":\"Startseite\",\"item\":\"https:\\\/\\\/radioleinewelle.de\\\/\"},{\"@type\":\"ListItem\",\"position\":2,\"name\":\"Gro\u00dfwaldbrand im Harz: Spezialisten aus G\u00f6ttingen-Goslar im Einsatz\"}]},{\"@type\":\"WebSite\",\"@id\":\"https:\\\/\\\/radioleinewelle.de\\\/#website\",\"url\":\"https:\\\/\\\/radioleinewelle.de\\\/\",\"name\":\"Radio Leinewelle\",\"description\":\"\",\"publisher\":{\"@id\":\"https:\\\/\\\/radioleinewelle.de\\\/#organization\"},\"potentialAction\":[{\"@type\":\"SearchAction\",\"target\":{\"@type\":\"EntryPoint\",\"urlTemplate\":\"https:\\\/\\\/radioleinewelle.de\\\/?s={search_term_string}\"},\"query-input\":{\"@type\":\"PropertyValueSpecification\",\"valueRequired\":true,\"valueName\":\"search_term_string\"}}],\"inLanguage\":\"de\"},{\"@type\":\"Organization\",\"@id\":\"https:\\\/\\\/radioleinewelle.de\\\/#organization\",\"name\":\"Radio Leinewelle\",\"alternateName\":\"Mein Radio f\u00fcr S\u00fcdniedersachsen\",\"url\":\"https:\\\/\\\/radioleinewelle.de\\\/\",\"logo\":{\"@type\":\"ImageObject\",\"inLanguage\":\"de\",\"@id\":\"https:\\\/\\\/radioleinewelle.de\\\/#\\\/schema\\\/logo\\\/image\\\/\",\"url\":\"https:\\\/\\\/radioleinewelle.de\\\/wp-content\\\/uploads\\\/2023\\\/11\\\/cropped-Leinewelle_Logo_weiss.png\",\"contentUrl\":\"https:\\\/\\\/radioleinewelle.de\\\/wp-content\\\/uploads\\\/2023\\\/11\\\/cropped-Leinewelle_Logo_weiss.png\",\"width\":854,\"height\":260,\"caption\":\"Radio Leinewelle\"},\"image\":{\"@id\":\"https:\\\/\\\/radioleinewelle.de\\\/#\\\/schema\\\/logo\\\/image\\\/\"},\"sameAs\":[\"https:\\\/\\\/www.facebook.com\\\/radioleinewelle\",\"https:\\\/\\\/x.com\\\/RLeinewelle\",\"https:\\\/\\\/www.instagram.com\\\/radioleinewelle\\\/?hl=de\"]},{\"@type\":\"Person\",\"@id\":\"https:\\\/\\\/radioleinewelle.de\\\/#\\\/schema\\\/person\\\/45606f348637df637192dc1b68399a63\",\"name\":\"Leinewelle\",\"image\":{\"@type\":\"ImageObject\",\"inLanguage\":\"de\",\"@id\":\"https:\\\/\\\/secure.gravatar.com\\\/avatar\\\/05c9a17bc973052ee5d91549bd32fb4dd0dc85b7b85ae94b2e2b4943476bbea5?s=96&d=blank&r=g\",\"url\":\"https:\\\/\\\/secure.gravatar.com\\\/avatar\\\/05c9a17bc973052ee5d91549bd32fb4dd0dc85b7b85ae94b2e2b4943476bbea5?s=96&d=blank&r=g\",\"contentUrl\":\"https:\\\/\\\/secure.gravatar.com\\\/avatar\\\/05c9a17bc973052ee5d91549bd32fb4dd0dc85b7b85ae94b2e2b4943476bbea5?s=96&d=blank&r=g\",\"caption\":\"Leinewelle\"},\"sameAs\":[\"http:\\\/\\\/localhost\\\/radio%20leinewelle\\\/wordpress\",\"https:\\\/\\\/www.facebook.com\\\/radioleinewelle\",\"https:\\\/\\\/www.instagram.com\\\/radioleinewelle\",\"https:\\\/\\\/x.com\\\/https:\\\/\\\/twitter.com\\\/RLeinewelle?ref_src=twsrcgoogletwcampserptwgrauthor\",\"https:\\\/\\\/soundcloud.com\\\/foerderverein-lokalradio?utm_source=clipboard&utm_medium=text&utm_campaign=social_sharing\"],\"url\":\"https:\\\/\\\/radioleinewelle.de\\\/index.php\\\/author\\\/leinewelle\\\/\"}]}<\/script>\n<!-- \/ Yoast SEO plugin. -->","yoast_head_json":{"title":"Gro\u00dfwaldbrand im Harz: Spezialisten aus G\u00f6ttingen-Goslar im Einsatz - Radio Leinewelle","robots":{"index":"index","follow":"follow","max-snippet":"max-snippet:-1","max-image-preview":"max-image-preview:large","max-video-preview":"max-video-preview:-1"},"canonical":"https:\/\/radioleinewelle.de\/index.php\/2025\/06\/26\/grosswaldbrand-im-harz-spezialisten-aus-goettingen-goslar-im-einsatz\/","og_locale":"de_DE","og_type":"article","og_title":"Gro\u00dfwaldbrand im Harz: Spezialisten aus G\u00f6ttingen-Goslar im Einsatz - Radio Leinewelle","og_description":"Hilfe bei der Waldbrandbek\u00e4mpfung im Harz. Am Sonntagabend wurde der GFFF-V Zug II* der Landkreise G\u00f6ttingen und Goslar zur Unterst\u00fctzung bei einem gro\u00dffl\u00e4chigen Waldbrand im Raum Goslar alarmiert. Die Spezialeinheit, bestehend aus vier gel\u00e4ndeg\u00e4ngigen Tankl\u00f6schfahrzeugen (CCFM), r\u00fcckte gegen 21 Uhr aus, um die \u00f6rtlichen Kr\u00e4fte bei der Bek\u00e4mpfung des schwer zug\u00e4nglichen Feuers zu unterst\u00fctzen. In [&hellip;]","og_url":"https:\/\/radioleinewelle.de\/index.php\/2025\/06\/26\/grosswaldbrand-im-harz-spezialisten-aus-goettingen-goslar-im-einsatz\/","og_site_name":"Radio Leinewelle","article_publisher":"https:\/\/www.facebook.com\/radioleinewelle","article_author":"https:\/\/www.facebook.com\/radioleinewelle","article_published_time":"2025-06-26T08:26:25+00:00","article_modified_time":"2025-06-26T08:26:26+00:00","og_image":[{"width":2048,"height":1536,"url":"https:\/\/radioleinewelle.de\/wp-content\/uploads\/2025\/06\/dc2c6d5b-a0bb-4f72-9b1d-1d20d7b86931.jpg","type":"image\/jpeg"}],"author":"Leinewelle","twitter_card":"summary_large_image","twitter_creator":"@https:\/\/twitter.com\/RLeinewelle?ref_src=twsrcgoogletwcampserptwgrauthor","twitter_site":"@RLeinewelle","twitter_misc":{"Verfasst von":"Leinewelle","Gesch\u00e4tzte Lesezeit":"2\u00a0Minuten"},"schema":{"@context":"https:\/\/schema.org","@graph":[{"@type":"Article","@id":"https:\/\/radioleinewelle.de\/index.php\/2025\/06\/26\/grosswaldbrand-im-harz-spezialisten-aus-goettingen-goslar-im-einsatz\/#article","isPartOf":{"@id":"https:\/\/radioleinewelle.de\/index.php\/2025\/06\/26\/grosswaldbrand-im-harz-spezialisten-aus-goettingen-goslar-im-einsatz\/"},"author":{"name":"Leinewelle","@id":"https:\/\/radioleinewelle.de\/#\/schema\/person\/45606f348637df637192dc1b68399a63"},"headline":"Gro\u00dfwaldbrand im Harz: Spezialisten aus G\u00f6ttingen-Goslar im Einsatz","datePublished":"2025-06-26T08:26:25+00:00","dateModified":"2025-06-26T08:26:26+00:00","mainEntityOfPage":{"@id":"https:\/\/radioleinewelle.de\/index.php\/2025\/06\/26\/grosswaldbrand-im-harz-spezialisten-aus-goettingen-goslar-im-einsatz\/"},"wordCount":349,"commentCount":0,"publisher":{"@id":"https:\/\/radioleinewelle.de\/#organization"},"image":{"@id":"https:\/\/radioleinewelle.de\/index.php\/2025\/06\/26\/grosswaldbrand-im-harz-spezialisten-aus-goettingen-goslar-im-einsatz\/#primaryimage"},"thumbnailUrl":"https:\/\/radioleinewelle.de\/wp-content\/uploads\/2025\/06\/dc2c6d5b-a0bb-4f72-9b1d-1d20d7b86931.jpg","articleSection":["Aktuelle Nachrichten"],"inLanguage":"de","potentialAction":[{"@type":"CommentAction","name":"Comment","target":["https:\/\/radioleinewelle.de\/index.php\/2025\/06\/26\/grosswaldbrand-im-harz-spezialisten-aus-goettingen-goslar-im-einsatz\/#respond"]}]},{"@type":"WebPage","@id":"https:\/\/radioleinewelle.de\/index.php\/2025\/06\/26\/grosswaldbrand-im-harz-spezialisten-aus-goettingen-goslar-im-einsatz\/","url":"https:\/\/radioleinewelle.de\/index.php\/2025\/06\/26\/grosswaldbrand-im-harz-spezialisten-aus-goettingen-goslar-im-einsatz\/","name":"Gro\u00dfwaldbrand im Harz: Spezialisten aus G\u00f6ttingen-Goslar im Einsatz - Radio Leinewelle","isPartOf":{"@id":"https:\/\/radioleinewelle.de\/#website"},"primaryImageOfPage":{"@id":"https:\/\/radioleinewelle.de\/index.php\/2025\/06\/26\/grosswaldbrand-im-harz-spezialisten-aus-goettingen-goslar-im-einsatz\/#primaryimage"},"image":{"@id":"https:\/\/radioleinewelle.de\/index.php\/2025\/06\/26\/grosswaldbrand-im-harz-spezialisten-aus-goettingen-goslar-im-einsatz\/#primaryimage"},"thumbnailUrl":"https:\/\/radioleinewelle.de\/wp-content\/uploads\/2025\/06\/dc2c6d5b-a0bb-4f72-9b1d-1d20d7b86931.jpg","datePublished":"2025-06-26T08:26:25+00:00","dateModified":"2025-06-26T08:26:26+00:00","breadcrumb":{"@id":"https:\/\/radioleinewelle.de\/index.php\/2025\/06\/26\/grosswaldbrand-im-harz-spezialisten-aus-goettingen-goslar-im-einsatz\/#breadcrumb"},"inLanguage":"de","potentialAction":[{"@type":"ReadAction","target":["https:\/\/radioleinewelle.de\/index.php\/2025\/06\/26\/grosswaldbrand-im-harz-spezialisten-aus-goettingen-goslar-im-einsatz\/"]}]},{"@type":"ImageObject","inLanguage":"de","@id":"https:\/\/radioleinewelle.de\/index.php\/2025\/06\/26\/grosswaldbrand-im-harz-spezialisten-aus-goettingen-goslar-im-einsatz\/#primaryimage","url":"https:\/\/radioleinewelle.de\/wp-content\/uploads\/2025\/06\/dc2c6d5b-a0bb-4f72-9b1d-1d20d7b86931.jpg","contentUrl":"https:\/\/radioleinewelle.de\/wp-content\/uploads\/2025\/06\/dc2c6d5b-a0bb-4f72-9b1d-1d20d7b86931.jpg","width":2048,"height":1536},{"@type":"BreadcrumbList","@id":"https:\/\/radioleinewelle.de\/index.php\/2025\/06\/26\/grosswaldbrand-im-harz-spezialisten-aus-goettingen-goslar-im-einsatz\/#breadcrumb","itemListElement":[{"@type":"ListItem","position":1,"name":"Startseite","item":"https:\/\/radioleinewelle.de\/"},{"@type":"ListItem","position":2,"name":"Gro\u00dfwaldbrand im Harz: Spezialisten aus G\u00f6ttingen-Goslar im Einsatz"}]},{"@type":"WebSite","@id":"https:\/\/radioleinewelle.de\/#website","url":"https:\/\/radioleinewelle.de\/","name":"Radio Leinewelle","description":"","publisher":{"@id":"https:\/\/radioleinewelle.de\/#organization"},"potentialAction":[{"@type":"SearchAction","target":{"@type":"EntryPoint","urlTemplate":"https:\/\/radioleinewelle.de\/?s={search_term_string}"},"query-input":{"@type":"PropertyValueSpecification","valueRequired":true,"valueName":"search_term_string"}}],"inLanguage":"de"},{"@type":"Organization","@id":"https:\/\/radioleinewelle.de\/#organization","name":"Radio Leinewelle","alternateName":"Mein Radio f\u00fcr S\u00fcdniedersachsen","url":"https:\/\/radioleinewelle.de\/","logo":{"@type":"ImageObject","inLanguage":"de","@id":"https:\/\/radioleinewelle.de\/#\/schema\/logo\/image\/","url":"https:\/\/radioleinewelle.de\/wp-content\/uploads\/2023\/11\/cropped-Leinewelle_Logo_weiss.png","contentUrl":"https:\/\/radioleinewelle.de\/wp-content\/uploads\/2023\/11\/cropped-Leinewelle_Logo_weiss.png","width":854,"height":260,"caption":"Radio Leinewelle"},"image":{"@id":"https:\/\/radioleinewelle.de\/#\/schema\/logo\/image\/"},"sameAs":["https:\/\/www.facebook.com\/radioleinewelle","https:\/\/x.com\/RLeinewelle","https:\/\/www.instagram.com\/radioleinewelle\/?hl=de"]},{"@type":"Person","@id":"https:\/\/radioleinewelle.de\/#\/schema\/person\/45606f348637df637192dc1b68399a63","name":"Leinewelle","image":{"@type":"ImageObject","inLanguage":"de","@id":"https:\/\/secure.gravatar.com\/avatar\/05c9a17bc973052ee5d91549bd32fb4dd0dc85b7b85ae94b2e2b4943476bbea5?s=96&d=blank&r=g","url":"https:\/\/secure.gravatar.com\/avatar\/05c9a17bc973052ee5d91549bd32fb4dd0dc85b7b85ae94b2e2b4943476bbea5?s=96&d=blank&r=g","contentUrl":"https:\/\/secure.gravatar.com\/avatar\/05c9a17bc973052ee5d91549bd32fb4dd0dc85b7b85ae94b2e2b4943476bbea5?s=96&d=blank&r=g","caption":"Leinewelle"},"sameAs":["http:\/\/localhost\/radio%20leinewelle\/wordpress","https:\/\/www.facebook.com\/radioleinewelle","https:\/\/www.instagram.com\/radioleinewelle","https:\/\/x.com\/https:\/\/twitter.com\/RLeinewelle?ref_src=twsrcgoogletwcampserptwgrauthor","https:\/\/soundcloud.com\/foerderverein-lokalradio?utm_source=clipboard&utm_medium=text&utm_campaign=social_sharing"],"url":"https:\/\/radioleinewelle.de\/index.php\/author\/leinewelle\/"}]}},"_links":{"self":[{"href":"https:\/\/radioleinewelle.de\/index.php\/wp-json\/wp\/v2\/posts\/28556","targetHints":{"allow":["GET"]}}],"collection":[{"href":"https:\/\/radioleinewelle.de\/index.php\/wp-json\/wp\/v2\/posts"}],"about":[{"href":"https:\/\/radioleinewelle.de\/index.php\/wp-json\/wp\/v2\/types\/post"}],"author":[{"embeddable":true,"href":"https:\/\/radioleinewelle.de\/index.php\/wp-json\/wp\/v2\/users\/1"}],"replies":[{"embeddable":true,"href":"https:\/\/radioleinewelle.de\/index.php\/wp-json\/wp\/v2\/comments?post=28556"}],"version-history":[{"count":4,"href":"https:\/\/radioleinewelle.de\/index.php\/wp-json\/wp\/v2\/posts\/28556\/revisions"}],"predecessor-version":[{"id":28562,"href":"https:\/\/radioleinewelle.de\/index.php\/wp-json\/wp\/v2\/posts\/28556\/revisions\/28562"}],"wp:featuredmedia":[{"embeddable":true,"href":"https:\/\/radioleinewelle.de\/index.php\/wp-json\/wp\/v2\/media\/28559"}],"wp:attachment":[{"href":"https:\/\/radioleinewelle.de\/index.php\/wp-json\/wp\/v2\/media?parent=28556"}],"wp:term":[{"taxonomy":"category","embeddable":true,"href":"https:\/\/radioleinewelle.de\/index.php\/wp-json\/wp\/v2\/categories?post=28556"},{"taxonomy":"post_tag","embeddable":true,"href":"https:\/\/radioleinewelle.de\/index.php\/wp-json\/wp\/v2\/tags?post=28556"}],"curies":[{"name":"wp","href":"https:\/\/api.w.org\/{rel}","templated":true}]}}