{"id":2857,"date":"2020-11-10T05:05:02","date_gmt":"2020-11-10T04:05:02","guid":{"rendered":"https:\/\/radioleinewelle.de\/?p=2857"},"modified":"2020-11-10T05:05:02","modified_gmt":"2020-11-10T04:05:02","slug":"grossbrand-in-hann-muenden-sonderkommission-fuer-ermittlungen-zur-brandursache-eingerichtet","status":"publish","type":"post","link":"https:\/\/radioleinewelle.de\/index.php\/2020\/11\/10\/grossbrand-in-hann-muenden-sonderkommission-fuer-ermittlungen-zur-brandursache-eingerichtet\/","title":{"rendered":"Gro\u00dfbrand in Hann. M\u00fcnden &#8211; Sonderkommission f\u00fcr Ermittlungen zur Brandursache eingerichtet"},"content":{"rendered":"<p>HANN. M\u00dcNDEN (jk) &#8211; Noch immer ist unklar, was das Feuer in einem Gesch\u00e4ftshaus in der Hann. M\u00fcndener Rosenstra\u00dfe und den nachfolgenden verheerenden Gro\u00dfbrand ausgel\u00f6st hat (wir berichteten). F\u00fcr die weiteren Ermittlungen zur Brandursache wurde beim Polizeikommissariat Hann. M\u00fcnden eine Sonderkommission eingerichtet.\u00a0Ein hinzugezogener Experte der Brandursachenkommission des Landeskriminalamtes Hannover verschaffte sich au\u00dferdem am Montagvormittag (09.11.20) vor Ort einen ersten \u00dcberblick. Ein Betreten der Brandstelle f\u00fcr weitergehende Untersuchungen war allerdings noch nicht m\u00f6glich. Hinweise auf eine vors\u00e4tzliche Brandstiftung gibt es aber nach wie vor nicht.\u00a0Die Kirchstra\u00dfe ist mittlerweile wieder komplett freigegeben. In der Rosenstra\u00dfe bleibt der Bereich in H\u00f6he der beschlagnahmten Brandstelle weiter abgesperrt. Fu\u00dfg\u00e4nger k\u00f6nnen dort aber seit dem Nachmittag passieren.<\/p>\n<p>Bild von <a href=\"https:\/\/pixabay.com\/de\/users\/schlappohr-4672818\/?utm_source=link-attribution&amp;utm_medium=referral&amp;utm_campaign=image&amp;utm_content=3782996\">Harald Funken<\/a> auf <a href=\"https:\/\/pixabay.com\/de\/?utm_source=link-attribution&amp;utm_medium=referral&amp;utm_campaign=image&amp;utm_content=3782996\">Pixabay<\/a><\/p>\n","protected":false},"excerpt":{"rendered":"<p>HANN. M\u00dcNDEN (jk) &#8211; Noch immer ist unklar, was das Feuer in einem Gesch\u00e4ftshaus in der Hann. M\u00fcndener Rosenstra\u00dfe und den nachfolgenden verheerenden Gro\u00dfbrand ausgel\u00f6st hat (wir berichteten). F\u00fcr die weiteren Ermittlungen zur Brandursache wurde beim Polizeikommissariat Hann. M\u00fcnden eine Sonderkommission eingerichtet.\u00a0Ein hinzugezogener Experte der Brandursachenkommission des Landeskriminalamtes Hannover verschaffte sich au\u00dferdem am Montagvormittag (09.11.20) [&hellip;]<\/p>\n","protected":false},"author":1,"featured_media":0,"comment_status":"closed","ping_status":"closed","sticky":false,"template":"","format":"standard","meta":{"saved_in_kubio":false,"footnotes":""},"categories":[24],"tags":[],"class_list":["post-2857","post","type-post","status-publish","format-standard","hentry","category-news"],"yoast_head":"<!-- This site is optimized with the Yoast SEO plugin v27.5 - https:\/\/yoast.com\/product\/yoast-seo-wordpress\/ -->\n<title>Gro\u00dfbrand in Hann. M\u00fcnden - Sonderkommission f\u00fcr Ermittlungen zur Brandursache eingerichtet - Radio Leinewelle<\/title>\n<meta name=\"robots\" content=\"index, follow, max-snippet:-1, max-image-preview:large, max-video-preview:-1\" \/>\n<link rel=\"canonical\" href=\"https:\/\/radioleinewelle.de\/index.php\/2020\/11\/10\/grossbrand-in-hann-muenden-sonderkommission-fuer-ermittlungen-zur-brandursache-eingerichtet\/\" \/>\n<meta property=\"og:locale\" content=\"de_DE\" \/>\n<meta property=\"og:type\" content=\"article\" \/>\n<meta property=\"og:title\" content=\"Gro\u00dfbrand in Hann. M\u00fcnden - Sonderkommission f\u00fcr Ermittlungen zur Brandursache eingerichtet - Radio Leinewelle\" \/>\n<meta property=\"og:description\" content=\"HANN. M\u00dcNDEN (jk) &#8211; Noch immer ist unklar, was das Feuer in einem Gesch\u00e4ftshaus in der Hann. M\u00fcndener Rosenstra\u00dfe und den nachfolgenden verheerenden Gro\u00dfbrand ausgel\u00f6st hat (wir berichteten). F\u00fcr die weiteren Ermittlungen zur Brandursache wurde beim Polizeikommissariat Hann. M\u00fcnden eine Sonderkommission eingerichtet.\u00a0Ein hinzugezogener Experte der Brandursachenkommission des Landeskriminalamtes Hannover verschaffte sich au\u00dferdem am Montagvormittag (09.11.20) [&hellip;]\" \/>\n<meta property=\"og:url\" content=\"https:\/\/radioleinewelle.de\/index.php\/2020\/11\/10\/grossbrand-in-hann-muenden-sonderkommission-fuer-ermittlungen-zur-brandursache-eingerichtet\/\" \/>\n<meta property=\"og:site_name\" content=\"Radio Leinewelle\" \/>\n<meta property=\"article:publisher\" content=\"https:\/\/www.facebook.com\/radioleinewelle\" \/>\n<meta property=\"article:author\" content=\"https:\/\/www.facebook.com\/radioleinewelle\" \/>\n<meta property=\"article:published_time\" content=\"2020-11-10T04:05:02+00:00\" \/>\n<meta name=\"author\" content=\"Leinewelle\" \/>\n<meta name=\"twitter:card\" content=\"summary_large_image\" \/>\n<meta name=\"twitter:creator\" content=\"@https:\/\/twitter.com\/RLeinewelle?ref_src=twsrcgoogletwcampserptwgrauthor\" \/>\n<meta name=\"twitter:site\" content=\"@RLeinewelle\" \/>\n<meta name=\"twitter:label1\" content=\"Verfasst von\" \/>\n\t<meta name=\"twitter:data1\" content=\"Leinewelle\" \/>\n\t<meta name=\"twitter:label2\" content=\"Gesch\u00e4tzte Lesezeit\" \/>\n\t<meta name=\"twitter:data2\" content=\"1\u00a0Minute\" \/>\n<script type=\"application\/ld+json\" class=\"yoast-schema-graph\">{\"@context\":\"https:\\\/\\\/schema.org\",\"@graph\":[{\"@type\":\"Article\",\"@id\":\"https:\\\/\\\/radioleinewelle.de\\\/index.php\\\/2020\\\/11\\\/10\\\/grossbrand-in-hann-muenden-sonderkommission-fuer-ermittlungen-zur-brandursache-eingerichtet\\\/#article\",\"isPartOf\":{\"@id\":\"https:\\\/\\\/radioleinewelle.de\\\/index.php\\\/2020\\\/11\\\/10\\\/grossbrand-in-hann-muenden-sonderkommission-fuer-ermittlungen-zur-brandursache-eingerichtet\\\/\"},\"author\":{\"name\":\"Leinewelle\",\"@id\":\"https:\\\/\\\/radioleinewelle.de\\\/#\\\/schema\\\/person\\\/45606f348637df637192dc1b68399a63\"},\"headline\":\"Gro\u00dfbrand in Hann. M\u00fcnden &#8211; Sonderkommission f\u00fcr Ermittlungen zur Brandursache eingerichtet\",\"datePublished\":\"2020-11-10T04:05:02+00:00\",\"mainEntityOfPage\":{\"@id\":\"https:\\\/\\\/radioleinewelle.de\\\/index.php\\\/2020\\\/11\\\/10\\\/grossbrand-in-hann-muenden-sonderkommission-fuer-ermittlungen-zur-brandursache-eingerichtet\\\/\"},\"wordCount\":150,\"publisher\":{\"@id\":\"https:\\\/\\\/radioleinewelle.de\\\/#organization\"},\"articleSection\":[\"Aktuelle Nachrichten\"],\"inLanguage\":\"de\"},{\"@type\":\"WebPage\",\"@id\":\"https:\\\/\\\/radioleinewelle.de\\\/index.php\\\/2020\\\/11\\\/10\\\/grossbrand-in-hann-muenden-sonderkommission-fuer-ermittlungen-zur-brandursache-eingerichtet\\\/\",\"url\":\"https:\\\/\\\/radioleinewelle.de\\\/index.php\\\/2020\\\/11\\\/10\\\/grossbrand-in-hann-muenden-sonderkommission-fuer-ermittlungen-zur-brandursache-eingerichtet\\\/\",\"name\":\"Gro\u00dfbrand in Hann. M\u00fcnden - Sonderkommission f\u00fcr Ermittlungen zur Brandursache eingerichtet - Radio Leinewelle\",\"isPartOf\":{\"@id\":\"https:\\\/\\\/radioleinewelle.de\\\/#website\"},\"datePublished\":\"2020-11-10T04:05:02+00:00\",\"breadcrumb\":{\"@id\":\"https:\\\/\\\/radioleinewelle.de\\\/index.php\\\/2020\\\/11\\\/10\\\/grossbrand-in-hann-muenden-sonderkommission-fuer-ermittlungen-zur-brandursache-eingerichtet\\\/#breadcrumb\"},\"inLanguage\":\"de\",\"potentialAction\":[{\"@type\":\"ReadAction\",\"target\":[\"https:\\\/\\\/radioleinewelle.de\\\/index.php\\\/2020\\\/11\\\/10\\\/grossbrand-in-hann-muenden-sonderkommission-fuer-ermittlungen-zur-brandursache-eingerichtet\\\/\"]}]},{\"@type\":\"BreadcrumbList\",\"@id\":\"https:\\\/\\\/radioleinewelle.de\\\/index.php\\\/2020\\\/11\\\/10\\\/grossbrand-in-hann-muenden-sonderkommission-fuer-ermittlungen-zur-brandursache-eingerichtet\\\/#breadcrumb\",\"itemListElement\":[{\"@type\":\"ListItem\",\"position\":1,\"name\":\"Startseite\",\"item\":\"https:\\\/\\\/radioleinewelle.de\\\/\"},{\"@type\":\"ListItem\",\"position\":2,\"name\":\"Gro\u00dfbrand in Hann. M\u00fcnden &#8211; Sonderkommission f\u00fcr Ermittlungen zur Brandursache eingerichtet\"}]},{\"@type\":\"WebSite\",\"@id\":\"https:\\\/\\\/radioleinewelle.de\\\/#website\",\"url\":\"https:\\\/\\\/radioleinewelle.de\\\/\",\"name\":\"Radio Leinewelle\",\"description\":\"\",\"publisher\":{\"@id\":\"https:\\\/\\\/radioleinewelle.de\\\/#organization\"},\"potentialAction\":[{\"@type\":\"SearchAction\",\"target\":{\"@type\":\"EntryPoint\",\"urlTemplate\":\"https:\\\/\\\/radioleinewelle.de\\\/?s={search_term_string}\"},\"query-input\":{\"@type\":\"PropertyValueSpecification\",\"valueRequired\":true,\"valueName\":\"search_term_string\"}}],\"inLanguage\":\"de\"},{\"@type\":\"Organization\",\"@id\":\"https:\\\/\\\/radioleinewelle.de\\\/#organization\",\"name\":\"Radio Leinewelle\",\"alternateName\":\"Mein Radio f\u00fcr S\u00fcdniedersachsen\",\"url\":\"https:\\\/\\\/radioleinewelle.de\\\/\",\"logo\":{\"@type\":\"ImageObject\",\"inLanguage\":\"de\",\"@id\":\"https:\\\/\\\/radioleinewelle.de\\\/#\\\/schema\\\/logo\\\/image\\\/\",\"url\":\"https:\\\/\\\/radioleinewelle.de\\\/wp-content\\\/uploads\\\/2023\\\/11\\\/cropped-Leinewelle_Logo_weiss.png\",\"contentUrl\":\"https:\\\/\\\/radioleinewelle.de\\\/wp-content\\\/uploads\\\/2023\\\/11\\\/cropped-Leinewelle_Logo_weiss.png\",\"width\":854,\"height\":260,\"caption\":\"Radio Leinewelle\"},\"image\":{\"@id\":\"https:\\\/\\\/radioleinewelle.de\\\/#\\\/schema\\\/logo\\\/image\\\/\"},\"sameAs\":[\"https:\\\/\\\/www.facebook.com\\\/radioleinewelle\",\"https:\\\/\\\/x.com\\\/RLeinewelle\",\"https:\\\/\\\/www.instagram.com\\\/radioleinewelle\\\/?hl=de\"]},{\"@type\":\"Person\",\"@id\":\"https:\\\/\\\/radioleinewelle.de\\\/#\\\/schema\\\/person\\\/45606f348637df637192dc1b68399a63\",\"name\":\"Leinewelle\",\"image\":{\"@type\":\"ImageObject\",\"inLanguage\":\"de\",\"@id\":\"https:\\\/\\\/secure.gravatar.com\\\/avatar\\\/05c9a17bc973052ee5d91549bd32fb4dd0dc85b7b85ae94b2e2b4943476bbea5?s=96&d=blank&r=g\",\"url\":\"https:\\\/\\\/secure.gravatar.com\\\/avatar\\\/05c9a17bc973052ee5d91549bd32fb4dd0dc85b7b85ae94b2e2b4943476bbea5?s=96&d=blank&r=g\",\"contentUrl\":\"https:\\\/\\\/secure.gravatar.com\\\/avatar\\\/05c9a17bc973052ee5d91549bd32fb4dd0dc85b7b85ae94b2e2b4943476bbea5?s=96&d=blank&r=g\",\"caption\":\"Leinewelle\"},\"sameAs\":[\"http:\\\/\\\/localhost\\\/radio%20leinewelle\\\/wordpress\",\"https:\\\/\\\/www.facebook.com\\\/radioleinewelle\",\"https:\\\/\\\/www.instagram.com\\\/radioleinewelle\",\"https:\\\/\\\/x.com\\\/https:\\\/\\\/twitter.com\\\/RLeinewelle?ref_src=twsrcgoogletwcampserptwgrauthor\",\"https:\\\/\\\/soundcloud.com\\\/foerderverein-lokalradio?utm_source=clipboard&utm_medium=text&utm_campaign=social_sharing\"],\"url\":\"https:\\\/\\\/radioleinewelle.de\\\/index.php\\\/author\\\/leinewelle\\\/\"}]}<\/script>\n<!-- \/ Yoast SEO plugin. -->","yoast_head_json":{"title":"Gro\u00dfbrand in Hann. M\u00fcnden - Sonderkommission f\u00fcr Ermittlungen zur Brandursache eingerichtet - Radio Leinewelle","robots":{"index":"index","follow":"follow","max-snippet":"max-snippet:-1","max-image-preview":"max-image-preview:large","max-video-preview":"max-video-preview:-1"},"canonical":"https:\/\/radioleinewelle.de\/index.php\/2020\/11\/10\/grossbrand-in-hann-muenden-sonderkommission-fuer-ermittlungen-zur-brandursache-eingerichtet\/","og_locale":"de_DE","og_type":"article","og_title":"Gro\u00dfbrand in Hann. M\u00fcnden - Sonderkommission f\u00fcr Ermittlungen zur Brandursache eingerichtet - Radio Leinewelle","og_description":"HANN. M\u00dcNDEN (jk) &#8211; Noch immer ist unklar, was das Feuer in einem Gesch\u00e4ftshaus in der Hann. M\u00fcndener Rosenstra\u00dfe und den nachfolgenden verheerenden Gro\u00dfbrand ausgel\u00f6st hat (wir berichteten). F\u00fcr die weiteren Ermittlungen zur Brandursache wurde beim Polizeikommissariat Hann. M\u00fcnden eine Sonderkommission eingerichtet.\u00a0Ein hinzugezogener Experte der Brandursachenkommission des Landeskriminalamtes Hannover verschaffte sich au\u00dferdem am Montagvormittag (09.11.20) [&hellip;]","og_url":"https:\/\/radioleinewelle.de\/index.php\/2020\/11\/10\/grossbrand-in-hann-muenden-sonderkommission-fuer-ermittlungen-zur-brandursache-eingerichtet\/","og_site_name":"Radio Leinewelle","article_publisher":"https:\/\/www.facebook.com\/radioleinewelle","article_author":"https:\/\/www.facebook.com\/radioleinewelle","article_published_time":"2020-11-10T04:05:02+00:00","author":"Leinewelle","twitter_card":"summary_large_image","twitter_creator":"@https:\/\/twitter.com\/RLeinewelle?ref_src=twsrcgoogletwcampserptwgrauthor","twitter_site":"@RLeinewelle","twitter_misc":{"Verfasst von":"Leinewelle","Gesch\u00e4tzte Lesezeit":"1\u00a0Minute"},"schema":{"@context":"https:\/\/schema.org","@graph":[{"@type":"Article","@id":"https:\/\/radioleinewelle.de\/index.php\/2020\/11\/10\/grossbrand-in-hann-muenden-sonderkommission-fuer-ermittlungen-zur-brandursache-eingerichtet\/#article","isPartOf":{"@id":"https:\/\/radioleinewelle.de\/index.php\/2020\/11\/10\/grossbrand-in-hann-muenden-sonderkommission-fuer-ermittlungen-zur-brandursache-eingerichtet\/"},"author":{"name":"Leinewelle","@id":"https:\/\/radioleinewelle.de\/#\/schema\/person\/45606f348637df637192dc1b68399a63"},"headline":"Gro\u00dfbrand in Hann. M\u00fcnden &#8211; Sonderkommission f\u00fcr Ermittlungen zur Brandursache eingerichtet","datePublished":"2020-11-10T04:05:02+00:00","mainEntityOfPage":{"@id":"https:\/\/radioleinewelle.de\/index.php\/2020\/11\/10\/grossbrand-in-hann-muenden-sonderkommission-fuer-ermittlungen-zur-brandursache-eingerichtet\/"},"wordCount":150,"publisher":{"@id":"https:\/\/radioleinewelle.de\/#organization"},"articleSection":["Aktuelle Nachrichten"],"inLanguage":"de"},{"@type":"WebPage","@id":"https:\/\/radioleinewelle.de\/index.php\/2020\/11\/10\/grossbrand-in-hann-muenden-sonderkommission-fuer-ermittlungen-zur-brandursache-eingerichtet\/","url":"https:\/\/radioleinewelle.de\/index.php\/2020\/11\/10\/grossbrand-in-hann-muenden-sonderkommission-fuer-ermittlungen-zur-brandursache-eingerichtet\/","name":"Gro\u00dfbrand in Hann. M\u00fcnden - Sonderkommission f\u00fcr Ermittlungen zur Brandursache eingerichtet - Radio Leinewelle","isPartOf":{"@id":"https:\/\/radioleinewelle.de\/#website"},"datePublished":"2020-11-10T04:05:02+00:00","breadcrumb":{"@id":"https:\/\/radioleinewelle.de\/index.php\/2020\/11\/10\/grossbrand-in-hann-muenden-sonderkommission-fuer-ermittlungen-zur-brandursache-eingerichtet\/#breadcrumb"},"inLanguage":"de","potentialAction":[{"@type":"ReadAction","target":["https:\/\/radioleinewelle.de\/index.php\/2020\/11\/10\/grossbrand-in-hann-muenden-sonderkommission-fuer-ermittlungen-zur-brandursache-eingerichtet\/"]}]},{"@type":"BreadcrumbList","@id":"https:\/\/radioleinewelle.de\/index.php\/2020\/11\/10\/grossbrand-in-hann-muenden-sonderkommission-fuer-ermittlungen-zur-brandursache-eingerichtet\/#breadcrumb","itemListElement":[{"@type":"ListItem","position":1,"name":"Startseite","item":"https:\/\/radioleinewelle.de\/"},{"@type":"ListItem","position":2,"name":"Gro\u00dfbrand in Hann. M\u00fcnden &#8211; Sonderkommission f\u00fcr Ermittlungen zur Brandursache eingerichtet"}]},{"@type":"WebSite","@id":"https:\/\/radioleinewelle.de\/#website","url":"https:\/\/radioleinewelle.de\/","name":"Radio Leinewelle","description":"","publisher":{"@id":"https:\/\/radioleinewelle.de\/#organization"},"potentialAction":[{"@type":"SearchAction","target":{"@type":"EntryPoint","urlTemplate":"https:\/\/radioleinewelle.de\/?s={search_term_string}"},"query-input":{"@type":"PropertyValueSpecification","valueRequired":true,"valueName":"search_term_string"}}],"inLanguage":"de"},{"@type":"Organization","@id":"https:\/\/radioleinewelle.de\/#organization","name":"Radio Leinewelle","alternateName":"Mein Radio f\u00fcr S\u00fcdniedersachsen","url":"https:\/\/radioleinewelle.de\/","logo":{"@type":"ImageObject","inLanguage":"de","@id":"https:\/\/radioleinewelle.de\/#\/schema\/logo\/image\/","url":"https:\/\/radioleinewelle.de\/wp-content\/uploads\/2023\/11\/cropped-Leinewelle_Logo_weiss.png","contentUrl":"https:\/\/radioleinewelle.de\/wp-content\/uploads\/2023\/11\/cropped-Leinewelle_Logo_weiss.png","width":854,"height":260,"caption":"Radio Leinewelle"},"image":{"@id":"https:\/\/radioleinewelle.de\/#\/schema\/logo\/image\/"},"sameAs":["https:\/\/www.facebook.com\/radioleinewelle","https:\/\/x.com\/RLeinewelle","https:\/\/www.instagram.com\/radioleinewelle\/?hl=de"]},{"@type":"Person","@id":"https:\/\/radioleinewelle.de\/#\/schema\/person\/45606f348637df637192dc1b68399a63","name":"Leinewelle","image":{"@type":"ImageObject","inLanguage":"de","@id":"https:\/\/secure.gravatar.com\/avatar\/05c9a17bc973052ee5d91549bd32fb4dd0dc85b7b85ae94b2e2b4943476bbea5?s=96&d=blank&r=g","url":"https:\/\/secure.gravatar.com\/avatar\/05c9a17bc973052ee5d91549bd32fb4dd0dc85b7b85ae94b2e2b4943476bbea5?s=96&d=blank&r=g","contentUrl":"https:\/\/secure.gravatar.com\/avatar\/05c9a17bc973052ee5d91549bd32fb4dd0dc85b7b85ae94b2e2b4943476bbea5?s=96&d=blank&r=g","caption":"Leinewelle"},"sameAs":["http:\/\/localhost\/radio%20leinewelle\/wordpress","https:\/\/www.facebook.com\/radioleinewelle","https:\/\/www.instagram.com\/radioleinewelle","https:\/\/x.com\/https:\/\/twitter.com\/RLeinewelle?ref_src=twsrcgoogletwcampserptwgrauthor","https:\/\/soundcloud.com\/foerderverein-lokalradio?utm_source=clipboard&utm_medium=text&utm_campaign=social_sharing"],"url":"https:\/\/radioleinewelle.de\/index.php\/author\/leinewelle\/"}]}},"_links":{"self":[{"href":"https:\/\/radioleinewelle.de\/index.php\/wp-json\/wp\/v2\/posts\/2857","targetHints":{"allow":["GET"]}}],"collection":[{"href":"https:\/\/radioleinewelle.de\/index.php\/wp-json\/wp\/v2\/posts"}],"about":[{"href":"https:\/\/radioleinewelle.de\/index.php\/wp-json\/wp\/v2\/types\/post"}],"author":[{"embeddable":true,"href":"https:\/\/radioleinewelle.de\/index.php\/wp-json\/wp\/v2\/users\/1"}],"replies":[{"embeddable":true,"href":"https:\/\/radioleinewelle.de\/index.php\/wp-json\/wp\/v2\/comments?post=2857"}],"version-history":[{"count":0,"href":"https:\/\/radioleinewelle.de\/index.php\/wp-json\/wp\/v2\/posts\/2857\/revisions"}],"wp:attachment":[{"href":"https:\/\/radioleinewelle.de\/index.php\/wp-json\/wp\/v2\/media?parent=2857"}],"wp:term":[{"taxonomy":"category","embeddable":true,"href":"https:\/\/radioleinewelle.de\/index.php\/wp-json\/wp\/v2\/categories?post=2857"},{"taxonomy":"post_tag","embeddable":true,"href":"https:\/\/radioleinewelle.de\/index.php\/wp-json\/wp\/v2\/tags?post=2857"}],"curies":[{"name":"wp","href":"https:\/\/api.w.org\/{rel}","templated":true}]}}