{"id":2861,"date":"2020-11-10T05:25:27","date_gmt":"2020-11-10T04:25:27","guid":{"rendered":"https:\/\/radioleinewelle.de\/?p=2861"},"modified":"2020-11-10T05:25:27","modified_gmt":"2020-11-10T04:25:27","slug":"landwirte-in-bedraengnis","status":"publish","type":"post","link":"https:\/\/radioleinewelle.de\/index.php\/2020\/11\/10\/landwirte-in-bedraengnis\/","title":{"rendered":"Landwirte in Bedr\u00e4ngnis"},"content":{"rendered":"<p>Sorgentelefone und Beratungsstellen f\u00fcr Landwirte erleben einen nie dagewesenen Ansturm. Das berichteten die Teilnehmerinnen und Teilnehmer einer Videokonferenz, zu der Landwirtschaftsministerin Barbara Otte-Kinast eingeladen hatte. \u201eNiedrige Preise, Tierseuchen und ver\u00e4nderte gesellschaftliche Anforderungen bringen manchen Landwirt in seelische Bedr\u00e4ngnis. Da ist es wichtig, dass den Menschen auf den H\u00f6fen gen\u00fcgend Hilfe angeboten wird\u201c, betonte die Ministerin. Hinzu komme die Corona-Pandemie, die h\u00e4ufig wie ein zus\u00e4tzlicher Katalysator wirke. Wer kann also helfen und beraten?<\/p>\n<p>W\u00e4hrend der Konferenz berichteten die Sprecher der landwirtschaftlichen Sorgentelefone, die Familienberatung, die sozio\u00f6konomische Beratung der Landwirtschaftskammer Niedersachsen, die Kirchlichen Dienste auf dem Lande, das Dorfhelferinnenwerk, die Nieders\u00e4chsischen Landfrauen Verb\u00e4nde Hannover und Weser-Ems sowie die Sozialversicherung f\u00fcr Landwirtschaft, Forsten und Gartenbau (SVLFG) \u00fcber ihre Erfahrungen. Sie alle liefern bereits seit Jahren professionelle Hilfe f\u00fcr finanzielle, famili\u00e4re, strukturelle oder psychische Probleme.<\/p>\n<p>\u201eDie Verzweiflung auf den H\u00f6fen ist gro\u00df\u201c, war der einhellige Tenor. Das Spektrum reicht von Generationenkonflikten \u00fcber Panikverk\u00e4ufe bis zur Vereinsamung, die nicht zuletzt durch die Pandemie-Auflagen entsteht. Deshalb bestand der einhellige Wunsch, sich einerseits noch st\u00e4rker landesweit zu vernetzen, andererseits die Pr\u00e4senz zu erh\u00f6hen, um pr\u00e4ventiv schneller agieren zu k\u00f6nnen. Dazu soll intensiv Werbung f\u00fcr die Hilfsangebote gemacht werden \u2013 unter anderem \u00fcber die sozialen Medien und ein Faltblatt mit allen Kontaktdaten. \u201eEs ist wichtig, dass die wirksame Unterst\u00fctzung auf den H\u00f6fen landet. Dazu k\u00f6nnen auch Freunde und Bekannte beitragen, die erkennen, dass sich jemand in einer Notlage befindet. Diese Menschen m\u00f6chten wir mit unserer gemeinsamen Aktion erreichen\u201c, sagte Ministerin Otte-Kinast.<\/p>\n<p>Bild von <a href=\"https:\/\/pixabay.com\/de\/users\/12019-12019\/?utm_source=link-attribution&amp;utm_medium=referral&amp;utm_campaign=image&amp;utm_content=385681\">David Mark<\/a> auf <a href=\"https:\/\/pixabay.com\/de\/?utm_source=link-attribution&amp;utm_medium=referral&amp;utm_campaign=image&amp;utm_content=385681\">Pixabay<\/a><\/p>\n","protected":false},"excerpt":{"rendered":"<p>Sorgentelefone und Beratungsstellen f\u00fcr Landwirte erleben einen nie dagewesenen Ansturm. Das berichteten die Teilnehmerinnen und Teilnehmer einer Videokonferenz, zu der Landwirtschaftsministerin Barbara Otte-Kinast eingeladen hatte. \u201eNiedrige Preise, Tierseuchen und ver\u00e4nderte gesellschaftliche Anforderungen bringen manchen Landwirt in seelische Bedr\u00e4ngnis. Da ist es wichtig, dass den Menschen auf den H\u00f6fen gen\u00fcgend Hilfe angeboten wird\u201c, betonte die Ministerin. [&hellip;]<\/p>\n","protected":false},"author":1,"featured_media":0,"comment_status":"closed","ping_status":"closed","sticky":false,"template":"","format":"standard","meta":{"saved_in_kubio":false,"footnotes":""},"categories":[38],"tags":[],"class_list":["post-2861","post","type-post","status-publish","format-standard","hentry","category-wirtschaft"],"yoast_head":"<!-- This site is optimized with the Yoast SEO plugin v27.5 - https:\/\/yoast.com\/product\/yoast-seo-wordpress\/ -->\n<title>Landwirte in Bedr\u00e4ngnis - Radio Leinewelle<\/title>\n<meta name=\"robots\" content=\"index, follow, max-snippet:-1, max-image-preview:large, max-video-preview:-1\" \/>\n<link rel=\"canonical\" href=\"https:\/\/radioleinewelle.de\/index.php\/2020\/11\/10\/landwirte-in-bedraengnis\/\" \/>\n<meta property=\"og:locale\" content=\"de_DE\" \/>\n<meta property=\"og:type\" content=\"article\" \/>\n<meta property=\"og:title\" content=\"Landwirte in Bedr\u00e4ngnis - Radio Leinewelle\" \/>\n<meta property=\"og:description\" content=\"Sorgentelefone und Beratungsstellen f\u00fcr Landwirte erleben einen nie dagewesenen Ansturm. Das berichteten die Teilnehmerinnen und Teilnehmer einer Videokonferenz, zu der Landwirtschaftsministerin Barbara Otte-Kinast eingeladen hatte. \u201eNiedrige Preise, Tierseuchen und ver\u00e4nderte gesellschaftliche Anforderungen bringen manchen Landwirt in seelische Bedr\u00e4ngnis. Da ist es wichtig, dass den Menschen auf den H\u00f6fen gen\u00fcgend Hilfe angeboten wird\u201c, betonte die Ministerin. [&hellip;]\" \/>\n<meta property=\"og:url\" content=\"https:\/\/radioleinewelle.de\/index.php\/2020\/11\/10\/landwirte-in-bedraengnis\/\" \/>\n<meta property=\"og:site_name\" content=\"Radio Leinewelle\" \/>\n<meta property=\"article:publisher\" content=\"https:\/\/www.facebook.com\/radioleinewelle\" \/>\n<meta property=\"article:author\" content=\"https:\/\/www.facebook.com\/radioleinewelle\" \/>\n<meta property=\"article:published_time\" content=\"2020-11-10T04:25:27+00:00\" \/>\n<meta name=\"author\" content=\"Leinewelle\" \/>\n<meta name=\"twitter:card\" content=\"summary_large_image\" \/>\n<meta name=\"twitter:creator\" content=\"@https:\/\/twitter.com\/RLeinewelle?ref_src=twsrcgoogletwcampserptwgrauthor\" \/>\n<meta name=\"twitter:site\" content=\"@RLeinewelle\" \/>\n<meta name=\"twitter:label1\" content=\"Verfasst von\" \/>\n\t<meta name=\"twitter:data1\" content=\"Leinewelle\" \/>\n\t<meta name=\"twitter:label2\" content=\"Gesch\u00e4tzte Lesezeit\" \/>\n\t<meta name=\"twitter:data2\" content=\"1\u00a0Minute\" \/>\n<script type=\"application\/ld+json\" class=\"yoast-schema-graph\">{\"@context\":\"https:\\\/\\\/schema.org\",\"@graph\":[{\"@type\":\"Article\",\"@id\":\"https:\\\/\\\/radioleinewelle.de\\\/index.php\\\/2020\\\/11\\\/10\\\/landwirte-in-bedraengnis\\\/#article\",\"isPartOf\":{\"@id\":\"https:\\\/\\\/radioleinewelle.de\\\/index.php\\\/2020\\\/11\\\/10\\\/landwirte-in-bedraengnis\\\/\"},\"author\":{\"name\":\"Leinewelle\",\"@id\":\"https:\\\/\\\/radioleinewelle.de\\\/#\\\/schema\\\/person\\\/45606f348637df637192dc1b68399a63\"},\"headline\":\"Landwirte in Bedr\u00e4ngnis\",\"datePublished\":\"2020-11-10T04:25:27+00:00\",\"mainEntityOfPage\":{\"@id\":\"https:\\\/\\\/radioleinewelle.de\\\/index.php\\\/2020\\\/11\\\/10\\\/landwirte-in-bedraengnis\\\/\"},\"wordCount\":278,\"publisher\":{\"@id\":\"https:\\\/\\\/radioleinewelle.de\\\/#organization\"},\"articleSection\":[\"Wirtschaft\"],\"inLanguage\":\"de\"},{\"@type\":\"WebPage\",\"@id\":\"https:\\\/\\\/radioleinewelle.de\\\/index.php\\\/2020\\\/11\\\/10\\\/landwirte-in-bedraengnis\\\/\",\"url\":\"https:\\\/\\\/radioleinewelle.de\\\/index.php\\\/2020\\\/11\\\/10\\\/landwirte-in-bedraengnis\\\/\",\"name\":\"Landwirte in Bedr\u00e4ngnis - Radio Leinewelle\",\"isPartOf\":{\"@id\":\"https:\\\/\\\/radioleinewelle.de\\\/#website\"},\"datePublished\":\"2020-11-10T04:25:27+00:00\",\"breadcrumb\":{\"@id\":\"https:\\\/\\\/radioleinewelle.de\\\/index.php\\\/2020\\\/11\\\/10\\\/landwirte-in-bedraengnis\\\/#breadcrumb\"},\"inLanguage\":\"de\",\"potentialAction\":[{\"@type\":\"ReadAction\",\"target\":[\"https:\\\/\\\/radioleinewelle.de\\\/index.php\\\/2020\\\/11\\\/10\\\/landwirte-in-bedraengnis\\\/\"]}]},{\"@type\":\"BreadcrumbList\",\"@id\":\"https:\\\/\\\/radioleinewelle.de\\\/index.php\\\/2020\\\/11\\\/10\\\/landwirte-in-bedraengnis\\\/#breadcrumb\",\"itemListElement\":[{\"@type\":\"ListItem\",\"position\":1,\"name\":\"Startseite\",\"item\":\"https:\\\/\\\/radioleinewelle.de\\\/\"},{\"@type\":\"ListItem\",\"position\":2,\"name\":\"Landwirte in Bedr\u00e4ngnis\"}]},{\"@type\":\"WebSite\",\"@id\":\"https:\\\/\\\/radioleinewelle.de\\\/#website\",\"url\":\"https:\\\/\\\/radioleinewelle.de\\\/\",\"name\":\"Radio Leinewelle\",\"description\":\"\",\"publisher\":{\"@id\":\"https:\\\/\\\/radioleinewelle.de\\\/#organization\"},\"potentialAction\":[{\"@type\":\"SearchAction\",\"target\":{\"@type\":\"EntryPoint\",\"urlTemplate\":\"https:\\\/\\\/radioleinewelle.de\\\/?s={search_term_string}\"},\"query-input\":{\"@type\":\"PropertyValueSpecification\",\"valueRequired\":true,\"valueName\":\"search_term_string\"}}],\"inLanguage\":\"de\"},{\"@type\":\"Organization\",\"@id\":\"https:\\\/\\\/radioleinewelle.de\\\/#organization\",\"name\":\"Radio Leinewelle\",\"alternateName\":\"Mein Radio f\u00fcr S\u00fcdniedersachsen\",\"url\":\"https:\\\/\\\/radioleinewelle.de\\\/\",\"logo\":{\"@type\":\"ImageObject\",\"inLanguage\":\"de\",\"@id\":\"https:\\\/\\\/radioleinewelle.de\\\/#\\\/schema\\\/logo\\\/image\\\/\",\"url\":\"https:\\\/\\\/radioleinewelle.de\\\/wp-content\\\/uploads\\\/2023\\\/11\\\/cropped-Leinewelle_Logo_weiss.png\",\"contentUrl\":\"https:\\\/\\\/radioleinewelle.de\\\/wp-content\\\/uploads\\\/2023\\\/11\\\/cropped-Leinewelle_Logo_weiss.png\",\"width\":854,\"height\":260,\"caption\":\"Radio Leinewelle\"},\"image\":{\"@id\":\"https:\\\/\\\/radioleinewelle.de\\\/#\\\/schema\\\/logo\\\/image\\\/\"},\"sameAs\":[\"https:\\\/\\\/www.facebook.com\\\/radioleinewelle\",\"https:\\\/\\\/x.com\\\/RLeinewelle\",\"https:\\\/\\\/www.instagram.com\\\/radioleinewelle\\\/?hl=de\"]},{\"@type\":\"Person\",\"@id\":\"https:\\\/\\\/radioleinewelle.de\\\/#\\\/schema\\\/person\\\/45606f348637df637192dc1b68399a63\",\"name\":\"Leinewelle\",\"image\":{\"@type\":\"ImageObject\",\"inLanguage\":\"de\",\"@id\":\"https:\\\/\\\/secure.gravatar.com\\\/avatar\\\/05c9a17bc973052ee5d91549bd32fb4dd0dc85b7b85ae94b2e2b4943476bbea5?s=96&d=blank&r=g\",\"url\":\"https:\\\/\\\/secure.gravatar.com\\\/avatar\\\/05c9a17bc973052ee5d91549bd32fb4dd0dc85b7b85ae94b2e2b4943476bbea5?s=96&d=blank&r=g\",\"contentUrl\":\"https:\\\/\\\/secure.gravatar.com\\\/avatar\\\/05c9a17bc973052ee5d91549bd32fb4dd0dc85b7b85ae94b2e2b4943476bbea5?s=96&d=blank&r=g\",\"caption\":\"Leinewelle\"},\"sameAs\":[\"http:\\\/\\\/localhost\\\/radio%20leinewelle\\\/wordpress\",\"https:\\\/\\\/www.facebook.com\\\/radioleinewelle\",\"https:\\\/\\\/www.instagram.com\\\/radioleinewelle\",\"https:\\\/\\\/x.com\\\/https:\\\/\\\/twitter.com\\\/RLeinewelle?ref_src=twsrcgoogletwcampserptwgrauthor\",\"https:\\\/\\\/soundcloud.com\\\/foerderverein-lokalradio?utm_source=clipboard&utm_medium=text&utm_campaign=social_sharing\"],\"url\":\"https:\\\/\\\/radioleinewelle.de\\\/index.php\\\/author\\\/leinewelle\\\/\"}]}<\/script>\n<!-- \/ Yoast SEO plugin. -->","yoast_head_json":{"title":"Landwirte in Bedr\u00e4ngnis - Radio Leinewelle","robots":{"index":"index","follow":"follow","max-snippet":"max-snippet:-1","max-image-preview":"max-image-preview:large","max-video-preview":"max-video-preview:-1"},"canonical":"https:\/\/radioleinewelle.de\/index.php\/2020\/11\/10\/landwirte-in-bedraengnis\/","og_locale":"de_DE","og_type":"article","og_title":"Landwirte in Bedr\u00e4ngnis - Radio Leinewelle","og_description":"Sorgentelefone und Beratungsstellen f\u00fcr Landwirte erleben einen nie dagewesenen Ansturm. Das berichteten die Teilnehmerinnen und Teilnehmer einer Videokonferenz, zu der Landwirtschaftsministerin Barbara Otte-Kinast eingeladen hatte. \u201eNiedrige Preise, Tierseuchen und ver\u00e4nderte gesellschaftliche Anforderungen bringen manchen Landwirt in seelische Bedr\u00e4ngnis. Da ist es wichtig, dass den Menschen auf den H\u00f6fen gen\u00fcgend Hilfe angeboten wird\u201c, betonte die Ministerin. [&hellip;]","og_url":"https:\/\/radioleinewelle.de\/index.php\/2020\/11\/10\/landwirte-in-bedraengnis\/","og_site_name":"Radio Leinewelle","article_publisher":"https:\/\/www.facebook.com\/radioleinewelle","article_author":"https:\/\/www.facebook.com\/radioleinewelle","article_published_time":"2020-11-10T04:25:27+00:00","author":"Leinewelle","twitter_card":"summary_large_image","twitter_creator":"@https:\/\/twitter.com\/RLeinewelle?ref_src=twsrcgoogletwcampserptwgrauthor","twitter_site":"@RLeinewelle","twitter_misc":{"Verfasst von":"Leinewelle","Gesch\u00e4tzte Lesezeit":"1\u00a0Minute"},"schema":{"@context":"https:\/\/schema.org","@graph":[{"@type":"Article","@id":"https:\/\/radioleinewelle.de\/index.php\/2020\/11\/10\/landwirte-in-bedraengnis\/#article","isPartOf":{"@id":"https:\/\/radioleinewelle.de\/index.php\/2020\/11\/10\/landwirte-in-bedraengnis\/"},"author":{"name":"Leinewelle","@id":"https:\/\/radioleinewelle.de\/#\/schema\/person\/45606f348637df637192dc1b68399a63"},"headline":"Landwirte in Bedr\u00e4ngnis","datePublished":"2020-11-10T04:25:27+00:00","mainEntityOfPage":{"@id":"https:\/\/radioleinewelle.de\/index.php\/2020\/11\/10\/landwirte-in-bedraengnis\/"},"wordCount":278,"publisher":{"@id":"https:\/\/radioleinewelle.de\/#organization"},"articleSection":["Wirtschaft"],"inLanguage":"de"},{"@type":"WebPage","@id":"https:\/\/radioleinewelle.de\/index.php\/2020\/11\/10\/landwirte-in-bedraengnis\/","url":"https:\/\/radioleinewelle.de\/index.php\/2020\/11\/10\/landwirte-in-bedraengnis\/","name":"Landwirte in Bedr\u00e4ngnis - Radio Leinewelle","isPartOf":{"@id":"https:\/\/radioleinewelle.de\/#website"},"datePublished":"2020-11-10T04:25:27+00:00","breadcrumb":{"@id":"https:\/\/radioleinewelle.de\/index.php\/2020\/11\/10\/landwirte-in-bedraengnis\/#breadcrumb"},"inLanguage":"de","potentialAction":[{"@type":"ReadAction","target":["https:\/\/radioleinewelle.de\/index.php\/2020\/11\/10\/landwirte-in-bedraengnis\/"]}]},{"@type":"BreadcrumbList","@id":"https:\/\/radioleinewelle.de\/index.php\/2020\/11\/10\/landwirte-in-bedraengnis\/#breadcrumb","itemListElement":[{"@type":"ListItem","position":1,"name":"Startseite","item":"https:\/\/radioleinewelle.de\/"},{"@type":"ListItem","position":2,"name":"Landwirte in Bedr\u00e4ngnis"}]},{"@type":"WebSite","@id":"https:\/\/radioleinewelle.de\/#website","url":"https:\/\/radioleinewelle.de\/","name":"Radio Leinewelle","description":"","publisher":{"@id":"https:\/\/radioleinewelle.de\/#organization"},"potentialAction":[{"@type":"SearchAction","target":{"@type":"EntryPoint","urlTemplate":"https:\/\/radioleinewelle.de\/?s={search_term_string}"},"query-input":{"@type":"PropertyValueSpecification","valueRequired":true,"valueName":"search_term_string"}}],"inLanguage":"de"},{"@type":"Organization","@id":"https:\/\/radioleinewelle.de\/#organization","name":"Radio Leinewelle","alternateName":"Mein Radio f\u00fcr S\u00fcdniedersachsen","url":"https:\/\/radioleinewelle.de\/","logo":{"@type":"ImageObject","inLanguage":"de","@id":"https:\/\/radioleinewelle.de\/#\/schema\/logo\/image\/","url":"https:\/\/radioleinewelle.de\/wp-content\/uploads\/2023\/11\/cropped-Leinewelle_Logo_weiss.png","contentUrl":"https:\/\/radioleinewelle.de\/wp-content\/uploads\/2023\/11\/cropped-Leinewelle_Logo_weiss.png","width":854,"height":260,"caption":"Radio Leinewelle"},"image":{"@id":"https:\/\/radioleinewelle.de\/#\/schema\/logo\/image\/"},"sameAs":["https:\/\/www.facebook.com\/radioleinewelle","https:\/\/x.com\/RLeinewelle","https:\/\/www.instagram.com\/radioleinewelle\/?hl=de"]},{"@type":"Person","@id":"https:\/\/radioleinewelle.de\/#\/schema\/person\/45606f348637df637192dc1b68399a63","name":"Leinewelle","image":{"@type":"ImageObject","inLanguage":"de","@id":"https:\/\/secure.gravatar.com\/avatar\/05c9a17bc973052ee5d91549bd32fb4dd0dc85b7b85ae94b2e2b4943476bbea5?s=96&d=blank&r=g","url":"https:\/\/secure.gravatar.com\/avatar\/05c9a17bc973052ee5d91549bd32fb4dd0dc85b7b85ae94b2e2b4943476bbea5?s=96&d=blank&r=g","contentUrl":"https:\/\/secure.gravatar.com\/avatar\/05c9a17bc973052ee5d91549bd32fb4dd0dc85b7b85ae94b2e2b4943476bbea5?s=96&d=blank&r=g","caption":"Leinewelle"},"sameAs":["http:\/\/localhost\/radio%20leinewelle\/wordpress","https:\/\/www.facebook.com\/radioleinewelle","https:\/\/www.instagram.com\/radioleinewelle","https:\/\/x.com\/https:\/\/twitter.com\/RLeinewelle?ref_src=twsrcgoogletwcampserptwgrauthor","https:\/\/soundcloud.com\/foerderverein-lokalradio?utm_source=clipboard&utm_medium=text&utm_campaign=social_sharing"],"url":"https:\/\/radioleinewelle.de\/index.php\/author\/leinewelle\/"}]}},"_links":{"self":[{"href":"https:\/\/radioleinewelle.de\/index.php\/wp-json\/wp\/v2\/posts\/2861","targetHints":{"allow":["GET"]}}],"collection":[{"href":"https:\/\/radioleinewelle.de\/index.php\/wp-json\/wp\/v2\/posts"}],"about":[{"href":"https:\/\/radioleinewelle.de\/index.php\/wp-json\/wp\/v2\/types\/post"}],"author":[{"embeddable":true,"href":"https:\/\/radioleinewelle.de\/index.php\/wp-json\/wp\/v2\/users\/1"}],"replies":[{"embeddable":true,"href":"https:\/\/radioleinewelle.de\/index.php\/wp-json\/wp\/v2\/comments?post=2861"}],"version-history":[{"count":0,"href":"https:\/\/radioleinewelle.de\/index.php\/wp-json\/wp\/v2\/posts\/2861\/revisions"}],"wp:attachment":[{"href":"https:\/\/radioleinewelle.de\/index.php\/wp-json\/wp\/v2\/media?parent=2861"}],"wp:term":[{"taxonomy":"category","embeddable":true,"href":"https:\/\/radioleinewelle.de\/index.php\/wp-json\/wp\/v2\/categories?post=2861"},{"taxonomy":"post_tag","embeddable":true,"href":"https:\/\/radioleinewelle.de\/index.php\/wp-json\/wp\/v2\/tags?post=2861"}],"curies":[{"name":"wp","href":"https:\/\/api.w.org\/{rel}","templated":true}]}}