{"id":28619,"date":"2025-07-02T09:36:23","date_gmt":"2025-07-02T07:36:23","guid":{"rendered":"https:\/\/radioleinewelle.de\/?p=28619"},"modified":"2025-07-02T09:54:51","modified_gmt":"2025-07-02T07:54:51","slug":"landkreis-goettingen-erlaesst-allgemeinverfuegung-zur-wasserentnahme","status":"publish","type":"post","link":"https:\/\/radioleinewelle.de\/index.php\/2025\/07\/02\/landkreis-goettingen-erlaesst-allgemeinverfuegung-zur-wasserentnahme\/","title":{"rendered":"Landkreis G\u00f6ttingen erl\u00e4sst Allgemeinverf\u00fcgung zur Wasserentnahme"},"content":{"rendered":"\n<p>Der Landkreis G\u00f6ttingen verbietet ab sofort bis zum 30.09.2025 die Wasserentnahmen aus Flie\u00dfgew\u00e4ssern und schr\u00e4nkt die Wasserentnahmen aus dem Grundwasser auf dem Gebiet des Landkreises G\u00f6ttingen ein.<\/p>\n\n\n\n<p>Durch die anhaltende Trockenheit haben sich mittlerweile niedrige Wasserst\u00e4nde in den Flie\u00dfgew\u00e4ssern im Landkreis G\u00f6ttingen eingestellt. Die Wetterprognose l\u00e4sst ein weiteres Sinken der Wasserst\u00e4nde erwarten. Niedrige Wasserst\u00e4nde stellen eine Gefahr f\u00fcr die Tier- und Pflanzenwelt dar, die durch die zus\u00e4tzliche Entnahme von Wasser mittels technischer Pumpvorrichtungen erheblich erh\u00f6ht wird.<\/p>\n\n\n\n<p>Daher werden mit der Allgemeinverf\u00fcgung des Landkreises G\u00f6ttingen nahezu alle <strong>Wasserentnahmen aus den Flie\u00dfgew\u00e4ssern mittels technischer Pumpvorrichtungen (Motor- und Elektropumpen u. \u00e4.) untersagt<\/strong>. Nur in wenigen Ausnahmef\u00e4llen \u2013 zum Beispiel f\u00fcr Belange der Feuerwehr &#8211; kann eine vom Landkreis G\u00f6ttingen erlaubte Entnahme auch weiterhin m\u00f6glich sein.<\/p>\n\n\n\n<p>Ebenfalls <strong>verboten sind die Entnahmen von Grundwasser aus privaten Brunnen<\/strong> zum Zwecke der Bew\u00e4sserung von \u00f6ffentlichen und privaten Gr\u00fcnfl\u00e4chen in der Zeit von 10:00 bis 19:00 Uhr. Die tageszeitliche Begrenzung soll die sparsame Verwendung des Grundwassers gew\u00e4hrleisten. Werden beispielsweise G\u00e4rten, Fu\u00dfballpl\u00e4tze und \u00f6ffentliche Gr\u00fcnanlagen in den hei\u00dfesten Stunden des Tages beregnet, verdunstet ein Gro\u00dfteil des Wassers. Mit einer Bew\u00e4sserung in den Morgen- oder Abendstunden hingegen wird sichergestellt, dass das Wasser auch tats\u00e4chlich zu den Wurzeln der Pflanzen gelangen kann.<\/p>\n\n\n\n<p>Die tageszeitliche Beschr\u00e4nkung gilt nicht f\u00fcr Fl\u00e4chen des landwirtschaftlichen und gewerblichen Pflanzenbaus und ebenfalls nicht f\u00fcr die Entnahme von Wasser aus dem \u00f6ffentlichen Trinkwassernetz. Dennoch empfiehlt der Landkreis G\u00f6ttingen die zeitliche Beschr\u00e4nkung der Bew\u00e4sserung auch in den nicht vom Verbot erfassten F\u00e4llen zu beachten.<\/p>\n\n\n\n<p>Die vollst\u00e4ndige Allgemeinverf\u00fcgung ist im&nbsp;<a href=\"https:\/\/www.landkreisgoettingen.de\/Aktuelles\/Amtliche-Bekanntmachungen\/Amtsblatt\/\">Amtsblatt Nr. 27<\/a>&nbsp;vom 30.06.2025 ver\u00f6ffentlicht und auf der Internetseite des Landkreises G\u00f6ttingen zu finden. H\u00e4ufige Fragen zum Thema werden&nbsp;<a href=\"https:\/\/www.landkreisgoettingen.de\/Themen-Leistungen\/Umwelt-Tiere\/Wasser\/Wasserentnahmeverbot\/\">hier<\/a>&nbsp;beantwortet.<\/p>\n\n\n\n<p><strong>Foto:<\/strong> \u00a9Radio Leinewelle<\/p>\n","protected":false},"excerpt":{"rendered":"<p>Der Landkreis G\u00f6ttingen verbietet ab sofort bis zum 30.09.2025 die Wasserentnahmen aus Flie\u00dfgew\u00e4ssern und schr\u00e4nkt die Wasserentnahmen aus dem Grundwasser auf dem Gebiet des Landkreises G\u00f6ttingen ein. Durch die anhaltende Trockenheit haben sich mittlerweile niedrige Wasserst\u00e4nde in den Flie\u00dfgew\u00e4ssern im Landkreis G\u00f6ttingen eingestellt. Die Wetterprognose l\u00e4sst ein weiteres Sinken der Wasserst\u00e4nde erwarten. Niedrige Wasserst\u00e4nde stellen [&hellip;]<\/p>\n","protected":false},"author":1,"featured_media":25949,"comment_status":"open","ping_status":"open","sticky":false,"template":"","format":"standard","meta":{"saved_in_kubio":false,"footnotes":""},"categories":[836],"tags":[327],"class_list":["post-28619","post","type-post","status-publish","format-standard","has-post-thumbnail","hentry","category-laendliche-region","tag-landkreis-goettingen"],"yoast_head":"<!-- This site is optimized with the Yoast SEO plugin v27.5 - https:\/\/yoast.com\/product\/yoast-seo-wordpress\/ -->\n<title>Landkreis G\u00f6ttingen erl\u00e4sst Allgemeinverf\u00fcgung zur Wasserentnahme - Radio Leinewelle<\/title>\n<meta name=\"robots\" content=\"index, follow, max-snippet:-1, max-image-preview:large, max-video-preview:-1\" \/>\n<link rel=\"canonical\" href=\"https:\/\/radioleinewelle.de\/index.php\/2025\/07\/02\/landkreis-goettingen-erlaesst-allgemeinverfuegung-zur-wasserentnahme\/\" \/>\n<meta property=\"og:locale\" content=\"de_DE\" \/>\n<meta property=\"og:type\" content=\"article\" \/>\n<meta property=\"og:title\" content=\"Landkreis G\u00f6ttingen erl\u00e4sst Allgemeinverf\u00fcgung zur Wasserentnahme - Radio Leinewelle\" \/>\n<meta property=\"og:description\" content=\"Der Landkreis G\u00f6ttingen verbietet ab sofort bis zum 30.09.2025 die Wasserentnahmen aus Flie\u00dfgew\u00e4ssern und schr\u00e4nkt die Wasserentnahmen aus dem Grundwasser auf dem Gebiet des Landkreises G\u00f6ttingen ein. Durch die anhaltende Trockenheit haben sich mittlerweile niedrige Wasserst\u00e4nde in den Flie\u00dfgew\u00e4ssern im Landkreis G\u00f6ttingen eingestellt. Die Wetterprognose l\u00e4sst ein weiteres Sinken der Wasserst\u00e4nde erwarten. Niedrige Wasserst\u00e4nde stellen [&hellip;]\" \/>\n<meta property=\"og:url\" content=\"https:\/\/radioleinewelle.de\/index.php\/2025\/07\/02\/landkreis-goettingen-erlaesst-allgemeinverfuegung-zur-wasserentnahme\/\" \/>\n<meta property=\"og:site_name\" content=\"Radio Leinewelle\" \/>\n<meta property=\"article:publisher\" content=\"https:\/\/www.facebook.com\/radioleinewelle\" \/>\n<meta property=\"article:author\" content=\"https:\/\/www.facebook.com\/radioleinewelle\" \/>\n<meta property=\"article:published_time\" content=\"2025-07-02T07:36:23+00:00\" \/>\n<meta property=\"article:modified_time\" content=\"2025-07-02T07:54:51+00:00\" \/>\n<meta property=\"og:image\" content=\"https:\/\/radioleinewelle.de\/wp-content\/uploads\/2024\/08\/Landkreis-Goettingen-e1723621166134.jpg\" \/>\n\t<meta property=\"og:image:width\" content=\"1575\" \/>\n\t<meta property=\"og:image:height\" content=\"1189\" \/>\n\t<meta property=\"og:image:type\" content=\"image\/jpeg\" \/>\n<meta name=\"author\" content=\"Leinewelle\" \/>\n<meta name=\"twitter:card\" content=\"summary_large_image\" \/>\n<meta name=\"twitter:creator\" content=\"@https:\/\/twitter.com\/RLeinewelle?ref_src=twsrcgoogletwcampserptwgrauthor\" \/>\n<meta name=\"twitter:site\" content=\"@RLeinewelle\" \/>\n<meta name=\"twitter:label1\" content=\"Verfasst von\" \/>\n\t<meta name=\"twitter:data1\" content=\"Leinewelle\" \/>\n\t<meta name=\"twitter:label2\" content=\"Gesch\u00e4tzte Lesezeit\" \/>\n\t<meta name=\"twitter:data2\" content=\"2\u00a0Minuten\" \/>\n<script type=\"application\/ld+json\" class=\"yoast-schema-graph\">{\"@context\":\"https:\\\/\\\/schema.org\",\"@graph\":[{\"@type\":\"Article\",\"@id\":\"https:\\\/\\\/radioleinewelle.de\\\/index.php\\\/2025\\\/07\\\/02\\\/landkreis-goettingen-erlaesst-allgemeinverfuegung-zur-wasserentnahme\\\/#article\",\"isPartOf\":{\"@id\":\"https:\\\/\\\/radioleinewelle.de\\\/index.php\\\/2025\\\/07\\\/02\\\/landkreis-goettingen-erlaesst-allgemeinverfuegung-zur-wasserentnahme\\\/\"},\"author\":{\"name\":\"Leinewelle\",\"@id\":\"https:\\\/\\\/radioleinewelle.de\\\/#\\\/schema\\\/person\\\/45606f348637df637192dc1b68399a63\"},\"headline\":\"Landkreis G\u00f6ttingen erl\u00e4sst Allgemeinverf\u00fcgung zur Wasserentnahme\",\"datePublished\":\"2025-07-02T07:36:23+00:00\",\"dateModified\":\"2025-07-02T07:54:51+00:00\",\"mainEntityOfPage\":{\"@id\":\"https:\\\/\\\/radioleinewelle.de\\\/index.php\\\/2025\\\/07\\\/02\\\/landkreis-goettingen-erlaesst-allgemeinverfuegung-zur-wasserentnahme\\\/\"},\"wordCount\":329,\"commentCount\":0,\"publisher\":{\"@id\":\"https:\\\/\\\/radioleinewelle.de\\\/#organization\"},\"image\":{\"@id\":\"https:\\\/\\\/radioleinewelle.de\\\/index.php\\\/2025\\\/07\\\/02\\\/landkreis-goettingen-erlaesst-allgemeinverfuegung-zur-wasserentnahme\\\/#primaryimage\"},\"thumbnailUrl\":\"https:\\\/\\\/radioleinewelle.de\\\/wp-content\\\/uploads\\\/2024\\\/08\\\/Landkreis-Goettingen-e1723621166134.jpg\",\"keywords\":[\"Landkreis G\u00f6ttingen\"],\"articleSection\":[\"L\u00e4ndliche Region\"],\"inLanguage\":\"de\",\"potentialAction\":[{\"@type\":\"CommentAction\",\"name\":\"Comment\",\"target\":[\"https:\\\/\\\/radioleinewelle.de\\\/index.php\\\/2025\\\/07\\\/02\\\/landkreis-goettingen-erlaesst-allgemeinverfuegung-zur-wasserentnahme\\\/#respond\"]}]},{\"@type\":\"WebPage\",\"@id\":\"https:\\\/\\\/radioleinewelle.de\\\/index.php\\\/2025\\\/07\\\/02\\\/landkreis-goettingen-erlaesst-allgemeinverfuegung-zur-wasserentnahme\\\/\",\"url\":\"https:\\\/\\\/radioleinewelle.de\\\/index.php\\\/2025\\\/07\\\/02\\\/landkreis-goettingen-erlaesst-allgemeinverfuegung-zur-wasserentnahme\\\/\",\"name\":\"Landkreis G\u00f6ttingen erl\u00e4sst Allgemeinverf\u00fcgung zur Wasserentnahme - Radio Leinewelle\",\"isPartOf\":{\"@id\":\"https:\\\/\\\/radioleinewelle.de\\\/#website\"},\"primaryImageOfPage\":{\"@id\":\"https:\\\/\\\/radioleinewelle.de\\\/index.php\\\/2025\\\/07\\\/02\\\/landkreis-goettingen-erlaesst-allgemeinverfuegung-zur-wasserentnahme\\\/#primaryimage\"},\"image\":{\"@id\":\"https:\\\/\\\/radioleinewelle.de\\\/index.php\\\/2025\\\/07\\\/02\\\/landkreis-goettingen-erlaesst-allgemeinverfuegung-zur-wasserentnahme\\\/#primaryimage\"},\"thumbnailUrl\":\"https:\\\/\\\/radioleinewelle.de\\\/wp-content\\\/uploads\\\/2024\\\/08\\\/Landkreis-Goettingen-e1723621166134.jpg\",\"datePublished\":\"2025-07-02T07:36:23+00:00\",\"dateModified\":\"2025-07-02T07:54:51+00:00\",\"breadcrumb\":{\"@id\":\"https:\\\/\\\/radioleinewelle.de\\\/index.php\\\/2025\\\/07\\\/02\\\/landkreis-goettingen-erlaesst-allgemeinverfuegung-zur-wasserentnahme\\\/#breadcrumb\"},\"inLanguage\":\"de\",\"potentialAction\":[{\"@type\":\"ReadAction\",\"target\":[\"https:\\\/\\\/radioleinewelle.de\\\/index.php\\\/2025\\\/07\\\/02\\\/landkreis-goettingen-erlaesst-allgemeinverfuegung-zur-wasserentnahme\\\/\"]}]},{\"@type\":\"ImageObject\",\"inLanguage\":\"de\",\"@id\":\"https:\\\/\\\/radioleinewelle.de\\\/index.php\\\/2025\\\/07\\\/02\\\/landkreis-goettingen-erlaesst-allgemeinverfuegung-zur-wasserentnahme\\\/#primaryimage\",\"url\":\"https:\\\/\\\/radioleinewelle.de\\\/wp-content\\\/uploads\\\/2024\\\/08\\\/Landkreis-Goettingen-e1723621166134.jpg\",\"contentUrl\":\"https:\\\/\\\/radioleinewelle.de\\\/wp-content\\\/uploads\\\/2024\\\/08\\\/Landkreis-Goettingen-e1723621166134.jpg\",\"width\":1575,\"height\":1189},{\"@type\":\"BreadcrumbList\",\"@id\":\"https:\\\/\\\/radioleinewelle.de\\\/index.php\\\/2025\\\/07\\\/02\\\/landkreis-goettingen-erlaesst-allgemeinverfuegung-zur-wasserentnahme\\\/#breadcrumb\",\"itemListElement\":[{\"@type\":\"ListItem\",\"position\":1,\"name\":\"Startseite\",\"item\":\"https:\\\/\\\/radioleinewelle.de\\\/\"},{\"@type\":\"ListItem\",\"position\":2,\"name\":\"Landkreis G\u00f6ttingen erl\u00e4sst Allgemeinverf\u00fcgung zur Wasserentnahme\"}]},{\"@type\":\"WebSite\",\"@id\":\"https:\\\/\\\/radioleinewelle.de\\\/#website\",\"url\":\"https:\\\/\\\/radioleinewelle.de\\\/\",\"name\":\"Radio Leinewelle\",\"description\":\"\",\"publisher\":{\"@id\":\"https:\\\/\\\/radioleinewelle.de\\\/#organization\"},\"potentialAction\":[{\"@type\":\"SearchAction\",\"target\":{\"@type\":\"EntryPoint\",\"urlTemplate\":\"https:\\\/\\\/radioleinewelle.de\\\/?s={search_term_string}\"},\"query-input\":{\"@type\":\"PropertyValueSpecification\",\"valueRequired\":true,\"valueName\":\"search_term_string\"}}],\"inLanguage\":\"de\"},{\"@type\":\"Organization\",\"@id\":\"https:\\\/\\\/radioleinewelle.de\\\/#organization\",\"name\":\"Radio Leinewelle\",\"alternateName\":\"Mein Radio f\u00fcr S\u00fcdniedersachsen\",\"url\":\"https:\\\/\\\/radioleinewelle.de\\\/\",\"logo\":{\"@type\":\"ImageObject\",\"inLanguage\":\"de\",\"@id\":\"https:\\\/\\\/radioleinewelle.de\\\/#\\\/schema\\\/logo\\\/image\\\/\",\"url\":\"https:\\\/\\\/radioleinewelle.de\\\/wp-content\\\/uploads\\\/2023\\\/11\\\/cropped-Leinewelle_Logo_weiss.png\",\"contentUrl\":\"https:\\\/\\\/radioleinewelle.de\\\/wp-content\\\/uploads\\\/2023\\\/11\\\/cropped-Leinewelle_Logo_weiss.png\",\"width\":854,\"height\":260,\"caption\":\"Radio Leinewelle\"},\"image\":{\"@id\":\"https:\\\/\\\/radioleinewelle.de\\\/#\\\/schema\\\/logo\\\/image\\\/\"},\"sameAs\":[\"https:\\\/\\\/www.facebook.com\\\/radioleinewelle\",\"https:\\\/\\\/x.com\\\/RLeinewelle\",\"https:\\\/\\\/www.instagram.com\\\/radioleinewelle\\\/?hl=de\"]},{\"@type\":\"Person\",\"@id\":\"https:\\\/\\\/radioleinewelle.de\\\/#\\\/schema\\\/person\\\/45606f348637df637192dc1b68399a63\",\"name\":\"Leinewelle\",\"image\":{\"@type\":\"ImageObject\",\"inLanguage\":\"de\",\"@id\":\"https:\\\/\\\/secure.gravatar.com\\\/avatar\\\/05c9a17bc973052ee5d91549bd32fb4dd0dc85b7b85ae94b2e2b4943476bbea5?s=96&d=blank&r=g\",\"url\":\"https:\\\/\\\/secure.gravatar.com\\\/avatar\\\/05c9a17bc973052ee5d91549bd32fb4dd0dc85b7b85ae94b2e2b4943476bbea5?s=96&d=blank&r=g\",\"contentUrl\":\"https:\\\/\\\/secure.gravatar.com\\\/avatar\\\/05c9a17bc973052ee5d91549bd32fb4dd0dc85b7b85ae94b2e2b4943476bbea5?s=96&d=blank&r=g\",\"caption\":\"Leinewelle\"},\"sameAs\":[\"http:\\\/\\\/localhost\\\/radio%20leinewelle\\\/wordpress\",\"https:\\\/\\\/www.facebook.com\\\/radioleinewelle\",\"https:\\\/\\\/www.instagram.com\\\/radioleinewelle\",\"https:\\\/\\\/x.com\\\/https:\\\/\\\/twitter.com\\\/RLeinewelle?ref_src=twsrcgoogletwcampserptwgrauthor\",\"https:\\\/\\\/soundcloud.com\\\/foerderverein-lokalradio?utm_source=clipboard&utm_medium=text&utm_campaign=social_sharing\"],\"url\":\"https:\\\/\\\/radioleinewelle.de\\\/index.php\\\/author\\\/leinewelle\\\/\"}]}<\/script>\n<!-- \/ Yoast SEO plugin. -->","yoast_head_json":{"title":"Landkreis G\u00f6ttingen erl\u00e4sst Allgemeinverf\u00fcgung zur Wasserentnahme - Radio Leinewelle","robots":{"index":"index","follow":"follow","max-snippet":"max-snippet:-1","max-image-preview":"max-image-preview:large","max-video-preview":"max-video-preview:-1"},"canonical":"https:\/\/radioleinewelle.de\/index.php\/2025\/07\/02\/landkreis-goettingen-erlaesst-allgemeinverfuegung-zur-wasserentnahme\/","og_locale":"de_DE","og_type":"article","og_title":"Landkreis G\u00f6ttingen erl\u00e4sst Allgemeinverf\u00fcgung zur Wasserentnahme - Radio Leinewelle","og_description":"Der Landkreis G\u00f6ttingen verbietet ab sofort bis zum 30.09.2025 die Wasserentnahmen aus Flie\u00dfgew\u00e4ssern und schr\u00e4nkt die Wasserentnahmen aus dem Grundwasser auf dem Gebiet des Landkreises G\u00f6ttingen ein. Durch die anhaltende Trockenheit haben sich mittlerweile niedrige Wasserst\u00e4nde in den Flie\u00dfgew\u00e4ssern im Landkreis G\u00f6ttingen eingestellt. Die Wetterprognose l\u00e4sst ein weiteres Sinken der Wasserst\u00e4nde erwarten. Niedrige Wasserst\u00e4nde stellen [&hellip;]","og_url":"https:\/\/radioleinewelle.de\/index.php\/2025\/07\/02\/landkreis-goettingen-erlaesst-allgemeinverfuegung-zur-wasserentnahme\/","og_site_name":"Radio Leinewelle","article_publisher":"https:\/\/www.facebook.com\/radioleinewelle","article_author":"https:\/\/www.facebook.com\/radioleinewelle","article_published_time":"2025-07-02T07:36:23+00:00","article_modified_time":"2025-07-02T07:54:51+00:00","og_image":[{"width":1575,"height":1189,"url":"https:\/\/radioleinewelle.de\/wp-content\/uploads\/2024\/08\/Landkreis-Goettingen-e1723621166134.jpg","type":"image\/jpeg"}],"author":"Leinewelle","twitter_card":"summary_large_image","twitter_creator":"@https:\/\/twitter.com\/RLeinewelle?ref_src=twsrcgoogletwcampserptwgrauthor","twitter_site":"@RLeinewelle","twitter_misc":{"Verfasst von":"Leinewelle","Gesch\u00e4tzte Lesezeit":"2\u00a0Minuten"},"schema":{"@context":"https:\/\/schema.org","@graph":[{"@type":"Article","@id":"https:\/\/radioleinewelle.de\/index.php\/2025\/07\/02\/landkreis-goettingen-erlaesst-allgemeinverfuegung-zur-wasserentnahme\/#article","isPartOf":{"@id":"https:\/\/radioleinewelle.de\/index.php\/2025\/07\/02\/landkreis-goettingen-erlaesst-allgemeinverfuegung-zur-wasserentnahme\/"},"author":{"name":"Leinewelle","@id":"https:\/\/radioleinewelle.de\/#\/schema\/person\/45606f348637df637192dc1b68399a63"},"headline":"Landkreis G\u00f6ttingen erl\u00e4sst Allgemeinverf\u00fcgung zur Wasserentnahme","datePublished":"2025-07-02T07:36:23+00:00","dateModified":"2025-07-02T07:54:51+00:00","mainEntityOfPage":{"@id":"https:\/\/radioleinewelle.de\/index.php\/2025\/07\/02\/landkreis-goettingen-erlaesst-allgemeinverfuegung-zur-wasserentnahme\/"},"wordCount":329,"commentCount":0,"publisher":{"@id":"https:\/\/radioleinewelle.de\/#organization"},"image":{"@id":"https:\/\/radioleinewelle.de\/index.php\/2025\/07\/02\/landkreis-goettingen-erlaesst-allgemeinverfuegung-zur-wasserentnahme\/#primaryimage"},"thumbnailUrl":"https:\/\/radioleinewelle.de\/wp-content\/uploads\/2024\/08\/Landkreis-Goettingen-e1723621166134.jpg","keywords":["Landkreis G\u00f6ttingen"],"articleSection":["L\u00e4ndliche Region"],"inLanguage":"de","potentialAction":[{"@type":"CommentAction","name":"Comment","target":["https:\/\/radioleinewelle.de\/index.php\/2025\/07\/02\/landkreis-goettingen-erlaesst-allgemeinverfuegung-zur-wasserentnahme\/#respond"]}]},{"@type":"WebPage","@id":"https:\/\/radioleinewelle.de\/index.php\/2025\/07\/02\/landkreis-goettingen-erlaesst-allgemeinverfuegung-zur-wasserentnahme\/","url":"https:\/\/radioleinewelle.de\/index.php\/2025\/07\/02\/landkreis-goettingen-erlaesst-allgemeinverfuegung-zur-wasserentnahme\/","name":"Landkreis G\u00f6ttingen erl\u00e4sst Allgemeinverf\u00fcgung zur Wasserentnahme - Radio Leinewelle","isPartOf":{"@id":"https:\/\/radioleinewelle.de\/#website"},"primaryImageOfPage":{"@id":"https:\/\/radioleinewelle.de\/index.php\/2025\/07\/02\/landkreis-goettingen-erlaesst-allgemeinverfuegung-zur-wasserentnahme\/#primaryimage"},"image":{"@id":"https:\/\/radioleinewelle.de\/index.php\/2025\/07\/02\/landkreis-goettingen-erlaesst-allgemeinverfuegung-zur-wasserentnahme\/#primaryimage"},"thumbnailUrl":"https:\/\/radioleinewelle.de\/wp-content\/uploads\/2024\/08\/Landkreis-Goettingen-e1723621166134.jpg","datePublished":"2025-07-02T07:36:23+00:00","dateModified":"2025-07-02T07:54:51+00:00","breadcrumb":{"@id":"https:\/\/radioleinewelle.de\/index.php\/2025\/07\/02\/landkreis-goettingen-erlaesst-allgemeinverfuegung-zur-wasserentnahme\/#breadcrumb"},"inLanguage":"de","potentialAction":[{"@type":"ReadAction","target":["https:\/\/radioleinewelle.de\/index.php\/2025\/07\/02\/landkreis-goettingen-erlaesst-allgemeinverfuegung-zur-wasserentnahme\/"]}]},{"@type":"ImageObject","inLanguage":"de","@id":"https:\/\/radioleinewelle.de\/index.php\/2025\/07\/02\/landkreis-goettingen-erlaesst-allgemeinverfuegung-zur-wasserentnahme\/#primaryimage","url":"https:\/\/radioleinewelle.de\/wp-content\/uploads\/2024\/08\/Landkreis-Goettingen-e1723621166134.jpg","contentUrl":"https:\/\/radioleinewelle.de\/wp-content\/uploads\/2024\/08\/Landkreis-Goettingen-e1723621166134.jpg","width":1575,"height":1189},{"@type":"BreadcrumbList","@id":"https:\/\/radioleinewelle.de\/index.php\/2025\/07\/02\/landkreis-goettingen-erlaesst-allgemeinverfuegung-zur-wasserentnahme\/#breadcrumb","itemListElement":[{"@type":"ListItem","position":1,"name":"Startseite","item":"https:\/\/radioleinewelle.de\/"},{"@type":"ListItem","position":2,"name":"Landkreis G\u00f6ttingen erl\u00e4sst Allgemeinverf\u00fcgung zur Wasserentnahme"}]},{"@type":"WebSite","@id":"https:\/\/radioleinewelle.de\/#website","url":"https:\/\/radioleinewelle.de\/","name":"Radio Leinewelle","description":"","publisher":{"@id":"https:\/\/radioleinewelle.de\/#organization"},"potentialAction":[{"@type":"SearchAction","target":{"@type":"EntryPoint","urlTemplate":"https:\/\/radioleinewelle.de\/?s={search_term_string}"},"query-input":{"@type":"PropertyValueSpecification","valueRequired":true,"valueName":"search_term_string"}}],"inLanguage":"de"},{"@type":"Organization","@id":"https:\/\/radioleinewelle.de\/#organization","name":"Radio Leinewelle","alternateName":"Mein Radio f\u00fcr S\u00fcdniedersachsen","url":"https:\/\/radioleinewelle.de\/","logo":{"@type":"ImageObject","inLanguage":"de","@id":"https:\/\/radioleinewelle.de\/#\/schema\/logo\/image\/","url":"https:\/\/radioleinewelle.de\/wp-content\/uploads\/2023\/11\/cropped-Leinewelle_Logo_weiss.png","contentUrl":"https:\/\/radioleinewelle.de\/wp-content\/uploads\/2023\/11\/cropped-Leinewelle_Logo_weiss.png","width":854,"height":260,"caption":"Radio Leinewelle"},"image":{"@id":"https:\/\/radioleinewelle.de\/#\/schema\/logo\/image\/"},"sameAs":["https:\/\/www.facebook.com\/radioleinewelle","https:\/\/x.com\/RLeinewelle","https:\/\/www.instagram.com\/radioleinewelle\/?hl=de"]},{"@type":"Person","@id":"https:\/\/radioleinewelle.de\/#\/schema\/person\/45606f348637df637192dc1b68399a63","name":"Leinewelle","image":{"@type":"ImageObject","inLanguage":"de","@id":"https:\/\/secure.gravatar.com\/avatar\/05c9a17bc973052ee5d91549bd32fb4dd0dc85b7b85ae94b2e2b4943476bbea5?s=96&d=blank&r=g","url":"https:\/\/secure.gravatar.com\/avatar\/05c9a17bc973052ee5d91549bd32fb4dd0dc85b7b85ae94b2e2b4943476bbea5?s=96&d=blank&r=g","contentUrl":"https:\/\/secure.gravatar.com\/avatar\/05c9a17bc973052ee5d91549bd32fb4dd0dc85b7b85ae94b2e2b4943476bbea5?s=96&d=blank&r=g","caption":"Leinewelle"},"sameAs":["http:\/\/localhost\/radio%20leinewelle\/wordpress","https:\/\/www.facebook.com\/radioleinewelle","https:\/\/www.instagram.com\/radioleinewelle","https:\/\/x.com\/https:\/\/twitter.com\/RLeinewelle?ref_src=twsrcgoogletwcampserptwgrauthor","https:\/\/soundcloud.com\/foerderverein-lokalradio?utm_source=clipboard&utm_medium=text&utm_campaign=social_sharing"],"url":"https:\/\/radioleinewelle.de\/index.php\/author\/leinewelle\/"}]}},"_links":{"self":[{"href":"https:\/\/radioleinewelle.de\/index.php\/wp-json\/wp\/v2\/posts\/28619","targetHints":{"allow":["GET"]}}],"collection":[{"href":"https:\/\/radioleinewelle.de\/index.php\/wp-json\/wp\/v2\/posts"}],"about":[{"href":"https:\/\/radioleinewelle.de\/index.php\/wp-json\/wp\/v2\/types\/post"}],"author":[{"embeddable":true,"href":"https:\/\/radioleinewelle.de\/index.php\/wp-json\/wp\/v2\/users\/1"}],"replies":[{"embeddable":true,"href":"https:\/\/radioleinewelle.de\/index.php\/wp-json\/wp\/v2\/comments?post=28619"}],"version-history":[{"count":2,"href":"https:\/\/radioleinewelle.de\/index.php\/wp-json\/wp\/v2\/posts\/28619\/revisions"}],"predecessor-version":[{"id":28624,"href":"https:\/\/radioleinewelle.de\/index.php\/wp-json\/wp\/v2\/posts\/28619\/revisions\/28624"}],"wp:featuredmedia":[{"embeddable":true,"href":"https:\/\/radioleinewelle.de\/index.php\/wp-json\/wp\/v2\/media\/25949"}],"wp:attachment":[{"href":"https:\/\/radioleinewelle.de\/index.php\/wp-json\/wp\/v2\/media?parent=28619"}],"wp:term":[{"taxonomy":"category","embeddable":true,"href":"https:\/\/radioleinewelle.de\/index.php\/wp-json\/wp\/v2\/categories?post=28619"},{"taxonomy":"post_tag","embeddable":true,"href":"https:\/\/radioleinewelle.de\/index.php\/wp-json\/wp\/v2\/tags?post=28619"}],"curies":[{"name":"wp","href":"https:\/\/api.w.org\/{rel}","templated":true}]}}