{"id":28630,"date":"2025-07-03T09:41:49","date_gmt":"2025-07-03T07:41:49","guid":{"rendered":"https:\/\/radioleinewelle.de\/?p=28630"},"modified":"2025-07-03T09:41:50","modified_gmt":"2025-07-03T07:41:50","slug":"angelika-zacek-wird-neue-intendantin-des-jungen-theaters-goettingen","status":"publish","type":"post","link":"https:\/\/radioleinewelle.de\/index.php\/2025\/07\/03\/angelika-zacek-wird-neue-intendantin-des-jungen-theaters-goettingen\/","title":{"rendered":"Angelika Zacek wird neue Intendantin des Jungen Theaters G\u00f6ttingen"},"content":{"rendered":"\n<p>Gute Stimmung im Jungen Theater: aus 32 Bewerbungen hat eine Findungskommission in einem mehrstufigen Verfahren eine neue Intendantin gew\u00e4hlt. Der Aufsichtsrat des Jungen Theaters stimmte diesem Vorschlag einstimmig zu.  Angelika Zacek folgt als Intendantin des Jungen Theaters G\u00f6ttingen auf Nico Dietrich, der seit der Spielzeit 2014\/15 das Theater leitet und ab der Spielzeit 2026\/27 die Intendanz des Westf\u00e4lischen Landestheaters Castrop-Rauxel \u00fcbernimmt.<\/p>\n\n\n\n<p>Angelika Zacek hat eine langj\u00e4hrige Berufserfahrung als Theaterregisseurin und hat an zahlreichen Theatern im deutschsprachigen Raum Regiearbeiten pr\u00e4sentiert. Ihre Inszenierung &#8222;Amphitryon&#8220; war ma\u00dfgeblich f\u00fcr die Auszeichnung des W\u00fcrzburger Theaters f\u00fcr &#8222;Couragierte Theaterarbeit&#8220; an den Bayerischen Theatertagen. Am vergangenen Dienstag stellte sich die geb\u00fcrtige Wienerin den regionalen Medien im Jungen Theater G\u00f6ttingen vor. Hier ihr Statement:<\/p>\n\n\n\n<figure class=\"wp-block-audio\"><audio controls src=\"https:\/\/radioleinewelle.de\/wp-content\/uploads\/2025\/07\/Angelika-Zacek-Intendantin-Statement-Jt.mp3\"><\/audio><\/figure>\n\n\n\n<p class=\"has-small-font-size\"><strong>Foto (v.l.n.r.):<\/strong> Elke Bartussek (Gesellschafterin des Jungen Theaters), Anja Krause  (Dezernentin Kultur, Soziales und Gesundheit), Angelika Zacek (Neue Intendantin JT), Tobias Sosinska (Gesch\u00e4ftsf\u00fchrer JT) \u00a9Radio Leinewelle (je)<\/p>\n","protected":false},"excerpt":{"rendered":"<p>Gute Stimmung im Jungen Theater: aus 32 Bewerbungen hat eine Findungskommission in einem mehrstufigen Verfahren eine neue Intendantin gew\u00e4hlt. Der Aufsichtsrat des Jungen Theaters stimmte diesem Vorschlag einstimmig zu. Angelika Zacek folgt als Intendantin des Jungen Theaters G\u00f6ttingen auf Nico Dietrich, der seit der Spielzeit 2014\/15 das Theater leitet und ab der Spielzeit 2026\/27 die [&hellip;]<\/p>\n","protected":false},"author":1,"featured_media":28635,"comment_status":"open","ping_status":"open","sticky":false,"template":"","format":"standard","meta":{"saved_in_kubio":false,"footnotes":""},"categories":[1],"tags":[],"class_list":["post-28630","post","type-post","status-publish","format-standard","has-post-thumbnail","hentry","category-allgemein"],"yoast_head":"<!-- This site is optimized with the Yoast SEO plugin v27.5 - https:\/\/yoast.com\/product\/yoast-seo-wordpress\/ -->\n<title>Angelika Zacek wird neue Intendantin des Jungen Theaters G\u00f6ttingen - Radio Leinewelle<\/title>\n<meta name=\"robots\" content=\"index, follow, max-snippet:-1, max-image-preview:large, max-video-preview:-1\" \/>\n<link rel=\"canonical\" href=\"https:\/\/radioleinewelle.de\/index.php\/2025\/07\/03\/angelika-zacek-wird-neue-intendantin-des-jungen-theaters-goettingen\/\" \/>\n<meta property=\"og:locale\" content=\"de_DE\" \/>\n<meta property=\"og:type\" content=\"article\" \/>\n<meta property=\"og:title\" content=\"Angelika Zacek wird neue Intendantin des Jungen Theaters G\u00f6ttingen - Radio Leinewelle\" \/>\n<meta property=\"og:description\" content=\"Gute Stimmung im Jungen Theater: aus 32 Bewerbungen hat eine Findungskommission in einem mehrstufigen Verfahren eine neue Intendantin gew\u00e4hlt. Der Aufsichtsrat des Jungen Theaters stimmte diesem Vorschlag einstimmig zu. Angelika Zacek folgt als Intendantin des Jungen Theaters G\u00f6ttingen auf Nico Dietrich, der seit der Spielzeit 2014\/15 das Theater leitet und ab der Spielzeit 2026\/27 die [&hellip;]\" \/>\n<meta property=\"og:url\" content=\"https:\/\/radioleinewelle.de\/index.php\/2025\/07\/03\/angelika-zacek-wird-neue-intendantin-des-jungen-theaters-goettingen\/\" \/>\n<meta property=\"og:site_name\" content=\"Radio Leinewelle\" \/>\n<meta property=\"article:publisher\" content=\"https:\/\/www.facebook.com\/radioleinewelle\" \/>\n<meta property=\"article:author\" content=\"https:\/\/www.facebook.com\/radioleinewelle\" \/>\n<meta property=\"article:published_time\" content=\"2025-07-03T07:41:49+00:00\" \/>\n<meta property=\"article:modified_time\" content=\"2025-07-03T07:41:50+00:00\" \/>\n<meta property=\"og:image\" content=\"https:\/\/radioleinewelle.de\/wp-content\/uploads\/2025\/07\/Neue-Intendantin-JT.jpg\" \/>\n\t<meta property=\"og:image:width\" content=\"1600\" \/>\n\t<meta property=\"og:image:height\" content=\"1200\" \/>\n\t<meta property=\"og:image:type\" content=\"image\/jpeg\" \/>\n<meta name=\"author\" content=\"Leinewelle\" \/>\n<meta name=\"twitter:card\" content=\"summary_large_image\" \/>\n<meta name=\"twitter:creator\" content=\"@https:\/\/twitter.com\/RLeinewelle?ref_src=twsrcgoogletwcampserptwgrauthor\" \/>\n<meta name=\"twitter:site\" content=\"@RLeinewelle\" \/>\n<meta name=\"twitter:label1\" content=\"Verfasst von\" \/>\n\t<meta name=\"twitter:data1\" content=\"Leinewelle\" \/>\n\t<meta name=\"twitter:label2\" content=\"Gesch\u00e4tzte Lesezeit\" \/>\n\t<meta name=\"twitter:data2\" content=\"1\u00a0Minute\" \/>\n<script type=\"application\/ld+json\" class=\"yoast-schema-graph\">{\"@context\":\"https:\\\/\\\/schema.org\",\"@graph\":[{\"@type\":\"Article\",\"@id\":\"https:\\\/\\\/radioleinewelle.de\\\/index.php\\\/2025\\\/07\\\/03\\\/angelika-zacek-wird-neue-intendantin-des-jungen-theaters-goettingen\\\/#article\",\"isPartOf\":{\"@id\":\"https:\\\/\\\/radioleinewelle.de\\\/index.php\\\/2025\\\/07\\\/03\\\/angelika-zacek-wird-neue-intendantin-des-jungen-theaters-goettingen\\\/\"},\"author\":{\"name\":\"Leinewelle\",\"@id\":\"https:\\\/\\\/radioleinewelle.de\\\/#\\\/schema\\\/person\\\/45606f348637df637192dc1b68399a63\"},\"headline\":\"Angelika Zacek wird neue Intendantin des Jungen Theaters G\u00f6ttingen\",\"datePublished\":\"2025-07-03T07:41:49+00:00\",\"dateModified\":\"2025-07-03T07:41:50+00:00\",\"mainEntityOfPage\":{\"@id\":\"https:\\\/\\\/radioleinewelle.de\\\/index.php\\\/2025\\\/07\\\/03\\\/angelika-zacek-wird-neue-intendantin-des-jungen-theaters-goettingen\\\/\"},\"wordCount\":166,\"commentCount\":0,\"publisher\":{\"@id\":\"https:\\\/\\\/radioleinewelle.de\\\/#organization\"},\"image\":{\"@id\":\"https:\\\/\\\/radioleinewelle.de\\\/index.php\\\/2025\\\/07\\\/03\\\/angelika-zacek-wird-neue-intendantin-des-jungen-theaters-goettingen\\\/#primaryimage\"},\"thumbnailUrl\":\"https:\\\/\\\/radioleinewelle.de\\\/wp-content\\\/uploads\\\/2025\\\/07\\\/Neue-Intendantin-JT.jpg\",\"inLanguage\":\"de\",\"potentialAction\":[{\"@type\":\"CommentAction\",\"name\":\"Comment\",\"target\":[\"https:\\\/\\\/radioleinewelle.de\\\/index.php\\\/2025\\\/07\\\/03\\\/angelika-zacek-wird-neue-intendantin-des-jungen-theaters-goettingen\\\/#respond\"]}]},{\"@type\":\"WebPage\",\"@id\":\"https:\\\/\\\/radioleinewelle.de\\\/index.php\\\/2025\\\/07\\\/03\\\/angelika-zacek-wird-neue-intendantin-des-jungen-theaters-goettingen\\\/\",\"url\":\"https:\\\/\\\/radioleinewelle.de\\\/index.php\\\/2025\\\/07\\\/03\\\/angelika-zacek-wird-neue-intendantin-des-jungen-theaters-goettingen\\\/\",\"name\":\"Angelika Zacek wird neue Intendantin des Jungen Theaters G\u00f6ttingen - Radio Leinewelle\",\"isPartOf\":{\"@id\":\"https:\\\/\\\/radioleinewelle.de\\\/#website\"},\"primaryImageOfPage\":{\"@id\":\"https:\\\/\\\/radioleinewelle.de\\\/index.php\\\/2025\\\/07\\\/03\\\/angelika-zacek-wird-neue-intendantin-des-jungen-theaters-goettingen\\\/#primaryimage\"},\"image\":{\"@id\":\"https:\\\/\\\/radioleinewelle.de\\\/index.php\\\/2025\\\/07\\\/03\\\/angelika-zacek-wird-neue-intendantin-des-jungen-theaters-goettingen\\\/#primaryimage\"},\"thumbnailUrl\":\"https:\\\/\\\/radioleinewelle.de\\\/wp-content\\\/uploads\\\/2025\\\/07\\\/Neue-Intendantin-JT.jpg\",\"datePublished\":\"2025-07-03T07:41:49+00:00\",\"dateModified\":\"2025-07-03T07:41:50+00:00\",\"breadcrumb\":{\"@id\":\"https:\\\/\\\/radioleinewelle.de\\\/index.php\\\/2025\\\/07\\\/03\\\/angelika-zacek-wird-neue-intendantin-des-jungen-theaters-goettingen\\\/#breadcrumb\"},\"inLanguage\":\"de\",\"potentialAction\":[{\"@type\":\"ReadAction\",\"target\":[\"https:\\\/\\\/radioleinewelle.de\\\/index.php\\\/2025\\\/07\\\/03\\\/angelika-zacek-wird-neue-intendantin-des-jungen-theaters-goettingen\\\/\"]}]},{\"@type\":\"ImageObject\",\"inLanguage\":\"de\",\"@id\":\"https:\\\/\\\/radioleinewelle.de\\\/index.php\\\/2025\\\/07\\\/03\\\/angelika-zacek-wird-neue-intendantin-des-jungen-theaters-goettingen\\\/#primaryimage\",\"url\":\"https:\\\/\\\/radioleinewelle.de\\\/wp-content\\\/uploads\\\/2025\\\/07\\\/Neue-Intendantin-JT.jpg\",\"contentUrl\":\"https:\\\/\\\/radioleinewelle.de\\\/wp-content\\\/uploads\\\/2025\\\/07\\\/Neue-Intendantin-JT.jpg\",\"width\":1600,\"height\":1200},{\"@type\":\"BreadcrumbList\",\"@id\":\"https:\\\/\\\/radioleinewelle.de\\\/index.php\\\/2025\\\/07\\\/03\\\/angelika-zacek-wird-neue-intendantin-des-jungen-theaters-goettingen\\\/#breadcrumb\",\"itemListElement\":[{\"@type\":\"ListItem\",\"position\":1,\"name\":\"Startseite\",\"item\":\"https:\\\/\\\/radioleinewelle.de\\\/\"},{\"@type\":\"ListItem\",\"position\":2,\"name\":\"Angelika Zacek wird neue Intendantin des Jungen Theaters G\u00f6ttingen\"}]},{\"@type\":\"WebSite\",\"@id\":\"https:\\\/\\\/radioleinewelle.de\\\/#website\",\"url\":\"https:\\\/\\\/radioleinewelle.de\\\/\",\"name\":\"Radio Leinewelle\",\"description\":\"\",\"publisher\":{\"@id\":\"https:\\\/\\\/radioleinewelle.de\\\/#organization\"},\"potentialAction\":[{\"@type\":\"SearchAction\",\"target\":{\"@type\":\"EntryPoint\",\"urlTemplate\":\"https:\\\/\\\/radioleinewelle.de\\\/?s={search_term_string}\"},\"query-input\":{\"@type\":\"PropertyValueSpecification\",\"valueRequired\":true,\"valueName\":\"search_term_string\"}}],\"inLanguage\":\"de\"},{\"@type\":\"Organization\",\"@id\":\"https:\\\/\\\/radioleinewelle.de\\\/#organization\",\"name\":\"Radio Leinewelle\",\"alternateName\":\"Mein Radio f\u00fcr S\u00fcdniedersachsen\",\"url\":\"https:\\\/\\\/radioleinewelle.de\\\/\",\"logo\":{\"@type\":\"ImageObject\",\"inLanguage\":\"de\",\"@id\":\"https:\\\/\\\/radioleinewelle.de\\\/#\\\/schema\\\/logo\\\/image\\\/\",\"url\":\"https:\\\/\\\/radioleinewelle.de\\\/wp-content\\\/uploads\\\/2023\\\/11\\\/cropped-Leinewelle_Logo_weiss.png\",\"contentUrl\":\"https:\\\/\\\/radioleinewelle.de\\\/wp-content\\\/uploads\\\/2023\\\/11\\\/cropped-Leinewelle_Logo_weiss.png\",\"width\":854,\"height\":260,\"caption\":\"Radio Leinewelle\"},\"image\":{\"@id\":\"https:\\\/\\\/radioleinewelle.de\\\/#\\\/schema\\\/logo\\\/image\\\/\"},\"sameAs\":[\"https:\\\/\\\/www.facebook.com\\\/radioleinewelle\",\"https:\\\/\\\/x.com\\\/RLeinewelle\",\"https:\\\/\\\/www.instagram.com\\\/radioleinewelle\\\/?hl=de\"]},{\"@type\":\"Person\",\"@id\":\"https:\\\/\\\/radioleinewelle.de\\\/#\\\/schema\\\/person\\\/45606f348637df637192dc1b68399a63\",\"name\":\"Leinewelle\",\"image\":{\"@type\":\"ImageObject\",\"inLanguage\":\"de\",\"@id\":\"https:\\\/\\\/secure.gravatar.com\\\/avatar\\\/05c9a17bc973052ee5d91549bd32fb4dd0dc85b7b85ae94b2e2b4943476bbea5?s=96&d=blank&r=g\",\"url\":\"https:\\\/\\\/secure.gravatar.com\\\/avatar\\\/05c9a17bc973052ee5d91549bd32fb4dd0dc85b7b85ae94b2e2b4943476bbea5?s=96&d=blank&r=g\",\"contentUrl\":\"https:\\\/\\\/secure.gravatar.com\\\/avatar\\\/05c9a17bc973052ee5d91549bd32fb4dd0dc85b7b85ae94b2e2b4943476bbea5?s=96&d=blank&r=g\",\"caption\":\"Leinewelle\"},\"sameAs\":[\"http:\\\/\\\/localhost\\\/radio%20leinewelle\\\/wordpress\",\"https:\\\/\\\/www.facebook.com\\\/radioleinewelle\",\"https:\\\/\\\/www.instagram.com\\\/radioleinewelle\",\"https:\\\/\\\/x.com\\\/https:\\\/\\\/twitter.com\\\/RLeinewelle?ref_src=twsrcgoogletwcampserptwgrauthor\",\"https:\\\/\\\/soundcloud.com\\\/foerderverein-lokalradio?utm_source=clipboard&utm_medium=text&utm_campaign=social_sharing\"],\"url\":\"https:\\\/\\\/radioleinewelle.de\\\/index.php\\\/author\\\/leinewelle\\\/\"}]}<\/script>\n<!-- \/ Yoast SEO plugin. -->","yoast_head_json":{"title":"Angelika Zacek wird neue Intendantin des Jungen Theaters G\u00f6ttingen - Radio Leinewelle","robots":{"index":"index","follow":"follow","max-snippet":"max-snippet:-1","max-image-preview":"max-image-preview:large","max-video-preview":"max-video-preview:-1"},"canonical":"https:\/\/radioleinewelle.de\/index.php\/2025\/07\/03\/angelika-zacek-wird-neue-intendantin-des-jungen-theaters-goettingen\/","og_locale":"de_DE","og_type":"article","og_title":"Angelika Zacek wird neue Intendantin des Jungen Theaters G\u00f6ttingen - Radio Leinewelle","og_description":"Gute Stimmung im Jungen Theater: aus 32 Bewerbungen hat eine Findungskommission in einem mehrstufigen Verfahren eine neue Intendantin gew\u00e4hlt. Der Aufsichtsrat des Jungen Theaters stimmte diesem Vorschlag einstimmig zu. Angelika Zacek folgt als Intendantin des Jungen Theaters G\u00f6ttingen auf Nico Dietrich, der seit der Spielzeit 2014\/15 das Theater leitet und ab der Spielzeit 2026\/27 die [&hellip;]","og_url":"https:\/\/radioleinewelle.de\/index.php\/2025\/07\/03\/angelika-zacek-wird-neue-intendantin-des-jungen-theaters-goettingen\/","og_site_name":"Radio Leinewelle","article_publisher":"https:\/\/www.facebook.com\/radioleinewelle","article_author":"https:\/\/www.facebook.com\/radioleinewelle","article_published_time":"2025-07-03T07:41:49+00:00","article_modified_time":"2025-07-03T07:41:50+00:00","og_image":[{"width":1600,"height":1200,"url":"https:\/\/radioleinewelle.de\/wp-content\/uploads\/2025\/07\/Neue-Intendantin-JT.jpg","type":"image\/jpeg"}],"author":"Leinewelle","twitter_card":"summary_large_image","twitter_creator":"@https:\/\/twitter.com\/RLeinewelle?ref_src=twsrcgoogletwcampserptwgrauthor","twitter_site":"@RLeinewelle","twitter_misc":{"Verfasst von":"Leinewelle","Gesch\u00e4tzte Lesezeit":"1\u00a0Minute"},"schema":{"@context":"https:\/\/schema.org","@graph":[{"@type":"Article","@id":"https:\/\/radioleinewelle.de\/index.php\/2025\/07\/03\/angelika-zacek-wird-neue-intendantin-des-jungen-theaters-goettingen\/#article","isPartOf":{"@id":"https:\/\/radioleinewelle.de\/index.php\/2025\/07\/03\/angelika-zacek-wird-neue-intendantin-des-jungen-theaters-goettingen\/"},"author":{"name":"Leinewelle","@id":"https:\/\/radioleinewelle.de\/#\/schema\/person\/45606f348637df637192dc1b68399a63"},"headline":"Angelika Zacek wird neue Intendantin des Jungen Theaters G\u00f6ttingen","datePublished":"2025-07-03T07:41:49+00:00","dateModified":"2025-07-03T07:41:50+00:00","mainEntityOfPage":{"@id":"https:\/\/radioleinewelle.de\/index.php\/2025\/07\/03\/angelika-zacek-wird-neue-intendantin-des-jungen-theaters-goettingen\/"},"wordCount":166,"commentCount":0,"publisher":{"@id":"https:\/\/radioleinewelle.de\/#organization"},"image":{"@id":"https:\/\/radioleinewelle.de\/index.php\/2025\/07\/03\/angelika-zacek-wird-neue-intendantin-des-jungen-theaters-goettingen\/#primaryimage"},"thumbnailUrl":"https:\/\/radioleinewelle.de\/wp-content\/uploads\/2025\/07\/Neue-Intendantin-JT.jpg","inLanguage":"de","potentialAction":[{"@type":"CommentAction","name":"Comment","target":["https:\/\/radioleinewelle.de\/index.php\/2025\/07\/03\/angelika-zacek-wird-neue-intendantin-des-jungen-theaters-goettingen\/#respond"]}]},{"@type":"WebPage","@id":"https:\/\/radioleinewelle.de\/index.php\/2025\/07\/03\/angelika-zacek-wird-neue-intendantin-des-jungen-theaters-goettingen\/","url":"https:\/\/radioleinewelle.de\/index.php\/2025\/07\/03\/angelika-zacek-wird-neue-intendantin-des-jungen-theaters-goettingen\/","name":"Angelika Zacek wird neue Intendantin des Jungen Theaters G\u00f6ttingen - Radio Leinewelle","isPartOf":{"@id":"https:\/\/radioleinewelle.de\/#website"},"primaryImageOfPage":{"@id":"https:\/\/radioleinewelle.de\/index.php\/2025\/07\/03\/angelika-zacek-wird-neue-intendantin-des-jungen-theaters-goettingen\/#primaryimage"},"image":{"@id":"https:\/\/radioleinewelle.de\/index.php\/2025\/07\/03\/angelika-zacek-wird-neue-intendantin-des-jungen-theaters-goettingen\/#primaryimage"},"thumbnailUrl":"https:\/\/radioleinewelle.de\/wp-content\/uploads\/2025\/07\/Neue-Intendantin-JT.jpg","datePublished":"2025-07-03T07:41:49+00:00","dateModified":"2025-07-03T07:41:50+00:00","breadcrumb":{"@id":"https:\/\/radioleinewelle.de\/index.php\/2025\/07\/03\/angelika-zacek-wird-neue-intendantin-des-jungen-theaters-goettingen\/#breadcrumb"},"inLanguage":"de","potentialAction":[{"@type":"ReadAction","target":["https:\/\/radioleinewelle.de\/index.php\/2025\/07\/03\/angelika-zacek-wird-neue-intendantin-des-jungen-theaters-goettingen\/"]}]},{"@type":"ImageObject","inLanguage":"de","@id":"https:\/\/radioleinewelle.de\/index.php\/2025\/07\/03\/angelika-zacek-wird-neue-intendantin-des-jungen-theaters-goettingen\/#primaryimage","url":"https:\/\/radioleinewelle.de\/wp-content\/uploads\/2025\/07\/Neue-Intendantin-JT.jpg","contentUrl":"https:\/\/radioleinewelle.de\/wp-content\/uploads\/2025\/07\/Neue-Intendantin-JT.jpg","width":1600,"height":1200},{"@type":"BreadcrumbList","@id":"https:\/\/radioleinewelle.de\/index.php\/2025\/07\/03\/angelika-zacek-wird-neue-intendantin-des-jungen-theaters-goettingen\/#breadcrumb","itemListElement":[{"@type":"ListItem","position":1,"name":"Startseite","item":"https:\/\/radioleinewelle.de\/"},{"@type":"ListItem","position":2,"name":"Angelika Zacek wird neue Intendantin des Jungen Theaters G\u00f6ttingen"}]},{"@type":"WebSite","@id":"https:\/\/radioleinewelle.de\/#website","url":"https:\/\/radioleinewelle.de\/","name":"Radio Leinewelle","description":"","publisher":{"@id":"https:\/\/radioleinewelle.de\/#organization"},"potentialAction":[{"@type":"SearchAction","target":{"@type":"EntryPoint","urlTemplate":"https:\/\/radioleinewelle.de\/?s={search_term_string}"},"query-input":{"@type":"PropertyValueSpecification","valueRequired":true,"valueName":"search_term_string"}}],"inLanguage":"de"},{"@type":"Organization","@id":"https:\/\/radioleinewelle.de\/#organization","name":"Radio Leinewelle","alternateName":"Mein Radio f\u00fcr S\u00fcdniedersachsen","url":"https:\/\/radioleinewelle.de\/","logo":{"@type":"ImageObject","inLanguage":"de","@id":"https:\/\/radioleinewelle.de\/#\/schema\/logo\/image\/","url":"https:\/\/radioleinewelle.de\/wp-content\/uploads\/2023\/11\/cropped-Leinewelle_Logo_weiss.png","contentUrl":"https:\/\/radioleinewelle.de\/wp-content\/uploads\/2023\/11\/cropped-Leinewelle_Logo_weiss.png","width":854,"height":260,"caption":"Radio Leinewelle"},"image":{"@id":"https:\/\/radioleinewelle.de\/#\/schema\/logo\/image\/"},"sameAs":["https:\/\/www.facebook.com\/radioleinewelle","https:\/\/x.com\/RLeinewelle","https:\/\/www.instagram.com\/radioleinewelle\/?hl=de"]},{"@type":"Person","@id":"https:\/\/radioleinewelle.de\/#\/schema\/person\/45606f348637df637192dc1b68399a63","name":"Leinewelle","image":{"@type":"ImageObject","inLanguage":"de","@id":"https:\/\/secure.gravatar.com\/avatar\/05c9a17bc973052ee5d91549bd32fb4dd0dc85b7b85ae94b2e2b4943476bbea5?s=96&d=blank&r=g","url":"https:\/\/secure.gravatar.com\/avatar\/05c9a17bc973052ee5d91549bd32fb4dd0dc85b7b85ae94b2e2b4943476bbea5?s=96&d=blank&r=g","contentUrl":"https:\/\/secure.gravatar.com\/avatar\/05c9a17bc973052ee5d91549bd32fb4dd0dc85b7b85ae94b2e2b4943476bbea5?s=96&d=blank&r=g","caption":"Leinewelle"},"sameAs":["http:\/\/localhost\/radio%20leinewelle\/wordpress","https:\/\/www.facebook.com\/radioleinewelle","https:\/\/www.instagram.com\/radioleinewelle","https:\/\/x.com\/https:\/\/twitter.com\/RLeinewelle?ref_src=twsrcgoogletwcampserptwgrauthor","https:\/\/soundcloud.com\/foerderverein-lokalradio?utm_source=clipboard&utm_medium=text&utm_campaign=social_sharing"],"url":"https:\/\/radioleinewelle.de\/index.php\/author\/leinewelle\/"}]}},"_links":{"self":[{"href":"https:\/\/radioleinewelle.de\/index.php\/wp-json\/wp\/v2\/posts\/28630","targetHints":{"allow":["GET"]}}],"collection":[{"href":"https:\/\/radioleinewelle.de\/index.php\/wp-json\/wp\/v2\/posts"}],"about":[{"href":"https:\/\/radioleinewelle.de\/index.php\/wp-json\/wp\/v2\/types\/post"}],"author":[{"embeddable":true,"href":"https:\/\/radioleinewelle.de\/index.php\/wp-json\/wp\/v2\/users\/1"}],"replies":[{"embeddable":true,"href":"https:\/\/radioleinewelle.de\/index.php\/wp-json\/wp\/v2\/comments?post=28630"}],"version-history":[{"count":7,"href":"https:\/\/radioleinewelle.de\/index.php\/wp-json\/wp\/v2\/posts\/28630\/revisions"}],"predecessor-version":[{"id":28639,"href":"https:\/\/radioleinewelle.de\/index.php\/wp-json\/wp\/v2\/posts\/28630\/revisions\/28639"}],"wp:featuredmedia":[{"embeddable":true,"href":"https:\/\/radioleinewelle.de\/index.php\/wp-json\/wp\/v2\/media\/28635"}],"wp:attachment":[{"href":"https:\/\/radioleinewelle.de\/index.php\/wp-json\/wp\/v2\/media?parent=28630"}],"wp:term":[{"taxonomy":"category","embeddable":true,"href":"https:\/\/radioleinewelle.de\/index.php\/wp-json\/wp\/v2\/categories?post=28630"},{"taxonomy":"post_tag","embeddable":true,"href":"https:\/\/radioleinewelle.de\/index.php\/wp-json\/wp\/v2\/tags?post=28630"}],"curies":[{"name":"wp","href":"https:\/\/api.w.org\/{rel}","templated":true}]}}