{"id":28641,"date":"2025-07-04T11:50:12","date_gmt":"2025-07-04T09:50:12","guid":{"rendered":"https:\/\/radioleinewelle.de\/?p=28641"},"modified":"2025-07-04T11:50:13","modified_gmt":"2025-07-04T09:50:13","slug":"baeume-schuetzen-nicht-faellen-menschenkette-an-der-st-jacobi-kirche-geplant","status":"publish","type":"post","link":"https:\/\/radioleinewelle.de\/index.php\/2025\/07\/04\/baeume-schuetzen-nicht-faellen-menschenkette-an-der-st-jacobi-kirche-geplant\/","title":{"rendered":"B\u00e4ume sch\u00fctzen, nicht f\u00e4llen &#8211; Menschenkette an der St. Jacobi Kirche geplant"},"content":{"rendered":"\n<p><\/p>\n\n\n\n<p>Seit Wochen wird in G\u00f6ttingen kontrovers \u00fcber die geplanten Bauma\u00dfnahmen in der Weender Stra\u00dfe an der Jacobikirche diskutiert. Nach Angaben der Stadt k\u00f6nnen die dort stehenden B\u00e4ume bei einer Sanierung der Versorgungsleitungen und des Platzes nicht mehr erhalten bleiben. Bei der geplanten Neugestaltung der Fu\u00dfg\u00e4ngerzone und des Kirchplatzes  m\u00fcsste der Baumbestand gef\u00e4llt werden. Nachdem Umweltgruppen protestiert hatten, sollen sogenannte Suchschachtungen eine genauere Sondierung des Baugrunds erm\u00f6glichen. <\/p>\n\n\n\n<p>Um auf die Thematik aufmerksam zu machen, ruft die Naturschutzgruppe BUND zu einer Menschenkette auf.<\/p>\n\n\n\n\n\n<p><strong>Wann?\u00a0Samstag, 05.07.25 | 11 Uhr Am Jacobikirchhof, 37073 G\u00f6ttingen<\/strong><\/p>\n\n\n\n<p class=\"has-small-font-size\"><strong>Foto:<\/strong> \u00a9Radio Leinewelle (je)<\/p>\n","protected":false},"excerpt":{"rendered":"<p>Seit Wochen wird in G\u00f6ttingen kontrovers \u00fcber die geplanten Bauma\u00dfnahmen in der Weender Stra\u00dfe an der Jacobikirche diskutiert. Nach Angaben der Stadt k\u00f6nnen die dort stehenden B\u00e4ume bei einer Sanierung der Versorgungsleitungen und des Platzes nicht mehr erhalten bleiben. Bei der geplanten Neugestaltung der Fu\u00dfg\u00e4ngerzone und des Kirchplatzes m\u00fcsste der Baumbestand gef\u00e4llt werden. Nachdem Umweltgruppen [&hellip;]<\/p>\n","protected":false},"author":1,"featured_media":28642,"comment_status":"open","ping_status":"open","sticky":false,"template":"","format":"standard","meta":{"saved_in_kubio":false,"footnotes":""},"categories":[1],"tags":[],"class_list":["post-28641","post","type-post","status-publish","format-standard","has-post-thumbnail","hentry","category-allgemein"],"yoast_head":"<!-- This site is optimized with the Yoast SEO plugin v27.5 - https:\/\/yoast.com\/product\/yoast-seo-wordpress\/ -->\n<title>B\u00e4ume sch\u00fctzen, nicht f\u00e4llen - Menschenkette an der St. Jacobi Kirche geplant - Radio Leinewelle<\/title>\n<meta name=\"robots\" content=\"index, follow, max-snippet:-1, max-image-preview:large, max-video-preview:-1\" \/>\n<link rel=\"canonical\" href=\"https:\/\/radioleinewelle.de\/index.php\/2025\/07\/04\/baeume-schuetzen-nicht-faellen-menschenkette-an-der-st-jacobi-kirche-geplant\/\" \/>\n<meta property=\"og:locale\" content=\"de_DE\" \/>\n<meta property=\"og:type\" content=\"article\" \/>\n<meta property=\"og:title\" content=\"B\u00e4ume sch\u00fctzen, nicht f\u00e4llen - Menschenkette an der St. Jacobi Kirche geplant - Radio Leinewelle\" \/>\n<meta property=\"og:description\" content=\"Seit Wochen wird in G\u00f6ttingen kontrovers \u00fcber die geplanten Bauma\u00dfnahmen in der Weender Stra\u00dfe an der Jacobikirche diskutiert. Nach Angaben der Stadt k\u00f6nnen die dort stehenden B\u00e4ume bei einer Sanierung der Versorgungsleitungen und des Platzes nicht mehr erhalten bleiben. Bei der geplanten Neugestaltung der Fu\u00dfg\u00e4ngerzone und des Kirchplatzes m\u00fcsste der Baumbestand gef\u00e4llt werden. Nachdem Umweltgruppen [&hellip;]\" \/>\n<meta property=\"og:url\" content=\"https:\/\/radioleinewelle.de\/index.php\/2025\/07\/04\/baeume-schuetzen-nicht-faellen-menschenkette-an-der-st-jacobi-kirche-geplant\/\" \/>\n<meta property=\"og:site_name\" content=\"Radio Leinewelle\" \/>\n<meta property=\"article:publisher\" content=\"https:\/\/www.facebook.com\/radioleinewelle\" \/>\n<meta property=\"article:author\" content=\"https:\/\/www.facebook.com\/radioleinewelle\" \/>\n<meta property=\"article:published_time\" content=\"2025-07-04T09:50:12+00:00\" \/>\n<meta property=\"article:modified_time\" content=\"2025-07-04T09:50:13+00:00\" \/>\n<meta property=\"og:image\" content=\"https:\/\/radioleinewelle.de\/wp-content\/uploads\/2025\/07\/Weender-Str.jpg\" \/>\n\t<meta property=\"og:image:width\" content=\"1512\" \/>\n\t<meta property=\"og:image:height\" content=\"2016\" \/>\n\t<meta property=\"og:image:type\" content=\"image\/jpeg\" \/>\n<meta name=\"author\" content=\"Leinewelle\" \/>\n<meta name=\"twitter:card\" content=\"summary_large_image\" \/>\n<meta name=\"twitter:creator\" content=\"@https:\/\/twitter.com\/RLeinewelle?ref_src=twsrcgoogletwcampserptwgrauthor\" \/>\n<meta name=\"twitter:site\" content=\"@RLeinewelle\" \/>\n<meta name=\"twitter:label1\" content=\"Verfasst von\" \/>\n\t<meta name=\"twitter:data1\" content=\"Leinewelle\" \/>\n\t<meta name=\"twitter:label2\" content=\"Gesch\u00e4tzte Lesezeit\" \/>\n\t<meta name=\"twitter:data2\" content=\"1\u00a0Minute\" \/>\n<script type=\"application\/ld+json\" class=\"yoast-schema-graph\">{\"@context\":\"https:\\\/\\\/schema.org\",\"@graph\":[{\"@type\":\"Article\",\"@id\":\"https:\\\/\\\/radioleinewelle.de\\\/index.php\\\/2025\\\/07\\\/04\\\/baeume-schuetzen-nicht-faellen-menschenkette-an-der-st-jacobi-kirche-geplant\\\/#article\",\"isPartOf\":{\"@id\":\"https:\\\/\\\/radioleinewelle.de\\\/index.php\\\/2025\\\/07\\\/04\\\/baeume-schuetzen-nicht-faellen-menschenkette-an-der-st-jacobi-kirche-geplant\\\/\"},\"author\":{\"name\":\"Leinewelle\",\"@id\":\"https:\\\/\\\/radioleinewelle.de\\\/#\\\/schema\\\/person\\\/45606f348637df637192dc1b68399a63\"},\"headline\":\"B\u00e4ume sch\u00fctzen, nicht f\u00e4llen &#8211; Menschenkette an der St. Jacobi Kirche geplant\",\"datePublished\":\"2025-07-04T09:50:12+00:00\",\"dateModified\":\"2025-07-04T09:50:13+00:00\",\"mainEntityOfPage\":{\"@id\":\"https:\\\/\\\/radioleinewelle.de\\\/index.php\\\/2025\\\/07\\\/04\\\/baeume-schuetzen-nicht-faellen-menschenkette-an-der-st-jacobi-kirche-geplant\\\/\"},\"wordCount\":117,\"commentCount\":0,\"publisher\":{\"@id\":\"https:\\\/\\\/radioleinewelle.de\\\/#organization\"},\"image\":{\"@id\":\"https:\\\/\\\/radioleinewelle.de\\\/index.php\\\/2025\\\/07\\\/04\\\/baeume-schuetzen-nicht-faellen-menschenkette-an-der-st-jacobi-kirche-geplant\\\/#primaryimage\"},\"thumbnailUrl\":\"https:\\\/\\\/radioleinewelle.de\\\/wp-content\\\/uploads\\\/2025\\\/07\\\/Weender-Str.jpg\",\"inLanguage\":\"de\",\"potentialAction\":[{\"@type\":\"CommentAction\",\"name\":\"Comment\",\"target\":[\"https:\\\/\\\/radioleinewelle.de\\\/index.php\\\/2025\\\/07\\\/04\\\/baeume-schuetzen-nicht-faellen-menschenkette-an-der-st-jacobi-kirche-geplant\\\/#respond\"]}]},{\"@type\":\"WebPage\",\"@id\":\"https:\\\/\\\/radioleinewelle.de\\\/index.php\\\/2025\\\/07\\\/04\\\/baeume-schuetzen-nicht-faellen-menschenkette-an-der-st-jacobi-kirche-geplant\\\/\",\"url\":\"https:\\\/\\\/radioleinewelle.de\\\/index.php\\\/2025\\\/07\\\/04\\\/baeume-schuetzen-nicht-faellen-menschenkette-an-der-st-jacobi-kirche-geplant\\\/\",\"name\":\"B\u00e4ume sch\u00fctzen, nicht f\u00e4llen - Menschenkette an der St. Jacobi Kirche geplant - Radio Leinewelle\",\"isPartOf\":{\"@id\":\"https:\\\/\\\/radioleinewelle.de\\\/#website\"},\"primaryImageOfPage\":{\"@id\":\"https:\\\/\\\/radioleinewelle.de\\\/index.php\\\/2025\\\/07\\\/04\\\/baeume-schuetzen-nicht-faellen-menschenkette-an-der-st-jacobi-kirche-geplant\\\/#primaryimage\"},\"image\":{\"@id\":\"https:\\\/\\\/radioleinewelle.de\\\/index.php\\\/2025\\\/07\\\/04\\\/baeume-schuetzen-nicht-faellen-menschenkette-an-der-st-jacobi-kirche-geplant\\\/#primaryimage\"},\"thumbnailUrl\":\"https:\\\/\\\/radioleinewelle.de\\\/wp-content\\\/uploads\\\/2025\\\/07\\\/Weender-Str.jpg\",\"datePublished\":\"2025-07-04T09:50:12+00:00\",\"dateModified\":\"2025-07-04T09:50:13+00:00\",\"breadcrumb\":{\"@id\":\"https:\\\/\\\/radioleinewelle.de\\\/index.php\\\/2025\\\/07\\\/04\\\/baeume-schuetzen-nicht-faellen-menschenkette-an-der-st-jacobi-kirche-geplant\\\/#breadcrumb\"},\"inLanguage\":\"de\",\"potentialAction\":[{\"@type\":\"ReadAction\",\"target\":[\"https:\\\/\\\/radioleinewelle.de\\\/index.php\\\/2025\\\/07\\\/04\\\/baeume-schuetzen-nicht-faellen-menschenkette-an-der-st-jacobi-kirche-geplant\\\/\"]}]},{\"@type\":\"ImageObject\",\"inLanguage\":\"de\",\"@id\":\"https:\\\/\\\/radioleinewelle.de\\\/index.php\\\/2025\\\/07\\\/04\\\/baeume-schuetzen-nicht-faellen-menschenkette-an-der-st-jacobi-kirche-geplant\\\/#primaryimage\",\"url\":\"https:\\\/\\\/radioleinewelle.de\\\/wp-content\\\/uploads\\\/2025\\\/07\\\/Weender-Str.jpg\",\"contentUrl\":\"https:\\\/\\\/radioleinewelle.de\\\/wp-content\\\/uploads\\\/2025\\\/07\\\/Weender-Str.jpg\",\"width\":1512,\"height\":2016},{\"@type\":\"BreadcrumbList\",\"@id\":\"https:\\\/\\\/radioleinewelle.de\\\/index.php\\\/2025\\\/07\\\/04\\\/baeume-schuetzen-nicht-faellen-menschenkette-an-der-st-jacobi-kirche-geplant\\\/#breadcrumb\",\"itemListElement\":[{\"@type\":\"ListItem\",\"position\":1,\"name\":\"Startseite\",\"item\":\"https:\\\/\\\/radioleinewelle.de\\\/\"},{\"@type\":\"ListItem\",\"position\":2,\"name\":\"B\u00e4ume sch\u00fctzen, nicht f\u00e4llen &#8211; Menschenkette an der St. Jacobi Kirche geplant\"}]},{\"@type\":\"WebSite\",\"@id\":\"https:\\\/\\\/radioleinewelle.de\\\/#website\",\"url\":\"https:\\\/\\\/radioleinewelle.de\\\/\",\"name\":\"Radio Leinewelle\",\"description\":\"\",\"publisher\":{\"@id\":\"https:\\\/\\\/radioleinewelle.de\\\/#organization\"},\"potentialAction\":[{\"@type\":\"SearchAction\",\"target\":{\"@type\":\"EntryPoint\",\"urlTemplate\":\"https:\\\/\\\/radioleinewelle.de\\\/?s={search_term_string}\"},\"query-input\":{\"@type\":\"PropertyValueSpecification\",\"valueRequired\":true,\"valueName\":\"search_term_string\"}}],\"inLanguage\":\"de\"},{\"@type\":\"Organization\",\"@id\":\"https:\\\/\\\/radioleinewelle.de\\\/#organization\",\"name\":\"Radio Leinewelle\",\"alternateName\":\"Mein Radio f\u00fcr S\u00fcdniedersachsen\",\"url\":\"https:\\\/\\\/radioleinewelle.de\\\/\",\"logo\":{\"@type\":\"ImageObject\",\"inLanguage\":\"de\",\"@id\":\"https:\\\/\\\/radioleinewelle.de\\\/#\\\/schema\\\/logo\\\/image\\\/\",\"url\":\"https:\\\/\\\/radioleinewelle.de\\\/wp-content\\\/uploads\\\/2023\\\/11\\\/cropped-Leinewelle_Logo_weiss.png\",\"contentUrl\":\"https:\\\/\\\/radioleinewelle.de\\\/wp-content\\\/uploads\\\/2023\\\/11\\\/cropped-Leinewelle_Logo_weiss.png\",\"width\":854,\"height\":260,\"caption\":\"Radio Leinewelle\"},\"image\":{\"@id\":\"https:\\\/\\\/radioleinewelle.de\\\/#\\\/schema\\\/logo\\\/image\\\/\"},\"sameAs\":[\"https:\\\/\\\/www.facebook.com\\\/radioleinewelle\",\"https:\\\/\\\/x.com\\\/RLeinewelle\",\"https:\\\/\\\/www.instagram.com\\\/radioleinewelle\\\/?hl=de\"]},{\"@type\":\"Person\",\"@id\":\"https:\\\/\\\/radioleinewelle.de\\\/#\\\/schema\\\/person\\\/45606f348637df637192dc1b68399a63\",\"name\":\"Leinewelle\",\"image\":{\"@type\":\"ImageObject\",\"inLanguage\":\"de\",\"@id\":\"https:\\\/\\\/secure.gravatar.com\\\/avatar\\\/05c9a17bc973052ee5d91549bd32fb4dd0dc85b7b85ae94b2e2b4943476bbea5?s=96&d=blank&r=g\",\"url\":\"https:\\\/\\\/secure.gravatar.com\\\/avatar\\\/05c9a17bc973052ee5d91549bd32fb4dd0dc85b7b85ae94b2e2b4943476bbea5?s=96&d=blank&r=g\",\"contentUrl\":\"https:\\\/\\\/secure.gravatar.com\\\/avatar\\\/05c9a17bc973052ee5d91549bd32fb4dd0dc85b7b85ae94b2e2b4943476bbea5?s=96&d=blank&r=g\",\"caption\":\"Leinewelle\"},\"sameAs\":[\"http:\\\/\\\/localhost\\\/radio%20leinewelle\\\/wordpress\",\"https:\\\/\\\/www.facebook.com\\\/radioleinewelle\",\"https:\\\/\\\/www.instagram.com\\\/radioleinewelle\",\"https:\\\/\\\/x.com\\\/https:\\\/\\\/twitter.com\\\/RLeinewelle?ref_src=twsrcgoogletwcampserptwgrauthor\",\"https:\\\/\\\/soundcloud.com\\\/foerderverein-lokalradio?utm_source=clipboard&utm_medium=text&utm_campaign=social_sharing\"],\"url\":\"https:\\\/\\\/radioleinewelle.de\\\/index.php\\\/author\\\/leinewelle\\\/\"}]}<\/script>\n<!-- \/ Yoast SEO plugin. -->","yoast_head_json":{"title":"B\u00e4ume sch\u00fctzen, nicht f\u00e4llen - Menschenkette an der St. Jacobi Kirche geplant - Radio Leinewelle","robots":{"index":"index","follow":"follow","max-snippet":"max-snippet:-1","max-image-preview":"max-image-preview:large","max-video-preview":"max-video-preview:-1"},"canonical":"https:\/\/radioleinewelle.de\/index.php\/2025\/07\/04\/baeume-schuetzen-nicht-faellen-menschenkette-an-der-st-jacobi-kirche-geplant\/","og_locale":"de_DE","og_type":"article","og_title":"B\u00e4ume sch\u00fctzen, nicht f\u00e4llen - Menschenkette an der St. Jacobi Kirche geplant - Radio Leinewelle","og_description":"Seit Wochen wird in G\u00f6ttingen kontrovers \u00fcber die geplanten Bauma\u00dfnahmen in der Weender Stra\u00dfe an der Jacobikirche diskutiert. Nach Angaben der Stadt k\u00f6nnen die dort stehenden B\u00e4ume bei einer Sanierung der Versorgungsleitungen und des Platzes nicht mehr erhalten bleiben. Bei der geplanten Neugestaltung der Fu\u00dfg\u00e4ngerzone und des Kirchplatzes m\u00fcsste der Baumbestand gef\u00e4llt werden. Nachdem Umweltgruppen [&hellip;]","og_url":"https:\/\/radioleinewelle.de\/index.php\/2025\/07\/04\/baeume-schuetzen-nicht-faellen-menschenkette-an-der-st-jacobi-kirche-geplant\/","og_site_name":"Radio Leinewelle","article_publisher":"https:\/\/www.facebook.com\/radioleinewelle","article_author":"https:\/\/www.facebook.com\/radioleinewelle","article_published_time":"2025-07-04T09:50:12+00:00","article_modified_time":"2025-07-04T09:50:13+00:00","og_image":[{"width":1512,"height":2016,"url":"https:\/\/radioleinewelle.de\/wp-content\/uploads\/2025\/07\/Weender-Str.jpg","type":"image\/jpeg"}],"author":"Leinewelle","twitter_card":"summary_large_image","twitter_creator":"@https:\/\/twitter.com\/RLeinewelle?ref_src=twsrcgoogletwcampserptwgrauthor","twitter_site":"@RLeinewelle","twitter_misc":{"Verfasst von":"Leinewelle","Gesch\u00e4tzte Lesezeit":"1\u00a0Minute"},"schema":{"@context":"https:\/\/schema.org","@graph":[{"@type":"Article","@id":"https:\/\/radioleinewelle.de\/index.php\/2025\/07\/04\/baeume-schuetzen-nicht-faellen-menschenkette-an-der-st-jacobi-kirche-geplant\/#article","isPartOf":{"@id":"https:\/\/radioleinewelle.de\/index.php\/2025\/07\/04\/baeume-schuetzen-nicht-faellen-menschenkette-an-der-st-jacobi-kirche-geplant\/"},"author":{"name":"Leinewelle","@id":"https:\/\/radioleinewelle.de\/#\/schema\/person\/45606f348637df637192dc1b68399a63"},"headline":"B\u00e4ume sch\u00fctzen, nicht f\u00e4llen &#8211; Menschenkette an der St. Jacobi Kirche geplant","datePublished":"2025-07-04T09:50:12+00:00","dateModified":"2025-07-04T09:50:13+00:00","mainEntityOfPage":{"@id":"https:\/\/radioleinewelle.de\/index.php\/2025\/07\/04\/baeume-schuetzen-nicht-faellen-menschenkette-an-der-st-jacobi-kirche-geplant\/"},"wordCount":117,"commentCount":0,"publisher":{"@id":"https:\/\/radioleinewelle.de\/#organization"},"image":{"@id":"https:\/\/radioleinewelle.de\/index.php\/2025\/07\/04\/baeume-schuetzen-nicht-faellen-menschenkette-an-der-st-jacobi-kirche-geplant\/#primaryimage"},"thumbnailUrl":"https:\/\/radioleinewelle.de\/wp-content\/uploads\/2025\/07\/Weender-Str.jpg","inLanguage":"de","potentialAction":[{"@type":"CommentAction","name":"Comment","target":["https:\/\/radioleinewelle.de\/index.php\/2025\/07\/04\/baeume-schuetzen-nicht-faellen-menschenkette-an-der-st-jacobi-kirche-geplant\/#respond"]}]},{"@type":"WebPage","@id":"https:\/\/radioleinewelle.de\/index.php\/2025\/07\/04\/baeume-schuetzen-nicht-faellen-menschenkette-an-der-st-jacobi-kirche-geplant\/","url":"https:\/\/radioleinewelle.de\/index.php\/2025\/07\/04\/baeume-schuetzen-nicht-faellen-menschenkette-an-der-st-jacobi-kirche-geplant\/","name":"B\u00e4ume sch\u00fctzen, nicht f\u00e4llen - Menschenkette an der St. Jacobi Kirche geplant - Radio Leinewelle","isPartOf":{"@id":"https:\/\/radioleinewelle.de\/#website"},"primaryImageOfPage":{"@id":"https:\/\/radioleinewelle.de\/index.php\/2025\/07\/04\/baeume-schuetzen-nicht-faellen-menschenkette-an-der-st-jacobi-kirche-geplant\/#primaryimage"},"image":{"@id":"https:\/\/radioleinewelle.de\/index.php\/2025\/07\/04\/baeume-schuetzen-nicht-faellen-menschenkette-an-der-st-jacobi-kirche-geplant\/#primaryimage"},"thumbnailUrl":"https:\/\/radioleinewelle.de\/wp-content\/uploads\/2025\/07\/Weender-Str.jpg","datePublished":"2025-07-04T09:50:12+00:00","dateModified":"2025-07-04T09:50:13+00:00","breadcrumb":{"@id":"https:\/\/radioleinewelle.de\/index.php\/2025\/07\/04\/baeume-schuetzen-nicht-faellen-menschenkette-an-der-st-jacobi-kirche-geplant\/#breadcrumb"},"inLanguage":"de","potentialAction":[{"@type":"ReadAction","target":["https:\/\/radioleinewelle.de\/index.php\/2025\/07\/04\/baeume-schuetzen-nicht-faellen-menschenkette-an-der-st-jacobi-kirche-geplant\/"]}]},{"@type":"ImageObject","inLanguage":"de","@id":"https:\/\/radioleinewelle.de\/index.php\/2025\/07\/04\/baeume-schuetzen-nicht-faellen-menschenkette-an-der-st-jacobi-kirche-geplant\/#primaryimage","url":"https:\/\/radioleinewelle.de\/wp-content\/uploads\/2025\/07\/Weender-Str.jpg","contentUrl":"https:\/\/radioleinewelle.de\/wp-content\/uploads\/2025\/07\/Weender-Str.jpg","width":1512,"height":2016},{"@type":"BreadcrumbList","@id":"https:\/\/radioleinewelle.de\/index.php\/2025\/07\/04\/baeume-schuetzen-nicht-faellen-menschenkette-an-der-st-jacobi-kirche-geplant\/#breadcrumb","itemListElement":[{"@type":"ListItem","position":1,"name":"Startseite","item":"https:\/\/radioleinewelle.de\/"},{"@type":"ListItem","position":2,"name":"B\u00e4ume sch\u00fctzen, nicht f\u00e4llen &#8211; Menschenkette an der St. Jacobi Kirche geplant"}]},{"@type":"WebSite","@id":"https:\/\/radioleinewelle.de\/#website","url":"https:\/\/radioleinewelle.de\/","name":"Radio Leinewelle","description":"","publisher":{"@id":"https:\/\/radioleinewelle.de\/#organization"},"potentialAction":[{"@type":"SearchAction","target":{"@type":"EntryPoint","urlTemplate":"https:\/\/radioleinewelle.de\/?s={search_term_string}"},"query-input":{"@type":"PropertyValueSpecification","valueRequired":true,"valueName":"search_term_string"}}],"inLanguage":"de"},{"@type":"Organization","@id":"https:\/\/radioleinewelle.de\/#organization","name":"Radio Leinewelle","alternateName":"Mein Radio f\u00fcr S\u00fcdniedersachsen","url":"https:\/\/radioleinewelle.de\/","logo":{"@type":"ImageObject","inLanguage":"de","@id":"https:\/\/radioleinewelle.de\/#\/schema\/logo\/image\/","url":"https:\/\/radioleinewelle.de\/wp-content\/uploads\/2023\/11\/cropped-Leinewelle_Logo_weiss.png","contentUrl":"https:\/\/radioleinewelle.de\/wp-content\/uploads\/2023\/11\/cropped-Leinewelle_Logo_weiss.png","width":854,"height":260,"caption":"Radio Leinewelle"},"image":{"@id":"https:\/\/radioleinewelle.de\/#\/schema\/logo\/image\/"},"sameAs":["https:\/\/www.facebook.com\/radioleinewelle","https:\/\/x.com\/RLeinewelle","https:\/\/www.instagram.com\/radioleinewelle\/?hl=de"]},{"@type":"Person","@id":"https:\/\/radioleinewelle.de\/#\/schema\/person\/45606f348637df637192dc1b68399a63","name":"Leinewelle","image":{"@type":"ImageObject","inLanguage":"de","@id":"https:\/\/secure.gravatar.com\/avatar\/05c9a17bc973052ee5d91549bd32fb4dd0dc85b7b85ae94b2e2b4943476bbea5?s=96&d=blank&r=g","url":"https:\/\/secure.gravatar.com\/avatar\/05c9a17bc973052ee5d91549bd32fb4dd0dc85b7b85ae94b2e2b4943476bbea5?s=96&d=blank&r=g","contentUrl":"https:\/\/secure.gravatar.com\/avatar\/05c9a17bc973052ee5d91549bd32fb4dd0dc85b7b85ae94b2e2b4943476bbea5?s=96&d=blank&r=g","caption":"Leinewelle"},"sameAs":["http:\/\/localhost\/radio%20leinewelle\/wordpress","https:\/\/www.facebook.com\/radioleinewelle","https:\/\/www.instagram.com\/radioleinewelle","https:\/\/x.com\/https:\/\/twitter.com\/RLeinewelle?ref_src=twsrcgoogletwcampserptwgrauthor","https:\/\/soundcloud.com\/foerderverein-lokalradio?utm_source=clipboard&utm_medium=text&utm_campaign=social_sharing"],"url":"https:\/\/radioleinewelle.de\/index.php\/author\/leinewelle\/"}]}},"_links":{"self":[{"href":"https:\/\/radioleinewelle.de\/index.php\/wp-json\/wp\/v2\/posts\/28641","targetHints":{"allow":["GET"]}}],"collection":[{"href":"https:\/\/radioleinewelle.de\/index.php\/wp-json\/wp\/v2\/posts"}],"about":[{"href":"https:\/\/radioleinewelle.de\/index.php\/wp-json\/wp\/v2\/types\/post"}],"author":[{"embeddable":true,"href":"https:\/\/radioleinewelle.de\/index.php\/wp-json\/wp\/v2\/users\/1"}],"replies":[{"embeddable":true,"href":"https:\/\/radioleinewelle.de\/index.php\/wp-json\/wp\/v2\/comments?post=28641"}],"version-history":[{"count":4,"href":"https:\/\/radioleinewelle.de\/index.php\/wp-json\/wp\/v2\/posts\/28641\/revisions"}],"predecessor-version":[{"id":28647,"href":"https:\/\/radioleinewelle.de\/index.php\/wp-json\/wp\/v2\/posts\/28641\/revisions\/28647"}],"wp:featuredmedia":[{"embeddable":true,"href":"https:\/\/radioleinewelle.de\/index.php\/wp-json\/wp\/v2\/media\/28642"}],"wp:attachment":[{"href":"https:\/\/radioleinewelle.de\/index.php\/wp-json\/wp\/v2\/media?parent=28641"}],"wp:term":[{"taxonomy":"category","embeddable":true,"href":"https:\/\/radioleinewelle.de\/index.php\/wp-json\/wp\/v2\/categories?post=28641"},{"taxonomy":"post_tag","embeddable":true,"href":"https:\/\/radioleinewelle.de\/index.php\/wp-json\/wp\/v2\/tags?post=28641"}],"curies":[{"name":"wp","href":"https:\/\/api.w.org\/{rel}","templated":true}]}}