{"id":28648,"date":"2025-07-04T12:32:41","date_gmt":"2025-07-04T10:32:41","guid":{"rendered":"https:\/\/radioleinewelle.de\/?p=28648"},"modified":"2025-07-04T19:00:05","modified_gmt":"2025-07-04T17:00:05","slug":"ueberraschende-wende-im-fall-der-toten-frau-in-gleichen-tatverdaechtige-festgenommen","status":"publish","type":"post","link":"https:\/\/radioleinewelle.de\/index.php\/2025\/07\/04\/ueberraschende-wende-im-fall-der-toten-frau-in-gleichen-tatverdaechtige-festgenommen\/","title":{"rendered":"\u00dcberraschende Wende im Fall der toten Frau in Gleichen &#8211; Tatverd\u00e4chtige festgenommen."},"content":{"rendered":"\n<p>Der Fall der toten 15-J\u00e4hrigen im Reinh\u00e4user Wald hat eine \u00fcberraschende Wendung genommen. Wie die G\u00f6ttinger Staatsanwaltschaft auf Anfrage mitteilte, ist eine 23-j\u00e4hrige Frau aus der Gemeinde Gieboldehausen wegen dringendem Tatverdacht festgenommen worden. N\u00e4here Einzelheiten wurden aus ermittlungstaktischen Gr\u00fcnden nicht mitgeteilt. <br><\/p>\n","protected":false},"excerpt":{"rendered":"<p>Der Fall der toten 15-J\u00e4hrigen im Reinh\u00e4user Wald hat eine \u00fcberraschende Wendung genommen. Wie die G\u00f6ttinger Staatsanwaltschaft auf Anfrage mitteilte, ist eine 23-j\u00e4hrige Frau aus der Gemeinde Gieboldehausen wegen dringendem Tatverdacht festgenommen worden. N\u00e4here Einzelheiten wurden aus ermittlungstaktischen Gr\u00fcnden nicht mitgeteilt.<\/p>\n","protected":false},"author":1,"featured_media":24274,"comment_status":"open","ping_status":"open","sticky":false,"template":"","format":"standard","meta":{"saved_in_kubio":false,"footnotes":""},"categories":[24],"tags":[],"class_list":["post-28648","post","type-post","status-publish","format-standard","has-post-thumbnail","hentry","category-news"],"yoast_head":"<!-- This site is optimized with the Yoast SEO plugin v27.5 - https:\/\/yoast.com\/product\/yoast-seo-wordpress\/ -->\n<title>\u00dcberraschende Wende im Fall der toten Frau in Gleichen - Tatverd\u00e4chtige festgenommen. - Radio Leinewelle<\/title>\n<meta name=\"robots\" content=\"index, follow, max-snippet:-1, max-image-preview:large, max-video-preview:-1\" \/>\n<link rel=\"canonical\" href=\"https:\/\/radioleinewelle.de\/index.php\/2025\/07\/04\/ueberraschende-wende-im-fall-der-toten-frau-in-gleichen-tatverdaechtige-festgenommen\/\" \/>\n<meta property=\"og:locale\" content=\"de_DE\" \/>\n<meta property=\"og:type\" content=\"article\" \/>\n<meta property=\"og:title\" content=\"\u00dcberraschende Wende im Fall der toten Frau in Gleichen - Tatverd\u00e4chtige festgenommen. - Radio Leinewelle\" \/>\n<meta property=\"og:description\" content=\"Der Fall der toten 15-J\u00e4hrigen im Reinh\u00e4user Wald hat eine \u00fcberraschende Wendung genommen. Wie die G\u00f6ttinger Staatsanwaltschaft auf Anfrage mitteilte, ist eine 23-j\u00e4hrige Frau aus der Gemeinde Gieboldehausen wegen dringendem Tatverdacht festgenommen worden. N\u00e4here Einzelheiten wurden aus ermittlungstaktischen Gr\u00fcnden nicht mitgeteilt.\" \/>\n<meta property=\"og:url\" content=\"https:\/\/radioleinewelle.de\/index.php\/2025\/07\/04\/ueberraschende-wende-im-fall-der-toten-frau-in-gleichen-tatverdaechtige-festgenommen\/\" \/>\n<meta property=\"og:site_name\" content=\"Radio Leinewelle\" \/>\n<meta property=\"article:publisher\" content=\"https:\/\/www.facebook.com\/radioleinewelle\" \/>\n<meta property=\"article:author\" content=\"https:\/\/www.facebook.com\/radioleinewelle\" \/>\n<meta property=\"article:published_time\" content=\"2025-07-04T10:32:41+00:00\" \/>\n<meta property=\"article:modified_time\" content=\"2025-07-04T17:00:05+00:00\" \/>\n<meta property=\"og:image\" content=\"https:\/\/radioleinewelle.de\/wp-content\/uploads\/2023\/11\/Leinewelle-News-scaled-1.jpeg\" \/>\n\t<meta property=\"og:image:width\" content=\"2560\" \/>\n\t<meta property=\"og:image:height\" content=\"2560\" \/>\n\t<meta property=\"og:image:type\" content=\"image\/jpeg\" \/>\n<meta name=\"author\" content=\"Leinewelle\" \/>\n<meta name=\"twitter:card\" content=\"summary_large_image\" \/>\n<meta name=\"twitter:creator\" content=\"@https:\/\/twitter.com\/RLeinewelle?ref_src=twsrcgoogletwcampserptwgrauthor\" \/>\n<meta name=\"twitter:site\" content=\"@RLeinewelle\" \/>\n<meta name=\"twitter:label1\" content=\"Verfasst von\" \/>\n\t<meta name=\"twitter:data1\" content=\"Leinewelle\" \/>\n\t<meta name=\"twitter:label2\" content=\"Gesch\u00e4tzte Lesezeit\" \/>\n\t<meta name=\"twitter:data2\" content=\"1\u00a0Minute\" \/>\n<script type=\"application\/ld+json\" class=\"yoast-schema-graph\">{\"@context\":\"https:\\\/\\\/schema.org\",\"@graph\":[{\"@type\":\"Article\",\"@id\":\"https:\\\/\\\/radioleinewelle.de\\\/index.php\\\/2025\\\/07\\\/04\\\/ueberraschende-wende-im-fall-der-toten-frau-in-gleichen-tatverdaechtige-festgenommen\\\/#article\",\"isPartOf\":{\"@id\":\"https:\\\/\\\/radioleinewelle.de\\\/index.php\\\/2025\\\/07\\\/04\\\/ueberraschende-wende-im-fall-der-toten-frau-in-gleichen-tatverdaechtige-festgenommen\\\/\"},\"author\":{\"name\":\"Leinewelle\",\"@id\":\"https:\\\/\\\/radioleinewelle.de\\\/#\\\/schema\\\/person\\\/45606f348637df637192dc1b68399a63\"},\"headline\":\"\u00dcberraschende Wende im Fall der toten Frau in Gleichen &#8211; Tatverd\u00e4chtige festgenommen.\",\"datePublished\":\"2025-07-04T10:32:41+00:00\",\"dateModified\":\"2025-07-04T17:00:05+00:00\",\"mainEntityOfPage\":{\"@id\":\"https:\\\/\\\/radioleinewelle.de\\\/index.php\\\/2025\\\/07\\\/04\\\/ueberraschende-wende-im-fall-der-toten-frau-in-gleichen-tatverdaechtige-festgenommen\\\/\"},\"wordCount\":60,\"commentCount\":0,\"publisher\":{\"@id\":\"https:\\\/\\\/radioleinewelle.de\\\/#organization\"},\"image\":{\"@id\":\"https:\\\/\\\/radioleinewelle.de\\\/index.php\\\/2025\\\/07\\\/04\\\/ueberraschende-wende-im-fall-der-toten-frau-in-gleichen-tatverdaechtige-festgenommen\\\/#primaryimage\"},\"thumbnailUrl\":\"https:\\\/\\\/radioleinewelle.de\\\/wp-content\\\/uploads\\\/2023\\\/11\\\/Leinewelle-News-scaled-1.jpeg\",\"articleSection\":[\"Aktuelle Nachrichten\"],\"inLanguage\":\"de\",\"potentialAction\":[{\"@type\":\"CommentAction\",\"name\":\"Comment\",\"target\":[\"https:\\\/\\\/radioleinewelle.de\\\/index.php\\\/2025\\\/07\\\/04\\\/ueberraschende-wende-im-fall-der-toten-frau-in-gleichen-tatverdaechtige-festgenommen\\\/#respond\"]}]},{\"@type\":\"WebPage\",\"@id\":\"https:\\\/\\\/radioleinewelle.de\\\/index.php\\\/2025\\\/07\\\/04\\\/ueberraschende-wende-im-fall-der-toten-frau-in-gleichen-tatverdaechtige-festgenommen\\\/\",\"url\":\"https:\\\/\\\/radioleinewelle.de\\\/index.php\\\/2025\\\/07\\\/04\\\/ueberraschende-wende-im-fall-der-toten-frau-in-gleichen-tatverdaechtige-festgenommen\\\/\",\"name\":\"\u00dcberraschende Wende im Fall der toten Frau in Gleichen - Tatverd\u00e4chtige festgenommen. - Radio Leinewelle\",\"isPartOf\":{\"@id\":\"https:\\\/\\\/radioleinewelle.de\\\/#website\"},\"primaryImageOfPage\":{\"@id\":\"https:\\\/\\\/radioleinewelle.de\\\/index.php\\\/2025\\\/07\\\/04\\\/ueberraschende-wende-im-fall-der-toten-frau-in-gleichen-tatverdaechtige-festgenommen\\\/#primaryimage\"},\"image\":{\"@id\":\"https:\\\/\\\/radioleinewelle.de\\\/index.php\\\/2025\\\/07\\\/04\\\/ueberraschende-wende-im-fall-der-toten-frau-in-gleichen-tatverdaechtige-festgenommen\\\/#primaryimage\"},\"thumbnailUrl\":\"https:\\\/\\\/radioleinewelle.de\\\/wp-content\\\/uploads\\\/2023\\\/11\\\/Leinewelle-News-scaled-1.jpeg\",\"datePublished\":\"2025-07-04T10:32:41+00:00\",\"dateModified\":\"2025-07-04T17:00:05+00:00\",\"breadcrumb\":{\"@id\":\"https:\\\/\\\/radioleinewelle.de\\\/index.php\\\/2025\\\/07\\\/04\\\/ueberraschende-wende-im-fall-der-toten-frau-in-gleichen-tatverdaechtige-festgenommen\\\/#breadcrumb\"},\"inLanguage\":\"de\",\"potentialAction\":[{\"@type\":\"ReadAction\",\"target\":[\"https:\\\/\\\/radioleinewelle.de\\\/index.php\\\/2025\\\/07\\\/04\\\/ueberraschende-wende-im-fall-der-toten-frau-in-gleichen-tatverdaechtige-festgenommen\\\/\"]}]},{\"@type\":\"ImageObject\",\"inLanguage\":\"de\",\"@id\":\"https:\\\/\\\/radioleinewelle.de\\\/index.php\\\/2025\\\/07\\\/04\\\/ueberraschende-wende-im-fall-der-toten-frau-in-gleichen-tatverdaechtige-festgenommen\\\/#primaryimage\",\"url\":\"https:\\\/\\\/radioleinewelle.de\\\/wp-content\\\/uploads\\\/2023\\\/11\\\/Leinewelle-News-scaled-1.jpeg\",\"contentUrl\":\"https:\\\/\\\/radioleinewelle.de\\\/wp-content\\\/uploads\\\/2023\\\/11\\\/Leinewelle-News-scaled-1.jpeg\",\"width\":2560,\"height\":2560},{\"@type\":\"BreadcrumbList\",\"@id\":\"https:\\\/\\\/radioleinewelle.de\\\/index.php\\\/2025\\\/07\\\/04\\\/ueberraschende-wende-im-fall-der-toten-frau-in-gleichen-tatverdaechtige-festgenommen\\\/#breadcrumb\",\"itemListElement\":[{\"@type\":\"ListItem\",\"position\":1,\"name\":\"Startseite\",\"item\":\"https:\\\/\\\/radioleinewelle.de\\\/\"},{\"@type\":\"ListItem\",\"position\":2,\"name\":\"\u00dcberraschende Wende im Fall der toten Frau in Gleichen &#8211; Tatverd\u00e4chtige festgenommen.\"}]},{\"@type\":\"WebSite\",\"@id\":\"https:\\\/\\\/radioleinewelle.de\\\/#website\",\"url\":\"https:\\\/\\\/radioleinewelle.de\\\/\",\"name\":\"Radio Leinewelle\",\"description\":\"\",\"publisher\":{\"@id\":\"https:\\\/\\\/radioleinewelle.de\\\/#organization\"},\"potentialAction\":[{\"@type\":\"SearchAction\",\"target\":{\"@type\":\"EntryPoint\",\"urlTemplate\":\"https:\\\/\\\/radioleinewelle.de\\\/?s={search_term_string}\"},\"query-input\":{\"@type\":\"PropertyValueSpecification\",\"valueRequired\":true,\"valueName\":\"search_term_string\"}}],\"inLanguage\":\"de\"},{\"@type\":\"Organization\",\"@id\":\"https:\\\/\\\/radioleinewelle.de\\\/#organization\",\"name\":\"Radio Leinewelle\",\"alternateName\":\"Mein Radio f\u00fcr S\u00fcdniedersachsen\",\"url\":\"https:\\\/\\\/radioleinewelle.de\\\/\",\"logo\":{\"@type\":\"ImageObject\",\"inLanguage\":\"de\",\"@id\":\"https:\\\/\\\/radioleinewelle.de\\\/#\\\/schema\\\/logo\\\/image\\\/\",\"url\":\"https:\\\/\\\/radioleinewelle.de\\\/wp-content\\\/uploads\\\/2023\\\/11\\\/cropped-Leinewelle_Logo_weiss.png\",\"contentUrl\":\"https:\\\/\\\/radioleinewelle.de\\\/wp-content\\\/uploads\\\/2023\\\/11\\\/cropped-Leinewelle_Logo_weiss.png\",\"width\":854,\"height\":260,\"caption\":\"Radio Leinewelle\"},\"image\":{\"@id\":\"https:\\\/\\\/radioleinewelle.de\\\/#\\\/schema\\\/logo\\\/image\\\/\"},\"sameAs\":[\"https:\\\/\\\/www.facebook.com\\\/radioleinewelle\",\"https:\\\/\\\/x.com\\\/RLeinewelle\",\"https:\\\/\\\/www.instagram.com\\\/radioleinewelle\\\/?hl=de\"]},{\"@type\":\"Person\",\"@id\":\"https:\\\/\\\/radioleinewelle.de\\\/#\\\/schema\\\/person\\\/45606f348637df637192dc1b68399a63\",\"name\":\"Leinewelle\",\"image\":{\"@type\":\"ImageObject\",\"inLanguage\":\"de\",\"@id\":\"https:\\\/\\\/secure.gravatar.com\\\/avatar\\\/05c9a17bc973052ee5d91549bd32fb4dd0dc85b7b85ae94b2e2b4943476bbea5?s=96&d=blank&r=g\",\"url\":\"https:\\\/\\\/secure.gravatar.com\\\/avatar\\\/05c9a17bc973052ee5d91549bd32fb4dd0dc85b7b85ae94b2e2b4943476bbea5?s=96&d=blank&r=g\",\"contentUrl\":\"https:\\\/\\\/secure.gravatar.com\\\/avatar\\\/05c9a17bc973052ee5d91549bd32fb4dd0dc85b7b85ae94b2e2b4943476bbea5?s=96&d=blank&r=g\",\"caption\":\"Leinewelle\"},\"sameAs\":[\"http:\\\/\\\/localhost\\\/radio%20leinewelle\\\/wordpress\",\"https:\\\/\\\/www.facebook.com\\\/radioleinewelle\",\"https:\\\/\\\/www.instagram.com\\\/radioleinewelle\",\"https:\\\/\\\/x.com\\\/https:\\\/\\\/twitter.com\\\/RLeinewelle?ref_src=twsrcgoogletwcampserptwgrauthor\",\"https:\\\/\\\/soundcloud.com\\\/foerderverein-lokalradio?utm_source=clipboard&utm_medium=text&utm_campaign=social_sharing\"],\"url\":\"https:\\\/\\\/radioleinewelle.de\\\/index.php\\\/author\\\/leinewelle\\\/\"}]}<\/script>\n<!-- \/ Yoast SEO plugin. -->","yoast_head_json":{"title":"\u00dcberraschende Wende im Fall der toten Frau in Gleichen - Tatverd\u00e4chtige festgenommen. - Radio Leinewelle","robots":{"index":"index","follow":"follow","max-snippet":"max-snippet:-1","max-image-preview":"max-image-preview:large","max-video-preview":"max-video-preview:-1"},"canonical":"https:\/\/radioleinewelle.de\/index.php\/2025\/07\/04\/ueberraschende-wende-im-fall-der-toten-frau-in-gleichen-tatverdaechtige-festgenommen\/","og_locale":"de_DE","og_type":"article","og_title":"\u00dcberraschende Wende im Fall der toten Frau in Gleichen - Tatverd\u00e4chtige festgenommen. - Radio Leinewelle","og_description":"Der Fall der toten 15-J\u00e4hrigen im Reinh\u00e4user Wald hat eine \u00fcberraschende Wendung genommen. Wie die G\u00f6ttinger Staatsanwaltschaft auf Anfrage mitteilte, ist eine 23-j\u00e4hrige Frau aus der Gemeinde Gieboldehausen wegen dringendem Tatverdacht festgenommen worden. N\u00e4here Einzelheiten wurden aus ermittlungstaktischen Gr\u00fcnden nicht mitgeteilt.","og_url":"https:\/\/radioleinewelle.de\/index.php\/2025\/07\/04\/ueberraschende-wende-im-fall-der-toten-frau-in-gleichen-tatverdaechtige-festgenommen\/","og_site_name":"Radio Leinewelle","article_publisher":"https:\/\/www.facebook.com\/radioleinewelle","article_author":"https:\/\/www.facebook.com\/radioleinewelle","article_published_time":"2025-07-04T10:32:41+00:00","article_modified_time":"2025-07-04T17:00:05+00:00","og_image":[{"width":2560,"height":2560,"url":"https:\/\/radioleinewelle.de\/wp-content\/uploads\/2023\/11\/Leinewelle-News-scaled-1.jpeg","type":"image\/jpeg"}],"author":"Leinewelle","twitter_card":"summary_large_image","twitter_creator":"@https:\/\/twitter.com\/RLeinewelle?ref_src=twsrcgoogletwcampserptwgrauthor","twitter_site":"@RLeinewelle","twitter_misc":{"Verfasst von":"Leinewelle","Gesch\u00e4tzte Lesezeit":"1\u00a0Minute"},"schema":{"@context":"https:\/\/schema.org","@graph":[{"@type":"Article","@id":"https:\/\/radioleinewelle.de\/index.php\/2025\/07\/04\/ueberraschende-wende-im-fall-der-toten-frau-in-gleichen-tatverdaechtige-festgenommen\/#article","isPartOf":{"@id":"https:\/\/radioleinewelle.de\/index.php\/2025\/07\/04\/ueberraschende-wende-im-fall-der-toten-frau-in-gleichen-tatverdaechtige-festgenommen\/"},"author":{"name":"Leinewelle","@id":"https:\/\/radioleinewelle.de\/#\/schema\/person\/45606f348637df637192dc1b68399a63"},"headline":"\u00dcberraschende Wende im Fall der toten Frau in Gleichen &#8211; Tatverd\u00e4chtige festgenommen.","datePublished":"2025-07-04T10:32:41+00:00","dateModified":"2025-07-04T17:00:05+00:00","mainEntityOfPage":{"@id":"https:\/\/radioleinewelle.de\/index.php\/2025\/07\/04\/ueberraschende-wende-im-fall-der-toten-frau-in-gleichen-tatverdaechtige-festgenommen\/"},"wordCount":60,"commentCount":0,"publisher":{"@id":"https:\/\/radioleinewelle.de\/#organization"},"image":{"@id":"https:\/\/radioleinewelle.de\/index.php\/2025\/07\/04\/ueberraschende-wende-im-fall-der-toten-frau-in-gleichen-tatverdaechtige-festgenommen\/#primaryimage"},"thumbnailUrl":"https:\/\/radioleinewelle.de\/wp-content\/uploads\/2023\/11\/Leinewelle-News-scaled-1.jpeg","articleSection":["Aktuelle Nachrichten"],"inLanguage":"de","potentialAction":[{"@type":"CommentAction","name":"Comment","target":["https:\/\/radioleinewelle.de\/index.php\/2025\/07\/04\/ueberraschende-wende-im-fall-der-toten-frau-in-gleichen-tatverdaechtige-festgenommen\/#respond"]}]},{"@type":"WebPage","@id":"https:\/\/radioleinewelle.de\/index.php\/2025\/07\/04\/ueberraschende-wende-im-fall-der-toten-frau-in-gleichen-tatverdaechtige-festgenommen\/","url":"https:\/\/radioleinewelle.de\/index.php\/2025\/07\/04\/ueberraschende-wende-im-fall-der-toten-frau-in-gleichen-tatverdaechtige-festgenommen\/","name":"\u00dcberraschende Wende im Fall der toten Frau in Gleichen - Tatverd\u00e4chtige festgenommen. - Radio Leinewelle","isPartOf":{"@id":"https:\/\/radioleinewelle.de\/#website"},"primaryImageOfPage":{"@id":"https:\/\/radioleinewelle.de\/index.php\/2025\/07\/04\/ueberraschende-wende-im-fall-der-toten-frau-in-gleichen-tatverdaechtige-festgenommen\/#primaryimage"},"image":{"@id":"https:\/\/radioleinewelle.de\/index.php\/2025\/07\/04\/ueberraschende-wende-im-fall-der-toten-frau-in-gleichen-tatverdaechtige-festgenommen\/#primaryimage"},"thumbnailUrl":"https:\/\/radioleinewelle.de\/wp-content\/uploads\/2023\/11\/Leinewelle-News-scaled-1.jpeg","datePublished":"2025-07-04T10:32:41+00:00","dateModified":"2025-07-04T17:00:05+00:00","breadcrumb":{"@id":"https:\/\/radioleinewelle.de\/index.php\/2025\/07\/04\/ueberraschende-wende-im-fall-der-toten-frau-in-gleichen-tatverdaechtige-festgenommen\/#breadcrumb"},"inLanguage":"de","potentialAction":[{"@type":"ReadAction","target":["https:\/\/radioleinewelle.de\/index.php\/2025\/07\/04\/ueberraschende-wende-im-fall-der-toten-frau-in-gleichen-tatverdaechtige-festgenommen\/"]}]},{"@type":"ImageObject","inLanguage":"de","@id":"https:\/\/radioleinewelle.de\/index.php\/2025\/07\/04\/ueberraschende-wende-im-fall-der-toten-frau-in-gleichen-tatverdaechtige-festgenommen\/#primaryimage","url":"https:\/\/radioleinewelle.de\/wp-content\/uploads\/2023\/11\/Leinewelle-News-scaled-1.jpeg","contentUrl":"https:\/\/radioleinewelle.de\/wp-content\/uploads\/2023\/11\/Leinewelle-News-scaled-1.jpeg","width":2560,"height":2560},{"@type":"BreadcrumbList","@id":"https:\/\/radioleinewelle.de\/index.php\/2025\/07\/04\/ueberraschende-wende-im-fall-der-toten-frau-in-gleichen-tatverdaechtige-festgenommen\/#breadcrumb","itemListElement":[{"@type":"ListItem","position":1,"name":"Startseite","item":"https:\/\/radioleinewelle.de\/"},{"@type":"ListItem","position":2,"name":"\u00dcberraschende Wende im Fall der toten Frau in Gleichen &#8211; Tatverd\u00e4chtige festgenommen."}]},{"@type":"WebSite","@id":"https:\/\/radioleinewelle.de\/#website","url":"https:\/\/radioleinewelle.de\/","name":"Radio Leinewelle","description":"","publisher":{"@id":"https:\/\/radioleinewelle.de\/#organization"},"potentialAction":[{"@type":"SearchAction","target":{"@type":"EntryPoint","urlTemplate":"https:\/\/radioleinewelle.de\/?s={search_term_string}"},"query-input":{"@type":"PropertyValueSpecification","valueRequired":true,"valueName":"search_term_string"}}],"inLanguage":"de"},{"@type":"Organization","@id":"https:\/\/radioleinewelle.de\/#organization","name":"Radio Leinewelle","alternateName":"Mein Radio f\u00fcr S\u00fcdniedersachsen","url":"https:\/\/radioleinewelle.de\/","logo":{"@type":"ImageObject","inLanguage":"de","@id":"https:\/\/radioleinewelle.de\/#\/schema\/logo\/image\/","url":"https:\/\/radioleinewelle.de\/wp-content\/uploads\/2023\/11\/cropped-Leinewelle_Logo_weiss.png","contentUrl":"https:\/\/radioleinewelle.de\/wp-content\/uploads\/2023\/11\/cropped-Leinewelle_Logo_weiss.png","width":854,"height":260,"caption":"Radio Leinewelle"},"image":{"@id":"https:\/\/radioleinewelle.de\/#\/schema\/logo\/image\/"},"sameAs":["https:\/\/www.facebook.com\/radioleinewelle","https:\/\/x.com\/RLeinewelle","https:\/\/www.instagram.com\/radioleinewelle\/?hl=de"]},{"@type":"Person","@id":"https:\/\/radioleinewelle.de\/#\/schema\/person\/45606f348637df637192dc1b68399a63","name":"Leinewelle","image":{"@type":"ImageObject","inLanguage":"de","@id":"https:\/\/secure.gravatar.com\/avatar\/05c9a17bc973052ee5d91549bd32fb4dd0dc85b7b85ae94b2e2b4943476bbea5?s=96&d=blank&r=g","url":"https:\/\/secure.gravatar.com\/avatar\/05c9a17bc973052ee5d91549bd32fb4dd0dc85b7b85ae94b2e2b4943476bbea5?s=96&d=blank&r=g","contentUrl":"https:\/\/secure.gravatar.com\/avatar\/05c9a17bc973052ee5d91549bd32fb4dd0dc85b7b85ae94b2e2b4943476bbea5?s=96&d=blank&r=g","caption":"Leinewelle"},"sameAs":["http:\/\/localhost\/radio%20leinewelle\/wordpress","https:\/\/www.facebook.com\/radioleinewelle","https:\/\/www.instagram.com\/radioleinewelle","https:\/\/x.com\/https:\/\/twitter.com\/RLeinewelle?ref_src=twsrcgoogletwcampserptwgrauthor","https:\/\/soundcloud.com\/foerderverein-lokalradio?utm_source=clipboard&utm_medium=text&utm_campaign=social_sharing"],"url":"https:\/\/radioleinewelle.de\/index.php\/author\/leinewelle\/"}]}},"_links":{"self":[{"href":"https:\/\/radioleinewelle.de\/index.php\/wp-json\/wp\/v2\/posts\/28648","targetHints":{"allow":["GET"]}}],"collection":[{"href":"https:\/\/radioleinewelle.de\/index.php\/wp-json\/wp\/v2\/posts"}],"about":[{"href":"https:\/\/radioleinewelle.de\/index.php\/wp-json\/wp\/v2\/types\/post"}],"author":[{"embeddable":true,"href":"https:\/\/radioleinewelle.de\/index.php\/wp-json\/wp\/v2\/users\/1"}],"replies":[{"embeddable":true,"href":"https:\/\/radioleinewelle.de\/index.php\/wp-json\/wp\/v2\/comments?post=28648"}],"version-history":[{"count":2,"href":"https:\/\/radioleinewelle.de\/index.php\/wp-json\/wp\/v2\/posts\/28648\/revisions"}],"predecessor-version":[{"id":28656,"href":"https:\/\/radioleinewelle.de\/index.php\/wp-json\/wp\/v2\/posts\/28648\/revisions\/28656"}],"wp:featuredmedia":[{"embeddable":true,"href":"https:\/\/radioleinewelle.de\/index.php\/wp-json\/wp\/v2\/media\/24274"}],"wp:attachment":[{"href":"https:\/\/radioleinewelle.de\/index.php\/wp-json\/wp\/v2\/media?parent=28648"}],"wp:term":[{"taxonomy":"category","embeddable":true,"href":"https:\/\/radioleinewelle.de\/index.php\/wp-json\/wp\/v2\/categories?post=28648"},{"taxonomy":"post_tag","embeddable":true,"href":"https:\/\/radioleinewelle.de\/index.php\/wp-json\/wp\/v2\/tags?post=28648"}],"curies":[{"name":"wp","href":"https:\/\/api.w.org\/{rel}","templated":true}]}}