{"id":2865,"date":"2020-11-10T05:06:51","date_gmt":"2020-11-10T04:06:51","guid":{"rendered":"https:\/\/radioleinewelle.de\/?p=2865"},"modified":"2020-11-10T05:06:51","modified_gmt":"2020-11-10T04:06:51","slug":"nationalparkregion-harz-mit-dem-fahrtziel-natur-award-2020-ausgezeichnet","status":"publish","type":"post","link":"https:\/\/radioleinewelle.de\/index.php\/2020\/11\/10\/nationalparkregion-harz-mit-dem-fahrtziel-natur-award-2020-ausgezeichnet\/","title":{"rendered":"Nationalparkregion Harz mit dem Fahrtziel Natur-Award 2020 ausgezeichnet"},"content":{"rendered":"<div class=\"contentArticle__intro\">\n<div class=\"title\">\n<p>Die Nationalparkregion Harz bekam 30. Oktober den Preis f\u00fcr die Neuetablierung des Harzer Urlaubstickets HATIX im Westharz. Die Jury begr\u00fcndet die Verleihung folgenderma\u00dfen: \u201e30 Jahre nach der Wiedervereinigung Deutschlands ist es im Harz gelungen, die kostenlose Nutzung des regionalen Busverkehrs f\u00fcr Urlauber grenz\u00fcberschreitend im Ost- und Westharz anzubieten. Die Erweiterung des im Landkreis Harz seit Januar 2010 bestehenden Harzer Urlaubstickets (HATIX) auf weite Teile des Westharzes ist ein bedeutender Meilenstein. Vor allem f\u00fcr die Zusammenarbeit \u00fcber die Grenzen der Bundesl\u00e4nder hinweg bedeutet dies einen wichtigen Fortschritt, denn jetzt sind 25 Gemeinden im HATIX mit ihren Kurbeitr\u00e4gen und G\u00e4stekarten dabei. Die Jury \u00fcberzeugte nicht nur die Erweiterung des Geltungsbereiches von HATIX, sondern auch der ganzheitliche Ansatz beim Vorgehen. So wurde die Erweiterung nach Niedersachsen von einer Analyse des Angebotes der \u00f6ffentlichen Verkehrsmittel (\u00d6V) im S\u00fcdharz begleitet. In der Folge wurden auch im Westharz die Angebote insbesondere in Hinblick auf die touristischen Belange sp\u00fcrbar optimiert, w\u00e4hrend im Ostharz schon seit vielen Jahren ein sehr gutes Busangebot besteht. Damit wird das gesamte Umfeld des Fahrtziel Natur-Gebiets f\u00fcr den Urlauber mit dem Bus kostenlos \u201eerfahrbar\u201c. Auch die Kommunikation von und f\u00fcr HATIX wurde noch einmal verbessert. Ein jedem Fahrgast zur Verf\u00fcgung stehendes Info-Faltblatt zeigt leicht erkennbar den Geltungsbereich von HATIX und gleichzeitig das regionale Busliniennetz. Die Internet-Seiten von harz-nah-dran.de und die Harz-App mit guten \u00d6V-Infos zu Wanderungen im Harz runden die Informationsm\u00f6glichkeiten im Internet ab. Mit dieser besseren Vermarktung bestehen gute Chancen, dass das Interesse der G\u00e4ste an der nachhaltigen Mobilit\u00e4t w\u00e4chst.<\/p>\n<\/div>\n<\/div>\n<div class=\"h-el-lg-10 h-off-lg-1 h-el-ty-12 h-off-ty-0\">\n<div class=\"contentArticle__content showedLess\">\n<p>Seit 2009 wird mit dem Fahrtziel Natur-Award das Engagement zur Vernetzung von nachhaltigem Tourismus und umweltfreundlicher Mobilit\u00e4t in Fahrtziel Natur-Gebieten gew\u00fcrdigt. Ausgezeichnet werden bereits umgesetzte Projekte mit Vorbildcharakter. Der Gewinner erh\u00e4lt ein aus Medialeistungen von BUND, NABU, VCD und Deutscher Bahn bestehendes Kommunikationspaket im Wert von 25.000 Euro.<\/p>\n<p>Fahrtziel Natur f\u00f6rdert seit 2001 umweltfreundliche Mobilit\u00e4t und nachhaltigen Tourismus im Umfeld von nationalen Naturlandschaften und sichert damit das Naturerbe und die Biodiversit\u00e4t. Ziel ist es, den Freizeitverkehr auf umweltvertr\u00e4gliche Verkehrsmittel zu verlagern. Weitere Informationen im Internet unter<a href=\"https:\/\/www.fahrtziel-natur.de\/natur\/view\/aktuell\/award2020.shtml\" target=\"_blank\" rel=\"noopener\"> www.fahrtziel-natur.de\/award2020<\/a>.<\/p>\n<p>F\u00fcr alle, die die Verleihung nicht live verfolgen konnten oder sich einzelne Vortr\u00e4ge noch einmal ansehen m\u00f6chten, sind\u00a0die Vorstellung der drei ausgezeichneten Gebiete sowie die beiden Vortr\u00e4ge hier hinterlegt:\u00a0<a href=\"https:\/\/www.youtube.com\/playlist?list=PLc-D0OzgOwNeiwJJWdIbmj-9QfKKMWENL\" target=\"_blank\" rel=\"noopener\">https:\/\/www.youtube.com\/playlist?list=PLc-D0OzgOwNeiwJJWdIbmj-9QfKKMWENL<\/a><\/p>\n<p>Bild von <a href=\"https:\/\/pixabay.com\/de\/users\/hpgruesen-2204343\/?utm_source=link-attribution&amp;utm_medium=referral&amp;utm_campaign=image&amp;utm_content=1731118\">Erich Westendarp<\/a> auf <a href=\"https:\/\/pixabay.com\/de\/?utm_source=link-attribution&amp;utm_medium=referral&amp;utm_campaign=image&amp;utm_content=1731118\">Pixabay<\/a><\/p>\n<\/div>\n<\/div>\n","protected":false},"excerpt":{"rendered":"<p>Die Nationalparkregion Harz bekam 30. Oktober den Preis f\u00fcr die Neuetablierung des Harzer Urlaubstickets HATIX im Westharz. Die Jury begr\u00fcndet die Verleihung folgenderma\u00dfen: \u201e30 Jahre nach der Wiedervereinigung Deutschlands ist es im Harz gelungen, die kostenlose Nutzung des regionalen Busverkehrs f\u00fcr Urlauber grenz\u00fcberschreitend im Ost- und Westharz anzubieten. Die Erweiterung des im Landkreis Harz seit [&hellip;]<\/p>\n","protected":false},"author":1,"featured_media":0,"comment_status":"closed","ping_status":"closed","sticky":false,"template":"","format":"standard","meta":{"saved_in_kubio":false,"footnotes":""},"categories":[42],"tags":[],"class_list":["post-2865","post","type-post","status-publish","format-standard","hentry","category-regionaler-tourismus"],"yoast_head":"<!-- This site is optimized with the Yoast SEO plugin v27.5 - https:\/\/yoast.com\/product\/yoast-seo-wordpress\/ -->\n<title>Nationalparkregion Harz mit dem Fahrtziel Natur-Award 2020 ausgezeichnet - Radio Leinewelle<\/title>\n<meta name=\"robots\" content=\"index, follow, max-snippet:-1, max-image-preview:large, max-video-preview:-1\" \/>\n<link rel=\"canonical\" href=\"https:\/\/radioleinewelle.de\/index.php\/2020\/11\/10\/nationalparkregion-harz-mit-dem-fahrtziel-natur-award-2020-ausgezeichnet\/\" \/>\n<meta property=\"og:locale\" content=\"de_DE\" \/>\n<meta property=\"og:type\" content=\"article\" \/>\n<meta property=\"og:title\" content=\"Nationalparkregion Harz mit dem Fahrtziel Natur-Award 2020 ausgezeichnet - Radio Leinewelle\" \/>\n<meta property=\"og:description\" content=\"Die Nationalparkregion Harz bekam 30. Oktober den Preis f\u00fcr die Neuetablierung des Harzer Urlaubstickets HATIX im Westharz. Die Jury begr\u00fcndet die Verleihung folgenderma\u00dfen: \u201e30 Jahre nach der Wiedervereinigung Deutschlands ist es im Harz gelungen, die kostenlose Nutzung des regionalen Busverkehrs f\u00fcr Urlauber grenz\u00fcberschreitend im Ost- und Westharz anzubieten. Die Erweiterung des im Landkreis Harz seit [&hellip;]\" \/>\n<meta property=\"og:url\" content=\"https:\/\/radioleinewelle.de\/index.php\/2020\/11\/10\/nationalparkregion-harz-mit-dem-fahrtziel-natur-award-2020-ausgezeichnet\/\" \/>\n<meta property=\"og:site_name\" content=\"Radio Leinewelle\" \/>\n<meta property=\"article:publisher\" content=\"https:\/\/www.facebook.com\/radioleinewelle\" \/>\n<meta property=\"article:author\" content=\"https:\/\/www.facebook.com\/radioleinewelle\" \/>\n<meta property=\"article:published_time\" content=\"2020-11-10T04:06:51+00:00\" \/>\n<meta name=\"author\" content=\"Leinewelle\" \/>\n<meta name=\"twitter:card\" content=\"summary_large_image\" \/>\n<meta name=\"twitter:creator\" content=\"@https:\/\/twitter.com\/RLeinewelle?ref_src=twsrcgoogletwcampserptwgrauthor\" \/>\n<meta name=\"twitter:site\" content=\"@RLeinewelle\" \/>\n<meta name=\"twitter:label1\" content=\"Verfasst von\" \/>\n\t<meta name=\"twitter:data1\" content=\"Leinewelle\" \/>\n\t<meta name=\"twitter:label2\" content=\"Gesch\u00e4tzte Lesezeit\" \/>\n\t<meta name=\"twitter:data2\" content=\"2\u00a0Minuten\" \/>\n<script type=\"application\/ld+json\" class=\"yoast-schema-graph\">{\"@context\":\"https:\\\/\\\/schema.org\",\"@graph\":[{\"@type\":\"Article\",\"@id\":\"https:\\\/\\\/radioleinewelle.de\\\/index.php\\\/2020\\\/11\\\/10\\\/nationalparkregion-harz-mit-dem-fahrtziel-natur-award-2020-ausgezeichnet\\\/#article\",\"isPartOf\":{\"@id\":\"https:\\\/\\\/radioleinewelle.de\\\/index.php\\\/2020\\\/11\\\/10\\\/nationalparkregion-harz-mit-dem-fahrtziel-natur-award-2020-ausgezeichnet\\\/\"},\"author\":{\"name\":\"Leinewelle\",\"@id\":\"https:\\\/\\\/radioleinewelle.de\\\/#\\\/schema\\\/person\\\/45606f348637df637192dc1b68399a63\"},\"headline\":\"Nationalparkregion Harz mit dem Fahrtziel Natur-Award 2020 ausgezeichnet\",\"datePublished\":\"2020-11-10T04:06:51+00:00\",\"mainEntityOfPage\":{\"@id\":\"https:\\\/\\\/radioleinewelle.de\\\/index.php\\\/2020\\\/11\\\/10\\\/nationalparkregion-harz-mit-dem-fahrtziel-natur-award-2020-ausgezeichnet\\\/\"},\"wordCount\":414,\"publisher\":{\"@id\":\"https:\\\/\\\/radioleinewelle.de\\\/#organization\"},\"articleSection\":[\"Regionaler Tourismus\"],\"inLanguage\":\"de\"},{\"@type\":\"WebPage\",\"@id\":\"https:\\\/\\\/radioleinewelle.de\\\/index.php\\\/2020\\\/11\\\/10\\\/nationalparkregion-harz-mit-dem-fahrtziel-natur-award-2020-ausgezeichnet\\\/\",\"url\":\"https:\\\/\\\/radioleinewelle.de\\\/index.php\\\/2020\\\/11\\\/10\\\/nationalparkregion-harz-mit-dem-fahrtziel-natur-award-2020-ausgezeichnet\\\/\",\"name\":\"Nationalparkregion Harz mit dem Fahrtziel Natur-Award 2020 ausgezeichnet - Radio Leinewelle\",\"isPartOf\":{\"@id\":\"https:\\\/\\\/radioleinewelle.de\\\/#website\"},\"datePublished\":\"2020-11-10T04:06:51+00:00\",\"breadcrumb\":{\"@id\":\"https:\\\/\\\/radioleinewelle.de\\\/index.php\\\/2020\\\/11\\\/10\\\/nationalparkregion-harz-mit-dem-fahrtziel-natur-award-2020-ausgezeichnet\\\/#breadcrumb\"},\"inLanguage\":\"de\",\"potentialAction\":[{\"@type\":\"ReadAction\",\"target\":[\"https:\\\/\\\/radioleinewelle.de\\\/index.php\\\/2020\\\/11\\\/10\\\/nationalparkregion-harz-mit-dem-fahrtziel-natur-award-2020-ausgezeichnet\\\/\"]}]},{\"@type\":\"BreadcrumbList\",\"@id\":\"https:\\\/\\\/radioleinewelle.de\\\/index.php\\\/2020\\\/11\\\/10\\\/nationalparkregion-harz-mit-dem-fahrtziel-natur-award-2020-ausgezeichnet\\\/#breadcrumb\",\"itemListElement\":[{\"@type\":\"ListItem\",\"position\":1,\"name\":\"Startseite\",\"item\":\"https:\\\/\\\/radioleinewelle.de\\\/\"},{\"@type\":\"ListItem\",\"position\":2,\"name\":\"Nationalparkregion Harz mit dem Fahrtziel Natur-Award 2020 ausgezeichnet\"}]},{\"@type\":\"WebSite\",\"@id\":\"https:\\\/\\\/radioleinewelle.de\\\/#website\",\"url\":\"https:\\\/\\\/radioleinewelle.de\\\/\",\"name\":\"Radio Leinewelle\",\"description\":\"\",\"publisher\":{\"@id\":\"https:\\\/\\\/radioleinewelle.de\\\/#organization\"},\"potentialAction\":[{\"@type\":\"SearchAction\",\"target\":{\"@type\":\"EntryPoint\",\"urlTemplate\":\"https:\\\/\\\/radioleinewelle.de\\\/?s={search_term_string}\"},\"query-input\":{\"@type\":\"PropertyValueSpecification\",\"valueRequired\":true,\"valueName\":\"search_term_string\"}}],\"inLanguage\":\"de\"},{\"@type\":\"Organization\",\"@id\":\"https:\\\/\\\/radioleinewelle.de\\\/#organization\",\"name\":\"Radio Leinewelle\",\"alternateName\":\"Mein Radio f\u00fcr S\u00fcdniedersachsen\",\"url\":\"https:\\\/\\\/radioleinewelle.de\\\/\",\"logo\":{\"@type\":\"ImageObject\",\"inLanguage\":\"de\",\"@id\":\"https:\\\/\\\/radioleinewelle.de\\\/#\\\/schema\\\/logo\\\/image\\\/\",\"url\":\"https:\\\/\\\/radioleinewelle.de\\\/wp-content\\\/uploads\\\/2023\\\/11\\\/cropped-Leinewelle_Logo_weiss.png\",\"contentUrl\":\"https:\\\/\\\/radioleinewelle.de\\\/wp-content\\\/uploads\\\/2023\\\/11\\\/cropped-Leinewelle_Logo_weiss.png\",\"width\":854,\"height\":260,\"caption\":\"Radio Leinewelle\"},\"image\":{\"@id\":\"https:\\\/\\\/radioleinewelle.de\\\/#\\\/schema\\\/logo\\\/image\\\/\"},\"sameAs\":[\"https:\\\/\\\/www.facebook.com\\\/radioleinewelle\",\"https:\\\/\\\/x.com\\\/RLeinewelle\",\"https:\\\/\\\/www.instagram.com\\\/radioleinewelle\\\/?hl=de\"]},{\"@type\":\"Person\",\"@id\":\"https:\\\/\\\/radioleinewelle.de\\\/#\\\/schema\\\/person\\\/45606f348637df637192dc1b68399a63\",\"name\":\"Leinewelle\",\"image\":{\"@type\":\"ImageObject\",\"inLanguage\":\"de\",\"@id\":\"https:\\\/\\\/secure.gravatar.com\\\/avatar\\\/05c9a17bc973052ee5d91549bd32fb4dd0dc85b7b85ae94b2e2b4943476bbea5?s=96&d=blank&r=g\",\"url\":\"https:\\\/\\\/secure.gravatar.com\\\/avatar\\\/05c9a17bc973052ee5d91549bd32fb4dd0dc85b7b85ae94b2e2b4943476bbea5?s=96&d=blank&r=g\",\"contentUrl\":\"https:\\\/\\\/secure.gravatar.com\\\/avatar\\\/05c9a17bc973052ee5d91549bd32fb4dd0dc85b7b85ae94b2e2b4943476bbea5?s=96&d=blank&r=g\",\"caption\":\"Leinewelle\"},\"sameAs\":[\"http:\\\/\\\/localhost\\\/radio%20leinewelle\\\/wordpress\",\"https:\\\/\\\/www.facebook.com\\\/radioleinewelle\",\"https:\\\/\\\/www.instagram.com\\\/radioleinewelle\",\"https:\\\/\\\/x.com\\\/https:\\\/\\\/twitter.com\\\/RLeinewelle?ref_src=twsrcgoogletwcampserptwgrauthor\",\"https:\\\/\\\/soundcloud.com\\\/foerderverein-lokalradio?utm_source=clipboard&utm_medium=text&utm_campaign=social_sharing\"],\"url\":\"https:\\\/\\\/radioleinewelle.de\\\/index.php\\\/author\\\/leinewelle\\\/\"}]}<\/script>\n<!-- \/ Yoast SEO plugin. -->","yoast_head_json":{"title":"Nationalparkregion Harz mit dem Fahrtziel Natur-Award 2020 ausgezeichnet - Radio Leinewelle","robots":{"index":"index","follow":"follow","max-snippet":"max-snippet:-1","max-image-preview":"max-image-preview:large","max-video-preview":"max-video-preview:-1"},"canonical":"https:\/\/radioleinewelle.de\/index.php\/2020\/11\/10\/nationalparkregion-harz-mit-dem-fahrtziel-natur-award-2020-ausgezeichnet\/","og_locale":"de_DE","og_type":"article","og_title":"Nationalparkregion Harz mit dem Fahrtziel Natur-Award 2020 ausgezeichnet - Radio Leinewelle","og_description":"Die Nationalparkregion Harz bekam 30. Oktober den Preis f\u00fcr die Neuetablierung des Harzer Urlaubstickets HATIX im Westharz. Die Jury begr\u00fcndet die Verleihung folgenderma\u00dfen: \u201e30 Jahre nach der Wiedervereinigung Deutschlands ist es im Harz gelungen, die kostenlose Nutzung des regionalen Busverkehrs f\u00fcr Urlauber grenz\u00fcberschreitend im Ost- und Westharz anzubieten. Die Erweiterung des im Landkreis Harz seit [&hellip;]","og_url":"https:\/\/radioleinewelle.de\/index.php\/2020\/11\/10\/nationalparkregion-harz-mit-dem-fahrtziel-natur-award-2020-ausgezeichnet\/","og_site_name":"Radio Leinewelle","article_publisher":"https:\/\/www.facebook.com\/radioleinewelle","article_author":"https:\/\/www.facebook.com\/radioleinewelle","article_published_time":"2020-11-10T04:06:51+00:00","author":"Leinewelle","twitter_card":"summary_large_image","twitter_creator":"@https:\/\/twitter.com\/RLeinewelle?ref_src=twsrcgoogletwcampserptwgrauthor","twitter_site":"@RLeinewelle","twitter_misc":{"Verfasst von":"Leinewelle","Gesch\u00e4tzte Lesezeit":"2\u00a0Minuten"},"schema":{"@context":"https:\/\/schema.org","@graph":[{"@type":"Article","@id":"https:\/\/radioleinewelle.de\/index.php\/2020\/11\/10\/nationalparkregion-harz-mit-dem-fahrtziel-natur-award-2020-ausgezeichnet\/#article","isPartOf":{"@id":"https:\/\/radioleinewelle.de\/index.php\/2020\/11\/10\/nationalparkregion-harz-mit-dem-fahrtziel-natur-award-2020-ausgezeichnet\/"},"author":{"name":"Leinewelle","@id":"https:\/\/radioleinewelle.de\/#\/schema\/person\/45606f348637df637192dc1b68399a63"},"headline":"Nationalparkregion Harz mit dem Fahrtziel Natur-Award 2020 ausgezeichnet","datePublished":"2020-11-10T04:06:51+00:00","mainEntityOfPage":{"@id":"https:\/\/radioleinewelle.de\/index.php\/2020\/11\/10\/nationalparkregion-harz-mit-dem-fahrtziel-natur-award-2020-ausgezeichnet\/"},"wordCount":414,"publisher":{"@id":"https:\/\/radioleinewelle.de\/#organization"},"articleSection":["Regionaler Tourismus"],"inLanguage":"de"},{"@type":"WebPage","@id":"https:\/\/radioleinewelle.de\/index.php\/2020\/11\/10\/nationalparkregion-harz-mit-dem-fahrtziel-natur-award-2020-ausgezeichnet\/","url":"https:\/\/radioleinewelle.de\/index.php\/2020\/11\/10\/nationalparkregion-harz-mit-dem-fahrtziel-natur-award-2020-ausgezeichnet\/","name":"Nationalparkregion Harz mit dem Fahrtziel Natur-Award 2020 ausgezeichnet - Radio Leinewelle","isPartOf":{"@id":"https:\/\/radioleinewelle.de\/#website"},"datePublished":"2020-11-10T04:06:51+00:00","breadcrumb":{"@id":"https:\/\/radioleinewelle.de\/index.php\/2020\/11\/10\/nationalparkregion-harz-mit-dem-fahrtziel-natur-award-2020-ausgezeichnet\/#breadcrumb"},"inLanguage":"de","potentialAction":[{"@type":"ReadAction","target":["https:\/\/radioleinewelle.de\/index.php\/2020\/11\/10\/nationalparkregion-harz-mit-dem-fahrtziel-natur-award-2020-ausgezeichnet\/"]}]},{"@type":"BreadcrumbList","@id":"https:\/\/radioleinewelle.de\/index.php\/2020\/11\/10\/nationalparkregion-harz-mit-dem-fahrtziel-natur-award-2020-ausgezeichnet\/#breadcrumb","itemListElement":[{"@type":"ListItem","position":1,"name":"Startseite","item":"https:\/\/radioleinewelle.de\/"},{"@type":"ListItem","position":2,"name":"Nationalparkregion Harz mit dem Fahrtziel Natur-Award 2020 ausgezeichnet"}]},{"@type":"WebSite","@id":"https:\/\/radioleinewelle.de\/#website","url":"https:\/\/radioleinewelle.de\/","name":"Radio Leinewelle","description":"","publisher":{"@id":"https:\/\/radioleinewelle.de\/#organization"},"potentialAction":[{"@type":"SearchAction","target":{"@type":"EntryPoint","urlTemplate":"https:\/\/radioleinewelle.de\/?s={search_term_string}"},"query-input":{"@type":"PropertyValueSpecification","valueRequired":true,"valueName":"search_term_string"}}],"inLanguage":"de"},{"@type":"Organization","@id":"https:\/\/radioleinewelle.de\/#organization","name":"Radio Leinewelle","alternateName":"Mein Radio f\u00fcr S\u00fcdniedersachsen","url":"https:\/\/radioleinewelle.de\/","logo":{"@type":"ImageObject","inLanguage":"de","@id":"https:\/\/radioleinewelle.de\/#\/schema\/logo\/image\/","url":"https:\/\/radioleinewelle.de\/wp-content\/uploads\/2023\/11\/cropped-Leinewelle_Logo_weiss.png","contentUrl":"https:\/\/radioleinewelle.de\/wp-content\/uploads\/2023\/11\/cropped-Leinewelle_Logo_weiss.png","width":854,"height":260,"caption":"Radio Leinewelle"},"image":{"@id":"https:\/\/radioleinewelle.de\/#\/schema\/logo\/image\/"},"sameAs":["https:\/\/www.facebook.com\/radioleinewelle","https:\/\/x.com\/RLeinewelle","https:\/\/www.instagram.com\/radioleinewelle\/?hl=de"]},{"@type":"Person","@id":"https:\/\/radioleinewelle.de\/#\/schema\/person\/45606f348637df637192dc1b68399a63","name":"Leinewelle","image":{"@type":"ImageObject","inLanguage":"de","@id":"https:\/\/secure.gravatar.com\/avatar\/05c9a17bc973052ee5d91549bd32fb4dd0dc85b7b85ae94b2e2b4943476bbea5?s=96&d=blank&r=g","url":"https:\/\/secure.gravatar.com\/avatar\/05c9a17bc973052ee5d91549bd32fb4dd0dc85b7b85ae94b2e2b4943476bbea5?s=96&d=blank&r=g","contentUrl":"https:\/\/secure.gravatar.com\/avatar\/05c9a17bc973052ee5d91549bd32fb4dd0dc85b7b85ae94b2e2b4943476bbea5?s=96&d=blank&r=g","caption":"Leinewelle"},"sameAs":["http:\/\/localhost\/radio%20leinewelle\/wordpress","https:\/\/www.facebook.com\/radioleinewelle","https:\/\/www.instagram.com\/radioleinewelle","https:\/\/x.com\/https:\/\/twitter.com\/RLeinewelle?ref_src=twsrcgoogletwcampserptwgrauthor","https:\/\/soundcloud.com\/foerderverein-lokalradio?utm_source=clipboard&utm_medium=text&utm_campaign=social_sharing"],"url":"https:\/\/radioleinewelle.de\/index.php\/author\/leinewelle\/"}]}},"_links":{"self":[{"href":"https:\/\/radioleinewelle.de\/index.php\/wp-json\/wp\/v2\/posts\/2865","targetHints":{"allow":["GET"]}}],"collection":[{"href":"https:\/\/radioleinewelle.de\/index.php\/wp-json\/wp\/v2\/posts"}],"about":[{"href":"https:\/\/radioleinewelle.de\/index.php\/wp-json\/wp\/v2\/types\/post"}],"author":[{"embeddable":true,"href":"https:\/\/radioleinewelle.de\/index.php\/wp-json\/wp\/v2\/users\/1"}],"replies":[{"embeddable":true,"href":"https:\/\/radioleinewelle.de\/index.php\/wp-json\/wp\/v2\/comments?post=2865"}],"version-history":[{"count":0,"href":"https:\/\/radioleinewelle.de\/index.php\/wp-json\/wp\/v2\/posts\/2865\/revisions"}],"wp:attachment":[{"href":"https:\/\/radioleinewelle.de\/index.php\/wp-json\/wp\/v2\/media?parent=2865"}],"wp:term":[{"taxonomy":"category","embeddable":true,"href":"https:\/\/radioleinewelle.de\/index.php\/wp-json\/wp\/v2\/categories?post=2865"},{"taxonomy":"post_tag","embeddable":true,"href":"https:\/\/radioleinewelle.de\/index.php\/wp-json\/wp\/v2\/tags?post=2865"}],"curies":[{"name":"wp","href":"https:\/\/api.w.org\/{rel}","templated":true}]}}