{"id":28659,"date":"2025-07-06T13:20:59","date_gmt":"2025-07-06T11:20:59","guid":{"rendered":"https:\/\/radioleinewelle.de\/?p=28659"},"modified":"2025-07-06T17:19:03","modified_gmt":"2025-07-06T15:19:03","slug":"menchenkette-fuer-den-baumerhalt-in-der-weender-strasse","status":"publish","type":"post","link":"https:\/\/radioleinewelle.de\/index.php\/2025\/07\/06\/menchenkette-fuer-den-baumerhalt-in-der-weender-strasse\/","title":{"rendered":"Menschenkette f\u00fcr den Baumerhalt in der Weender Stra\u00dfe"},"content":{"rendered":"\n<p>&#8222;Wir sind hier, wir sind laut, weil ihr uns die B\u00e4ume klaut.&#8220; Samstag Mittag demonstrierten ca. 100 B\u00fcrger*innen in der Weender Sta\u00dfe gegen die geplante F\u00e4llung von elf B\u00e4umen in der Fu\u00dfg\u00e4ngerzone. Nach einer kurzen Kundgebung, bildeten die Teilnehmer*innen eine Menschenkette entlang der bedrohten B\u00e4ume und machten mit Transparenten und Spr\u00fcchen Passanten auf ihr Anliegen aufmerksam. Laut Wiebke Fischer vom BUND sei bei der Planung der Bauma\u00dfnahmen kein baumsachverst\u00e4ndiges Gutachten eingeholt worden. Es wurde nicht gepr\u00fcft, wie weitl\u00e4ufig die Verwurzelung ist. Die Stadt wolle dies zwar nachholen, bei den Umweltschutzverb\u00e4nden sei aber der Eindruck entstanden, dass<\/p>\n\n\n\n\n\n<p class=\"has-text-align-center\"><em><strong><mark style=\"background-color:rgba(0, 0, 0, 0)\" class=\"has-inline-color has-kubio-color-2-color\">B\u00e4ume werden nicht \u00fcber Nacht gro\u00df<\/mark><\/strong><\/em><br>Wiebke Fischer vom BUND<\/p>\n\n\n\n\n\n<p>Baumerhalt in G\u00f6ttingen zu wenig  priorisiert wird. Dazu  hei\u00dft es weiter im Redebeitrag von Wiebke Fischer vom BUND-Kreisgruppenvorstand:<\/p>\n\n\n\n<figure class=\"wp-block-audio\"><audio controls src=\"https:\/\/radioleinewelle.de\/wp-content\/uploads\/2025\/07\/Wiebek-Fischer-BUND.mp3\"><\/audio><\/figure>\n\n\n\n<p><\/p>\n\n\n\n\n\n<p>Bleibt zu hoffen, dass die Stadt G\u00f6ttingen noch einen. Weg findet, diese Baumgruppe f\u00fcr die Bev\u00f6lkerung zu erhalten.<\/p>\n\n\n\n<p class=\"has-small-font-size\"><strong>Fotos:<\/strong> \u00a9Radio Leinewelle (je)<\/p>\n","protected":false},"excerpt":{"rendered":"<p>&#8222;Wir sind hier, wir sind laut, weil ihr uns die B\u00e4ume klaut.&#8220; Samstag Mittag demonstrierten ca. 100 B\u00fcrger*innen in der Weender Sta\u00dfe gegen die geplante F\u00e4llung von elf B\u00e4umen in der Fu\u00dfg\u00e4ngerzone. Nach einer kurzen Kundgebung, bildeten die Teilnehmer*innen eine Menschenkette entlang der bedrohten B\u00e4ume und machten mit Transparenten und Spr\u00fcchen Passanten auf ihr Anliegen [&hellip;]<\/p>\n","protected":false},"author":1,"featured_media":28665,"comment_status":"open","ping_status":"open","sticky":false,"template":"","format":"standard","meta":{"saved_in_kubio":false,"footnotes":""},"categories":[1],"tags":[],"class_list":["post-28659","post","type-post","status-publish","format-standard","has-post-thumbnail","hentry","category-allgemein"],"yoast_head":"<!-- This site is optimized with the Yoast SEO plugin v27.5 - https:\/\/yoast.com\/product\/yoast-seo-wordpress\/ -->\n<title>Menschenkette f\u00fcr den Baumerhalt in der Weender Stra\u00dfe - Radio Leinewelle<\/title>\n<meta name=\"robots\" content=\"index, follow, max-snippet:-1, max-image-preview:large, max-video-preview:-1\" \/>\n<link rel=\"canonical\" href=\"https:\/\/radioleinewelle.de\/index.php\/2025\/07\/06\/menchenkette-fuer-den-baumerhalt-in-der-weender-strasse\/\" \/>\n<meta property=\"og:locale\" content=\"de_DE\" \/>\n<meta property=\"og:type\" content=\"article\" \/>\n<meta property=\"og:title\" content=\"Menschenkette f\u00fcr den Baumerhalt in der Weender Stra\u00dfe - Radio Leinewelle\" \/>\n<meta property=\"og:description\" content=\"&#8222;Wir sind hier, wir sind laut, weil ihr uns die B\u00e4ume klaut.&#8220; Samstag Mittag demonstrierten ca. 100 B\u00fcrger*innen in der Weender Sta\u00dfe gegen die geplante F\u00e4llung von elf B\u00e4umen in der Fu\u00dfg\u00e4ngerzone. Nach einer kurzen Kundgebung, bildeten die Teilnehmer*innen eine Menschenkette entlang der bedrohten B\u00e4ume und machten mit Transparenten und Spr\u00fcchen Passanten auf ihr Anliegen [&hellip;]\" \/>\n<meta property=\"og:url\" content=\"https:\/\/radioleinewelle.de\/index.php\/2025\/07\/06\/menchenkette-fuer-den-baumerhalt-in-der-weender-strasse\/\" \/>\n<meta property=\"og:site_name\" content=\"Radio Leinewelle\" \/>\n<meta property=\"article:publisher\" content=\"https:\/\/www.facebook.com\/radioleinewelle\" \/>\n<meta property=\"article:author\" content=\"https:\/\/www.facebook.com\/radioleinewelle\" \/>\n<meta property=\"article:published_time\" content=\"2025-07-06T11:20:59+00:00\" \/>\n<meta property=\"article:modified_time\" content=\"2025-07-06T15:19:03+00:00\" \/>\n<meta property=\"og:image\" content=\"https:\/\/radioleinewelle.de\/wp-content\/uploads\/2025\/07\/BUND-menschenkette-2.jpg\" \/>\n\t<meta property=\"og:image:width\" content=\"1280\" \/>\n\t<meta property=\"og:image:height\" content=\"960\" \/>\n\t<meta property=\"og:image:type\" content=\"image\/jpeg\" \/>\n<meta name=\"author\" content=\"Leinewelle\" \/>\n<meta name=\"twitter:card\" content=\"summary_large_image\" \/>\n<meta name=\"twitter:creator\" content=\"@https:\/\/twitter.com\/RLeinewelle?ref_src=twsrcgoogletwcampserptwgrauthor\" \/>\n<meta name=\"twitter:site\" content=\"@RLeinewelle\" \/>\n<meta name=\"twitter:label1\" content=\"Verfasst von\" \/>\n\t<meta name=\"twitter:data1\" content=\"Leinewelle\" \/>\n\t<meta name=\"twitter:label2\" content=\"Gesch\u00e4tzte Lesezeit\" \/>\n\t<meta name=\"twitter:data2\" content=\"2\u00a0Minuten\" \/>\n<script type=\"application\/ld+json\" class=\"yoast-schema-graph\">{\"@context\":\"https:\\\/\\\/schema.org\",\"@graph\":[{\"@type\":\"Article\",\"@id\":\"https:\\\/\\\/radioleinewelle.de\\\/index.php\\\/2025\\\/07\\\/06\\\/menchenkette-fuer-den-baumerhalt-in-der-weender-strasse\\\/#article\",\"isPartOf\":{\"@id\":\"https:\\\/\\\/radioleinewelle.de\\\/index.php\\\/2025\\\/07\\\/06\\\/menchenkette-fuer-den-baumerhalt-in-der-weender-strasse\\\/\"},\"author\":{\"name\":\"Leinewelle\",\"@id\":\"https:\\\/\\\/radioleinewelle.de\\\/#\\\/schema\\\/person\\\/45606f348637df637192dc1b68399a63\"},\"headline\":\"Menschenkette f\u00fcr den Baumerhalt in der Weender Stra\u00dfe\",\"datePublished\":\"2025-07-06T11:20:59+00:00\",\"dateModified\":\"2025-07-06T15:19:03+00:00\",\"mainEntityOfPage\":{\"@id\":\"https:\\\/\\\/radioleinewelle.de\\\/index.php\\\/2025\\\/07\\\/06\\\/menchenkette-fuer-den-baumerhalt-in-der-weender-strasse\\\/\"},\"wordCount\":177,\"commentCount\":0,\"publisher\":{\"@id\":\"https:\\\/\\\/radioleinewelle.de\\\/#organization\"},\"image\":{\"@id\":\"https:\\\/\\\/radioleinewelle.de\\\/index.php\\\/2025\\\/07\\\/06\\\/menchenkette-fuer-den-baumerhalt-in-der-weender-strasse\\\/#primaryimage\"},\"thumbnailUrl\":\"https:\\\/\\\/radioleinewelle.de\\\/wp-content\\\/uploads\\\/2025\\\/07\\\/BUND-menschenkette-2.jpg\",\"inLanguage\":\"de\",\"potentialAction\":[{\"@type\":\"CommentAction\",\"name\":\"Comment\",\"target\":[\"https:\\\/\\\/radioleinewelle.de\\\/index.php\\\/2025\\\/07\\\/06\\\/menchenkette-fuer-den-baumerhalt-in-der-weender-strasse\\\/#respond\"]}]},{\"@type\":\"WebPage\",\"@id\":\"https:\\\/\\\/radioleinewelle.de\\\/index.php\\\/2025\\\/07\\\/06\\\/menchenkette-fuer-den-baumerhalt-in-der-weender-strasse\\\/\",\"url\":\"https:\\\/\\\/radioleinewelle.de\\\/index.php\\\/2025\\\/07\\\/06\\\/menchenkette-fuer-den-baumerhalt-in-der-weender-strasse\\\/\",\"name\":\"Menschenkette f\u00fcr den Baumerhalt in der Weender Stra\u00dfe - Radio Leinewelle\",\"isPartOf\":{\"@id\":\"https:\\\/\\\/radioleinewelle.de\\\/#website\"},\"primaryImageOfPage\":{\"@id\":\"https:\\\/\\\/radioleinewelle.de\\\/index.php\\\/2025\\\/07\\\/06\\\/menchenkette-fuer-den-baumerhalt-in-der-weender-strasse\\\/#primaryimage\"},\"image\":{\"@id\":\"https:\\\/\\\/radioleinewelle.de\\\/index.php\\\/2025\\\/07\\\/06\\\/menchenkette-fuer-den-baumerhalt-in-der-weender-strasse\\\/#primaryimage\"},\"thumbnailUrl\":\"https:\\\/\\\/radioleinewelle.de\\\/wp-content\\\/uploads\\\/2025\\\/07\\\/BUND-menschenkette-2.jpg\",\"datePublished\":\"2025-07-06T11:20:59+00:00\",\"dateModified\":\"2025-07-06T15:19:03+00:00\",\"breadcrumb\":{\"@id\":\"https:\\\/\\\/radioleinewelle.de\\\/index.php\\\/2025\\\/07\\\/06\\\/menchenkette-fuer-den-baumerhalt-in-der-weender-strasse\\\/#breadcrumb\"},\"inLanguage\":\"de\",\"potentialAction\":[{\"@type\":\"ReadAction\",\"target\":[\"https:\\\/\\\/radioleinewelle.de\\\/index.php\\\/2025\\\/07\\\/06\\\/menchenkette-fuer-den-baumerhalt-in-der-weender-strasse\\\/\"]}]},{\"@type\":\"ImageObject\",\"inLanguage\":\"de\",\"@id\":\"https:\\\/\\\/radioleinewelle.de\\\/index.php\\\/2025\\\/07\\\/06\\\/menchenkette-fuer-den-baumerhalt-in-der-weender-strasse\\\/#primaryimage\",\"url\":\"https:\\\/\\\/radioleinewelle.de\\\/wp-content\\\/uploads\\\/2025\\\/07\\\/BUND-menschenkette-2.jpg\",\"contentUrl\":\"https:\\\/\\\/radioleinewelle.de\\\/wp-content\\\/uploads\\\/2025\\\/07\\\/BUND-menschenkette-2.jpg\",\"width\":1280,\"height\":960},{\"@type\":\"BreadcrumbList\",\"@id\":\"https:\\\/\\\/radioleinewelle.de\\\/index.php\\\/2025\\\/07\\\/06\\\/menchenkette-fuer-den-baumerhalt-in-der-weender-strasse\\\/#breadcrumb\",\"itemListElement\":[{\"@type\":\"ListItem\",\"position\":1,\"name\":\"Startseite\",\"item\":\"https:\\\/\\\/radioleinewelle.de\\\/\"},{\"@type\":\"ListItem\",\"position\":2,\"name\":\"Menschenkette f\u00fcr den Baumerhalt in der Weender Stra\u00dfe\"}]},{\"@type\":\"WebSite\",\"@id\":\"https:\\\/\\\/radioleinewelle.de\\\/#website\",\"url\":\"https:\\\/\\\/radioleinewelle.de\\\/\",\"name\":\"Radio Leinewelle\",\"description\":\"\",\"publisher\":{\"@id\":\"https:\\\/\\\/radioleinewelle.de\\\/#organization\"},\"potentialAction\":[{\"@type\":\"SearchAction\",\"target\":{\"@type\":\"EntryPoint\",\"urlTemplate\":\"https:\\\/\\\/radioleinewelle.de\\\/?s={search_term_string}\"},\"query-input\":{\"@type\":\"PropertyValueSpecification\",\"valueRequired\":true,\"valueName\":\"search_term_string\"}}],\"inLanguage\":\"de\"},{\"@type\":\"Organization\",\"@id\":\"https:\\\/\\\/radioleinewelle.de\\\/#organization\",\"name\":\"Radio Leinewelle\",\"alternateName\":\"Mein Radio f\u00fcr S\u00fcdniedersachsen\",\"url\":\"https:\\\/\\\/radioleinewelle.de\\\/\",\"logo\":{\"@type\":\"ImageObject\",\"inLanguage\":\"de\",\"@id\":\"https:\\\/\\\/radioleinewelle.de\\\/#\\\/schema\\\/logo\\\/image\\\/\",\"url\":\"https:\\\/\\\/radioleinewelle.de\\\/wp-content\\\/uploads\\\/2023\\\/11\\\/cropped-Leinewelle_Logo_weiss.png\",\"contentUrl\":\"https:\\\/\\\/radioleinewelle.de\\\/wp-content\\\/uploads\\\/2023\\\/11\\\/cropped-Leinewelle_Logo_weiss.png\",\"width\":854,\"height\":260,\"caption\":\"Radio Leinewelle\"},\"image\":{\"@id\":\"https:\\\/\\\/radioleinewelle.de\\\/#\\\/schema\\\/logo\\\/image\\\/\"},\"sameAs\":[\"https:\\\/\\\/www.facebook.com\\\/radioleinewelle\",\"https:\\\/\\\/x.com\\\/RLeinewelle\",\"https:\\\/\\\/www.instagram.com\\\/radioleinewelle\\\/?hl=de\"]},{\"@type\":\"Person\",\"@id\":\"https:\\\/\\\/radioleinewelle.de\\\/#\\\/schema\\\/person\\\/45606f348637df637192dc1b68399a63\",\"name\":\"Leinewelle\",\"image\":{\"@type\":\"ImageObject\",\"inLanguage\":\"de\",\"@id\":\"https:\\\/\\\/secure.gravatar.com\\\/avatar\\\/05c9a17bc973052ee5d91549bd32fb4dd0dc85b7b85ae94b2e2b4943476bbea5?s=96&d=blank&r=g\",\"url\":\"https:\\\/\\\/secure.gravatar.com\\\/avatar\\\/05c9a17bc973052ee5d91549bd32fb4dd0dc85b7b85ae94b2e2b4943476bbea5?s=96&d=blank&r=g\",\"contentUrl\":\"https:\\\/\\\/secure.gravatar.com\\\/avatar\\\/05c9a17bc973052ee5d91549bd32fb4dd0dc85b7b85ae94b2e2b4943476bbea5?s=96&d=blank&r=g\",\"caption\":\"Leinewelle\"},\"sameAs\":[\"http:\\\/\\\/localhost\\\/radio%20leinewelle\\\/wordpress\",\"https:\\\/\\\/www.facebook.com\\\/radioleinewelle\",\"https:\\\/\\\/www.instagram.com\\\/radioleinewelle\",\"https:\\\/\\\/x.com\\\/https:\\\/\\\/twitter.com\\\/RLeinewelle?ref_src=twsrcgoogletwcampserptwgrauthor\",\"https:\\\/\\\/soundcloud.com\\\/foerderverein-lokalradio?utm_source=clipboard&utm_medium=text&utm_campaign=social_sharing\"],\"url\":\"https:\\\/\\\/radioleinewelle.de\\\/index.php\\\/author\\\/leinewelle\\\/\"}]}<\/script>\n<!-- \/ Yoast SEO plugin. -->","yoast_head_json":{"title":"Menschenkette f\u00fcr den Baumerhalt in der Weender Stra\u00dfe - Radio Leinewelle","robots":{"index":"index","follow":"follow","max-snippet":"max-snippet:-1","max-image-preview":"max-image-preview:large","max-video-preview":"max-video-preview:-1"},"canonical":"https:\/\/radioleinewelle.de\/index.php\/2025\/07\/06\/menchenkette-fuer-den-baumerhalt-in-der-weender-strasse\/","og_locale":"de_DE","og_type":"article","og_title":"Menschenkette f\u00fcr den Baumerhalt in der Weender Stra\u00dfe - Radio Leinewelle","og_description":"&#8222;Wir sind hier, wir sind laut, weil ihr uns die B\u00e4ume klaut.&#8220; Samstag Mittag demonstrierten ca. 100 B\u00fcrger*innen in der Weender Sta\u00dfe gegen die geplante F\u00e4llung von elf B\u00e4umen in der Fu\u00dfg\u00e4ngerzone. Nach einer kurzen Kundgebung, bildeten die Teilnehmer*innen eine Menschenkette entlang der bedrohten B\u00e4ume und machten mit Transparenten und Spr\u00fcchen Passanten auf ihr Anliegen [&hellip;]","og_url":"https:\/\/radioleinewelle.de\/index.php\/2025\/07\/06\/menchenkette-fuer-den-baumerhalt-in-der-weender-strasse\/","og_site_name":"Radio Leinewelle","article_publisher":"https:\/\/www.facebook.com\/radioleinewelle","article_author":"https:\/\/www.facebook.com\/radioleinewelle","article_published_time":"2025-07-06T11:20:59+00:00","article_modified_time":"2025-07-06T15:19:03+00:00","og_image":[{"width":1280,"height":960,"url":"https:\/\/radioleinewelle.de\/wp-content\/uploads\/2025\/07\/BUND-menschenkette-2.jpg","type":"image\/jpeg"}],"author":"Leinewelle","twitter_card":"summary_large_image","twitter_creator":"@https:\/\/twitter.com\/RLeinewelle?ref_src=twsrcgoogletwcampserptwgrauthor","twitter_site":"@RLeinewelle","twitter_misc":{"Verfasst von":"Leinewelle","Gesch\u00e4tzte Lesezeit":"2\u00a0Minuten"},"schema":{"@context":"https:\/\/schema.org","@graph":[{"@type":"Article","@id":"https:\/\/radioleinewelle.de\/index.php\/2025\/07\/06\/menchenkette-fuer-den-baumerhalt-in-der-weender-strasse\/#article","isPartOf":{"@id":"https:\/\/radioleinewelle.de\/index.php\/2025\/07\/06\/menchenkette-fuer-den-baumerhalt-in-der-weender-strasse\/"},"author":{"name":"Leinewelle","@id":"https:\/\/radioleinewelle.de\/#\/schema\/person\/45606f348637df637192dc1b68399a63"},"headline":"Menschenkette f\u00fcr den Baumerhalt in der Weender Stra\u00dfe","datePublished":"2025-07-06T11:20:59+00:00","dateModified":"2025-07-06T15:19:03+00:00","mainEntityOfPage":{"@id":"https:\/\/radioleinewelle.de\/index.php\/2025\/07\/06\/menchenkette-fuer-den-baumerhalt-in-der-weender-strasse\/"},"wordCount":177,"commentCount":0,"publisher":{"@id":"https:\/\/radioleinewelle.de\/#organization"},"image":{"@id":"https:\/\/radioleinewelle.de\/index.php\/2025\/07\/06\/menchenkette-fuer-den-baumerhalt-in-der-weender-strasse\/#primaryimage"},"thumbnailUrl":"https:\/\/radioleinewelle.de\/wp-content\/uploads\/2025\/07\/BUND-menschenkette-2.jpg","inLanguage":"de","potentialAction":[{"@type":"CommentAction","name":"Comment","target":["https:\/\/radioleinewelle.de\/index.php\/2025\/07\/06\/menchenkette-fuer-den-baumerhalt-in-der-weender-strasse\/#respond"]}]},{"@type":"WebPage","@id":"https:\/\/radioleinewelle.de\/index.php\/2025\/07\/06\/menchenkette-fuer-den-baumerhalt-in-der-weender-strasse\/","url":"https:\/\/radioleinewelle.de\/index.php\/2025\/07\/06\/menchenkette-fuer-den-baumerhalt-in-der-weender-strasse\/","name":"Menschenkette f\u00fcr den Baumerhalt in der Weender Stra\u00dfe - Radio Leinewelle","isPartOf":{"@id":"https:\/\/radioleinewelle.de\/#website"},"primaryImageOfPage":{"@id":"https:\/\/radioleinewelle.de\/index.php\/2025\/07\/06\/menchenkette-fuer-den-baumerhalt-in-der-weender-strasse\/#primaryimage"},"image":{"@id":"https:\/\/radioleinewelle.de\/index.php\/2025\/07\/06\/menchenkette-fuer-den-baumerhalt-in-der-weender-strasse\/#primaryimage"},"thumbnailUrl":"https:\/\/radioleinewelle.de\/wp-content\/uploads\/2025\/07\/BUND-menschenkette-2.jpg","datePublished":"2025-07-06T11:20:59+00:00","dateModified":"2025-07-06T15:19:03+00:00","breadcrumb":{"@id":"https:\/\/radioleinewelle.de\/index.php\/2025\/07\/06\/menchenkette-fuer-den-baumerhalt-in-der-weender-strasse\/#breadcrumb"},"inLanguage":"de","potentialAction":[{"@type":"ReadAction","target":["https:\/\/radioleinewelle.de\/index.php\/2025\/07\/06\/menchenkette-fuer-den-baumerhalt-in-der-weender-strasse\/"]}]},{"@type":"ImageObject","inLanguage":"de","@id":"https:\/\/radioleinewelle.de\/index.php\/2025\/07\/06\/menchenkette-fuer-den-baumerhalt-in-der-weender-strasse\/#primaryimage","url":"https:\/\/radioleinewelle.de\/wp-content\/uploads\/2025\/07\/BUND-menschenkette-2.jpg","contentUrl":"https:\/\/radioleinewelle.de\/wp-content\/uploads\/2025\/07\/BUND-menschenkette-2.jpg","width":1280,"height":960},{"@type":"BreadcrumbList","@id":"https:\/\/radioleinewelle.de\/index.php\/2025\/07\/06\/menchenkette-fuer-den-baumerhalt-in-der-weender-strasse\/#breadcrumb","itemListElement":[{"@type":"ListItem","position":1,"name":"Startseite","item":"https:\/\/radioleinewelle.de\/"},{"@type":"ListItem","position":2,"name":"Menschenkette f\u00fcr den Baumerhalt in der Weender Stra\u00dfe"}]},{"@type":"WebSite","@id":"https:\/\/radioleinewelle.de\/#website","url":"https:\/\/radioleinewelle.de\/","name":"Radio Leinewelle","description":"","publisher":{"@id":"https:\/\/radioleinewelle.de\/#organization"},"potentialAction":[{"@type":"SearchAction","target":{"@type":"EntryPoint","urlTemplate":"https:\/\/radioleinewelle.de\/?s={search_term_string}"},"query-input":{"@type":"PropertyValueSpecification","valueRequired":true,"valueName":"search_term_string"}}],"inLanguage":"de"},{"@type":"Organization","@id":"https:\/\/radioleinewelle.de\/#organization","name":"Radio Leinewelle","alternateName":"Mein Radio f\u00fcr S\u00fcdniedersachsen","url":"https:\/\/radioleinewelle.de\/","logo":{"@type":"ImageObject","inLanguage":"de","@id":"https:\/\/radioleinewelle.de\/#\/schema\/logo\/image\/","url":"https:\/\/radioleinewelle.de\/wp-content\/uploads\/2023\/11\/cropped-Leinewelle_Logo_weiss.png","contentUrl":"https:\/\/radioleinewelle.de\/wp-content\/uploads\/2023\/11\/cropped-Leinewelle_Logo_weiss.png","width":854,"height":260,"caption":"Radio Leinewelle"},"image":{"@id":"https:\/\/radioleinewelle.de\/#\/schema\/logo\/image\/"},"sameAs":["https:\/\/www.facebook.com\/radioleinewelle","https:\/\/x.com\/RLeinewelle","https:\/\/www.instagram.com\/radioleinewelle\/?hl=de"]},{"@type":"Person","@id":"https:\/\/radioleinewelle.de\/#\/schema\/person\/45606f348637df637192dc1b68399a63","name":"Leinewelle","image":{"@type":"ImageObject","inLanguage":"de","@id":"https:\/\/secure.gravatar.com\/avatar\/05c9a17bc973052ee5d91549bd32fb4dd0dc85b7b85ae94b2e2b4943476bbea5?s=96&d=blank&r=g","url":"https:\/\/secure.gravatar.com\/avatar\/05c9a17bc973052ee5d91549bd32fb4dd0dc85b7b85ae94b2e2b4943476bbea5?s=96&d=blank&r=g","contentUrl":"https:\/\/secure.gravatar.com\/avatar\/05c9a17bc973052ee5d91549bd32fb4dd0dc85b7b85ae94b2e2b4943476bbea5?s=96&d=blank&r=g","caption":"Leinewelle"},"sameAs":["http:\/\/localhost\/radio%20leinewelle\/wordpress","https:\/\/www.facebook.com\/radioleinewelle","https:\/\/www.instagram.com\/radioleinewelle","https:\/\/x.com\/https:\/\/twitter.com\/RLeinewelle?ref_src=twsrcgoogletwcampserptwgrauthor","https:\/\/soundcloud.com\/foerderverein-lokalradio?utm_source=clipboard&utm_medium=text&utm_campaign=social_sharing"],"url":"https:\/\/radioleinewelle.de\/index.php\/author\/leinewelle\/"}]}},"_links":{"self":[{"href":"https:\/\/radioleinewelle.de\/index.php\/wp-json\/wp\/v2\/posts\/28659","targetHints":{"allow":["GET"]}}],"collection":[{"href":"https:\/\/radioleinewelle.de\/index.php\/wp-json\/wp\/v2\/posts"}],"about":[{"href":"https:\/\/radioleinewelle.de\/index.php\/wp-json\/wp\/v2\/types\/post"}],"author":[{"embeddable":true,"href":"https:\/\/radioleinewelle.de\/index.php\/wp-json\/wp\/v2\/users\/1"}],"replies":[{"embeddable":true,"href":"https:\/\/radioleinewelle.de\/index.php\/wp-json\/wp\/v2\/comments?post=28659"}],"version-history":[{"count":12,"href":"https:\/\/radioleinewelle.de\/index.php\/wp-json\/wp\/v2\/posts\/28659\/revisions"}],"predecessor-version":[{"id":28674,"href":"https:\/\/radioleinewelle.de\/index.php\/wp-json\/wp\/v2\/posts\/28659\/revisions\/28674"}],"wp:featuredmedia":[{"embeddable":true,"href":"https:\/\/radioleinewelle.de\/index.php\/wp-json\/wp\/v2\/media\/28665"}],"wp:attachment":[{"href":"https:\/\/radioleinewelle.de\/index.php\/wp-json\/wp\/v2\/media?parent=28659"}],"wp:term":[{"taxonomy":"category","embeddable":true,"href":"https:\/\/radioleinewelle.de\/index.php\/wp-json\/wp\/v2\/categories?post=28659"},{"taxonomy":"post_tag","embeddable":true,"href":"https:\/\/radioleinewelle.de\/index.php\/wp-json\/wp\/v2\/tags?post=28659"}],"curies":[{"name":"wp","href":"https:\/\/api.w.org\/{rel}","templated":true}]}}