{"id":28720,"date":"2025-08-07T10:13:30","date_gmt":"2025-08-07T08:13:30","guid":{"rendered":"https:\/\/radioleinewelle.de\/?p=28720"},"modified":"2025-08-07T10:49:06","modified_gmt":"2025-08-07T08:49:06","slug":"aufforsten-statt-abwarten-smarter-neuwald","status":"publish","type":"post","link":"https:\/\/radioleinewelle.de\/index.php\/2025\/08\/07\/aufforsten-statt-abwarten-smarter-neuwald\/","title":{"rendered":"Aufforsten statt Abwarten &#8211; Smarter Neuwald"},"content":{"rendered":"\n\n\n<p><\/p>\n\n\n\n<p>Willkommen zu einer neuen Folge unseres Podcast rund um gesellschaftliche Innovation, soziale Verantwortung und zukunftsf\u00e4hige L\u00f6sungen. Heute sprechen wir mit Ernst Fabel, dem Gesch\u00e4ftsf\u00fchrer der Neuwald gGmbH \u2013 einer Organisation, die sozial\u00f6kologische Projekte nicht nur umsetzt, sondern nachhaltig denkt. Es geht um neue Wege in der Gemeinwohlorientierung, um Herausforderungen im sozialen  und \u00f6kologischen Sektor \u2013 sowie um die Frage, wie man als gemeinn\u00fctziges Unternehmen wirklich Wirkung erzielt.<br>Neuwald ist eine Gruppe von 10 Leuten, die sich zusammengetan haben, um dem notleidenden deutschen Wald zu helfen: ehrenamtlich und ohne finanzielle Interessen.  Zu diesem Zweck haben sie eine gemeinn\u00fctzige Firma, die NeuWald gGmbH, gegr\u00fcndet und mit 25.000 Euro Stammkapital  privaten Mitteln ausgestattet.<\/p>\n\n\n\n<p>Das \u201eg\u201c vor der GmbH bedeutet \u201egemeinn\u00fctzig\u201c: d.h. sie erzielt keinen Profit und ist dadurch von der Steuer befreit. Jeder \u00dcberschuss wird immer wieder in den Unternehmenszweck investiert.<br><\/p>\n\n\n\n\n\n<p>Die Gruppe ist der festen \u00dcberzeugung, dass staatliches Handeln nicht alles richten kann, zudem oft viel Geld und\u00a0\u00a0lange Umsetzungszeit ben\u00f6tigt. Der Wald hingegen braucht Hilfe schnell und in gro\u00dfem Ma\u00dfstab. Und genau da kommen private Initiativen wie Neuwald ins Spiel: unkompliziert, wenige Formalit\u00e4ten, nur freiwillige Helfer, ohne Kosten f\u00fcr die Waldbesitzer.<\/p>\n\n\n\n<p>Die Gesellschafter und das Kernteam der Unterst\u00fctzer sind bzw. waren in den unterschiedlichsten Fachgebieten t\u00e4tig, z.B. Informatik, Pharmazie, An\u00e4sthesie, Film, Land- und Forstwirtschaft, Restauration, Lehramt f\u00fcr Biologie, Politik, Deutsch, Englisch und Wirtschaft.&nbsp;<\/p>\n\n\n\n<p>Wie dies alles funktioniert, welche Erfahrung Neuwald gemacht hat und wie es weitergeht, dar\u00fcber hat Ulf Engelmayer mit Ernst Fabel, dem Gesch\u00e4ftsf\u00fchrer der gGmbH gesprochen.<\/p>\n\n\n\n<p class=\"has-text-align-right has-small-font-size\"><strong>Fotos: <\/strong> \u00a9Neuwald gGmbH  Simon Fabel<\/p>\n\n\n\n<p><\/p>\n","protected":false},"excerpt":{"rendered":"<p>Willkommen zu einer neuen Folge unseres Podcast rund um gesellschaftliche Innovation, soziale Verantwortung und zukunftsf\u00e4hige L\u00f6sungen. Heute sprechen wir mit Ernst Fabel, dem Gesch\u00e4ftsf\u00fchrer der Neuwald gGmbH \u2013 einer Organisation, die sozial\u00f6kologische Projekte nicht nur umsetzt, sondern nachhaltig denkt. Es geht um neue Wege in der Gemeinwohlorientierung, um Herausforderungen im sozialen und \u00f6kologischen Sektor \u2013 [&hellip;]<\/p>\n","protected":false},"author":1,"featured_media":28725,"comment_status":"open","ping_status":"open","sticky":false,"template":"","format":"standard","meta":{"saved_in_kubio":false,"footnotes":""},"categories":[32,2499],"tags":[4292,4296,4293,4295,4291,1593],"class_list":["post-28720","post","type-post","status-publish","format-standard","has-post-thumbnail","hentry","category-natur-umwelt","category-podcast","tag-aufforstung","tag-ernst-fabel","tag-forstwald","tag-ggmbh","tag-neuwald","tag-oekosysteme"],"yoast_head":"<!-- This site is optimized with the Yoast SEO plugin v27.5 - https:\/\/yoast.com\/product\/yoast-seo-wordpress\/ -->\n<title>Aufforsten statt Abwarten - Smarter Neuwald - Radio Leinewelle<\/title>\n<meta name=\"robots\" content=\"index, follow, max-snippet:-1, max-image-preview:large, max-video-preview:-1\" \/>\n<link rel=\"canonical\" href=\"https:\/\/radioleinewelle.de\/index.php\/2025\/08\/07\/aufforsten-statt-abwarten-smarter-neuwald\/\" \/>\n<meta property=\"og:locale\" content=\"de_DE\" \/>\n<meta property=\"og:type\" content=\"article\" \/>\n<meta property=\"og:title\" content=\"Aufforsten statt Abwarten - Smarter Neuwald - Radio Leinewelle\" \/>\n<meta property=\"og:description\" content=\"Willkommen zu einer neuen Folge unseres Podcast rund um gesellschaftliche Innovation, soziale Verantwortung und zukunftsf\u00e4hige L\u00f6sungen. Heute sprechen wir mit Ernst Fabel, dem Gesch\u00e4ftsf\u00fchrer der Neuwald gGmbH \u2013 einer Organisation, die sozial\u00f6kologische Projekte nicht nur umsetzt, sondern nachhaltig denkt. Es geht um neue Wege in der Gemeinwohlorientierung, um Herausforderungen im sozialen und \u00f6kologischen Sektor \u2013 [&hellip;]\" \/>\n<meta property=\"og:url\" content=\"https:\/\/radioleinewelle.de\/index.php\/2025\/08\/07\/aufforsten-statt-abwarten-smarter-neuwald\/\" \/>\n<meta property=\"og:site_name\" content=\"Radio Leinewelle\" \/>\n<meta property=\"article:publisher\" content=\"https:\/\/www.facebook.com\/radioleinewelle\" \/>\n<meta property=\"article:author\" content=\"https:\/\/www.facebook.com\/radioleinewelle\" \/>\n<meta property=\"article:published_time\" content=\"2025-08-07T08:13:30+00:00\" \/>\n<meta property=\"article:modified_time\" content=\"2025-08-07T08:49:06+00:00\" \/>\n<meta property=\"og:image\" content=\"https:\/\/radioleinewelle.de\/wp-content\/uploads\/2025\/08\/Neuwald-2.jpg\" \/>\n\t<meta property=\"og:image:width\" content=\"1280\" \/>\n\t<meta property=\"og:image:height\" content=\"720\" \/>\n\t<meta property=\"og:image:type\" content=\"image\/jpeg\" \/>\n<meta name=\"author\" content=\"Leinewelle\" \/>\n<meta name=\"twitter:card\" content=\"summary_large_image\" \/>\n<meta name=\"twitter:creator\" content=\"@https:\/\/twitter.com\/RLeinewelle?ref_src=twsrcgoogletwcampserptwgrauthor\" \/>\n<meta name=\"twitter:site\" content=\"@RLeinewelle\" \/>\n<meta name=\"twitter:label1\" content=\"Verfasst von\" \/>\n\t<meta name=\"twitter:data1\" content=\"Leinewelle\" \/>\n\t<meta name=\"twitter:label2\" content=\"Gesch\u00e4tzte Lesezeit\" \/>\n\t<meta name=\"twitter:data2\" content=\"2\u00a0Minuten\" \/>\n<script type=\"application\/ld+json\" class=\"yoast-schema-graph\">{\"@context\":\"https:\\\/\\\/schema.org\",\"@graph\":[{\"@type\":\"Article\",\"@id\":\"https:\\\/\\\/radioleinewelle.de\\\/index.php\\\/2025\\\/08\\\/07\\\/aufforsten-statt-abwarten-smarter-neuwald\\\/#article\",\"isPartOf\":{\"@id\":\"https:\\\/\\\/radioleinewelle.de\\\/index.php\\\/2025\\\/08\\\/07\\\/aufforsten-statt-abwarten-smarter-neuwald\\\/\"},\"author\":{\"name\":\"Leinewelle\",\"@id\":\"https:\\\/\\\/radioleinewelle.de\\\/#\\\/schema\\\/person\\\/45606f348637df637192dc1b68399a63\"},\"headline\":\"Aufforsten statt Abwarten &#8211; Smarter Neuwald\",\"datePublished\":\"2025-08-07T08:13:30+00:00\",\"dateModified\":\"2025-08-07T08:49:06+00:00\",\"mainEntityOfPage\":{\"@id\":\"https:\\\/\\\/radioleinewelle.de\\\/index.php\\\/2025\\\/08\\\/07\\\/aufforsten-statt-abwarten-smarter-neuwald\\\/\"},\"wordCount\":278,\"commentCount\":0,\"publisher\":{\"@id\":\"https:\\\/\\\/radioleinewelle.de\\\/#organization\"},\"image\":{\"@id\":\"https:\\\/\\\/radioleinewelle.de\\\/index.php\\\/2025\\\/08\\\/07\\\/aufforsten-statt-abwarten-smarter-neuwald\\\/#primaryimage\"},\"thumbnailUrl\":\"https:\\\/\\\/radioleinewelle.de\\\/wp-content\\\/uploads\\\/2025\\\/08\\\/Neuwald-2.jpg\",\"keywords\":[\"Aufforstung\",\"Ernst Fabel\",\"Forstwald\",\"gGmbH\",\"Neuwald\",\"\u00d6kosysteme\"],\"articleSection\":[\"Natur &amp; Umwelt\",\"Podcast\"],\"inLanguage\":\"de\",\"potentialAction\":[{\"@type\":\"CommentAction\",\"name\":\"Comment\",\"target\":[\"https:\\\/\\\/radioleinewelle.de\\\/index.php\\\/2025\\\/08\\\/07\\\/aufforsten-statt-abwarten-smarter-neuwald\\\/#respond\"]}]},{\"@type\":\"WebPage\",\"@id\":\"https:\\\/\\\/radioleinewelle.de\\\/index.php\\\/2025\\\/08\\\/07\\\/aufforsten-statt-abwarten-smarter-neuwald\\\/\",\"url\":\"https:\\\/\\\/radioleinewelle.de\\\/index.php\\\/2025\\\/08\\\/07\\\/aufforsten-statt-abwarten-smarter-neuwald\\\/\",\"name\":\"Aufforsten statt Abwarten - Smarter Neuwald - Radio Leinewelle\",\"isPartOf\":{\"@id\":\"https:\\\/\\\/radioleinewelle.de\\\/#website\"},\"primaryImageOfPage\":{\"@id\":\"https:\\\/\\\/radioleinewelle.de\\\/index.php\\\/2025\\\/08\\\/07\\\/aufforsten-statt-abwarten-smarter-neuwald\\\/#primaryimage\"},\"image\":{\"@id\":\"https:\\\/\\\/radioleinewelle.de\\\/index.php\\\/2025\\\/08\\\/07\\\/aufforsten-statt-abwarten-smarter-neuwald\\\/#primaryimage\"},\"thumbnailUrl\":\"https:\\\/\\\/radioleinewelle.de\\\/wp-content\\\/uploads\\\/2025\\\/08\\\/Neuwald-2.jpg\",\"datePublished\":\"2025-08-07T08:13:30+00:00\",\"dateModified\":\"2025-08-07T08:49:06+00:00\",\"breadcrumb\":{\"@id\":\"https:\\\/\\\/radioleinewelle.de\\\/index.php\\\/2025\\\/08\\\/07\\\/aufforsten-statt-abwarten-smarter-neuwald\\\/#breadcrumb\"},\"inLanguage\":\"de\",\"potentialAction\":[{\"@type\":\"ReadAction\",\"target\":[\"https:\\\/\\\/radioleinewelle.de\\\/index.php\\\/2025\\\/08\\\/07\\\/aufforsten-statt-abwarten-smarter-neuwald\\\/\"]}]},{\"@type\":\"ImageObject\",\"inLanguage\":\"de\",\"@id\":\"https:\\\/\\\/radioleinewelle.de\\\/index.php\\\/2025\\\/08\\\/07\\\/aufforsten-statt-abwarten-smarter-neuwald\\\/#primaryimage\",\"url\":\"https:\\\/\\\/radioleinewelle.de\\\/wp-content\\\/uploads\\\/2025\\\/08\\\/Neuwald-2.jpg\",\"contentUrl\":\"https:\\\/\\\/radioleinewelle.de\\\/wp-content\\\/uploads\\\/2025\\\/08\\\/Neuwald-2.jpg\",\"width\":1280,\"height\":720},{\"@type\":\"BreadcrumbList\",\"@id\":\"https:\\\/\\\/radioleinewelle.de\\\/index.php\\\/2025\\\/08\\\/07\\\/aufforsten-statt-abwarten-smarter-neuwald\\\/#breadcrumb\",\"itemListElement\":[{\"@type\":\"ListItem\",\"position\":1,\"name\":\"Startseite\",\"item\":\"https:\\\/\\\/radioleinewelle.de\\\/\"},{\"@type\":\"ListItem\",\"position\":2,\"name\":\"Aufforsten statt Abwarten &#8211; Smarter Neuwald\"}]},{\"@type\":\"WebSite\",\"@id\":\"https:\\\/\\\/radioleinewelle.de\\\/#website\",\"url\":\"https:\\\/\\\/radioleinewelle.de\\\/\",\"name\":\"Radio Leinewelle\",\"description\":\"\",\"publisher\":{\"@id\":\"https:\\\/\\\/radioleinewelle.de\\\/#organization\"},\"potentialAction\":[{\"@type\":\"SearchAction\",\"target\":{\"@type\":\"EntryPoint\",\"urlTemplate\":\"https:\\\/\\\/radioleinewelle.de\\\/?s={search_term_string}\"},\"query-input\":{\"@type\":\"PropertyValueSpecification\",\"valueRequired\":true,\"valueName\":\"search_term_string\"}}],\"inLanguage\":\"de\"},{\"@type\":\"Organization\",\"@id\":\"https:\\\/\\\/radioleinewelle.de\\\/#organization\",\"name\":\"Radio Leinewelle\",\"alternateName\":\"Mein Radio f\u00fcr S\u00fcdniedersachsen\",\"url\":\"https:\\\/\\\/radioleinewelle.de\\\/\",\"logo\":{\"@type\":\"ImageObject\",\"inLanguage\":\"de\",\"@id\":\"https:\\\/\\\/radioleinewelle.de\\\/#\\\/schema\\\/logo\\\/image\\\/\",\"url\":\"https:\\\/\\\/radioleinewelle.de\\\/wp-content\\\/uploads\\\/2023\\\/11\\\/cropped-Leinewelle_Logo_weiss.png\",\"contentUrl\":\"https:\\\/\\\/radioleinewelle.de\\\/wp-content\\\/uploads\\\/2023\\\/11\\\/cropped-Leinewelle_Logo_weiss.png\",\"width\":854,\"height\":260,\"caption\":\"Radio Leinewelle\"},\"image\":{\"@id\":\"https:\\\/\\\/radioleinewelle.de\\\/#\\\/schema\\\/logo\\\/image\\\/\"},\"sameAs\":[\"https:\\\/\\\/www.facebook.com\\\/radioleinewelle\",\"https:\\\/\\\/x.com\\\/RLeinewelle\",\"https:\\\/\\\/www.instagram.com\\\/radioleinewelle\\\/?hl=de\"]},{\"@type\":\"Person\",\"@id\":\"https:\\\/\\\/radioleinewelle.de\\\/#\\\/schema\\\/person\\\/45606f348637df637192dc1b68399a63\",\"name\":\"Leinewelle\",\"image\":{\"@type\":\"ImageObject\",\"inLanguage\":\"de\",\"@id\":\"https:\\\/\\\/secure.gravatar.com\\\/avatar\\\/05c9a17bc973052ee5d91549bd32fb4dd0dc85b7b85ae94b2e2b4943476bbea5?s=96&d=blank&r=g\",\"url\":\"https:\\\/\\\/secure.gravatar.com\\\/avatar\\\/05c9a17bc973052ee5d91549bd32fb4dd0dc85b7b85ae94b2e2b4943476bbea5?s=96&d=blank&r=g\",\"contentUrl\":\"https:\\\/\\\/secure.gravatar.com\\\/avatar\\\/05c9a17bc973052ee5d91549bd32fb4dd0dc85b7b85ae94b2e2b4943476bbea5?s=96&d=blank&r=g\",\"caption\":\"Leinewelle\"},\"sameAs\":[\"http:\\\/\\\/localhost\\\/radio%20leinewelle\\\/wordpress\",\"https:\\\/\\\/www.facebook.com\\\/radioleinewelle\",\"https:\\\/\\\/www.instagram.com\\\/radioleinewelle\",\"https:\\\/\\\/x.com\\\/https:\\\/\\\/twitter.com\\\/RLeinewelle?ref_src=twsrcgoogletwcampserptwgrauthor\",\"https:\\\/\\\/soundcloud.com\\\/foerderverein-lokalradio?utm_source=clipboard&utm_medium=text&utm_campaign=social_sharing\"],\"url\":\"https:\\\/\\\/radioleinewelle.de\\\/index.php\\\/author\\\/leinewelle\\\/\"}]}<\/script>\n<!-- \/ Yoast SEO plugin. -->","yoast_head_json":{"title":"Aufforsten statt Abwarten - Smarter Neuwald - Radio Leinewelle","robots":{"index":"index","follow":"follow","max-snippet":"max-snippet:-1","max-image-preview":"max-image-preview:large","max-video-preview":"max-video-preview:-1"},"canonical":"https:\/\/radioleinewelle.de\/index.php\/2025\/08\/07\/aufforsten-statt-abwarten-smarter-neuwald\/","og_locale":"de_DE","og_type":"article","og_title":"Aufforsten statt Abwarten - Smarter Neuwald - Radio Leinewelle","og_description":"Willkommen zu einer neuen Folge unseres Podcast rund um gesellschaftliche Innovation, soziale Verantwortung und zukunftsf\u00e4hige L\u00f6sungen. Heute sprechen wir mit Ernst Fabel, dem Gesch\u00e4ftsf\u00fchrer der Neuwald gGmbH \u2013 einer Organisation, die sozial\u00f6kologische Projekte nicht nur umsetzt, sondern nachhaltig denkt. Es geht um neue Wege in der Gemeinwohlorientierung, um Herausforderungen im sozialen und \u00f6kologischen Sektor \u2013 [&hellip;]","og_url":"https:\/\/radioleinewelle.de\/index.php\/2025\/08\/07\/aufforsten-statt-abwarten-smarter-neuwald\/","og_site_name":"Radio Leinewelle","article_publisher":"https:\/\/www.facebook.com\/radioleinewelle","article_author":"https:\/\/www.facebook.com\/radioleinewelle","article_published_time":"2025-08-07T08:13:30+00:00","article_modified_time":"2025-08-07T08:49:06+00:00","og_image":[{"width":1280,"height":720,"url":"https:\/\/radioleinewelle.de\/wp-content\/uploads\/2025\/08\/Neuwald-2.jpg","type":"image\/jpeg"}],"author":"Leinewelle","twitter_card":"summary_large_image","twitter_creator":"@https:\/\/twitter.com\/RLeinewelle?ref_src=twsrcgoogletwcampserptwgrauthor","twitter_site":"@RLeinewelle","twitter_misc":{"Verfasst von":"Leinewelle","Gesch\u00e4tzte Lesezeit":"2\u00a0Minuten"},"schema":{"@context":"https:\/\/schema.org","@graph":[{"@type":"Article","@id":"https:\/\/radioleinewelle.de\/index.php\/2025\/08\/07\/aufforsten-statt-abwarten-smarter-neuwald\/#article","isPartOf":{"@id":"https:\/\/radioleinewelle.de\/index.php\/2025\/08\/07\/aufforsten-statt-abwarten-smarter-neuwald\/"},"author":{"name":"Leinewelle","@id":"https:\/\/radioleinewelle.de\/#\/schema\/person\/45606f348637df637192dc1b68399a63"},"headline":"Aufforsten statt Abwarten &#8211; Smarter Neuwald","datePublished":"2025-08-07T08:13:30+00:00","dateModified":"2025-08-07T08:49:06+00:00","mainEntityOfPage":{"@id":"https:\/\/radioleinewelle.de\/index.php\/2025\/08\/07\/aufforsten-statt-abwarten-smarter-neuwald\/"},"wordCount":278,"commentCount":0,"publisher":{"@id":"https:\/\/radioleinewelle.de\/#organization"},"image":{"@id":"https:\/\/radioleinewelle.de\/index.php\/2025\/08\/07\/aufforsten-statt-abwarten-smarter-neuwald\/#primaryimage"},"thumbnailUrl":"https:\/\/radioleinewelle.de\/wp-content\/uploads\/2025\/08\/Neuwald-2.jpg","keywords":["Aufforstung","Ernst Fabel","Forstwald","gGmbH","Neuwald","\u00d6kosysteme"],"articleSection":["Natur &amp; Umwelt","Podcast"],"inLanguage":"de","potentialAction":[{"@type":"CommentAction","name":"Comment","target":["https:\/\/radioleinewelle.de\/index.php\/2025\/08\/07\/aufforsten-statt-abwarten-smarter-neuwald\/#respond"]}]},{"@type":"WebPage","@id":"https:\/\/radioleinewelle.de\/index.php\/2025\/08\/07\/aufforsten-statt-abwarten-smarter-neuwald\/","url":"https:\/\/radioleinewelle.de\/index.php\/2025\/08\/07\/aufforsten-statt-abwarten-smarter-neuwald\/","name":"Aufforsten statt Abwarten - Smarter Neuwald - Radio Leinewelle","isPartOf":{"@id":"https:\/\/radioleinewelle.de\/#website"},"primaryImageOfPage":{"@id":"https:\/\/radioleinewelle.de\/index.php\/2025\/08\/07\/aufforsten-statt-abwarten-smarter-neuwald\/#primaryimage"},"image":{"@id":"https:\/\/radioleinewelle.de\/index.php\/2025\/08\/07\/aufforsten-statt-abwarten-smarter-neuwald\/#primaryimage"},"thumbnailUrl":"https:\/\/radioleinewelle.de\/wp-content\/uploads\/2025\/08\/Neuwald-2.jpg","datePublished":"2025-08-07T08:13:30+00:00","dateModified":"2025-08-07T08:49:06+00:00","breadcrumb":{"@id":"https:\/\/radioleinewelle.de\/index.php\/2025\/08\/07\/aufforsten-statt-abwarten-smarter-neuwald\/#breadcrumb"},"inLanguage":"de","potentialAction":[{"@type":"ReadAction","target":["https:\/\/radioleinewelle.de\/index.php\/2025\/08\/07\/aufforsten-statt-abwarten-smarter-neuwald\/"]}]},{"@type":"ImageObject","inLanguage":"de","@id":"https:\/\/radioleinewelle.de\/index.php\/2025\/08\/07\/aufforsten-statt-abwarten-smarter-neuwald\/#primaryimage","url":"https:\/\/radioleinewelle.de\/wp-content\/uploads\/2025\/08\/Neuwald-2.jpg","contentUrl":"https:\/\/radioleinewelle.de\/wp-content\/uploads\/2025\/08\/Neuwald-2.jpg","width":1280,"height":720},{"@type":"BreadcrumbList","@id":"https:\/\/radioleinewelle.de\/index.php\/2025\/08\/07\/aufforsten-statt-abwarten-smarter-neuwald\/#breadcrumb","itemListElement":[{"@type":"ListItem","position":1,"name":"Startseite","item":"https:\/\/radioleinewelle.de\/"},{"@type":"ListItem","position":2,"name":"Aufforsten statt Abwarten &#8211; Smarter Neuwald"}]},{"@type":"WebSite","@id":"https:\/\/radioleinewelle.de\/#website","url":"https:\/\/radioleinewelle.de\/","name":"Radio Leinewelle","description":"","publisher":{"@id":"https:\/\/radioleinewelle.de\/#organization"},"potentialAction":[{"@type":"SearchAction","target":{"@type":"EntryPoint","urlTemplate":"https:\/\/radioleinewelle.de\/?s={search_term_string}"},"query-input":{"@type":"PropertyValueSpecification","valueRequired":true,"valueName":"search_term_string"}}],"inLanguage":"de"},{"@type":"Organization","@id":"https:\/\/radioleinewelle.de\/#organization","name":"Radio Leinewelle","alternateName":"Mein Radio f\u00fcr S\u00fcdniedersachsen","url":"https:\/\/radioleinewelle.de\/","logo":{"@type":"ImageObject","inLanguage":"de","@id":"https:\/\/radioleinewelle.de\/#\/schema\/logo\/image\/","url":"https:\/\/radioleinewelle.de\/wp-content\/uploads\/2023\/11\/cropped-Leinewelle_Logo_weiss.png","contentUrl":"https:\/\/radioleinewelle.de\/wp-content\/uploads\/2023\/11\/cropped-Leinewelle_Logo_weiss.png","width":854,"height":260,"caption":"Radio Leinewelle"},"image":{"@id":"https:\/\/radioleinewelle.de\/#\/schema\/logo\/image\/"},"sameAs":["https:\/\/www.facebook.com\/radioleinewelle","https:\/\/x.com\/RLeinewelle","https:\/\/www.instagram.com\/radioleinewelle\/?hl=de"]},{"@type":"Person","@id":"https:\/\/radioleinewelle.de\/#\/schema\/person\/45606f348637df637192dc1b68399a63","name":"Leinewelle","image":{"@type":"ImageObject","inLanguage":"de","@id":"https:\/\/secure.gravatar.com\/avatar\/05c9a17bc973052ee5d91549bd32fb4dd0dc85b7b85ae94b2e2b4943476bbea5?s=96&d=blank&r=g","url":"https:\/\/secure.gravatar.com\/avatar\/05c9a17bc973052ee5d91549bd32fb4dd0dc85b7b85ae94b2e2b4943476bbea5?s=96&d=blank&r=g","contentUrl":"https:\/\/secure.gravatar.com\/avatar\/05c9a17bc973052ee5d91549bd32fb4dd0dc85b7b85ae94b2e2b4943476bbea5?s=96&d=blank&r=g","caption":"Leinewelle"},"sameAs":["http:\/\/localhost\/radio%20leinewelle\/wordpress","https:\/\/www.facebook.com\/radioleinewelle","https:\/\/www.instagram.com\/radioleinewelle","https:\/\/x.com\/https:\/\/twitter.com\/RLeinewelle?ref_src=twsrcgoogletwcampserptwgrauthor","https:\/\/soundcloud.com\/foerderverein-lokalradio?utm_source=clipboard&utm_medium=text&utm_campaign=social_sharing"],"url":"https:\/\/radioleinewelle.de\/index.php\/author\/leinewelle\/"}]}},"_links":{"self":[{"href":"https:\/\/radioleinewelle.de\/index.php\/wp-json\/wp\/v2\/posts\/28720","targetHints":{"allow":["GET"]}}],"collection":[{"href":"https:\/\/radioleinewelle.de\/index.php\/wp-json\/wp\/v2\/posts"}],"about":[{"href":"https:\/\/radioleinewelle.de\/index.php\/wp-json\/wp\/v2\/types\/post"}],"author":[{"embeddable":true,"href":"https:\/\/radioleinewelle.de\/index.php\/wp-json\/wp\/v2\/users\/1"}],"replies":[{"embeddable":true,"href":"https:\/\/radioleinewelle.de\/index.php\/wp-json\/wp\/v2\/comments?post=28720"}],"version-history":[{"count":12,"href":"https:\/\/radioleinewelle.de\/index.php\/wp-json\/wp\/v2\/posts\/28720\/revisions"}],"predecessor-version":[{"id":28738,"href":"https:\/\/radioleinewelle.de\/index.php\/wp-json\/wp\/v2\/posts\/28720\/revisions\/28738"}],"wp:featuredmedia":[{"embeddable":true,"href":"https:\/\/radioleinewelle.de\/index.php\/wp-json\/wp\/v2\/media\/28725"}],"wp:attachment":[{"href":"https:\/\/radioleinewelle.de\/index.php\/wp-json\/wp\/v2\/media?parent=28720"}],"wp:term":[{"taxonomy":"category","embeddable":true,"href":"https:\/\/radioleinewelle.de\/index.php\/wp-json\/wp\/v2\/categories?post=28720"},{"taxonomy":"post_tag","embeddable":true,"href":"https:\/\/radioleinewelle.de\/index.php\/wp-json\/wp\/v2\/tags?post=28720"}],"curies":[{"name":"wp","href":"https:\/\/api.w.org\/{rel}","templated":true}]}}