{"id":28755,"date":"2025-08-08T12:25:31","date_gmt":"2025-08-08T10:25:31","guid":{"rendered":"https:\/\/radioleinewelle.de\/?p=28755"},"modified":"2025-08-08T12:35:39","modified_gmt":"2025-08-08T10:35:39","slug":"premiere-in-deutschland-mini-herzschrittmacher-bei-fruehgeborenem-implantiert","status":"publish","type":"post","link":"https:\/\/radioleinewelle.de\/index.php\/2025\/08\/08\/premiere-in-deutschland-mini-herzschrittmacher-bei-fruehgeborenem-implantiert\/","title":{"rendered":"Premiere in Deutschland:  Mini-Herzschrittmacher bei Fr\u00fchgeborenem implantiert"},"content":{"rendered":"\n\n\n<p><strong>An der Universit\u00e4tsmedizin G\u00f6ttingen (UMG) wurde einem Fr\u00fchgeborenen erstmals in Deutschland ein individuell modifizierter, besonders kleiner Herzschrittmacher implantiert. Die Operation erfolgte unmittelbar nach der Geburt durch Prof.\u00a0Dr. Theodor Tirilomis, Schwerpunktleiter f\u00fcr Kinderherzchirurgie der Klinik f\u00fcr Herz-, Thorax- und Gef\u00e4\u00dfchirurgie der UMG.<\/strong><br>Das Kind \u2013 ein M\u00e4dchen mit dem Namen Elisabeth \u2013 war in der 35. Schwangerschaftswoche mit einem Geburtsgewicht von 2,2 Kilogramm per Kaiserschnitt auf die Welt geholt worden, nachdem sich die Herzfrequenz deutlich verschlechtert hatte. Bereits im Mutterleib war bei dem Kind eine seltene Herzrhythmusst\u00f6rung festgestellt worden. Dabei ist die elektrische Weiterleitung zwischen Vorhof und Hauptkammer des Herzens unterbrochen, wodurch das Herz zu langsam schl\u00e4gt. Die Diagnose erfolgte in der Abteilung f\u00fcr Kinderkardiologie und Intensivmedizin der Klinik f\u00fcr Kinder- und Jugendmedizin der UMG mittels pr\u00e4nataler Echokardiografie, einer Ultraschalluntersuchung des kindlichen Herzens vor der Geburt.<\/p>\n\n\n\n\n\n<p><strong>2,7 Zentimeter st\u00e4rken das Herz<\/strong><br>Unmittelbar nach der Entbindung wurde das Neugeborene in den Operationssaal gebracht. Nach Er\u00f6ffnung des Herzbeutels setzte das Operationsteam um Prof.&nbsp;Tirilomis zwei Elektroden einer sogenannte bipolaren epikardialen Sonden direkt auf die Oberfl\u00e4che des Herzens. Die Sonden wurden anschlie\u00dfend mit dem Herzschrittmacher verbunden. Sie \u00fcbertragen elektrische Impulse vom Ger\u00e4t auf den Herzmuskel und sorgen so f\u00fcr einen regelm\u00e4\u00dfigen Herzschlag mit ausreichend hoher Frequenz. Der nur knapp 2,7 Zentimeter lange Schrittmacher wurde anschlie\u00dfend in einer gesch\u00fctzten Position im linken Unterbauch platziert. Das spezialangefertigte Ger\u00e4t ist etwa 93 Prozent kleiner als herk\u00f6mmliche Herzschrittmacher, etwa so gro\u00df wie eine gro\u00dfe Vitaminkapsel, und hat eine erwartete Laufzeit von mindestens zehn Jahren.<em>&nbsp;<\/em>Die Operation dauerte insgesamt etwa zwei Stunden. Zur\u00fcck bleibt bei dem kleinen M\u00e4dchen eine schmale, etwa 2,5 Zentimeter lange Narbe.<\/p>\n\n\n\n\n\n<p class=\"has-text-align-center\"><em><mark style=\"background-color:rgba(0, 0, 0, 0)\" class=\"has-inline-color has-kubio-color-2-color\">Der Zustand des Kindes erforderte ein schnelles Handeln direkt nach der Geburt. Dank der engen Zusammenarbeit mit einem internationalen Medizintechnikunternehmen konnte ein spezieller Miniatur-Schrittmacher zur Verf\u00fcgung gestellt und innerhalb weniger Stunden implantiert werden<\/mark><\/em><br><strong>Prof.&nbsp;Dr. Theodor Tirilomis<\/strong><\/p>\n\n\n\n\n\n<p>An der Operation beteiligt waren Spezialist*innen aus den Bereichen Kinderherzchirurgie, Kinderkardiologie, An\u00e4sthesie, Neonatologie sowie dem Pflege- und Pflegefunktionsdienst.<\/p>\n\n\n\n<p>Standardisierte Herzschrittmacher sind bislang nicht f\u00fcr die Anwendung bei Fr\u00fch-und Neugeborenen ausgelegt. Die geringe K\u00f6rpergr\u00f6\u00dfe, das noch nicht ausgereifte Gef\u00e4\u00dfsystem und die Notwendigkeit, Platz f\u00fcr zuk\u00fcnftiges Wachstum zu lassen, stellen besondere Herausforderungen dar. Weltweit machen bei Fr\u00fch- und Neugeborenen implantierte Herzschrittmacher nur einen Bruchteil aller medizinischen Eingriffe bei Kindern und Jugendlichen aus. <br>Detaillierte Informationen finden sich auf den <a href=\"https:\/\/www.umg.eu\/news-detail\/news-detail\/detail\/news\/erstmals-in-deutschland-spezieller-mini-herzschrittmacher-bei-fruehgeborenem-implantiert\/\">Seiten der UMG<\/a><\/p>\n\n\n\n<p class=\"has-text-align-right has-small-font-size\"><strong>Fotos<\/strong>: \u00a9umg\/eva meyer-besting<\/p>\n\n\n\n<p><\/p>\n","protected":false},"excerpt":{"rendered":"<p>An der Universit\u00e4tsmedizin G\u00f6ttingen (UMG) wurde einem Fr\u00fchgeborenen erstmals in Deutschland ein individuell modifizierter, besonders kleiner Herzschrittmacher implantiert. Die Operation erfolgte unmittelbar nach der Geburt durch Prof.\u00a0Dr. Theodor Tirilomis, Schwerpunktleiter f\u00fcr Kinderherzchirurgie der Klinik f\u00fcr Herz-, Thorax- und Gef\u00e4\u00dfchirurgie der UMG.Das Kind \u2013 ein M\u00e4dchen mit dem Namen Elisabeth \u2013 war in der 35. Schwangerschaftswoche [&hellip;]<\/p>\n","protected":false},"author":1,"featured_media":28759,"comment_status":"open","ping_status":"open","sticky":false,"template":"","format":"standard","meta":{"saved_in_kubio":false,"footnotes":""},"categories":[40,4179],"tags":[4297,4298,4299,98],"class_list":["post-28755","post","type-post","status-publish","format-standard","has-post-thumbnail","hentry","category-gesundheit","category-universitaetsmedizin-goettingen-umg","tag-herzschrittmacher","tag-kardiologie","tag-prof-dr-theodor-tirilomis","tag-umg"],"yoast_head":"<!-- This site is optimized with the Yoast SEO plugin v27.5 - https:\/\/yoast.com\/product\/yoast-seo-wordpress\/ -->\n<title>Premiere in Deutschland: Mini-Herzschrittmacher bei Fr\u00fchgeborenem implantiert - Radio Leinewelle<\/title>\n<meta name=\"robots\" content=\"index, follow, max-snippet:-1, max-image-preview:large, max-video-preview:-1\" \/>\n<link rel=\"canonical\" href=\"https:\/\/radioleinewelle.de\/index.php\/2025\/08\/08\/premiere-in-deutschland-mini-herzschrittmacher-bei-fruehgeborenem-implantiert\/\" \/>\n<meta property=\"og:locale\" content=\"de_DE\" \/>\n<meta property=\"og:type\" content=\"article\" \/>\n<meta property=\"og:title\" content=\"Premiere in Deutschland: Mini-Herzschrittmacher bei Fr\u00fchgeborenem implantiert - Radio Leinewelle\" \/>\n<meta property=\"og:description\" content=\"An der Universit\u00e4tsmedizin G\u00f6ttingen (UMG) wurde einem Fr\u00fchgeborenen erstmals in Deutschland ein individuell modifizierter, besonders kleiner Herzschrittmacher implantiert. Die Operation erfolgte unmittelbar nach der Geburt durch Prof.\u00a0Dr. Theodor Tirilomis, Schwerpunktleiter f\u00fcr Kinderherzchirurgie der Klinik f\u00fcr Herz-, Thorax- und Gef\u00e4\u00dfchirurgie der UMG.Das Kind \u2013 ein M\u00e4dchen mit dem Namen Elisabeth \u2013 war in der 35. Schwangerschaftswoche [&hellip;]\" \/>\n<meta property=\"og:url\" content=\"https:\/\/radioleinewelle.de\/index.php\/2025\/08\/08\/premiere-in-deutschland-mini-herzschrittmacher-bei-fruehgeborenem-implantiert\/\" \/>\n<meta property=\"og:site_name\" content=\"Radio Leinewelle\" \/>\n<meta property=\"article:publisher\" content=\"https:\/\/www.facebook.com\/radioleinewelle\" \/>\n<meta property=\"article:author\" content=\"https:\/\/www.facebook.com\/radioleinewelle\" \/>\n<meta property=\"article:published_time\" content=\"2025-08-08T10:25:31+00:00\" \/>\n<meta property=\"article:modified_time\" content=\"2025-08-08T10:35:39+00:00\" \/>\n<meta property=\"og:image\" content=\"https:\/\/radioleinewelle.de\/wp-content\/uploads\/2025\/08\/Herzschrittmacher-UMG-1.jpg\" \/>\n\t<meta property=\"og:image:width\" content=\"1031\" \/>\n\t<meta property=\"og:image:height\" content=\"686\" \/>\n\t<meta property=\"og:image:type\" content=\"image\/jpeg\" \/>\n<meta name=\"author\" content=\"Leinewelle\" \/>\n<meta name=\"twitter:card\" content=\"summary_large_image\" \/>\n<meta name=\"twitter:creator\" content=\"@https:\/\/twitter.com\/RLeinewelle?ref_src=twsrcgoogletwcampserptwgrauthor\" \/>\n<meta name=\"twitter:site\" content=\"@RLeinewelle\" \/>\n<meta name=\"twitter:label1\" content=\"Verfasst von\" \/>\n\t<meta name=\"twitter:data1\" content=\"Leinewelle\" \/>\n\t<meta name=\"twitter:label2\" content=\"Gesch\u00e4tzte Lesezeit\" \/>\n\t<meta name=\"twitter:data2\" content=\"3\u00a0Minuten\" \/>\n<script type=\"application\/ld+json\" class=\"yoast-schema-graph\">{\"@context\":\"https:\\\/\\\/schema.org\",\"@graph\":[{\"@type\":\"Article\",\"@id\":\"https:\\\/\\\/radioleinewelle.de\\\/index.php\\\/2025\\\/08\\\/08\\\/premiere-in-deutschland-mini-herzschrittmacher-bei-fruehgeborenem-implantiert\\\/#article\",\"isPartOf\":{\"@id\":\"https:\\\/\\\/radioleinewelle.de\\\/index.php\\\/2025\\\/08\\\/08\\\/premiere-in-deutschland-mini-herzschrittmacher-bei-fruehgeborenem-implantiert\\\/\"},\"author\":{\"name\":\"Leinewelle\",\"@id\":\"https:\\\/\\\/radioleinewelle.de\\\/#\\\/schema\\\/person\\\/45606f348637df637192dc1b68399a63\"},\"headline\":\"Premiere in Deutschland: Mini-Herzschrittmacher bei Fr\u00fchgeborenem implantiert\",\"datePublished\":\"2025-08-08T10:25:31+00:00\",\"dateModified\":\"2025-08-08T10:35:39+00:00\",\"mainEntityOfPage\":{\"@id\":\"https:\\\/\\\/radioleinewelle.de\\\/index.php\\\/2025\\\/08\\\/08\\\/premiere-in-deutschland-mini-herzschrittmacher-bei-fruehgeborenem-implantiert\\\/\"},\"wordCount\":489,\"commentCount\":0,\"publisher\":{\"@id\":\"https:\\\/\\\/radioleinewelle.de\\\/#organization\"},\"image\":{\"@id\":\"https:\\\/\\\/radioleinewelle.de\\\/index.php\\\/2025\\\/08\\\/08\\\/premiere-in-deutschland-mini-herzschrittmacher-bei-fruehgeborenem-implantiert\\\/#primaryimage\"},\"thumbnailUrl\":\"https:\\\/\\\/radioleinewelle.de\\\/wp-content\\\/uploads\\\/2025\\\/08\\\/Herzschrittmacher-UMG-1.jpg\",\"keywords\":[\"Herzschrittmacher\",\"Kardiologie\",\"Prof. Dr. Theodor Tirilomis\",\"UMG\"],\"articleSection\":[\"Gesundheit\",\"Universit\u00e4tsmedizin G\u00f6ttingen UMG\"],\"inLanguage\":\"de\",\"potentialAction\":[{\"@type\":\"CommentAction\",\"name\":\"Comment\",\"target\":[\"https:\\\/\\\/radioleinewelle.de\\\/index.php\\\/2025\\\/08\\\/08\\\/premiere-in-deutschland-mini-herzschrittmacher-bei-fruehgeborenem-implantiert\\\/#respond\"]}]},{\"@type\":\"WebPage\",\"@id\":\"https:\\\/\\\/radioleinewelle.de\\\/index.php\\\/2025\\\/08\\\/08\\\/premiere-in-deutschland-mini-herzschrittmacher-bei-fruehgeborenem-implantiert\\\/\",\"url\":\"https:\\\/\\\/radioleinewelle.de\\\/index.php\\\/2025\\\/08\\\/08\\\/premiere-in-deutschland-mini-herzschrittmacher-bei-fruehgeborenem-implantiert\\\/\",\"name\":\"Premiere in Deutschland: Mini-Herzschrittmacher bei Fr\u00fchgeborenem implantiert - Radio Leinewelle\",\"isPartOf\":{\"@id\":\"https:\\\/\\\/radioleinewelle.de\\\/#website\"},\"primaryImageOfPage\":{\"@id\":\"https:\\\/\\\/radioleinewelle.de\\\/index.php\\\/2025\\\/08\\\/08\\\/premiere-in-deutschland-mini-herzschrittmacher-bei-fruehgeborenem-implantiert\\\/#primaryimage\"},\"image\":{\"@id\":\"https:\\\/\\\/radioleinewelle.de\\\/index.php\\\/2025\\\/08\\\/08\\\/premiere-in-deutschland-mini-herzschrittmacher-bei-fruehgeborenem-implantiert\\\/#primaryimage\"},\"thumbnailUrl\":\"https:\\\/\\\/radioleinewelle.de\\\/wp-content\\\/uploads\\\/2025\\\/08\\\/Herzschrittmacher-UMG-1.jpg\",\"datePublished\":\"2025-08-08T10:25:31+00:00\",\"dateModified\":\"2025-08-08T10:35:39+00:00\",\"breadcrumb\":{\"@id\":\"https:\\\/\\\/radioleinewelle.de\\\/index.php\\\/2025\\\/08\\\/08\\\/premiere-in-deutschland-mini-herzschrittmacher-bei-fruehgeborenem-implantiert\\\/#breadcrumb\"},\"inLanguage\":\"de\",\"potentialAction\":[{\"@type\":\"ReadAction\",\"target\":[\"https:\\\/\\\/radioleinewelle.de\\\/index.php\\\/2025\\\/08\\\/08\\\/premiere-in-deutschland-mini-herzschrittmacher-bei-fruehgeborenem-implantiert\\\/\"]}]},{\"@type\":\"ImageObject\",\"inLanguage\":\"de\",\"@id\":\"https:\\\/\\\/radioleinewelle.de\\\/index.php\\\/2025\\\/08\\\/08\\\/premiere-in-deutschland-mini-herzschrittmacher-bei-fruehgeborenem-implantiert\\\/#primaryimage\",\"url\":\"https:\\\/\\\/radioleinewelle.de\\\/wp-content\\\/uploads\\\/2025\\\/08\\\/Herzschrittmacher-UMG-1.jpg\",\"contentUrl\":\"https:\\\/\\\/radioleinewelle.de\\\/wp-content\\\/uploads\\\/2025\\\/08\\\/Herzschrittmacher-UMG-1.jpg\",\"width\":1031,\"height\":686},{\"@type\":\"BreadcrumbList\",\"@id\":\"https:\\\/\\\/radioleinewelle.de\\\/index.php\\\/2025\\\/08\\\/08\\\/premiere-in-deutschland-mini-herzschrittmacher-bei-fruehgeborenem-implantiert\\\/#breadcrumb\",\"itemListElement\":[{\"@type\":\"ListItem\",\"position\":1,\"name\":\"Startseite\",\"item\":\"https:\\\/\\\/radioleinewelle.de\\\/\"},{\"@type\":\"ListItem\",\"position\":2,\"name\":\"Premiere in Deutschland: Mini-Herzschrittmacher bei Fr\u00fchgeborenem implantiert\"}]},{\"@type\":\"WebSite\",\"@id\":\"https:\\\/\\\/radioleinewelle.de\\\/#website\",\"url\":\"https:\\\/\\\/radioleinewelle.de\\\/\",\"name\":\"Radio Leinewelle\",\"description\":\"\",\"publisher\":{\"@id\":\"https:\\\/\\\/radioleinewelle.de\\\/#organization\"},\"potentialAction\":[{\"@type\":\"SearchAction\",\"target\":{\"@type\":\"EntryPoint\",\"urlTemplate\":\"https:\\\/\\\/radioleinewelle.de\\\/?s={search_term_string}\"},\"query-input\":{\"@type\":\"PropertyValueSpecification\",\"valueRequired\":true,\"valueName\":\"search_term_string\"}}],\"inLanguage\":\"de\"},{\"@type\":\"Organization\",\"@id\":\"https:\\\/\\\/radioleinewelle.de\\\/#organization\",\"name\":\"Radio Leinewelle\",\"alternateName\":\"Mein Radio f\u00fcr S\u00fcdniedersachsen\",\"url\":\"https:\\\/\\\/radioleinewelle.de\\\/\",\"logo\":{\"@type\":\"ImageObject\",\"inLanguage\":\"de\",\"@id\":\"https:\\\/\\\/radioleinewelle.de\\\/#\\\/schema\\\/logo\\\/image\\\/\",\"url\":\"https:\\\/\\\/radioleinewelle.de\\\/wp-content\\\/uploads\\\/2023\\\/11\\\/cropped-Leinewelle_Logo_weiss.png\",\"contentUrl\":\"https:\\\/\\\/radioleinewelle.de\\\/wp-content\\\/uploads\\\/2023\\\/11\\\/cropped-Leinewelle_Logo_weiss.png\",\"width\":854,\"height\":260,\"caption\":\"Radio Leinewelle\"},\"image\":{\"@id\":\"https:\\\/\\\/radioleinewelle.de\\\/#\\\/schema\\\/logo\\\/image\\\/\"},\"sameAs\":[\"https:\\\/\\\/www.facebook.com\\\/radioleinewelle\",\"https:\\\/\\\/x.com\\\/RLeinewelle\",\"https:\\\/\\\/www.instagram.com\\\/radioleinewelle\\\/?hl=de\"]},{\"@type\":\"Person\",\"@id\":\"https:\\\/\\\/radioleinewelle.de\\\/#\\\/schema\\\/person\\\/45606f348637df637192dc1b68399a63\",\"name\":\"Leinewelle\",\"image\":{\"@type\":\"ImageObject\",\"inLanguage\":\"de\",\"@id\":\"https:\\\/\\\/secure.gravatar.com\\\/avatar\\\/05c9a17bc973052ee5d91549bd32fb4dd0dc85b7b85ae94b2e2b4943476bbea5?s=96&d=blank&r=g\",\"url\":\"https:\\\/\\\/secure.gravatar.com\\\/avatar\\\/05c9a17bc973052ee5d91549bd32fb4dd0dc85b7b85ae94b2e2b4943476bbea5?s=96&d=blank&r=g\",\"contentUrl\":\"https:\\\/\\\/secure.gravatar.com\\\/avatar\\\/05c9a17bc973052ee5d91549bd32fb4dd0dc85b7b85ae94b2e2b4943476bbea5?s=96&d=blank&r=g\",\"caption\":\"Leinewelle\"},\"sameAs\":[\"http:\\\/\\\/localhost\\\/radio%20leinewelle\\\/wordpress\",\"https:\\\/\\\/www.facebook.com\\\/radioleinewelle\",\"https:\\\/\\\/www.instagram.com\\\/radioleinewelle\",\"https:\\\/\\\/x.com\\\/https:\\\/\\\/twitter.com\\\/RLeinewelle?ref_src=twsrcgoogletwcampserptwgrauthor\",\"https:\\\/\\\/soundcloud.com\\\/foerderverein-lokalradio?utm_source=clipboard&utm_medium=text&utm_campaign=social_sharing\"],\"url\":\"https:\\\/\\\/radioleinewelle.de\\\/index.php\\\/author\\\/leinewelle\\\/\"}]}<\/script>\n<!-- \/ Yoast SEO plugin. -->","yoast_head_json":{"title":"Premiere in Deutschland: Mini-Herzschrittmacher bei Fr\u00fchgeborenem implantiert - Radio Leinewelle","robots":{"index":"index","follow":"follow","max-snippet":"max-snippet:-1","max-image-preview":"max-image-preview:large","max-video-preview":"max-video-preview:-1"},"canonical":"https:\/\/radioleinewelle.de\/index.php\/2025\/08\/08\/premiere-in-deutschland-mini-herzschrittmacher-bei-fruehgeborenem-implantiert\/","og_locale":"de_DE","og_type":"article","og_title":"Premiere in Deutschland: Mini-Herzschrittmacher bei Fr\u00fchgeborenem implantiert - Radio Leinewelle","og_description":"An der Universit\u00e4tsmedizin G\u00f6ttingen (UMG) wurde einem Fr\u00fchgeborenen erstmals in Deutschland ein individuell modifizierter, besonders kleiner Herzschrittmacher implantiert. Die Operation erfolgte unmittelbar nach der Geburt durch Prof.\u00a0Dr. Theodor Tirilomis, Schwerpunktleiter f\u00fcr Kinderherzchirurgie der Klinik f\u00fcr Herz-, Thorax- und Gef\u00e4\u00dfchirurgie der UMG.Das Kind \u2013 ein M\u00e4dchen mit dem Namen Elisabeth \u2013 war in der 35. Schwangerschaftswoche [&hellip;]","og_url":"https:\/\/radioleinewelle.de\/index.php\/2025\/08\/08\/premiere-in-deutschland-mini-herzschrittmacher-bei-fruehgeborenem-implantiert\/","og_site_name":"Radio Leinewelle","article_publisher":"https:\/\/www.facebook.com\/radioleinewelle","article_author":"https:\/\/www.facebook.com\/radioleinewelle","article_published_time":"2025-08-08T10:25:31+00:00","article_modified_time":"2025-08-08T10:35:39+00:00","og_image":[{"width":1031,"height":686,"url":"https:\/\/radioleinewelle.de\/wp-content\/uploads\/2025\/08\/Herzschrittmacher-UMG-1.jpg","type":"image\/jpeg"}],"author":"Leinewelle","twitter_card":"summary_large_image","twitter_creator":"@https:\/\/twitter.com\/RLeinewelle?ref_src=twsrcgoogletwcampserptwgrauthor","twitter_site":"@RLeinewelle","twitter_misc":{"Verfasst von":"Leinewelle","Gesch\u00e4tzte Lesezeit":"3\u00a0Minuten"},"schema":{"@context":"https:\/\/schema.org","@graph":[{"@type":"Article","@id":"https:\/\/radioleinewelle.de\/index.php\/2025\/08\/08\/premiere-in-deutschland-mini-herzschrittmacher-bei-fruehgeborenem-implantiert\/#article","isPartOf":{"@id":"https:\/\/radioleinewelle.de\/index.php\/2025\/08\/08\/premiere-in-deutschland-mini-herzschrittmacher-bei-fruehgeborenem-implantiert\/"},"author":{"name":"Leinewelle","@id":"https:\/\/radioleinewelle.de\/#\/schema\/person\/45606f348637df637192dc1b68399a63"},"headline":"Premiere in Deutschland: Mini-Herzschrittmacher bei Fr\u00fchgeborenem implantiert","datePublished":"2025-08-08T10:25:31+00:00","dateModified":"2025-08-08T10:35:39+00:00","mainEntityOfPage":{"@id":"https:\/\/radioleinewelle.de\/index.php\/2025\/08\/08\/premiere-in-deutschland-mini-herzschrittmacher-bei-fruehgeborenem-implantiert\/"},"wordCount":489,"commentCount":0,"publisher":{"@id":"https:\/\/radioleinewelle.de\/#organization"},"image":{"@id":"https:\/\/radioleinewelle.de\/index.php\/2025\/08\/08\/premiere-in-deutschland-mini-herzschrittmacher-bei-fruehgeborenem-implantiert\/#primaryimage"},"thumbnailUrl":"https:\/\/radioleinewelle.de\/wp-content\/uploads\/2025\/08\/Herzschrittmacher-UMG-1.jpg","keywords":["Herzschrittmacher","Kardiologie","Prof. Dr. Theodor Tirilomis","UMG"],"articleSection":["Gesundheit","Universit\u00e4tsmedizin G\u00f6ttingen UMG"],"inLanguage":"de","potentialAction":[{"@type":"CommentAction","name":"Comment","target":["https:\/\/radioleinewelle.de\/index.php\/2025\/08\/08\/premiere-in-deutschland-mini-herzschrittmacher-bei-fruehgeborenem-implantiert\/#respond"]}]},{"@type":"WebPage","@id":"https:\/\/radioleinewelle.de\/index.php\/2025\/08\/08\/premiere-in-deutschland-mini-herzschrittmacher-bei-fruehgeborenem-implantiert\/","url":"https:\/\/radioleinewelle.de\/index.php\/2025\/08\/08\/premiere-in-deutschland-mini-herzschrittmacher-bei-fruehgeborenem-implantiert\/","name":"Premiere in Deutschland: Mini-Herzschrittmacher bei Fr\u00fchgeborenem implantiert - Radio Leinewelle","isPartOf":{"@id":"https:\/\/radioleinewelle.de\/#website"},"primaryImageOfPage":{"@id":"https:\/\/radioleinewelle.de\/index.php\/2025\/08\/08\/premiere-in-deutschland-mini-herzschrittmacher-bei-fruehgeborenem-implantiert\/#primaryimage"},"image":{"@id":"https:\/\/radioleinewelle.de\/index.php\/2025\/08\/08\/premiere-in-deutschland-mini-herzschrittmacher-bei-fruehgeborenem-implantiert\/#primaryimage"},"thumbnailUrl":"https:\/\/radioleinewelle.de\/wp-content\/uploads\/2025\/08\/Herzschrittmacher-UMG-1.jpg","datePublished":"2025-08-08T10:25:31+00:00","dateModified":"2025-08-08T10:35:39+00:00","breadcrumb":{"@id":"https:\/\/radioleinewelle.de\/index.php\/2025\/08\/08\/premiere-in-deutschland-mini-herzschrittmacher-bei-fruehgeborenem-implantiert\/#breadcrumb"},"inLanguage":"de","potentialAction":[{"@type":"ReadAction","target":["https:\/\/radioleinewelle.de\/index.php\/2025\/08\/08\/premiere-in-deutschland-mini-herzschrittmacher-bei-fruehgeborenem-implantiert\/"]}]},{"@type":"ImageObject","inLanguage":"de","@id":"https:\/\/radioleinewelle.de\/index.php\/2025\/08\/08\/premiere-in-deutschland-mini-herzschrittmacher-bei-fruehgeborenem-implantiert\/#primaryimage","url":"https:\/\/radioleinewelle.de\/wp-content\/uploads\/2025\/08\/Herzschrittmacher-UMG-1.jpg","contentUrl":"https:\/\/radioleinewelle.de\/wp-content\/uploads\/2025\/08\/Herzschrittmacher-UMG-1.jpg","width":1031,"height":686},{"@type":"BreadcrumbList","@id":"https:\/\/radioleinewelle.de\/index.php\/2025\/08\/08\/premiere-in-deutschland-mini-herzschrittmacher-bei-fruehgeborenem-implantiert\/#breadcrumb","itemListElement":[{"@type":"ListItem","position":1,"name":"Startseite","item":"https:\/\/radioleinewelle.de\/"},{"@type":"ListItem","position":2,"name":"Premiere in Deutschland: Mini-Herzschrittmacher bei Fr\u00fchgeborenem implantiert"}]},{"@type":"WebSite","@id":"https:\/\/radioleinewelle.de\/#website","url":"https:\/\/radioleinewelle.de\/","name":"Radio Leinewelle","description":"","publisher":{"@id":"https:\/\/radioleinewelle.de\/#organization"},"potentialAction":[{"@type":"SearchAction","target":{"@type":"EntryPoint","urlTemplate":"https:\/\/radioleinewelle.de\/?s={search_term_string}"},"query-input":{"@type":"PropertyValueSpecification","valueRequired":true,"valueName":"search_term_string"}}],"inLanguage":"de"},{"@type":"Organization","@id":"https:\/\/radioleinewelle.de\/#organization","name":"Radio Leinewelle","alternateName":"Mein Radio f\u00fcr S\u00fcdniedersachsen","url":"https:\/\/radioleinewelle.de\/","logo":{"@type":"ImageObject","inLanguage":"de","@id":"https:\/\/radioleinewelle.de\/#\/schema\/logo\/image\/","url":"https:\/\/radioleinewelle.de\/wp-content\/uploads\/2023\/11\/cropped-Leinewelle_Logo_weiss.png","contentUrl":"https:\/\/radioleinewelle.de\/wp-content\/uploads\/2023\/11\/cropped-Leinewelle_Logo_weiss.png","width":854,"height":260,"caption":"Radio Leinewelle"},"image":{"@id":"https:\/\/radioleinewelle.de\/#\/schema\/logo\/image\/"},"sameAs":["https:\/\/www.facebook.com\/radioleinewelle","https:\/\/x.com\/RLeinewelle","https:\/\/www.instagram.com\/radioleinewelle\/?hl=de"]},{"@type":"Person","@id":"https:\/\/radioleinewelle.de\/#\/schema\/person\/45606f348637df637192dc1b68399a63","name":"Leinewelle","image":{"@type":"ImageObject","inLanguage":"de","@id":"https:\/\/secure.gravatar.com\/avatar\/05c9a17bc973052ee5d91549bd32fb4dd0dc85b7b85ae94b2e2b4943476bbea5?s=96&d=blank&r=g","url":"https:\/\/secure.gravatar.com\/avatar\/05c9a17bc973052ee5d91549bd32fb4dd0dc85b7b85ae94b2e2b4943476bbea5?s=96&d=blank&r=g","contentUrl":"https:\/\/secure.gravatar.com\/avatar\/05c9a17bc973052ee5d91549bd32fb4dd0dc85b7b85ae94b2e2b4943476bbea5?s=96&d=blank&r=g","caption":"Leinewelle"},"sameAs":["http:\/\/localhost\/radio%20leinewelle\/wordpress","https:\/\/www.facebook.com\/radioleinewelle","https:\/\/www.instagram.com\/radioleinewelle","https:\/\/x.com\/https:\/\/twitter.com\/RLeinewelle?ref_src=twsrcgoogletwcampserptwgrauthor","https:\/\/soundcloud.com\/foerderverein-lokalradio?utm_source=clipboard&utm_medium=text&utm_campaign=social_sharing"],"url":"https:\/\/radioleinewelle.de\/index.php\/author\/leinewelle\/"}]}},"_links":{"self":[{"href":"https:\/\/radioleinewelle.de\/index.php\/wp-json\/wp\/v2\/posts\/28755","targetHints":{"allow":["GET"]}}],"collection":[{"href":"https:\/\/radioleinewelle.de\/index.php\/wp-json\/wp\/v2\/posts"}],"about":[{"href":"https:\/\/radioleinewelle.de\/index.php\/wp-json\/wp\/v2\/types\/post"}],"author":[{"embeddable":true,"href":"https:\/\/radioleinewelle.de\/index.php\/wp-json\/wp\/v2\/users\/1"}],"replies":[{"embeddable":true,"href":"https:\/\/radioleinewelle.de\/index.php\/wp-json\/wp\/v2\/comments?post=28755"}],"version-history":[{"count":10,"href":"https:\/\/radioleinewelle.de\/index.php\/wp-json\/wp\/v2\/posts\/28755\/revisions"}],"predecessor-version":[{"id":28768,"href":"https:\/\/radioleinewelle.de\/index.php\/wp-json\/wp\/v2\/posts\/28755\/revisions\/28768"}],"wp:featuredmedia":[{"embeddable":true,"href":"https:\/\/radioleinewelle.de\/index.php\/wp-json\/wp\/v2\/media\/28759"}],"wp:attachment":[{"href":"https:\/\/radioleinewelle.de\/index.php\/wp-json\/wp\/v2\/media?parent=28755"}],"wp:term":[{"taxonomy":"category","embeddable":true,"href":"https:\/\/radioleinewelle.de\/index.php\/wp-json\/wp\/v2\/categories?post=28755"},{"taxonomy":"post_tag","embeddable":true,"href":"https:\/\/radioleinewelle.de\/index.php\/wp-json\/wp\/v2\/tags?post=28755"}],"curies":[{"name":"wp","href":"https:\/\/api.w.org\/{rel}","templated":true}]}}